{"id":46867,"date":"2018-05-22T19:00:50","date_gmt":"2018-05-22T22:00:50","guid":{"rendered":"http:\/\/patagoniambiental.com.ar\/info\/?p=46867"},"modified":"2018-05-22T11:00:54","modified_gmt":"2018-05-22T14:00:54","slug":"a-las-2147-hora-peninsular-la-nasa-lanza-hoy-dos-satelites-gemelos-que-vigilaran-la-tierra","status":"publish","type":"post","link":"https:\/\/patagoniambiental.com.ar\/info\/a-las-2147-hora-peninsular-la-nasa-lanza-hoy-dos-satelites-gemelos-que-vigilaran-la-tierra\/","title":{"rendered":"A LAS 21:47 HORA PENINSULAR La Nasa lanza hoy dos sat\u00e9lites gemelos que vigilar\u00e1n la Tierra"},"content":{"rendered":"<div class=\"row\">\n<div class=\"col-xs-12 col-sm-12 col-md-12\">\n<header>Estados Unidos.-Los sat\u00e9lites gemelos del proyecto GRACE-FO son la continuaci\u00f3n de la misi\u00f3n GRACE que ayudar\u00e1 en la mejora de la gesti\u00f3n de los recursos h\u00eddricos<\/header>\n<\/div>\n<\/div>\n<p><!--more--><\/p>\n<div class=\"row\">\n<div class=\"col-xs-12 col-sm-12 col-md-8\">\n<figure class=\"story-leaf-figure\" data-component=\"image\"><img decoding=\"async\" class=\"img-responsive\" src=\"http:\/\/www.lavanguardia.com\/r\/GODO\/LV\/p5\/WebSite\/2018\/05\/21\/Recortada\/img_avived_20180521-082514_imagenes_lv_terceros_grace_fo_still_3840x2160_above_alaska_beams-kRUB-U443749213683JPG-992x558@LaVanguardia-Web.jpg\" alt=\"La Nasa lanza hoy dos sat\u00e9lites gemelos que vigilar\u00e1n la Tierra\" \/><figcaption class=\"story-leaf-figcaption\">La misi\u00f3n Gravity Recovery and Climate Experiment Follow-On (GRACE-FO) medir\u00e1 los cambios mensuales en las capas de hielo y glaciares, el almacenamiento de agua subterr\u00e1nea, las corrientes oce\u00e1nicas profundas y otras partes del ciclo del agua de la Tierra. (NASA)<\/figcaption><\/figure>\n<div class=\"seedtag-gohan seedtag-adunit\">\n<div class=\"st-container\"><\/div>\n<\/div>\n<aside class=\"story-leaf-aside-social social-top\">\n<div class=\"row\">\n<div class=\"col-xs-12 col-sm-9 col-md-9\"><\/div>\n<div class=\"col-xs-6 col-sm-3 col-md-3\">\n<div class=\"story-leaf-social-comments\">\n<div class=\"story-leaf-comment-count\"><i class=\"fa fa-comment\"><\/i>\u00a0<label class=\"livefyre-commentcount\" data-lf-site-id=\"351112\" data-lf-article-id=\"85f881d8-5cea-11e8-8aac-5bf7aab8bfe2\" data-counter=\"total\">0<\/label><\/div>\n<\/div>\n<\/div>\n<\/div>\n<\/aside>\n<div class=\"row\"><\/div>\n<div class=\"story-leaf-body\">\n<div class=\"story-leaf-author\"><span class=\"story-leaf-author-link\">REDACCI\u00d3N<\/span>,\u00a0<span class=\"story-leaf-author-city\">Barcelona<\/span><\/div>\n<div><\/div>\n<p><time class=\"story-leaf-datetime\" datetime=\"2018-05-22T09:20:22.000+02:00\" data-timestamp=\"1526973622000\">22\/05\/2018 08:00 | Actualizado a 22\/05\/2018 09:20<\/time><\/p>\n<div class=\"story-leaf-txt-p\" data-gtm-element-container=\"modulo-texto-link\">\n<p>La Nasa se prepara para lanzar su\u00a0<b>\u00faltima misi\u00f3n de observaci\u00f3n de la Tierra<\/b>, la continuaci\u00f3n de la misi\u00f3n\u00a0<b>GRACE<\/b>, el\u00a0<b>proyecto GRACE-FO<\/b>\u00a0(del ingl\u00e9s Gravity Recovery and Climate Experiment-Follow-On). Los\u00a0<b>sat\u00e9lites gemelos<\/b>, que se han desarrollado en colaboraci\u00f3n entre la Nasa y el Centro Alem\u00e1n de Investigaci\u00f3n en Geociencias (GFZ), se encargar\u00e1n de medir y estudiar los cambios gravitacionales de nuestro planeta y su efecto en las aguas, el hielo, la superficie terrestre y el clima. El\u00a0<b>lanzamiento est\u00e1 previsto para hoy\u00a0<\/b>martes, 22 de mayo, a las 12:47 hora local (21:47 hora peninsular), desde la<b>\u00a0Base A\u00e9rea Vandenberg de California<\/b>, a bordo de un cohete\u00a0<b>SpaceX Falcon 9<\/b>.<\/p>\n<p>La misi\u00f3n medir\u00e1 los cambios en las capas de hielo y glaciares, el almacenamiento de agua subterr\u00e1nea, las corrientes oce\u00e1nicas profundas y otras partes del ciclo del agua de la Tierra, lo que supone obtener una visi\u00f3n \u00fanica de nuestro clima y que, adem\u00e1s,\u00a0<b>ayudar\u00e1 en el futuro en la mejora de la gesti\u00f3n de los recursos h\u00eddricos<\/b>.<\/p>\n<div>\n<figure class=\"story-leaf-body-image\"><img decoding=\"async\" class=\"img-responsive\" src=\"http:\/\/www.lavanguardia.com\/r\/GODO\/LV\/p5\/WebSite\/2018\/05\/21\/Recortada\/img_avived_20180521-132937_imagenes_lv_terceros_129_grace_drought1280-kRUB--656x365@LaVanguardia-Web.jpg\" alt=\"Las mediciones del GRACE-FO sobre los cambios en el agua almacenada bajo tierra se usar\u00e1n para producir los mapas semanales del Monitor de Sequ\u00eda de EE. UU., Una de las herramientas m\u00e1s importantes del pa\u00eds para rastrear la sequ\u00eda en todo el pa\u00eds.\" \/><\/p>\n<div class=\"seedtag-gohan seedtag-adunit\">\n<div class=\"st-container\"><\/div>\n<\/div><figcaption>Las mediciones del GRACE-FO sobre los cambios en el agua almacenada bajo tierra se usar\u00e1n para producir los mapas semanales del Monitor de Sequ\u00eda de EE. UU., Una de las herramientas m\u00e1s importantes del pa\u00eds para rastrear la sequ\u00eda en todo el pa\u00eds. (Cynthia Mendoza \/ USDA photo by Cynthia Mendoza)<\/figcaption><\/figure>\n<\/div>\n<div class=\"story-leaf-despiece\">\n<div class=\"story-leaf-despiece-title\">\n<p>La misi\u00f3n medir\u00e1 los cambios en las capas de hielo y glaciares, almacenamiento de agua subterr\u00e1nea y las corrientes oce\u00e1nicas profundas<\/p>\n<\/div>\n<\/div>\n<div>\n<figure class=\"story-leaf-body-image\"><img decoding=\"async\" class=\"img-responsive\" src=\"http:\/\/www.lavanguardia.com\/r\/GODO\/LV\/p5\/WebSite\/2018\/05\/21\/Recortada\/img_avived_20180521-082841_imagenes_lv_terceros_photo-for-blog-1-649x1024-kRUB--656x1035@LaVanguardia-Web.jpg\" alt=\"El proyecto Gravity Recovery y Climate Experiment Follow-On (GRACE-FO), en la Base A\u00e9rea Vandenberg en California.\" \/><figcaption>El proyecto Gravity Recovery y Climate Experiment Follow-On (GRACE-FO), en la Base A\u00e9rea Vandenberg en California. (Iridium Communications Inc.)<\/figcaption><\/figure>\n<\/div>\n<p>Durante cinco a\u00f1os,<b>\u00a0los sat\u00e9lites orbitar\u00e1n alrededor de la Tierra<\/b>midiendo y almacenando datos que, posteriormente, se estudiar\u00e1n en instituciones de todo el mundo.<\/p>\n<div class=\"story-leaf-despiece\">\n<div class=\"story-leaf-despiece-title\">\n<p>Los sat\u00e9lites orbitar\u00e1n alrededor de la Tierra durante cinco a\u00f1os<\/p>\n<p>Fuente:<\/p>\n<\/div>\n<\/div>\n<\/div>\n<\/div>\n<\/div>\n<\/div>\n","protected":false},"excerpt":{"rendered":"<p>Estados Unidos.-Los sat\u00e9lites gemelos del proyecto GRACE-FO son la continuaci\u00f3n de la misi\u00f3n GRACE que ayudar\u00e1 en la mejora de [&hellip;]<\/p>\n","protected":false},"author":2,"featured_media":46868,"comment_status":"open","ping_status":"open","sticky":false,"template":"","format":"standard","meta":{"site-sidebar-layout":"default","site-content-layout":"","ast-site-content-layout":"default","site-content-style":"default","site-sidebar-style":"default","ast-global-header-display":"","ast-banner-title-visibility":"","ast-main-header-display":"","ast-hfb-above-header-display":"","ast-hfb-below-header-display":"","ast-hfb-mobile-header-display":"","site-post-title":"","ast-breadcrumbs-content":"","ast-featured-img":"","footer-sml-layout":"","ast-disable-related-posts":"","theme-transparent-header-meta":"","adv-header-id-meta":"","stick-header-meta":"","header-above-stick-meta":"","header-main-stick-meta":"","header-below-stick-meta":"","astra-migrate-meta-layouts":"default","ast-page-background-enabled":"default","ast-page-background-meta":{"desktop":{"background-color":"var(--ast-global-color-5)","background-image":"","background-repeat":"repeat","background-position":"center center","background-size":"auto","background-attachment":"scroll","background-type":"","background-media":"","overlay-type":"","overlay-color":"","overlay-opacity":"","overlay-gradient":""},"tablet":{"background-color":"","background-image":"","background-repeat":"repeat","background-position":"center center","background-size":"auto","background-attachment":"scroll","background-type":"","background-media":"","overlay-type":"","overlay-color":"","overlay-opacity":"","overlay-gradient":""},"mobile":{"background-color":"","background-image":"","background-repeat":"repeat","background-position":"center center","background-size":"auto","background-attachment":"scroll","background-type":"","background-media":"","overlay-type":"","overlay-color":"","overlay-opacity":"","overlay-gradient":""}},"ast-content-background-meta":{"desktop":{"background-color":"var(--ast-global-color-4)","background-image":"","background-repeat":"repeat","background-position":"center center","background-size":"auto","background-attachment":"scroll","background-type":"","background-media":"","overlay-type":"","overlay-color":"","overlay-opacity":"","overlay-gradient":""},"tablet":{"background-color":"var(--ast-global-color-4)","background-image":"","background-repeat":"repeat","background-position":"center center","background-size":"auto","background-attachment":"scroll","background-type":"","background-media":"","overlay-type":"","overlay-color":"","overlay-opacity":"","overlay-gradient":""},"mobile":{"background-color":"var(--ast-global-color-4)","background-image":"","background-repeat":"repeat","background-position":"center center","background-size":"auto","background-attachment":"scroll","background-type":"","background-media":"","overlay-type":"","overlay-color":"","overlay-opacity":"","overlay-gradient":""}},"footnotes":""},"categories":[23,1],"tags":[],"class_list":["post-46867","post","type-post","status-publish","format-standard","has-post-thumbnail","hentry","category-internacionales","category-noticias"],"yoast_head":"<!-- This site is optimized with the Yoast SEO Premium plugin v23.0 (Yoast SEO v27.4) - https:\/\/yoast.com\/product\/yoast-seo-premium-wordpress\/ -->\n<title>A LAS 21:47 HORA PENINSULAR La Nasa lanza hoy dos sat\u00e9lites gemelos que vigilar\u00e1n la Tierra<\/title>\n<meta name=\"robots\" content=\"index, follow, max-snippet:-1, max-image-preview:large, max-video-preview:-1\" \/>\n<link rel=\"canonical\" href=\"https:\/\/patagoniambiental.com.ar\/info\/a-las-2147-hora-peninsular-la-nasa-lanza-hoy-dos-satelites-gemelos-que-vigilaran-la-tierra\/\" \/>\n<meta property=\"og:locale\" content=\"es_ES\" \/>\n<meta property=\"og:type\" content=\"article\" \/>\n<meta property=\"og:title\" content=\"A LAS 21:47 HORA PENINSULAR La Nasa lanza hoy dos sat\u00e9lites gemelos que vigilar\u00e1n la Tierra\" \/>\n<meta property=\"og:description\" content=\"Estados Unidos.-Los sat\u00e9lites gemelos del proyecto GRACE-FO son la continuaci\u00f3n de la misi\u00f3n GRACE que ayudar\u00e1 en la mejora de [&hellip;]\" \/>\n<meta property=\"og:url\" content=\"https:\/\/patagoniambiental.com.ar\/info\/a-las-2147-hora-peninsular-la-nasa-lanza-hoy-dos-satelites-gemelos-que-vigilaran-la-tierra\/\" \/>\n<meta property=\"og:site_name\" content=\"Patagonia Ambiental\" \/>\n<meta property=\"article:publisher\" content=\"https:\/\/www.facebook.com\/patagonia.ambiental\" \/>\n<meta property=\"article:author\" content=\"https:\/\/www.facebook.com\/share\/1C1V8Gv9BX\/?mibextid=qi2Omg\" \/>\n<meta property=\"article:published_time\" content=\"2018-05-22T22:00:50+00:00\" \/>\n<meta property=\"og:image\" content=\"https:\/\/patagoniambiental.com.ar\/info\/wp-content\/uploads\/2018\/05\/img_avived_20180521-082514_imagenes_lv_terceros_grace_fo_still_3840x2160_above_alaska_beams-kRUB-U443749213683JPG-992x558@LaVanguardia-Web.jpg\" \/>\n\t<meta property=\"og:image:width\" content=\"992\" \/>\n\t<meta property=\"og:image:height\" content=\"558\" \/>\n\t<meta property=\"og:image:type\" content=\"image\/jpeg\" \/>\n<meta name=\"author\" content=\"Patagonia Ambiental\" \/>\n<meta name=\"twitter:card\" content=\"summary_large_image\" \/>\n<meta name=\"twitter:creator\" content=\"@PatAmb\" \/>\n<meta name=\"twitter:site\" content=\"@PatAmb\" \/>\n<script type=\"application\/ld+json\" class=\"yoast-schema-graph\">{\"@context\":\"https:\\\/\\\/schema.org\",\"@graph\":[{\"@type\":\"Article\",\"@id\":\"https:\\\/\\\/patagoniambiental.com.ar\\\/info\\\/a-las-2147-hora-peninsular-la-nasa-lanza-hoy-dos-satelites-gemelos-que-vigilaran-la-tierra\\\/#article\",\"isPartOf\":{\"@id\":\"https:\\\/\\\/patagoniambiental.com.ar\\\/info\\\/a-las-2147-hora-peninsular-la-nasa-lanza-hoy-dos-satelites-gemelos-que-vigilaran-la-tierra\\\/\"},\"author\":{\"name\":\"Patagonia Ambiental\",\"@id\":\"https:\\\/\\\/patagoniambiental.com.ar\\\/info\\\/#\\\/schema\\\/person\\\/db12bff64bbcbf6a253710bf0ea37b5d\"},\"headline\":\"A LAS 21:47 HORA PENINSULAR La Nasa lanza hoy dos sat\u00e9lites gemelos que vigilar\u00e1n la Tierra\",\"datePublished\":\"2018-05-22T22:00:50+00:00\",\"mainEntityOfPage\":{\"@id\":\"https:\\\/\\\/patagoniambiental.com.ar\\\/info\\\/a-las-2147-hora-peninsular-la-nasa-lanza-hoy-dos-satelites-gemelos-que-vigilaran-la-tierra\\\/\"},\"wordCount\":420,\"commentCount\":0,\"publisher\":{\"@id\":\"https:\\\/\\\/patagoniambiental.com.ar\\\/info\\\/#organization\"},\"image\":{\"@id\":\"https:\\\/\\\/patagoniambiental.com.ar\\\/info\\\/a-las-2147-hora-peninsular-la-nasa-lanza-hoy-dos-satelites-gemelos-que-vigilaran-la-tierra\\\/#primaryimage\"},\"thumbnailUrl\":\"https:\\\/\\\/patagoniambiental.com.ar\\\/info\\\/wp-content\\\/uploads\\\/2018\\\/05\\\/img_avived_20180521-082514_imagenes_lv_terceros_grace_fo_still_3840x2160_above_alaska_beams-kRUB-U443749213683JPG-992x558@LaVanguardia-Web.jpg\",\"articleSection\":[\"Internacionales\",\"Noticias\"],\"inLanguage\":\"es\",\"potentialAction\":[{\"@type\":\"CommentAction\",\"name\":\"Comment\",\"target\":[\"https:\\\/\\\/patagoniambiental.com.ar\\\/info\\\/a-las-2147-hora-peninsular-la-nasa-lanza-hoy-dos-satelites-gemelos-que-vigilaran-la-tierra\\\/#respond\"]}]},{\"@type\":\"WebPage\",\"@id\":\"https:\\\/\\\/patagoniambiental.com.ar\\\/info\\\/a-las-2147-hora-peninsular-la-nasa-lanza-hoy-dos-satelites-gemelos-que-vigilaran-la-tierra\\\/\",\"url\":\"https:\\\/\\\/patagoniambiental.com.ar\\\/info\\\/a-las-2147-hora-peninsular-la-nasa-lanza-hoy-dos-satelites-gemelos-que-vigilaran-la-tierra\\\/\",\"name\":\"A LAS 21:47 HORA PENINSULAR La Nasa lanza hoy dos sat\u00e9lites gemelos que vigilar\u00e1n la Tierra\",\"isPartOf\":{\"@id\":\"https:\\\/\\\/patagoniambiental.com.ar\\\/info\\\/#website\"},\"primaryImageOfPage\":{\"@id\":\"https:\\\/\\\/patagoniambiental.com.ar\\\/info\\\/a-las-2147-hora-peninsular-la-nasa-lanza-hoy-dos-satelites-gemelos-que-vigilaran-la-tierra\\\/#primaryimage\"},\"image\":{\"@id\":\"https:\\\/\\\/patagoniambiental.com.ar\\\/info\\\/a-las-2147-hora-peninsular-la-nasa-lanza-hoy-dos-satelites-gemelos-que-vigilaran-la-tierra\\\/#primaryimage\"},\"thumbnailUrl\":\"https:\\\/\\\/patagoniambiental.com.ar\\\/info\\\/wp-content\\\/uploads\\\/2018\\\/05\\\/img_avived_20180521-082514_imagenes_lv_terceros_grace_fo_still_3840x2160_above_alaska_beams-kRUB-U443749213683JPG-992x558@LaVanguardia-Web.jpg\",\"datePublished\":\"2018-05-22T22:00:50+00:00\",\"breadcrumb\":{\"@id\":\"https:\\\/\\\/patagoniambiental.com.ar\\\/info\\\/a-las-2147-hora-peninsular-la-nasa-lanza-hoy-dos-satelites-gemelos-que-vigilaran-la-tierra\\\/#breadcrumb\"},\"inLanguage\":\"es\",\"potentialAction\":[{\"@type\":\"ReadAction\",\"target\":[\"https:\\\/\\\/patagoniambiental.com.ar\\\/info\\\/a-las-2147-hora-peninsular-la-nasa-lanza-hoy-dos-satelites-gemelos-que-vigilaran-la-tierra\\\/\"]}]},{\"@type\":\"ImageObject\",\"inLanguage\":\"es\",\"@id\":\"https:\\\/\\\/patagoniambiental.com.ar\\\/info\\\/a-las-2147-hora-peninsular-la-nasa-lanza-hoy-dos-satelites-gemelos-que-vigilaran-la-tierra\\\/#primaryimage\",\"url\":\"https:\\\/\\\/patagoniambiental.com.ar\\\/info\\\/wp-content\\\/uploads\\\/2018\\\/05\\\/img_avived_20180521-082514_imagenes_lv_terceros_grace_fo_still_3840x2160_above_alaska_beams-kRUB-U443749213683JPG-992x558@LaVanguardia-Web.jpg\",\"contentUrl\":\"https:\\\/\\\/patagoniambiental.com.ar\\\/info\\\/wp-content\\\/uploads\\\/2018\\\/05\\\/img_avived_20180521-082514_imagenes_lv_terceros_grace_fo_still_3840x2160_above_alaska_beams-kRUB-U443749213683JPG-992x558@LaVanguardia-Web.jpg\",\"width\":992,\"height\":558},{\"@type\":\"BreadcrumbList\",\"@id\":\"https:\\\/\\\/patagoniambiental.com.ar\\\/info\\\/a-las-2147-hora-peninsular-la-nasa-lanza-hoy-dos-satelites-gemelos-que-vigilaran-la-tierra\\\/#breadcrumb\",\"itemListElement\":[{\"@type\":\"ListItem\",\"position\":1,\"name\":\"Inicio\",\"item\":\"https:\\\/\\\/patagoniambiental.com.ar\\\/info\\\/\"},{\"@type\":\"ListItem\",\"position\":2,\"name\":\"A LAS 21:47 HORA PENINSULAR La Nasa lanza hoy dos sat\u00e9lites gemelos que vigilar\u00e1n la Tierra\"}]},{\"@type\":\"WebSite\",\"@id\":\"https:\\\/\\\/patagoniambiental.com.ar\\\/info\\\/#website\",\"url\":\"https:\\\/\\\/patagoniambiental.com.ar\\\/info\\\/\",\"name\":\"Patagonia Ambiental\",\"description\":\"Monitoreo y an\u00e1lisis de la situaci\u00f3n geopol\u00edtica en el mundo y su implicancia en la Patagonia\",\"publisher\":{\"@id\":\"https:\\\/\\\/patagoniambiental.com.ar\\\/info\\\/#organization\"},\"potentialAction\":[{\"@type\":\"SearchAction\",\"target\":{\"@type\":\"EntryPoint\",\"urlTemplate\":\"https:\\\/\\\/patagoniambiental.com.ar\\\/info\\\/?s={search_term_string}\"},\"query-input\":{\"@type\":\"PropertyValueSpecification\",\"valueRequired\":true,\"valueName\":\"search_term_string\"}}],\"inLanguage\":\"es\"},{\"@type\":\"Organization\",\"@id\":\"https:\\\/\\\/patagoniambiental.com.ar\\\/info\\\/#organization\",\"name\":\"Patagonia Ambiental\",\"url\":\"https:\\\/\\\/patagoniambiental.com.ar\\\/info\\\/\",\"logo\":{\"@type\":\"ImageObject\",\"inLanguage\":\"es\",\"@id\":\"https:\\\/\\\/patagoniambiental.com.ar\\\/info\\\/#\\\/schema\\\/logo\\\/image\\\/\",\"url\":\"https:\\\/\\\/patagoniambiental.com.ar\\\/info\\\/wp-content\\\/uploads\\\/2025\\\/05\\\/LOGO-PATAGONIA-AMBIENTAL.png\",\"contentUrl\":\"https:\\\/\\\/patagoniambiental.com.ar\\\/info\\\/wp-content\\\/uploads\\\/2025\\\/05\\\/LOGO-PATAGONIA-AMBIENTAL.png\",\"width\":433,\"height\":250,\"caption\":\"Patagonia Ambiental\"},\"image\":{\"@id\":\"https:\\\/\\\/patagoniambiental.com.ar\\\/info\\\/#\\\/schema\\\/logo\\\/image\\\/\"},\"sameAs\":[\"https:\\\/\\\/www.facebook.com\\\/patagonia.ambiental\",\"https:\\\/\\\/x.com\\\/PatAmb\"]},{\"@type\":\"Person\",\"@id\":\"https:\\\/\\\/patagoniambiental.com.ar\\\/info\\\/#\\\/schema\\\/person\\\/db12bff64bbcbf6a253710bf0ea37b5d\",\"name\":\"Patagonia Ambiental\",\"description\":\"Andr\u00e9s Nievas T\u00e9cnico en manejo ambiental, consultor Ambiental y escritor para medios locales e internacionales sobre temas de geopolitica y medio ambiente.\",\"sameAs\":[\"http:\\\/\\\/www.patagoniambiental.com.ar\",\"https:\\\/\\\/www.facebook.com\\\/share\\\/1C1V8Gv9BX\\\/?mibextid=qi2Omg\",\"@patagoniambiental\",\"https:\\\/\\\/youtube.com\\\/@patagoniaambiental2023?si=BLt58t0wuXquxlYZ\"]}]}<\/script>\n<!-- \/ Yoast SEO Premium plugin. -->","yoast_head_json":{"title":"A LAS 21:47 HORA PENINSULAR La Nasa lanza hoy dos sat\u00e9lites gemelos que vigilar\u00e1n la Tierra","robots":{"index":"index","follow":"follow","max-snippet":"max-snippet:-1","max-image-preview":"max-image-preview:large","max-video-preview":"max-video-preview:-1"},"canonical":"https:\/\/patagoniambiental.com.ar\/info\/a-las-2147-hora-peninsular-la-nasa-lanza-hoy-dos-satelites-gemelos-que-vigilaran-la-tierra\/","og_locale":"es_ES","og_type":"article","og_title":"A LAS 21:47 HORA PENINSULAR La Nasa lanza hoy dos sat\u00e9lites gemelos que vigilar\u00e1n la Tierra","og_description":"Estados Unidos.-Los sat\u00e9lites gemelos del proyecto GRACE-FO son la continuaci\u00f3n de la misi\u00f3n GRACE que ayudar\u00e1 en la mejora de [&hellip;]","og_url":"https:\/\/patagoniambiental.com.ar\/info\/a-las-2147-hora-peninsular-la-nasa-lanza-hoy-dos-satelites-gemelos-que-vigilaran-la-tierra\/","og_site_name":"Patagonia Ambiental","article_publisher":"https:\/\/www.facebook.com\/patagonia.ambiental","article_author":"https:\/\/www.facebook.com\/share\/1C1V8Gv9BX\/?mibextid=qi2Omg","article_published_time":"2018-05-22T22:00:50+00:00","og_image":[{"width":992,"height":558,"url":"https:\/\/patagoniambiental.com.ar\/info\/wp-content\/uploads\/2018\/05\/img_avived_20180521-082514_imagenes_lv_terceros_grace_fo_still_3840x2160_above_alaska_beams-kRUB-U443749213683JPG-992x558@LaVanguardia-Web.jpg","type":"image\/jpeg"}],"author":"Patagonia Ambiental","twitter_card":"summary_large_image","twitter_creator":"@PatAmb","twitter_site":"@PatAmb","schema":{"@context":"https:\/\/schema.org","@graph":[{"@type":"Article","@id":"https:\/\/patagoniambiental.com.ar\/info\/a-las-2147-hora-peninsular-la-nasa-lanza-hoy-dos-satelites-gemelos-que-vigilaran-la-tierra\/#article","isPartOf":{"@id":"https:\/\/patagoniambiental.com.ar\/info\/a-las-2147-hora-peninsular-la-nasa-lanza-hoy-dos-satelites-gemelos-que-vigilaran-la-tierra\/"},"author":{"name":"Patagonia Ambiental","@id":"https:\/\/patagoniambiental.com.ar\/info\/#\/schema\/person\/db12bff64bbcbf6a253710bf0ea37b5d"},"headline":"A LAS 21:47 HORA PENINSULAR La Nasa lanza hoy dos sat\u00e9lites gemelos que vigilar\u00e1n la Tierra","datePublished":"2018-05-22T22:00:50+00:00","mainEntityOfPage":{"@id":"https:\/\/patagoniambiental.com.ar\/info\/a-las-2147-hora-peninsular-la-nasa-lanza-hoy-dos-satelites-gemelos-que-vigilaran-la-tierra\/"},"wordCount":420,"commentCount":0,"publisher":{"@id":"https:\/\/patagoniambiental.com.ar\/info\/#organization"},"image":{"@id":"https:\/\/patagoniambiental.com.ar\/info\/a-las-2147-hora-peninsular-la-nasa-lanza-hoy-dos-satelites-gemelos-que-vigilaran-la-tierra\/#primaryimage"},"thumbnailUrl":"https:\/\/patagoniambiental.com.ar\/info\/wp-content\/uploads\/2018\/05\/img_avived_20180521-082514_imagenes_lv_terceros_grace_fo_still_3840x2160_above_alaska_beams-kRUB-U443749213683JPG-992x558@LaVanguardia-Web.jpg","articleSection":["Internacionales","Noticias"],"inLanguage":"es","potentialAction":[{"@type":"CommentAction","name":"Comment","target":["https:\/\/patagoniambiental.com.ar\/info\/a-las-2147-hora-peninsular-la-nasa-lanza-hoy-dos-satelites-gemelos-que-vigilaran-la-tierra\/#respond"]}]},{"@type":"WebPage","@id":"https:\/\/patagoniambiental.com.ar\/info\/a-las-2147-hora-peninsular-la-nasa-lanza-hoy-dos-satelites-gemelos-que-vigilaran-la-tierra\/","url":"https:\/\/patagoniambiental.com.ar\/info\/a-las-2147-hora-peninsular-la-nasa-lanza-hoy-dos-satelites-gemelos-que-vigilaran-la-tierra\/","name":"A LAS 21:47 HORA PENINSULAR La Nasa lanza hoy dos sat\u00e9lites gemelos que vigilar\u00e1n la Tierra","isPartOf":{"@id":"https:\/\/patagoniambiental.com.ar\/info\/#website"},"primaryImageOfPage":{"@id":"https:\/\/patagoniambiental.com.ar\/info\/a-las-2147-hora-peninsular-la-nasa-lanza-hoy-dos-satelites-gemelos-que-vigilaran-la-tierra\/#primaryimage"},"image":{"@id":"https:\/\/patagoniambiental.com.ar\/info\/a-las-2147-hora-peninsular-la-nasa-lanza-hoy-dos-satelites-gemelos-que-vigilaran-la-tierra\/#primaryimage"},"thumbnailUrl":"https:\/\/patagoniambiental.com.ar\/info\/wp-content\/uploads\/2018\/05\/img_avived_20180521-082514_imagenes_lv_terceros_grace_fo_still_3840x2160_above_alaska_beams-kRUB-U443749213683JPG-992x558@LaVanguardia-Web.jpg","datePublished":"2018-05-22T22:00:50+00:00","breadcrumb":{"@id":"https:\/\/patagoniambiental.com.ar\/info\/a-las-2147-hora-peninsular-la-nasa-lanza-hoy-dos-satelites-gemelos-que-vigilaran-la-tierra\/#breadcrumb"},"inLanguage":"es","potentialAction":[{"@type":"ReadAction","target":["https:\/\/patagoniambiental.com.ar\/info\/a-las-2147-hora-peninsular-la-nasa-lanza-hoy-dos-satelites-gemelos-que-vigilaran-la-tierra\/"]}]},{"@type":"ImageObject","inLanguage":"es","@id":"https:\/\/patagoniambiental.com.ar\/info\/a-las-2147-hora-peninsular-la-nasa-lanza-hoy-dos-satelites-gemelos-que-vigilaran-la-tierra\/#primaryimage","url":"https:\/\/patagoniambiental.com.ar\/info\/wp-content\/uploads\/2018\/05\/img_avived_20180521-082514_imagenes_lv_terceros_grace_fo_still_3840x2160_above_alaska_beams-kRUB-U443749213683JPG-992x558@LaVanguardia-Web.jpg","contentUrl":"https:\/\/patagoniambiental.com.ar\/info\/wp-content\/uploads\/2018\/05\/img_avived_20180521-082514_imagenes_lv_terceros_grace_fo_still_3840x2160_above_alaska_beams-kRUB-U443749213683JPG-992x558@LaVanguardia-Web.jpg","width":992,"height":558},{"@type":"BreadcrumbList","@id":"https:\/\/patagoniambiental.com.ar\/info\/a-las-2147-hora-peninsular-la-nasa-lanza-hoy-dos-satelites-gemelos-que-vigilaran-la-tierra\/#breadcrumb","itemListElement":[{"@type":"ListItem","position":1,"name":"Inicio","item":"https:\/\/patagoniambiental.com.ar\/info\/"},{"@type":"ListItem","position":2,"name":"A LAS 21:47 HORA PENINSULAR La Nasa lanza hoy dos sat\u00e9lites gemelos que vigilar\u00e1n la Tierra"}]},{"@type":"WebSite","@id":"https:\/\/patagoniambiental.com.ar\/info\/#website","url":"https:\/\/patagoniambiental.com.ar\/info\/","name":"Patagonia Ambiental","description":"Monitoreo y an\u00e1lisis de la situaci\u00f3n geopol\u00edtica en el mundo y su implicancia en la Patagonia","publisher":{"@id":"https:\/\/patagoniambiental.com.ar\/info\/#organization"},"potentialAction":[{"@type":"SearchAction","target":{"@type":"EntryPoint","urlTemplate":"https:\/\/patagoniambiental.com.ar\/info\/?s={search_term_string}"},"query-input":{"@type":"PropertyValueSpecification","valueRequired":true,"valueName":"search_term_string"}}],"inLanguage":"es"},{"@type":"Organization","@id":"https:\/\/patagoniambiental.com.ar\/info\/#organization","name":"Patagonia Ambiental","url":"https:\/\/patagoniambiental.com.ar\/info\/","logo":{"@type":"ImageObject","inLanguage":"es","@id":"https:\/\/patagoniambiental.com.ar\/info\/#\/schema\/logo\/image\/","url":"https:\/\/patagoniambiental.com.ar\/info\/wp-content\/uploads\/2025\/05\/LOGO-PATAGONIA-AMBIENTAL.png","contentUrl":"https:\/\/patagoniambiental.com.ar\/info\/wp-content\/uploads\/2025\/05\/LOGO-PATAGONIA-AMBIENTAL.png","width":433,"height":250,"caption":"Patagonia Ambiental"},"image":{"@id":"https:\/\/patagoniambiental.com.ar\/info\/#\/schema\/logo\/image\/"},"sameAs":["https:\/\/www.facebook.com\/patagonia.ambiental","https:\/\/x.com\/PatAmb"]},{"@type":"Person","@id":"https:\/\/patagoniambiental.com.ar\/info\/#\/schema\/person\/db12bff64bbcbf6a253710bf0ea37b5d","name":"Patagonia Ambiental","description":"Andr\u00e9s Nievas T\u00e9cnico en manejo ambiental, consultor Ambiental y escritor para medios locales e internacionales sobre temas de geopolitica y medio ambiente.","sameAs":["http:\/\/www.patagoniambiental.com.ar","https:\/\/www.facebook.com\/share\/1C1V8Gv9BX\/?mibextid=qi2Omg","@patagoniambiental","https:\/\/youtube.com\/@patagoniaambiental2023?si=BLt58t0wuXquxlYZ"]}]}},"_links":{"self":[{"href":"https:\/\/patagoniambiental.com.ar\/info\/wp-json\/wp\/v2\/posts\/46867","targetHints":{"allow":["GET"]}}],"collection":[{"href":"https:\/\/patagoniambiental.com.ar\/info\/wp-json\/wp\/v2\/posts"}],"about":[{"href":"https:\/\/patagoniambiental.com.ar\/info\/wp-json\/wp\/v2\/types\/post"}],"author":[{"embeddable":true,"href":"https:\/\/patagoniambiental.com.ar\/info\/wp-json\/wp\/v2\/users\/2"}],"replies":[{"embeddable":true,"href":"https:\/\/patagoniambiental.com.ar\/info\/wp-json\/wp\/v2\/comments?post=46867"}],"version-history":[{"count":0,"href":"https:\/\/patagoniambiental.com.ar\/info\/wp-json\/wp\/v2\/posts\/46867\/revisions"}],"wp:featuredmedia":[{"embeddable":true,"href":"https:\/\/patagoniambiental.com.ar\/info\/wp-json\/wp\/v2\/media\/46868"}],"wp:attachment":[{"href":"https:\/\/patagoniambiental.com.ar\/info\/wp-json\/wp\/v2\/media?parent=46867"}],"wp:term":[{"taxonomy":"category","embeddable":true,"href":"https:\/\/patagoniambiental.com.ar\/info\/wp-json\/wp\/v2\/categories?post=46867"},{"taxonomy":"post_tag","embeddable":true,"href":"https:\/\/patagoniambiental.com.ar\/info\/wp-json\/wp\/v2\/tags?post=46867"}],"curies":[{"name":"wp","href":"https:\/\/api.w.org\/{rel}","templated":true}]}}