{"id":46886,"date":"2018-05-22T19:00:22","date_gmt":"2018-05-22T22:00:22","guid":{"rendered":"http:\/\/patagoniambiental.com.ar\/info\/?p=46886"},"modified":"2018-05-22T11:54:12","modified_gmt":"2018-05-22T14:54:12","slug":"onu-reconoce-a-kristine-tompkins-por-su-tarea-ecologica-en-chile-y-argentina","status":"publish","type":"post","link":"https:\/\/patagoniambiental.com.ar\/info\/onu-reconoce-a-kristine-tompkins-por-su-tarea-ecologica-en-chile-y-argentina\/","title":{"rendered":"ONU reconoce a Kristine Tompkins por su tarea ecol\u00f3gica en Chile y Argentina"},"content":{"rendered":"<div class=\"border-bottom-1 titulo-nota\">\n<div class=\"main-wrapper\">\n<section class=\"grid-x clearfix\">\n<div class=\"main-col\">\n<div class=\"container-fluid\">\n<div class=\"row is-table-row-lg\">\n<div class=\"col-xs-12\">\n<div class=\"col-md-1 col-lg-2\">\n<div class=\"position-lside\">Hace 25 a\u00f1os, Tompkins dej\u00f3 su vida de lujo en California y se mud\u00f3 a la Patagonia junto a su marido, Douglas Tompkins, fallecido en un accidente de kayak en 2015.<\/div>\n<\/div>\n<\/div>\n<\/div>\n<\/div>\n<\/div>\n<\/section>\n<\/div>\n<\/div>\n<p><!--more--><\/p>\n<div class=\"main-wrapper\">\n<div class=\"barra-top-dfp\">\n<div id=\"div-gpt-ad-1523476096565-9\" data-google-query-id=\"CMuc3vfHmdsCFcQ2hwoddN8AXQ\"><\/div>\n<\/div>\n<section class=\"grid-x clearfix\">\n<div class=\"main-col\">\n<div class=\"container-fluid\">\n<div class=\"row m-bottom-10\">\n<div class=\"col-sm-6\">\n<h4 class=\"margin-0 m-top-10\">Autor:\u00a0<a href=\"http:\/\/www.latercera.com\/pulso\/noticia\/onu-reconoce-kristine-tompkins-tarea-ecologica-chile-argentina\/170630\/#\">EFE<\/a><\/h4>\n<\/div>\n<div class=\"col-sm-6 col-md-5 text-right text-left-xs\">\n<h4 class=\"margin-0 article-date\"><small class=\"bottom-info\"><span class=\"time-ago\">\u00a0VIE 18 MAY 2018 |\u00a0\u00a001:53 PM<\/span><\/small><\/h4>\n<\/div>\n<\/div>\n<div class=\"row\">\n<div class=\"col-md-11 col-article-main\">\n<div class=\"row\">\n<div class=\"col-md-12\">\n<figure class=\"mainimg border-top-blue-5\"><img decoding=\"async\" src=\"http:\/\/s1.latercera.com\/wp-content\/uploads\/2018\/05\/cristine-tompkines.jpg\" alt=\"\" \/><\/figure>\n<\/div>\n<\/div>\n<div class=\"row data-wrapped\">\n<div class=\"envoltorio\">\n<div id=\"ambideXtro\" class=\"col-md-11 col-lg-10 col-md-offset-1 col-lg-offset-2 nota-interior-tx p-top-30\">\n<p>La ONU rindi\u00f3 hoy un homenaje a la estadounidense Kristine Tompkins por su labor comprando inmensos terrenos en Argentina y Chile para despu\u00e9s devolverlos al estado y convertirlos as\u00ed en parques naturales.<br \/>\nHace 25 a\u00f1os, Tompkins dej\u00f3 su vida de lujo en California y se mud\u00f3 a la Patagonia junto a su marido, Douglas Tompkins, fallecido en un accidente de kayak en 2015.<br \/>\nJuntos emprendieron una tit\u00e1nica tarea filantr\u00f3pica que los convirti\u00f3 en los mayores donantes privados de la historia, creando 13 parques naturales de 5 millones de hect\u00e1reas en total.<br \/>\nKristine Tompkins se convirti\u00f3 hoy en la primera patrona de \u00c1reas Protegidas de ONU Medio Ambiente, un rol desde el que deber\u00e1 concienciar a gobiernos y empresarios de la importancia de la conservaci\u00f3n.<br \/>\nEn un acto celebrado hoy, la fil\u00e1ntropa defendi\u00f3 que la preservaci\u00f3n de estos espacios naturales es importante por cuestiones ambientales, pero tambi\u00e9n porque \u201cesa belleza sostiene nuestros esp\u00edritus y forma qui\u00e9nes somos como seres humanos\u201d.<br \/>\n\u201cAunque la se\u00f1ora Tompkins no es argentina de nacimiento, ella y Douglas han hecho tanto por mi pa\u00eds que podr\u00edan considerarse (como tales)\u201d, se\u00f1al\u00f3 el embajador argentino ante la ONU, Mart\u00edn Garc\u00eda Morit\u00e1n.<br \/>\nLa n\u00famero dos de la embajada chilena, Mar\u00eda del Carmen Dom\u00ednguez, se sum\u00f3 a los elogios: \u201cSi alguna vez te apetece tener triple nacionalidad (\u2026), nosotros tambi\u00e9n estaremos encantados de apoyarte\u201d.<br \/>\nEl director de la oficina de Medio Ambiente de la ONU en Nueva York, Jamil Ahmad, asegur\u00f3 que los parques naturales \u201cayudan a prevenir desastres como las inundaciones y ayudan a ahorrar miles de millones de d\u00f3lares\u201d.<br \/>\n\u201cLos parques protegidos son cruciales porque son el hogar de ecosistemas saludables que ayudan a limpiar nuestro agua, purificar nuestro aire, mantener nuestra tierra, regular el clima, reciclar nutrientes y proveernos comida\u201d, subray\u00f3 Ahmad.<br \/>\nDouglas Tompkins fund\u00f3 dos importantes empresas de ropa, Esprit y The North Face, y con el dinero de su venta se mud\u00f3 en 1990 a la Patagonia e invirti\u00f3 m\u00e1s de US$300 millones en la compra de terrenos que m\u00e1s tarde donaba a los estados de Argentina y Chile.<br \/>\nKristine Tompkins se sum\u00f3 a la haza\u00f1a en 1993, dejando atr\u00e1s su vida acomodada en Argentina, donde trabajaba como m\u00e1xima ejecutiva de otra empresa deportiva que, curiosamente, se llamaba Patagonia.<br \/>\nEl a\u00f1o pasado, Tompkins don\u00f3 400.000 hect\u00e1reas al Gobierno de nuestro pa\u00eds, que pondr\u00e1 otras tantas m\u00e1s para crear una red de parques de 4,5 millones de hect\u00e1reas, convirti\u00e9ndose en uno de los pa\u00edses con m\u00e1s terreno protegido del mundo.<br \/>\nActualmente est\u00e1 inmersa en una futura donaci\u00f3n de 150.000 hect\u00e1reas en Argentina, que ayudar\u00e1 a crear un nuevo parque nacional de 700.000 hect\u00e1reas en los Esteros del Iber\u00e1.<\/p>\n<p>Fuente:\u00a0http:\/\/www.latercera.com\/pulso\/noticia\/onu-reconoce-kristine-tompkins-tarea-ecologica-chile-argentina\/170630\/<\/p>\n<\/div>\n<\/div>\n<\/div>\n<\/div>\n<\/div>\n<\/div>\n<\/div>\n<\/section>\n<\/div>\n","protected":false},"excerpt":{"rendered":"<p>Hace 25 a\u00f1os, Tompkins dej\u00f3 su vida de lujo en California y se mud\u00f3 a la Patagonia junto a su [&hellip;]<\/p>\n","protected":false},"author":2,"featured_media":46887,"comment_status":"open","ping_status":"open","sticky":false,"template":"","format":"standard","meta":{"site-sidebar-layout":"default","site-content-layout":"","ast-site-content-layout":"default","site-content-style":"default","site-sidebar-style":"default","ast-global-header-display":"","ast-banner-title-visibility":"","ast-main-header-display":"","ast-hfb-above-header-display":"","ast-hfb-below-header-display":"","ast-hfb-mobile-header-display":"","site-post-title":"","ast-breadcrumbs-content":"","ast-featured-img":"","footer-sml-layout":"","ast-disable-related-posts":"","theme-transparent-header-meta":"","adv-header-id-meta":"","stick-header-meta":"","header-above-stick-meta":"","header-main-stick-meta":"","header-below-stick-meta":"","astra-migrate-meta-layouts":"default","ast-page-background-enabled":"default","ast-page-background-meta":{"desktop":{"background-color":"var(--ast-global-color-5)","background-image":"","background-repeat":"repeat","background-position":"center center","background-size":"auto","background-attachment":"scroll","background-type":"","background-media":"","overlay-type":"","overlay-color":"","overlay-opacity":"","overlay-gradient":""},"tablet":{"background-color":"","background-image":"","background-repeat":"repeat","background-position":"center center","background-size":"auto","background-attachment":"scroll","background-type":"","background-media":"","overlay-type":"","overlay-color":"","overlay-opacity":"","overlay-gradient":""},"mobile":{"background-color":"","background-image":"","background-repeat":"repeat","background-position":"center center","background-size":"auto","background-attachment":"scroll","background-type":"","background-media":"","overlay-type":"","overlay-color":"","overlay-opacity":"","overlay-gradient":""}},"ast-content-background-meta":{"desktop":{"background-color":"var(--ast-global-color-4)","background-image":"","background-repeat":"repeat","background-position":"center center","background-size":"auto","background-attachment":"scroll","background-type":"","background-media":"","overlay-type":"","overlay-color":"","overlay-opacity":"","overlay-gradient":""},"tablet":{"background-color":"var(--ast-global-color-4)","background-image":"","background-repeat":"repeat","background-position":"center center","background-size":"auto","background-attachment":"scroll","background-type":"","background-media":"","overlay-type":"","overlay-color":"","overlay-opacity":"","overlay-gradient":""},"mobile":{"background-color":"var(--ast-global-color-4)","background-image":"","background-repeat":"repeat","background-position":"center center","background-size":"auto","background-attachment":"scroll","background-type":"","background-media":"","overlay-type":"","overlay-color":"","overlay-opacity":"","overlay-gradient":""}},"footnotes":""},"categories":[23,1],"tags":[],"class_list":["post-46886","post","type-post","status-publish","format-standard","has-post-thumbnail","hentry","category-internacionales","category-noticias"],"yoast_head":"<!-- This site is optimized with the Yoast SEO Premium plugin v23.0 (Yoast SEO v27.4) - https:\/\/yoast.com\/product\/yoast-seo-premium-wordpress\/ -->\n<title>ONU reconoce a Kristine Tompkins por su tarea ecol\u00f3gica en Chile y Argentina<\/title>\n<meta name=\"robots\" content=\"index, follow, max-snippet:-1, max-image-preview:large, max-video-preview:-1\" \/>\n<link rel=\"canonical\" href=\"https:\/\/patagoniambiental.com.ar\/info\/onu-reconoce-a-kristine-tompkins-por-su-tarea-ecologica-en-chile-y-argentina\/\" \/>\n<meta property=\"og:locale\" content=\"es_ES\" \/>\n<meta property=\"og:type\" content=\"article\" \/>\n<meta property=\"og:title\" content=\"ONU reconoce a Kristine Tompkins por su tarea ecol\u00f3gica en Chile y Argentina\" \/>\n<meta property=\"og:description\" content=\"Hace 25 a\u00f1os, Tompkins dej\u00f3 su vida de lujo en California y se mud\u00f3 a la Patagonia junto a su [&hellip;]\" \/>\n<meta property=\"og:url\" content=\"https:\/\/patagoniambiental.com.ar\/info\/onu-reconoce-a-kristine-tompkins-por-su-tarea-ecologica-en-chile-y-argentina\/\" \/>\n<meta property=\"og:site_name\" content=\"Patagonia Ambiental\" \/>\n<meta property=\"article:publisher\" content=\"https:\/\/www.facebook.com\/patagonia.ambiental\" \/>\n<meta property=\"article:author\" content=\"https:\/\/www.facebook.com\/share\/1C1V8Gv9BX\/?mibextid=qi2Omg\" \/>\n<meta property=\"article:published_time\" content=\"2018-05-22T22:00:22+00:00\" \/>\n<meta property=\"og:image\" content=\"https:\/\/patagoniambiental.com.ar\/info\/wp-content\/uploads\/2018\/05\/cristine-tompkines.jpg\" \/>\n\t<meta property=\"og:image:width\" content=\"626\" \/>\n\t<meta property=\"og:image:height\" content=\"418\" \/>\n\t<meta property=\"og:image:type\" content=\"image\/jpeg\" \/>\n<meta name=\"author\" content=\"Patagonia Ambiental\" \/>\n<meta name=\"twitter:card\" content=\"summary_large_image\" \/>\n<meta name=\"twitter:creator\" content=\"@PatAmb\" \/>\n<meta name=\"twitter:site\" content=\"@PatAmb\" \/>\n<script type=\"application\/ld+json\" class=\"yoast-schema-graph\">{\"@context\":\"https:\\\/\\\/schema.org\",\"@graph\":[{\"@type\":\"Article\",\"@id\":\"https:\\\/\\\/patagoniambiental.com.ar\\\/info\\\/onu-reconoce-a-kristine-tompkins-por-su-tarea-ecologica-en-chile-y-argentina\\\/#article\",\"isPartOf\":{\"@id\":\"https:\\\/\\\/patagoniambiental.com.ar\\\/info\\\/onu-reconoce-a-kristine-tompkins-por-su-tarea-ecologica-en-chile-y-argentina\\\/\"},\"author\":{\"name\":\"Patagonia Ambiental\",\"@id\":\"https:\\\/\\\/patagoniambiental.com.ar\\\/info\\\/#\\\/schema\\\/person\\\/db12bff64bbcbf6a253710bf0ea37b5d\"},\"headline\":\"ONU reconoce a Kristine Tompkins por su tarea ecol\u00f3gica en Chile y Argentina\",\"datePublished\":\"2018-05-22T22:00:22+00:00\",\"mainEntityOfPage\":{\"@id\":\"https:\\\/\\\/patagoniambiental.com.ar\\\/info\\\/onu-reconoce-a-kristine-tompkins-por-su-tarea-ecologica-en-chile-y-argentina\\\/\"},\"wordCount\":526,\"commentCount\":0,\"publisher\":{\"@id\":\"https:\\\/\\\/patagoniambiental.com.ar\\\/info\\\/#organization\"},\"image\":{\"@id\":\"https:\\\/\\\/patagoniambiental.com.ar\\\/info\\\/onu-reconoce-a-kristine-tompkins-por-su-tarea-ecologica-en-chile-y-argentina\\\/#primaryimage\"},\"thumbnailUrl\":\"https:\\\/\\\/patagoniambiental.com.ar\\\/info\\\/wp-content\\\/uploads\\\/2018\\\/05\\\/cristine-tompkines.jpg\",\"articleSection\":[\"Internacionales\",\"Noticias\"],\"inLanguage\":\"es\",\"potentialAction\":[{\"@type\":\"CommentAction\",\"name\":\"Comment\",\"target\":[\"https:\\\/\\\/patagoniambiental.com.ar\\\/info\\\/onu-reconoce-a-kristine-tompkins-por-su-tarea-ecologica-en-chile-y-argentina\\\/#respond\"]}]},{\"@type\":\"WebPage\",\"@id\":\"https:\\\/\\\/patagoniambiental.com.ar\\\/info\\\/onu-reconoce-a-kristine-tompkins-por-su-tarea-ecologica-en-chile-y-argentina\\\/\",\"url\":\"https:\\\/\\\/patagoniambiental.com.ar\\\/info\\\/onu-reconoce-a-kristine-tompkins-por-su-tarea-ecologica-en-chile-y-argentina\\\/\",\"name\":\"ONU reconoce a Kristine Tompkins por su tarea ecol\u00f3gica en Chile y Argentina\",\"isPartOf\":{\"@id\":\"https:\\\/\\\/patagoniambiental.com.ar\\\/info\\\/#website\"},\"primaryImageOfPage\":{\"@id\":\"https:\\\/\\\/patagoniambiental.com.ar\\\/info\\\/onu-reconoce-a-kristine-tompkins-por-su-tarea-ecologica-en-chile-y-argentina\\\/#primaryimage\"},\"image\":{\"@id\":\"https:\\\/\\\/patagoniambiental.com.ar\\\/info\\\/onu-reconoce-a-kristine-tompkins-por-su-tarea-ecologica-en-chile-y-argentina\\\/#primaryimage\"},\"thumbnailUrl\":\"https:\\\/\\\/patagoniambiental.com.ar\\\/info\\\/wp-content\\\/uploads\\\/2018\\\/05\\\/cristine-tompkines.jpg\",\"datePublished\":\"2018-05-22T22:00:22+00:00\",\"breadcrumb\":{\"@id\":\"https:\\\/\\\/patagoniambiental.com.ar\\\/info\\\/onu-reconoce-a-kristine-tompkins-por-su-tarea-ecologica-en-chile-y-argentina\\\/#breadcrumb\"},\"inLanguage\":\"es\",\"potentialAction\":[{\"@type\":\"ReadAction\",\"target\":[\"https:\\\/\\\/patagoniambiental.com.ar\\\/info\\\/onu-reconoce-a-kristine-tompkins-por-su-tarea-ecologica-en-chile-y-argentina\\\/\"]}]},{\"@type\":\"ImageObject\",\"inLanguage\":\"es\",\"@id\":\"https:\\\/\\\/patagoniambiental.com.ar\\\/info\\\/onu-reconoce-a-kristine-tompkins-por-su-tarea-ecologica-en-chile-y-argentina\\\/#primaryimage\",\"url\":\"https:\\\/\\\/patagoniambiental.com.ar\\\/info\\\/wp-content\\\/uploads\\\/2018\\\/05\\\/cristine-tompkines.jpg\",\"contentUrl\":\"https:\\\/\\\/patagoniambiental.com.ar\\\/info\\\/wp-content\\\/uploads\\\/2018\\\/05\\\/cristine-tompkines.jpg\",\"width\":626,\"height\":418},{\"@type\":\"BreadcrumbList\",\"@id\":\"https:\\\/\\\/patagoniambiental.com.ar\\\/info\\\/onu-reconoce-a-kristine-tompkins-por-su-tarea-ecologica-en-chile-y-argentina\\\/#breadcrumb\",\"itemListElement\":[{\"@type\":\"ListItem\",\"position\":1,\"name\":\"Inicio\",\"item\":\"https:\\\/\\\/patagoniambiental.com.ar\\\/info\\\/\"},{\"@type\":\"ListItem\",\"position\":2,\"name\":\"ONU reconoce a Kristine Tompkins por su tarea ecol\u00f3gica en Chile y Argentina\"}]},{\"@type\":\"WebSite\",\"@id\":\"https:\\\/\\\/patagoniambiental.com.ar\\\/info\\\/#website\",\"url\":\"https:\\\/\\\/patagoniambiental.com.ar\\\/info\\\/\",\"name\":\"Patagonia Ambiental\",\"description\":\"Monitoreo y an\u00e1lisis de la situaci\u00f3n geopol\u00edtica en el mundo y su implicancia en la Patagonia\",\"publisher\":{\"@id\":\"https:\\\/\\\/patagoniambiental.com.ar\\\/info\\\/#organization\"},\"potentialAction\":[{\"@type\":\"SearchAction\",\"target\":{\"@type\":\"EntryPoint\",\"urlTemplate\":\"https:\\\/\\\/patagoniambiental.com.ar\\\/info\\\/?s={search_term_string}\"},\"query-input\":{\"@type\":\"PropertyValueSpecification\",\"valueRequired\":true,\"valueName\":\"search_term_string\"}}],\"inLanguage\":\"es\"},{\"@type\":\"Organization\",\"@id\":\"https:\\\/\\\/patagoniambiental.com.ar\\\/info\\\/#organization\",\"name\":\"Patagonia Ambiental\",\"url\":\"https:\\\/\\\/patagoniambiental.com.ar\\\/info\\\/\",\"logo\":{\"@type\":\"ImageObject\",\"inLanguage\":\"es\",\"@id\":\"https:\\\/\\\/patagoniambiental.com.ar\\\/info\\\/#\\\/schema\\\/logo\\\/image\\\/\",\"url\":\"https:\\\/\\\/patagoniambiental.com.ar\\\/info\\\/wp-content\\\/uploads\\\/2025\\\/05\\\/LOGO-PATAGONIA-AMBIENTAL.png\",\"contentUrl\":\"https:\\\/\\\/patagoniambiental.com.ar\\\/info\\\/wp-content\\\/uploads\\\/2025\\\/05\\\/LOGO-PATAGONIA-AMBIENTAL.png\",\"width\":433,\"height\":250,\"caption\":\"Patagonia Ambiental\"},\"image\":{\"@id\":\"https:\\\/\\\/patagoniambiental.com.ar\\\/info\\\/#\\\/schema\\\/logo\\\/image\\\/\"},\"sameAs\":[\"https:\\\/\\\/www.facebook.com\\\/patagonia.ambiental\",\"https:\\\/\\\/x.com\\\/PatAmb\"]},{\"@type\":\"Person\",\"@id\":\"https:\\\/\\\/patagoniambiental.com.ar\\\/info\\\/#\\\/schema\\\/person\\\/db12bff64bbcbf6a253710bf0ea37b5d\",\"name\":\"Patagonia Ambiental\",\"description\":\"Andr\u00e9s Nievas T\u00e9cnico en manejo ambiental, consultor Ambiental y escritor para medios locales e internacionales sobre temas de geopolitica y medio ambiente.\",\"sameAs\":[\"http:\\\/\\\/www.patagoniambiental.com.ar\",\"https:\\\/\\\/www.facebook.com\\\/share\\\/1C1V8Gv9BX\\\/?mibextid=qi2Omg\",\"@patagoniambiental\",\"https:\\\/\\\/youtube.com\\\/@patagoniaambiental2023?si=BLt58t0wuXquxlYZ\"]}]}<\/script>\n<!-- \/ Yoast SEO Premium plugin. -->","yoast_head_json":{"title":"ONU reconoce a Kristine Tompkins por su tarea ecol\u00f3gica en Chile y Argentina","robots":{"index":"index","follow":"follow","max-snippet":"max-snippet:-1","max-image-preview":"max-image-preview:large","max-video-preview":"max-video-preview:-1"},"canonical":"https:\/\/patagoniambiental.com.ar\/info\/onu-reconoce-a-kristine-tompkins-por-su-tarea-ecologica-en-chile-y-argentina\/","og_locale":"es_ES","og_type":"article","og_title":"ONU reconoce a Kristine Tompkins por su tarea ecol\u00f3gica en Chile y Argentina","og_description":"Hace 25 a\u00f1os, Tompkins dej\u00f3 su vida de lujo en California y se mud\u00f3 a la Patagonia junto a su [&hellip;]","og_url":"https:\/\/patagoniambiental.com.ar\/info\/onu-reconoce-a-kristine-tompkins-por-su-tarea-ecologica-en-chile-y-argentina\/","og_site_name":"Patagonia Ambiental","article_publisher":"https:\/\/www.facebook.com\/patagonia.ambiental","article_author":"https:\/\/www.facebook.com\/share\/1C1V8Gv9BX\/?mibextid=qi2Omg","article_published_time":"2018-05-22T22:00:22+00:00","og_image":[{"width":626,"height":418,"url":"https:\/\/patagoniambiental.com.ar\/info\/wp-content\/uploads\/2018\/05\/cristine-tompkines.jpg","type":"image\/jpeg"}],"author":"Patagonia Ambiental","twitter_card":"summary_large_image","twitter_creator":"@PatAmb","twitter_site":"@PatAmb","schema":{"@context":"https:\/\/schema.org","@graph":[{"@type":"Article","@id":"https:\/\/patagoniambiental.com.ar\/info\/onu-reconoce-a-kristine-tompkins-por-su-tarea-ecologica-en-chile-y-argentina\/#article","isPartOf":{"@id":"https:\/\/patagoniambiental.com.ar\/info\/onu-reconoce-a-kristine-tompkins-por-su-tarea-ecologica-en-chile-y-argentina\/"},"author":{"name":"Patagonia Ambiental","@id":"https:\/\/patagoniambiental.com.ar\/info\/#\/schema\/person\/db12bff64bbcbf6a253710bf0ea37b5d"},"headline":"ONU reconoce a Kristine Tompkins por su tarea ecol\u00f3gica en Chile y Argentina","datePublished":"2018-05-22T22:00:22+00:00","mainEntityOfPage":{"@id":"https:\/\/patagoniambiental.com.ar\/info\/onu-reconoce-a-kristine-tompkins-por-su-tarea-ecologica-en-chile-y-argentina\/"},"wordCount":526,"commentCount":0,"publisher":{"@id":"https:\/\/patagoniambiental.com.ar\/info\/#organization"},"image":{"@id":"https:\/\/patagoniambiental.com.ar\/info\/onu-reconoce-a-kristine-tompkins-por-su-tarea-ecologica-en-chile-y-argentina\/#primaryimage"},"thumbnailUrl":"https:\/\/patagoniambiental.com.ar\/info\/wp-content\/uploads\/2018\/05\/cristine-tompkines.jpg","articleSection":["Internacionales","Noticias"],"inLanguage":"es","potentialAction":[{"@type":"CommentAction","name":"Comment","target":["https:\/\/patagoniambiental.com.ar\/info\/onu-reconoce-a-kristine-tompkins-por-su-tarea-ecologica-en-chile-y-argentina\/#respond"]}]},{"@type":"WebPage","@id":"https:\/\/patagoniambiental.com.ar\/info\/onu-reconoce-a-kristine-tompkins-por-su-tarea-ecologica-en-chile-y-argentina\/","url":"https:\/\/patagoniambiental.com.ar\/info\/onu-reconoce-a-kristine-tompkins-por-su-tarea-ecologica-en-chile-y-argentina\/","name":"ONU reconoce a Kristine Tompkins por su tarea ecol\u00f3gica en Chile y Argentina","isPartOf":{"@id":"https:\/\/patagoniambiental.com.ar\/info\/#website"},"primaryImageOfPage":{"@id":"https:\/\/patagoniambiental.com.ar\/info\/onu-reconoce-a-kristine-tompkins-por-su-tarea-ecologica-en-chile-y-argentina\/#primaryimage"},"image":{"@id":"https:\/\/patagoniambiental.com.ar\/info\/onu-reconoce-a-kristine-tompkins-por-su-tarea-ecologica-en-chile-y-argentina\/#primaryimage"},"thumbnailUrl":"https:\/\/patagoniambiental.com.ar\/info\/wp-content\/uploads\/2018\/05\/cristine-tompkines.jpg","datePublished":"2018-05-22T22:00:22+00:00","breadcrumb":{"@id":"https:\/\/patagoniambiental.com.ar\/info\/onu-reconoce-a-kristine-tompkins-por-su-tarea-ecologica-en-chile-y-argentina\/#breadcrumb"},"inLanguage":"es","potentialAction":[{"@type":"ReadAction","target":["https:\/\/patagoniambiental.com.ar\/info\/onu-reconoce-a-kristine-tompkins-por-su-tarea-ecologica-en-chile-y-argentina\/"]}]},{"@type":"ImageObject","inLanguage":"es","@id":"https:\/\/patagoniambiental.com.ar\/info\/onu-reconoce-a-kristine-tompkins-por-su-tarea-ecologica-en-chile-y-argentina\/#primaryimage","url":"https:\/\/patagoniambiental.com.ar\/info\/wp-content\/uploads\/2018\/05\/cristine-tompkines.jpg","contentUrl":"https:\/\/patagoniambiental.com.ar\/info\/wp-content\/uploads\/2018\/05\/cristine-tompkines.jpg","width":626,"height":418},{"@type":"BreadcrumbList","@id":"https:\/\/patagoniambiental.com.ar\/info\/onu-reconoce-a-kristine-tompkins-por-su-tarea-ecologica-en-chile-y-argentina\/#breadcrumb","itemListElement":[{"@type":"ListItem","position":1,"name":"Inicio","item":"https:\/\/patagoniambiental.com.ar\/info\/"},{"@type":"ListItem","position":2,"name":"ONU reconoce a Kristine Tompkins por su tarea ecol\u00f3gica en Chile y Argentina"}]},{"@type":"WebSite","@id":"https:\/\/patagoniambiental.com.ar\/info\/#website","url":"https:\/\/patagoniambiental.com.ar\/info\/","name":"Patagonia Ambiental","description":"Monitoreo y an\u00e1lisis de la situaci\u00f3n geopol\u00edtica en el mundo y su implicancia en la Patagonia","publisher":{"@id":"https:\/\/patagoniambiental.com.ar\/info\/#organization"},"potentialAction":[{"@type":"SearchAction","target":{"@type":"EntryPoint","urlTemplate":"https:\/\/patagoniambiental.com.ar\/info\/?s={search_term_string}"},"query-input":{"@type":"PropertyValueSpecification","valueRequired":true,"valueName":"search_term_string"}}],"inLanguage":"es"},{"@type":"Organization","@id":"https:\/\/patagoniambiental.com.ar\/info\/#organization","name":"Patagonia Ambiental","url":"https:\/\/patagoniambiental.com.ar\/info\/","logo":{"@type":"ImageObject","inLanguage":"es","@id":"https:\/\/patagoniambiental.com.ar\/info\/#\/schema\/logo\/image\/","url":"https:\/\/patagoniambiental.com.ar\/info\/wp-content\/uploads\/2025\/05\/LOGO-PATAGONIA-AMBIENTAL.png","contentUrl":"https:\/\/patagoniambiental.com.ar\/info\/wp-content\/uploads\/2025\/05\/LOGO-PATAGONIA-AMBIENTAL.png","width":433,"height":250,"caption":"Patagonia Ambiental"},"image":{"@id":"https:\/\/patagoniambiental.com.ar\/info\/#\/schema\/logo\/image\/"},"sameAs":["https:\/\/www.facebook.com\/patagonia.ambiental","https:\/\/x.com\/PatAmb"]},{"@type":"Person","@id":"https:\/\/patagoniambiental.com.ar\/info\/#\/schema\/person\/db12bff64bbcbf6a253710bf0ea37b5d","name":"Patagonia Ambiental","description":"Andr\u00e9s Nievas T\u00e9cnico en manejo ambiental, consultor Ambiental y escritor para medios locales e internacionales sobre temas de geopolitica y medio ambiente.","sameAs":["http:\/\/www.patagoniambiental.com.ar","https:\/\/www.facebook.com\/share\/1C1V8Gv9BX\/?mibextid=qi2Omg","@patagoniambiental","https:\/\/youtube.com\/@patagoniaambiental2023?si=BLt58t0wuXquxlYZ"]}]}},"_links":{"self":[{"href":"https:\/\/patagoniambiental.com.ar\/info\/wp-json\/wp\/v2\/posts\/46886","targetHints":{"allow":["GET"]}}],"collection":[{"href":"https:\/\/patagoniambiental.com.ar\/info\/wp-json\/wp\/v2\/posts"}],"about":[{"href":"https:\/\/patagoniambiental.com.ar\/info\/wp-json\/wp\/v2\/types\/post"}],"author":[{"embeddable":true,"href":"https:\/\/patagoniambiental.com.ar\/info\/wp-json\/wp\/v2\/users\/2"}],"replies":[{"embeddable":true,"href":"https:\/\/patagoniambiental.com.ar\/info\/wp-json\/wp\/v2\/comments?post=46886"}],"version-history":[{"count":0,"href":"https:\/\/patagoniambiental.com.ar\/info\/wp-json\/wp\/v2\/posts\/46886\/revisions"}],"wp:featuredmedia":[{"embeddable":true,"href":"https:\/\/patagoniambiental.com.ar\/info\/wp-json\/wp\/v2\/media\/46887"}],"wp:attachment":[{"href":"https:\/\/patagoniambiental.com.ar\/info\/wp-json\/wp\/v2\/media?parent=46886"}],"wp:term":[{"taxonomy":"category","embeddable":true,"href":"https:\/\/patagoniambiental.com.ar\/info\/wp-json\/wp\/v2\/categories?post=46886"},{"taxonomy":"post_tag","embeddable":true,"href":"https:\/\/patagoniambiental.com.ar\/info\/wp-json\/wp\/v2\/tags?post=46886"}],"curies":[{"name":"wp","href":"https:\/\/api.w.org\/{rel}","templated":true}]}}