{"id":46889,"date":"2018-05-23T19:00:37","date_gmt":"2018-05-23T22:00:37","guid":{"rendered":"http:\/\/patagoniambiental.com.ar\/info\/?p=46889"},"modified":"2018-05-22T12:06:10","modified_gmt":"2018-05-22T15:06:10","slug":"medio-ambiente-chile-estudiara-nubes-de-la-antartica-para-medir-efectos-del-cambio-climatico","status":"publish","type":"post","link":"https:\/\/patagoniambiental.com.ar\/info\/medio-ambiente-chile-estudiara-nubes-de-la-antartica-para-medir-efectos-del-cambio-climatico\/","title":{"rendered":"MEDIO AMBIENTE: Chile estudiar\u00e1 nubes de la Ant\u00e1rtica para medir efectos del cambio clim\u00e1tico"},"content":{"rendered":"<div class=\"top-content\">\n<div class=\"title-container\">\n<p id=\"p160990-m170-169-171\" class=\"title \">Chile.-Un centenar de expertos estudiar\u00e1n los efectos del cambio clim\u00e1tico en la Ant\u00e1rtica con el lanzamiento en noviembre pr\u00f3ximo de radiosondas y globos meteorol\u00f3gicos, en el marco de los aportes que har\u00e1 Chile al a\u00f1o de la predicci\u00f3n polar de la Organizaci\u00f3n Meteorol\u00f3gica Mundial.<\/p>\n<\/div>\n<\/div>\n<p><!--more--><\/p>\n<div class=\"main-media-container\"><\/div>\n<div class=\"article-content\">\n<div class=\"content-media-container\">\n<div id=\"p160990-m180-179-181\" class=\"content-media \">\n<div class=\"article-info-container\">\n<div class=\"article-info\">\n<div class=\"share-options bottom-fixed\"><\/div>\n<div id=\"m184-183-185\">\n<div class=\"publish-info\">\n<div class=\"author-location\">\n<div id=\"m188-187-189\" class=\"author \">EFE<\/div>\n<\/div>\n<div class=\"published-date\">Lunes, 21 Mayo 2018 04:00<\/div>\n<\/div>\n<\/div>\n<\/div>\n<\/div>\n<div class=\"media-modules\">\n<div id=\"m204-1-205\" class=\"composite-captioned-image \">\n<div class=\"image-container\">\n<figure id=\"m208-207-209\" class=\"image \"><img decoding=\"async\" class=\"lazy alignleft\" src=\"https:\/\/sc2.elpais.com.uy\/files\/article_default_content\/uploads\/2017\/11\/23\/5a16e6c7ea4eb.jpeg\" alt=\"Ant\u00e1rtida\" data-type=\"src\" \/><\/figure>\n<p>Foto: Pixabay<\/p>\n<\/div>\n<\/div>\n<\/div>\n<\/div>\n<\/div>\n<div class=\"content-modules\">\n<p id=\"p160990-m175-174-176\" class=\"paragraph selectionShareable\">\u00abLa Ant\u00e1rtica es el lugar necesario para medir los efectos del cambio clim\u00e1tico porque los frentes donde mejor se libra esa batalla son los polos; lugares que determinan las anomal\u00edas clim\u00e1ticas que se esperan en los hemisferios\u00bb, explic\u00f3 el cient\u00edfico Ra\u00fal Cordero.<\/p>\n<p id=\"p160990-m232-1-233\" class=\"paragraph selectionShareable\">El acad\u00e9mico del departamento de F\u00edsica de la Universidad de Santiago participa en esta iniciativa patrocinada por la Organizaci\u00f3n Meteorol\u00f3gica Mundial, que involucra a decenas de pa\u00edses con el objetivo de estudiar la atm\u00f3sfera de los polos, y que se extender\u00e1 hasta mediados de 2019.<\/p>\n<p id=\"p160990-m237-2-238\" class=\"paragraph selectionShareable\">Seg\u00fan Cordero, la combinaci\u00f3n entre los efectos del calentamiento global y el agujero de ozono han provocado significativos cambios en la atm\u00f3sfera ant\u00e1rtica, por lo que estudiar esa zona permitir\u00e1 \u00abentender el futuro\u00bb del planeta.<\/p>\n<div class=\"teads-inread\">\n<div>\n<div id=\"teads8\" class=\"teads-player\"><\/div>\n<\/div>\n<\/div>\n<p>\u00abLa contribuci\u00f3n de Chile es la mejor caracterizaci\u00f3n de la nubosidad, medir el espesor \u00f3ptico de las nubes y la fracci\u00f3n de hielo en la nubosidad; propiedades necesarias para calibrar modelos meteorol\u00f3gicos, mediciones satelitales y mejorar las proyecciones\u00bb, detall\u00f3 el cient\u00edfico.<\/p>\n<p id=\"p160990-m247-4-248\" class=\"paragraph selectionShareable\">Con esta misi\u00f3n se contempla el uso de un sistema de detecci\u00f3n remota basado en un l\u00e1ser visible (LIDAR) que monitorea la nubosidad y determina el contenido de hielo en las nubes.<\/p>\n<p>Las mediciones, en tanto, se realizar\u00e1n en una plataforma cient\u00edfica de la Universidad de Santiago, anexa a la base Escudero del Instituto Ant\u00e1rtico Chileno, ubicada en la isla Rey Jorge.<\/p>\n<p id=\"p160990-m252-5-253\" class=\"paragraph selectionShareable\">La Ant\u00e1rtica ha sido testigo de cambios en sus patrones de vientos, que han provocado anomal\u00edas en la nubosidad y precipitaciones, afectando al Hemisferio Sur, lo que se espera contin\u00fae en el tiempo.<\/p>\n<p id=\"p160990-m257-6-258\" class=\"paragraph selectionShareable\">Los efectos del cambio clim\u00e1tico adem\u00e1s han causado la perdida de 125.000 millones de metros c\u00fabicos de agua por a\u00f1o en el continente blanco, lo que a su vez contribuye al alza del nivel del mar en todo el mundo.<\/p>\n<p id=\"p160990-m262-7-263\" class=\"paragraph selectionShareable\">\u00abLa Ant\u00e1rtica est\u00e1 perdiendo una enorme cantidad de hielo y ese derretimiento se debe a que el agua que accede a las plataformas flotantes de hielo est\u00e1 m\u00e1s c\u00e1lida de lo que deber\u00eda, porque es agua que se acerca a esas cosas desde m\u00e1s al norte\u00bb, afirm\u00f3 Cordero.<\/p>\n<p id=\"p160990-m267-8-268\" class=\"paragraph selectionShareable\">Ser\u00edan alrededor de 500.000 camiones aljibe arrojados al mar cada hora, compar\u00f3 el cient\u00edfico, para explicar el alcance \u00abmasivo\u00bb de este fen\u00f3meno en el extremo austral del mundo.<\/p>\n<p id=\"p160990-m272-9-273\" class=\"paragraph selectionShareable\">Bajo este contexto, los investigadores definir\u00e1n en el Polo Sur la variabilidad de la humedad a diferentes altitudes, para as\u00ed entender mejor la interacci\u00f3n entre esa zona austral y el Polo Norte, las latitudes tropicales y ecuatoriales en la definici\u00f3n del clima global.<\/p>\n<p id=\"p160990-m277-10-278\" class=\"paragraph selectionShareable\">\u00abLa situaci\u00f3n no es reversible en el corto plazo, pero no da lo mismo que la temperatura suba cinco grados al final de siglo, o que suba dos grados\u00bb, asegur\u00f3 Cordero.<\/p>\n<p id=\"p160990-m282-11-283\" class=\"paragraph selectionShareable\">A\u00f1adi\u00f3 que las consecuencias clim\u00e1ticas, econ\u00f3micas y sociales que se enfrentar\u00e1n debido a estos cambios de temperatura son \u00ababsolutamente diferentes\u00bb, por lo que la humanidad \u00abtiene la responsabilidad de disminuir la emisi\u00f3n de gases de efecto invernadero\u00bb, principal causante del cambio clim\u00e1tico.<\/p>\n<p id=\"p160990-m287-12-288\" class=\"paragraph selectionShareable\">En esta campa\u00f1a destacan adem\u00e1s el rol de la Direcci\u00f3n Meteorol\u00f3gica de Chile, que pondr\u00e1 en marcha un modelo de predicci\u00f3n regional para la Pen\u00ednsula Ant\u00e1rtica y sus alrededores; y el Instituto Ant\u00e1rtico Chileno, que proporcionar\u00e1 la infraestructura y apoyo log\u00edstico necesario para llevar a cabo los controles.<\/p>\n<\/div>\n<div class=\"rrss\">\n<div class=\"fb-like fb_iframe_widget\" data-href=\"http:\/\/www.elpais.com.uy\/vida-actual\/chile-estudiara-nubes-antartica-medir-efectos-cambio-climatico.html\" data-width=\"120\" data-layout=\"button_count\" data-action=\"like\" data-size=\"small\" data-show-faces=\"false\" data-share=\"false\">Fuente:\u00a0https:\/\/www.elpais.com.uy\/vida-actual\/chile-estudiara-nubes-antartica-medir-efectos-cambio-climatico.html<\/div>\n<\/div>\n<\/div>\n","protected":false},"excerpt":{"rendered":"<p>Chile.-Un centenar de expertos estudiar\u00e1n los efectos del cambio clim\u00e1tico en la Ant\u00e1rtica con el lanzamiento en noviembre pr\u00f3ximo de [&hellip;]<\/p>\n","protected":false},"author":2,"featured_media":46890,"comment_status":"open","ping_status":"open","sticky":false,"template":"","format":"standard","meta":{"site-sidebar-layout":"default","site-content-layout":"","ast-site-content-layout":"default","site-content-style":"default","site-sidebar-style":"default","ast-global-header-display":"","ast-banner-title-visibility":"","ast-main-header-display":"","ast-hfb-above-header-display":"","ast-hfb-below-header-display":"","ast-hfb-mobile-header-display":"","site-post-title":"","ast-breadcrumbs-content":"","ast-featured-img":"","footer-sml-layout":"","ast-disable-related-posts":"","theme-transparent-header-meta":"","adv-header-id-meta":"","stick-header-meta":"","header-above-stick-meta":"","header-main-stick-meta":"","header-below-stick-meta":"","astra-migrate-meta-layouts":"default","ast-page-background-enabled":"default","ast-page-background-meta":{"desktop":{"background-color":"var(--ast-global-color-5)","background-image":"","background-repeat":"repeat","background-position":"center center","background-size":"auto","background-attachment":"scroll","background-type":"","background-media":"","overlay-type":"","overlay-color":"","overlay-opacity":"","overlay-gradient":""},"tablet":{"background-color":"","background-image":"","background-repeat":"repeat","background-position":"center center","background-size":"auto","background-attachment":"scroll","background-type":"","background-media":"","overlay-type":"","overlay-color":"","overlay-opacity":"","overlay-gradient":""},"mobile":{"background-color":"","background-image":"","background-repeat":"repeat","background-position":"center center","background-size":"auto","background-attachment":"scroll","background-type":"","background-media":"","overlay-type":"","overlay-color":"","overlay-opacity":"","overlay-gradient":""}},"ast-content-background-meta":{"desktop":{"background-color":"var(--ast-global-color-4)","background-image":"","background-repeat":"repeat","background-position":"center center","background-size":"auto","background-attachment":"scroll","background-type":"","background-media":"","overlay-type":"","overlay-color":"","overlay-opacity":"","overlay-gradient":""},"tablet":{"background-color":"var(--ast-global-color-4)","background-image":"","background-repeat":"repeat","background-position":"center center","background-size":"auto","background-attachment":"scroll","background-type":"","background-media":"","overlay-type":"","overlay-color":"","overlay-opacity":"","overlay-gradient":""},"mobile":{"background-color":"var(--ast-global-color-4)","background-image":"","background-repeat":"repeat","background-position":"center center","background-size":"auto","background-attachment":"scroll","background-type":"","background-media":"","overlay-type":"","overlay-color":"","overlay-opacity":"","overlay-gradient":""}},"footnotes":""},"categories":[23,1],"tags":[],"class_list":["post-46889","post","type-post","status-publish","format-standard","has-post-thumbnail","hentry","category-internacionales","category-noticias"],"yoast_head":"<!-- This site is optimized with the Yoast SEO Premium plugin v23.0 (Yoast SEO v27.4) - https:\/\/yoast.com\/product\/yoast-seo-premium-wordpress\/ -->\n<title>MEDIO AMBIENTE: Chile estudiar\u00e1 nubes de la Ant\u00e1rtica para medir efectos del cambio clim\u00e1tico<\/title>\n<meta name=\"robots\" content=\"index, follow, max-snippet:-1, max-image-preview:large, max-video-preview:-1\" \/>\n<link rel=\"canonical\" href=\"https:\/\/patagoniambiental.com.ar\/info\/medio-ambiente-chile-estudiara-nubes-de-la-antartica-para-medir-efectos-del-cambio-climatico\/\" \/>\n<meta property=\"og:locale\" content=\"es_ES\" \/>\n<meta property=\"og:type\" content=\"article\" \/>\n<meta property=\"og:title\" content=\"MEDIO AMBIENTE: Chile estudiar\u00e1 nubes de la Ant\u00e1rtica para medir efectos del cambio clim\u00e1tico\" \/>\n<meta property=\"og:description\" content=\"Chile.-Un centenar de expertos estudiar\u00e1n los efectos del cambio clim\u00e1tico en la Ant\u00e1rtica con el lanzamiento en noviembre pr\u00f3ximo de [&hellip;]\" \/>\n<meta property=\"og:url\" content=\"https:\/\/patagoniambiental.com.ar\/info\/medio-ambiente-chile-estudiara-nubes-de-la-antartica-para-medir-efectos-del-cambio-climatico\/\" \/>\n<meta property=\"og:site_name\" content=\"Patagonia Ambiental\" \/>\n<meta property=\"article:publisher\" content=\"https:\/\/www.facebook.com\/patagonia.ambiental\" \/>\n<meta property=\"article:author\" content=\"https:\/\/www.facebook.com\/share\/1C1V8Gv9BX\/?mibextid=qi2Omg\" \/>\n<meta property=\"article:published_time\" content=\"2018-05-23T22:00:37+00:00\" \/>\n<meta property=\"og:image\" content=\"https:\/\/patagoniambiental.com.ar\/info\/wp-content\/uploads\/2018\/05\/5a16e6c7ea4eb.jpeg\" \/>\n\t<meta property=\"og:image:width\" content=\"580\" \/>\n\t<meta property=\"og:image:height\" content=\"435\" \/>\n\t<meta property=\"og:image:type\" content=\"image\/jpeg\" \/>\n<meta name=\"author\" content=\"Patagonia Ambiental\" \/>\n<meta name=\"twitter:card\" content=\"summary_large_image\" \/>\n<meta name=\"twitter:creator\" content=\"@PatAmb\" \/>\n<meta name=\"twitter:site\" content=\"@PatAmb\" \/>\n<script type=\"application\/ld+json\" class=\"yoast-schema-graph\">{\"@context\":\"https:\\\/\\\/schema.org\",\"@graph\":[{\"@type\":\"Article\",\"@id\":\"https:\\\/\\\/patagoniambiental.com.ar\\\/info\\\/medio-ambiente-chile-estudiara-nubes-de-la-antartica-para-medir-efectos-del-cambio-climatico\\\/#article\",\"isPartOf\":{\"@id\":\"https:\\\/\\\/patagoniambiental.com.ar\\\/info\\\/medio-ambiente-chile-estudiara-nubes-de-la-antartica-para-medir-efectos-del-cambio-climatico\\\/\"},\"author\":{\"name\":\"Patagonia Ambiental\",\"@id\":\"https:\\\/\\\/patagoniambiental.com.ar\\\/info\\\/#\\\/schema\\\/person\\\/db12bff64bbcbf6a253710bf0ea37b5d\"},\"headline\":\"MEDIO AMBIENTE: Chile estudiar\u00e1 nubes de la Ant\u00e1rtica para medir efectos del cambio clim\u00e1tico\",\"datePublished\":\"2018-05-23T22:00:37+00:00\",\"mainEntityOfPage\":{\"@id\":\"https:\\\/\\\/patagoniambiental.com.ar\\\/info\\\/medio-ambiente-chile-estudiara-nubes-de-la-antartica-para-medir-efectos-del-cambio-climatico\\\/\"},\"wordCount\":680,\"commentCount\":0,\"publisher\":{\"@id\":\"https:\\\/\\\/patagoniambiental.com.ar\\\/info\\\/#organization\"},\"image\":{\"@id\":\"https:\\\/\\\/patagoniambiental.com.ar\\\/info\\\/medio-ambiente-chile-estudiara-nubes-de-la-antartica-para-medir-efectos-del-cambio-climatico\\\/#primaryimage\"},\"thumbnailUrl\":\"https:\\\/\\\/patagoniambiental.com.ar\\\/info\\\/wp-content\\\/uploads\\\/2018\\\/05\\\/5a16e6c7ea4eb.jpeg\",\"articleSection\":[\"Internacionales\",\"Noticias\"],\"inLanguage\":\"es\",\"potentialAction\":[{\"@type\":\"CommentAction\",\"name\":\"Comment\",\"target\":[\"https:\\\/\\\/patagoniambiental.com.ar\\\/info\\\/medio-ambiente-chile-estudiara-nubes-de-la-antartica-para-medir-efectos-del-cambio-climatico\\\/#respond\"]}]},{\"@type\":\"WebPage\",\"@id\":\"https:\\\/\\\/patagoniambiental.com.ar\\\/info\\\/medio-ambiente-chile-estudiara-nubes-de-la-antartica-para-medir-efectos-del-cambio-climatico\\\/\",\"url\":\"https:\\\/\\\/patagoniambiental.com.ar\\\/info\\\/medio-ambiente-chile-estudiara-nubes-de-la-antartica-para-medir-efectos-del-cambio-climatico\\\/\",\"name\":\"MEDIO AMBIENTE: Chile estudiar\u00e1 nubes de la Ant\u00e1rtica para medir efectos del cambio clim\u00e1tico\",\"isPartOf\":{\"@id\":\"https:\\\/\\\/patagoniambiental.com.ar\\\/info\\\/#website\"},\"primaryImageOfPage\":{\"@id\":\"https:\\\/\\\/patagoniambiental.com.ar\\\/info\\\/medio-ambiente-chile-estudiara-nubes-de-la-antartica-para-medir-efectos-del-cambio-climatico\\\/#primaryimage\"},\"image\":{\"@id\":\"https:\\\/\\\/patagoniambiental.com.ar\\\/info\\\/medio-ambiente-chile-estudiara-nubes-de-la-antartica-para-medir-efectos-del-cambio-climatico\\\/#primaryimage\"},\"thumbnailUrl\":\"https:\\\/\\\/patagoniambiental.com.ar\\\/info\\\/wp-content\\\/uploads\\\/2018\\\/05\\\/5a16e6c7ea4eb.jpeg\",\"datePublished\":\"2018-05-23T22:00:37+00:00\",\"breadcrumb\":{\"@id\":\"https:\\\/\\\/patagoniambiental.com.ar\\\/info\\\/medio-ambiente-chile-estudiara-nubes-de-la-antartica-para-medir-efectos-del-cambio-climatico\\\/#breadcrumb\"},\"inLanguage\":\"es\",\"potentialAction\":[{\"@type\":\"ReadAction\",\"target\":[\"https:\\\/\\\/patagoniambiental.com.ar\\\/info\\\/medio-ambiente-chile-estudiara-nubes-de-la-antartica-para-medir-efectos-del-cambio-climatico\\\/\"]}]},{\"@type\":\"ImageObject\",\"inLanguage\":\"es\",\"@id\":\"https:\\\/\\\/patagoniambiental.com.ar\\\/info\\\/medio-ambiente-chile-estudiara-nubes-de-la-antartica-para-medir-efectos-del-cambio-climatico\\\/#primaryimage\",\"url\":\"https:\\\/\\\/patagoniambiental.com.ar\\\/info\\\/wp-content\\\/uploads\\\/2018\\\/05\\\/5a16e6c7ea4eb.jpeg\",\"contentUrl\":\"https:\\\/\\\/patagoniambiental.com.ar\\\/info\\\/wp-content\\\/uploads\\\/2018\\\/05\\\/5a16e6c7ea4eb.jpeg\",\"width\":580,\"height\":435},{\"@type\":\"BreadcrumbList\",\"@id\":\"https:\\\/\\\/patagoniambiental.com.ar\\\/info\\\/medio-ambiente-chile-estudiara-nubes-de-la-antartica-para-medir-efectos-del-cambio-climatico\\\/#breadcrumb\",\"itemListElement\":[{\"@type\":\"ListItem\",\"position\":1,\"name\":\"Inicio\",\"item\":\"https:\\\/\\\/patagoniambiental.com.ar\\\/info\\\/\"},{\"@type\":\"ListItem\",\"position\":2,\"name\":\"MEDIO AMBIENTE: Chile estudiar\u00e1 nubes de la Ant\u00e1rtica para medir efectos del cambio clim\u00e1tico\"}]},{\"@type\":\"WebSite\",\"@id\":\"https:\\\/\\\/patagoniambiental.com.ar\\\/info\\\/#website\",\"url\":\"https:\\\/\\\/patagoniambiental.com.ar\\\/info\\\/\",\"name\":\"Patagonia Ambiental\",\"description\":\"Monitoreo y an\u00e1lisis de la situaci\u00f3n geopol\u00edtica en el mundo y su implicancia en la Patagonia\",\"publisher\":{\"@id\":\"https:\\\/\\\/patagoniambiental.com.ar\\\/info\\\/#organization\"},\"potentialAction\":[{\"@type\":\"SearchAction\",\"target\":{\"@type\":\"EntryPoint\",\"urlTemplate\":\"https:\\\/\\\/patagoniambiental.com.ar\\\/info\\\/?s={search_term_string}\"},\"query-input\":{\"@type\":\"PropertyValueSpecification\",\"valueRequired\":true,\"valueName\":\"search_term_string\"}}],\"inLanguage\":\"es\"},{\"@type\":\"Organization\",\"@id\":\"https:\\\/\\\/patagoniambiental.com.ar\\\/info\\\/#organization\",\"name\":\"Patagonia Ambiental\",\"url\":\"https:\\\/\\\/patagoniambiental.com.ar\\\/info\\\/\",\"logo\":{\"@type\":\"ImageObject\",\"inLanguage\":\"es\",\"@id\":\"https:\\\/\\\/patagoniambiental.com.ar\\\/info\\\/#\\\/schema\\\/logo\\\/image\\\/\",\"url\":\"https:\\\/\\\/patagoniambiental.com.ar\\\/info\\\/wp-content\\\/uploads\\\/2025\\\/05\\\/LOGO-PATAGONIA-AMBIENTAL.png\",\"contentUrl\":\"https:\\\/\\\/patagoniambiental.com.ar\\\/info\\\/wp-content\\\/uploads\\\/2025\\\/05\\\/LOGO-PATAGONIA-AMBIENTAL.png\",\"width\":433,\"height\":250,\"caption\":\"Patagonia Ambiental\"},\"image\":{\"@id\":\"https:\\\/\\\/patagoniambiental.com.ar\\\/info\\\/#\\\/schema\\\/logo\\\/image\\\/\"},\"sameAs\":[\"https:\\\/\\\/www.facebook.com\\\/patagonia.ambiental\",\"https:\\\/\\\/x.com\\\/PatAmb\"]},{\"@type\":\"Person\",\"@id\":\"https:\\\/\\\/patagoniambiental.com.ar\\\/info\\\/#\\\/schema\\\/person\\\/db12bff64bbcbf6a253710bf0ea37b5d\",\"name\":\"Patagonia Ambiental\",\"description\":\"Andr\u00e9s Nievas T\u00e9cnico en manejo ambiental, consultor Ambiental y escritor para medios locales e internacionales sobre temas de geopolitica y medio ambiente.\",\"sameAs\":[\"http:\\\/\\\/www.patagoniambiental.com.ar\",\"https:\\\/\\\/www.facebook.com\\\/share\\\/1C1V8Gv9BX\\\/?mibextid=qi2Omg\",\"@patagoniambiental\",\"https:\\\/\\\/youtube.com\\\/@patagoniaambiental2023?si=BLt58t0wuXquxlYZ\"]}]}<\/script>\n<!-- \/ Yoast SEO Premium plugin. -->","yoast_head_json":{"title":"MEDIO AMBIENTE: Chile estudiar\u00e1 nubes de la Ant\u00e1rtica para medir efectos del cambio clim\u00e1tico","robots":{"index":"index","follow":"follow","max-snippet":"max-snippet:-1","max-image-preview":"max-image-preview:large","max-video-preview":"max-video-preview:-1"},"canonical":"https:\/\/patagoniambiental.com.ar\/info\/medio-ambiente-chile-estudiara-nubes-de-la-antartica-para-medir-efectos-del-cambio-climatico\/","og_locale":"es_ES","og_type":"article","og_title":"MEDIO AMBIENTE: Chile estudiar\u00e1 nubes de la Ant\u00e1rtica para medir efectos del cambio clim\u00e1tico","og_description":"Chile.-Un centenar de expertos estudiar\u00e1n los efectos del cambio clim\u00e1tico en la Ant\u00e1rtica con el lanzamiento en noviembre pr\u00f3ximo de [&hellip;]","og_url":"https:\/\/patagoniambiental.com.ar\/info\/medio-ambiente-chile-estudiara-nubes-de-la-antartica-para-medir-efectos-del-cambio-climatico\/","og_site_name":"Patagonia Ambiental","article_publisher":"https:\/\/www.facebook.com\/patagonia.ambiental","article_author":"https:\/\/www.facebook.com\/share\/1C1V8Gv9BX\/?mibextid=qi2Omg","article_published_time":"2018-05-23T22:00:37+00:00","og_image":[{"width":580,"height":435,"url":"https:\/\/patagoniambiental.com.ar\/info\/wp-content\/uploads\/2018\/05\/5a16e6c7ea4eb.jpeg","type":"image\/jpeg"}],"author":"Patagonia Ambiental","twitter_card":"summary_large_image","twitter_creator":"@PatAmb","twitter_site":"@PatAmb","schema":{"@context":"https:\/\/schema.org","@graph":[{"@type":"Article","@id":"https:\/\/patagoniambiental.com.ar\/info\/medio-ambiente-chile-estudiara-nubes-de-la-antartica-para-medir-efectos-del-cambio-climatico\/#article","isPartOf":{"@id":"https:\/\/patagoniambiental.com.ar\/info\/medio-ambiente-chile-estudiara-nubes-de-la-antartica-para-medir-efectos-del-cambio-climatico\/"},"author":{"name":"Patagonia Ambiental","@id":"https:\/\/patagoniambiental.com.ar\/info\/#\/schema\/person\/db12bff64bbcbf6a253710bf0ea37b5d"},"headline":"MEDIO AMBIENTE: Chile estudiar\u00e1 nubes de la Ant\u00e1rtica para medir efectos del cambio clim\u00e1tico","datePublished":"2018-05-23T22:00:37+00:00","mainEntityOfPage":{"@id":"https:\/\/patagoniambiental.com.ar\/info\/medio-ambiente-chile-estudiara-nubes-de-la-antartica-para-medir-efectos-del-cambio-climatico\/"},"wordCount":680,"commentCount":0,"publisher":{"@id":"https:\/\/patagoniambiental.com.ar\/info\/#organization"},"image":{"@id":"https:\/\/patagoniambiental.com.ar\/info\/medio-ambiente-chile-estudiara-nubes-de-la-antartica-para-medir-efectos-del-cambio-climatico\/#primaryimage"},"thumbnailUrl":"https:\/\/patagoniambiental.com.ar\/info\/wp-content\/uploads\/2018\/05\/5a16e6c7ea4eb.jpeg","articleSection":["Internacionales","Noticias"],"inLanguage":"es","potentialAction":[{"@type":"CommentAction","name":"Comment","target":["https:\/\/patagoniambiental.com.ar\/info\/medio-ambiente-chile-estudiara-nubes-de-la-antartica-para-medir-efectos-del-cambio-climatico\/#respond"]}]},{"@type":"WebPage","@id":"https:\/\/patagoniambiental.com.ar\/info\/medio-ambiente-chile-estudiara-nubes-de-la-antartica-para-medir-efectos-del-cambio-climatico\/","url":"https:\/\/patagoniambiental.com.ar\/info\/medio-ambiente-chile-estudiara-nubes-de-la-antartica-para-medir-efectos-del-cambio-climatico\/","name":"MEDIO AMBIENTE: Chile estudiar\u00e1 nubes de la Ant\u00e1rtica para medir efectos del cambio clim\u00e1tico","isPartOf":{"@id":"https:\/\/patagoniambiental.com.ar\/info\/#website"},"primaryImageOfPage":{"@id":"https:\/\/patagoniambiental.com.ar\/info\/medio-ambiente-chile-estudiara-nubes-de-la-antartica-para-medir-efectos-del-cambio-climatico\/#primaryimage"},"image":{"@id":"https:\/\/patagoniambiental.com.ar\/info\/medio-ambiente-chile-estudiara-nubes-de-la-antartica-para-medir-efectos-del-cambio-climatico\/#primaryimage"},"thumbnailUrl":"https:\/\/patagoniambiental.com.ar\/info\/wp-content\/uploads\/2018\/05\/5a16e6c7ea4eb.jpeg","datePublished":"2018-05-23T22:00:37+00:00","breadcrumb":{"@id":"https:\/\/patagoniambiental.com.ar\/info\/medio-ambiente-chile-estudiara-nubes-de-la-antartica-para-medir-efectos-del-cambio-climatico\/#breadcrumb"},"inLanguage":"es","potentialAction":[{"@type":"ReadAction","target":["https:\/\/patagoniambiental.com.ar\/info\/medio-ambiente-chile-estudiara-nubes-de-la-antartica-para-medir-efectos-del-cambio-climatico\/"]}]},{"@type":"ImageObject","inLanguage":"es","@id":"https:\/\/patagoniambiental.com.ar\/info\/medio-ambiente-chile-estudiara-nubes-de-la-antartica-para-medir-efectos-del-cambio-climatico\/#primaryimage","url":"https:\/\/patagoniambiental.com.ar\/info\/wp-content\/uploads\/2018\/05\/5a16e6c7ea4eb.jpeg","contentUrl":"https:\/\/patagoniambiental.com.ar\/info\/wp-content\/uploads\/2018\/05\/5a16e6c7ea4eb.jpeg","width":580,"height":435},{"@type":"BreadcrumbList","@id":"https:\/\/patagoniambiental.com.ar\/info\/medio-ambiente-chile-estudiara-nubes-de-la-antartica-para-medir-efectos-del-cambio-climatico\/#breadcrumb","itemListElement":[{"@type":"ListItem","position":1,"name":"Inicio","item":"https:\/\/patagoniambiental.com.ar\/info\/"},{"@type":"ListItem","position":2,"name":"MEDIO AMBIENTE: Chile estudiar\u00e1 nubes de la Ant\u00e1rtica para medir efectos del cambio clim\u00e1tico"}]},{"@type":"WebSite","@id":"https:\/\/patagoniambiental.com.ar\/info\/#website","url":"https:\/\/patagoniambiental.com.ar\/info\/","name":"Patagonia Ambiental","description":"Monitoreo y an\u00e1lisis de la situaci\u00f3n geopol\u00edtica en el mundo y su implicancia en la Patagonia","publisher":{"@id":"https:\/\/patagoniambiental.com.ar\/info\/#organization"},"potentialAction":[{"@type":"SearchAction","target":{"@type":"EntryPoint","urlTemplate":"https:\/\/patagoniambiental.com.ar\/info\/?s={search_term_string}"},"query-input":{"@type":"PropertyValueSpecification","valueRequired":true,"valueName":"search_term_string"}}],"inLanguage":"es"},{"@type":"Organization","@id":"https:\/\/patagoniambiental.com.ar\/info\/#organization","name":"Patagonia Ambiental","url":"https:\/\/patagoniambiental.com.ar\/info\/","logo":{"@type":"ImageObject","inLanguage":"es","@id":"https:\/\/patagoniambiental.com.ar\/info\/#\/schema\/logo\/image\/","url":"https:\/\/patagoniambiental.com.ar\/info\/wp-content\/uploads\/2025\/05\/LOGO-PATAGONIA-AMBIENTAL.png","contentUrl":"https:\/\/patagoniambiental.com.ar\/info\/wp-content\/uploads\/2025\/05\/LOGO-PATAGONIA-AMBIENTAL.png","width":433,"height":250,"caption":"Patagonia Ambiental"},"image":{"@id":"https:\/\/patagoniambiental.com.ar\/info\/#\/schema\/logo\/image\/"},"sameAs":["https:\/\/www.facebook.com\/patagonia.ambiental","https:\/\/x.com\/PatAmb"]},{"@type":"Person","@id":"https:\/\/patagoniambiental.com.ar\/info\/#\/schema\/person\/db12bff64bbcbf6a253710bf0ea37b5d","name":"Patagonia Ambiental","description":"Andr\u00e9s Nievas T\u00e9cnico en manejo ambiental, consultor Ambiental y escritor para medios locales e internacionales sobre temas de geopolitica y medio ambiente.","sameAs":["http:\/\/www.patagoniambiental.com.ar","https:\/\/www.facebook.com\/share\/1C1V8Gv9BX\/?mibextid=qi2Omg","@patagoniambiental","https:\/\/youtube.com\/@patagoniaambiental2023?si=BLt58t0wuXquxlYZ"]}]}},"_links":{"self":[{"href":"https:\/\/patagoniambiental.com.ar\/info\/wp-json\/wp\/v2\/posts\/46889","targetHints":{"allow":["GET"]}}],"collection":[{"href":"https:\/\/patagoniambiental.com.ar\/info\/wp-json\/wp\/v2\/posts"}],"about":[{"href":"https:\/\/patagoniambiental.com.ar\/info\/wp-json\/wp\/v2\/types\/post"}],"author":[{"embeddable":true,"href":"https:\/\/patagoniambiental.com.ar\/info\/wp-json\/wp\/v2\/users\/2"}],"replies":[{"embeddable":true,"href":"https:\/\/patagoniambiental.com.ar\/info\/wp-json\/wp\/v2\/comments?post=46889"}],"version-history":[{"count":0,"href":"https:\/\/patagoniambiental.com.ar\/info\/wp-json\/wp\/v2\/posts\/46889\/revisions"}],"wp:featuredmedia":[{"embeddable":true,"href":"https:\/\/patagoniambiental.com.ar\/info\/wp-json\/wp\/v2\/media\/46890"}],"wp:attachment":[{"href":"https:\/\/patagoniambiental.com.ar\/info\/wp-json\/wp\/v2\/media?parent=46889"}],"wp:term":[{"taxonomy":"category","embeddable":true,"href":"https:\/\/patagoniambiental.com.ar\/info\/wp-json\/wp\/v2\/categories?post=46889"},{"taxonomy":"post_tag","embeddable":true,"href":"https:\/\/patagoniambiental.com.ar\/info\/wp-json\/wp\/v2\/tags?post=46889"}],"curies":[{"name":"wp","href":"https:\/\/api.w.org\/{rel}","templated":true}]}}