{"id":46966,"date":"2018-05-24T19:00:34","date_gmt":"2018-05-24T22:00:34","guid":{"rendered":"http:\/\/patagoniambiental.com.ar\/info\/?p=46966"},"modified":"2018-05-23T11:58:19","modified_gmt":"2018-05-23T14:58:19","slug":"la-provincia-continua-con-las-acciones-en-defensa-de-los-recursos-naturales-de-malvinas","status":"publish","type":"post","link":"https:\/\/patagoniambiental.com.ar\/info\/la-provincia-continua-con-las-acciones-en-defensa-de-los-recursos-naturales-de-malvinas\/","title":{"rendered":"LA PROVINCIA CONTIN\u00daA CON LAS ACCIONES EN DEFENSA DE LOS RECURSOS NATURALES DE MALVINAS"},"content":{"rendered":"<header class=\"article-header entry-header\">\n<p class=\"entry-author author\">Tierra del Fuego, AIAS.-Por\u00a0Armando Cabral.Mart 22\/05\/18.- Ante la decisi\u00f3n de Canciller\u00eda de excluir a representantes provinciales de la reuni\u00f3n del Subcomit\u00e9 Cient\u00edfico de la Comisi\u00f3n del Pesca del Atl\u00e1ntico Sur, la Provincia realiza acciones concretas en defensa de los derechos de los fueguinos.<\/p>\n<p><!--more--><\/p>\n<div class=\"entry-thumb cf\"><img fetchpriority=\"high\" decoding=\"async\" class=\"attachment-full size-full wp-post-image alignleft\" src=\"http:\/\/www.lalicuadoratdf.com.ar\/wp-content\/uploads\/2018\/05\/vazquez-luis.jpg\" sizes=\"(max-width: 600px) 100vw, 600px\" srcset=\"http:\/\/www.lalicuadoratdf.com.ar\/wp-content\/uploads\/2018\/05\/vazquez-luis.jpg 600w, http:\/\/www.lalicuadoratdf.com.ar\/wp-content\/uploads\/2018\/05\/vazquez-luis-160x160.jpg 160w, http:\/\/www.lalicuadoratdf.com.ar\/wp-content\/uploads\/2018\/05\/vazquez-luis-300x300.jpg 300w\" alt=\"\" width=\"600\" height=\"600\" \/><\/div>\n<\/header>\n<section class=\"entry-content cf\">\n<div class=\"entry-share\">\n<div class=\"a2a_kit a2a_kit_size_32 addtoany_list\" data-a2a-url=\"http:\/\/www.lalicuadoratdf.com.ar\/2018\/05\/la-provincia-continua-las-acciones-defensa-los-recursos-naturales-malvinas\/\" data-a2a-title=\"LA PROVINCIA CONTIN\u00daA CON LAS ACCIONES EN DEFENSA DE LOS RECURSOS NATURALES DE MALVINAS\"><\/div>\n<\/div>\n<p>El representante de la provincia ante el Consejo Federal Pesquero, Luis V\u00e1zquez, se present\u00f3 personalmente ante el secretario de Pesca de la Naci\u00f3n Juan Bosch y plante\u00f3 la postura y preocupaci\u00f3n de la Provincia de Tierra del Fuego, Ant\u00e1rtida e Islas del Atl\u00e1ntico Sur por las acciones unilaterales de la Naci\u00f3n con respecto a discutir temas que tienen que ver con la soberan\u00eda de nuestras Islas Malvinas.<\/p>\n<p>Acompa\u00f1aron al Ministro V\u00e1zquez, el senador nacional Jos\u00e9 Ojeda y el secretario de Agroindustria y Pesca de la provincia, Kevin Colli.<\/p>\n<p>El ministro V\u00e1zquez enfatiz\u00f3 que: \u201cEn la reuni\u00f3n dejamos en claro que nosotros no vamos a delegar ninguna situaci\u00f3n de soberan\u00eda sobre Malvinas. Creemos que Tierra del Fuego tiene que estar presente. Tiene que conocer la informaci\u00f3n que se est\u00e1 trabajando y tiene que opinar y plantear su postura\u201d.<\/p>\n<p>\u201cEsto tiene que ver con la nota presentada por la gobernadora Rosana Bertone ante el canciller la semana pasada, y en l\u00ednea con eso le planteamos al Secretario de Pesca que no hagamos ninguna de estas reuniones que se est\u00e1n llevando adelante bajo el r\u00f3tulo de cient\u00edfico-t\u00e9cnico\u201d se\u00f1al\u00f3.<\/p>\n<p>\u201cTambi\u00e9n les pedimos que suspendan inmediatamente este tipo de reuniones sin que Tierra del Fuego est\u00e9 participando claramente con su postura de sostener la soberan\u00eda sobre las Islas Malvinas. Vemos que cualquier opini\u00f3n sobre recursos naturales que tienen hoy nuestras Islas Malvinas es vulnerar la soberan\u00eda y por eso no lo vamos a avalar\u201d.<\/p>\n<p>El funcionario provincial cuestion\u00f3 que \u201cTierra del Fuego no participa, pero s\u00ed participan los isle\u00f1os, y esta asimetr\u00eda a nosotros nos ha llenado de incertidumbre. Es algo que tenemos que esclarecer y por eso fuimos ante Naci\u00f3n y nos hicimos presentes. Lo llamativo es el silencio del funcionario nacional, quien en su rol de Secretario de Pesca de la Naci\u00f3n nos tendr\u00eda que haber dado las explicaciones que pedimos\u201d.<\/p>\n<p>\u201cSeguiremos buscando respuestas en todos los \u00e1mbitos que sean necesarios, ya que para nosotros esas aguas bajo estudio son aguas nacionales invadidas. Por eso no vamos a validar ninguna de estas reuniones que tienen que ver con generar opini\u00f3n o modificar nuestra situaci\u00f3n respecto al reclamos de soberan\u00eda\u201d asever\u00f3.<\/p>\n<p>Finalmente, el Ministro record\u00f3 que \u201cla Provincia cuenta con el personal t\u00e9cnico necesario para participar de este tipo de encuentros. Son personas con una larga trayectoria en el sector y que han mantenido siempre presente la cuesti\u00f3n Malvinas y sus recursos naturales.\u201d<\/p>\n<p>Respecto a los pasos a seguir, V\u00e1zquez detall\u00f3 que \u201cla semana pr\u00f3xima en la reuni\u00f3n oficial del Consejo Federal Pesquero vamos a presentar nuestra postura porque queremos que se exprese este organismo nacional que dicta normativa sobre el manejo de los recursos pesqueros nacionales\u201d.<\/p>\n<p>Fuente:\u00a0http:\/\/www.lalicuadoratdf.com.ar\/2018\/05\/la-provincia-continua-las-acciones-defensa-los-recursos-naturales-malvinas\/<\/p>\n<\/section>\n","protected":false},"excerpt":{"rendered":"<p>Tierra del Fuego, AIAS.-Por\u00a0Armando Cabral.Mart 22\/05\/18.- Ante la decisi\u00f3n de Canciller\u00eda de excluir a representantes provinciales de la reuni\u00f3n del [&hellip;]<\/p>\n","protected":false},"author":2,"featured_media":46967,"comment_status":"open","ping_status":"open","sticky":false,"template":"","format":"standard","meta":{"site-sidebar-layout":"default","site-content-layout":"","ast-site-content-layout":"default","site-content-style":"default","site-sidebar-style":"default","ast-global-header-display":"","ast-banner-title-visibility":"","ast-main-header-display":"","ast-hfb-above-header-display":"","ast-hfb-below-header-display":"","ast-hfb-mobile-header-display":"","site-post-title":"","ast-breadcrumbs-content":"","ast-featured-img":"","footer-sml-layout":"","ast-disable-related-posts":"","theme-transparent-header-meta":"","adv-header-id-meta":"","stick-header-meta":"","header-above-stick-meta":"","header-main-stick-meta":"","header-below-stick-meta":"","astra-migrate-meta-layouts":"default","ast-page-background-enabled":"default","ast-page-background-meta":{"desktop":{"background-color":"var(--ast-global-color-5)","background-image":"","background-repeat":"repeat","background-position":"center center","background-size":"auto","background-attachment":"scroll","background-type":"","background-media":"","overlay-type":"","overlay-color":"","overlay-opacity":"","overlay-gradient":""},"tablet":{"background-color":"","background-image":"","background-repeat":"repeat","background-position":"center center","background-size":"auto","background-attachment":"scroll","background-type":"","background-media":"","overlay-type":"","overlay-color":"","overlay-opacity":"","overlay-gradient":""},"mobile":{"background-color":"","background-image":"","background-repeat":"repeat","background-position":"center center","background-size":"auto","background-attachment":"scroll","background-type":"","background-media":"","overlay-type":"","overlay-color":"","overlay-opacity":"","overlay-gradient":""}},"ast-content-background-meta":{"desktop":{"background-color":"var(--ast-global-color-4)","background-image":"","background-repeat":"repeat","background-position":"center center","background-size":"auto","background-attachment":"scroll","background-type":"","background-media":"","overlay-type":"","overlay-color":"","overlay-opacity":"","overlay-gradient":""},"tablet":{"background-color":"var(--ast-global-color-4)","background-image":"","background-repeat":"repeat","background-position":"center center","background-size":"auto","background-attachment":"scroll","background-type":"","background-media":"","overlay-type":"","overlay-color":"","overlay-opacity":"","overlay-gradient":""},"mobile":{"background-color":"var(--ast-global-color-4)","background-image":"","background-repeat":"repeat","background-position":"center center","background-size":"auto","background-attachment":"scroll","background-type":"","background-media":"","overlay-type":"","overlay-color":"","overlay-opacity":"","overlay-gradient":""}},"footnotes":""},"categories":[23,1],"tags":[],"class_list":["post-46966","post","type-post","status-publish","format-standard","has-post-thumbnail","hentry","category-internacionales","category-noticias"],"yoast_head":"<!-- This site is optimized with the Yoast SEO Premium plugin v23.0 (Yoast SEO v27.4) - https:\/\/yoast.com\/product\/yoast-seo-premium-wordpress\/ -->\n<title>LA PROVINCIA CONTIN\u00daA CON LAS ACCIONES EN DEFENSA DE LOS RECURSOS NATURALES DE MALVINAS<\/title>\n<meta name=\"robots\" content=\"index, follow, max-snippet:-1, max-image-preview:large, max-video-preview:-1\" \/>\n<link rel=\"canonical\" href=\"https:\/\/patagoniambiental.com.ar\/info\/la-provincia-continua-con-las-acciones-en-defensa-de-los-recursos-naturales-de-malvinas\/\" \/>\n<meta property=\"og:locale\" content=\"es_ES\" \/>\n<meta property=\"og:type\" content=\"article\" \/>\n<meta property=\"og:title\" content=\"LA PROVINCIA CONTIN\u00daA CON LAS ACCIONES EN DEFENSA DE LOS RECURSOS NATURALES DE MALVINAS\" \/>\n<meta property=\"og:description\" content=\"Tierra del Fuego, AIAS.-Por\u00a0Armando Cabral.Mart 22\/05\/18.- Ante la decisi\u00f3n de Canciller\u00eda de excluir a representantes provinciales de la reuni\u00f3n del [&hellip;]\" \/>\n<meta property=\"og:url\" content=\"https:\/\/patagoniambiental.com.ar\/info\/la-provincia-continua-con-las-acciones-en-defensa-de-los-recursos-naturales-de-malvinas\/\" \/>\n<meta property=\"og:site_name\" content=\"Patagonia Ambiental\" \/>\n<meta property=\"article:publisher\" content=\"https:\/\/www.facebook.com\/patagonia.ambiental\" \/>\n<meta property=\"article:author\" content=\"https:\/\/www.facebook.com\/share\/1C1V8Gv9BX\/?mibextid=qi2Omg\" \/>\n<meta property=\"article:published_time\" content=\"2018-05-24T22:00:34+00:00\" \/>\n<meta property=\"og:image\" content=\"https:\/\/patagoniambiental.com.ar\/info\/wp-content\/uploads\/2018\/05\/vazquez-luis.jpg\" \/>\n\t<meta property=\"og:image:width\" content=\"600\" \/>\n\t<meta property=\"og:image:height\" content=\"600\" \/>\n\t<meta property=\"og:image:type\" content=\"image\/jpeg\" \/>\n<meta name=\"author\" content=\"Patagonia Ambiental\" \/>\n<meta name=\"twitter:card\" content=\"summary_large_image\" \/>\n<meta name=\"twitter:creator\" content=\"@PatAmb\" \/>\n<meta name=\"twitter:site\" content=\"@PatAmb\" \/>\n<script type=\"application\/ld+json\" class=\"yoast-schema-graph\">{\"@context\":\"https:\\\/\\\/schema.org\",\"@graph\":[{\"@type\":\"Article\",\"@id\":\"https:\\\/\\\/patagoniambiental.com.ar\\\/info\\\/la-provincia-continua-con-las-acciones-en-defensa-de-los-recursos-naturales-de-malvinas\\\/#article\",\"isPartOf\":{\"@id\":\"https:\\\/\\\/patagoniambiental.com.ar\\\/info\\\/la-provincia-continua-con-las-acciones-en-defensa-de-los-recursos-naturales-de-malvinas\\\/\"},\"author\":{\"name\":\"Patagonia Ambiental\",\"@id\":\"https:\\\/\\\/patagoniambiental.com.ar\\\/info\\\/#\\\/schema\\\/person\\\/db12bff64bbcbf6a253710bf0ea37b5d\"},\"headline\":\"LA PROVINCIA CONTIN\u00daA CON LAS ACCIONES EN DEFENSA DE LOS RECURSOS NATURALES DE MALVINAS\",\"datePublished\":\"2018-05-24T22:00:34+00:00\",\"mainEntityOfPage\":{\"@id\":\"https:\\\/\\\/patagoniambiental.com.ar\\\/info\\\/la-provincia-continua-con-las-acciones-en-defensa-de-los-recursos-naturales-de-malvinas\\\/\"},\"wordCount\":554,\"commentCount\":0,\"publisher\":{\"@id\":\"https:\\\/\\\/patagoniambiental.com.ar\\\/info\\\/#organization\"},\"image\":{\"@id\":\"https:\\\/\\\/patagoniambiental.com.ar\\\/info\\\/la-provincia-continua-con-las-acciones-en-defensa-de-los-recursos-naturales-de-malvinas\\\/#primaryimage\"},\"thumbnailUrl\":\"https:\\\/\\\/patagoniambiental.com.ar\\\/info\\\/wp-content\\\/uploads\\\/2018\\\/05\\\/vazquez-luis.jpg\",\"articleSection\":[\"Internacionales\",\"Noticias\"],\"inLanguage\":\"es\",\"potentialAction\":[{\"@type\":\"CommentAction\",\"name\":\"Comment\",\"target\":[\"https:\\\/\\\/patagoniambiental.com.ar\\\/info\\\/la-provincia-continua-con-las-acciones-en-defensa-de-los-recursos-naturales-de-malvinas\\\/#respond\"]}]},{\"@type\":\"WebPage\",\"@id\":\"https:\\\/\\\/patagoniambiental.com.ar\\\/info\\\/la-provincia-continua-con-las-acciones-en-defensa-de-los-recursos-naturales-de-malvinas\\\/\",\"url\":\"https:\\\/\\\/patagoniambiental.com.ar\\\/info\\\/la-provincia-continua-con-las-acciones-en-defensa-de-los-recursos-naturales-de-malvinas\\\/\",\"name\":\"LA PROVINCIA CONTIN\u00daA CON LAS ACCIONES EN DEFENSA DE LOS RECURSOS NATURALES DE MALVINAS\",\"isPartOf\":{\"@id\":\"https:\\\/\\\/patagoniambiental.com.ar\\\/info\\\/#website\"},\"primaryImageOfPage\":{\"@id\":\"https:\\\/\\\/patagoniambiental.com.ar\\\/info\\\/la-provincia-continua-con-las-acciones-en-defensa-de-los-recursos-naturales-de-malvinas\\\/#primaryimage\"},\"image\":{\"@id\":\"https:\\\/\\\/patagoniambiental.com.ar\\\/info\\\/la-provincia-continua-con-las-acciones-en-defensa-de-los-recursos-naturales-de-malvinas\\\/#primaryimage\"},\"thumbnailUrl\":\"https:\\\/\\\/patagoniambiental.com.ar\\\/info\\\/wp-content\\\/uploads\\\/2018\\\/05\\\/vazquez-luis.jpg\",\"datePublished\":\"2018-05-24T22:00:34+00:00\",\"breadcrumb\":{\"@id\":\"https:\\\/\\\/patagoniambiental.com.ar\\\/info\\\/la-provincia-continua-con-las-acciones-en-defensa-de-los-recursos-naturales-de-malvinas\\\/#breadcrumb\"},\"inLanguage\":\"es\",\"potentialAction\":[{\"@type\":\"ReadAction\",\"target\":[\"https:\\\/\\\/patagoniambiental.com.ar\\\/info\\\/la-provincia-continua-con-las-acciones-en-defensa-de-los-recursos-naturales-de-malvinas\\\/\"]}]},{\"@type\":\"ImageObject\",\"inLanguage\":\"es\",\"@id\":\"https:\\\/\\\/patagoniambiental.com.ar\\\/info\\\/la-provincia-continua-con-las-acciones-en-defensa-de-los-recursos-naturales-de-malvinas\\\/#primaryimage\",\"url\":\"https:\\\/\\\/patagoniambiental.com.ar\\\/info\\\/wp-content\\\/uploads\\\/2018\\\/05\\\/vazquez-luis.jpg\",\"contentUrl\":\"https:\\\/\\\/patagoniambiental.com.ar\\\/info\\\/wp-content\\\/uploads\\\/2018\\\/05\\\/vazquez-luis.jpg\",\"width\":600,\"height\":600},{\"@type\":\"BreadcrumbList\",\"@id\":\"https:\\\/\\\/patagoniambiental.com.ar\\\/info\\\/la-provincia-continua-con-las-acciones-en-defensa-de-los-recursos-naturales-de-malvinas\\\/#breadcrumb\",\"itemListElement\":[{\"@type\":\"ListItem\",\"position\":1,\"name\":\"Inicio\",\"item\":\"https:\\\/\\\/patagoniambiental.com.ar\\\/info\\\/\"},{\"@type\":\"ListItem\",\"position\":2,\"name\":\"LA PROVINCIA CONTIN\u00daA CON LAS ACCIONES EN DEFENSA DE LOS RECURSOS NATURALES DE MALVINAS\"}]},{\"@type\":\"WebSite\",\"@id\":\"https:\\\/\\\/patagoniambiental.com.ar\\\/info\\\/#website\",\"url\":\"https:\\\/\\\/patagoniambiental.com.ar\\\/info\\\/\",\"name\":\"Patagonia Ambiental\",\"description\":\"Monitoreo y an\u00e1lisis de la situaci\u00f3n geopol\u00edtica en el mundo y su implicancia en la Patagonia\",\"publisher\":{\"@id\":\"https:\\\/\\\/patagoniambiental.com.ar\\\/info\\\/#organization\"},\"potentialAction\":[{\"@type\":\"SearchAction\",\"target\":{\"@type\":\"EntryPoint\",\"urlTemplate\":\"https:\\\/\\\/patagoniambiental.com.ar\\\/info\\\/?s={search_term_string}\"},\"query-input\":{\"@type\":\"PropertyValueSpecification\",\"valueRequired\":true,\"valueName\":\"search_term_string\"}}],\"inLanguage\":\"es\"},{\"@type\":\"Organization\",\"@id\":\"https:\\\/\\\/patagoniambiental.com.ar\\\/info\\\/#organization\",\"name\":\"Patagonia Ambiental\",\"url\":\"https:\\\/\\\/patagoniambiental.com.ar\\\/info\\\/\",\"logo\":{\"@type\":\"ImageObject\",\"inLanguage\":\"es\",\"@id\":\"https:\\\/\\\/patagoniambiental.com.ar\\\/info\\\/#\\\/schema\\\/logo\\\/image\\\/\",\"url\":\"https:\\\/\\\/patagoniambiental.com.ar\\\/info\\\/wp-content\\\/uploads\\\/2025\\\/05\\\/LOGO-PATAGONIA-AMBIENTAL.png\",\"contentUrl\":\"https:\\\/\\\/patagoniambiental.com.ar\\\/info\\\/wp-content\\\/uploads\\\/2025\\\/05\\\/LOGO-PATAGONIA-AMBIENTAL.png\",\"width\":433,\"height\":250,\"caption\":\"Patagonia Ambiental\"},\"image\":{\"@id\":\"https:\\\/\\\/patagoniambiental.com.ar\\\/info\\\/#\\\/schema\\\/logo\\\/image\\\/\"},\"sameAs\":[\"https:\\\/\\\/www.facebook.com\\\/patagonia.ambiental\",\"https:\\\/\\\/x.com\\\/PatAmb\"]},{\"@type\":\"Person\",\"@id\":\"https:\\\/\\\/patagoniambiental.com.ar\\\/info\\\/#\\\/schema\\\/person\\\/db12bff64bbcbf6a253710bf0ea37b5d\",\"name\":\"Patagonia Ambiental\",\"description\":\"Andr\u00e9s Nievas T\u00e9cnico en manejo ambiental, consultor Ambiental y escritor para medios locales e internacionales sobre temas de geopolitica y medio ambiente.\",\"sameAs\":[\"http:\\\/\\\/www.patagoniambiental.com.ar\",\"https:\\\/\\\/www.facebook.com\\\/share\\\/1C1V8Gv9BX\\\/?mibextid=qi2Omg\",\"@patagoniambiental\",\"https:\\\/\\\/youtube.com\\\/@patagoniaambiental2023?si=BLt58t0wuXquxlYZ\"]}]}<\/script>\n<!-- \/ Yoast SEO Premium plugin. -->","yoast_head_json":{"title":"LA PROVINCIA CONTIN\u00daA CON LAS ACCIONES EN DEFENSA DE LOS RECURSOS NATURALES DE MALVINAS","robots":{"index":"index","follow":"follow","max-snippet":"max-snippet:-1","max-image-preview":"max-image-preview:large","max-video-preview":"max-video-preview:-1"},"canonical":"https:\/\/patagoniambiental.com.ar\/info\/la-provincia-continua-con-las-acciones-en-defensa-de-los-recursos-naturales-de-malvinas\/","og_locale":"es_ES","og_type":"article","og_title":"LA PROVINCIA CONTIN\u00daA CON LAS ACCIONES EN DEFENSA DE LOS RECURSOS NATURALES DE MALVINAS","og_description":"Tierra del Fuego, AIAS.-Por\u00a0Armando Cabral.Mart 22\/05\/18.- Ante la decisi\u00f3n de Canciller\u00eda de excluir a representantes provinciales de la reuni\u00f3n del [&hellip;]","og_url":"https:\/\/patagoniambiental.com.ar\/info\/la-provincia-continua-con-las-acciones-en-defensa-de-los-recursos-naturales-de-malvinas\/","og_site_name":"Patagonia Ambiental","article_publisher":"https:\/\/www.facebook.com\/patagonia.ambiental","article_author":"https:\/\/www.facebook.com\/share\/1C1V8Gv9BX\/?mibextid=qi2Omg","article_published_time":"2018-05-24T22:00:34+00:00","og_image":[{"width":600,"height":600,"url":"https:\/\/patagoniambiental.com.ar\/info\/wp-content\/uploads\/2018\/05\/vazquez-luis.jpg","type":"image\/jpeg"}],"author":"Patagonia Ambiental","twitter_card":"summary_large_image","twitter_creator":"@PatAmb","twitter_site":"@PatAmb","schema":{"@context":"https:\/\/schema.org","@graph":[{"@type":"Article","@id":"https:\/\/patagoniambiental.com.ar\/info\/la-provincia-continua-con-las-acciones-en-defensa-de-los-recursos-naturales-de-malvinas\/#article","isPartOf":{"@id":"https:\/\/patagoniambiental.com.ar\/info\/la-provincia-continua-con-las-acciones-en-defensa-de-los-recursos-naturales-de-malvinas\/"},"author":{"name":"Patagonia Ambiental","@id":"https:\/\/patagoniambiental.com.ar\/info\/#\/schema\/person\/db12bff64bbcbf6a253710bf0ea37b5d"},"headline":"LA PROVINCIA CONTIN\u00daA CON LAS ACCIONES EN DEFENSA DE LOS RECURSOS NATURALES DE MALVINAS","datePublished":"2018-05-24T22:00:34+00:00","mainEntityOfPage":{"@id":"https:\/\/patagoniambiental.com.ar\/info\/la-provincia-continua-con-las-acciones-en-defensa-de-los-recursos-naturales-de-malvinas\/"},"wordCount":554,"commentCount":0,"publisher":{"@id":"https:\/\/patagoniambiental.com.ar\/info\/#organization"},"image":{"@id":"https:\/\/patagoniambiental.com.ar\/info\/la-provincia-continua-con-las-acciones-en-defensa-de-los-recursos-naturales-de-malvinas\/#primaryimage"},"thumbnailUrl":"https:\/\/patagoniambiental.com.ar\/info\/wp-content\/uploads\/2018\/05\/vazquez-luis.jpg","articleSection":["Internacionales","Noticias"],"inLanguage":"es","potentialAction":[{"@type":"CommentAction","name":"Comment","target":["https:\/\/patagoniambiental.com.ar\/info\/la-provincia-continua-con-las-acciones-en-defensa-de-los-recursos-naturales-de-malvinas\/#respond"]}]},{"@type":"WebPage","@id":"https:\/\/patagoniambiental.com.ar\/info\/la-provincia-continua-con-las-acciones-en-defensa-de-los-recursos-naturales-de-malvinas\/","url":"https:\/\/patagoniambiental.com.ar\/info\/la-provincia-continua-con-las-acciones-en-defensa-de-los-recursos-naturales-de-malvinas\/","name":"LA PROVINCIA CONTIN\u00daA CON LAS ACCIONES EN DEFENSA DE LOS RECURSOS NATURALES DE MALVINAS","isPartOf":{"@id":"https:\/\/patagoniambiental.com.ar\/info\/#website"},"primaryImageOfPage":{"@id":"https:\/\/patagoniambiental.com.ar\/info\/la-provincia-continua-con-las-acciones-en-defensa-de-los-recursos-naturales-de-malvinas\/#primaryimage"},"image":{"@id":"https:\/\/patagoniambiental.com.ar\/info\/la-provincia-continua-con-las-acciones-en-defensa-de-los-recursos-naturales-de-malvinas\/#primaryimage"},"thumbnailUrl":"https:\/\/patagoniambiental.com.ar\/info\/wp-content\/uploads\/2018\/05\/vazquez-luis.jpg","datePublished":"2018-05-24T22:00:34+00:00","breadcrumb":{"@id":"https:\/\/patagoniambiental.com.ar\/info\/la-provincia-continua-con-las-acciones-en-defensa-de-los-recursos-naturales-de-malvinas\/#breadcrumb"},"inLanguage":"es","potentialAction":[{"@type":"ReadAction","target":["https:\/\/patagoniambiental.com.ar\/info\/la-provincia-continua-con-las-acciones-en-defensa-de-los-recursos-naturales-de-malvinas\/"]}]},{"@type":"ImageObject","inLanguage":"es","@id":"https:\/\/patagoniambiental.com.ar\/info\/la-provincia-continua-con-las-acciones-en-defensa-de-los-recursos-naturales-de-malvinas\/#primaryimage","url":"https:\/\/patagoniambiental.com.ar\/info\/wp-content\/uploads\/2018\/05\/vazquez-luis.jpg","contentUrl":"https:\/\/patagoniambiental.com.ar\/info\/wp-content\/uploads\/2018\/05\/vazquez-luis.jpg","width":600,"height":600},{"@type":"BreadcrumbList","@id":"https:\/\/patagoniambiental.com.ar\/info\/la-provincia-continua-con-las-acciones-en-defensa-de-los-recursos-naturales-de-malvinas\/#breadcrumb","itemListElement":[{"@type":"ListItem","position":1,"name":"Inicio","item":"https:\/\/patagoniambiental.com.ar\/info\/"},{"@type":"ListItem","position":2,"name":"LA PROVINCIA CONTIN\u00daA CON LAS ACCIONES EN DEFENSA DE LOS RECURSOS NATURALES DE MALVINAS"}]},{"@type":"WebSite","@id":"https:\/\/patagoniambiental.com.ar\/info\/#website","url":"https:\/\/patagoniambiental.com.ar\/info\/","name":"Patagonia Ambiental","description":"Monitoreo y an\u00e1lisis de la situaci\u00f3n geopol\u00edtica en el mundo y su implicancia en la Patagonia","publisher":{"@id":"https:\/\/patagoniambiental.com.ar\/info\/#organization"},"potentialAction":[{"@type":"SearchAction","target":{"@type":"EntryPoint","urlTemplate":"https:\/\/patagoniambiental.com.ar\/info\/?s={search_term_string}"},"query-input":{"@type":"PropertyValueSpecification","valueRequired":true,"valueName":"search_term_string"}}],"inLanguage":"es"},{"@type":"Organization","@id":"https:\/\/patagoniambiental.com.ar\/info\/#organization","name":"Patagonia Ambiental","url":"https:\/\/patagoniambiental.com.ar\/info\/","logo":{"@type":"ImageObject","inLanguage":"es","@id":"https:\/\/patagoniambiental.com.ar\/info\/#\/schema\/logo\/image\/","url":"https:\/\/patagoniambiental.com.ar\/info\/wp-content\/uploads\/2025\/05\/LOGO-PATAGONIA-AMBIENTAL.png","contentUrl":"https:\/\/patagoniambiental.com.ar\/info\/wp-content\/uploads\/2025\/05\/LOGO-PATAGONIA-AMBIENTAL.png","width":433,"height":250,"caption":"Patagonia Ambiental"},"image":{"@id":"https:\/\/patagoniambiental.com.ar\/info\/#\/schema\/logo\/image\/"},"sameAs":["https:\/\/www.facebook.com\/patagonia.ambiental","https:\/\/x.com\/PatAmb"]},{"@type":"Person","@id":"https:\/\/patagoniambiental.com.ar\/info\/#\/schema\/person\/db12bff64bbcbf6a253710bf0ea37b5d","name":"Patagonia Ambiental","description":"Andr\u00e9s Nievas T\u00e9cnico en manejo ambiental, consultor Ambiental y escritor para medios locales e internacionales sobre temas de geopolitica y medio ambiente.","sameAs":["http:\/\/www.patagoniambiental.com.ar","https:\/\/www.facebook.com\/share\/1C1V8Gv9BX\/?mibextid=qi2Omg","@patagoniambiental","https:\/\/youtube.com\/@patagoniaambiental2023?si=BLt58t0wuXquxlYZ"]}]}},"_links":{"self":[{"href":"https:\/\/patagoniambiental.com.ar\/info\/wp-json\/wp\/v2\/posts\/46966","targetHints":{"allow":["GET"]}}],"collection":[{"href":"https:\/\/patagoniambiental.com.ar\/info\/wp-json\/wp\/v2\/posts"}],"about":[{"href":"https:\/\/patagoniambiental.com.ar\/info\/wp-json\/wp\/v2\/types\/post"}],"author":[{"embeddable":true,"href":"https:\/\/patagoniambiental.com.ar\/info\/wp-json\/wp\/v2\/users\/2"}],"replies":[{"embeddable":true,"href":"https:\/\/patagoniambiental.com.ar\/info\/wp-json\/wp\/v2\/comments?post=46966"}],"version-history":[{"count":0,"href":"https:\/\/patagoniambiental.com.ar\/info\/wp-json\/wp\/v2\/posts\/46966\/revisions"}],"wp:featuredmedia":[{"embeddable":true,"href":"https:\/\/patagoniambiental.com.ar\/info\/wp-json\/wp\/v2\/media\/46967"}],"wp:attachment":[{"href":"https:\/\/patagoniambiental.com.ar\/info\/wp-json\/wp\/v2\/media?parent=46966"}],"wp:term":[{"taxonomy":"category","embeddable":true,"href":"https:\/\/patagoniambiental.com.ar\/info\/wp-json\/wp\/v2\/categories?post=46966"},{"taxonomy":"post_tag","embeddable":true,"href":"https:\/\/patagoniambiental.com.ar\/info\/wp-json\/wp\/v2\/tags?post=46966"}],"curies":[{"name":"wp","href":"https:\/\/api.w.org\/{rel}","templated":true}]}}