{"id":47009,"date":"2018-05-24T09:00:19","date_gmt":"2018-05-24T12:00:19","guid":{"rendered":"http:\/\/patagoniambiental.com.ar\/info\/?p=47009"},"modified":"2018-05-23T20:28:43","modified_gmt":"2018-05-23T23:28:43","slug":"islandia-absorbe-co2-y-lo-convierte-en-rocas-en-su-lucha-contra-el-cambio-climatico","status":"publish","type":"post","link":"https:\/\/patagoniambiental.com.ar\/info\/islandia-absorbe-co2-y-lo-convierte-en-rocas-en-su-lucha-contra-el-cambio-climatico\/","title":{"rendered":"Islandia absorbe CO2 y lo convierte en rocas en su lucha contra el cambio clim\u00e1tico"},"content":{"rendered":"<p>De las diferentes formas que se han visto en el mundo en ese intento por combatir el\u00a0<a href=\"https:\/\/larepublica.pe\/tag\/cambio-climatico\">cambio clim\u00e1tico<\/a>, la de Islandia sin duda es la m\u00e1s sofisticada y ambiciosa, y es que est\u00e1 poniendo a prueba una soluci\u00f3n de alta tecnolog\u00eda llamada\u00a0<strong>Hellisheidi<\/strong>.<\/p>\n<p>Se trata de una de las plantas geot\u00e9rmicas m\u00e1s grandes del mundo, que a la vez es la encargada de lograr que en Islandia el 100 % de la energ\u00eda el\u00e9ctrica provenga de recursos renovables.<\/p>\n<p>Este imponente centro de energ\u00eda verde ahora tiene un nuevo e impresionante reto: capturar el\u00a0<a href=\"https:\/\/larepublica.pe\/mundo\/1240767-estados-unidos-casa-blanca-cancela-proyecto-calentamiento-global\">di\u00f3xido de carbono<\/a>\u00a0(CO2) de la atm\u00f3sfera y convertirlo en piedras que queden en ese estado debajo de la superficie para siempre.<\/p>\n<p><a href=\"https:\/\/aweita.larepublica.pe\/magazine\/11488-por-que-las-mujeres-de-islandia-se-han-vuelto-populares-son-las-mas-esperadas-en-rusia-2018-fotos\">Islandia<\/a>\u00a0pretende combatir las emisiones del CO2 \u2014que alcanz\u00f3 un r\u00e9cord de 32,5 mil millones de toneladas\u2014 con esta planta que funciona gracias a que coexiste con una zona volc\u00e1nica donde aprovechan la energ\u00eda del lugar y el vapor para poder generar la electricidad necesaria para su funcionamiento.<\/p>\n<p>CarbFix es el nombre del proyecto \u2014en marcha desde 2014\u2014\u00a0que est\u00e1 a cargo de la empresa de energ\u00eda Reikiavik, la\u00a0<strong>Universidad de Islandia<\/strong>, el Centro Nacional de Investigaci\u00f3n Cient\u00edfica de Francia, la\u00a0<strong>Universidad de Columbia<\/strong>\u00a0y la\u00a0<strong>Universidad de Nueva York<\/strong>.<\/p>\n<p>Cuatro a\u00f1os despu\u00e9s se ha consolidado como el primer proyecto capaz de limpiar un tercio de las emisiones que genera la planta anualmente: Hellisheidi aspira el\u00a0<a href=\"https:\/\/larepublica.pe\/sociedad\/1134501-censo-2017-el-peru-dejaran-de-emitir-14700-toneladas-de-co2-durante-la-jornada\">CO2<\/a>\u00a0que se encuentra en el aire y lo almacena bajo tierra.<\/p>\n<h3>\u00bfC\u00f3mo funciona el Hellisheidi?<\/h3>\n<p>Seg\u00fan recoge un reportaje de la\u00a0<em>BBC<\/em>, el Hellisheidi primero captura el di\u00f3xido de carbono que encuentran en el vapor, este pasa por una estaci\u00f3n de separaci\u00f3n de gases donde los transforman en agua, despu\u00e9s lo transportan a trav\u00e9s de unas tuber\u00edas a un sitio donde inyectan el agua en el subsuelo, donde las reacciones qu\u00edmicas naturales de la Tierra ayudan a que con el paso de los a\u00f1os se vaya convirtiendo en rocas de forma permanente.<\/p>\n<h3>\u00bfPor qu\u00e9 ser\u00eda dif\u00edcil copiar el proyecto en otros pa\u00edses?<\/h3>\n<p>Es costoso. Expertos se\u00f1alan que se necesita de 50 a 120 d\u00f3lares por tonelada de carbono procesada. Adem\u00e1s, requiere de mucha agua, f\u00e1cil de conseguir en Islandia, pero todo un desaf\u00edo en otros pa\u00edses.<\/p>\n<div id=\"Videoinread\" class=\"atm-banner-videoinread\"><\/div>\n<div style=\"text-align: left\">Fuente:\u00a0https:\/\/larepublica.pe\/mundo\/1247504-islandia-absorbe-co2-convierte-rocas-lucha-cambio-climatico-video<\/div>\n","protected":false},"excerpt":{"rendered":"<p>De las diferentes formas que se han visto en el mundo en ese intento por combatir el\u00a0cambio clim\u00e1tico, la de [&hellip;]<\/p>\n","protected":false},"author":2,"featured_media":47010,"comment_status":"open","ping_status":"open","sticky":false,"template":"","format":"standard","meta":{"site-sidebar-layout":"default","site-content-layout":"","ast-site-content-layout":"default","site-content-style":"default","site-sidebar-style":"default","ast-global-header-display":"","ast-banner-title-visibility":"","ast-main-header-display":"","ast-hfb-above-header-display":"","ast-hfb-below-header-display":"","ast-hfb-mobile-header-display":"","site-post-title":"","ast-breadcrumbs-content":"","ast-featured-img":"","footer-sml-layout":"","ast-disable-related-posts":"","theme-transparent-header-meta":"","adv-header-id-meta":"","stick-header-meta":"","header-above-stick-meta":"","header-main-stick-meta":"","header-below-stick-meta":"","astra-migrate-meta-layouts":"default","ast-page-background-enabled":"default","ast-page-background-meta":{"desktop":{"background-color":"var(--ast-global-color-5)","background-image":"","background-repeat":"repeat","background-position":"center center","background-size":"auto","background-attachment":"scroll","background-type":"","background-media":"","overlay-type":"","overlay-color":"","overlay-opacity":"","overlay-gradient":""},"tablet":{"background-color":"","background-image":"","background-repeat":"repeat","background-position":"center center","background-size":"auto","background-attachment":"scroll","background-type":"","background-media":"","overlay-type":"","overlay-color":"","overlay-opacity":"","overlay-gradient":""},"mobile":{"background-color":"","background-image":"","background-repeat":"repeat","background-position":"center center","background-size":"auto","background-attachment":"scroll","background-type":"","background-media":"","overlay-type":"","overlay-color":"","overlay-opacity":"","overlay-gradient":""}},"ast-content-background-meta":{"desktop":{"background-color":"var(--ast-global-color-4)","background-image":"","background-repeat":"repeat","background-position":"center center","background-size":"auto","background-attachment":"scroll","background-type":"","background-media":"","overlay-type":"","overlay-color":"","overlay-opacity":"","overlay-gradient":""},"tablet":{"background-color":"var(--ast-global-color-4)","background-image":"","background-repeat":"repeat","background-position":"center center","background-size":"auto","background-attachment":"scroll","background-type":"","background-media":"","overlay-type":"","overlay-color":"","overlay-opacity":"","overlay-gradient":""},"mobile":{"background-color":"var(--ast-global-color-4)","background-image":"","background-repeat":"repeat","background-position":"center center","background-size":"auto","background-attachment":"scroll","background-type":"","background-media":"","overlay-type":"","overlay-color":"","overlay-opacity":"","overlay-gradient":""}},"footnotes":""},"categories":[23,1],"tags":[],"class_list":["post-47009","post","type-post","status-publish","format-standard","has-post-thumbnail","hentry","category-internacionales","category-noticias"],"yoast_head":"<!-- This site is optimized with the Yoast SEO Premium plugin v23.0 (Yoast SEO v27.4) - https:\/\/yoast.com\/product\/yoast-seo-premium-wordpress\/ -->\n<title>Islandia absorbe CO2 y lo convierte en rocas en su lucha contra el cambio clim\u00e1tico<\/title>\n<meta name=\"robots\" content=\"index, follow, max-snippet:-1, max-image-preview:large, max-video-preview:-1\" \/>\n<link rel=\"canonical\" href=\"https:\/\/patagoniambiental.com.ar\/info\/islandia-absorbe-co2-y-lo-convierte-en-rocas-en-su-lucha-contra-el-cambio-climatico\/\" \/>\n<meta property=\"og:locale\" content=\"es_ES\" \/>\n<meta property=\"og:type\" content=\"article\" \/>\n<meta property=\"og:title\" content=\"Islandia absorbe CO2 y lo convierte en rocas en su lucha contra el cambio clim\u00e1tico\" \/>\n<meta property=\"og:description\" content=\"De las diferentes formas que se han visto en el mundo en ese intento por combatir el\u00a0cambio clim\u00e1tico, la de [&hellip;]\" \/>\n<meta property=\"og:url\" content=\"https:\/\/patagoniambiental.com.ar\/info\/islandia-absorbe-co2-y-lo-convierte-en-rocas-en-su-lucha-contra-el-cambio-climatico\/\" \/>\n<meta property=\"og:site_name\" content=\"Patagonia Ambiental\" \/>\n<meta property=\"article:publisher\" content=\"https:\/\/www.facebook.com\/patagonia.ambiental\" \/>\n<meta property=\"article:author\" content=\"https:\/\/www.facebook.com\/share\/1C1V8Gv9BX\/?mibextid=qi2Omg\" \/>\n<meta property=\"article:published_time\" content=\"2018-05-24T12:00:19+00:00\" \/>\n<meta property=\"og:image\" content=\"https:\/\/patagoniambiental.com.ar\/info\/wp-content\/uploads\/2018\/05\/islandia.png\" \/>\n\t<meta property=\"og:image:width\" content=\"830\" \/>\n\t<meta property=\"og:image:height\" content=\"470\" \/>\n\t<meta property=\"og:image:type\" content=\"image\/png\" \/>\n<meta name=\"author\" content=\"Patagonia Ambiental\" \/>\n<meta name=\"twitter:card\" content=\"summary_large_image\" \/>\n<meta name=\"twitter:creator\" content=\"@PatAmb\" \/>\n<meta name=\"twitter:site\" content=\"@PatAmb\" \/>\n<script type=\"application\/ld+json\" class=\"yoast-schema-graph\">{\"@context\":\"https:\\\/\\\/schema.org\",\"@graph\":[{\"@type\":\"Article\",\"@id\":\"https:\\\/\\\/patagoniambiental.com.ar\\\/info\\\/islandia-absorbe-co2-y-lo-convierte-en-rocas-en-su-lucha-contra-el-cambio-climatico\\\/#article\",\"isPartOf\":{\"@id\":\"https:\\\/\\\/patagoniambiental.com.ar\\\/info\\\/islandia-absorbe-co2-y-lo-convierte-en-rocas-en-su-lucha-contra-el-cambio-climatico\\\/\"},\"author\":{\"name\":\"Patagonia Ambiental\",\"@id\":\"https:\\\/\\\/patagoniambiental.com.ar\\\/info\\\/#\\\/schema\\\/person\\\/db12bff64bbcbf6a253710bf0ea37b5d\"},\"headline\":\"Islandia absorbe CO2 y lo convierte en rocas en su lucha contra el cambio clim\u00e1tico\",\"datePublished\":\"2018-05-24T12:00:19+00:00\",\"mainEntityOfPage\":{\"@id\":\"https:\\\/\\\/patagoniambiental.com.ar\\\/info\\\/islandia-absorbe-co2-y-lo-convierte-en-rocas-en-su-lucha-contra-el-cambio-climatico\\\/\"},\"wordCount\":424,\"commentCount\":0,\"publisher\":{\"@id\":\"https:\\\/\\\/patagoniambiental.com.ar\\\/info\\\/#organization\"},\"image\":{\"@id\":\"https:\\\/\\\/patagoniambiental.com.ar\\\/info\\\/islandia-absorbe-co2-y-lo-convierte-en-rocas-en-su-lucha-contra-el-cambio-climatico\\\/#primaryimage\"},\"thumbnailUrl\":\"https:\\\/\\\/patagoniambiental.com.ar\\\/info\\\/wp-content\\\/uploads\\\/2018\\\/05\\\/islandia.png\",\"articleSection\":[\"Internacionales\",\"Noticias\"],\"inLanguage\":\"es\",\"potentialAction\":[{\"@type\":\"CommentAction\",\"name\":\"Comment\",\"target\":[\"https:\\\/\\\/patagoniambiental.com.ar\\\/info\\\/islandia-absorbe-co2-y-lo-convierte-en-rocas-en-su-lucha-contra-el-cambio-climatico\\\/#respond\"]}]},{\"@type\":\"WebPage\",\"@id\":\"https:\\\/\\\/patagoniambiental.com.ar\\\/info\\\/islandia-absorbe-co2-y-lo-convierte-en-rocas-en-su-lucha-contra-el-cambio-climatico\\\/\",\"url\":\"https:\\\/\\\/patagoniambiental.com.ar\\\/info\\\/islandia-absorbe-co2-y-lo-convierte-en-rocas-en-su-lucha-contra-el-cambio-climatico\\\/\",\"name\":\"Islandia absorbe CO2 y lo convierte en rocas en su lucha contra el cambio clim\u00e1tico\",\"isPartOf\":{\"@id\":\"https:\\\/\\\/patagoniambiental.com.ar\\\/info\\\/#website\"},\"primaryImageOfPage\":{\"@id\":\"https:\\\/\\\/patagoniambiental.com.ar\\\/info\\\/islandia-absorbe-co2-y-lo-convierte-en-rocas-en-su-lucha-contra-el-cambio-climatico\\\/#primaryimage\"},\"image\":{\"@id\":\"https:\\\/\\\/patagoniambiental.com.ar\\\/info\\\/islandia-absorbe-co2-y-lo-convierte-en-rocas-en-su-lucha-contra-el-cambio-climatico\\\/#primaryimage\"},\"thumbnailUrl\":\"https:\\\/\\\/patagoniambiental.com.ar\\\/info\\\/wp-content\\\/uploads\\\/2018\\\/05\\\/islandia.png\",\"datePublished\":\"2018-05-24T12:00:19+00:00\",\"breadcrumb\":{\"@id\":\"https:\\\/\\\/patagoniambiental.com.ar\\\/info\\\/islandia-absorbe-co2-y-lo-convierte-en-rocas-en-su-lucha-contra-el-cambio-climatico\\\/#breadcrumb\"},\"inLanguage\":\"es\",\"potentialAction\":[{\"@type\":\"ReadAction\",\"target\":[\"https:\\\/\\\/patagoniambiental.com.ar\\\/info\\\/islandia-absorbe-co2-y-lo-convierte-en-rocas-en-su-lucha-contra-el-cambio-climatico\\\/\"]}]},{\"@type\":\"ImageObject\",\"inLanguage\":\"es\",\"@id\":\"https:\\\/\\\/patagoniambiental.com.ar\\\/info\\\/islandia-absorbe-co2-y-lo-convierte-en-rocas-en-su-lucha-contra-el-cambio-climatico\\\/#primaryimage\",\"url\":\"https:\\\/\\\/patagoniambiental.com.ar\\\/info\\\/wp-content\\\/uploads\\\/2018\\\/05\\\/islandia.png\",\"contentUrl\":\"https:\\\/\\\/patagoniambiental.com.ar\\\/info\\\/wp-content\\\/uploads\\\/2018\\\/05\\\/islandia.png\",\"width\":830,\"height\":470},{\"@type\":\"BreadcrumbList\",\"@id\":\"https:\\\/\\\/patagoniambiental.com.ar\\\/info\\\/islandia-absorbe-co2-y-lo-convierte-en-rocas-en-su-lucha-contra-el-cambio-climatico\\\/#breadcrumb\",\"itemListElement\":[{\"@type\":\"ListItem\",\"position\":1,\"name\":\"Inicio\",\"item\":\"https:\\\/\\\/patagoniambiental.com.ar\\\/info\\\/\"},{\"@type\":\"ListItem\",\"position\":2,\"name\":\"Islandia absorbe CO2 y lo convierte en rocas en su lucha contra el cambio clim\u00e1tico\"}]},{\"@type\":\"WebSite\",\"@id\":\"https:\\\/\\\/patagoniambiental.com.ar\\\/info\\\/#website\",\"url\":\"https:\\\/\\\/patagoniambiental.com.ar\\\/info\\\/\",\"name\":\"Patagonia Ambiental\",\"description\":\"Monitoreo y an\u00e1lisis de la situaci\u00f3n geopol\u00edtica en el mundo y su implicancia en la Patagonia\",\"publisher\":{\"@id\":\"https:\\\/\\\/patagoniambiental.com.ar\\\/info\\\/#organization\"},\"potentialAction\":[{\"@type\":\"SearchAction\",\"target\":{\"@type\":\"EntryPoint\",\"urlTemplate\":\"https:\\\/\\\/patagoniambiental.com.ar\\\/info\\\/?s={search_term_string}\"},\"query-input\":{\"@type\":\"PropertyValueSpecification\",\"valueRequired\":true,\"valueName\":\"search_term_string\"}}],\"inLanguage\":\"es\"},{\"@type\":\"Organization\",\"@id\":\"https:\\\/\\\/patagoniambiental.com.ar\\\/info\\\/#organization\",\"name\":\"Patagonia Ambiental\",\"url\":\"https:\\\/\\\/patagoniambiental.com.ar\\\/info\\\/\",\"logo\":{\"@type\":\"ImageObject\",\"inLanguage\":\"es\",\"@id\":\"https:\\\/\\\/patagoniambiental.com.ar\\\/info\\\/#\\\/schema\\\/logo\\\/image\\\/\",\"url\":\"https:\\\/\\\/patagoniambiental.com.ar\\\/info\\\/wp-content\\\/uploads\\\/2025\\\/05\\\/LOGO-PATAGONIA-AMBIENTAL.png\",\"contentUrl\":\"https:\\\/\\\/patagoniambiental.com.ar\\\/info\\\/wp-content\\\/uploads\\\/2025\\\/05\\\/LOGO-PATAGONIA-AMBIENTAL.png\",\"width\":433,\"height\":250,\"caption\":\"Patagonia Ambiental\"},\"image\":{\"@id\":\"https:\\\/\\\/patagoniambiental.com.ar\\\/info\\\/#\\\/schema\\\/logo\\\/image\\\/\"},\"sameAs\":[\"https:\\\/\\\/www.facebook.com\\\/patagonia.ambiental\",\"https:\\\/\\\/x.com\\\/PatAmb\"]},{\"@type\":\"Person\",\"@id\":\"https:\\\/\\\/patagoniambiental.com.ar\\\/info\\\/#\\\/schema\\\/person\\\/db12bff64bbcbf6a253710bf0ea37b5d\",\"name\":\"Patagonia Ambiental\",\"description\":\"Andr\u00e9s Nievas T\u00e9cnico en manejo ambiental, consultor Ambiental y escritor para medios locales e internacionales sobre temas de geopolitica y medio ambiente.\",\"sameAs\":[\"http:\\\/\\\/www.patagoniambiental.com.ar\",\"https:\\\/\\\/www.facebook.com\\\/share\\\/1C1V8Gv9BX\\\/?mibextid=qi2Omg\",\"@patagoniambiental\",\"https:\\\/\\\/youtube.com\\\/@patagoniaambiental2023?si=BLt58t0wuXquxlYZ\"]}]}<\/script>\n<!-- \/ Yoast SEO Premium plugin. -->","yoast_head_json":{"title":"Islandia absorbe CO2 y lo convierte en rocas en su lucha contra el cambio clim\u00e1tico","robots":{"index":"index","follow":"follow","max-snippet":"max-snippet:-1","max-image-preview":"max-image-preview:large","max-video-preview":"max-video-preview:-1"},"canonical":"https:\/\/patagoniambiental.com.ar\/info\/islandia-absorbe-co2-y-lo-convierte-en-rocas-en-su-lucha-contra-el-cambio-climatico\/","og_locale":"es_ES","og_type":"article","og_title":"Islandia absorbe CO2 y lo convierte en rocas en su lucha contra el cambio clim\u00e1tico","og_description":"De las diferentes formas que se han visto en el mundo en ese intento por combatir el\u00a0cambio clim\u00e1tico, la de [&hellip;]","og_url":"https:\/\/patagoniambiental.com.ar\/info\/islandia-absorbe-co2-y-lo-convierte-en-rocas-en-su-lucha-contra-el-cambio-climatico\/","og_site_name":"Patagonia Ambiental","article_publisher":"https:\/\/www.facebook.com\/patagonia.ambiental","article_author":"https:\/\/www.facebook.com\/share\/1C1V8Gv9BX\/?mibextid=qi2Omg","article_published_time":"2018-05-24T12:00:19+00:00","og_image":[{"width":830,"height":470,"url":"https:\/\/patagoniambiental.com.ar\/info\/wp-content\/uploads\/2018\/05\/islandia.png","type":"image\/png"}],"author":"Patagonia Ambiental","twitter_card":"summary_large_image","twitter_creator":"@PatAmb","twitter_site":"@PatAmb","schema":{"@context":"https:\/\/schema.org","@graph":[{"@type":"Article","@id":"https:\/\/patagoniambiental.com.ar\/info\/islandia-absorbe-co2-y-lo-convierte-en-rocas-en-su-lucha-contra-el-cambio-climatico\/#article","isPartOf":{"@id":"https:\/\/patagoniambiental.com.ar\/info\/islandia-absorbe-co2-y-lo-convierte-en-rocas-en-su-lucha-contra-el-cambio-climatico\/"},"author":{"name":"Patagonia Ambiental","@id":"https:\/\/patagoniambiental.com.ar\/info\/#\/schema\/person\/db12bff64bbcbf6a253710bf0ea37b5d"},"headline":"Islandia absorbe CO2 y lo convierte en rocas en su lucha contra el cambio clim\u00e1tico","datePublished":"2018-05-24T12:00:19+00:00","mainEntityOfPage":{"@id":"https:\/\/patagoniambiental.com.ar\/info\/islandia-absorbe-co2-y-lo-convierte-en-rocas-en-su-lucha-contra-el-cambio-climatico\/"},"wordCount":424,"commentCount":0,"publisher":{"@id":"https:\/\/patagoniambiental.com.ar\/info\/#organization"},"image":{"@id":"https:\/\/patagoniambiental.com.ar\/info\/islandia-absorbe-co2-y-lo-convierte-en-rocas-en-su-lucha-contra-el-cambio-climatico\/#primaryimage"},"thumbnailUrl":"https:\/\/patagoniambiental.com.ar\/info\/wp-content\/uploads\/2018\/05\/islandia.png","articleSection":["Internacionales","Noticias"],"inLanguage":"es","potentialAction":[{"@type":"CommentAction","name":"Comment","target":["https:\/\/patagoniambiental.com.ar\/info\/islandia-absorbe-co2-y-lo-convierte-en-rocas-en-su-lucha-contra-el-cambio-climatico\/#respond"]}]},{"@type":"WebPage","@id":"https:\/\/patagoniambiental.com.ar\/info\/islandia-absorbe-co2-y-lo-convierte-en-rocas-en-su-lucha-contra-el-cambio-climatico\/","url":"https:\/\/patagoniambiental.com.ar\/info\/islandia-absorbe-co2-y-lo-convierte-en-rocas-en-su-lucha-contra-el-cambio-climatico\/","name":"Islandia absorbe CO2 y lo convierte en rocas en su lucha contra el cambio clim\u00e1tico","isPartOf":{"@id":"https:\/\/patagoniambiental.com.ar\/info\/#website"},"primaryImageOfPage":{"@id":"https:\/\/patagoniambiental.com.ar\/info\/islandia-absorbe-co2-y-lo-convierte-en-rocas-en-su-lucha-contra-el-cambio-climatico\/#primaryimage"},"image":{"@id":"https:\/\/patagoniambiental.com.ar\/info\/islandia-absorbe-co2-y-lo-convierte-en-rocas-en-su-lucha-contra-el-cambio-climatico\/#primaryimage"},"thumbnailUrl":"https:\/\/patagoniambiental.com.ar\/info\/wp-content\/uploads\/2018\/05\/islandia.png","datePublished":"2018-05-24T12:00:19+00:00","breadcrumb":{"@id":"https:\/\/patagoniambiental.com.ar\/info\/islandia-absorbe-co2-y-lo-convierte-en-rocas-en-su-lucha-contra-el-cambio-climatico\/#breadcrumb"},"inLanguage":"es","potentialAction":[{"@type":"ReadAction","target":["https:\/\/patagoniambiental.com.ar\/info\/islandia-absorbe-co2-y-lo-convierte-en-rocas-en-su-lucha-contra-el-cambio-climatico\/"]}]},{"@type":"ImageObject","inLanguage":"es","@id":"https:\/\/patagoniambiental.com.ar\/info\/islandia-absorbe-co2-y-lo-convierte-en-rocas-en-su-lucha-contra-el-cambio-climatico\/#primaryimage","url":"https:\/\/patagoniambiental.com.ar\/info\/wp-content\/uploads\/2018\/05\/islandia.png","contentUrl":"https:\/\/patagoniambiental.com.ar\/info\/wp-content\/uploads\/2018\/05\/islandia.png","width":830,"height":470},{"@type":"BreadcrumbList","@id":"https:\/\/patagoniambiental.com.ar\/info\/islandia-absorbe-co2-y-lo-convierte-en-rocas-en-su-lucha-contra-el-cambio-climatico\/#breadcrumb","itemListElement":[{"@type":"ListItem","position":1,"name":"Inicio","item":"https:\/\/patagoniambiental.com.ar\/info\/"},{"@type":"ListItem","position":2,"name":"Islandia absorbe CO2 y lo convierte en rocas en su lucha contra el cambio clim\u00e1tico"}]},{"@type":"WebSite","@id":"https:\/\/patagoniambiental.com.ar\/info\/#website","url":"https:\/\/patagoniambiental.com.ar\/info\/","name":"Patagonia Ambiental","description":"Monitoreo y an\u00e1lisis de la situaci\u00f3n geopol\u00edtica en el mundo y su implicancia en la Patagonia","publisher":{"@id":"https:\/\/patagoniambiental.com.ar\/info\/#organization"},"potentialAction":[{"@type":"SearchAction","target":{"@type":"EntryPoint","urlTemplate":"https:\/\/patagoniambiental.com.ar\/info\/?s={search_term_string}"},"query-input":{"@type":"PropertyValueSpecification","valueRequired":true,"valueName":"search_term_string"}}],"inLanguage":"es"},{"@type":"Organization","@id":"https:\/\/patagoniambiental.com.ar\/info\/#organization","name":"Patagonia Ambiental","url":"https:\/\/patagoniambiental.com.ar\/info\/","logo":{"@type":"ImageObject","inLanguage":"es","@id":"https:\/\/patagoniambiental.com.ar\/info\/#\/schema\/logo\/image\/","url":"https:\/\/patagoniambiental.com.ar\/info\/wp-content\/uploads\/2025\/05\/LOGO-PATAGONIA-AMBIENTAL.png","contentUrl":"https:\/\/patagoniambiental.com.ar\/info\/wp-content\/uploads\/2025\/05\/LOGO-PATAGONIA-AMBIENTAL.png","width":433,"height":250,"caption":"Patagonia Ambiental"},"image":{"@id":"https:\/\/patagoniambiental.com.ar\/info\/#\/schema\/logo\/image\/"},"sameAs":["https:\/\/www.facebook.com\/patagonia.ambiental","https:\/\/x.com\/PatAmb"]},{"@type":"Person","@id":"https:\/\/patagoniambiental.com.ar\/info\/#\/schema\/person\/db12bff64bbcbf6a253710bf0ea37b5d","name":"Patagonia Ambiental","description":"Andr\u00e9s Nievas T\u00e9cnico en manejo ambiental, consultor Ambiental y escritor para medios locales e internacionales sobre temas de geopolitica y medio ambiente.","sameAs":["http:\/\/www.patagoniambiental.com.ar","https:\/\/www.facebook.com\/share\/1C1V8Gv9BX\/?mibextid=qi2Omg","@patagoniambiental","https:\/\/youtube.com\/@patagoniaambiental2023?si=BLt58t0wuXquxlYZ"]}]}},"_links":{"self":[{"href":"https:\/\/patagoniambiental.com.ar\/info\/wp-json\/wp\/v2\/posts\/47009","targetHints":{"allow":["GET"]}}],"collection":[{"href":"https:\/\/patagoniambiental.com.ar\/info\/wp-json\/wp\/v2\/posts"}],"about":[{"href":"https:\/\/patagoniambiental.com.ar\/info\/wp-json\/wp\/v2\/types\/post"}],"author":[{"embeddable":true,"href":"https:\/\/patagoniambiental.com.ar\/info\/wp-json\/wp\/v2\/users\/2"}],"replies":[{"embeddable":true,"href":"https:\/\/patagoniambiental.com.ar\/info\/wp-json\/wp\/v2\/comments?post=47009"}],"version-history":[{"count":0,"href":"https:\/\/patagoniambiental.com.ar\/info\/wp-json\/wp\/v2\/posts\/47009\/revisions"}],"wp:featuredmedia":[{"embeddable":true,"href":"https:\/\/patagoniambiental.com.ar\/info\/wp-json\/wp\/v2\/media\/47010"}],"wp:attachment":[{"href":"https:\/\/patagoniambiental.com.ar\/info\/wp-json\/wp\/v2\/media?parent=47009"}],"wp:term":[{"taxonomy":"category","embeddable":true,"href":"https:\/\/patagoniambiental.com.ar\/info\/wp-json\/wp\/v2\/categories?post=47009"},{"taxonomy":"post_tag","embeddable":true,"href":"https:\/\/patagoniambiental.com.ar\/info\/wp-json\/wp\/v2\/tags?post=47009"}],"curies":[{"name":"wp","href":"https:\/\/api.w.org\/{rel}","templated":true}]}}