{"id":47032,"date":"2018-05-24T19:00:00","date_gmt":"2018-05-24T22:00:00","guid":{"rendered":"http:\/\/patagoniambiental.com.ar\/info\/?p=47032"},"modified":"2018-05-24T09:27:45","modified_gmt":"2018-05-24T12:27:45","slug":"mapuches-fueron-a-amsterdam-y-amenazaron-a-la-shell","status":"publish","type":"post","link":"https:\/\/patagoniambiental.com.ar\/info\/mapuches-fueron-a-amsterdam-y-amenazaron-a-la-shell\/","title":{"rendered":"Mapuches fueron a Amsterdam y amenazaron a la Shell"},"content":{"rendered":"<div class=\"entry-top\">\n<p class=\"article-title entry-title\">Amsterdam.-Una delegaci\u00f3n de mapuches de Neuqu\u00e9n, integrada por Gilberto Huilipan, de la Confederaci\u00f3n Mapuche, y Emmanuel Guagliardo, miembro del equipo jur\u00eddico del Observatorio de Derechos Humanos de Pueblos Ind\u00edgenas, particip\u00f3 en Amsterdam y La Haya de unas jornadas internacionales contra el uso de combustibles f\u00f3siles, y particularmente, contra las t\u00e9cnicas de fracking, que actualmente se usan en Vaca Muerta.<\/p>\n<\/div>\n<p><!--more--><\/p>\n<div class=\"clear\"><\/div>\n<article>\n<div id=\"post-57040\" class=\"post post-57040 type-post status-publish format-standard has-post-thumbnail hentry category-politica tag-amsterdam tag-mapuches tag-shell\">\n<div class=\"media-single-content\"><img fetchpriority=\"high\" decoding=\"async\" class=\"attachment-thumbnail-single-image size-thumbnail-single-image wp-post-image alignleft\" src=\"http:\/\/www.diariamenteneuquen.com.ar\/V3.0\/wp-content\/uploads\/2018\/05\/mapuches-en-Amsterdam.jpg\" sizes=\"(max-width: 593px) 100vw, 593px\" srcset=\"http:\/\/www.diariamenteneuquen.com.ar\/V3.0\/wp-content\/uploads\/2018\/05\/mapuches-en-Amsterdam.jpg 593w, http:\/\/www.diariamenteneuquen.com.ar\/V3.0\/wp-content\/uploads\/2018\/05\/mapuches-en-Amsterdam-300x159.jpg 300w, http:\/\/www.diariamenteneuquen.com.ar\/V3.0\/wp-content\/uploads\/2018\/05\/mapuches-en-Amsterdam-500x266.jpg 500w, http:\/\/www.diariamenteneuquen.com.ar\/V3.0\/wp-content\/uploads\/2018\/05\/mapuches-en-Amsterdam-250x133.jpg 250w\" alt=\"\" width=\"593\" height=\"315\" \/><\/div>\n<div class=\"entry\">\n<div class=\"author-right-meta\">\n<div class=\"aut-img\"><\/div>\n<\/div>\n<div class=\"p-first-letter\">\n<p>\u201cHemos podido contarle a la sociedad holandesa el drama que viven nuestras comunidades desde la llegada de la industria hidrocarbur\u00edfera a nuestros territorios, y que el boom de Vaca Muerta se auspicia como una profundizaci\u00f3n de este conflicto\u201d sostuvo desde Amsterdam Gilberto Huilipan.<\/p>\n<p>\u201cHemos dejado una advertencia a los accionistas: si Shell sigue las instrucciones del Gobierno de Macri,\u00a0 si no puede construir una relaci\u00f3n de respeto a nuestros derechos, sus inversiones no estar\u00e1n nunca aseguradas\u201d, sostuvo el dirigente de la Confederaci\u00f3n Mapuche.<\/p>\n<p>Los referentes neuquinos fueron invitados a participar de una campana internacional que llevan adelante\u00a0 organizaciones como Greenpeace, Global Witness, Amnisty Internacional, Free Fosil y comunidades de distintas Etnias Originarias de todos los Continentes,\u00a0 entre otros grupos y colectivos de activistas.<\/p>\n<p>El sentido de la campa\u00f1a es difundir \u201clos desastres ambientales\u201d que produce la industria de extracci\u00f3n de f\u00f3siles en el planeta, \u201cespecialmente la irrupci\u00f3n\u201d del fracking para el desarrollo de\u00a0 los no Convencionales \u201cen Nigeria, Uganda y el Norte de Holanda\u201d.<\/p>\n<p>Durante la sesi\u00f3n de la reuni\u00f3n anual, los referentes neuquinos \u201cexpusieron la situaci\u00f3n de las comunidades mapuches asentadas sobre Vaca Muerta\u201d,\u00a0 y exigieron que\u00a0 la multinacional (se refiere a la holandesa Shell) asuma un compromiso por escrito sobre el cumplimiento irrestricto de los derechos humanos de los pueblos originarios, \u201cespecialmente el Derecho de Consulta Libre Previa e Informada, conforme lo establece el Derecho Internacional a trav\u00e9s del Convenio 169 de la OIT y que obliga, tanto al Estado Nacional como a la propia Shell\u201d.<\/p>\n<p>Fuente:\u00a0http:\/\/www.diariamenteneuquen.com.ar\/V3.0\/2018\/05\/22\/mapuches-fueron-a-amsterdam-y-amenazaron-a-la-shell\/<\/p>\n<\/div>\n<\/div>\n<\/div>\n<\/article>\n","protected":false},"excerpt":{"rendered":"<p>Amsterdam.-Una delegaci\u00f3n de mapuches de Neuqu\u00e9n, integrada por Gilberto Huilipan, de la Confederaci\u00f3n Mapuche, y Emmanuel Guagliardo, miembro del equipo [&hellip;]<\/p>\n","protected":false},"author":2,"featured_media":47033,"comment_status":"open","ping_status":"open","sticky":false,"template":"","format":"standard","meta":{"site-sidebar-layout":"default","site-content-layout":"","ast-site-content-layout":"default","site-content-style":"default","site-sidebar-style":"default","ast-global-header-display":"","ast-banner-title-visibility":"","ast-main-header-display":"","ast-hfb-above-header-display":"","ast-hfb-below-header-display":"","ast-hfb-mobile-header-display":"","site-post-title":"","ast-breadcrumbs-content":"","ast-featured-img":"","footer-sml-layout":"","ast-disable-related-posts":"","theme-transparent-header-meta":"","adv-header-id-meta":"","stick-header-meta":"","header-above-stick-meta":"","header-main-stick-meta":"","header-below-stick-meta":"","astra-migrate-meta-layouts":"default","ast-page-background-enabled":"default","ast-page-background-meta":{"desktop":{"background-color":"var(--ast-global-color-5)","background-image":"","background-repeat":"repeat","background-position":"center center","background-size":"auto","background-attachment":"scroll","background-type":"","background-media":"","overlay-type":"","overlay-color":"","overlay-opacity":"","overlay-gradient":""},"tablet":{"background-color":"","background-image":"","background-repeat":"repeat","background-position":"center center","background-size":"auto","background-attachment":"scroll","background-type":"","background-media":"","overlay-type":"","overlay-color":"","overlay-opacity":"","overlay-gradient":""},"mobile":{"background-color":"","background-image":"","background-repeat":"repeat","background-position":"center center","background-size":"auto","background-attachment":"scroll","background-type":"","background-media":"","overlay-type":"","overlay-color":"","overlay-opacity":"","overlay-gradient":""}},"ast-content-background-meta":{"desktop":{"background-color":"var(--ast-global-color-4)","background-image":"","background-repeat":"repeat","background-position":"center center","background-size":"auto","background-attachment":"scroll","background-type":"","background-media":"","overlay-type":"","overlay-color":"","overlay-opacity":"","overlay-gradient":""},"tablet":{"background-color":"var(--ast-global-color-4)","background-image":"","background-repeat":"repeat","background-position":"center center","background-size":"auto","background-attachment":"scroll","background-type":"","background-media":"","overlay-type":"","overlay-color":"","overlay-opacity":"","overlay-gradient":""},"mobile":{"background-color":"var(--ast-global-color-4)","background-image":"","background-repeat":"repeat","background-position":"center center","background-size":"auto","background-attachment":"scroll","background-type":"","background-media":"","overlay-type":"","overlay-color":"","overlay-opacity":"","overlay-gradient":""}},"footnotes":""},"categories":[23,1],"tags":[],"class_list":["post-47032","post","type-post","status-publish","format-standard","has-post-thumbnail","hentry","category-internacionales","category-noticias"],"yoast_head":"<!-- This site is optimized with the Yoast SEO Premium plugin v23.0 (Yoast SEO v27.4) - https:\/\/yoast.com\/product\/yoast-seo-premium-wordpress\/ -->\n<title>Mapuches fueron a Amsterdam y amenazaron a la Shell<\/title>\n<meta name=\"robots\" content=\"index, follow, max-snippet:-1, max-image-preview:large, max-video-preview:-1\" \/>\n<link rel=\"canonical\" href=\"https:\/\/patagoniambiental.com.ar\/info\/mapuches-fueron-a-amsterdam-y-amenazaron-a-la-shell\/\" \/>\n<meta property=\"og:locale\" content=\"es_ES\" \/>\n<meta property=\"og:type\" content=\"article\" \/>\n<meta property=\"og:title\" content=\"Mapuches fueron a Amsterdam y amenazaron a la Shell\" \/>\n<meta property=\"og:description\" content=\"Amsterdam.-Una delegaci\u00f3n de mapuches de Neuqu\u00e9n, integrada por Gilberto Huilipan, de la Confederaci\u00f3n Mapuche, y Emmanuel Guagliardo, miembro del equipo [&hellip;]\" \/>\n<meta property=\"og:url\" content=\"https:\/\/patagoniambiental.com.ar\/info\/mapuches-fueron-a-amsterdam-y-amenazaron-a-la-shell\/\" \/>\n<meta property=\"og:site_name\" content=\"Patagonia Ambiental\" \/>\n<meta property=\"article:publisher\" content=\"https:\/\/www.facebook.com\/patagonia.ambiental\" \/>\n<meta property=\"article:author\" content=\"https:\/\/www.facebook.com\/share\/1C1V8Gv9BX\/?mibextid=qi2Omg\" \/>\n<meta property=\"article:published_time\" content=\"2018-05-24T22:00:00+00:00\" \/>\n<meta property=\"og:image\" content=\"https:\/\/patagoniambiental.com.ar\/info\/wp-content\/uploads\/2018\/05\/mapuches-en-Amsterdam-1.jpg\" \/>\n\t<meta property=\"og:image:width\" content=\"593\" \/>\n\t<meta property=\"og:image:height\" content=\"315\" \/>\n\t<meta property=\"og:image:type\" content=\"image\/jpeg\" \/>\n<meta name=\"author\" content=\"Patagonia Ambiental\" \/>\n<meta name=\"twitter:card\" content=\"summary_large_image\" \/>\n<meta name=\"twitter:creator\" content=\"@PatAmb\" \/>\n<meta name=\"twitter:site\" content=\"@PatAmb\" \/>\n<script type=\"application\/ld+json\" class=\"yoast-schema-graph\">{\"@context\":\"https:\\\/\\\/schema.org\",\"@graph\":[{\"@type\":\"Article\",\"@id\":\"https:\\\/\\\/patagoniambiental.com.ar\\\/info\\\/mapuches-fueron-a-amsterdam-y-amenazaron-a-la-shell\\\/#article\",\"isPartOf\":{\"@id\":\"https:\\\/\\\/patagoniambiental.com.ar\\\/info\\\/mapuches-fueron-a-amsterdam-y-amenazaron-a-la-shell\\\/\"},\"author\":{\"name\":\"Patagonia Ambiental\",\"@id\":\"https:\\\/\\\/patagoniambiental.com.ar\\\/info\\\/#\\\/schema\\\/person\\\/db12bff64bbcbf6a253710bf0ea37b5d\"},\"headline\":\"Mapuches fueron a Amsterdam y amenazaron a la Shell\",\"datePublished\":\"2018-05-24T22:00:00+00:00\",\"mainEntityOfPage\":{\"@id\":\"https:\\\/\\\/patagoniambiental.com.ar\\\/info\\\/mapuches-fueron-a-amsterdam-y-amenazaron-a-la-shell\\\/\"},\"wordCount\":344,\"commentCount\":0,\"publisher\":{\"@id\":\"https:\\\/\\\/patagoniambiental.com.ar\\\/info\\\/#organization\"},\"image\":{\"@id\":\"https:\\\/\\\/patagoniambiental.com.ar\\\/info\\\/mapuches-fueron-a-amsterdam-y-amenazaron-a-la-shell\\\/#primaryimage\"},\"thumbnailUrl\":\"https:\\\/\\\/patagoniambiental.com.ar\\\/info\\\/wp-content\\\/uploads\\\/2018\\\/05\\\/mapuches-en-Amsterdam-1.jpg\",\"articleSection\":[\"Internacionales\",\"Noticias\"],\"inLanguage\":\"es\",\"potentialAction\":[{\"@type\":\"CommentAction\",\"name\":\"Comment\",\"target\":[\"https:\\\/\\\/patagoniambiental.com.ar\\\/info\\\/mapuches-fueron-a-amsterdam-y-amenazaron-a-la-shell\\\/#respond\"]}]},{\"@type\":\"WebPage\",\"@id\":\"https:\\\/\\\/patagoniambiental.com.ar\\\/info\\\/mapuches-fueron-a-amsterdam-y-amenazaron-a-la-shell\\\/\",\"url\":\"https:\\\/\\\/patagoniambiental.com.ar\\\/info\\\/mapuches-fueron-a-amsterdam-y-amenazaron-a-la-shell\\\/\",\"name\":\"Mapuches fueron a Amsterdam y amenazaron a la Shell\",\"isPartOf\":{\"@id\":\"https:\\\/\\\/patagoniambiental.com.ar\\\/info\\\/#website\"},\"primaryImageOfPage\":{\"@id\":\"https:\\\/\\\/patagoniambiental.com.ar\\\/info\\\/mapuches-fueron-a-amsterdam-y-amenazaron-a-la-shell\\\/#primaryimage\"},\"image\":{\"@id\":\"https:\\\/\\\/patagoniambiental.com.ar\\\/info\\\/mapuches-fueron-a-amsterdam-y-amenazaron-a-la-shell\\\/#primaryimage\"},\"thumbnailUrl\":\"https:\\\/\\\/patagoniambiental.com.ar\\\/info\\\/wp-content\\\/uploads\\\/2018\\\/05\\\/mapuches-en-Amsterdam-1.jpg\",\"datePublished\":\"2018-05-24T22:00:00+00:00\",\"breadcrumb\":{\"@id\":\"https:\\\/\\\/patagoniambiental.com.ar\\\/info\\\/mapuches-fueron-a-amsterdam-y-amenazaron-a-la-shell\\\/#breadcrumb\"},\"inLanguage\":\"es\",\"potentialAction\":[{\"@type\":\"ReadAction\",\"target\":[\"https:\\\/\\\/patagoniambiental.com.ar\\\/info\\\/mapuches-fueron-a-amsterdam-y-amenazaron-a-la-shell\\\/\"]}]},{\"@type\":\"ImageObject\",\"inLanguage\":\"es\",\"@id\":\"https:\\\/\\\/patagoniambiental.com.ar\\\/info\\\/mapuches-fueron-a-amsterdam-y-amenazaron-a-la-shell\\\/#primaryimage\",\"url\":\"https:\\\/\\\/patagoniambiental.com.ar\\\/info\\\/wp-content\\\/uploads\\\/2018\\\/05\\\/mapuches-en-Amsterdam-1.jpg\",\"contentUrl\":\"https:\\\/\\\/patagoniambiental.com.ar\\\/info\\\/wp-content\\\/uploads\\\/2018\\\/05\\\/mapuches-en-Amsterdam-1.jpg\",\"width\":593,\"height\":315},{\"@type\":\"BreadcrumbList\",\"@id\":\"https:\\\/\\\/patagoniambiental.com.ar\\\/info\\\/mapuches-fueron-a-amsterdam-y-amenazaron-a-la-shell\\\/#breadcrumb\",\"itemListElement\":[{\"@type\":\"ListItem\",\"position\":1,\"name\":\"Inicio\",\"item\":\"https:\\\/\\\/patagoniambiental.com.ar\\\/info\\\/\"},{\"@type\":\"ListItem\",\"position\":2,\"name\":\"Mapuches fueron a Amsterdam y amenazaron a la Shell\"}]},{\"@type\":\"WebSite\",\"@id\":\"https:\\\/\\\/patagoniambiental.com.ar\\\/info\\\/#website\",\"url\":\"https:\\\/\\\/patagoniambiental.com.ar\\\/info\\\/\",\"name\":\"Patagonia Ambiental\",\"description\":\"Monitoreo y an\u00e1lisis de la situaci\u00f3n geopol\u00edtica en el mundo y su implicancia en la Patagonia\",\"publisher\":{\"@id\":\"https:\\\/\\\/patagoniambiental.com.ar\\\/info\\\/#organization\"},\"potentialAction\":[{\"@type\":\"SearchAction\",\"target\":{\"@type\":\"EntryPoint\",\"urlTemplate\":\"https:\\\/\\\/patagoniambiental.com.ar\\\/info\\\/?s={search_term_string}\"},\"query-input\":{\"@type\":\"PropertyValueSpecification\",\"valueRequired\":true,\"valueName\":\"search_term_string\"}}],\"inLanguage\":\"es\"},{\"@type\":\"Organization\",\"@id\":\"https:\\\/\\\/patagoniambiental.com.ar\\\/info\\\/#organization\",\"name\":\"Patagonia Ambiental\",\"url\":\"https:\\\/\\\/patagoniambiental.com.ar\\\/info\\\/\",\"logo\":{\"@type\":\"ImageObject\",\"inLanguage\":\"es\",\"@id\":\"https:\\\/\\\/patagoniambiental.com.ar\\\/info\\\/#\\\/schema\\\/logo\\\/image\\\/\",\"url\":\"https:\\\/\\\/patagoniambiental.com.ar\\\/info\\\/wp-content\\\/uploads\\\/2025\\\/05\\\/LOGO-PATAGONIA-AMBIENTAL.png\",\"contentUrl\":\"https:\\\/\\\/patagoniambiental.com.ar\\\/info\\\/wp-content\\\/uploads\\\/2025\\\/05\\\/LOGO-PATAGONIA-AMBIENTAL.png\",\"width\":433,\"height\":250,\"caption\":\"Patagonia Ambiental\"},\"image\":{\"@id\":\"https:\\\/\\\/patagoniambiental.com.ar\\\/info\\\/#\\\/schema\\\/logo\\\/image\\\/\"},\"sameAs\":[\"https:\\\/\\\/www.facebook.com\\\/patagonia.ambiental\",\"https:\\\/\\\/x.com\\\/PatAmb\"]},{\"@type\":\"Person\",\"@id\":\"https:\\\/\\\/patagoniambiental.com.ar\\\/info\\\/#\\\/schema\\\/person\\\/db12bff64bbcbf6a253710bf0ea37b5d\",\"name\":\"Patagonia Ambiental\",\"description\":\"Andr\u00e9s Nievas T\u00e9cnico en manejo ambiental, consultor Ambiental y escritor para medios locales e internacionales sobre temas de geopolitica y medio ambiente.\",\"sameAs\":[\"http:\\\/\\\/www.patagoniambiental.com.ar\",\"https:\\\/\\\/www.facebook.com\\\/share\\\/1C1V8Gv9BX\\\/?mibextid=qi2Omg\",\"@patagoniambiental\",\"https:\\\/\\\/youtube.com\\\/@patagoniaambiental2023?si=BLt58t0wuXquxlYZ\"]}]}<\/script>\n<!-- \/ Yoast SEO Premium plugin. -->","yoast_head_json":{"title":"Mapuches fueron a Amsterdam y amenazaron a la Shell","robots":{"index":"index","follow":"follow","max-snippet":"max-snippet:-1","max-image-preview":"max-image-preview:large","max-video-preview":"max-video-preview:-1"},"canonical":"https:\/\/patagoniambiental.com.ar\/info\/mapuches-fueron-a-amsterdam-y-amenazaron-a-la-shell\/","og_locale":"es_ES","og_type":"article","og_title":"Mapuches fueron a Amsterdam y amenazaron a la Shell","og_description":"Amsterdam.-Una delegaci\u00f3n de mapuches de Neuqu\u00e9n, integrada por Gilberto Huilipan, de la Confederaci\u00f3n Mapuche, y Emmanuel Guagliardo, miembro del equipo [&hellip;]","og_url":"https:\/\/patagoniambiental.com.ar\/info\/mapuches-fueron-a-amsterdam-y-amenazaron-a-la-shell\/","og_site_name":"Patagonia Ambiental","article_publisher":"https:\/\/www.facebook.com\/patagonia.ambiental","article_author":"https:\/\/www.facebook.com\/share\/1C1V8Gv9BX\/?mibextid=qi2Omg","article_published_time":"2018-05-24T22:00:00+00:00","og_image":[{"width":593,"height":315,"url":"https:\/\/patagoniambiental.com.ar\/info\/wp-content\/uploads\/2018\/05\/mapuches-en-Amsterdam-1.jpg","type":"image\/jpeg"}],"author":"Patagonia Ambiental","twitter_card":"summary_large_image","twitter_creator":"@PatAmb","twitter_site":"@PatAmb","schema":{"@context":"https:\/\/schema.org","@graph":[{"@type":"Article","@id":"https:\/\/patagoniambiental.com.ar\/info\/mapuches-fueron-a-amsterdam-y-amenazaron-a-la-shell\/#article","isPartOf":{"@id":"https:\/\/patagoniambiental.com.ar\/info\/mapuches-fueron-a-amsterdam-y-amenazaron-a-la-shell\/"},"author":{"name":"Patagonia Ambiental","@id":"https:\/\/patagoniambiental.com.ar\/info\/#\/schema\/person\/db12bff64bbcbf6a253710bf0ea37b5d"},"headline":"Mapuches fueron a Amsterdam y amenazaron a la Shell","datePublished":"2018-05-24T22:00:00+00:00","mainEntityOfPage":{"@id":"https:\/\/patagoniambiental.com.ar\/info\/mapuches-fueron-a-amsterdam-y-amenazaron-a-la-shell\/"},"wordCount":344,"commentCount":0,"publisher":{"@id":"https:\/\/patagoniambiental.com.ar\/info\/#organization"},"image":{"@id":"https:\/\/patagoniambiental.com.ar\/info\/mapuches-fueron-a-amsterdam-y-amenazaron-a-la-shell\/#primaryimage"},"thumbnailUrl":"https:\/\/patagoniambiental.com.ar\/info\/wp-content\/uploads\/2018\/05\/mapuches-en-Amsterdam-1.jpg","articleSection":["Internacionales","Noticias"],"inLanguage":"es","potentialAction":[{"@type":"CommentAction","name":"Comment","target":["https:\/\/patagoniambiental.com.ar\/info\/mapuches-fueron-a-amsterdam-y-amenazaron-a-la-shell\/#respond"]}]},{"@type":"WebPage","@id":"https:\/\/patagoniambiental.com.ar\/info\/mapuches-fueron-a-amsterdam-y-amenazaron-a-la-shell\/","url":"https:\/\/patagoniambiental.com.ar\/info\/mapuches-fueron-a-amsterdam-y-amenazaron-a-la-shell\/","name":"Mapuches fueron a Amsterdam y amenazaron a la Shell","isPartOf":{"@id":"https:\/\/patagoniambiental.com.ar\/info\/#website"},"primaryImageOfPage":{"@id":"https:\/\/patagoniambiental.com.ar\/info\/mapuches-fueron-a-amsterdam-y-amenazaron-a-la-shell\/#primaryimage"},"image":{"@id":"https:\/\/patagoniambiental.com.ar\/info\/mapuches-fueron-a-amsterdam-y-amenazaron-a-la-shell\/#primaryimage"},"thumbnailUrl":"https:\/\/patagoniambiental.com.ar\/info\/wp-content\/uploads\/2018\/05\/mapuches-en-Amsterdam-1.jpg","datePublished":"2018-05-24T22:00:00+00:00","breadcrumb":{"@id":"https:\/\/patagoniambiental.com.ar\/info\/mapuches-fueron-a-amsterdam-y-amenazaron-a-la-shell\/#breadcrumb"},"inLanguage":"es","potentialAction":[{"@type":"ReadAction","target":["https:\/\/patagoniambiental.com.ar\/info\/mapuches-fueron-a-amsterdam-y-amenazaron-a-la-shell\/"]}]},{"@type":"ImageObject","inLanguage":"es","@id":"https:\/\/patagoniambiental.com.ar\/info\/mapuches-fueron-a-amsterdam-y-amenazaron-a-la-shell\/#primaryimage","url":"https:\/\/patagoniambiental.com.ar\/info\/wp-content\/uploads\/2018\/05\/mapuches-en-Amsterdam-1.jpg","contentUrl":"https:\/\/patagoniambiental.com.ar\/info\/wp-content\/uploads\/2018\/05\/mapuches-en-Amsterdam-1.jpg","width":593,"height":315},{"@type":"BreadcrumbList","@id":"https:\/\/patagoniambiental.com.ar\/info\/mapuches-fueron-a-amsterdam-y-amenazaron-a-la-shell\/#breadcrumb","itemListElement":[{"@type":"ListItem","position":1,"name":"Inicio","item":"https:\/\/patagoniambiental.com.ar\/info\/"},{"@type":"ListItem","position":2,"name":"Mapuches fueron a Amsterdam y amenazaron a la Shell"}]},{"@type":"WebSite","@id":"https:\/\/patagoniambiental.com.ar\/info\/#website","url":"https:\/\/patagoniambiental.com.ar\/info\/","name":"Patagonia Ambiental","description":"Monitoreo y an\u00e1lisis de la situaci\u00f3n geopol\u00edtica en el mundo y su implicancia en la Patagonia","publisher":{"@id":"https:\/\/patagoniambiental.com.ar\/info\/#organization"},"potentialAction":[{"@type":"SearchAction","target":{"@type":"EntryPoint","urlTemplate":"https:\/\/patagoniambiental.com.ar\/info\/?s={search_term_string}"},"query-input":{"@type":"PropertyValueSpecification","valueRequired":true,"valueName":"search_term_string"}}],"inLanguage":"es"},{"@type":"Organization","@id":"https:\/\/patagoniambiental.com.ar\/info\/#organization","name":"Patagonia Ambiental","url":"https:\/\/patagoniambiental.com.ar\/info\/","logo":{"@type":"ImageObject","inLanguage":"es","@id":"https:\/\/patagoniambiental.com.ar\/info\/#\/schema\/logo\/image\/","url":"https:\/\/patagoniambiental.com.ar\/info\/wp-content\/uploads\/2025\/05\/LOGO-PATAGONIA-AMBIENTAL.png","contentUrl":"https:\/\/patagoniambiental.com.ar\/info\/wp-content\/uploads\/2025\/05\/LOGO-PATAGONIA-AMBIENTAL.png","width":433,"height":250,"caption":"Patagonia Ambiental"},"image":{"@id":"https:\/\/patagoniambiental.com.ar\/info\/#\/schema\/logo\/image\/"},"sameAs":["https:\/\/www.facebook.com\/patagonia.ambiental","https:\/\/x.com\/PatAmb"]},{"@type":"Person","@id":"https:\/\/patagoniambiental.com.ar\/info\/#\/schema\/person\/db12bff64bbcbf6a253710bf0ea37b5d","name":"Patagonia Ambiental","description":"Andr\u00e9s Nievas T\u00e9cnico en manejo ambiental, consultor Ambiental y escritor para medios locales e internacionales sobre temas de geopolitica y medio ambiente.","sameAs":["http:\/\/www.patagoniambiental.com.ar","https:\/\/www.facebook.com\/share\/1C1V8Gv9BX\/?mibextid=qi2Omg","@patagoniambiental","https:\/\/youtube.com\/@patagoniaambiental2023?si=BLt58t0wuXquxlYZ"]}]}},"_links":{"self":[{"href":"https:\/\/patagoniambiental.com.ar\/info\/wp-json\/wp\/v2\/posts\/47032","targetHints":{"allow":["GET"]}}],"collection":[{"href":"https:\/\/patagoniambiental.com.ar\/info\/wp-json\/wp\/v2\/posts"}],"about":[{"href":"https:\/\/patagoniambiental.com.ar\/info\/wp-json\/wp\/v2\/types\/post"}],"author":[{"embeddable":true,"href":"https:\/\/patagoniambiental.com.ar\/info\/wp-json\/wp\/v2\/users\/2"}],"replies":[{"embeddable":true,"href":"https:\/\/patagoniambiental.com.ar\/info\/wp-json\/wp\/v2\/comments?post=47032"}],"version-history":[{"count":0,"href":"https:\/\/patagoniambiental.com.ar\/info\/wp-json\/wp\/v2\/posts\/47032\/revisions"}],"wp:featuredmedia":[{"embeddable":true,"href":"https:\/\/patagoniambiental.com.ar\/info\/wp-json\/wp\/v2\/media\/47033"}],"wp:attachment":[{"href":"https:\/\/patagoniambiental.com.ar\/info\/wp-json\/wp\/v2\/media?parent=47032"}],"wp:term":[{"taxonomy":"category","embeddable":true,"href":"https:\/\/patagoniambiental.com.ar\/info\/wp-json\/wp\/v2\/categories?post=47032"},{"taxonomy":"post_tag","embeddable":true,"href":"https:\/\/patagoniambiental.com.ar\/info\/wp-json\/wp\/v2\/tags?post=47032"}],"curies":[{"name":"wp","href":"https:\/\/api.w.org\/{rel}","templated":true}]}}