{"id":47102,"date":"2018-05-24T19:00:53","date_gmt":"2018-05-24T22:00:53","guid":{"rendered":"http:\/\/patagoniambiental.com.ar\/info\/?p=47102"},"modified":"2018-05-24T15:52:59","modified_gmt":"2018-05-24T18:52:59","slug":"estados-unidos-instalara-una-base-de-ayuda-humanitaria-cerca-de-vaca-muerta","status":"publish","type":"post","link":"https:\/\/patagoniambiental.com.ar\/info\/estados-unidos-instalara-una-base-de-ayuda-humanitaria-cerca-de-vaca-muerta\/","title":{"rendered":"Estados Unidos instalar\u00e1 una base de ayuda humanitaria cerca de Vaca Muerta"},"content":{"rendered":"<div id=\"t3-content\" class=\"t3-content span8 bodyarticle\">\n<div class=\"main-content\">\n<div class=\"item-page text clearfix\">\n<article>\n<section class=\"article-content clearfix row\">\n<div class=\"article-body span8 has-sidebar2\">\n<aside class=\"article-aside clearfix\">\n<dl class=\"article-info pull-left\">\n<dd class=\"published\">Neuqu\u00e9n.-La comunicaci\u00f3n oficial indica que se trata de una base de ayuda humanitaria, aunque algunos aseguran que en realidad ser\u00e1 una base militar.<\/dd>\n<dd><!--more--><\/dd>\n<\/dl>\n<\/aside>\n<div class=\"share-container\"><\/div>\n<div class=\"plg_fa_karmany\"><\/div>\n<div class=\"karmany_clearboth\"><\/div>\n<div id=\"articlepxfontsize1\">\n<div class=\"moduletable\">\n<div class=\"gallery\">\n<div class=\"pictures\">\n<div class=\"unaImg\"><img decoding=\"async\" title=\"Cr\u00e9ditos: WEB\" src=\"http:\/\/www.noticiasnet.com.ar\/images\/di\/47709_74877_rjhnnlehmg_930x525.jpg\" alt=\"Cr\u00e9ditos: WEB\" \/><\/p>\n<div class=\"caption\">Cr\u00e9ditos: WEB<\/div>\n<\/div>\n<\/div>\n<div><\/div>\n<\/div>\n<\/div>\n<p>&nbsp;<\/p>\n<p>Estados Unidos le anunci\u00f3 al gobernador de Neuqu\u00e9n, Omar Guti\u00e9rrez, que retomar\u00e1 la construcci\u00f3n de una \u201cbase de ayuda humanitaria\u201d en su provincia. La estructura hab\u00eda sido proyectada en 2012 pero la fuerte pol\u00e9mica que despert\u00f3 la construcci\u00f3n de un edificio similar en Resistencia, autorizado por el entonces gobernador Jorge Capitanich, desalent\u00f3 la iniciativa que en Neuqu\u00e9n ten\u00eda el aval del ex gobernador Jorge Sapag.<\/p>\n<p>Pero corren otros aires pol\u00edticos y todo indica que en esta oportunidad el plan original se concretar\u00e1.<\/p>\n<p>Esta semana, una comitiva con funcionarios de la embajada norteamericana visitaron un \u00e1rea espec\u00edfica de la meseta neuquina donde se levantar\u00e1 el complejo. El costo total ser\u00e1 de 2 millones de d\u00f3lares, financiados por el US. Southern Command (Comando del Sur) a trav\u00e9s de la Embajada de los Estados Unidos. En Neuqu\u00e9n la pol\u00e9mica se desat\u00f3 de inmediato puesto que, tal como en Chaco, diversas voces provinciales, estiman que en verdad se trata de una \u201cbase militar\u201d bajo una figura \u201chumanitaria\u201d.<\/p>\n<p>Desde el gobierno de Guti\u00e9rrez, un aliado del presidente Mauricio Macri, desmintieron que se trate de un espacio destinado a operaciones militares futuras. De acuerdo a la descripci\u00f3n oficial entregada por la provincia, el edificio servir\u00e1 para albergar a los miembros de Defensa Civil y Comit\u00e9 de Emergencia locales en casos de situaciones dr\u00e1sticas tales como inundaciones, erupciones de volcanes, entre otros.<\/p>\n<p>La estructura contendr\u00e1 en sus 600 metros cuadrados oficinas, salas de conferencias, ba\u00f1os, cocina, sala de emergencia y un helipuerto. El lugar quedar\u00e1 emplazado junto a la Autov\u00eda Norte y corta distancia del Aeropuerto de Neuqu\u00e9n. Clar\u00edn.\n<\/p><\/div>\n<div class=\"share-container\"><\/div>\n<div id=\"fb-root\"><\/div>\n<div class=\"module-title\"><\/div>\n<div class=\"al_comments_container\">\n<div class=\"al_comments_box\"><\/div>\n<\/div>\n<footer class=\"article-footer clearfix\">\n<div class=\"tag-names pull-right\"><\/div>\n<\/footer>\n<\/div>\n<\/section>\n<\/article>\n<\/div>\n<\/div>\n<\/div>\n<p>Fuente: Diario Noticias de la Costa<\/p>\n<div class=\"t3-sidebar-articulo t3-sidebar-2-articulo span4\">\n<div id=\"Mod492\" class=\"t3-module module \">\n<div class=\"module-inner\">\n<h3 class=\"module-title \"><\/h3>\n<\/div>\n<\/div>\n<\/div>\n","protected":false},"excerpt":{"rendered":"<p>Neuqu\u00e9n.-La comunicaci\u00f3n oficial indica que se trata de una base de ayuda humanitaria, aunque algunos aseguran que en realidad ser\u00e1 [&hellip;]<\/p>\n","protected":false},"author":2,"featured_media":47103,"comment_status":"open","ping_status":"open","sticky":false,"template":"","format":"standard","meta":{"site-sidebar-layout":"default","site-content-layout":"","ast-site-content-layout":"default","site-content-style":"default","site-sidebar-style":"default","ast-global-header-display":"","ast-banner-title-visibility":"","ast-main-header-display":"","ast-hfb-above-header-display":"","ast-hfb-below-header-display":"","ast-hfb-mobile-header-display":"","site-post-title":"","ast-breadcrumbs-content":"","ast-featured-img":"","footer-sml-layout":"","ast-disable-related-posts":"","theme-transparent-header-meta":"","adv-header-id-meta":"","stick-header-meta":"","header-above-stick-meta":"","header-main-stick-meta":"","header-below-stick-meta":"","astra-migrate-meta-layouts":"default","ast-page-background-enabled":"default","ast-page-background-meta":{"desktop":{"background-color":"var(--ast-global-color-5)","background-image":"","background-repeat":"repeat","background-position":"center center","background-size":"auto","background-attachment":"scroll","background-type":"","background-media":"","overlay-type":"","overlay-color":"","overlay-opacity":"","overlay-gradient":""},"tablet":{"background-color":"","background-image":"","background-repeat":"repeat","background-position":"center center","background-size":"auto","background-attachment":"scroll","background-type":"","background-media":"","overlay-type":"","overlay-color":"","overlay-opacity":"","overlay-gradient":""},"mobile":{"background-color":"","background-image":"","background-repeat":"repeat","background-position":"center center","background-size":"auto","background-attachment":"scroll","background-type":"","background-media":"","overlay-type":"","overlay-color":"","overlay-opacity":"","overlay-gradient":""}},"ast-content-background-meta":{"desktop":{"background-color":"var(--ast-global-color-4)","background-image":"","background-repeat":"repeat","background-position":"center center","background-size":"auto","background-attachment":"scroll","background-type":"","background-media":"","overlay-type":"","overlay-color":"","overlay-opacity":"","overlay-gradient":""},"tablet":{"background-color":"var(--ast-global-color-4)","background-image":"","background-repeat":"repeat","background-position":"center center","background-size":"auto","background-attachment":"scroll","background-type":"","background-media":"","overlay-type":"","overlay-color":"","overlay-opacity":"","overlay-gradient":""},"mobile":{"background-color":"var(--ast-global-color-4)","background-image":"","background-repeat":"repeat","background-position":"center center","background-size":"auto","background-attachment":"scroll","background-type":"","background-media":"","overlay-type":"","overlay-color":"","overlay-opacity":"","overlay-gradient":""}},"footnotes":""},"categories":[23,1],"tags":[],"class_list":["post-47102","post","type-post","status-publish","format-standard","has-post-thumbnail","hentry","category-internacionales","category-noticias"],"yoast_head":"<!-- This site is optimized with the Yoast SEO Premium plugin v23.0 (Yoast SEO v27.4) - https:\/\/yoast.com\/product\/yoast-seo-premium-wordpress\/ -->\n<title>Estados Unidos instalar\u00e1 una base de ayuda humanitaria cerca de Vaca Muerta<\/title>\n<meta name=\"robots\" content=\"index, follow, max-snippet:-1, max-image-preview:large, max-video-preview:-1\" \/>\n<link rel=\"canonical\" href=\"https:\/\/patagoniambiental.com.ar\/info\/estados-unidos-instalara-una-base-de-ayuda-humanitaria-cerca-de-vaca-muerta\/\" \/>\n<meta property=\"og:locale\" content=\"es_ES\" \/>\n<meta property=\"og:type\" content=\"article\" \/>\n<meta property=\"og:title\" content=\"Estados Unidos instalar\u00e1 una base de ayuda humanitaria cerca de Vaca Muerta\" \/>\n<meta property=\"og:description\" content=\"Neuqu\u00e9n.-La comunicaci\u00f3n oficial indica que se trata de una base de ayuda humanitaria, aunque algunos aseguran que en realidad ser\u00e1 [&hellip;]\" \/>\n<meta property=\"og:url\" content=\"https:\/\/patagoniambiental.com.ar\/info\/estados-unidos-instalara-una-base-de-ayuda-humanitaria-cerca-de-vaca-muerta\/\" \/>\n<meta property=\"og:site_name\" content=\"Patagonia Ambiental\" \/>\n<meta property=\"article:publisher\" content=\"https:\/\/www.facebook.com\/patagonia.ambiental\" \/>\n<meta property=\"article:author\" content=\"https:\/\/www.facebook.com\/share\/1C1V8Gv9BX\/?mibextid=qi2Omg\" \/>\n<meta property=\"article:published_time\" content=\"2018-05-24T22:00:53+00:00\" \/>\n<meta property=\"og:image\" content=\"https:\/\/patagoniambiental.com.ar\/info\/wp-content\/uploads\/2018\/05\/47709_74877_rjhnnlehmg_930x525.jpg\" \/>\n\t<meta property=\"og:image:width\" content=\"930\" \/>\n\t<meta property=\"og:image:height\" content=\"525\" \/>\n\t<meta property=\"og:image:type\" content=\"image\/jpeg\" \/>\n<meta name=\"author\" content=\"Patagonia Ambiental\" \/>\n<meta name=\"twitter:card\" content=\"summary_large_image\" \/>\n<meta name=\"twitter:creator\" content=\"@PatAmb\" \/>\n<meta name=\"twitter:site\" content=\"@PatAmb\" \/>\n<script type=\"application\/ld+json\" class=\"yoast-schema-graph\">{\"@context\":\"https:\\\/\\\/schema.org\",\"@graph\":[{\"@type\":\"Article\",\"@id\":\"https:\\\/\\\/patagoniambiental.com.ar\\\/info\\\/estados-unidos-instalara-una-base-de-ayuda-humanitaria-cerca-de-vaca-muerta\\\/#article\",\"isPartOf\":{\"@id\":\"https:\\\/\\\/patagoniambiental.com.ar\\\/info\\\/estados-unidos-instalara-una-base-de-ayuda-humanitaria-cerca-de-vaca-muerta\\\/\"},\"author\":{\"name\":\"Patagonia Ambiental\",\"@id\":\"https:\\\/\\\/patagoniambiental.com.ar\\\/info\\\/#\\\/schema\\\/person\\\/db12bff64bbcbf6a253710bf0ea37b5d\"},\"headline\":\"Estados Unidos instalar\u00e1 una base de ayuda humanitaria cerca de Vaca Muerta\",\"datePublished\":\"2018-05-24T22:00:53+00:00\",\"mainEntityOfPage\":{\"@id\":\"https:\\\/\\\/patagoniambiental.com.ar\\\/info\\\/estados-unidos-instalara-una-base-de-ayuda-humanitaria-cerca-de-vaca-muerta\\\/\"},\"wordCount\":328,\"commentCount\":0,\"publisher\":{\"@id\":\"https:\\\/\\\/patagoniambiental.com.ar\\\/info\\\/#organization\"},\"image\":{\"@id\":\"https:\\\/\\\/patagoniambiental.com.ar\\\/info\\\/estados-unidos-instalara-una-base-de-ayuda-humanitaria-cerca-de-vaca-muerta\\\/#primaryimage\"},\"thumbnailUrl\":\"https:\\\/\\\/patagoniambiental.com.ar\\\/info\\\/wp-content\\\/uploads\\\/2018\\\/05\\\/47709_74877_rjhnnlehmg_930x525.jpg\",\"articleSection\":[\"Internacionales\",\"Noticias\"],\"inLanguage\":\"es\",\"potentialAction\":[{\"@type\":\"CommentAction\",\"name\":\"Comment\",\"target\":[\"https:\\\/\\\/patagoniambiental.com.ar\\\/info\\\/estados-unidos-instalara-una-base-de-ayuda-humanitaria-cerca-de-vaca-muerta\\\/#respond\"]}]},{\"@type\":\"WebPage\",\"@id\":\"https:\\\/\\\/patagoniambiental.com.ar\\\/info\\\/estados-unidos-instalara-una-base-de-ayuda-humanitaria-cerca-de-vaca-muerta\\\/\",\"url\":\"https:\\\/\\\/patagoniambiental.com.ar\\\/info\\\/estados-unidos-instalara-una-base-de-ayuda-humanitaria-cerca-de-vaca-muerta\\\/\",\"name\":\"Estados Unidos instalar\u00e1 una base de ayuda humanitaria cerca de Vaca Muerta\",\"isPartOf\":{\"@id\":\"https:\\\/\\\/patagoniambiental.com.ar\\\/info\\\/#website\"},\"primaryImageOfPage\":{\"@id\":\"https:\\\/\\\/patagoniambiental.com.ar\\\/info\\\/estados-unidos-instalara-una-base-de-ayuda-humanitaria-cerca-de-vaca-muerta\\\/#primaryimage\"},\"image\":{\"@id\":\"https:\\\/\\\/patagoniambiental.com.ar\\\/info\\\/estados-unidos-instalara-una-base-de-ayuda-humanitaria-cerca-de-vaca-muerta\\\/#primaryimage\"},\"thumbnailUrl\":\"https:\\\/\\\/patagoniambiental.com.ar\\\/info\\\/wp-content\\\/uploads\\\/2018\\\/05\\\/47709_74877_rjhnnlehmg_930x525.jpg\",\"datePublished\":\"2018-05-24T22:00:53+00:00\",\"breadcrumb\":{\"@id\":\"https:\\\/\\\/patagoniambiental.com.ar\\\/info\\\/estados-unidos-instalara-una-base-de-ayuda-humanitaria-cerca-de-vaca-muerta\\\/#breadcrumb\"},\"inLanguage\":\"es\",\"potentialAction\":[{\"@type\":\"ReadAction\",\"target\":[\"https:\\\/\\\/patagoniambiental.com.ar\\\/info\\\/estados-unidos-instalara-una-base-de-ayuda-humanitaria-cerca-de-vaca-muerta\\\/\"]}]},{\"@type\":\"ImageObject\",\"inLanguage\":\"es\",\"@id\":\"https:\\\/\\\/patagoniambiental.com.ar\\\/info\\\/estados-unidos-instalara-una-base-de-ayuda-humanitaria-cerca-de-vaca-muerta\\\/#primaryimage\",\"url\":\"https:\\\/\\\/patagoniambiental.com.ar\\\/info\\\/wp-content\\\/uploads\\\/2018\\\/05\\\/47709_74877_rjhnnlehmg_930x525.jpg\",\"contentUrl\":\"https:\\\/\\\/patagoniambiental.com.ar\\\/info\\\/wp-content\\\/uploads\\\/2018\\\/05\\\/47709_74877_rjhnnlehmg_930x525.jpg\",\"width\":930,\"height\":525},{\"@type\":\"BreadcrumbList\",\"@id\":\"https:\\\/\\\/patagoniambiental.com.ar\\\/info\\\/estados-unidos-instalara-una-base-de-ayuda-humanitaria-cerca-de-vaca-muerta\\\/#breadcrumb\",\"itemListElement\":[{\"@type\":\"ListItem\",\"position\":1,\"name\":\"Inicio\",\"item\":\"https:\\\/\\\/patagoniambiental.com.ar\\\/info\\\/\"},{\"@type\":\"ListItem\",\"position\":2,\"name\":\"Estados Unidos instalar\u00e1 una base de ayuda humanitaria cerca de Vaca Muerta\"}]},{\"@type\":\"WebSite\",\"@id\":\"https:\\\/\\\/patagoniambiental.com.ar\\\/info\\\/#website\",\"url\":\"https:\\\/\\\/patagoniambiental.com.ar\\\/info\\\/\",\"name\":\"Patagonia Ambiental\",\"description\":\"Monitoreo y an\u00e1lisis de la situaci\u00f3n geopol\u00edtica en el mundo y su implicancia en la Patagonia\",\"publisher\":{\"@id\":\"https:\\\/\\\/patagoniambiental.com.ar\\\/info\\\/#organization\"},\"potentialAction\":[{\"@type\":\"SearchAction\",\"target\":{\"@type\":\"EntryPoint\",\"urlTemplate\":\"https:\\\/\\\/patagoniambiental.com.ar\\\/info\\\/?s={search_term_string}\"},\"query-input\":{\"@type\":\"PropertyValueSpecification\",\"valueRequired\":true,\"valueName\":\"search_term_string\"}}],\"inLanguage\":\"es\"},{\"@type\":\"Organization\",\"@id\":\"https:\\\/\\\/patagoniambiental.com.ar\\\/info\\\/#organization\",\"name\":\"Patagonia Ambiental\",\"url\":\"https:\\\/\\\/patagoniambiental.com.ar\\\/info\\\/\",\"logo\":{\"@type\":\"ImageObject\",\"inLanguage\":\"es\",\"@id\":\"https:\\\/\\\/patagoniambiental.com.ar\\\/info\\\/#\\\/schema\\\/logo\\\/image\\\/\",\"url\":\"https:\\\/\\\/patagoniambiental.com.ar\\\/info\\\/wp-content\\\/uploads\\\/2025\\\/05\\\/LOGO-PATAGONIA-AMBIENTAL.png\",\"contentUrl\":\"https:\\\/\\\/patagoniambiental.com.ar\\\/info\\\/wp-content\\\/uploads\\\/2025\\\/05\\\/LOGO-PATAGONIA-AMBIENTAL.png\",\"width\":433,\"height\":250,\"caption\":\"Patagonia Ambiental\"},\"image\":{\"@id\":\"https:\\\/\\\/patagoniambiental.com.ar\\\/info\\\/#\\\/schema\\\/logo\\\/image\\\/\"},\"sameAs\":[\"https:\\\/\\\/www.facebook.com\\\/patagonia.ambiental\",\"https:\\\/\\\/x.com\\\/PatAmb\"]},{\"@type\":\"Person\",\"@id\":\"https:\\\/\\\/patagoniambiental.com.ar\\\/info\\\/#\\\/schema\\\/person\\\/db12bff64bbcbf6a253710bf0ea37b5d\",\"name\":\"Patagonia Ambiental\",\"description\":\"Andr\u00e9s Nievas T\u00e9cnico en manejo ambiental, consultor Ambiental y escritor para medios locales e internacionales sobre temas de geopolitica y medio ambiente.\",\"sameAs\":[\"http:\\\/\\\/www.patagoniambiental.com.ar\",\"https:\\\/\\\/www.facebook.com\\\/share\\\/1C1V8Gv9BX\\\/?mibextid=qi2Omg\",\"@patagoniambiental\",\"https:\\\/\\\/youtube.com\\\/@patagoniaambiental2023?si=BLt58t0wuXquxlYZ\"]}]}<\/script>\n<!-- \/ Yoast SEO Premium plugin. -->","yoast_head_json":{"title":"Estados Unidos instalar\u00e1 una base de ayuda humanitaria cerca de Vaca Muerta","robots":{"index":"index","follow":"follow","max-snippet":"max-snippet:-1","max-image-preview":"max-image-preview:large","max-video-preview":"max-video-preview:-1"},"canonical":"https:\/\/patagoniambiental.com.ar\/info\/estados-unidos-instalara-una-base-de-ayuda-humanitaria-cerca-de-vaca-muerta\/","og_locale":"es_ES","og_type":"article","og_title":"Estados Unidos instalar\u00e1 una base de ayuda humanitaria cerca de Vaca Muerta","og_description":"Neuqu\u00e9n.-La comunicaci\u00f3n oficial indica que se trata de una base de ayuda humanitaria, aunque algunos aseguran que en realidad ser\u00e1 [&hellip;]","og_url":"https:\/\/patagoniambiental.com.ar\/info\/estados-unidos-instalara-una-base-de-ayuda-humanitaria-cerca-de-vaca-muerta\/","og_site_name":"Patagonia Ambiental","article_publisher":"https:\/\/www.facebook.com\/patagonia.ambiental","article_author":"https:\/\/www.facebook.com\/share\/1C1V8Gv9BX\/?mibextid=qi2Omg","article_published_time":"2018-05-24T22:00:53+00:00","og_image":[{"width":930,"height":525,"url":"https:\/\/patagoniambiental.com.ar\/info\/wp-content\/uploads\/2018\/05\/47709_74877_rjhnnlehmg_930x525.jpg","type":"image\/jpeg"}],"author":"Patagonia Ambiental","twitter_card":"summary_large_image","twitter_creator":"@PatAmb","twitter_site":"@PatAmb","schema":{"@context":"https:\/\/schema.org","@graph":[{"@type":"Article","@id":"https:\/\/patagoniambiental.com.ar\/info\/estados-unidos-instalara-una-base-de-ayuda-humanitaria-cerca-de-vaca-muerta\/#article","isPartOf":{"@id":"https:\/\/patagoniambiental.com.ar\/info\/estados-unidos-instalara-una-base-de-ayuda-humanitaria-cerca-de-vaca-muerta\/"},"author":{"name":"Patagonia Ambiental","@id":"https:\/\/patagoniambiental.com.ar\/info\/#\/schema\/person\/db12bff64bbcbf6a253710bf0ea37b5d"},"headline":"Estados Unidos instalar\u00e1 una base de ayuda humanitaria cerca de Vaca Muerta","datePublished":"2018-05-24T22:00:53+00:00","mainEntityOfPage":{"@id":"https:\/\/patagoniambiental.com.ar\/info\/estados-unidos-instalara-una-base-de-ayuda-humanitaria-cerca-de-vaca-muerta\/"},"wordCount":328,"commentCount":0,"publisher":{"@id":"https:\/\/patagoniambiental.com.ar\/info\/#organization"},"image":{"@id":"https:\/\/patagoniambiental.com.ar\/info\/estados-unidos-instalara-una-base-de-ayuda-humanitaria-cerca-de-vaca-muerta\/#primaryimage"},"thumbnailUrl":"https:\/\/patagoniambiental.com.ar\/info\/wp-content\/uploads\/2018\/05\/47709_74877_rjhnnlehmg_930x525.jpg","articleSection":["Internacionales","Noticias"],"inLanguage":"es","potentialAction":[{"@type":"CommentAction","name":"Comment","target":["https:\/\/patagoniambiental.com.ar\/info\/estados-unidos-instalara-una-base-de-ayuda-humanitaria-cerca-de-vaca-muerta\/#respond"]}]},{"@type":"WebPage","@id":"https:\/\/patagoniambiental.com.ar\/info\/estados-unidos-instalara-una-base-de-ayuda-humanitaria-cerca-de-vaca-muerta\/","url":"https:\/\/patagoniambiental.com.ar\/info\/estados-unidos-instalara-una-base-de-ayuda-humanitaria-cerca-de-vaca-muerta\/","name":"Estados Unidos instalar\u00e1 una base de ayuda humanitaria cerca de Vaca Muerta","isPartOf":{"@id":"https:\/\/patagoniambiental.com.ar\/info\/#website"},"primaryImageOfPage":{"@id":"https:\/\/patagoniambiental.com.ar\/info\/estados-unidos-instalara-una-base-de-ayuda-humanitaria-cerca-de-vaca-muerta\/#primaryimage"},"image":{"@id":"https:\/\/patagoniambiental.com.ar\/info\/estados-unidos-instalara-una-base-de-ayuda-humanitaria-cerca-de-vaca-muerta\/#primaryimage"},"thumbnailUrl":"https:\/\/patagoniambiental.com.ar\/info\/wp-content\/uploads\/2018\/05\/47709_74877_rjhnnlehmg_930x525.jpg","datePublished":"2018-05-24T22:00:53+00:00","breadcrumb":{"@id":"https:\/\/patagoniambiental.com.ar\/info\/estados-unidos-instalara-una-base-de-ayuda-humanitaria-cerca-de-vaca-muerta\/#breadcrumb"},"inLanguage":"es","potentialAction":[{"@type":"ReadAction","target":["https:\/\/patagoniambiental.com.ar\/info\/estados-unidos-instalara-una-base-de-ayuda-humanitaria-cerca-de-vaca-muerta\/"]}]},{"@type":"ImageObject","inLanguage":"es","@id":"https:\/\/patagoniambiental.com.ar\/info\/estados-unidos-instalara-una-base-de-ayuda-humanitaria-cerca-de-vaca-muerta\/#primaryimage","url":"https:\/\/patagoniambiental.com.ar\/info\/wp-content\/uploads\/2018\/05\/47709_74877_rjhnnlehmg_930x525.jpg","contentUrl":"https:\/\/patagoniambiental.com.ar\/info\/wp-content\/uploads\/2018\/05\/47709_74877_rjhnnlehmg_930x525.jpg","width":930,"height":525},{"@type":"BreadcrumbList","@id":"https:\/\/patagoniambiental.com.ar\/info\/estados-unidos-instalara-una-base-de-ayuda-humanitaria-cerca-de-vaca-muerta\/#breadcrumb","itemListElement":[{"@type":"ListItem","position":1,"name":"Inicio","item":"https:\/\/patagoniambiental.com.ar\/info\/"},{"@type":"ListItem","position":2,"name":"Estados Unidos instalar\u00e1 una base de ayuda humanitaria cerca de Vaca Muerta"}]},{"@type":"WebSite","@id":"https:\/\/patagoniambiental.com.ar\/info\/#website","url":"https:\/\/patagoniambiental.com.ar\/info\/","name":"Patagonia Ambiental","description":"Monitoreo y an\u00e1lisis de la situaci\u00f3n geopol\u00edtica en el mundo y su implicancia en la Patagonia","publisher":{"@id":"https:\/\/patagoniambiental.com.ar\/info\/#organization"},"potentialAction":[{"@type":"SearchAction","target":{"@type":"EntryPoint","urlTemplate":"https:\/\/patagoniambiental.com.ar\/info\/?s={search_term_string}"},"query-input":{"@type":"PropertyValueSpecification","valueRequired":true,"valueName":"search_term_string"}}],"inLanguage":"es"},{"@type":"Organization","@id":"https:\/\/patagoniambiental.com.ar\/info\/#organization","name":"Patagonia Ambiental","url":"https:\/\/patagoniambiental.com.ar\/info\/","logo":{"@type":"ImageObject","inLanguage":"es","@id":"https:\/\/patagoniambiental.com.ar\/info\/#\/schema\/logo\/image\/","url":"https:\/\/patagoniambiental.com.ar\/info\/wp-content\/uploads\/2025\/05\/LOGO-PATAGONIA-AMBIENTAL.png","contentUrl":"https:\/\/patagoniambiental.com.ar\/info\/wp-content\/uploads\/2025\/05\/LOGO-PATAGONIA-AMBIENTAL.png","width":433,"height":250,"caption":"Patagonia Ambiental"},"image":{"@id":"https:\/\/patagoniambiental.com.ar\/info\/#\/schema\/logo\/image\/"},"sameAs":["https:\/\/www.facebook.com\/patagonia.ambiental","https:\/\/x.com\/PatAmb"]},{"@type":"Person","@id":"https:\/\/patagoniambiental.com.ar\/info\/#\/schema\/person\/db12bff64bbcbf6a253710bf0ea37b5d","name":"Patagonia Ambiental","description":"Andr\u00e9s Nievas T\u00e9cnico en manejo ambiental, consultor Ambiental y escritor para medios locales e internacionales sobre temas de geopolitica y medio ambiente.","sameAs":["http:\/\/www.patagoniambiental.com.ar","https:\/\/www.facebook.com\/share\/1C1V8Gv9BX\/?mibextid=qi2Omg","@patagoniambiental","https:\/\/youtube.com\/@patagoniaambiental2023?si=BLt58t0wuXquxlYZ"]}]}},"_links":{"self":[{"href":"https:\/\/patagoniambiental.com.ar\/info\/wp-json\/wp\/v2\/posts\/47102","targetHints":{"allow":["GET"]}}],"collection":[{"href":"https:\/\/patagoniambiental.com.ar\/info\/wp-json\/wp\/v2\/posts"}],"about":[{"href":"https:\/\/patagoniambiental.com.ar\/info\/wp-json\/wp\/v2\/types\/post"}],"author":[{"embeddable":true,"href":"https:\/\/patagoniambiental.com.ar\/info\/wp-json\/wp\/v2\/users\/2"}],"replies":[{"embeddable":true,"href":"https:\/\/patagoniambiental.com.ar\/info\/wp-json\/wp\/v2\/comments?post=47102"}],"version-history":[{"count":0,"href":"https:\/\/patagoniambiental.com.ar\/info\/wp-json\/wp\/v2\/posts\/47102\/revisions"}],"wp:featuredmedia":[{"embeddable":true,"href":"https:\/\/patagoniambiental.com.ar\/info\/wp-json\/wp\/v2\/media\/47103"}],"wp:attachment":[{"href":"https:\/\/patagoniambiental.com.ar\/info\/wp-json\/wp\/v2\/media?parent=47102"}],"wp:term":[{"taxonomy":"category","embeddable":true,"href":"https:\/\/patagoniambiental.com.ar\/info\/wp-json\/wp\/v2\/categories?post=47102"},{"taxonomy":"post_tag","embeddable":true,"href":"https:\/\/patagoniambiental.com.ar\/info\/wp-json\/wp\/v2\/tags?post=47102"}],"curies":[{"name":"wp","href":"https:\/\/api.w.org\/{rel}","templated":true}]}}