{"id":47116,"date":"2018-05-27T19:00:49","date_gmt":"2018-05-27T22:00:49","guid":{"rendered":"http:\/\/patagoniambiental.com.ar\/info\/?p=47116"},"modified":"2018-05-24T16:29:36","modified_gmt":"2018-05-24T19:29:36","slug":"un-mapa-muestra-la-cantidad-de-carbono-azul-que-albergan-los-manglares","status":"publish","type":"post","link":"https:\/\/patagoniambiental.com.ar\/info\/un-mapa-muestra-la-cantidad-de-carbono-azul-que-albergan-los-manglares\/","title":{"rendered":"Un mapa muestra la cantidad de carbono azul que albergan los manglares"},"content":{"rendered":"<p class=\"subtitulo\">Se busca que los pa\u00edses incluyan a estos valiosos ecosistemas en el dise\u00f1o de estrategias efectivas de mitigaci\u00f3n y adaptaci\u00f3n al cambio clim\u00e1tico<\/p>\n<aside class=\"modulo noticias-relacionadas\">\n<h4 class=\"titulo\"><!--more--><\/h4>\n<ul>\n<li><a title=\"Las mujeres abanderan la conservaci\u00f3n de los manglares en Nigeria\" href=\"http:\/\/www.abc.es\/natural\/vivirenverde\/abci-mujeres-abanderan-conservacion-manglares-nigeria-201803091314_noticia.html#ns_campaign=mod-sugeridos&amp;ns_mchannel=relacionados&amp;ns_source=las-mujeres-abanderan-la-conservacion-de-los-manglares-en-nigeria&amp;ns_linkname=noticia.foto.natural&amp;ns_fee=pos-1\" data-voc-vtm-id=\"contenidorelacionado\">Las mujeres abanderan la conservaci\u00f3n de los manglares en Nigeria<\/a><\/li>\n<li><a title=\"Manglares: su conservaci\u00f3n es fundamental para asegurar los Objetivos del Milenio en 2030\" href=\"http:\/\/www.abc.es\/natural\/biodiversidad\/abci-manglares-conservacion-fundamental-para-103124529978-20160803124521_galeria.html#ns_campaign=mod-sugeridos&amp;ns_mchannel=relacionados&amp;ns_source=manglares-su-conservacion-es-fundamental-para-asegurar-los-objetivos-del-milenio-en-2030&amp;ns_linkname=noticia.foto.natural&amp;ns_fee=pos-2\" data-voc-vtm-id=\"contenidorelacionado\">Manglares: su conservaci\u00f3n es fundamental para asegurar los Objetivos del Milenio en 2030<\/a><\/li>\n<li><a title=\"Cuando los \u00e1rboles ayudan a los p\u00e1jaros\" href=\"http:\/\/www.abc.es\/natural\/biodiversidad\/abci-cuando-arboles-ayudan-pajaros-201612291237_noticia.html#ns_campaign=mod-sugeridos&amp;ns_mchannel=relacionados&amp;ns_source=cuando-los-arboles-ayudan-a-los-pajaros&amp;ns_linkname=noticia.foto.natural&amp;ns_fee=pos-3\" data-voc-vtm-id=\"contenidorelacionado\">Cuando los \u00e1rboles ayudan a los p\u00e1jaros<\/a><\/li>\n<\/ul>\n<\/aside>\n<p>&nbsp;<\/p>\n<p>Una veintena de investigadores de diversos pa\u00edses han desarrollado un nuevo\u00a0<strong>mapa global de las reservas de carbono en el suelo de los manglares<\/strong>\u00a0con el prop\u00f3sito de que los pa\u00edses incluyan estos valiosos ecosistemas en proyectos de pago por servicios ambientales y en el dise\u00f1o de estrategias efectivas de mitigaci\u00f3n y adaptaci\u00f3n al cambio clim\u00e1tico, as\u00ed como, por supuesto, para la propia conservaci\u00f3n de manglares.<\/p>\n<div id=\"hybs-slot-c91aa03c-0\"><\/div>\n<p>\u00abGracias a este estudio, por ejemplo, ahora sabemos que los manglares del norte de Am\u00e9rica del Sur contienen casi tanto carbono como los asi\u00e1ticos, los cuales han sido considerados tradicionalmente como los manglares m\u00e1s ricos en carbono del mundo. Adem\u00e1s, nos permite estimar cu\u00e1nto carbono se emite a la atm\u00f3sfera cuando los manglares son cortados para establecer otros usos del suelo y cu\u00e1les son los mayores focos de\u00a0<strong>deforestaci\u00f3n\u00a0<\/strong>de los manglares\u00bb, explica Miguel Cifuentes Jara, investigador del Programa Bosques, Biodiversidad y Cambio Clim\u00e1tico del Centro Agron\u00f3mico Tropical de Investigaci\u00f3n y Ense\u00f1anza (<a href=\"https:\/\/www.catie.ac.cr\/\">CATIE<\/a>).<\/p>\n<div id=\"hybs-slot-c91aa03c-1\"><\/div>\n<p>Cifuentes detall\u00f3 que para elaborar el mapa se compil\u00f3 una gran base de datos georreferenciados de mediciones de carbono en el suelo de los manglares y se desarroll\u00f3 un nuevo\u00a0<strong>modelo estad\u00edstico<\/strong>, basado en el aprendizaje autom\u00e1tico de la distribuci\u00f3n de la densidad de carbono, utilizando datos espacialmente completos a una resoluci\u00f3n de 30 metros.<\/p>\n<div id=\"hybs-slot-c91aa03c-2\"><\/div>\n<aside class=\"roba-intercalado sin-fondo layer_inpage\">\n<div id=\"google_ads_iframe_\/4900\/vocento.abc\/natural_4__container__\"><iframe id=\"google_ads_iframe_\/4900\/vocento.abc\/natural_4\" title=\"3rd party ad content\" name=\"google_ads_iframe_\/4900\/vocento.abc\/natural_4\" width=\"1\" height=\"1\" frameborder=\"0\" marginwidth=\"0\" marginheight=\"0\" scrolling=\"no\" data-mce-fragment=\"1\"><\/iframe><\/div>\n<\/aside>\n<div id=\"hybs-slot-c91aa03c-3\"><\/div>\n<p>Seg\u00fan los resultados del mapa, m\u00e1s del 75% de la p\u00e9rdida de manglares est\u00e1 en\u00a0<strong>Indonesia, Malasia y Myanmar<\/strong>. No obstante, pa\u00edses de Am\u00e9rica Latina como\u00a0<strong>Guatemala, Honduras, Brasil, M\u00e9xico y Cuba<\/strong>\u00a0se encuentran entre los de mayor p\u00e9rdida de manglares.<\/p>\n<p>Fuente:\u00a0http:\/\/www.abc.es\/natural\/biodiversidad\/abci-mapa-muestra-cantidad-carbono-azul-albergan-manglares-mundo-201805181209_noticia.html<\/p>\n","protected":false},"excerpt":{"rendered":"<p>Se busca que los pa\u00edses incluyan a estos valiosos ecosistemas en el dise\u00f1o de estrategias efectivas de mitigaci\u00f3n y adaptaci\u00f3n [&hellip;]<\/p>\n","protected":false},"author":2,"featured_media":47117,"comment_status":"open","ping_status":"open","sticky":false,"template":"","format":"standard","meta":{"site-sidebar-layout":"default","site-content-layout":"","ast-site-content-layout":"default","site-content-style":"default","site-sidebar-style":"default","ast-global-header-display":"","ast-banner-title-visibility":"","ast-main-header-display":"","ast-hfb-above-header-display":"","ast-hfb-below-header-display":"","ast-hfb-mobile-header-display":"","site-post-title":"","ast-breadcrumbs-content":"","ast-featured-img":"","footer-sml-layout":"","ast-disable-related-posts":"","theme-transparent-header-meta":"","adv-header-id-meta":"","stick-header-meta":"","header-above-stick-meta":"","header-main-stick-meta":"","header-below-stick-meta":"","astra-migrate-meta-layouts":"default","ast-page-background-enabled":"default","ast-page-background-meta":{"desktop":{"background-color":"var(--ast-global-color-5)","background-image":"","background-repeat":"repeat","background-position":"center center","background-size":"auto","background-attachment":"scroll","background-type":"","background-media":"","overlay-type":"","overlay-color":"","overlay-opacity":"","overlay-gradient":""},"tablet":{"background-color":"","background-image":"","background-repeat":"repeat","background-position":"center center","background-size":"auto","background-attachment":"scroll","background-type":"","background-media":"","overlay-type":"","overlay-color":"","overlay-opacity":"","overlay-gradient":""},"mobile":{"background-color":"","background-image":"","background-repeat":"repeat","background-position":"center center","background-size":"auto","background-attachment":"scroll","background-type":"","background-media":"","overlay-type":"","overlay-color":"","overlay-opacity":"","overlay-gradient":""}},"ast-content-background-meta":{"desktop":{"background-color":"var(--ast-global-color-4)","background-image":"","background-repeat":"repeat","background-position":"center center","background-size":"auto","background-attachment":"scroll","background-type":"","background-media":"","overlay-type":"","overlay-color":"","overlay-opacity":"","overlay-gradient":""},"tablet":{"background-color":"var(--ast-global-color-4)","background-image":"","background-repeat":"repeat","background-position":"center center","background-size":"auto","background-attachment":"scroll","background-type":"","background-media":"","overlay-type":"","overlay-color":"","overlay-opacity":"","overlay-gradient":""},"mobile":{"background-color":"var(--ast-global-color-4)","background-image":"","background-repeat":"repeat","background-position":"center center","background-size":"auto","background-attachment":"scroll","background-type":"","background-media":"","overlay-type":"","overlay-color":"","overlay-opacity":"","overlay-gradient":""}},"footnotes":""},"categories":[23,1],"tags":[],"class_list":["post-47116","post","type-post","status-publish","format-standard","has-post-thumbnail","hentry","category-internacionales","category-noticias"],"yoast_head":"<!-- This site is optimized with the Yoast SEO Premium plugin v23.0 (Yoast SEO v27.4) - https:\/\/yoast.com\/product\/yoast-seo-premium-wordpress\/ -->\n<title>Un mapa muestra la cantidad de carbono azul que albergan los manglares<\/title>\n<meta name=\"robots\" content=\"index, follow, max-snippet:-1, max-image-preview:large, max-video-preview:-1\" \/>\n<link rel=\"canonical\" href=\"https:\/\/patagoniambiental.com.ar\/info\/un-mapa-muestra-la-cantidad-de-carbono-azul-que-albergan-los-manglares\/\" \/>\n<meta property=\"og:locale\" content=\"es_ES\" \/>\n<meta property=\"og:type\" content=\"article\" \/>\n<meta property=\"og:title\" content=\"Un mapa muestra la cantidad de carbono azul que albergan los manglares\" \/>\n<meta property=\"og:description\" content=\"Se busca que los pa\u00edses incluyan a estos valiosos ecosistemas en el dise\u00f1o de estrategias efectivas de mitigaci\u00f3n y adaptaci\u00f3n [&hellip;]\" \/>\n<meta property=\"og:url\" content=\"https:\/\/patagoniambiental.com.ar\/info\/un-mapa-muestra-la-cantidad-de-carbono-azul-que-albergan-los-manglares\/\" \/>\n<meta property=\"og:site_name\" content=\"Patagonia Ambiental\" \/>\n<meta property=\"article:publisher\" content=\"https:\/\/www.facebook.com\/patagonia.ambiental\" \/>\n<meta property=\"article:author\" content=\"https:\/\/www.facebook.com\/share\/1C1V8Gv9BX\/?mibextid=qi2Omg\" \/>\n<meta property=\"article:published_time\" content=\"2018-05-27T22:00:49+00:00\" \/>\n<meta property=\"og:image\" content=\"https:\/\/patagoniambiental.com.ar\/info\/wp-content\/uploads\/2018\/05\/manglar-stri-kczG-1240x698@abc.jpg\" \/>\n\t<meta property=\"og:image:width\" content=\"1240\" \/>\n\t<meta property=\"og:image:height\" content=\"698\" \/>\n\t<meta property=\"og:image:type\" content=\"image\/jpeg\" \/>\n<meta name=\"author\" content=\"Patagonia Ambiental\" \/>\n<meta name=\"twitter:card\" content=\"summary_large_image\" \/>\n<meta name=\"twitter:creator\" content=\"@PatAmb\" \/>\n<meta name=\"twitter:site\" content=\"@PatAmb\" \/>\n<script type=\"application\/ld+json\" class=\"yoast-schema-graph\">{\"@context\":\"https:\\\/\\\/schema.org\",\"@graph\":[{\"@type\":\"Article\",\"@id\":\"https:\\\/\\\/patagoniambiental.com.ar\\\/info\\\/un-mapa-muestra-la-cantidad-de-carbono-azul-que-albergan-los-manglares\\\/#article\",\"isPartOf\":{\"@id\":\"https:\\\/\\\/patagoniambiental.com.ar\\\/info\\\/un-mapa-muestra-la-cantidad-de-carbono-azul-que-albergan-los-manglares\\\/\"},\"author\":{\"name\":\"Patagonia Ambiental\",\"@id\":\"https:\\\/\\\/patagoniambiental.com.ar\\\/info\\\/#\\\/schema\\\/person\\\/db12bff64bbcbf6a253710bf0ea37b5d\"},\"headline\":\"Un mapa muestra la cantidad de carbono azul que albergan los manglares\",\"datePublished\":\"2018-05-27T22:00:49+00:00\",\"mainEntityOfPage\":{\"@id\":\"https:\\\/\\\/patagoniambiental.com.ar\\\/info\\\/un-mapa-muestra-la-cantidad-de-carbono-azul-que-albergan-los-manglares\\\/\"},\"wordCount\":367,\"commentCount\":0,\"publisher\":{\"@id\":\"https:\\\/\\\/patagoniambiental.com.ar\\\/info\\\/#organization\"},\"image\":{\"@id\":\"https:\\\/\\\/patagoniambiental.com.ar\\\/info\\\/un-mapa-muestra-la-cantidad-de-carbono-azul-que-albergan-los-manglares\\\/#primaryimage\"},\"thumbnailUrl\":\"https:\\\/\\\/patagoniambiental.com.ar\\\/info\\\/wp-content\\\/uploads\\\/2018\\\/05\\\/manglar-stri-kczG-1240x698@abc.jpg\",\"articleSection\":[\"Internacionales\",\"Noticias\"],\"inLanguage\":\"es\",\"potentialAction\":[{\"@type\":\"CommentAction\",\"name\":\"Comment\",\"target\":[\"https:\\\/\\\/patagoniambiental.com.ar\\\/info\\\/un-mapa-muestra-la-cantidad-de-carbono-azul-que-albergan-los-manglares\\\/#respond\"]}]},{\"@type\":\"WebPage\",\"@id\":\"https:\\\/\\\/patagoniambiental.com.ar\\\/info\\\/un-mapa-muestra-la-cantidad-de-carbono-azul-que-albergan-los-manglares\\\/\",\"url\":\"https:\\\/\\\/patagoniambiental.com.ar\\\/info\\\/un-mapa-muestra-la-cantidad-de-carbono-azul-que-albergan-los-manglares\\\/\",\"name\":\"Un mapa muestra la cantidad de carbono azul que albergan los manglares\",\"isPartOf\":{\"@id\":\"https:\\\/\\\/patagoniambiental.com.ar\\\/info\\\/#website\"},\"primaryImageOfPage\":{\"@id\":\"https:\\\/\\\/patagoniambiental.com.ar\\\/info\\\/un-mapa-muestra-la-cantidad-de-carbono-azul-que-albergan-los-manglares\\\/#primaryimage\"},\"image\":{\"@id\":\"https:\\\/\\\/patagoniambiental.com.ar\\\/info\\\/un-mapa-muestra-la-cantidad-de-carbono-azul-que-albergan-los-manglares\\\/#primaryimage\"},\"thumbnailUrl\":\"https:\\\/\\\/patagoniambiental.com.ar\\\/info\\\/wp-content\\\/uploads\\\/2018\\\/05\\\/manglar-stri-kczG-1240x698@abc.jpg\",\"datePublished\":\"2018-05-27T22:00:49+00:00\",\"breadcrumb\":{\"@id\":\"https:\\\/\\\/patagoniambiental.com.ar\\\/info\\\/un-mapa-muestra-la-cantidad-de-carbono-azul-que-albergan-los-manglares\\\/#breadcrumb\"},\"inLanguage\":\"es\",\"potentialAction\":[{\"@type\":\"ReadAction\",\"target\":[\"https:\\\/\\\/patagoniambiental.com.ar\\\/info\\\/un-mapa-muestra-la-cantidad-de-carbono-azul-que-albergan-los-manglares\\\/\"]}]},{\"@type\":\"ImageObject\",\"inLanguage\":\"es\",\"@id\":\"https:\\\/\\\/patagoniambiental.com.ar\\\/info\\\/un-mapa-muestra-la-cantidad-de-carbono-azul-que-albergan-los-manglares\\\/#primaryimage\",\"url\":\"https:\\\/\\\/patagoniambiental.com.ar\\\/info\\\/wp-content\\\/uploads\\\/2018\\\/05\\\/manglar-stri-kczG-1240x698@abc.jpg\",\"contentUrl\":\"https:\\\/\\\/patagoniambiental.com.ar\\\/info\\\/wp-content\\\/uploads\\\/2018\\\/05\\\/manglar-stri-kczG-1240x698@abc.jpg\",\"width\":1240,\"height\":698},{\"@type\":\"BreadcrumbList\",\"@id\":\"https:\\\/\\\/patagoniambiental.com.ar\\\/info\\\/un-mapa-muestra-la-cantidad-de-carbono-azul-que-albergan-los-manglares\\\/#breadcrumb\",\"itemListElement\":[{\"@type\":\"ListItem\",\"position\":1,\"name\":\"Inicio\",\"item\":\"https:\\\/\\\/patagoniambiental.com.ar\\\/info\\\/\"},{\"@type\":\"ListItem\",\"position\":2,\"name\":\"Un mapa muestra la cantidad de carbono azul que albergan los manglares\"}]},{\"@type\":\"WebSite\",\"@id\":\"https:\\\/\\\/patagoniambiental.com.ar\\\/info\\\/#website\",\"url\":\"https:\\\/\\\/patagoniambiental.com.ar\\\/info\\\/\",\"name\":\"Patagonia Ambiental\",\"description\":\"Monitoreo y an\u00e1lisis de la situaci\u00f3n geopol\u00edtica en el mundo y su implicancia en la Patagonia\",\"publisher\":{\"@id\":\"https:\\\/\\\/patagoniambiental.com.ar\\\/info\\\/#organization\"},\"potentialAction\":[{\"@type\":\"SearchAction\",\"target\":{\"@type\":\"EntryPoint\",\"urlTemplate\":\"https:\\\/\\\/patagoniambiental.com.ar\\\/info\\\/?s={search_term_string}\"},\"query-input\":{\"@type\":\"PropertyValueSpecification\",\"valueRequired\":true,\"valueName\":\"search_term_string\"}}],\"inLanguage\":\"es\"},{\"@type\":\"Organization\",\"@id\":\"https:\\\/\\\/patagoniambiental.com.ar\\\/info\\\/#organization\",\"name\":\"Patagonia Ambiental\",\"url\":\"https:\\\/\\\/patagoniambiental.com.ar\\\/info\\\/\",\"logo\":{\"@type\":\"ImageObject\",\"inLanguage\":\"es\",\"@id\":\"https:\\\/\\\/patagoniambiental.com.ar\\\/info\\\/#\\\/schema\\\/logo\\\/image\\\/\",\"url\":\"https:\\\/\\\/patagoniambiental.com.ar\\\/info\\\/wp-content\\\/uploads\\\/2025\\\/05\\\/LOGO-PATAGONIA-AMBIENTAL.png\",\"contentUrl\":\"https:\\\/\\\/patagoniambiental.com.ar\\\/info\\\/wp-content\\\/uploads\\\/2025\\\/05\\\/LOGO-PATAGONIA-AMBIENTAL.png\",\"width\":433,\"height\":250,\"caption\":\"Patagonia Ambiental\"},\"image\":{\"@id\":\"https:\\\/\\\/patagoniambiental.com.ar\\\/info\\\/#\\\/schema\\\/logo\\\/image\\\/\"},\"sameAs\":[\"https:\\\/\\\/www.facebook.com\\\/patagonia.ambiental\",\"https:\\\/\\\/x.com\\\/PatAmb\"]},{\"@type\":\"Person\",\"@id\":\"https:\\\/\\\/patagoniambiental.com.ar\\\/info\\\/#\\\/schema\\\/person\\\/db12bff64bbcbf6a253710bf0ea37b5d\",\"name\":\"Patagonia Ambiental\",\"description\":\"Andr\u00e9s Nievas T\u00e9cnico en manejo ambiental, consultor Ambiental y escritor para medios locales e internacionales sobre temas de geopolitica y medio ambiente.\",\"sameAs\":[\"http:\\\/\\\/www.patagoniambiental.com.ar\",\"https:\\\/\\\/www.facebook.com\\\/share\\\/1C1V8Gv9BX\\\/?mibextid=qi2Omg\",\"@patagoniambiental\",\"https:\\\/\\\/youtube.com\\\/@patagoniaambiental2023?si=BLt58t0wuXquxlYZ\"]}]}<\/script>\n<!-- \/ Yoast SEO Premium plugin. -->","yoast_head_json":{"title":"Un mapa muestra la cantidad de carbono azul que albergan los manglares","robots":{"index":"index","follow":"follow","max-snippet":"max-snippet:-1","max-image-preview":"max-image-preview:large","max-video-preview":"max-video-preview:-1"},"canonical":"https:\/\/patagoniambiental.com.ar\/info\/un-mapa-muestra-la-cantidad-de-carbono-azul-que-albergan-los-manglares\/","og_locale":"es_ES","og_type":"article","og_title":"Un mapa muestra la cantidad de carbono azul que albergan los manglares","og_description":"Se busca que los pa\u00edses incluyan a estos valiosos ecosistemas en el dise\u00f1o de estrategias efectivas de mitigaci\u00f3n y adaptaci\u00f3n [&hellip;]","og_url":"https:\/\/patagoniambiental.com.ar\/info\/un-mapa-muestra-la-cantidad-de-carbono-azul-que-albergan-los-manglares\/","og_site_name":"Patagonia Ambiental","article_publisher":"https:\/\/www.facebook.com\/patagonia.ambiental","article_author":"https:\/\/www.facebook.com\/share\/1C1V8Gv9BX\/?mibextid=qi2Omg","article_published_time":"2018-05-27T22:00:49+00:00","og_image":[{"width":1240,"height":698,"url":"https:\/\/patagoniambiental.com.ar\/info\/wp-content\/uploads\/2018\/05\/manglar-stri-kczG-1240x698@abc.jpg","type":"image\/jpeg"}],"author":"Patagonia Ambiental","twitter_card":"summary_large_image","twitter_creator":"@PatAmb","twitter_site":"@PatAmb","schema":{"@context":"https:\/\/schema.org","@graph":[{"@type":"Article","@id":"https:\/\/patagoniambiental.com.ar\/info\/un-mapa-muestra-la-cantidad-de-carbono-azul-que-albergan-los-manglares\/#article","isPartOf":{"@id":"https:\/\/patagoniambiental.com.ar\/info\/un-mapa-muestra-la-cantidad-de-carbono-azul-que-albergan-los-manglares\/"},"author":{"name":"Patagonia Ambiental","@id":"https:\/\/patagoniambiental.com.ar\/info\/#\/schema\/person\/db12bff64bbcbf6a253710bf0ea37b5d"},"headline":"Un mapa muestra la cantidad de carbono azul que albergan los manglares","datePublished":"2018-05-27T22:00:49+00:00","mainEntityOfPage":{"@id":"https:\/\/patagoniambiental.com.ar\/info\/un-mapa-muestra-la-cantidad-de-carbono-azul-que-albergan-los-manglares\/"},"wordCount":367,"commentCount":0,"publisher":{"@id":"https:\/\/patagoniambiental.com.ar\/info\/#organization"},"image":{"@id":"https:\/\/patagoniambiental.com.ar\/info\/un-mapa-muestra-la-cantidad-de-carbono-azul-que-albergan-los-manglares\/#primaryimage"},"thumbnailUrl":"https:\/\/patagoniambiental.com.ar\/info\/wp-content\/uploads\/2018\/05\/manglar-stri-kczG-1240x698@abc.jpg","articleSection":["Internacionales","Noticias"],"inLanguage":"es","potentialAction":[{"@type":"CommentAction","name":"Comment","target":["https:\/\/patagoniambiental.com.ar\/info\/un-mapa-muestra-la-cantidad-de-carbono-azul-que-albergan-los-manglares\/#respond"]}]},{"@type":"WebPage","@id":"https:\/\/patagoniambiental.com.ar\/info\/un-mapa-muestra-la-cantidad-de-carbono-azul-que-albergan-los-manglares\/","url":"https:\/\/patagoniambiental.com.ar\/info\/un-mapa-muestra-la-cantidad-de-carbono-azul-que-albergan-los-manglares\/","name":"Un mapa muestra la cantidad de carbono azul que albergan los manglares","isPartOf":{"@id":"https:\/\/patagoniambiental.com.ar\/info\/#website"},"primaryImageOfPage":{"@id":"https:\/\/patagoniambiental.com.ar\/info\/un-mapa-muestra-la-cantidad-de-carbono-azul-que-albergan-los-manglares\/#primaryimage"},"image":{"@id":"https:\/\/patagoniambiental.com.ar\/info\/un-mapa-muestra-la-cantidad-de-carbono-azul-que-albergan-los-manglares\/#primaryimage"},"thumbnailUrl":"https:\/\/patagoniambiental.com.ar\/info\/wp-content\/uploads\/2018\/05\/manglar-stri-kczG-1240x698@abc.jpg","datePublished":"2018-05-27T22:00:49+00:00","breadcrumb":{"@id":"https:\/\/patagoniambiental.com.ar\/info\/un-mapa-muestra-la-cantidad-de-carbono-azul-que-albergan-los-manglares\/#breadcrumb"},"inLanguage":"es","potentialAction":[{"@type":"ReadAction","target":["https:\/\/patagoniambiental.com.ar\/info\/un-mapa-muestra-la-cantidad-de-carbono-azul-que-albergan-los-manglares\/"]}]},{"@type":"ImageObject","inLanguage":"es","@id":"https:\/\/patagoniambiental.com.ar\/info\/un-mapa-muestra-la-cantidad-de-carbono-azul-que-albergan-los-manglares\/#primaryimage","url":"https:\/\/patagoniambiental.com.ar\/info\/wp-content\/uploads\/2018\/05\/manglar-stri-kczG-1240x698@abc.jpg","contentUrl":"https:\/\/patagoniambiental.com.ar\/info\/wp-content\/uploads\/2018\/05\/manglar-stri-kczG-1240x698@abc.jpg","width":1240,"height":698},{"@type":"BreadcrumbList","@id":"https:\/\/patagoniambiental.com.ar\/info\/un-mapa-muestra-la-cantidad-de-carbono-azul-que-albergan-los-manglares\/#breadcrumb","itemListElement":[{"@type":"ListItem","position":1,"name":"Inicio","item":"https:\/\/patagoniambiental.com.ar\/info\/"},{"@type":"ListItem","position":2,"name":"Un mapa muestra la cantidad de carbono azul que albergan los manglares"}]},{"@type":"WebSite","@id":"https:\/\/patagoniambiental.com.ar\/info\/#website","url":"https:\/\/patagoniambiental.com.ar\/info\/","name":"Patagonia Ambiental","description":"Monitoreo y an\u00e1lisis de la situaci\u00f3n geopol\u00edtica en el mundo y su implicancia en la Patagonia","publisher":{"@id":"https:\/\/patagoniambiental.com.ar\/info\/#organization"},"potentialAction":[{"@type":"SearchAction","target":{"@type":"EntryPoint","urlTemplate":"https:\/\/patagoniambiental.com.ar\/info\/?s={search_term_string}"},"query-input":{"@type":"PropertyValueSpecification","valueRequired":true,"valueName":"search_term_string"}}],"inLanguage":"es"},{"@type":"Organization","@id":"https:\/\/patagoniambiental.com.ar\/info\/#organization","name":"Patagonia Ambiental","url":"https:\/\/patagoniambiental.com.ar\/info\/","logo":{"@type":"ImageObject","inLanguage":"es","@id":"https:\/\/patagoniambiental.com.ar\/info\/#\/schema\/logo\/image\/","url":"https:\/\/patagoniambiental.com.ar\/info\/wp-content\/uploads\/2025\/05\/LOGO-PATAGONIA-AMBIENTAL.png","contentUrl":"https:\/\/patagoniambiental.com.ar\/info\/wp-content\/uploads\/2025\/05\/LOGO-PATAGONIA-AMBIENTAL.png","width":433,"height":250,"caption":"Patagonia Ambiental"},"image":{"@id":"https:\/\/patagoniambiental.com.ar\/info\/#\/schema\/logo\/image\/"},"sameAs":["https:\/\/www.facebook.com\/patagonia.ambiental","https:\/\/x.com\/PatAmb"]},{"@type":"Person","@id":"https:\/\/patagoniambiental.com.ar\/info\/#\/schema\/person\/db12bff64bbcbf6a253710bf0ea37b5d","name":"Patagonia Ambiental","description":"Andr\u00e9s Nievas T\u00e9cnico en manejo ambiental, consultor Ambiental y escritor para medios locales e internacionales sobre temas de geopolitica y medio ambiente.","sameAs":["http:\/\/www.patagoniambiental.com.ar","https:\/\/www.facebook.com\/share\/1C1V8Gv9BX\/?mibextid=qi2Omg","@patagoniambiental","https:\/\/youtube.com\/@patagoniaambiental2023?si=BLt58t0wuXquxlYZ"]}]}},"_links":{"self":[{"href":"https:\/\/patagoniambiental.com.ar\/info\/wp-json\/wp\/v2\/posts\/47116","targetHints":{"allow":["GET"]}}],"collection":[{"href":"https:\/\/patagoniambiental.com.ar\/info\/wp-json\/wp\/v2\/posts"}],"about":[{"href":"https:\/\/patagoniambiental.com.ar\/info\/wp-json\/wp\/v2\/types\/post"}],"author":[{"embeddable":true,"href":"https:\/\/patagoniambiental.com.ar\/info\/wp-json\/wp\/v2\/users\/2"}],"replies":[{"embeddable":true,"href":"https:\/\/patagoniambiental.com.ar\/info\/wp-json\/wp\/v2\/comments?post=47116"}],"version-history":[{"count":0,"href":"https:\/\/patagoniambiental.com.ar\/info\/wp-json\/wp\/v2\/posts\/47116\/revisions"}],"wp:featuredmedia":[{"embeddable":true,"href":"https:\/\/patagoniambiental.com.ar\/info\/wp-json\/wp\/v2\/media\/47117"}],"wp:attachment":[{"href":"https:\/\/patagoniambiental.com.ar\/info\/wp-json\/wp\/v2\/media?parent=47116"}],"wp:term":[{"taxonomy":"category","embeddable":true,"href":"https:\/\/patagoniambiental.com.ar\/info\/wp-json\/wp\/v2\/categories?post=47116"},{"taxonomy":"post_tag","embeddable":true,"href":"https:\/\/patagoniambiental.com.ar\/info\/wp-json\/wp\/v2\/tags?post=47116"}],"curies":[{"name":"wp","href":"https:\/\/api.w.org\/{rel}","templated":true}]}}