{"id":47254,"date":"2018-05-31T19:00:57","date_gmt":"2018-05-31T22:00:57","guid":{"rendered":"http:\/\/patagoniambiental.com.ar\/info\/?p=47254"},"modified":"2018-05-29T13:39:58","modified_gmt":"2018-05-29T16:39:58","slug":"en-un-acto-que-se-celebrara-en-londres-marcos-pena-homenajeara-a-los-soldados-britanicos-caidos-en-malvinas","status":"publish","type":"post","link":"https:\/\/patagoniambiental.com.ar\/info\/en-un-acto-que-se-celebrara-en-londres-marcos-pena-homenajeara-a-los-soldados-britanicos-caidos-en-malvinas\/","title":{"rendered":"EN UN ACTO QUE SE CELEBRAR\u00c1 EN LONDRES: Marcos Pe\u00f1a homenajear\u00e1 a los soldados brit\u00e1nicos ca\u00eddos en Malvinas"},"content":{"rendered":"<div class=\"f-right\">\n<p>Inglaterra.-Ser\u00e1 el pr\u00f3ximo 4 de junio en un homenaje argentino que se har\u00e1 en la capital inglesa, dedicado a los soldados brit\u00e1nicos ca\u00eddos en la guerra.<\/p>\n<\/div>\n<p><!--more--><\/p>\n<div class=\"w620 noborde\">\n<div class=\"cajaherramientas\">\n<h6 class=\"fecha_interna\"><\/h6>\n<\/div>\n<\/div>\n<div class=\"caja\">\n<div class=\"fotonota floatLeft mb20 cycle-slideshow\" style=\"margin-bottom: 20px !important; position: relative; background-color: #000000;\" data-cycle-fx=\"scrollHorz\" data-cycle-timeout=\"0\" data-cycle-prev=\"#foto-ant\" data-cycle-next=\"#foto-sig\" data-cycle-slides=\"&gt; .item\">\n<div class=\"item cycle-slide cycle-sentinel\"><a class=\"gal_fotonota cboxElement\" title=\"Fuente foto: MinutoUno\" href=\"https:\/\/www.infofueguina.com\/u\/fotografias\/fotosnoticias\/2018\/5\/28\/42594.jpg\"><img decoding=\"async\" src=\"https:\/\/www.infofueguina.com\/u\/fotografias\/m\/2018\/5\/28\/f620x350-42594_73612_0.jpg\" alt=\"Marcos Pe\u00f1a homenajear\u00e1 a los soldados brit\u00e1nicos ca\u00eddos en Malvinas\" \/><\/a><\/div>\n<div class=\"item cycle-slide cycle-slide-active\">\n<p class=\"epigrafe\"><strong>Adem\u00e1s, durante su viaje a Gran Breta\u00f1a, el jefe de gabinete tiene previstas reuniones con inversores brit\u00e1nicos.<\/strong>Fuente foto: MinutoUno<\/p>\n<\/div>\n<\/div>\n<div id=\"noticiaint\">\n<div class=\"w300\">\n<div class=\"notas_relacionadas\">\n<div class=\"cabezal\">NOTAS RELACIONADAS<\/div>\n<ul>\n<li><a href=\"https:\/\/www.infofueguina.com\/politica\/2018\/5\/27\/melella-analizo-con-veteranos-organizaciones-politicas-acuerdos-de-pesca-rubricados-con-gran-bretana-30193.html\">Melella analiz\u00f3 con veteranos y organizaciones pol\u00edticas acuerdos de pesca rubricados con Gran Breta\u00f1a (27\/5\/2018)<\/a><\/li>\n<li><a href=\"https:\/\/www.infofueguina.com\/tu-ciudad\/2018\/5\/25\/declaran-de-interes-municipal-el-proyecto-malvinas-en-la-mira-30182.html\">Declaran de inter\u00e9s municipal el proyecto \u201cMalvinas en la mira\u201d (25\/5\/2018)<\/a><\/li>\n<li><a href=\"https:\/\/www.infofueguina.com\/politica\/2018\/5\/24\/observatorio-malvinas-emitio-documento-critico-30150.html\">Observatorio Malvinas emiti\u00f3 documento cr\u00edtico (24\/5\/2018)<\/a><\/li>\n<\/ul>\n<\/div>\n<\/div>\n<div id=\"txtcontenido\">\n<p>El jefe de gabinete de la Naci\u00f3n,\u00a0<strong>Marcos Pe\u00f1a, homenajear\u00e1 a los soldados brit\u00e1nicos ca\u00eddos en la guerra de Malvinas.<\/strong><\/p>\n<p>Dicha ceremonia se celebrar\u00e1 en Inglaterra\u00a0<strong>el pr\u00f3ximo 4 de junio en la catedral San Pablo ubicada en la ciudad de Londres.<\/strong><\/p>\n<p>Seg\u00fan trascendi\u00f3, durante su viaje a \u00a0Gran Breta\u00f1a, el jefe de gabinete tiene previstas\u00a0<strong>reuniones con inversores brit\u00e1nicos<\/strong>\u00a0que tendr\u00edan inter\u00e9s en la Argentina, precisamente en el \u00e1rea de miner\u00eda, recursos renovables y comunicaciones.<\/p>\n<p>Adem\u00e1s, el gesto de Pe\u00f1a ser\u00e1 una retribuci\u00f3n \u00a0al homenaje que el canciller ingl\u00e9s, Boris Johnson, rindi\u00f3 en Buenos Aires a los soldados argentinos ca\u00eddos en combate.<\/p>\n<p>Cabe recordar que durante su viaje a Buenos Aires, Johnson realiz\u00f3 un acto en la Plaza San Mart\u00edn, del que participaron los ministros de Seguridad, Patricia Bullrich, el de Defensa, Oscar Aguad, y\u00a0periodistas brit\u00e1nicos que acompa\u00f1aban al canciller.<\/p>\n<p>En 1998 el ex presidente Carlos Menem hizo un homenaje similar en el templo anglicano.<\/p>\n<p>Fuente:\u00a0https:\/\/www.infofueguina.com\/politica\/2018\/5\/28\/marcos-pena-homenajeara-los-soldados-britanicos-caidos-en-malvinas-30225.html<\/p>\n<\/div>\n<\/div>\n<\/div>\n","protected":false},"excerpt":{"rendered":"<p>Inglaterra.-Ser\u00e1 el pr\u00f3ximo 4 de junio en un homenaje argentino que se har\u00e1 en la capital inglesa, dedicado a los [&hellip;]<\/p>\n","protected":false},"author":2,"featured_media":47255,"comment_status":"open","ping_status":"open","sticky":false,"template":"","format":"standard","meta":{"site-sidebar-layout":"default","site-content-layout":"","ast-site-content-layout":"default","site-content-style":"default","site-sidebar-style":"default","ast-global-header-display":"","ast-banner-title-visibility":"","ast-main-header-display":"","ast-hfb-above-header-display":"","ast-hfb-below-header-display":"","ast-hfb-mobile-header-display":"","site-post-title":"","ast-breadcrumbs-content":"","ast-featured-img":"","footer-sml-layout":"","ast-disable-related-posts":"","theme-transparent-header-meta":"","adv-header-id-meta":"","stick-header-meta":"","header-above-stick-meta":"","header-main-stick-meta":"","header-below-stick-meta":"","astra-migrate-meta-layouts":"default","ast-page-background-enabled":"default","ast-page-background-meta":{"desktop":{"background-color":"var(--ast-global-color-5)","background-image":"","background-repeat":"repeat","background-position":"center center","background-size":"auto","background-attachment":"scroll","background-type":"","background-media":"","overlay-type":"","overlay-color":"","overlay-opacity":"","overlay-gradient":""},"tablet":{"background-color":"","background-image":"","background-repeat":"repeat","background-position":"center center","background-size":"auto","background-attachment":"scroll","background-type":"","background-media":"","overlay-type":"","overlay-color":"","overlay-opacity":"","overlay-gradient":""},"mobile":{"background-color":"","background-image":"","background-repeat":"repeat","background-position":"center center","background-size":"auto","background-attachment":"scroll","background-type":"","background-media":"","overlay-type":"","overlay-color":"","overlay-opacity":"","overlay-gradient":""}},"ast-content-background-meta":{"desktop":{"background-color":"var(--ast-global-color-4)","background-image":"","background-repeat":"repeat","background-position":"center center","background-size":"auto","background-attachment":"scroll","background-type":"","background-media":"","overlay-type":"","overlay-color":"","overlay-opacity":"","overlay-gradient":""},"tablet":{"background-color":"var(--ast-global-color-4)","background-image":"","background-repeat":"repeat","background-position":"center center","background-size":"auto","background-attachment":"scroll","background-type":"","background-media":"","overlay-type":"","overlay-color":"","overlay-opacity":"","overlay-gradient":""},"mobile":{"background-color":"var(--ast-global-color-4)","background-image":"","background-repeat":"repeat","background-position":"center center","background-size":"auto","background-attachment":"scroll","background-type":"","background-media":"","overlay-type":"","overlay-color":"","overlay-opacity":"","overlay-gradient":""}},"footnotes":""},"categories":[23,1],"tags":[],"class_list":["post-47254","post","type-post","status-publish","format-standard","has-post-thumbnail","hentry","category-internacionales","category-noticias"],"yoast_head":"<!-- This site is optimized with the Yoast SEO Premium plugin v23.0 (Yoast SEO v27.4) - https:\/\/yoast.com\/product\/yoast-seo-premium-wordpress\/ -->\n<title>EN UN ACTO QUE SE CELEBRAR\u00c1 EN LONDRES: Marcos Pe\u00f1a homenajear\u00e1 a los soldados brit\u00e1nicos ca\u00eddos en Malvinas<\/title>\n<meta name=\"robots\" content=\"index, follow, max-snippet:-1, max-image-preview:large, max-video-preview:-1\" \/>\n<link rel=\"canonical\" href=\"https:\/\/patagoniambiental.com.ar\/info\/en-un-acto-que-se-celebrara-en-londres-marcos-pena-homenajeara-a-los-soldados-britanicos-caidos-en-malvinas\/\" \/>\n<meta property=\"og:locale\" content=\"es_ES\" \/>\n<meta property=\"og:type\" content=\"article\" \/>\n<meta property=\"og:title\" content=\"EN UN ACTO QUE SE CELEBRAR\u00c1 EN LONDRES: Marcos Pe\u00f1a homenajear\u00e1 a los soldados brit\u00e1nicos ca\u00eddos en Malvinas\" \/>\n<meta property=\"og:description\" content=\"Inglaterra.-Ser\u00e1 el pr\u00f3ximo 4 de junio en un homenaje argentino que se har\u00e1 en la capital inglesa, dedicado a los [&hellip;]\" \/>\n<meta property=\"og:url\" content=\"https:\/\/patagoniambiental.com.ar\/info\/en-un-acto-que-se-celebrara-en-londres-marcos-pena-homenajeara-a-los-soldados-britanicos-caidos-en-malvinas\/\" \/>\n<meta property=\"og:site_name\" content=\"Patagonia Ambiental\" \/>\n<meta property=\"article:publisher\" content=\"https:\/\/www.facebook.com\/patagonia.ambiental\" \/>\n<meta property=\"article:author\" content=\"https:\/\/www.facebook.com\/share\/1C1V8Gv9BX\/?mibextid=qi2Omg\" \/>\n<meta property=\"article:published_time\" content=\"2018-05-31T22:00:57+00:00\" \/>\n<meta property=\"og:image\" content=\"https:\/\/patagoniambiental.com.ar\/info\/wp-content\/uploads\/2018\/05\/f620x350-42594_73612_0.jpg\" \/>\n\t<meta property=\"og:image:width\" content=\"620\" \/>\n\t<meta property=\"og:image:height\" content=\"350\" \/>\n\t<meta property=\"og:image:type\" content=\"image\/jpeg\" \/>\n<meta name=\"author\" content=\"Patagonia Ambiental\" \/>\n<meta name=\"twitter:card\" content=\"summary_large_image\" \/>\n<meta name=\"twitter:creator\" content=\"@PatAmb\" \/>\n<meta name=\"twitter:site\" content=\"@PatAmb\" \/>\n<script type=\"application\/ld+json\" class=\"yoast-schema-graph\">{\"@context\":\"https:\\\/\\\/schema.org\",\"@graph\":[{\"@type\":\"Article\",\"@id\":\"https:\\\/\\\/patagoniambiental.com.ar\\\/info\\\/en-un-acto-que-se-celebrara-en-londres-marcos-pena-homenajeara-a-los-soldados-britanicos-caidos-en-malvinas\\\/#article\",\"isPartOf\":{\"@id\":\"https:\\\/\\\/patagoniambiental.com.ar\\\/info\\\/en-un-acto-que-se-celebrara-en-londres-marcos-pena-homenajeara-a-los-soldados-britanicos-caidos-en-malvinas\\\/\"},\"author\":{\"name\":\"Patagonia Ambiental\",\"@id\":\"https:\\\/\\\/patagoniambiental.com.ar\\\/info\\\/#\\\/schema\\\/person\\\/db12bff64bbcbf6a253710bf0ea37b5d\"},\"headline\":\"EN UN ACTO QUE SE CELEBRAR\u00c1 EN LONDRES: Marcos Pe\u00f1a homenajear\u00e1 a los soldados brit\u00e1nicos ca\u00eddos en Malvinas\",\"datePublished\":\"2018-05-31T22:00:57+00:00\",\"mainEntityOfPage\":{\"@id\":\"https:\\\/\\\/patagoniambiental.com.ar\\\/info\\\/en-un-acto-que-se-celebrara-en-londres-marcos-pena-homenajeara-a-los-soldados-britanicos-caidos-en-malvinas\\\/\"},\"wordCount\":290,\"commentCount\":0,\"publisher\":{\"@id\":\"https:\\\/\\\/patagoniambiental.com.ar\\\/info\\\/#organization\"},\"image\":{\"@id\":\"https:\\\/\\\/patagoniambiental.com.ar\\\/info\\\/en-un-acto-que-se-celebrara-en-londres-marcos-pena-homenajeara-a-los-soldados-britanicos-caidos-en-malvinas\\\/#primaryimage\"},\"thumbnailUrl\":\"https:\\\/\\\/patagoniambiental.com.ar\\\/info\\\/wp-content\\\/uploads\\\/2018\\\/05\\\/f620x350-42594_73612_0.jpg\",\"articleSection\":[\"Internacionales\",\"Noticias\"],\"inLanguage\":\"es\",\"potentialAction\":[{\"@type\":\"CommentAction\",\"name\":\"Comment\",\"target\":[\"https:\\\/\\\/patagoniambiental.com.ar\\\/info\\\/en-un-acto-que-se-celebrara-en-londres-marcos-pena-homenajeara-a-los-soldados-britanicos-caidos-en-malvinas\\\/#respond\"]}]},{\"@type\":\"WebPage\",\"@id\":\"https:\\\/\\\/patagoniambiental.com.ar\\\/info\\\/en-un-acto-que-se-celebrara-en-londres-marcos-pena-homenajeara-a-los-soldados-britanicos-caidos-en-malvinas\\\/\",\"url\":\"https:\\\/\\\/patagoniambiental.com.ar\\\/info\\\/en-un-acto-que-se-celebrara-en-londres-marcos-pena-homenajeara-a-los-soldados-britanicos-caidos-en-malvinas\\\/\",\"name\":\"EN UN ACTO QUE SE CELEBRAR\u00c1 EN LONDRES: Marcos Pe\u00f1a homenajear\u00e1 a los soldados brit\u00e1nicos ca\u00eddos en Malvinas\",\"isPartOf\":{\"@id\":\"https:\\\/\\\/patagoniambiental.com.ar\\\/info\\\/#website\"},\"primaryImageOfPage\":{\"@id\":\"https:\\\/\\\/patagoniambiental.com.ar\\\/info\\\/en-un-acto-que-se-celebrara-en-londres-marcos-pena-homenajeara-a-los-soldados-britanicos-caidos-en-malvinas\\\/#primaryimage\"},\"image\":{\"@id\":\"https:\\\/\\\/patagoniambiental.com.ar\\\/info\\\/en-un-acto-que-se-celebrara-en-londres-marcos-pena-homenajeara-a-los-soldados-britanicos-caidos-en-malvinas\\\/#primaryimage\"},\"thumbnailUrl\":\"https:\\\/\\\/patagoniambiental.com.ar\\\/info\\\/wp-content\\\/uploads\\\/2018\\\/05\\\/f620x350-42594_73612_0.jpg\",\"datePublished\":\"2018-05-31T22:00:57+00:00\",\"breadcrumb\":{\"@id\":\"https:\\\/\\\/patagoniambiental.com.ar\\\/info\\\/en-un-acto-que-se-celebrara-en-londres-marcos-pena-homenajeara-a-los-soldados-britanicos-caidos-en-malvinas\\\/#breadcrumb\"},\"inLanguage\":\"es\",\"potentialAction\":[{\"@type\":\"ReadAction\",\"target\":[\"https:\\\/\\\/patagoniambiental.com.ar\\\/info\\\/en-un-acto-que-se-celebrara-en-londres-marcos-pena-homenajeara-a-los-soldados-britanicos-caidos-en-malvinas\\\/\"]}]},{\"@type\":\"ImageObject\",\"inLanguage\":\"es\",\"@id\":\"https:\\\/\\\/patagoniambiental.com.ar\\\/info\\\/en-un-acto-que-se-celebrara-en-londres-marcos-pena-homenajeara-a-los-soldados-britanicos-caidos-en-malvinas\\\/#primaryimage\",\"url\":\"https:\\\/\\\/patagoniambiental.com.ar\\\/info\\\/wp-content\\\/uploads\\\/2018\\\/05\\\/f620x350-42594_73612_0.jpg\",\"contentUrl\":\"https:\\\/\\\/patagoniambiental.com.ar\\\/info\\\/wp-content\\\/uploads\\\/2018\\\/05\\\/f620x350-42594_73612_0.jpg\",\"width\":620,\"height\":350},{\"@type\":\"BreadcrumbList\",\"@id\":\"https:\\\/\\\/patagoniambiental.com.ar\\\/info\\\/en-un-acto-que-se-celebrara-en-londres-marcos-pena-homenajeara-a-los-soldados-britanicos-caidos-en-malvinas\\\/#breadcrumb\",\"itemListElement\":[{\"@type\":\"ListItem\",\"position\":1,\"name\":\"Inicio\",\"item\":\"https:\\\/\\\/patagoniambiental.com.ar\\\/info\\\/\"},{\"@type\":\"ListItem\",\"position\":2,\"name\":\"EN UN ACTO QUE SE CELEBRAR\u00c1 EN LONDRES: Marcos Pe\u00f1a homenajear\u00e1 a los soldados brit\u00e1nicos ca\u00eddos en Malvinas\"}]},{\"@type\":\"WebSite\",\"@id\":\"https:\\\/\\\/patagoniambiental.com.ar\\\/info\\\/#website\",\"url\":\"https:\\\/\\\/patagoniambiental.com.ar\\\/info\\\/\",\"name\":\"Patagonia Ambiental\",\"description\":\"Monitoreo y an\u00e1lisis de la situaci\u00f3n geopol\u00edtica en el mundo y su implicancia en la Patagonia\",\"publisher\":{\"@id\":\"https:\\\/\\\/patagoniambiental.com.ar\\\/info\\\/#organization\"},\"potentialAction\":[{\"@type\":\"SearchAction\",\"target\":{\"@type\":\"EntryPoint\",\"urlTemplate\":\"https:\\\/\\\/patagoniambiental.com.ar\\\/info\\\/?s={search_term_string}\"},\"query-input\":{\"@type\":\"PropertyValueSpecification\",\"valueRequired\":true,\"valueName\":\"search_term_string\"}}],\"inLanguage\":\"es\"},{\"@type\":\"Organization\",\"@id\":\"https:\\\/\\\/patagoniambiental.com.ar\\\/info\\\/#organization\",\"name\":\"Patagonia Ambiental\",\"url\":\"https:\\\/\\\/patagoniambiental.com.ar\\\/info\\\/\",\"logo\":{\"@type\":\"ImageObject\",\"inLanguage\":\"es\",\"@id\":\"https:\\\/\\\/patagoniambiental.com.ar\\\/info\\\/#\\\/schema\\\/logo\\\/image\\\/\",\"url\":\"https:\\\/\\\/patagoniambiental.com.ar\\\/info\\\/wp-content\\\/uploads\\\/2025\\\/05\\\/LOGO-PATAGONIA-AMBIENTAL.png\",\"contentUrl\":\"https:\\\/\\\/patagoniambiental.com.ar\\\/info\\\/wp-content\\\/uploads\\\/2025\\\/05\\\/LOGO-PATAGONIA-AMBIENTAL.png\",\"width\":433,\"height\":250,\"caption\":\"Patagonia Ambiental\"},\"image\":{\"@id\":\"https:\\\/\\\/patagoniambiental.com.ar\\\/info\\\/#\\\/schema\\\/logo\\\/image\\\/\"},\"sameAs\":[\"https:\\\/\\\/www.facebook.com\\\/patagonia.ambiental\",\"https:\\\/\\\/x.com\\\/PatAmb\"]},{\"@type\":\"Person\",\"@id\":\"https:\\\/\\\/patagoniambiental.com.ar\\\/info\\\/#\\\/schema\\\/person\\\/db12bff64bbcbf6a253710bf0ea37b5d\",\"name\":\"Patagonia Ambiental\",\"description\":\"Andr\u00e9s Nievas T\u00e9cnico en manejo ambiental, consultor Ambiental y escritor para medios locales e internacionales sobre temas de geopolitica y medio ambiente.\",\"sameAs\":[\"http:\\\/\\\/www.patagoniambiental.com.ar\",\"https:\\\/\\\/www.facebook.com\\\/share\\\/1C1V8Gv9BX\\\/?mibextid=qi2Omg\",\"@patagoniambiental\",\"https:\\\/\\\/youtube.com\\\/@patagoniaambiental2023?si=BLt58t0wuXquxlYZ\"]}]}<\/script>\n<!-- \/ Yoast SEO Premium plugin. -->","yoast_head_json":{"title":"EN UN ACTO QUE SE CELEBRAR\u00c1 EN LONDRES: Marcos Pe\u00f1a homenajear\u00e1 a los soldados brit\u00e1nicos ca\u00eddos en Malvinas","robots":{"index":"index","follow":"follow","max-snippet":"max-snippet:-1","max-image-preview":"max-image-preview:large","max-video-preview":"max-video-preview:-1"},"canonical":"https:\/\/patagoniambiental.com.ar\/info\/en-un-acto-que-se-celebrara-en-londres-marcos-pena-homenajeara-a-los-soldados-britanicos-caidos-en-malvinas\/","og_locale":"es_ES","og_type":"article","og_title":"EN UN ACTO QUE SE CELEBRAR\u00c1 EN LONDRES: Marcos Pe\u00f1a homenajear\u00e1 a los soldados brit\u00e1nicos ca\u00eddos en Malvinas","og_description":"Inglaterra.-Ser\u00e1 el pr\u00f3ximo 4 de junio en un homenaje argentino que se har\u00e1 en la capital inglesa, dedicado a los [&hellip;]","og_url":"https:\/\/patagoniambiental.com.ar\/info\/en-un-acto-que-se-celebrara-en-londres-marcos-pena-homenajeara-a-los-soldados-britanicos-caidos-en-malvinas\/","og_site_name":"Patagonia Ambiental","article_publisher":"https:\/\/www.facebook.com\/patagonia.ambiental","article_author":"https:\/\/www.facebook.com\/share\/1C1V8Gv9BX\/?mibextid=qi2Omg","article_published_time":"2018-05-31T22:00:57+00:00","og_image":[{"width":620,"height":350,"url":"https:\/\/patagoniambiental.com.ar\/info\/wp-content\/uploads\/2018\/05\/f620x350-42594_73612_0.jpg","type":"image\/jpeg"}],"author":"Patagonia Ambiental","twitter_card":"summary_large_image","twitter_creator":"@PatAmb","twitter_site":"@PatAmb","schema":{"@context":"https:\/\/schema.org","@graph":[{"@type":"Article","@id":"https:\/\/patagoniambiental.com.ar\/info\/en-un-acto-que-se-celebrara-en-londres-marcos-pena-homenajeara-a-los-soldados-britanicos-caidos-en-malvinas\/#article","isPartOf":{"@id":"https:\/\/patagoniambiental.com.ar\/info\/en-un-acto-que-se-celebrara-en-londres-marcos-pena-homenajeara-a-los-soldados-britanicos-caidos-en-malvinas\/"},"author":{"name":"Patagonia Ambiental","@id":"https:\/\/patagoniambiental.com.ar\/info\/#\/schema\/person\/db12bff64bbcbf6a253710bf0ea37b5d"},"headline":"EN UN ACTO QUE SE CELEBRAR\u00c1 EN LONDRES: Marcos Pe\u00f1a homenajear\u00e1 a los soldados brit\u00e1nicos ca\u00eddos en Malvinas","datePublished":"2018-05-31T22:00:57+00:00","mainEntityOfPage":{"@id":"https:\/\/patagoniambiental.com.ar\/info\/en-un-acto-que-se-celebrara-en-londres-marcos-pena-homenajeara-a-los-soldados-britanicos-caidos-en-malvinas\/"},"wordCount":290,"commentCount":0,"publisher":{"@id":"https:\/\/patagoniambiental.com.ar\/info\/#organization"},"image":{"@id":"https:\/\/patagoniambiental.com.ar\/info\/en-un-acto-que-se-celebrara-en-londres-marcos-pena-homenajeara-a-los-soldados-britanicos-caidos-en-malvinas\/#primaryimage"},"thumbnailUrl":"https:\/\/patagoniambiental.com.ar\/info\/wp-content\/uploads\/2018\/05\/f620x350-42594_73612_0.jpg","articleSection":["Internacionales","Noticias"],"inLanguage":"es","potentialAction":[{"@type":"CommentAction","name":"Comment","target":["https:\/\/patagoniambiental.com.ar\/info\/en-un-acto-que-se-celebrara-en-londres-marcos-pena-homenajeara-a-los-soldados-britanicos-caidos-en-malvinas\/#respond"]}]},{"@type":"WebPage","@id":"https:\/\/patagoniambiental.com.ar\/info\/en-un-acto-que-se-celebrara-en-londres-marcos-pena-homenajeara-a-los-soldados-britanicos-caidos-en-malvinas\/","url":"https:\/\/patagoniambiental.com.ar\/info\/en-un-acto-que-se-celebrara-en-londres-marcos-pena-homenajeara-a-los-soldados-britanicos-caidos-en-malvinas\/","name":"EN UN ACTO QUE SE CELEBRAR\u00c1 EN LONDRES: Marcos Pe\u00f1a homenajear\u00e1 a los soldados brit\u00e1nicos ca\u00eddos en Malvinas","isPartOf":{"@id":"https:\/\/patagoniambiental.com.ar\/info\/#website"},"primaryImageOfPage":{"@id":"https:\/\/patagoniambiental.com.ar\/info\/en-un-acto-que-se-celebrara-en-londres-marcos-pena-homenajeara-a-los-soldados-britanicos-caidos-en-malvinas\/#primaryimage"},"image":{"@id":"https:\/\/patagoniambiental.com.ar\/info\/en-un-acto-que-se-celebrara-en-londres-marcos-pena-homenajeara-a-los-soldados-britanicos-caidos-en-malvinas\/#primaryimage"},"thumbnailUrl":"https:\/\/patagoniambiental.com.ar\/info\/wp-content\/uploads\/2018\/05\/f620x350-42594_73612_0.jpg","datePublished":"2018-05-31T22:00:57+00:00","breadcrumb":{"@id":"https:\/\/patagoniambiental.com.ar\/info\/en-un-acto-que-se-celebrara-en-londres-marcos-pena-homenajeara-a-los-soldados-britanicos-caidos-en-malvinas\/#breadcrumb"},"inLanguage":"es","potentialAction":[{"@type":"ReadAction","target":["https:\/\/patagoniambiental.com.ar\/info\/en-un-acto-que-se-celebrara-en-londres-marcos-pena-homenajeara-a-los-soldados-britanicos-caidos-en-malvinas\/"]}]},{"@type":"ImageObject","inLanguage":"es","@id":"https:\/\/patagoniambiental.com.ar\/info\/en-un-acto-que-se-celebrara-en-londres-marcos-pena-homenajeara-a-los-soldados-britanicos-caidos-en-malvinas\/#primaryimage","url":"https:\/\/patagoniambiental.com.ar\/info\/wp-content\/uploads\/2018\/05\/f620x350-42594_73612_0.jpg","contentUrl":"https:\/\/patagoniambiental.com.ar\/info\/wp-content\/uploads\/2018\/05\/f620x350-42594_73612_0.jpg","width":620,"height":350},{"@type":"BreadcrumbList","@id":"https:\/\/patagoniambiental.com.ar\/info\/en-un-acto-que-se-celebrara-en-londres-marcos-pena-homenajeara-a-los-soldados-britanicos-caidos-en-malvinas\/#breadcrumb","itemListElement":[{"@type":"ListItem","position":1,"name":"Inicio","item":"https:\/\/patagoniambiental.com.ar\/info\/"},{"@type":"ListItem","position":2,"name":"EN UN ACTO QUE SE CELEBRAR\u00c1 EN LONDRES: Marcos Pe\u00f1a homenajear\u00e1 a los soldados brit\u00e1nicos ca\u00eddos en Malvinas"}]},{"@type":"WebSite","@id":"https:\/\/patagoniambiental.com.ar\/info\/#website","url":"https:\/\/patagoniambiental.com.ar\/info\/","name":"Patagonia Ambiental","description":"Monitoreo y an\u00e1lisis de la situaci\u00f3n geopol\u00edtica en el mundo y su implicancia en la Patagonia","publisher":{"@id":"https:\/\/patagoniambiental.com.ar\/info\/#organization"},"potentialAction":[{"@type":"SearchAction","target":{"@type":"EntryPoint","urlTemplate":"https:\/\/patagoniambiental.com.ar\/info\/?s={search_term_string}"},"query-input":{"@type":"PropertyValueSpecification","valueRequired":true,"valueName":"search_term_string"}}],"inLanguage":"es"},{"@type":"Organization","@id":"https:\/\/patagoniambiental.com.ar\/info\/#organization","name":"Patagonia Ambiental","url":"https:\/\/patagoniambiental.com.ar\/info\/","logo":{"@type":"ImageObject","inLanguage":"es","@id":"https:\/\/patagoniambiental.com.ar\/info\/#\/schema\/logo\/image\/","url":"https:\/\/patagoniambiental.com.ar\/info\/wp-content\/uploads\/2025\/05\/LOGO-PATAGONIA-AMBIENTAL.png","contentUrl":"https:\/\/patagoniambiental.com.ar\/info\/wp-content\/uploads\/2025\/05\/LOGO-PATAGONIA-AMBIENTAL.png","width":433,"height":250,"caption":"Patagonia Ambiental"},"image":{"@id":"https:\/\/patagoniambiental.com.ar\/info\/#\/schema\/logo\/image\/"},"sameAs":["https:\/\/www.facebook.com\/patagonia.ambiental","https:\/\/x.com\/PatAmb"]},{"@type":"Person","@id":"https:\/\/patagoniambiental.com.ar\/info\/#\/schema\/person\/db12bff64bbcbf6a253710bf0ea37b5d","name":"Patagonia Ambiental","description":"Andr\u00e9s Nievas T\u00e9cnico en manejo ambiental, consultor Ambiental y escritor para medios locales e internacionales sobre temas de geopolitica y medio ambiente.","sameAs":["http:\/\/www.patagoniambiental.com.ar","https:\/\/www.facebook.com\/share\/1C1V8Gv9BX\/?mibextid=qi2Omg","@patagoniambiental","https:\/\/youtube.com\/@patagoniaambiental2023?si=BLt58t0wuXquxlYZ"]}]}},"_links":{"self":[{"href":"https:\/\/patagoniambiental.com.ar\/info\/wp-json\/wp\/v2\/posts\/47254","targetHints":{"allow":["GET"]}}],"collection":[{"href":"https:\/\/patagoniambiental.com.ar\/info\/wp-json\/wp\/v2\/posts"}],"about":[{"href":"https:\/\/patagoniambiental.com.ar\/info\/wp-json\/wp\/v2\/types\/post"}],"author":[{"embeddable":true,"href":"https:\/\/patagoniambiental.com.ar\/info\/wp-json\/wp\/v2\/users\/2"}],"replies":[{"embeddable":true,"href":"https:\/\/patagoniambiental.com.ar\/info\/wp-json\/wp\/v2\/comments?post=47254"}],"version-history":[{"count":0,"href":"https:\/\/patagoniambiental.com.ar\/info\/wp-json\/wp\/v2\/posts\/47254\/revisions"}],"wp:featuredmedia":[{"embeddable":true,"href":"https:\/\/patagoniambiental.com.ar\/info\/wp-json\/wp\/v2\/media\/47255"}],"wp:attachment":[{"href":"https:\/\/patagoniambiental.com.ar\/info\/wp-json\/wp\/v2\/media?parent=47254"}],"wp:term":[{"taxonomy":"category","embeddable":true,"href":"https:\/\/patagoniambiental.com.ar\/info\/wp-json\/wp\/v2\/categories?post=47254"},{"taxonomy":"post_tag","embeddable":true,"href":"https:\/\/patagoniambiental.com.ar\/info\/wp-json\/wp\/v2\/tags?post=47254"}],"curies":[{"name":"wp","href":"https:\/\/api.w.org\/{rel}","templated":true}]}}