{"id":47285,"date":"2018-05-30T19:00:28","date_gmt":"2018-05-30T22:00:28","guid":{"rendered":"http:\/\/patagoniambiental.com.ar\/info\/?p=47285"},"modified":"2018-05-29T09:06:58","modified_gmt":"2018-05-29T12:06:58","slug":"kristine-mcdivitt-tompkins-embajadora-de-las-areas-protegidas-de-la-onu-mi-prioridad-es-dar-a-conocer-el-trabajo-realizado-con-chile","status":"publish","type":"post","link":"https:\/\/patagoniambiental.com.ar\/info\/kristine-mcdivitt-tompkins-embajadora-de-las-areas-protegidas-de-la-onu-mi-prioridad-es-dar-a-conocer-el-trabajo-realizado-con-chile\/","title":{"rendered":"Kristine McDivitt Tompkins, embajadora de las \u00c1reas Protegidas de la ONU: \u201cMi prioridad es dar a conocer el trabajo realizado con Chile\u201d"},"content":{"rendered":"<div class=\"border-bottom-1 titulo-nota\">\n<div class=\"main-wrapper\">\n<section class=\"grid-x clearfix\">\n<div class=\"main-col\">\n<div class=\"container-fluid\">\n<div class=\"row is-table-row-lg\">\n<div class=\"col-xs-12\">\n<p>Chile.-El trabajo de conservaci\u00f3n que la ecologista KristiEl trabajo de conservaci\u00f3n que la ecologista Kristine McDivitt Tompkins ha desarrollado en Chile y Argentina fue una de las razones por las que la ONU resolvi\u00f3 nombrarla embajadora de las \u00c1reas Protegidas, un cargo in\u00e9dito en el organismo.<\/p>\n<\/div>\n<\/div>\n<\/div>\n<\/div>\n<\/section>\n<\/div>\n<\/div>\n<p><!--more--><\/p>\n<div class=\"main-wrapper\">\n<div class=\"barra-top-dfp\">\n<div id=\"div-gpt-ad-1450363958660-3\" data-google-query-id=\"CLzAydLuqtsCFU4chwodzpIKdw\"><\/div>\n<\/div>\n<section class=\"grid-x clearfix\">\n<div class=\"main-col\">\n<div class=\"container-fluid\">\n<div class=\"row m-bottom-10\">\n<div class=\"col-sm-6\">\n<h4 class=\"margin-0 m-top-10\">Autor:\u00a0<a href=\"http:\/\/www.latercera.com\/tendencias\/noticia\/kristine-mcdivitt-tompkins-embajadora-las-areas-protegidas-la-onu-prioridad-dar-conocer-trabajo-realizado-chile\/183243\/#\">Carlos Gonz\u00e1lez Isla<\/a><\/h4>\n<\/div>\n<div class=\"col-sm-6 col-md-5 text-right text-left-xs\">\n<h4 class=\"margin-0 article-date\"><small class=\"bottom-info\"><span class=\"time-ago\">\u00a0MAR 29 MAY 2018 |\u00a0\u00a003:50 AM<\/span><\/small><\/h4>\n<\/div>\n<\/div>\n<div class=\"row\">\n<div class=\"col-md-11 col-article-main\">\n<div class=\"row\">\n<div class=\"col-md-12\">\n<figure class=\"mainimg border-top-blue-5\">\n<p><figure style=\"width: 495px\" class=\"wp-caption alignleft\"><img fetchpriority=\"high\" decoding=\"async\" src=\"http:\/\/s1.latercera.com\/wp-content\/uploads\/2018\/05\/kris-con-sofia-y-arandu-3_By-Rafa-Ab-41825655.jpg\" alt=\"\" width=\"495\" height=\"330\" \/><figcaption class=\"wp-caption-text\">KRISTINE MCDIVITT EN LOS ESTEROS DEL IBER\u00c1, EN ARGENTINA. Ecologista se encuentra en Nairobi donde planifica su trabajo para fomentar la conservaci\u00f3n en el planeta.<\/figcaption><\/figure><figcaption class=\"wp-caption-text cred-leyenda\"><\/figcaption><\/figure>\n<\/div>\n<\/div>\n<div class=\"row data-wrapped\">\n<div class=\"envoltorio\">\n<div id=\"ambideXtro\" class=\"col-md-11 col-lg-10 col-md-offset-1 col-lg-offset-2 nota-interior-tx p-top-30\">\n<p>Su \u00faltima acci\u00f3n en Chile fue la donaci\u00f3n de 400 mil hect\u00e1reas en la Patagonia para crear una red de parques en el sur del pa\u00eds de 4,5 millones de hect\u00e1reas. El aporte fue considerado como la mayor donaci\u00f3n privada al Estado de Chile con fines de conservaci\u00f3n. En Argentina tambi\u00e9n ha desarrollado acciones similares con la entrega de 150 mil hect\u00e1reas para la creaci\u00f3n del parque Esteros del Iber\u00e1.<\/p>\n<p>McDivitt inici\u00f3 su cruzada por la creaci\u00f3n de \u00e1reas protegidas en la d\u00e9cada de los 90 en Chile, junto a Douglas Tompkins, quien falleci\u00f3 en 2015.<br \/>\nPor primera vez desde su nombramiento, el pasado 18 de mayo Kristine McDivitt se refiere a su misi\u00f3n desde Nairobi, Kenia, donde planifica sus pr\u00f3ximos pasos como embajadora. \u201cSiento mucho orgullo en ser la primera persona en ocupar este cargo y gran alegr\u00eda por Tompkins Conservation. Es una tremenda responsabilidad y espero aportar con nuestra visi\u00f3n y estrategia para avanzar en la conservaci\u00f3n del territorio\u201d, dice a La Tercera.<\/p>\n<p><strong>\u00bfCu\u00e1l ser\u00e1 su primera misi\u00f3n?<\/strong><\/p>\n<p>Eso lo estamos definiendo en conjunto con el Director de Medioambiente de las Naciones Unidas, con quien me estoy reuniendo en Nairobi.<\/p>\n<p><strong>\u00bfCu\u00e1les ser\u00e1n sus prioridades como embajadora?<\/strong><\/p>\n<p>Mi prioridad es representar a nuestro equipo para dar a conocer el trabajo que hemos realizado en conjunto con los gobiernos de Chile y Argentina los \u00faltimos 25 a\u00f1os, esperando que estos esfuerzos p\u00fablicos y privados que han sido tan exitosos sirvan de modelo para muchos otros pa\u00edses en el futuro.<\/p>\n<p><strong>\u00bfQu\u00e9 d\u00e9ficit en \u00e1reas protegidas observa en Chile?<\/strong><\/p>\n<p>Chile tiene las mismas necesidades que cualquier otro pa\u00eds con respecto a encontrar el equilibrio entre diversos factores, como el desarrollo econ\u00f3mico, la demanda energ\u00e9tica y la conservaci\u00f3n.<\/p>\n<p><strong>\u00bfSe reunir\u00e1 pronto con alguna autoridad chilena?<\/strong><\/p>\n<p>Nuestro equipo en Chile est\u00e1 muy enfocado en reunirse con las nuevas autoridades y nuestro objetivo es entablar una relaci\u00f3n con el actual Gobierno, sobre todo en el \u00e1rea de la gesti\u00f3n y bienestar de los parques nacionales.<\/p>\n<p>Fuente:\u00a0http:\/\/www.latercera.com\/tendencias\/noticia\/kristine-mcdivitt-tompkins-embajadora-las-areas-protegidas-la-onu-prioridad-dar-conocer-trabajo-realizado-chile\/183243\/<\/p>\n<\/div>\n<\/div>\n<\/div>\n<\/div>\n<\/div>\n<\/div>\n<\/div>\n<\/section>\n<\/div>\n","protected":false},"excerpt":{"rendered":"<p>Chile.-El trabajo de conservaci\u00f3n que la ecologista KristiEl trabajo de conservaci\u00f3n que la ecologista Kristine McDivitt Tompkins ha desarrollado en [&hellip;]<\/p>\n","protected":false},"author":2,"featured_media":47286,"comment_status":"open","ping_status":"open","sticky":false,"template":"","format":"standard","meta":{"site-sidebar-layout":"default","site-content-layout":"","ast-site-content-layout":"default","site-content-style":"default","site-sidebar-style":"default","ast-global-header-display":"","ast-banner-title-visibility":"","ast-main-header-display":"","ast-hfb-above-header-display":"","ast-hfb-below-header-display":"","ast-hfb-mobile-header-display":"","site-post-title":"","ast-breadcrumbs-content":"","ast-featured-img":"","footer-sml-layout":"","ast-disable-related-posts":"","theme-transparent-header-meta":"","adv-header-id-meta":"","stick-header-meta":"","header-above-stick-meta":"","header-main-stick-meta":"","header-below-stick-meta":"","astra-migrate-meta-layouts":"default","ast-page-background-enabled":"default","ast-page-background-meta":{"desktop":{"background-color":"var(--ast-global-color-5)","background-image":"","background-repeat":"repeat","background-position":"center center","background-size":"auto","background-attachment":"scroll","background-type":"","background-media":"","overlay-type":"","overlay-color":"","overlay-opacity":"","overlay-gradient":""},"tablet":{"background-color":"","background-image":"","background-repeat":"repeat","background-position":"center center","background-size":"auto","background-attachment":"scroll","background-type":"","background-media":"","overlay-type":"","overlay-color":"","overlay-opacity":"","overlay-gradient":""},"mobile":{"background-color":"","background-image":"","background-repeat":"repeat","background-position":"center center","background-size":"auto","background-attachment":"scroll","background-type":"","background-media":"","overlay-type":"","overlay-color":"","overlay-opacity":"","overlay-gradient":""}},"ast-content-background-meta":{"desktop":{"background-color":"var(--ast-global-color-4)","background-image":"","background-repeat":"repeat","background-position":"center center","background-size":"auto","background-attachment":"scroll","background-type":"","background-media":"","overlay-type":"","overlay-color":"","overlay-opacity":"","overlay-gradient":""},"tablet":{"background-color":"var(--ast-global-color-4)","background-image":"","background-repeat":"repeat","background-position":"center center","background-size":"auto","background-attachment":"scroll","background-type":"","background-media":"","overlay-type":"","overlay-color":"","overlay-opacity":"","overlay-gradient":""},"mobile":{"background-color":"var(--ast-global-color-4)","background-image":"","background-repeat":"repeat","background-position":"center center","background-size":"auto","background-attachment":"scroll","background-type":"","background-media":"","overlay-type":"","overlay-color":"","overlay-opacity":"","overlay-gradient":""}},"footnotes":""},"categories":[23,1],"tags":[],"class_list":["post-47285","post","type-post","status-publish","format-standard","has-post-thumbnail","hentry","category-internacionales","category-noticias"],"yoast_head":"<!-- This site is optimized with the Yoast SEO Premium plugin v23.0 (Yoast SEO v27.4) - https:\/\/yoast.com\/product\/yoast-seo-premium-wordpress\/ -->\n<title>Kristine McDivitt Tompkins, embajadora de las \u00c1reas Protegidas de la ONU: \u201cMi prioridad es dar a conocer el trabajo realizado con Chile\u201d<\/title>\n<meta name=\"robots\" content=\"index, follow, max-snippet:-1, max-image-preview:large, max-video-preview:-1\" \/>\n<link rel=\"canonical\" href=\"https:\/\/patagoniambiental.com.ar\/info\/kristine-mcdivitt-tompkins-embajadora-de-las-areas-protegidas-de-la-onu-mi-prioridad-es-dar-a-conocer-el-trabajo-realizado-con-chile\/\" \/>\n<meta property=\"og:locale\" content=\"es_ES\" \/>\n<meta property=\"og:type\" content=\"article\" \/>\n<meta property=\"og:title\" content=\"Kristine McDivitt Tompkins, embajadora de las \u00c1reas Protegidas de la ONU: \u201cMi prioridad es dar a conocer el trabajo realizado con Chile\u201d\" \/>\n<meta property=\"og:description\" content=\"Chile.-El trabajo de conservaci\u00f3n que la ecologista KristiEl trabajo de conservaci\u00f3n que la ecologista Kristine McDivitt Tompkins ha desarrollado en [&hellip;]\" \/>\n<meta property=\"og:url\" content=\"https:\/\/patagoniambiental.com.ar\/info\/kristine-mcdivitt-tompkins-embajadora-de-las-areas-protegidas-de-la-onu-mi-prioridad-es-dar-a-conocer-el-trabajo-realizado-con-chile\/\" \/>\n<meta property=\"og:site_name\" content=\"Patagonia Ambiental\" \/>\n<meta property=\"article:publisher\" content=\"https:\/\/www.facebook.com\/patagonia.ambiental\" \/>\n<meta property=\"article:author\" content=\"https:\/\/www.facebook.com\/share\/1C1V8Gv9BX\/?mibextid=qi2Omg\" \/>\n<meta property=\"article:published_time\" content=\"2018-05-30T22:00:28+00:00\" \/>\n<meta property=\"og:image\" content=\"https:\/\/patagoniambiental.com.ar\/info\/wp-content\/uploads\/2018\/05\/kris-con-sofia-y-arandu-3_By-Rafa-Ab-41825655.jpg\" \/>\n\t<meta property=\"og:image:width\" content=\"900\" \/>\n\t<meta property=\"og:image:height\" content=\"600\" \/>\n\t<meta property=\"og:image:type\" content=\"image\/jpeg\" \/>\n<meta name=\"author\" content=\"Patagonia Ambiental\" \/>\n<meta name=\"twitter:card\" content=\"summary_large_image\" \/>\n<meta name=\"twitter:creator\" content=\"@PatAmb\" \/>\n<meta name=\"twitter:site\" content=\"@PatAmb\" \/>\n<script type=\"application\/ld+json\" class=\"yoast-schema-graph\">{\"@context\":\"https:\\\/\\\/schema.org\",\"@graph\":[{\"@type\":\"Article\",\"@id\":\"https:\\\/\\\/patagoniambiental.com.ar\\\/info\\\/kristine-mcdivitt-tompkins-embajadora-de-las-areas-protegidas-de-la-onu-mi-prioridad-es-dar-a-conocer-el-trabajo-realizado-con-chile\\\/#article\",\"isPartOf\":{\"@id\":\"https:\\\/\\\/patagoniambiental.com.ar\\\/info\\\/kristine-mcdivitt-tompkins-embajadora-de-las-areas-protegidas-de-la-onu-mi-prioridad-es-dar-a-conocer-el-trabajo-realizado-con-chile\\\/\"},\"author\":{\"name\":\"Patagonia Ambiental\",\"@id\":\"https:\\\/\\\/patagoniambiental.com.ar\\\/info\\\/#\\\/schema\\\/person\\\/db12bff64bbcbf6a253710bf0ea37b5d\"},\"headline\":\"Kristine McDivitt Tompkins, embajadora de las \u00c1reas Protegidas de la ONU: \u201cMi prioridad es dar a conocer el trabajo realizado con Chile\u201d\",\"datePublished\":\"2018-05-30T22:00:28+00:00\",\"mainEntityOfPage\":{\"@id\":\"https:\\\/\\\/patagoniambiental.com.ar\\\/info\\\/kristine-mcdivitt-tompkins-embajadora-de-las-areas-protegidas-de-la-onu-mi-prioridad-es-dar-a-conocer-el-trabajo-realizado-con-chile\\\/\"},\"wordCount\":474,\"commentCount\":0,\"publisher\":{\"@id\":\"https:\\\/\\\/patagoniambiental.com.ar\\\/info\\\/#organization\"},\"image\":{\"@id\":\"https:\\\/\\\/patagoniambiental.com.ar\\\/info\\\/kristine-mcdivitt-tompkins-embajadora-de-las-areas-protegidas-de-la-onu-mi-prioridad-es-dar-a-conocer-el-trabajo-realizado-con-chile\\\/#primaryimage\"},\"thumbnailUrl\":\"https:\\\/\\\/patagoniambiental.com.ar\\\/info\\\/wp-content\\\/uploads\\\/2018\\\/05\\\/kris-con-sofia-y-arandu-3_By-Rafa-Ab-41825655.jpg\",\"articleSection\":[\"Internacionales\",\"Noticias\"],\"inLanguage\":\"es\",\"potentialAction\":[{\"@type\":\"CommentAction\",\"name\":\"Comment\",\"target\":[\"https:\\\/\\\/patagoniambiental.com.ar\\\/info\\\/kristine-mcdivitt-tompkins-embajadora-de-las-areas-protegidas-de-la-onu-mi-prioridad-es-dar-a-conocer-el-trabajo-realizado-con-chile\\\/#respond\"]}]},{\"@type\":\"WebPage\",\"@id\":\"https:\\\/\\\/patagoniambiental.com.ar\\\/info\\\/kristine-mcdivitt-tompkins-embajadora-de-las-areas-protegidas-de-la-onu-mi-prioridad-es-dar-a-conocer-el-trabajo-realizado-con-chile\\\/\",\"url\":\"https:\\\/\\\/patagoniambiental.com.ar\\\/info\\\/kristine-mcdivitt-tompkins-embajadora-de-las-areas-protegidas-de-la-onu-mi-prioridad-es-dar-a-conocer-el-trabajo-realizado-con-chile\\\/\",\"name\":\"Kristine McDivitt Tompkins, embajadora de las \u00c1reas Protegidas de la ONU: \u201cMi prioridad es dar a conocer el trabajo realizado con Chile\u201d\",\"isPartOf\":{\"@id\":\"https:\\\/\\\/patagoniambiental.com.ar\\\/info\\\/#website\"},\"primaryImageOfPage\":{\"@id\":\"https:\\\/\\\/patagoniambiental.com.ar\\\/info\\\/kristine-mcdivitt-tompkins-embajadora-de-las-areas-protegidas-de-la-onu-mi-prioridad-es-dar-a-conocer-el-trabajo-realizado-con-chile\\\/#primaryimage\"},\"image\":{\"@id\":\"https:\\\/\\\/patagoniambiental.com.ar\\\/info\\\/kristine-mcdivitt-tompkins-embajadora-de-las-areas-protegidas-de-la-onu-mi-prioridad-es-dar-a-conocer-el-trabajo-realizado-con-chile\\\/#primaryimage\"},\"thumbnailUrl\":\"https:\\\/\\\/patagoniambiental.com.ar\\\/info\\\/wp-content\\\/uploads\\\/2018\\\/05\\\/kris-con-sofia-y-arandu-3_By-Rafa-Ab-41825655.jpg\",\"datePublished\":\"2018-05-30T22:00:28+00:00\",\"breadcrumb\":{\"@id\":\"https:\\\/\\\/patagoniambiental.com.ar\\\/info\\\/kristine-mcdivitt-tompkins-embajadora-de-las-areas-protegidas-de-la-onu-mi-prioridad-es-dar-a-conocer-el-trabajo-realizado-con-chile\\\/#breadcrumb\"},\"inLanguage\":\"es\",\"potentialAction\":[{\"@type\":\"ReadAction\",\"target\":[\"https:\\\/\\\/patagoniambiental.com.ar\\\/info\\\/kristine-mcdivitt-tompkins-embajadora-de-las-areas-protegidas-de-la-onu-mi-prioridad-es-dar-a-conocer-el-trabajo-realizado-con-chile\\\/\"]}]},{\"@type\":\"ImageObject\",\"inLanguage\":\"es\",\"@id\":\"https:\\\/\\\/patagoniambiental.com.ar\\\/info\\\/kristine-mcdivitt-tompkins-embajadora-de-las-areas-protegidas-de-la-onu-mi-prioridad-es-dar-a-conocer-el-trabajo-realizado-con-chile\\\/#primaryimage\",\"url\":\"https:\\\/\\\/patagoniambiental.com.ar\\\/info\\\/wp-content\\\/uploads\\\/2018\\\/05\\\/kris-con-sofia-y-arandu-3_By-Rafa-Ab-41825655.jpg\",\"contentUrl\":\"https:\\\/\\\/patagoniambiental.com.ar\\\/info\\\/wp-content\\\/uploads\\\/2018\\\/05\\\/kris-con-sofia-y-arandu-3_By-Rafa-Ab-41825655.jpg\",\"width\":900,\"height\":600},{\"@type\":\"BreadcrumbList\",\"@id\":\"https:\\\/\\\/patagoniambiental.com.ar\\\/info\\\/kristine-mcdivitt-tompkins-embajadora-de-las-areas-protegidas-de-la-onu-mi-prioridad-es-dar-a-conocer-el-trabajo-realizado-con-chile\\\/#breadcrumb\",\"itemListElement\":[{\"@type\":\"ListItem\",\"position\":1,\"name\":\"Inicio\",\"item\":\"https:\\\/\\\/patagoniambiental.com.ar\\\/info\\\/\"},{\"@type\":\"ListItem\",\"position\":2,\"name\":\"Kristine McDivitt Tompkins, embajadora de las \u00c1reas Protegidas de la ONU: \u201cMi prioridad es dar a conocer el trabajo realizado con Chile\u201d\"}]},{\"@type\":\"WebSite\",\"@id\":\"https:\\\/\\\/patagoniambiental.com.ar\\\/info\\\/#website\",\"url\":\"https:\\\/\\\/patagoniambiental.com.ar\\\/info\\\/\",\"name\":\"Patagonia Ambiental\",\"description\":\"Monitoreo y an\u00e1lisis de la situaci\u00f3n geopol\u00edtica en el mundo y su implicancia en la Patagonia\",\"publisher\":{\"@id\":\"https:\\\/\\\/patagoniambiental.com.ar\\\/info\\\/#organization\"},\"potentialAction\":[{\"@type\":\"SearchAction\",\"target\":{\"@type\":\"EntryPoint\",\"urlTemplate\":\"https:\\\/\\\/patagoniambiental.com.ar\\\/info\\\/?s={search_term_string}\"},\"query-input\":{\"@type\":\"PropertyValueSpecification\",\"valueRequired\":true,\"valueName\":\"search_term_string\"}}],\"inLanguage\":\"es\"},{\"@type\":\"Organization\",\"@id\":\"https:\\\/\\\/patagoniambiental.com.ar\\\/info\\\/#organization\",\"name\":\"Patagonia Ambiental\",\"url\":\"https:\\\/\\\/patagoniambiental.com.ar\\\/info\\\/\",\"logo\":{\"@type\":\"ImageObject\",\"inLanguage\":\"es\",\"@id\":\"https:\\\/\\\/patagoniambiental.com.ar\\\/info\\\/#\\\/schema\\\/logo\\\/image\\\/\",\"url\":\"https:\\\/\\\/patagoniambiental.com.ar\\\/info\\\/wp-content\\\/uploads\\\/2025\\\/05\\\/LOGO-PATAGONIA-AMBIENTAL.png\",\"contentUrl\":\"https:\\\/\\\/patagoniambiental.com.ar\\\/info\\\/wp-content\\\/uploads\\\/2025\\\/05\\\/LOGO-PATAGONIA-AMBIENTAL.png\",\"width\":433,\"height\":250,\"caption\":\"Patagonia Ambiental\"},\"image\":{\"@id\":\"https:\\\/\\\/patagoniambiental.com.ar\\\/info\\\/#\\\/schema\\\/logo\\\/image\\\/\"},\"sameAs\":[\"https:\\\/\\\/www.facebook.com\\\/patagonia.ambiental\",\"https:\\\/\\\/x.com\\\/PatAmb\"]},{\"@type\":\"Person\",\"@id\":\"https:\\\/\\\/patagoniambiental.com.ar\\\/info\\\/#\\\/schema\\\/person\\\/db12bff64bbcbf6a253710bf0ea37b5d\",\"name\":\"Patagonia Ambiental\",\"description\":\"Andr\u00e9s Nievas T\u00e9cnico en manejo ambiental, consultor Ambiental y escritor para medios locales e internacionales sobre temas de geopolitica y medio ambiente.\",\"sameAs\":[\"http:\\\/\\\/www.patagoniambiental.com.ar\",\"https:\\\/\\\/www.facebook.com\\\/share\\\/1C1V8Gv9BX\\\/?mibextid=qi2Omg\",\"@patagoniambiental\",\"https:\\\/\\\/youtube.com\\\/@patagoniaambiental2023?si=BLt58t0wuXquxlYZ\"]}]}<\/script>\n<!-- \/ Yoast SEO Premium plugin. -->","yoast_head_json":{"title":"Kristine McDivitt Tompkins, embajadora de las \u00c1reas Protegidas de la ONU: \u201cMi prioridad es dar a conocer el trabajo realizado con Chile\u201d","robots":{"index":"index","follow":"follow","max-snippet":"max-snippet:-1","max-image-preview":"max-image-preview:large","max-video-preview":"max-video-preview:-1"},"canonical":"https:\/\/patagoniambiental.com.ar\/info\/kristine-mcdivitt-tompkins-embajadora-de-las-areas-protegidas-de-la-onu-mi-prioridad-es-dar-a-conocer-el-trabajo-realizado-con-chile\/","og_locale":"es_ES","og_type":"article","og_title":"Kristine McDivitt Tompkins, embajadora de las \u00c1reas Protegidas de la ONU: \u201cMi prioridad es dar a conocer el trabajo realizado con Chile\u201d","og_description":"Chile.-El trabajo de conservaci\u00f3n que la ecologista KristiEl trabajo de conservaci\u00f3n que la ecologista Kristine McDivitt Tompkins ha desarrollado en [&hellip;]","og_url":"https:\/\/patagoniambiental.com.ar\/info\/kristine-mcdivitt-tompkins-embajadora-de-las-areas-protegidas-de-la-onu-mi-prioridad-es-dar-a-conocer-el-trabajo-realizado-con-chile\/","og_site_name":"Patagonia Ambiental","article_publisher":"https:\/\/www.facebook.com\/patagonia.ambiental","article_author":"https:\/\/www.facebook.com\/share\/1C1V8Gv9BX\/?mibextid=qi2Omg","article_published_time":"2018-05-30T22:00:28+00:00","og_image":[{"width":900,"height":600,"url":"https:\/\/patagoniambiental.com.ar\/info\/wp-content\/uploads\/2018\/05\/kris-con-sofia-y-arandu-3_By-Rafa-Ab-41825655.jpg","type":"image\/jpeg"}],"author":"Patagonia Ambiental","twitter_card":"summary_large_image","twitter_creator":"@PatAmb","twitter_site":"@PatAmb","schema":{"@context":"https:\/\/schema.org","@graph":[{"@type":"Article","@id":"https:\/\/patagoniambiental.com.ar\/info\/kristine-mcdivitt-tompkins-embajadora-de-las-areas-protegidas-de-la-onu-mi-prioridad-es-dar-a-conocer-el-trabajo-realizado-con-chile\/#article","isPartOf":{"@id":"https:\/\/patagoniambiental.com.ar\/info\/kristine-mcdivitt-tompkins-embajadora-de-las-areas-protegidas-de-la-onu-mi-prioridad-es-dar-a-conocer-el-trabajo-realizado-con-chile\/"},"author":{"name":"Patagonia Ambiental","@id":"https:\/\/patagoniambiental.com.ar\/info\/#\/schema\/person\/db12bff64bbcbf6a253710bf0ea37b5d"},"headline":"Kristine McDivitt Tompkins, embajadora de las \u00c1reas Protegidas de la ONU: \u201cMi prioridad es dar a conocer el trabajo realizado con Chile\u201d","datePublished":"2018-05-30T22:00:28+00:00","mainEntityOfPage":{"@id":"https:\/\/patagoniambiental.com.ar\/info\/kristine-mcdivitt-tompkins-embajadora-de-las-areas-protegidas-de-la-onu-mi-prioridad-es-dar-a-conocer-el-trabajo-realizado-con-chile\/"},"wordCount":474,"commentCount":0,"publisher":{"@id":"https:\/\/patagoniambiental.com.ar\/info\/#organization"},"image":{"@id":"https:\/\/patagoniambiental.com.ar\/info\/kristine-mcdivitt-tompkins-embajadora-de-las-areas-protegidas-de-la-onu-mi-prioridad-es-dar-a-conocer-el-trabajo-realizado-con-chile\/#primaryimage"},"thumbnailUrl":"https:\/\/patagoniambiental.com.ar\/info\/wp-content\/uploads\/2018\/05\/kris-con-sofia-y-arandu-3_By-Rafa-Ab-41825655.jpg","articleSection":["Internacionales","Noticias"],"inLanguage":"es","potentialAction":[{"@type":"CommentAction","name":"Comment","target":["https:\/\/patagoniambiental.com.ar\/info\/kristine-mcdivitt-tompkins-embajadora-de-las-areas-protegidas-de-la-onu-mi-prioridad-es-dar-a-conocer-el-trabajo-realizado-con-chile\/#respond"]}]},{"@type":"WebPage","@id":"https:\/\/patagoniambiental.com.ar\/info\/kristine-mcdivitt-tompkins-embajadora-de-las-areas-protegidas-de-la-onu-mi-prioridad-es-dar-a-conocer-el-trabajo-realizado-con-chile\/","url":"https:\/\/patagoniambiental.com.ar\/info\/kristine-mcdivitt-tompkins-embajadora-de-las-areas-protegidas-de-la-onu-mi-prioridad-es-dar-a-conocer-el-trabajo-realizado-con-chile\/","name":"Kristine McDivitt Tompkins, embajadora de las \u00c1reas Protegidas de la ONU: \u201cMi prioridad es dar a conocer el trabajo realizado con Chile\u201d","isPartOf":{"@id":"https:\/\/patagoniambiental.com.ar\/info\/#website"},"primaryImageOfPage":{"@id":"https:\/\/patagoniambiental.com.ar\/info\/kristine-mcdivitt-tompkins-embajadora-de-las-areas-protegidas-de-la-onu-mi-prioridad-es-dar-a-conocer-el-trabajo-realizado-con-chile\/#primaryimage"},"image":{"@id":"https:\/\/patagoniambiental.com.ar\/info\/kristine-mcdivitt-tompkins-embajadora-de-las-areas-protegidas-de-la-onu-mi-prioridad-es-dar-a-conocer-el-trabajo-realizado-con-chile\/#primaryimage"},"thumbnailUrl":"https:\/\/patagoniambiental.com.ar\/info\/wp-content\/uploads\/2018\/05\/kris-con-sofia-y-arandu-3_By-Rafa-Ab-41825655.jpg","datePublished":"2018-05-30T22:00:28+00:00","breadcrumb":{"@id":"https:\/\/patagoniambiental.com.ar\/info\/kristine-mcdivitt-tompkins-embajadora-de-las-areas-protegidas-de-la-onu-mi-prioridad-es-dar-a-conocer-el-trabajo-realizado-con-chile\/#breadcrumb"},"inLanguage":"es","potentialAction":[{"@type":"ReadAction","target":["https:\/\/patagoniambiental.com.ar\/info\/kristine-mcdivitt-tompkins-embajadora-de-las-areas-protegidas-de-la-onu-mi-prioridad-es-dar-a-conocer-el-trabajo-realizado-con-chile\/"]}]},{"@type":"ImageObject","inLanguage":"es","@id":"https:\/\/patagoniambiental.com.ar\/info\/kristine-mcdivitt-tompkins-embajadora-de-las-areas-protegidas-de-la-onu-mi-prioridad-es-dar-a-conocer-el-trabajo-realizado-con-chile\/#primaryimage","url":"https:\/\/patagoniambiental.com.ar\/info\/wp-content\/uploads\/2018\/05\/kris-con-sofia-y-arandu-3_By-Rafa-Ab-41825655.jpg","contentUrl":"https:\/\/patagoniambiental.com.ar\/info\/wp-content\/uploads\/2018\/05\/kris-con-sofia-y-arandu-3_By-Rafa-Ab-41825655.jpg","width":900,"height":600},{"@type":"BreadcrumbList","@id":"https:\/\/patagoniambiental.com.ar\/info\/kristine-mcdivitt-tompkins-embajadora-de-las-areas-protegidas-de-la-onu-mi-prioridad-es-dar-a-conocer-el-trabajo-realizado-con-chile\/#breadcrumb","itemListElement":[{"@type":"ListItem","position":1,"name":"Inicio","item":"https:\/\/patagoniambiental.com.ar\/info\/"},{"@type":"ListItem","position":2,"name":"Kristine McDivitt Tompkins, embajadora de las \u00c1reas Protegidas de la ONU: \u201cMi prioridad es dar a conocer el trabajo realizado con Chile\u201d"}]},{"@type":"WebSite","@id":"https:\/\/patagoniambiental.com.ar\/info\/#website","url":"https:\/\/patagoniambiental.com.ar\/info\/","name":"Patagonia Ambiental","description":"Monitoreo y an\u00e1lisis de la situaci\u00f3n geopol\u00edtica en el mundo y su implicancia en la Patagonia","publisher":{"@id":"https:\/\/patagoniambiental.com.ar\/info\/#organization"},"potentialAction":[{"@type":"SearchAction","target":{"@type":"EntryPoint","urlTemplate":"https:\/\/patagoniambiental.com.ar\/info\/?s={search_term_string}"},"query-input":{"@type":"PropertyValueSpecification","valueRequired":true,"valueName":"search_term_string"}}],"inLanguage":"es"},{"@type":"Organization","@id":"https:\/\/patagoniambiental.com.ar\/info\/#organization","name":"Patagonia Ambiental","url":"https:\/\/patagoniambiental.com.ar\/info\/","logo":{"@type":"ImageObject","inLanguage":"es","@id":"https:\/\/patagoniambiental.com.ar\/info\/#\/schema\/logo\/image\/","url":"https:\/\/patagoniambiental.com.ar\/info\/wp-content\/uploads\/2025\/05\/LOGO-PATAGONIA-AMBIENTAL.png","contentUrl":"https:\/\/patagoniambiental.com.ar\/info\/wp-content\/uploads\/2025\/05\/LOGO-PATAGONIA-AMBIENTAL.png","width":433,"height":250,"caption":"Patagonia Ambiental"},"image":{"@id":"https:\/\/patagoniambiental.com.ar\/info\/#\/schema\/logo\/image\/"},"sameAs":["https:\/\/www.facebook.com\/patagonia.ambiental","https:\/\/x.com\/PatAmb"]},{"@type":"Person","@id":"https:\/\/patagoniambiental.com.ar\/info\/#\/schema\/person\/db12bff64bbcbf6a253710bf0ea37b5d","name":"Patagonia Ambiental","description":"Andr\u00e9s Nievas T\u00e9cnico en manejo ambiental, consultor Ambiental y escritor para medios locales e internacionales sobre temas de geopolitica y medio ambiente.","sameAs":["http:\/\/www.patagoniambiental.com.ar","https:\/\/www.facebook.com\/share\/1C1V8Gv9BX\/?mibextid=qi2Omg","@patagoniambiental","https:\/\/youtube.com\/@patagoniaambiental2023?si=BLt58t0wuXquxlYZ"]}]}},"_links":{"self":[{"href":"https:\/\/patagoniambiental.com.ar\/info\/wp-json\/wp\/v2\/posts\/47285","targetHints":{"allow":["GET"]}}],"collection":[{"href":"https:\/\/patagoniambiental.com.ar\/info\/wp-json\/wp\/v2\/posts"}],"about":[{"href":"https:\/\/patagoniambiental.com.ar\/info\/wp-json\/wp\/v2\/types\/post"}],"author":[{"embeddable":true,"href":"https:\/\/patagoniambiental.com.ar\/info\/wp-json\/wp\/v2\/users\/2"}],"replies":[{"embeddable":true,"href":"https:\/\/patagoniambiental.com.ar\/info\/wp-json\/wp\/v2\/comments?post=47285"}],"version-history":[{"count":0,"href":"https:\/\/patagoniambiental.com.ar\/info\/wp-json\/wp\/v2\/posts\/47285\/revisions"}],"wp:featuredmedia":[{"embeddable":true,"href":"https:\/\/patagoniambiental.com.ar\/info\/wp-json\/wp\/v2\/media\/47286"}],"wp:attachment":[{"href":"https:\/\/patagoniambiental.com.ar\/info\/wp-json\/wp\/v2\/media?parent=47285"}],"wp:term":[{"taxonomy":"category","embeddable":true,"href":"https:\/\/patagoniambiental.com.ar\/info\/wp-json\/wp\/v2\/categories?post=47285"},{"taxonomy":"post_tag","embeddable":true,"href":"https:\/\/patagoniambiental.com.ar\/info\/wp-json\/wp\/v2\/tags?post=47285"}],"curies":[{"name":"wp","href":"https:\/\/api.w.org\/{rel}","templated":true}]}}