{"id":47335,"date":"2018-05-31T19:00:19","date_gmt":"2018-05-31T22:00:19","guid":{"rendered":"http:\/\/patagoniambiental.com.ar\/info\/?p=47335"},"modified":"2018-05-30T14:07:40","modified_gmt":"2018-05-30T17:07:40","slug":"plantean-que-estructuras-para-proteger-glaciares-no-serian-eficientes-en-la-region-de-magallanes","status":"publish","type":"post","link":"https:\/\/patagoniambiental.com.ar\/info\/plantean-que-estructuras-para-proteger-glaciares-no-serian-eficientes-en-la-region-de-magallanes\/","title":{"rendered":"Plantean que estructuras para proteger glaciares\u00a0no ser\u00edan eficientes en la Regi\u00f3n de Magallanes"},"content":{"rendered":"<div class=\"singlePost\">\n<div id=\"HOTWordsTxt\" class=\"singlePostContent\">\n<blockquote><p>Regi\u00f3n de Magallanes\/Chile.-Proyecto realizado con mallas de textiles especiales.<\/p>\n<p><!--more--><\/p>\n<p>Frente al anuncio efectuado de que estas redes podr\u00edan reducir hasta un 65% el derretimiento de estas masas heladas, experto de la Umag plantea que en nuestra regi\u00f3n este proyecto no ser\u00eda factible, principalmente por las condiciones clim\u00e1ticas y las extensiones que tienen los campos de hielo<\/p><\/blockquote>\n<p><strong><em>Romina Arias<\/em><\/strong><\/p>\n<p><a href=\"mailto:rarias@laprensaaustral.cl\">rarias@laprensaaustral.cl<\/a><\/p>\n<p>Impactante result\u00f3 la informaci\u00f3n de que ingenieros crearon un m\u00e9todo para prevenir el derretimiento del glaciar Bello en el lugar de nacimiento del r\u00edo Yeso, Caj\u00f3n del Maipo. La iniciativa facilita la protecci\u00f3n contra los dep\u00f3sitos de polvo, reducci\u00f3n de la radiaci\u00f3n solar incidente y sirve como aislante t\u00e9rmico.<\/p>\n<p>Estas estructuras denominadas como Glacier Coolers son creadas a partir de mallas Acma, cubiertas por capas de geotextil blanco y ancladas a la superficie glaciar por medio de estacas que cubren el glaciar y permiten evitar hasta el 65% del derretimiento de la masa de hielo.<\/p>\n<p><img fetchpriority=\"high\" decoding=\"async\" class=\"size-medium wp-image-47336 alignleft\" src=\"https:\/\/patagoniambiental.com.ar\/info\/wp-content\/uploads\/2018\/05\/Sin-t\u00edtulo-8-600x349.jpg\" alt=\"\" width=\"600\" height=\"349\" srcset=\"https:\/\/patagoniambiental.com.ar\/info\/wp-content\/uploads\/2018\/05\/Sin-t\u00edtulo-8-600x349.jpg 600w, https:\/\/patagoniambiental.com.ar\/info\/wp-content\/uploads\/2018\/05\/Sin-t\u00edtulo-8.jpg 726w\" sizes=\"(max-width: 600px) 100vw, 600px\" \/><\/p>\n<p>Clemente P\u00e9rez, expresidente de Metro y CEO de Suyai, empresa que est\u00e1 detr\u00e1s de este proyecto, explic\u00f3 que la estructura se instala en la zona de ablaci\u00f3n, lugar donde el glaciar est\u00e1 en proceso de derretimiento. \u201cSi una protege la zona de ablaci\u00f3n de un glaciar, protege el resto del glaciar tambi\u00e9n. Para ello instalamos estructuras modulares cubiertas con geotextiles removibles, que se instalan en verano y se retiran en invierno. As\u00ed evitas la radiaci\u00f3n solar y el dep\u00f3sito de polvo (que aceleran el derretimiento). Es una especie de capa protectora temporal, puesta en el lugar clave del glaciar para proteger toda la estructura\u201d, apunt\u00f3.<\/p>\n<p>Agreg\u00f3 que las fotos muestran que el hielo alrededor de Glacier Coolers baj\u00f3 cerca de tres metros. \u201cPara el pr\u00f3ximo verano queremos hacer uno de una hect\u00e1rea, con lo que podr\u00edamos evitar el derretimiento de 27 millones de litros de agua\u201d, indic\u00f3.<\/p>\n<p>Seg\u00fan Pedro Cid Ag\u00fcero, coordinador del Centro de Investigaciones Ant\u00e1rticas de la Universidad de Magallanes, esta iniciativa no es el primer esfuerzo que se hace para ver la forma de proteger los glaciares y evitar la p\u00e9rdida de la masa glaciar que est\u00e1 ocurriendo por el calentamiento global. \u201cLo que proponen los ingenieros es una soluci\u00f3n que va bien encaminada. Es bueno que est\u00e9n trabajando y pensando en eso, pero aun es muy b\u00e1sico y uno de los problemas es c\u00f3mo regular el flujo de los glaciares\u201d, se\u00f1al\u00f3.<\/p>\n<p>Pese al esfuerzo que realizan especialistas para buscar alg\u00fan m\u00e9todo de protecci\u00f3n de glaciares, este tipo de estructuras no podr\u00edan ser instaladas en los campos de hielo de nuestra regi\u00f3n, debido a que m\u00e9todos como \u00e9stos requieren de muchos factores, principalmente no es factible debido a que las extensiones de los glaciares son enormes en comparaci\u00f3n a otros. \u201cEn proyectos como \u00e9stos influyen decisiones pol\u00edticas y econ\u00f3micas debido a que es mucho el dinero que se deber\u00eda utilizar. Adem\u00e1s los vientos que se generan en esta zona son muy fuertes, por lo tanto la estabilidad de esa estructura podr\u00eda generar problemas\u201d, afirm\u00f3 Pedro Cid.<\/p>\n<\/div>\n<\/div>\n<p>Fuente:\u00a0https:\/\/laprensaaustral.cl\/ciencia\/plantean-que-estructuras-para-proteger-glaciares-no-serian-eficientes-en-la-region-de-magallanes\/<\/p>\n","protected":false},"excerpt":{"rendered":"<p>Regi\u00f3n de Magallanes\/Chile.-Proyecto realizado con mallas de textiles especiales.<\/p>\n","protected":false},"author":2,"featured_media":47336,"comment_status":"open","ping_status":"open","sticky":false,"template":"","format":"standard","meta":{"site-sidebar-layout":"default","site-content-layout":"","ast-site-content-layout":"default","site-content-style":"default","site-sidebar-style":"default","ast-global-header-display":"","ast-banner-title-visibility":"","ast-main-header-display":"","ast-hfb-above-header-display":"","ast-hfb-below-header-display":"","ast-hfb-mobile-header-display":"","site-post-title":"","ast-breadcrumbs-content":"","ast-featured-img":"","footer-sml-layout":"","ast-disable-related-posts":"","theme-transparent-header-meta":"","adv-header-id-meta":"","stick-header-meta":"","header-above-stick-meta":"","header-main-stick-meta":"","header-below-stick-meta":"","astra-migrate-meta-layouts":"default","ast-page-background-enabled":"default","ast-page-background-meta":{"desktop":{"background-color":"var(--ast-global-color-5)","background-image":"","background-repeat":"repeat","background-position":"center center","background-size":"auto","background-attachment":"scroll","background-type":"","background-media":"","overlay-type":"","overlay-color":"","overlay-opacity":"","overlay-gradient":""},"tablet":{"background-color":"","background-image":"","background-repeat":"repeat","background-position":"center center","background-size":"auto","background-attachment":"scroll","background-type":"","background-media":"","overlay-type":"","overlay-color":"","overlay-opacity":"","overlay-gradient":""},"mobile":{"background-color":"","background-image":"","background-repeat":"repeat","background-position":"center center","background-size":"auto","background-attachment":"scroll","background-type":"","background-media":"","overlay-type":"","overlay-color":"","overlay-opacity":"","overlay-gradient":""}},"ast-content-background-meta":{"desktop":{"background-color":"var(--ast-global-color-4)","background-image":"","background-repeat":"repeat","background-position":"center center","background-size":"auto","background-attachment":"scroll","background-type":"","background-media":"","overlay-type":"","overlay-color":"","overlay-opacity":"","overlay-gradient":""},"tablet":{"background-color":"var(--ast-global-color-4)","background-image":"","background-repeat":"repeat","background-position":"center center","background-size":"auto","background-attachment":"scroll","background-type":"","background-media":"","overlay-type":"","overlay-color":"","overlay-opacity":"","overlay-gradient":""},"mobile":{"background-color":"var(--ast-global-color-4)","background-image":"","background-repeat":"repeat","background-position":"center center","background-size":"auto","background-attachment":"scroll","background-type":"","background-media":"","overlay-type":"","overlay-color":"","overlay-opacity":"","overlay-gradient":""}},"footnotes":""},"categories":[23,1],"tags":[],"class_list":["post-47335","post","type-post","status-publish","format-standard","has-post-thumbnail","hentry","category-internacionales","category-noticias"],"yoast_head":"<!-- This site is optimized with the Yoast SEO Premium plugin v23.0 (Yoast SEO v27.4) - https:\/\/yoast.com\/product\/yoast-seo-premium-wordpress\/ -->\n<title>Plantean que estructuras para proteger glaciares\u00a0no ser\u00edan eficientes en la Regi\u00f3n de Magallanes<\/title>\n<meta name=\"robots\" content=\"index, follow, max-snippet:-1, max-image-preview:large, max-video-preview:-1\" \/>\n<link rel=\"canonical\" href=\"https:\/\/patagoniambiental.com.ar\/info\/plantean-que-estructuras-para-proteger-glaciares-no-serian-eficientes-en-la-region-de-magallanes\/\" \/>\n<meta property=\"og:locale\" content=\"es_ES\" \/>\n<meta property=\"og:type\" content=\"article\" \/>\n<meta property=\"og:title\" content=\"Plantean que estructuras para proteger glaciares\u00a0no ser\u00edan eficientes en la Regi\u00f3n de Magallanes\" \/>\n<meta property=\"og:description\" content=\"Regi\u00f3n de Magallanes\/Chile.-Proyecto realizado con mallas de textiles especiales.\" \/>\n<meta property=\"og:url\" content=\"https:\/\/patagoniambiental.com.ar\/info\/plantean-que-estructuras-para-proteger-glaciares-no-serian-eficientes-en-la-region-de-magallanes\/\" \/>\n<meta property=\"og:site_name\" content=\"Patagonia Ambiental\" \/>\n<meta property=\"article:publisher\" content=\"https:\/\/www.facebook.com\/patagonia.ambiental\" \/>\n<meta property=\"article:author\" content=\"https:\/\/www.facebook.com\/share\/1C1V8Gv9BX\/?mibextid=qi2Omg\" \/>\n<meta property=\"article:published_time\" content=\"2018-05-31T22:00:19+00:00\" \/>\n<meta property=\"og:image\" content=\"https:\/\/patagoniambiental.com.ar\/info\/wp-content\/uploads\/2018\/05\/Sin-t\u00edtulo-8.jpg\" \/>\n\t<meta property=\"og:image:width\" content=\"726\" \/>\n\t<meta property=\"og:image:height\" content=\"422\" \/>\n\t<meta property=\"og:image:type\" content=\"image\/jpeg\" \/>\n<meta name=\"author\" content=\"Patagonia Ambiental\" \/>\n<meta name=\"twitter:card\" content=\"summary_large_image\" \/>\n<meta name=\"twitter:creator\" content=\"@PatAmb\" \/>\n<meta name=\"twitter:site\" content=\"@PatAmb\" \/>\n<script type=\"application\/ld+json\" class=\"yoast-schema-graph\">{\"@context\":\"https:\\\/\\\/schema.org\",\"@graph\":[{\"@type\":\"Article\",\"@id\":\"https:\\\/\\\/patagoniambiental.com.ar\\\/info\\\/plantean-que-estructuras-para-proteger-glaciares-no-serian-eficientes-en-la-region-de-magallanes\\\/#article\",\"isPartOf\":{\"@id\":\"https:\\\/\\\/patagoniambiental.com.ar\\\/info\\\/plantean-que-estructuras-para-proteger-glaciares-no-serian-eficientes-en-la-region-de-magallanes\\\/\"},\"author\":{\"name\":\"Patagonia Ambiental\",\"@id\":\"https:\\\/\\\/patagoniambiental.com.ar\\\/info\\\/#\\\/schema\\\/person\\\/db12bff64bbcbf6a253710bf0ea37b5d\"},\"headline\":\"Plantean que estructuras para proteger glaciares\u00a0no ser\u00edan eficientes en la Regi\u00f3n de Magallanes\",\"datePublished\":\"2018-05-31T22:00:19+00:00\",\"mainEntityOfPage\":{\"@id\":\"https:\\\/\\\/patagoniambiental.com.ar\\\/info\\\/plantean-que-estructuras-para-proteger-glaciares-no-serian-eficientes-en-la-region-de-magallanes\\\/\"},\"wordCount\":561,\"commentCount\":0,\"publisher\":{\"@id\":\"https:\\\/\\\/patagoniambiental.com.ar\\\/info\\\/#organization\"},\"image\":{\"@id\":\"https:\\\/\\\/patagoniambiental.com.ar\\\/info\\\/plantean-que-estructuras-para-proteger-glaciares-no-serian-eficientes-en-la-region-de-magallanes\\\/#primaryimage\"},\"thumbnailUrl\":\"https:\\\/\\\/patagoniambiental.com.ar\\\/info\\\/wp-content\\\/uploads\\\/2018\\\/05\\\/Sin-t\u00edtulo-8.jpg\",\"articleSection\":[\"Internacionales\",\"Noticias\"],\"inLanguage\":\"es\",\"potentialAction\":[{\"@type\":\"CommentAction\",\"name\":\"Comment\",\"target\":[\"https:\\\/\\\/patagoniambiental.com.ar\\\/info\\\/plantean-que-estructuras-para-proteger-glaciares-no-serian-eficientes-en-la-region-de-magallanes\\\/#respond\"]}]},{\"@type\":\"WebPage\",\"@id\":\"https:\\\/\\\/patagoniambiental.com.ar\\\/info\\\/plantean-que-estructuras-para-proteger-glaciares-no-serian-eficientes-en-la-region-de-magallanes\\\/\",\"url\":\"https:\\\/\\\/patagoniambiental.com.ar\\\/info\\\/plantean-que-estructuras-para-proteger-glaciares-no-serian-eficientes-en-la-region-de-magallanes\\\/\",\"name\":\"Plantean que estructuras para proteger glaciares\u00a0no ser\u00edan eficientes en la Regi\u00f3n de Magallanes\",\"isPartOf\":{\"@id\":\"https:\\\/\\\/patagoniambiental.com.ar\\\/info\\\/#website\"},\"primaryImageOfPage\":{\"@id\":\"https:\\\/\\\/patagoniambiental.com.ar\\\/info\\\/plantean-que-estructuras-para-proteger-glaciares-no-serian-eficientes-en-la-region-de-magallanes\\\/#primaryimage\"},\"image\":{\"@id\":\"https:\\\/\\\/patagoniambiental.com.ar\\\/info\\\/plantean-que-estructuras-para-proteger-glaciares-no-serian-eficientes-en-la-region-de-magallanes\\\/#primaryimage\"},\"thumbnailUrl\":\"https:\\\/\\\/patagoniambiental.com.ar\\\/info\\\/wp-content\\\/uploads\\\/2018\\\/05\\\/Sin-t\u00edtulo-8.jpg\",\"datePublished\":\"2018-05-31T22:00:19+00:00\",\"breadcrumb\":{\"@id\":\"https:\\\/\\\/patagoniambiental.com.ar\\\/info\\\/plantean-que-estructuras-para-proteger-glaciares-no-serian-eficientes-en-la-region-de-magallanes\\\/#breadcrumb\"},\"inLanguage\":\"es\",\"potentialAction\":[{\"@type\":\"ReadAction\",\"target\":[\"https:\\\/\\\/patagoniambiental.com.ar\\\/info\\\/plantean-que-estructuras-para-proteger-glaciares-no-serian-eficientes-en-la-region-de-magallanes\\\/\"]}]},{\"@type\":\"ImageObject\",\"inLanguage\":\"es\",\"@id\":\"https:\\\/\\\/patagoniambiental.com.ar\\\/info\\\/plantean-que-estructuras-para-proteger-glaciares-no-serian-eficientes-en-la-region-de-magallanes\\\/#primaryimage\",\"url\":\"https:\\\/\\\/patagoniambiental.com.ar\\\/info\\\/wp-content\\\/uploads\\\/2018\\\/05\\\/Sin-t\u00edtulo-8.jpg\",\"contentUrl\":\"https:\\\/\\\/patagoniambiental.com.ar\\\/info\\\/wp-content\\\/uploads\\\/2018\\\/05\\\/Sin-t\u00edtulo-8.jpg\",\"width\":726,\"height\":422},{\"@type\":\"BreadcrumbList\",\"@id\":\"https:\\\/\\\/patagoniambiental.com.ar\\\/info\\\/plantean-que-estructuras-para-proteger-glaciares-no-serian-eficientes-en-la-region-de-magallanes\\\/#breadcrumb\",\"itemListElement\":[{\"@type\":\"ListItem\",\"position\":1,\"name\":\"Inicio\",\"item\":\"https:\\\/\\\/patagoniambiental.com.ar\\\/info\\\/\"},{\"@type\":\"ListItem\",\"position\":2,\"name\":\"Plantean que estructuras para proteger glaciares\u00a0no ser\u00edan eficientes en la Regi\u00f3n de Magallanes\"}]},{\"@type\":\"WebSite\",\"@id\":\"https:\\\/\\\/patagoniambiental.com.ar\\\/info\\\/#website\",\"url\":\"https:\\\/\\\/patagoniambiental.com.ar\\\/info\\\/\",\"name\":\"Patagonia Ambiental\",\"description\":\"Monitoreo y an\u00e1lisis de la situaci\u00f3n geopol\u00edtica en el mundo y su implicancia en la Patagonia\",\"publisher\":{\"@id\":\"https:\\\/\\\/patagoniambiental.com.ar\\\/info\\\/#organization\"},\"potentialAction\":[{\"@type\":\"SearchAction\",\"target\":{\"@type\":\"EntryPoint\",\"urlTemplate\":\"https:\\\/\\\/patagoniambiental.com.ar\\\/info\\\/?s={search_term_string}\"},\"query-input\":{\"@type\":\"PropertyValueSpecification\",\"valueRequired\":true,\"valueName\":\"search_term_string\"}}],\"inLanguage\":\"es\"},{\"@type\":\"Organization\",\"@id\":\"https:\\\/\\\/patagoniambiental.com.ar\\\/info\\\/#organization\",\"name\":\"Patagonia Ambiental\",\"url\":\"https:\\\/\\\/patagoniambiental.com.ar\\\/info\\\/\",\"logo\":{\"@type\":\"ImageObject\",\"inLanguage\":\"es\",\"@id\":\"https:\\\/\\\/patagoniambiental.com.ar\\\/info\\\/#\\\/schema\\\/logo\\\/image\\\/\",\"url\":\"https:\\\/\\\/patagoniambiental.com.ar\\\/info\\\/wp-content\\\/uploads\\\/2025\\\/05\\\/LOGO-PATAGONIA-AMBIENTAL.png\",\"contentUrl\":\"https:\\\/\\\/patagoniambiental.com.ar\\\/info\\\/wp-content\\\/uploads\\\/2025\\\/05\\\/LOGO-PATAGONIA-AMBIENTAL.png\",\"width\":433,\"height\":250,\"caption\":\"Patagonia Ambiental\"},\"image\":{\"@id\":\"https:\\\/\\\/patagoniambiental.com.ar\\\/info\\\/#\\\/schema\\\/logo\\\/image\\\/\"},\"sameAs\":[\"https:\\\/\\\/www.facebook.com\\\/patagonia.ambiental\",\"https:\\\/\\\/x.com\\\/PatAmb\"]},{\"@type\":\"Person\",\"@id\":\"https:\\\/\\\/patagoniambiental.com.ar\\\/info\\\/#\\\/schema\\\/person\\\/db12bff64bbcbf6a253710bf0ea37b5d\",\"name\":\"Patagonia Ambiental\",\"description\":\"Andr\u00e9s Nievas T\u00e9cnico en manejo ambiental, consultor Ambiental y escritor para medios locales e internacionales sobre temas de geopolitica y medio ambiente.\",\"sameAs\":[\"http:\\\/\\\/www.patagoniambiental.com.ar\",\"https:\\\/\\\/www.facebook.com\\\/share\\\/1C1V8Gv9BX\\\/?mibextid=qi2Omg\",\"@patagoniambiental\",\"https:\\\/\\\/youtube.com\\\/@patagoniaambiental2023?si=BLt58t0wuXquxlYZ\"]}]}<\/script>\n<!-- \/ Yoast SEO Premium plugin. -->","yoast_head_json":{"title":"Plantean que estructuras para proteger glaciares\u00a0no ser\u00edan eficientes en la Regi\u00f3n de Magallanes","robots":{"index":"index","follow":"follow","max-snippet":"max-snippet:-1","max-image-preview":"max-image-preview:large","max-video-preview":"max-video-preview:-1"},"canonical":"https:\/\/patagoniambiental.com.ar\/info\/plantean-que-estructuras-para-proteger-glaciares-no-serian-eficientes-en-la-region-de-magallanes\/","og_locale":"es_ES","og_type":"article","og_title":"Plantean que estructuras para proteger glaciares\u00a0no ser\u00edan eficientes en la Regi\u00f3n de Magallanes","og_description":"Regi\u00f3n de Magallanes\/Chile.-Proyecto realizado con mallas de textiles especiales.","og_url":"https:\/\/patagoniambiental.com.ar\/info\/plantean-que-estructuras-para-proteger-glaciares-no-serian-eficientes-en-la-region-de-magallanes\/","og_site_name":"Patagonia Ambiental","article_publisher":"https:\/\/www.facebook.com\/patagonia.ambiental","article_author":"https:\/\/www.facebook.com\/share\/1C1V8Gv9BX\/?mibextid=qi2Omg","article_published_time":"2018-05-31T22:00:19+00:00","og_image":[{"width":726,"height":422,"url":"https:\/\/patagoniambiental.com.ar\/info\/wp-content\/uploads\/2018\/05\/Sin-t\u00edtulo-8.jpg","type":"image\/jpeg"}],"author":"Patagonia Ambiental","twitter_card":"summary_large_image","twitter_creator":"@PatAmb","twitter_site":"@PatAmb","schema":{"@context":"https:\/\/schema.org","@graph":[{"@type":"Article","@id":"https:\/\/patagoniambiental.com.ar\/info\/plantean-que-estructuras-para-proteger-glaciares-no-serian-eficientes-en-la-region-de-magallanes\/#article","isPartOf":{"@id":"https:\/\/patagoniambiental.com.ar\/info\/plantean-que-estructuras-para-proteger-glaciares-no-serian-eficientes-en-la-region-de-magallanes\/"},"author":{"name":"Patagonia Ambiental","@id":"https:\/\/patagoniambiental.com.ar\/info\/#\/schema\/person\/db12bff64bbcbf6a253710bf0ea37b5d"},"headline":"Plantean que estructuras para proteger glaciares\u00a0no ser\u00edan eficientes en la Regi\u00f3n de Magallanes","datePublished":"2018-05-31T22:00:19+00:00","mainEntityOfPage":{"@id":"https:\/\/patagoniambiental.com.ar\/info\/plantean-que-estructuras-para-proteger-glaciares-no-serian-eficientes-en-la-region-de-magallanes\/"},"wordCount":561,"commentCount":0,"publisher":{"@id":"https:\/\/patagoniambiental.com.ar\/info\/#organization"},"image":{"@id":"https:\/\/patagoniambiental.com.ar\/info\/plantean-que-estructuras-para-proteger-glaciares-no-serian-eficientes-en-la-region-de-magallanes\/#primaryimage"},"thumbnailUrl":"https:\/\/patagoniambiental.com.ar\/info\/wp-content\/uploads\/2018\/05\/Sin-t\u00edtulo-8.jpg","articleSection":["Internacionales","Noticias"],"inLanguage":"es","potentialAction":[{"@type":"CommentAction","name":"Comment","target":["https:\/\/patagoniambiental.com.ar\/info\/plantean-que-estructuras-para-proteger-glaciares-no-serian-eficientes-en-la-region-de-magallanes\/#respond"]}]},{"@type":"WebPage","@id":"https:\/\/patagoniambiental.com.ar\/info\/plantean-que-estructuras-para-proteger-glaciares-no-serian-eficientes-en-la-region-de-magallanes\/","url":"https:\/\/patagoniambiental.com.ar\/info\/plantean-que-estructuras-para-proteger-glaciares-no-serian-eficientes-en-la-region-de-magallanes\/","name":"Plantean que estructuras para proteger glaciares\u00a0no ser\u00edan eficientes en la Regi\u00f3n de Magallanes","isPartOf":{"@id":"https:\/\/patagoniambiental.com.ar\/info\/#website"},"primaryImageOfPage":{"@id":"https:\/\/patagoniambiental.com.ar\/info\/plantean-que-estructuras-para-proteger-glaciares-no-serian-eficientes-en-la-region-de-magallanes\/#primaryimage"},"image":{"@id":"https:\/\/patagoniambiental.com.ar\/info\/plantean-que-estructuras-para-proteger-glaciares-no-serian-eficientes-en-la-region-de-magallanes\/#primaryimage"},"thumbnailUrl":"https:\/\/patagoniambiental.com.ar\/info\/wp-content\/uploads\/2018\/05\/Sin-t\u00edtulo-8.jpg","datePublished":"2018-05-31T22:00:19+00:00","breadcrumb":{"@id":"https:\/\/patagoniambiental.com.ar\/info\/plantean-que-estructuras-para-proteger-glaciares-no-serian-eficientes-en-la-region-de-magallanes\/#breadcrumb"},"inLanguage":"es","potentialAction":[{"@type":"ReadAction","target":["https:\/\/patagoniambiental.com.ar\/info\/plantean-que-estructuras-para-proteger-glaciares-no-serian-eficientes-en-la-region-de-magallanes\/"]}]},{"@type":"ImageObject","inLanguage":"es","@id":"https:\/\/patagoniambiental.com.ar\/info\/plantean-que-estructuras-para-proteger-glaciares-no-serian-eficientes-en-la-region-de-magallanes\/#primaryimage","url":"https:\/\/patagoniambiental.com.ar\/info\/wp-content\/uploads\/2018\/05\/Sin-t\u00edtulo-8.jpg","contentUrl":"https:\/\/patagoniambiental.com.ar\/info\/wp-content\/uploads\/2018\/05\/Sin-t\u00edtulo-8.jpg","width":726,"height":422},{"@type":"BreadcrumbList","@id":"https:\/\/patagoniambiental.com.ar\/info\/plantean-que-estructuras-para-proteger-glaciares-no-serian-eficientes-en-la-region-de-magallanes\/#breadcrumb","itemListElement":[{"@type":"ListItem","position":1,"name":"Inicio","item":"https:\/\/patagoniambiental.com.ar\/info\/"},{"@type":"ListItem","position":2,"name":"Plantean que estructuras para proteger glaciares\u00a0no ser\u00edan eficientes en la Regi\u00f3n de Magallanes"}]},{"@type":"WebSite","@id":"https:\/\/patagoniambiental.com.ar\/info\/#website","url":"https:\/\/patagoniambiental.com.ar\/info\/","name":"Patagonia Ambiental","description":"Monitoreo y an\u00e1lisis de la situaci\u00f3n geopol\u00edtica en el mundo y su implicancia en la Patagonia","publisher":{"@id":"https:\/\/patagoniambiental.com.ar\/info\/#organization"},"potentialAction":[{"@type":"SearchAction","target":{"@type":"EntryPoint","urlTemplate":"https:\/\/patagoniambiental.com.ar\/info\/?s={search_term_string}"},"query-input":{"@type":"PropertyValueSpecification","valueRequired":true,"valueName":"search_term_string"}}],"inLanguage":"es"},{"@type":"Organization","@id":"https:\/\/patagoniambiental.com.ar\/info\/#organization","name":"Patagonia Ambiental","url":"https:\/\/patagoniambiental.com.ar\/info\/","logo":{"@type":"ImageObject","inLanguage":"es","@id":"https:\/\/patagoniambiental.com.ar\/info\/#\/schema\/logo\/image\/","url":"https:\/\/patagoniambiental.com.ar\/info\/wp-content\/uploads\/2025\/05\/LOGO-PATAGONIA-AMBIENTAL.png","contentUrl":"https:\/\/patagoniambiental.com.ar\/info\/wp-content\/uploads\/2025\/05\/LOGO-PATAGONIA-AMBIENTAL.png","width":433,"height":250,"caption":"Patagonia Ambiental"},"image":{"@id":"https:\/\/patagoniambiental.com.ar\/info\/#\/schema\/logo\/image\/"},"sameAs":["https:\/\/www.facebook.com\/patagonia.ambiental","https:\/\/x.com\/PatAmb"]},{"@type":"Person","@id":"https:\/\/patagoniambiental.com.ar\/info\/#\/schema\/person\/db12bff64bbcbf6a253710bf0ea37b5d","name":"Patagonia Ambiental","description":"Andr\u00e9s Nievas T\u00e9cnico en manejo ambiental, consultor Ambiental y escritor para medios locales e internacionales sobre temas de geopolitica y medio ambiente.","sameAs":["http:\/\/www.patagoniambiental.com.ar","https:\/\/www.facebook.com\/share\/1C1V8Gv9BX\/?mibextid=qi2Omg","@patagoniambiental","https:\/\/youtube.com\/@patagoniaambiental2023?si=BLt58t0wuXquxlYZ"]}]}},"_links":{"self":[{"href":"https:\/\/patagoniambiental.com.ar\/info\/wp-json\/wp\/v2\/posts\/47335","targetHints":{"allow":["GET"]}}],"collection":[{"href":"https:\/\/patagoniambiental.com.ar\/info\/wp-json\/wp\/v2\/posts"}],"about":[{"href":"https:\/\/patagoniambiental.com.ar\/info\/wp-json\/wp\/v2\/types\/post"}],"author":[{"embeddable":true,"href":"https:\/\/patagoniambiental.com.ar\/info\/wp-json\/wp\/v2\/users\/2"}],"replies":[{"embeddable":true,"href":"https:\/\/patagoniambiental.com.ar\/info\/wp-json\/wp\/v2\/comments?post=47335"}],"version-history":[{"count":0,"href":"https:\/\/patagoniambiental.com.ar\/info\/wp-json\/wp\/v2\/posts\/47335\/revisions"}],"wp:featuredmedia":[{"embeddable":true,"href":"https:\/\/patagoniambiental.com.ar\/info\/wp-json\/wp\/v2\/media\/47336"}],"wp:attachment":[{"href":"https:\/\/patagoniambiental.com.ar\/info\/wp-json\/wp\/v2\/media?parent=47335"}],"wp:term":[{"taxonomy":"category","embeddable":true,"href":"https:\/\/patagoniambiental.com.ar\/info\/wp-json\/wp\/v2\/categories?post=47335"},{"taxonomy":"post_tag","embeddable":true,"href":"https:\/\/patagoniambiental.com.ar\/info\/wp-json\/wp\/v2\/tags?post=47335"}],"curies":[{"name":"wp","href":"https:\/\/api.w.org\/{rel}","templated":true}]}}