{"id":47344,"date":"2018-06-08T19:00:04","date_gmt":"2018-06-08T22:00:04","guid":{"rendered":"http:\/\/patagoniambiental.com.ar\/info\/?p=47344"},"modified":"2018-05-29T13:08:21","modified_gmt":"2018-05-29T16:08:21","slug":"hoy-8-de-junio-celebramos-el-dia-mundial-de-los-oceanos-bajo-el-lema-limpiemos-nuestros-oceanos","status":"publish","type":"post","link":"https:\/\/patagoniambiental.com.ar\/info\/hoy-8-de-junio-celebramos-el-dia-mundial-de-los-oceanos-bajo-el-lema-limpiemos-nuestros-oceanos\/","title":{"rendered":"Hoy 8 de Junio celebramos el D\u00eda Mundial de los Oc\u00e9anos bajo el lema \u00abLimpiemos nuestros oc\u00e9anos\u00bb"},"content":{"rendered":"<div class=\"container un-no-padding un-flush-15\">\n<div id=\"page-content\" class=\"col-lg-12\">\n<div id=\"page-content\" class=\"col-lg-12 un-no-padding\">\n<p>Celebramos el D\u00eda Mundial de los Oc\u00e9anos para recordar a todo el mundo el gran papel que los oc\u00e9anos juegan en nuestras vidas.<\/p>\n<p><!--more--><\/p>\n<p>Son los pulmones de nuestro planeta, que generan la mayor\u00eda del ox\u00edgeno que respiramos. Asimismo, sirve para concienciar a la opini\u00f3n p\u00fablica sobre las consecuencias que la actividad humana tiene para los oc\u00e9anos y para poner en marcha un movimiento mundial ciudadano a favor de los oc\u00e9anos.<\/p>\n<p>Este d\u00eda quiere movilizar y unir a la poblaci\u00f3n mundial entorno al objetivo de la gesti\u00f3n sostenible de los oc\u00e9anos, que son una fuente importante de alimentos y medicinas y una parte esencial de la biosfera. En deninitiva, esta celebraci\u00f3n es un buen motivo para celebrar juntos la belleza, la riqueza y el potencial de los oc\u00e9anos.<\/p>\n<p>Limpiemos nuestros oc\u00e9anos<\/p>\n<p><iframe src=\"https:\/\/www.youtube.com\/embed\/2p3nNOWMy9A?rel=0\" width=\"560\" height=\"315\" frameborder=\"0\" allowfullscreen=\"allowfullscreen\" data-mce-fragment=\"1\"><\/iframe>&nbsp;<\/p>\n<p>Este a\u00f1o, bajo el lema <strong>\u00abLimpiemos nuestros oc\u00e9anos\u00bb,<\/strong> la celebraci\u00f3n gira en torno a iniciativas para prevenir la contaminaci\u00f3n por pl\u00e1stico y proponer soluciones para unos oc\u00e9anos m\u00e1s limpios.<\/p>\n<p>La poluci\u00f3n por pl\u00e1stico est\u00e1 causando enormes da\u00f1os a nuestros recursos marinos; entre otros:<\/p>\n<ul>\n<li>El 80 % de la contaminaci\u00f3n en los oc\u00e9anos est\u00e1 causada por los seres humanos.<\/li>\n<li>8 millones de toneladas de pl\u00e1stico al a\u00f1o acaba en nuestros oc\u00e9anos, causando estragos en la vida silvestre, la pesca y el turismo.<\/li>\n<li>La contaminaci\u00f3n por pl\u00e1stico est\u00e1 costando a nuestros oc\u00e9anos la vida de un mill\u00f3n de aves marinas y de 100 000 mam\u00edferos marinos al a\u00f1o.<\/li>\n<li>Los peces comen el pl\u00e1stico de los oc\u00e9anos y nosotros nos comemos despu\u00e9s estos peces.<\/li>\n<li>El pl\u00e1stico genera gastos de 8000 millones de d\u00f3lares en da\u00f1os a nuestro ecosistema marino, cada a\u00f1o.<\/li>\n<\/ul>\n<\/div>\n<div id=\"page-content\" class=\"col-lg-12 un-no-padding\"><img decoding=\"async\" class=\"img-responsive alignleft\" src=\"http:\/\/www.un.org\/es\/events\/oceansday\/assets\/img\/wod-2018-poster-spanish.jpg\" alt=\"P\u00f3ster del D\u00eda Mundial de los Oc\u00e9anos.\" width=\"280px\" \/><\/p>\n<h3>Salvemos nuestros oc\u00e9anos<\/h3>\n<p>Muchas son las cosas que podemos hacer nosotros mismos como individuos, en nuestro d\u00eda a d\u00eda, para reducir el consumo de pl\u00e1stico.<\/p>\n<p>Recuerda:\u00a0<b>Usa menos pl\u00e1stico y recicla siempre el pl\u00e1stico que tengas que utilizar.<\/b><\/p>\n<p>Interact\u00faa en las redes sociales para ayudar a limpiar nuestros oc\u00e9anos con las etiquetas:\u00a0<b>#Salvemoslosoceanos, #diadelosoceanos<\/b>.<\/p>\n<p>Cada a\u00f1o se celebra un concurso de fotograf\u00eda sobre los oc\u00e9anos; en este\u00a0<a href=\"http:\/\/www.un.org\/Depts\/los\/wod\/photo-contest.html\">enlace<\/a>\u00a0<img decoding=\"async\" title=\"Disponible en ingl\u00e9s\" src=\"http:\/\/www.un.org\/common\/images\/icons\/ico_en.gif\" alt=\"Disponible en ingl\u00e9s\" width=\"14\" height=\"14\" \/>\u00a0puedes ver las fotograf\u00edas premiadas de la pasada edici\u00f3n. Adem\u00e1s, encontrar\u00e1s informaci\u00f3n sobre c\u00f3mo participar en el concurso.<\/p>\n<h3>Los oc\u00e9anos y los Objetivos de Desarrollo Sostenible<\/h3>\n<p>Entre el 5 y 9 de junio de 2017 se celebr\u00f3 la\u00a0<a href=\"http:\/\/www.un.org\/es\/conf\/ocean\/about.shtml\">Conferencia de los Oc\u00e9anos<\/a>, la primera conferencia de las Naciones Unidas sobre este asunto. Represent\u00f3 una oportunidad \u00fanica e inestimable para que el mundo reviertiera el deterioro de la salud de los oc\u00e9anos y los mares con soluciones concretas. La Conferencia sirvi\u00f3, adem\u00e1s, para promover el avance del\u00a0<a href=\"https:\/\/www.un.org\/sustainabledevelopment\/es\/oceans\/\">objetivo 14<\/a>, que es parte de la Agenda 2030 adoptada por los 193 estados miembros de la ONU en 2015. El objetivo hace un llamamiento para conservar y usar de forma sostenible los oc\u00e9anos, los mares y los recursos marinos.<\/p>\n<\/div>\n<\/div>\n<\/div>\n<p>&nbsp;<\/p>\n<div class=\"container\">\n<div class=\"col-md-12\">\n<h3>Fuente: http:\/\/www.un.org\/es\/events\/oceansday\/<\/h3>\n<\/div>\n<\/div>\n","protected":false},"excerpt":{"rendered":"<p>Celebramos el D\u00eda Mundial de los Oc\u00e9anos para recordar a todo el mundo el gran papel que los oc\u00e9anos juegan [&hellip;]<\/p>\n","protected":false},"author":2,"featured_media":47345,"comment_status":"open","ping_status":"open","sticky":false,"template":"","format":"standard","meta":{"site-sidebar-layout":"default","site-content-layout":"","ast-site-content-layout":"default","site-content-style":"default","site-sidebar-style":"default","ast-global-header-display":"","ast-banner-title-visibility":"","ast-main-header-display":"","ast-hfb-above-header-display":"","ast-hfb-below-header-display":"","ast-hfb-mobile-header-display":"","site-post-title":"","ast-breadcrumbs-content":"","ast-featured-img":"","footer-sml-layout":"","ast-disable-related-posts":"","theme-transparent-header-meta":"","adv-header-id-meta":"","stick-header-meta":"","header-above-stick-meta":"","header-main-stick-meta":"","header-below-stick-meta":"","astra-migrate-meta-layouts":"default","ast-page-background-enabled":"default","ast-page-background-meta":{"desktop":{"background-color":"var(--ast-global-color-5)","background-image":"","background-repeat":"repeat","background-position":"center center","background-size":"auto","background-attachment":"scroll","background-type":"","background-media":"","overlay-type":"","overlay-color":"","overlay-opacity":"","overlay-gradient":""},"tablet":{"background-color":"","background-image":"","background-repeat":"repeat","background-position":"center center","background-size":"auto","background-attachment":"scroll","background-type":"","background-media":"","overlay-type":"","overlay-color":"","overlay-opacity":"","overlay-gradient":""},"mobile":{"background-color":"","background-image":"","background-repeat":"repeat","background-position":"center center","background-size":"auto","background-attachment":"scroll","background-type":"","background-media":"","overlay-type":"","overlay-color":"","overlay-opacity":"","overlay-gradient":""}},"ast-content-background-meta":{"desktop":{"background-color":"var(--ast-global-color-4)","background-image":"","background-repeat":"repeat","background-position":"center center","background-size":"auto","background-attachment":"scroll","background-type":"","background-media":"","overlay-type":"","overlay-color":"","overlay-opacity":"","overlay-gradient":""},"tablet":{"background-color":"var(--ast-global-color-4)","background-image":"","background-repeat":"repeat","background-position":"center center","background-size":"auto","background-attachment":"scroll","background-type":"","background-media":"","overlay-type":"","overlay-color":"","overlay-opacity":"","overlay-gradient":""},"mobile":{"background-color":"var(--ast-global-color-4)","background-image":"","background-repeat":"repeat","background-position":"center center","background-size":"auto","background-attachment":"scroll","background-type":"","background-media":"","overlay-type":"","overlay-color":"","overlay-opacity":"","overlay-gradient":""}},"footnotes":""},"categories":[23,1],"tags":[],"class_list":["post-47344","post","type-post","status-publish","format-standard","has-post-thumbnail","hentry","category-internacionales","category-noticias"],"yoast_head":"<!-- This site is optimized with the Yoast SEO Premium plugin v23.0 (Yoast SEO v27.4) - https:\/\/yoast.com\/product\/yoast-seo-premium-wordpress\/ -->\n<title>Hoy 8 de Junio celebramos el D\u00eda Mundial de los Oc\u00e9anos bajo el lema \u00abLimpiemos nuestros oc\u00e9anos\u00bb<\/title>\n<meta name=\"robots\" content=\"index, follow, max-snippet:-1, max-image-preview:large, max-video-preview:-1\" \/>\n<link rel=\"canonical\" href=\"https:\/\/patagoniambiental.com.ar\/info\/hoy-8-de-junio-celebramos-el-dia-mundial-de-los-oceanos-bajo-el-lema-limpiemos-nuestros-oceanos\/\" \/>\n<meta property=\"og:locale\" content=\"es_ES\" \/>\n<meta property=\"og:type\" content=\"article\" \/>\n<meta property=\"og:title\" content=\"Hoy 8 de Junio celebramos el D\u00eda Mundial de los Oc\u00e9anos bajo el lema \u00abLimpiemos nuestros oc\u00e9anos\u00bb\" \/>\n<meta property=\"og:description\" content=\"Celebramos el D\u00eda Mundial de los Oc\u00e9anos para recordar a todo el mundo el gran papel que los oc\u00e9anos juegan [&hellip;]\" \/>\n<meta property=\"og:url\" content=\"https:\/\/patagoniambiental.com.ar\/info\/hoy-8-de-junio-celebramos-el-dia-mundial-de-los-oceanos-bajo-el-lema-limpiemos-nuestros-oceanos\/\" \/>\n<meta property=\"og:site_name\" content=\"Patagonia Ambiental\" \/>\n<meta property=\"article:publisher\" content=\"https:\/\/www.facebook.com\/patagonia.ambiental\" \/>\n<meta property=\"article:author\" content=\"https:\/\/www.facebook.com\/share\/1C1V8Gv9BX\/?mibextid=qi2Omg\" \/>\n<meta property=\"article:published_time\" content=\"2018-06-08T22:00:04+00:00\" \/>\n<meta property=\"og:image\" content=\"https:\/\/patagoniambiental.com.ar\/info\/wp-content\/uploads\/2018\/05\/wod-2018-poster-spanish.jpg\" \/>\n\t<meta property=\"og:image:width\" content=\"400\" \/>\n\t<meta property=\"og:image:height\" content=\"533\" \/>\n\t<meta property=\"og:image:type\" content=\"image\/jpeg\" \/>\n<meta name=\"author\" content=\"Patagonia Ambiental\" \/>\n<meta name=\"twitter:card\" content=\"summary_large_image\" \/>\n<meta name=\"twitter:creator\" content=\"@PatAmb\" \/>\n<meta name=\"twitter:site\" content=\"@PatAmb\" \/>\n<script type=\"application\/ld+json\" class=\"yoast-schema-graph\">{\"@context\":\"https:\\\/\\\/schema.org\",\"@graph\":[{\"@type\":\"Article\",\"@id\":\"https:\\\/\\\/patagoniambiental.com.ar\\\/info\\\/hoy-8-de-junio-celebramos-el-dia-mundial-de-los-oceanos-bajo-el-lema-limpiemos-nuestros-oceanos\\\/#article\",\"isPartOf\":{\"@id\":\"https:\\\/\\\/patagoniambiental.com.ar\\\/info\\\/hoy-8-de-junio-celebramos-el-dia-mundial-de-los-oceanos-bajo-el-lema-limpiemos-nuestros-oceanos\\\/\"},\"author\":{\"name\":\"Patagonia Ambiental\",\"@id\":\"https:\\\/\\\/patagoniambiental.com.ar\\\/info\\\/#\\\/schema\\\/person\\\/db12bff64bbcbf6a253710bf0ea37b5d\"},\"headline\":\"Hoy 8 de Junio celebramos el D\u00eda Mundial de los Oc\u00e9anos bajo el lema \u00abLimpiemos nuestros oc\u00e9anos\u00bb\",\"datePublished\":\"2018-06-08T22:00:04+00:00\",\"mainEntityOfPage\":{\"@id\":\"https:\\\/\\\/patagoniambiental.com.ar\\\/info\\\/hoy-8-de-junio-celebramos-el-dia-mundial-de-los-oceanos-bajo-el-lema-limpiemos-nuestros-oceanos\\\/\"},\"wordCount\":544,\"commentCount\":0,\"publisher\":{\"@id\":\"https:\\\/\\\/patagoniambiental.com.ar\\\/info\\\/#organization\"},\"image\":{\"@id\":\"https:\\\/\\\/patagoniambiental.com.ar\\\/info\\\/hoy-8-de-junio-celebramos-el-dia-mundial-de-los-oceanos-bajo-el-lema-limpiemos-nuestros-oceanos\\\/#primaryimage\"},\"thumbnailUrl\":\"https:\\\/\\\/patagoniambiental.com.ar\\\/info\\\/wp-content\\\/uploads\\\/2018\\\/05\\\/wod-2018-poster-spanish.jpg\",\"articleSection\":[\"Internacionales\",\"Noticias\"],\"inLanguage\":\"es\",\"potentialAction\":[{\"@type\":\"CommentAction\",\"name\":\"Comment\",\"target\":[\"https:\\\/\\\/patagoniambiental.com.ar\\\/info\\\/hoy-8-de-junio-celebramos-el-dia-mundial-de-los-oceanos-bajo-el-lema-limpiemos-nuestros-oceanos\\\/#respond\"]}]},{\"@type\":\"WebPage\",\"@id\":\"https:\\\/\\\/patagoniambiental.com.ar\\\/info\\\/hoy-8-de-junio-celebramos-el-dia-mundial-de-los-oceanos-bajo-el-lema-limpiemos-nuestros-oceanos\\\/\",\"url\":\"https:\\\/\\\/patagoniambiental.com.ar\\\/info\\\/hoy-8-de-junio-celebramos-el-dia-mundial-de-los-oceanos-bajo-el-lema-limpiemos-nuestros-oceanos\\\/\",\"name\":\"Hoy 8 de Junio celebramos el D\u00eda Mundial de los Oc\u00e9anos bajo el lema \u00abLimpiemos nuestros oc\u00e9anos\u00bb\",\"isPartOf\":{\"@id\":\"https:\\\/\\\/patagoniambiental.com.ar\\\/info\\\/#website\"},\"primaryImageOfPage\":{\"@id\":\"https:\\\/\\\/patagoniambiental.com.ar\\\/info\\\/hoy-8-de-junio-celebramos-el-dia-mundial-de-los-oceanos-bajo-el-lema-limpiemos-nuestros-oceanos\\\/#primaryimage\"},\"image\":{\"@id\":\"https:\\\/\\\/patagoniambiental.com.ar\\\/info\\\/hoy-8-de-junio-celebramos-el-dia-mundial-de-los-oceanos-bajo-el-lema-limpiemos-nuestros-oceanos\\\/#primaryimage\"},\"thumbnailUrl\":\"https:\\\/\\\/patagoniambiental.com.ar\\\/info\\\/wp-content\\\/uploads\\\/2018\\\/05\\\/wod-2018-poster-spanish.jpg\",\"datePublished\":\"2018-06-08T22:00:04+00:00\",\"breadcrumb\":{\"@id\":\"https:\\\/\\\/patagoniambiental.com.ar\\\/info\\\/hoy-8-de-junio-celebramos-el-dia-mundial-de-los-oceanos-bajo-el-lema-limpiemos-nuestros-oceanos\\\/#breadcrumb\"},\"inLanguage\":\"es\",\"potentialAction\":[{\"@type\":\"ReadAction\",\"target\":[\"https:\\\/\\\/patagoniambiental.com.ar\\\/info\\\/hoy-8-de-junio-celebramos-el-dia-mundial-de-los-oceanos-bajo-el-lema-limpiemos-nuestros-oceanos\\\/\"]}]},{\"@type\":\"ImageObject\",\"inLanguage\":\"es\",\"@id\":\"https:\\\/\\\/patagoniambiental.com.ar\\\/info\\\/hoy-8-de-junio-celebramos-el-dia-mundial-de-los-oceanos-bajo-el-lema-limpiemos-nuestros-oceanos\\\/#primaryimage\",\"url\":\"https:\\\/\\\/patagoniambiental.com.ar\\\/info\\\/wp-content\\\/uploads\\\/2018\\\/05\\\/wod-2018-poster-spanish.jpg\",\"contentUrl\":\"https:\\\/\\\/patagoniambiental.com.ar\\\/info\\\/wp-content\\\/uploads\\\/2018\\\/05\\\/wod-2018-poster-spanish.jpg\",\"width\":400,\"height\":533},{\"@type\":\"BreadcrumbList\",\"@id\":\"https:\\\/\\\/patagoniambiental.com.ar\\\/info\\\/hoy-8-de-junio-celebramos-el-dia-mundial-de-los-oceanos-bajo-el-lema-limpiemos-nuestros-oceanos\\\/#breadcrumb\",\"itemListElement\":[{\"@type\":\"ListItem\",\"position\":1,\"name\":\"Inicio\",\"item\":\"https:\\\/\\\/patagoniambiental.com.ar\\\/info\\\/\"},{\"@type\":\"ListItem\",\"position\":2,\"name\":\"Hoy 8 de Junio celebramos el D\u00eda Mundial de los Oc\u00e9anos bajo el lema \u00abLimpiemos nuestros oc\u00e9anos\u00bb\"}]},{\"@type\":\"WebSite\",\"@id\":\"https:\\\/\\\/patagoniambiental.com.ar\\\/info\\\/#website\",\"url\":\"https:\\\/\\\/patagoniambiental.com.ar\\\/info\\\/\",\"name\":\"Patagonia Ambiental\",\"description\":\"Monitoreo y an\u00e1lisis de la situaci\u00f3n geopol\u00edtica en el mundo y su implicancia en la Patagonia\",\"publisher\":{\"@id\":\"https:\\\/\\\/patagoniambiental.com.ar\\\/info\\\/#organization\"},\"potentialAction\":[{\"@type\":\"SearchAction\",\"target\":{\"@type\":\"EntryPoint\",\"urlTemplate\":\"https:\\\/\\\/patagoniambiental.com.ar\\\/info\\\/?s={search_term_string}\"},\"query-input\":{\"@type\":\"PropertyValueSpecification\",\"valueRequired\":true,\"valueName\":\"search_term_string\"}}],\"inLanguage\":\"es\"},{\"@type\":\"Organization\",\"@id\":\"https:\\\/\\\/patagoniambiental.com.ar\\\/info\\\/#organization\",\"name\":\"Patagonia Ambiental\",\"url\":\"https:\\\/\\\/patagoniambiental.com.ar\\\/info\\\/\",\"logo\":{\"@type\":\"ImageObject\",\"inLanguage\":\"es\",\"@id\":\"https:\\\/\\\/patagoniambiental.com.ar\\\/info\\\/#\\\/schema\\\/logo\\\/image\\\/\",\"url\":\"https:\\\/\\\/patagoniambiental.com.ar\\\/info\\\/wp-content\\\/uploads\\\/2025\\\/05\\\/LOGO-PATAGONIA-AMBIENTAL.png\",\"contentUrl\":\"https:\\\/\\\/patagoniambiental.com.ar\\\/info\\\/wp-content\\\/uploads\\\/2025\\\/05\\\/LOGO-PATAGONIA-AMBIENTAL.png\",\"width\":433,\"height\":250,\"caption\":\"Patagonia Ambiental\"},\"image\":{\"@id\":\"https:\\\/\\\/patagoniambiental.com.ar\\\/info\\\/#\\\/schema\\\/logo\\\/image\\\/\"},\"sameAs\":[\"https:\\\/\\\/www.facebook.com\\\/patagonia.ambiental\",\"https:\\\/\\\/x.com\\\/PatAmb\"]},{\"@type\":\"Person\",\"@id\":\"https:\\\/\\\/patagoniambiental.com.ar\\\/info\\\/#\\\/schema\\\/person\\\/db12bff64bbcbf6a253710bf0ea37b5d\",\"name\":\"Patagonia Ambiental\",\"description\":\"Andr\u00e9s Nievas T\u00e9cnico en manejo ambiental, consultor Ambiental y escritor para medios locales e internacionales sobre temas de geopolitica y medio ambiente.\",\"sameAs\":[\"http:\\\/\\\/www.patagoniambiental.com.ar\",\"https:\\\/\\\/www.facebook.com\\\/share\\\/1C1V8Gv9BX\\\/?mibextid=qi2Omg\",\"@patagoniambiental\",\"https:\\\/\\\/youtube.com\\\/@patagoniaambiental2023?si=BLt58t0wuXquxlYZ\"]}]}<\/script>\n<!-- \/ Yoast SEO Premium plugin. -->","yoast_head_json":{"title":"Hoy 8 de Junio celebramos el D\u00eda Mundial de los Oc\u00e9anos bajo el lema \u00abLimpiemos nuestros oc\u00e9anos\u00bb","robots":{"index":"index","follow":"follow","max-snippet":"max-snippet:-1","max-image-preview":"max-image-preview:large","max-video-preview":"max-video-preview:-1"},"canonical":"https:\/\/patagoniambiental.com.ar\/info\/hoy-8-de-junio-celebramos-el-dia-mundial-de-los-oceanos-bajo-el-lema-limpiemos-nuestros-oceanos\/","og_locale":"es_ES","og_type":"article","og_title":"Hoy 8 de Junio celebramos el D\u00eda Mundial de los Oc\u00e9anos bajo el lema \u00abLimpiemos nuestros oc\u00e9anos\u00bb","og_description":"Celebramos el D\u00eda Mundial de los Oc\u00e9anos para recordar a todo el mundo el gran papel que los oc\u00e9anos juegan [&hellip;]","og_url":"https:\/\/patagoniambiental.com.ar\/info\/hoy-8-de-junio-celebramos-el-dia-mundial-de-los-oceanos-bajo-el-lema-limpiemos-nuestros-oceanos\/","og_site_name":"Patagonia Ambiental","article_publisher":"https:\/\/www.facebook.com\/patagonia.ambiental","article_author":"https:\/\/www.facebook.com\/share\/1C1V8Gv9BX\/?mibextid=qi2Omg","article_published_time":"2018-06-08T22:00:04+00:00","og_image":[{"width":400,"height":533,"url":"https:\/\/patagoniambiental.com.ar\/info\/wp-content\/uploads\/2018\/05\/wod-2018-poster-spanish.jpg","type":"image\/jpeg"}],"author":"Patagonia Ambiental","twitter_card":"summary_large_image","twitter_creator":"@PatAmb","twitter_site":"@PatAmb","schema":{"@context":"https:\/\/schema.org","@graph":[{"@type":"Article","@id":"https:\/\/patagoniambiental.com.ar\/info\/hoy-8-de-junio-celebramos-el-dia-mundial-de-los-oceanos-bajo-el-lema-limpiemos-nuestros-oceanos\/#article","isPartOf":{"@id":"https:\/\/patagoniambiental.com.ar\/info\/hoy-8-de-junio-celebramos-el-dia-mundial-de-los-oceanos-bajo-el-lema-limpiemos-nuestros-oceanos\/"},"author":{"name":"Patagonia Ambiental","@id":"https:\/\/patagoniambiental.com.ar\/info\/#\/schema\/person\/db12bff64bbcbf6a253710bf0ea37b5d"},"headline":"Hoy 8 de Junio celebramos el D\u00eda Mundial de los Oc\u00e9anos bajo el lema \u00abLimpiemos nuestros oc\u00e9anos\u00bb","datePublished":"2018-06-08T22:00:04+00:00","mainEntityOfPage":{"@id":"https:\/\/patagoniambiental.com.ar\/info\/hoy-8-de-junio-celebramos-el-dia-mundial-de-los-oceanos-bajo-el-lema-limpiemos-nuestros-oceanos\/"},"wordCount":544,"commentCount":0,"publisher":{"@id":"https:\/\/patagoniambiental.com.ar\/info\/#organization"},"image":{"@id":"https:\/\/patagoniambiental.com.ar\/info\/hoy-8-de-junio-celebramos-el-dia-mundial-de-los-oceanos-bajo-el-lema-limpiemos-nuestros-oceanos\/#primaryimage"},"thumbnailUrl":"https:\/\/patagoniambiental.com.ar\/info\/wp-content\/uploads\/2018\/05\/wod-2018-poster-spanish.jpg","articleSection":["Internacionales","Noticias"],"inLanguage":"es","potentialAction":[{"@type":"CommentAction","name":"Comment","target":["https:\/\/patagoniambiental.com.ar\/info\/hoy-8-de-junio-celebramos-el-dia-mundial-de-los-oceanos-bajo-el-lema-limpiemos-nuestros-oceanos\/#respond"]}]},{"@type":"WebPage","@id":"https:\/\/patagoniambiental.com.ar\/info\/hoy-8-de-junio-celebramos-el-dia-mundial-de-los-oceanos-bajo-el-lema-limpiemos-nuestros-oceanos\/","url":"https:\/\/patagoniambiental.com.ar\/info\/hoy-8-de-junio-celebramos-el-dia-mundial-de-los-oceanos-bajo-el-lema-limpiemos-nuestros-oceanos\/","name":"Hoy 8 de Junio celebramos el D\u00eda Mundial de los Oc\u00e9anos bajo el lema \u00abLimpiemos nuestros oc\u00e9anos\u00bb","isPartOf":{"@id":"https:\/\/patagoniambiental.com.ar\/info\/#website"},"primaryImageOfPage":{"@id":"https:\/\/patagoniambiental.com.ar\/info\/hoy-8-de-junio-celebramos-el-dia-mundial-de-los-oceanos-bajo-el-lema-limpiemos-nuestros-oceanos\/#primaryimage"},"image":{"@id":"https:\/\/patagoniambiental.com.ar\/info\/hoy-8-de-junio-celebramos-el-dia-mundial-de-los-oceanos-bajo-el-lema-limpiemos-nuestros-oceanos\/#primaryimage"},"thumbnailUrl":"https:\/\/patagoniambiental.com.ar\/info\/wp-content\/uploads\/2018\/05\/wod-2018-poster-spanish.jpg","datePublished":"2018-06-08T22:00:04+00:00","breadcrumb":{"@id":"https:\/\/patagoniambiental.com.ar\/info\/hoy-8-de-junio-celebramos-el-dia-mundial-de-los-oceanos-bajo-el-lema-limpiemos-nuestros-oceanos\/#breadcrumb"},"inLanguage":"es","potentialAction":[{"@type":"ReadAction","target":["https:\/\/patagoniambiental.com.ar\/info\/hoy-8-de-junio-celebramos-el-dia-mundial-de-los-oceanos-bajo-el-lema-limpiemos-nuestros-oceanos\/"]}]},{"@type":"ImageObject","inLanguage":"es","@id":"https:\/\/patagoniambiental.com.ar\/info\/hoy-8-de-junio-celebramos-el-dia-mundial-de-los-oceanos-bajo-el-lema-limpiemos-nuestros-oceanos\/#primaryimage","url":"https:\/\/patagoniambiental.com.ar\/info\/wp-content\/uploads\/2018\/05\/wod-2018-poster-spanish.jpg","contentUrl":"https:\/\/patagoniambiental.com.ar\/info\/wp-content\/uploads\/2018\/05\/wod-2018-poster-spanish.jpg","width":400,"height":533},{"@type":"BreadcrumbList","@id":"https:\/\/patagoniambiental.com.ar\/info\/hoy-8-de-junio-celebramos-el-dia-mundial-de-los-oceanos-bajo-el-lema-limpiemos-nuestros-oceanos\/#breadcrumb","itemListElement":[{"@type":"ListItem","position":1,"name":"Inicio","item":"https:\/\/patagoniambiental.com.ar\/info\/"},{"@type":"ListItem","position":2,"name":"Hoy 8 de Junio celebramos el D\u00eda Mundial de los Oc\u00e9anos bajo el lema \u00abLimpiemos nuestros oc\u00e9anos\u00bb"}]},{"@type":"WebSite","@id":"https:\/\/patagoniambiental.com.ar\/info\/#website","url":"https:\/\/patagoniambiental.com.ar\/info\/","name":"Patagonia Ambiental","description":"Monitoreo y an\u00e1lisis de la situaci\u00f3n geopol\u00edtica en el mundo y su implicancia en la Patagonia","publisher":{"@id":"https:\/\/patagoniambiental.com.ar\/info\/#organization"},"potentialAction":[{"@type":"SearchAction","target":{"@type":"EntryPoint","urlTemplate":"https:\/\/patagoniambiental.com.ar\/info\/?s={search_term_string}"},"query-input":{"@type":"PropertyValueSpecification","valueRequired":true,"valueName":"search_term_string"}}],"inLanguage":"es"},{"@type":"Organization","@id":"https:\/\/patagoniambiental.com.ar\/info\/#organization","name":"Patagonia Ambiental","url":"https:\/\/patagoniambiental.com.ar\/info\/","logo":{"@type":"ImageObject","inLanguage":"es","@id":"https:\/\/patagoniambiental.com.ar\/info\/#\/schema\/logo\/image\/","url":"https:\/\/patagoniambiental.com.ar\/info\/wp-content\/uploads\/2025\/05\/LOGO-PATAGONIA-AMBIENTAL.png","contentUrl":"https:\/\/patagoniambiental.com.ar\/info\/wp-content\/uploads\/2025\/05\/LOGO-PATAGONIA-AMBIENTAL.png","width":433,"height":250,"caption":"Patagonia Ambiental"},"image":{"@id":"https:\/\/patagoniambiental.com.ar\/info\/#\/schema\/logo\/image\/"},"sameAs":["https:\/\/www.facebook.com\/patagonia.ambiental","https:\/\/x.com\/PatAmb"]},{"@type":"Person","@id":"https:\/\/patagoniambiental.com.ar\/info\/#\/schema\/person\/db12bff64bbcbf6a253710bf0ea37b5d","name":"Patagonia Ambiental","description":"Andr\u00e9s Nievas T\u00e9cnico en manejo ambiental, consultor Ambiental y escritor para medios locales e internacionales sobre temas de geopolitica y medio ambiente.","sameAs":["http:\/\/www.patagoniambiental.com.ar","https:\/\/www.facebook.com\/share\/1C1V8Gv9BX\/?mibextid=qi2Omg","@patagoniambiental","https:\/\/youtube.com\/@patagoniaambiental2023?si=BLt58t0wuXquxlYZ"]}]}},"_links":{"self":[{"href":"https:\/\/patagoniambiental.com.ar\/info\/wp-json\/wp\/v2\/posts\/47344","targetHints":{"allow":["GET"]}}],"collection":[{"href":"https:\/\/patagoniambiental.com.ar\/info\/wp-json\/wp\/v2\/posts"}],"about":[{"href":"https:\/\/patagoniambiental.com.ar\/info\/wp-json\/wp\/v2\/types\/post"}],"author":[{"embeddable":true,"href":"https:\/\/patagoniambiental.com.ar\/info\/wp-json\/wp\/v2\/users\/2"}],"replies":[{"embeddable":true,"href":"https:\/\/patagoniambiental.com.ar\/info\/wp-json\/wp\/v2\/comments?post=47344"}],"version-history":[{"count":0,"href":"https:\/\/patagoniambiental.com.ar\/info\/wp-json\/wp\/v2\/posts\/47344\/revisions"}],"wp:featuredmedia":[{"embeddable":true,"href":"https:\/\/patagoniambiental.com.ar\/info\/wp-json\/wp\/v2\/media\/47345"}],"wp:attachment":[{"href":"https:\/\/patagoniambiental.com.ar\/info\/wp-json\/wp\/v2\/media?parent=47344"}],"wp:term":[{"taxonomy":"category","embeddable":true,"href":"https:\/\/patagoniambiental.com.ar\/info\/wp-json\/wp\/v2\/categories?post=47344"},{"taxonomy":"post_tag","embeddable":true,"href":"https:\/\/patagoniambiental.com.ar\/info\/wp-json\/wp\/v2\/tags?post=47344"}],"curies":[{"name":"wp","href":"https:\/\/api.w.org\/{rel}","templated":true}]}}