{"id":47354,"date":"2018-05-29T09:00:21","date_gmt":"2018-05-29T12:00:21","guid":{"rendered":"http:\/\/patagoniambiental.com.ar\/info\/?p=47354"},"modified":"2018-05-29T14:01:19","modified_gmt":"2018-05-29T17:01:19","slug":"gran-bretana-probo-un-sistema-misil-antiaereo-que-instalara-en-malvinas","status":"publish","type":"post","link":"https:\/\/patagoniambiental.com.ar\/info\/gran-bretana-probo-un-sistema-misil-antiaereo-que-instalara-en-malvinas\/","title":{"rendered":"Gran Breta\u00f1a prob\u00f3 un sistema misil antia\u00e9reo que instalar\u00e1 en Malvinas"},"content":{"rendered":"<article class=\"news-box main inside\">\n<p class=\"news-title\"><strong>Tierra del Fuego, Ant\u00e1rtida, Islas Malvinas e Islas del Atl\u00e1ntico Sur.-Gran Breta\u00f1a prob\u00f3 un sistema antimisiles de m\u00e1s de 300 millones de d\u00f3lares que utilizar\u00e1 para la defensa de las Islas Malvinas, confirm\u00f3 oficialmente el gobierno del Reino Unido. <\/strong><\/p>\n<p><!--more--><\/p>\n<p class=\"news-title\"><strong>\u00abAnte amenazas que se intensifican, es vital que nuestras Fuerzas Armadas tengan las capacidades para mantener a salvo a Gran Breta\u00f1a\u00bb, se\u00f1al\u00f3 el secretario de Defensa brit\u00e1nico, Gavin Williamson, en un comunicado oficial.<\/strong><\/p>\n<figure class=\"news-image\"><img decoding=\"async\" src=\"http:\/\/www.notitdf.com\/media\/noticias\/ampl_gran-bretan-probo-sistema-misil-antiaereo-que-instalara-malvinas_29066.jpg\" alt=\"Gran Breta\u00f1a prob\u00f3 un   sistema misil antia\u00e9reo  que instalar\u00e1  en Malvinas\" \/><\/figure>\n<p class=\"news-text\">\n<div class=\"news-text nobotmargin\">El secretario de Defensa brit\u00e1nico \u00a0asegur\u00f3: \u00abEn vista de la intensificaci\u00f3n de las amenazas, es vital que nuestras Fuerzas Armadas tengan la capacidad de mantener a Gran Breta\u00f1a a salvo\u00bb.\u00a0 Detall\u00f3 que Land Ceptor ser\u00e1 \u00abuna formidable barrera en el campo de batalla, protegiendo a nuestras tropas de ataques y aviones enemigos durante las operaciones\u00bb.<br \/>\nLa prueba realizada en Suecia, cerca del Mar B\u00e1ltico, involucr\u00f3 al \u00abLand Ceptor\u00bb, que comprende el \u00abMisil Modular Antia\u00e9reo Com\u00fan (CAMM), un veh\u00edculo lanzador y dos veh\u00edculos de soporte de unidades de fuego\u00bb.<br \/>\nEl sistema antimisiles equipar\u00e1 en las Islas Malvinas al 16\u00b0 Regimiento, de la Artiller\u00eda Real, seg\u00fan indicaron los diarios \u00a0londinenses Express y The Sun.<br \/>\nConstruido por MBDA, Land Ceptor comprende el misil modular antia\u00e9reo com\u00fan (CAMM), un veh\u00edculo de lanzamiento y dos veh\u00edculos de soporte de unidades de fuego. \u00a0\u00a0Tiene entre sus mayores virtudes la movilidad: puede desplegarse r\u00e1pidamente en terrenos desafiantes y ponerse en acci\u00f3n en menos de 20 minutos.<br \/>\nEl armamento es superior al que actualmente se utiliza, por lo que la detecci\u00f3n de potenciales amenazas es mayor. \u00abLos misiles pueden ser lanzados en una r\u00e1pida sucesi\u00f3n para derrotar hasta ocho amenazas al mismo tiempo, incluso a trav\u00e9s de obst\u00e1culos como \u00e1rboles o terreno\u00bb, se inform\u00f3.<\/div>\n<\/article>\n<p>Fuente: http:\/\/www.notitdf.com\/noticias\/leer\/29066-gran-bretan-probo-sistema-misil-antiaereo-que-instalara-malvinas.html<\/p>\n<h2 class=\"subtitle\"><\/h2>\n","protected":false},"excerpt":{"rendered":"<p>Tierra del Fuego, Ant\u00e1rtida, Islas Malvinas e Islas del Atl\u00e1ntico Sur.-Gran Breta\u00f1a prob\u00f3 un sistema antimisiles de m\u00e1s de 300 [&hellip;]<\/p>\n","protected":false},"author":2,"featured_media":47355,"comment_status":"open","ping_status":"open","sticky":false,"template":"","format":"standard","meta":{"site-sidebar-layout":"default","site-content-layout":"","ast-site-content-layout":"default","site-content-style":"default","site-sidebar-style":"default","ast-global-header-display":"","ast-banner-title-visibility":"","ast-main-header-display":"","ast-hfb-above-header-display":"","ast-hfb-below-header-display":"","ast-hfb-mobile-header-display":"","site-post-title":"","ast-breadcrumbs-content":"","ast-featured-img":"","footer-sml-layout":"","ast-disable-related-posts":"","theme-transparent-header-meta":"","adv-header-id-meta":"","stick-header-meta":"","header-above-stick-meta":"","header-main-stick-meta":"","header-below-stick-meta":"","astra-migrate-meta-layouts":"default","ast-page-background-enabled":"default","ast-page-background-meta":{"desktop":{"background-color":"var(--ast-global-color-5)","background-image":"","background-repeat":"repeat","background-position":"center center","background-size":"auto","background-attachment":"scroll","background-type":"","background-media":"","overlay-type":"","overlay-color":"","overlay-opacity":"","overlay-gradient":""},"tablet":{"background-color":"","background-image":"","background-repeat":"repeat","background-position":"center center","background-size":"auto","background-attachment":"scroll","background-type":"","background-media":"","overlay-type":"","overlay-color":"","overlay-opacity":"","overlay-gradient":""},"mobile":{"background-color":"","background-image":"","background-repeat":"repeat","background-position":"center center","background-size":"auto","background-attachment":"scroll","background-type":"","background-media":"","overlay-type":"","overlay-color":"","overlay-opacity":"","overlay-gradient":""}},"ast-content-background-meta":{"desktop":{"background-color":"var(--ast-global-color-4)","background-image":"","background-repeat":"repeat","background-position":"center center","background-size":"auto","background-attachment":"scroll","background-type":"","background-media":"","overlay-type":"","overlay-color":"","overlay-opacity":"","overlay-gradient":""},"tablet":{"background-color":"var(--ast-global-color-4)","background-image":"","background-repeat":"repeat","background-position":"center center","background-size":"auto","background-attachment":"scroll","background-type":"","background-media":"","overlay-type":"","overlay-color":"","overlay-opacity":"","overlay-gradient":""},"mobile":{"background-color":"var(--ast-global-color-4)","background-image":"","background-repeat":"repeat","background-position":"center center","background-size":"auto","background-attachment":"scroll","background-type":"","background-media":"","overlay-type":"","overlay-color":"","overlay-opacity":"","overlay-gradient":""}},"footnotes":""},"categories":[23,1],"tags":[],"class_list":["post-47354","post","type-post","status-publish","format-standard","has-post-thumbnail","hentry","category-internacionales","category-noticias"],"yoast_head":"<!-- This site is optimized with the Yoast SEO Premium plugin v23.0 (Yoast SEO v27.4) - https:\/\/yoast.com\/product\/yoast-seo-premium-wordpress\/ -->\n<title>Gran Breta\u00f1a prob\u00f3 un sistema misil antia\u00e9reo que instalar\u00e1 en Malvinas<\/title>\n<meta name=\"robots\" content=\"index, follow, max-snippet:-1, max-image-preview:large, max-video-preview:-1\" \/>\n<link rel=\"canonical\" href=\"https:\/\/patagoniambiental.com.ar\/info\/gran-bretana-probo-un-sistema-misil-antiaereo-que-instalara-en-malvinas\/\" \/>\n<meta property=\"og:locale\" content=\"es_ES\" \/>\n<meta property=\"og:type\" content=\"article\" \/>\n<meta property=\"og:title\" content=\"Gran Breta\u00f1a prob\u00f3 un sistema misil antia\u00e9reo que instalar\u00e1 en Malvinas\" \/>\n<meta property=\"og:description\" content=\"Tierra del Fuego, Ant\u00e1rtida, Islas Malvinas e Islas del Atl\u00e1ntico Sur.-Gran Breta\u00f1a prob\u00f3 un sistema antimisiles de m\u00e1s de 300 [&hellip;]\" \/>\n<meta property=\"og:url\" content=\"https:\/\/patagoniambiental.com.ar\/info\/gran-bretana-probo-un-sistema-misil-antiaereo-que-instalara-en-malvinas\/\" \/>\n<meta property=\"og:site_name\" content=\"Patagonia Ambiental\" \/>\n<meta property=\"article:publisher\" content=\"https:\/\/www.facebook.com\/patagonia.ambiental\" \/>\n<meta property=\"article:author\" content=\"https:\/\/www.facebook.com\/share\/1C1V8Gv9BX\/?mibextid=qi2Omg\" \/>\n<meta property=\"article:published_time\" content=\"2018-05-29T12:00:21+00:00\" \/>\n<meta property=\"article:modified_time\" content=\"2018-05-29T17:01:19+00:00\" \/>\n<meta property=\"og:image\" content=\"https:\/\/patagoniambiental.com.ar\/info\/wp-content\/uploads\/2018\/05\/ampl_gran-bretan-probo-sistema-misil-antiaereo-que-instalara-malvinas_29066.jpg\" \/>\n\t<meta property=\"og:image:width\" content=\"756\" \/>\n\t<meta property=\"og:image:height\" content=\"1134\" \/>\n\t<meta property=\"og:image:type\" content=\"image\/jpeg\" \/>\n<meta name=\"author\" content=\"Patagonia Ambiental\" \/>\n<meta name=\"twitter:card\" content=\"summary_large_image\" \/>\n<meta name=\"twitter:creator\" content=\"@PatAmb\" \/>\n<meta name=\"twitter:site\" content=\"@PatAmb\" \/>\n<script type=\"application\/ld+json\" class=\"yoast-schema-graph\">{\"@context\":\"https:\\\/\\\/schema.org\",\"@graph\":[{\"@type\":\"Article\",\"@id\":\"https:\\\/\\\/patagoniambiental.com.ar\\\/info\\\/gran-bretana-probo-un-sistema-misil-antiaereo-que-instalara-en-malvinas\\\/#article\",\"isPartOf\":{\"@id\":\"https:\\\/\\\/patagoniambiental.com.ar\\\/info\\\/gran-bretana-probo-un-sistema-misil-antiaereo-que-instalara-en-malvinas\\\/\"},\"author\":{\"name\":\"Patagonia Ambiental\",\"@id\":\"https:\\\/\\\/patagoniambiental.com.ar\\\/info\\\/#\\\/schema\\\/person\\\/db12bff64bbcbf6a253710bf0ea37b5d\"},\"headline\":\"Gran Breta\u00f1a prob\u00f3 un sistema misil antia\u00e9reo que instalar\u00e1 en Malvinas\",\"datePublished\":\"2018-05-29T12:00:21+00:00\",\"dateModified\":\"2018-05-29T17:01:19+00:00\",\"mainEntityOfPage\":{\"@id\":\"https:\\\/\\\/patagoniambiental.com.ar\\\/info\\\/gran-bretana-probo-un-sistema-misil-antiaereo-que-instalara-en-malvinas\\\/\"},\"wordCount\":327,\"commentCount\":0,\"publisher\":{\"@id\":\"https:\\\/\\\/patagoniambiental.com.ar\\\/info\\\/#organization\"},\"image\":{\"@id\":\"https:\\\/\\\/patagoniambiental.com.ar\\\/info\\\/gran-bretana-probo-un-sistema-misil-antiaereo-que-instalara-en-malvinas\\\/#primaryimage\"},\"thumbnailUrl\":\"https:\\\/\\\/patagoniambiental.com.ar\\\/info\\\/wp-content\\\/uploads\\\/2018\\\/05\\\/ampl_gran-bretan-probo-sistema-misil-antiaereo-que-instalara-malvinas_29066.jpg\",\"articleSection\":[\"Internacionales\",\"Noticias\"],\"inLanguage\":\"es\",\"potentialAction\":[{\"@type\":\"CommentAction\",\"name\":\"Comment\",\"target\":[\"https:\\\/\\\/patagoniambiental.com.ar\\\/info\\\/gran-bretana-probo-un-sistema-misil-antiaereo-que-instalara-en-malvinas\\\/#respond\"]}]},{\"@type\":\"WebPage\",\"@id\":\"https:\\\/\\\/patagoniambiental.com.ar\\\/info\\\/gran-bretana-probo-un-sistema-misil-antiaereo-que-instalara-en-malvinas\\\/\",\"url\":\"https:\\\/\\\/patagoniambiental.com.ar\\\/info\\\/gran-bretana-probo-un-sistema-misil-antiaereo-que-instalara-en-malvinas\\\/\",\"name\":\"Gran Breta\u00f1a prob\u00f3 un sistema misil antia\u00e9reo que instalar\u00e1 en Malvinas\",\"isPartOf\":{\"@id\":\"https:\\\/\\\/patagoniambiental.com.ar\\\/info\\\/#website\"},\"primaryImageOfPage\":{\"@id\":\"https:\\\/\\\/patagoniambiental.com.ar\\\/info\\\/gran-bretana-probo-un-sistema-misil-antiaereo-que-instalara-en-malvinas\\\/#primaryimage\"},\"image\":{\"@id\":\"https:\\\/\\\/patagoniambiental.com.ar\\\/info\\\/gran-bretana-probo-un-sistema-misil-antiaereo-que-instalara-en-malvinas\\\/#primaryimage\"},\"thumbnailUrl\":\"https:\\\/\\\/patagoniambiental.com.ar\\\/info\\\/wp-content\\\/uploads\\\/2018\\\/05\\\/ampl_gran-bretan-probo-sistema-misil-antiaereo-que-instalara-malvinas_29066.jpg\",\"datePublished\":\"2018-05-29T12:00:21+00:00\",\"dateModified\":\"2018-05-29T17:01:19+00:00\",\"breadcrumb\":{\"@id\":\"https:\\\/\\\/patagoniambiental.com.ar\\\/info\\\/gran-bretana-probo-un-sistema-misil-antiaereo-que-instalara-en-malvinas\\\/#breadcrumb\"},\"inLanguage\":\"es\",\"potentialAction\":[{\"@type\":\"ReadAction\",\"target\":[\"https:\\\/\\\/patagoniambiental.com.ar\\\/info\\\/gran-bretana-probo-un-sistema-misil-antiaereo-que-instalara-en-malvinas\\\/\"]}]},{\"@type\":\"ImageObject\",\"inLanguage\":\"es\",\"@id\":\"https:\\\/\\\/patagoniambiental.com.ar\\\/info\\\/gran-bretana-probo-un-sistema-misil-antiaereo-que-instalara-en-malvinas\\\/#primaryimage\",\"url\":\"https:\\\/\\\/patagoniambiental.com.ar\\\/info\\\/wp-content\\\/uploads\\\/2018\\\/05\\\/ampl_gran-bretan-probo-sistema-misil-antiaereo-que-instalara-malvinas_29066.jpg\",\"contentUrl\":\"https:\\\/\\\/patagoniambiental.com.ar\\\/info\\\/wp-content\\\/uploads\\\/2018\\\/05\\\/ampl_gran-bretan-probo-sistema-misil-antiaereo-que-instalara-malvinas_29066.jpg\",\"width\":756,\"height\":1134},{\"@type\":\"BreadcrumbList\",\"@id\":\"https:\\\/\\\/patagoniambiental.com.ar\\\/info\\\/gran-bretana-probo-un-sistema-misil-antiaereo-que-instalara-en-malvinas\\\/#breadcrumb\",\"itemListElement\":[{\"@type\":\"ListItem\",\"position\":1,\"name\":\"Inicio\",\"item\":\"https:\\\/\\\/patagoniambiental.com.ar\\\/info\\\/\"},{\"@type\":\"ListItem\",\"position\":2,\"name\":\"Gran Breta\u00f1a prob\u00f3 un sistema misil antia\u00e9reo que instalar\u00e1 en Malvinas\"}]},{\"@type\":\"WebSite\",\"@id\":\"https:\\\/\\\/patagoniambiental.com.ar\\\/info\\\/#website\",\"url\":\"https:\\\/\\\/patagoniambiental.com.ar\\\/info\\\/\",\"name\":\"Patagonia Ambiental\",\"description\":\"Monitoreo y an\u00e1lisis de la situaci\u00f3n geopol\u00edtica en el mundo y su implicancia en la Patagonia\",\"publisher\":{\"@id\":\"https:\\\/\\\/patagoniambiental.com.ar\\\/info\\\/#organization\"},\"potentialAction\":[{\"@type\":\"SearchAction\",\"target\":{\"@type\":\"EntryPoint\",\"urlTemplate\":\"https:\\\/\\\/patagoniambiental.com.ar\\\/info\\\/?s={search_term_string}\"},\"query-input\":{\"@type\":\"PropertyValueSpecification\",\"valueRequired\":true,\"valueName\":\"search_term_string\"}}],\"inLanguage\":\"es\"},{\"@type\":\"Organization\",\"@id\":\"https:\\\/\\\/patagoniambiental.com.ar\\\/info\\\/#organization\",\"name\":\"Patagonia Ambiental\",\"url\":\"https:\\\/\\\/patagoniambiental.com.ar\\\/info\\\/\",\"logo\":{\"@type\":\"ImageObject\",\"inLanguage\":\"es\",\"@id\":\"https:\\\/\\\/patagoniambiental.com.ar\\\/info\\\/#\\\/schema\\\/logo\\\/image\\\/\",\"url\":\"https:\\\/\\\/patagoniambiental.com.ar\\\/info\\\/wp-content\\\/uploads\\\/2025\\\/05\\\/LOGO-PATAGONIA-AMBIENTAL.png\",\"contentUrl\":\"https:\\\/\\\/patagoniambiental.com.ar\\\/info\\\/wp-content\\\/uploads\\\/2025\\\/05\\\/LOGO-PATAGONIA-AMBIENTAL.png\",\"width\":433,\"height\":250,\"caption\":\"Patagonia Ambiental\"},\"image\":{\"@id\":\"https:\\\/\\\/patagoniambiental.com.ar\\\/info\\\/#\\\/schema\\\/logo\\\/image\\\/\"},\"sameAs\":[\"https:\\\/\\\/www.facebook.com\\\/patagonia.ambiental\",\"https:\\\/\\\/x.com\\\/PatAmb\"]},{\"@type\":\"Person\",\"@id\":\"https:\\\/\\\/patagoniambiental.com.ar\\\/info\\\/#\\\/schema\\\/person\\\/db12bff64bbcbf6a253710bf0ea37b5d\",\"name\":\"Patagonia Ambiental\",\"description\":\"Andr\u00e9s Nievas T\u00e9cnico en manejo ambiental, consultor Ambiental y escritor para medios locales e internacionales sobre temas de geopolitica y medio ambiente.\",\"sameAs\":[\"http:\\\/\\\/www.patagoniambiental.com.ar\",\"https:\\\/\\\/www.facebook.com\\\/share\\\/1C1V8Gv9BX\\\/?mibextid=qi2Omg\",\"@patagoniambiental\",\"https:\\\/\\\/youtube.com\\\/@patagoniaambiental2023?si=BLt58t0wuXquxlYZ\"]}]}<\/script>\n<!-- \/ Yoast SEO Premium plugin. -->","yoast_head_json":{"title":"Gran Breta\u00f1a prob\u00f3 un sistema misil antia\u00e9reo que instalar\u00e1 en Malvinas","robots":{"index":"index","follow":"follow","max-snippet":"max-snippet:-1","max-image-preview":"max-image-preview:large","max-video-preview":"max-video-preview:-1"},"canonical":"https:\/\/patagoniambiental.com.ar\/info\/gran-bretana-probo-un-sistema-misil-antiaereo-que-instalara-en-malvinas\/","og_locale":"es_ES","og_type":"article","og_title":"Gran Breta\u00f1a prob\u00f3 un sistema misil antia\u00e9reo que instalar\u00e1 en Malvinas","og_description":"Tierra del Fuego, Ant\u00e1rtida, Islas Malvinas e Islas del Atl\u00e1ntico Sur.-Gran Breta\u00f1a prob\u00f3 un sistema antimisiles de m\u00e1s de 300 [&hellip;]","og_url":"https:\/\/patagoniambiental.com.ar\/info\/gran-bretana-probo-un-sistema-misil-antiaereo-que-instalara-en-malvinas\/","og_site_name":"Patagonia Ambiental","article_publisher":"https:\/\/www.facebook.com\/patagonia.ambiental","article_author":"https:\/\/www.facebook.com\/share\/1C1V8Gv9BX\/?mibextid=qi2Omg","article_published_time":"2018-05-29T12:00:21+00:00","article_modified_time":"2018-05-29T17:01:19+00:00","og_image":[{"width":756,"height":1134,"url":"https:\/\/patagoniambiental.com.ar\/info\/wp-content\/uploads\/2018\/05\/ampl_gran-bretan-probo-sistema-misil-antiaereo-que-instalara-malvinas_29066.jpg","type":"image\/jpeg"}],"author":"Patagonia Ambiental","twitter_card":"summary_large_image","twitter_creator":"@PatAmb","twitter_site":"@PatAmb","schema":{"@context":"https:\/\/schema.org","@graph":[{"@type":"Article","@id":"https:\/\/patagoniambiental.com.ar\/info\/gran-bretana-probo-un-sistema-misil-antiaereo-que-instalara-en-malvinas\/#article","isPartOf":{"@id":"https:\/\/patagoniambiental.com.ar\/info\/gran-bretana-probo-un-sistema-misil-antiaereo-que-instalara-en-malvinas\/"},"author":{"name":"Patagonia Ambiental","@id":"https:\/\/patagoniambiental.com.ar\/info\/#\/schema\/person\/db12bff64bbcbf6a253710bf0ea37b5d"},"headline":"Gran Breta\u00f1a prob\u00f3 un sistema misil antia\u00e9reo que instalar\u00e1 en Malvinas","datePublished":"2018-05-29T12:00:21+00:00","dateModified":"2018-05-29T17:01:19+00:00","mainEntityOfPage":{"@id":"https:\/\/patagoniambiental.com.ar\/info\/gran-bretana-probo-un-sistema-misil-antiaereo-que-instalara-en-malvinas\/"},"wordCount":327,"commentCount":0,"publisher":{"@id":"https:\/\/patagoniambiental.com.ar\/info\/#organization"},"image":{"@id":"https:\/\/patagoniambiental.com.ar\/info\/gran-bretana-probo-un-sistema-misil-antiaereo-que-instalara-en-malvinas\/#primaryimage"},"thumbnailUrl":"https:\/\/patagoniambiental.com.ar\/info\/wp-content\/uploads\/2018\/05\/ampl_gran-bretan-probo-sistema-misil-antiaereo-que-instalara-malvinas_29066.jpg","articleSection":["Internacionales","Noticias"],"inLanguage":"es","potentialAction":[{"@type":"CommentAction","name":"Comment","target":["https:\/\/patagoniambiental.com.ar\/info\/gran-bretana-probo-un-sistema-misil-antiaereo-que-instalara-en-malvinas\/#respond"]}]},{"@type":"WebPage","@id":"https:\/\/patagoniambiental.com.ar\/info\/gran-bretana-probo-un-sistema-misil-antiaereo-que-instalara-en-malvinas\/","url":"https:\/\/patagoniambiental.com.ar\/info\/gran-bretana-probo-un-sistema-misil-antiaereo-que-instalara-en-malvinas\/","name":"Gran Breta\u00f1a prob\u00f3 un sistema misil antia\u00e9reo que instalar\u00e1 en Malvinas","isPartOf":{"@id":"https:\/\/patagoniambiental.com.ar\/info\/#website"},"primaryImageOfPage":{"@id":"https:\/\/patagoniambiental.com.ar\/info\/gran-bretana-probo-un-sistema-misil-antiaereo-que-instalara-en-malvinas\/#primaryimage"},"image":{"@id":"https:\/\/patagoniambiental.com.ar\/info\/gran-bretana-probo-un-sistema-misil-antiaereo-que-instalara-en-malvinas\/#primaryimage"},"thumbnailUrl":"https:\/\/patagoniambiental.com.ar\/info\/wp-content\/uploads\/2018\/05\/ampl_gran-bretan-probo-sistema-misil-antiaereo-que-instalara-malvinas_29066.jpg","datePublished":"2018-05-29T12:00:21+00:00","dateModified":"2018-05-29T17:01:19+00:00","breadcrumb":{"@id":"https:\/\/patagoniambiental.com.ar\/info\/gran-bretana-probo-un-sistema-misil-antiaereo-que-instalara-en-malvinas\/#breadcrumb"},"inLanguage":"es","potentialAction":[{"@type":"ReadAction","target":["https:\/\/patagoniambiental.com.ar\/info\/gran-bretana-probo-un-sistema-misil-antiaereo-que-instalara-en-malvinas\/"]}]},{"@type":"ImageObject","inLanguage":"es","@id":"https:\/\/patagoniambiental.com.ar\/info\/gran-bretana-probo-un-sistema-misil-antiaereo-que-instalara-en-malvinas\/#primaryimage","url":"https:\/\/patagoniambiental.com.ar\/info\/wp-content\/uploads\/2018\/05\/ampl_gran-bretan-probo-sistema-misil-antiaereo-que-instalara-malvinas_29066.jpg","contentUrl":"https:\/\/patagoniambiental.com.ar\/info\/wp-content\/uploads\/2018\/05\/ampl_gran-bretan-probo-sistema-misil-antiaereo-que-instalara-malvinas_29066.jpg","width":756,"height":1134},{"@type":"BreadcrumbList","@id":"https:\/\/patagoniambiental.com.ar\/info\/gran-bretana-probo-un-sistema-misil-antiaereo-que-instalara-en-malvinas\/#breadcrumb","itemListElement":[{"@type":"ListItem","position":1,"name":"Inicio","item":"https:\/\/patagoniambiental.com.ar\/info\/"},{"@type":"ListItem","position":2,"name":"Gran Breta\u00f1a prob\u00f3 un sistema misil antia\u00e9reo que instalar\u00e1 en Malvinas"}]},{"@type":"WebSite","@id":"https:\/\/patagoniambiental.com.ar\/info\/#website","url":"https:\/\/patagoniambiental.com.ar\/info\/","name":"Patagonia Ambiental","description":"Monitoreo y an\u00e1lisis de la situaci\u00f3n geopol\u00edtica en el mundo y su implicancia en la Patagonia","publisher":{"@id":"https:\/\/patagoniambiental.com.ar\/info\/#organization"},"potentialAction":[{"@type":"SearchAction","target":{"@type":"EntryPoint","urlTemplate":"https:\/\/patagoniambiental.com.ar\/info\/?s={search_term_string}"},"query-input":{"@type":"PropertyValueSpecification","valueRequired":true,"valueName":"search_term_string"}}],"inLanguage":"es"},{"@type":"Organization","@id":"https:\/\/patagoniambiental.com.ar\/info\/#organization","name":"Patagonia Ambiental","url":"https:\/\/patagoniambiental.com.ar\/info\/","logo":{"@type":"ImageObject","inLanguage":"es","@id":"https:\/\/patagoniambiental.com.ar\/info\/#\/schema\/logo\/image\/","url":"https:\/\/patagoniambiental.com.ar\/info\/wp-content\/uploads\/2025\/05\/LOGO-PATAGONIA-AMBIENTAL.png","contentUrl":"https:\/\/patagoniambiental.com.ar\/info\/wp-content\/uploads\/2025\/05\/LOGO-PATAGONIA-AMBIENTAL.png","width":433,"height":250,"caption":"Patagonia Ambiental"},"image":{"@id":"https:\/\/patagoniambiental.com.ar\/info\/#\/schema\/logo\/image\/"},"sameAs":["https:\/\/www.facebook.com\/patagonia.ambiental","https:\/\/x.com\/PatAmb"]},{"@type":"Person","@id":"https:\/\/patagoniambiental.com.ar\/info\/#\/schema\/person\/db12bff64bbcbf6a253710bf0ea37b5d","name":"Patagonia Ambiental","description":"Andr\u00e9s Nievas T\u00e9cnico en manejo ambiental, consultor Ambiental y escritor para medios locales e internacionales sobre temas de geopolitica y medio ambiente.","sameAs":["http:\/\/www.patagoniambiental.com.ar","https:\/\/www.facebook.com\/share\/1C1V8Gv9BX\/?mibextid=qi2Omg","@patagoniambiental","https:\/\/youtube.com\/@patagoniaambiental2023?si=BLt58t0wuXquxlYZ"]}]}},"_links":{"self":[{"href":"https:\/\/patagoniambiental.com.ar\/info\/wp-json\/wp\/v2\/posts\/47354","targetHints":{"allow":["GET"]}}],"collection":[{"href":"https:\/\/patagoniambiental.com.ar\/info\/wp-json\/wp\/v2\/posts"}],"about":[{"href":"https:\/\/patagoniambiental.com.ar\/info\/wp-json\/wp\/v2\/types\/post"}],"author":[{"embeddable":true,"href":"https:\/\/patagoniambiental.com.ar\/info\/wp-json\/wp\/v2\/users\/2"}],"replies":[{"embeddable":true,"href":"https:\/\/patagoniambiental.com.ar\/info\/wp-json\/wp\/v2\/comments?post=47354"}],"version-history":[{"count":0,"href":"https:\/\/patagoniambiental.com.ar\/info\/wp-json\/wp\/v2\/posts\/47354\/revisions"}],"wp:featuredmedia":[{"embeddable":true,"href":"https:\/\/patagoniambiental.com.ar\/info\/wp-json\/wp\/v2\/media\/47355"}],"wp:attachment":[{"href":"https:\/\/patagoniambiental.com.ar\/info\/wp-json\/wp\/v2\/media?parent=47354"}],"wp:term":[{"taxonomy":"category","embeddable":true,"href":"https:\/\/patagoniambiental.com.ar\/info\/wp-json\/wp\/v2\/categories?post=47354"},{"taxonomy":"post_tag","embeddable":true,"href":"https:\/\/patagoniambiental.com.ar\/info\/wp-json\/wp\/v2\/tags?post=47354"}],"curies":[{"name":"wp","href":"https:\/\/api.w.org\/{rel}","templated":true}]}}