{"id":47466,"date":"2018-06-02T19:00:41","date_gmt":"2018-06-02T22:00:41","guid":{"rendered":"http:\/\/patagoniambiental.com.ar\/info\/?p=47466"},"modified":"2018-05-31T09:40:58","modified_gmt":"2018-05-31T12:40:58","slug":"el-5-de-junio-es-el-dia-mundial-del-medio-ambiente-que-plastico-vas-a-dejar-de-usar-a-partir-de-ese-dia","status":"publish","type":"post","link":"https:\/\/patagoniambiental.com.ar\/info\/el-5-de-junio-es-el-dia-mundial-del-medio-ambiente-que-plastico-vas-a-dejar-de-usar-a-partir-de-ese-dia\/","title":{"rendered":"El 5 de junio es el D\u00eda Mundial del Medio Ambiente \u00bfQu\u00e9 pl\u00e1stico vas a dejar de usar a partir de ese d\u00eda?"},"content":{"rendered":"<p>A veces, nos cuesta cambiar, pero seguro que despu\u00e9s de leer esto,\u00a0 responder\u00e1s que NO, la pr\u00f3xima vez que te hagan esta pregunta:\u00a0<strong>\u00bfQuieres una bolsa?<\/strong><\/p>\n<p><!--more--><\/p>\n<p>Una bolsa de pl\u00e1stico cumple el prop\u00f3sito por el que fue fabricada durante 30 minutos, una pajita la utilizar\u00e1s s\u00f3lo mientras dura tu bebida, \u00bf5 minutos? Pero, \u00bfsabes cu\u00e1nto dura el pl\u00e1stico? 400 a\u00f1os. S\u00ed, lo has le\u00eddo bien.\u00a0<strong>El pl\u00e1stico tarda cuatro siglos en desintegrarse.\u00a0<\/strong>Pero antes de desaparecer, da\u00f1a al medio ambiente y se divide en peque\u00f1as part\u00edculas, los micropl\u00e1sticos, que acaban en el est\u00f3mago de los peces que comemos y en el agua que bebemos.<\/p>\n<p><img fetchpriority=\"high\" decoding=\"async\" class=\"size-full wp-image-47467 alignleft\" src=\"https:\/\/patagoniambiental.com.ar\/info\/wp-content\/uploads\/2018\/05\/PORTADA_BOLETIN_junio.jpg\" alt=\"\" width=\"534\" height=\"200\" \/><\/p>\n<h3>Te proponemos dejar un producto de pl\u00e1stico para siempre.<\/h3>\n<p>El 5 de junio, celebraremos el\u00a0<strong>D\u00eda Mundial Del Medio Ambiente<\/strong>\u00a0sum\u00e1ndonos a una iniciativa de Naciones Unidas. El objetivo: reducir la contaminaci\u00f3n por pl\u00e1sticos.\u00a0<strong>\u00bfTe apuntas?<\/strong><\/p>\n<p>Elige\u00a0<strong>un producto de pl\u00e1stico que quieres sacar para siempre de tu vida y comparte una foto en redes etiquetando a tres amigos para que se sumen.\u00a0<\/strong>Usa las etiquetas #SinContaminaci\u00f3n por pl\u00e1sticos y #D\u00edaMundialdelMedioAmbiente.<\/p>\n<p>Si s\u00f3lo se te ocurre dejar las bolsas de pl\u00e1stico, te recomendamos que eches un vistazo a la\u00a0<strong>infograf\u00eda que hemos preparado.<\/strong><\/p>\n<p><a href=\"https:\/\/www.wwf.es\/nuestro_trabajo_\/oceanos\/plasticos\/?utm_source=bbddboletin&amp;utm_medium=email&amp;utm_campaign=boletinjunio18\">QUIERO DEJAR EL PLASTICO<\/a><\/p>\n<p>Fuente: WWF<\/p>\n","protected":false},"excerpt":{"rendered":"<p>A veces, nos cuesta cambiar, pero seguro que despu\u00e9s de leer esto,\u00a0 responder\u00e1s que NO, la pr\u00f3xima vez que te [&hellip;]<\/p>\n","protected":false},"author":2,"featured_media":47467,"comment_status":"open","ping_status":"open","sticky":false,"template":"","format":"standard","meta":{"site-sidebar-layout":"default","site-content-layout":"","ast-site-content-layout":"default","site-content-style":"default","site-sidebar-style":"default","ast-global-header-display":"","ast-banner-title-visibility":"","ast-main-header-display":"","ast-hfb-above-header-display":"","ast-hfb-below-header-display":"","ast-hfb-mobile-header-display":"","site-post-title":"","ast-breadcrumbs-content":"","ast-featured-img":"","footer-sml-layout":"","ast-disable-related-posts":"","theme-transparent-header-meta":"","adv-header-id-meta":"","stick-header-meta":"","header-above-stick-meta":"","header-main-stick-meta":"","header-below-stick-meta":"","astra-migrate-meta-layouts":"default","ast-page-background-enabled":"default","ast-page-background-meta":{"desktop":{"background-color":"var(--ast-global-color-5)","background-image":"","background-repeat":"repeat","background-position":"center center","background-size":"auto","background-attachment":"scroll","background-type":"","background-media":"","overlay-type":"","overlay-color":"","overlay-opacity":"","overlay-gradient":""},"tablet":{"background-color":"","background-image":"","background-repeat":"repeat","background-position":"center center","background-size":"auto","background-attachment":"scroll","background-type":"","background-media":"","overlay-type":"","overlay-color":"","overlay-opacity":"","overlay-gradient":""},"mobile":{"background-color":"","background-image":"","background-repeat":"repeat","background-position":"center center","background-size":"auto","background-attachment":"scroll","background-type":"","background-media":"","overlay-type":"","overlay-color":"","overlay-opacity":"","overlay-gradient":""}},"ast-content-background-meta":{"desktop":{"background-color":"var(--ast-global-color-4)","background-image":"","background-repeat":"repeat","background-position":"center center","background-size":"auto","background-attachment":"scroll","background-type":"","background-media":"","overlay-type":"","overlay-color":"","overlay-opacity":"","overlay-gradient":""},"tablet":{"background-color":"var(--ast-global-color-4)","background-image":"","background-repeat":"repeat","background-position":"center center","background-size":"auto","background-attachment":"scroll","background-type":"","background-media":"","overlay-type":"","overlay-color":"","overlay-opacity":"","overlay-gradient":""},"mobile":{"background-color":"var(--ast-global-color-4)","background-image":"","background-repeat":"repeat","background-position":"center center","background-size":"auto","background-attachment":"scroll","background-type":"","background-media":"","overlay-type":"","overlay-color":"","overlay-opacity":"","overlay-gradient":""}},"footnotes":""},"categories":[12,23,1],"tags":[],"class_list":["post-47466","post","type-post","status-publish","format-standard","has-post-thumbnail","hentry","category-agenda-ambiental","category-internacionales","category-noticias"],"yoast_head":"<!-- This site is optimized with the Yoast SEO Premium plugin v23.0 (Yoast SEO v27.4) - https:\/\/yoast.com\/product\/yoast-seo-premium-wordpress\/ -->\n<title>El 5 de junio es el D\u00eda Mundial del Medio Ambiente \u00bfQu\u00e9 pl\u00e1stico vas a dejar de usar a partir de ese d\u00eda?<\/title>\n<meta name=\"robots\" content=\"index, follow, max-snippet:-1, max-image-preview:large, max-video-preview:-1\" \/>\n<link rel=\"canonical\" href=\"https:\/\/patagoniambiental.com.ar\/info\/el-5-de-junio-es-el-dia-mundial-del-medio-ambiente-que-plastico-vas-a-dejar-de-usar-a-partir-de-ese-dia\/\" \/>\n<meta property=\"og:locale\" content=\"es_ES\" \/>\n<meta property=\"og:type\" content=\"article\" \/>\n<meta property=\"og:title\" content=\"El 5 de junio es el D\u00eda Mundial del Medio Ambiente \u00bfQu\u00e9 pl\u00e1stico vas a dejar de usar a partir de ese d\u00eda?\" \/>\n<meta property=\"og:description\" content=\"A veces, nos cuesta cambiar, pero seguro que despu\u00e9s de leer esto,\u00a0 responder\u00e1s que NO, la pr\u00f3xima vez que te [&hellip;]\" \/>\n<meta property=\"og:url\" content=\"https:\/\/patagoniambiental.com.ar\/info\/el-5-de-junio-es-el-dia-mundial-del-medio-ambiente-que-plastico-vas-a-dejar-de-usar-a-partir-de-ese-dia\/\" \/>\n<meta property=\"og:site_name\" content=\"Patagonia Ambiental\" \/>\n<meta property=\"article:publisher\" content=\"https:\/\/www.facebook.com\/patagonia.ambiental\" \/>\n<meta property=\"article:author\" content=\"https:\/\/www.facebook.com\/share\/1C1V8Gv9BX\/?mibextid=qi2Omg\" \/>\n<meta property=\"article:published_time\" content=\"2018-06-02T22:00:41+00:00\" \/>\n<meta property=\"og:image\" content=\"https:\/\/patagoniambiental.com.ar\/info\/wp-content\/uploads\/2018\/05\/PORTADA_BOLETIN_junio.jpg\" \/>\n\t<meta property=\"og:image:width\" content=\"534\" \/>\n\t<meta property=\"og:image:height\" content=\"200\" \/>\n\t<meta property=\"og:image:type\" content=\"image\/jpeg\" \/>\n<meta name=\"author\" content=\"Patagonia Ambiental\" \/>\n<meta name=\"twitter:card\" content=\"summary_large_image\" \/>\n<meta name=\"twitter:creator\" content=\"@PatAmb\" \/>\n<meta name=\"twitter:site\" content=\"@PatAmb\" \/>\n<script type=\"application\/ld+json\" class=\"yoast-schema-graph\">{\"@context\":\"https:\\\/\\\/schema.org\",\"@graph\":[{\"@type\":\"Article\",\"@id\":\"https:\\\/\\\/patagoniambiental.com.ar\\\/info\\\/el-5-de-junio-es-el-dia-mundial-del-medio-ambiente-que-plastico-vas-a-dejar-de-usar-a-partir-de-ese-dia\\\/#article\",\"isPartOf\":{\"@id\":\"https:\\\/\\\/patagoniambiental.com.ar\\\/info\\\/el-5-de-junio-es-el-dia-mundial-del-medio-ambiente-que-plastico-vas-a-dejar-de-usar-a-partir-de-ese-dia\\\/\"},\"author\":{\"name\":\"Patagonia Ambiental\",\"@id\":\"https:\\\/\\\/patagoniambiental.com.ar\\\/info\\\/#\\\/schema\\\/person\\\/db12bff64bbcbf6a253710bf0ea37b5d\"},\"headline\":\"El 5 de junio es el D\u00eda Mundial del Medio Ambiente \u00bfQu\u00e9 pl\u00e1stico vas a dejar de usar a partir de ese d\u00eda?\",\"datePublished\":\"2018-06-02T22:00:41+00:00\",\"mainEntityOfPage\":{\"@id\":\"https:\\\/\\\/patagoniambiental.com.ar\\\/info\\\/el-5-de-junio-es-el-dia-mundial-del-medio-ambiente-que-plastico-vas-a-dejar-de-usar-a-partir-de-ese-dia\\\/\"},\"wordCount\":253,\"commentCount\":0,\"publisher\":{\"@id\":\"https:\\\/\\\/patagoniambiental.com.ar\\\/info\\\/#organization\"},\"image\":{\"@id\":\"https:\\\/\\\/patagoniambiental.com.ar\\\/info\\\/el-5-de-junio-es-el-dia-mundial-del-medio-ambiente-que-plastico-vas-a-dejar-de-usar-a-partir-de-ese-dia\\\/#primaryimage\"},\"thumbnailUrl\":\"https:\\\/\\\/patagoniambiental.com.ar\\\/info\\\/wp-content\\\/uploads\\\/2018\\\/05\\\/PORTADA_BOLETIN_junio.jpg\",\"articleSection\":[\"Agenda Ambiental\",\"Internacionales\",\"Noticias\"],\"inLanguage\":\"es\",\"potentialAction\":[{\"@type\":\"CommentAction\",\"name\":\"Comment\",\"target\":[\"https:\\\/\\\/patagoniambiental.com.ar\\\/info\\\/el-5-de-junio-es-el-dia-mundial-del-medio-ambiente-que-plastico-vas-a-dejar-de-usar-a-partir-de-ese-dia\\\/#respond\"]}]},{\"@type\":\"WebPage\",\"@id\":\"https:\\\/\\\/patagoniambiental.com.ar\\\/info\\\/el-5-de-junio-es-el-dia-mundial-del-medio-ambiente-que-plastico-vas-a-dejar-de-usar-a-partir-de-ese-dia\\\/\",\"url\":\"https:\\\/\\\/patagoniambiental.com.ar\\\/info\\\/el-5-de-junio-es-el-dia-mundial-del-medio-ambiente-que-plastico-vas-a-dejar-de-usar-a-partir-de-ese-dia\\\/\",\"name\":\"El 5 de junio es el D\u00eda Mundial del Medio Ambiente \u00bfQu\u00e9 pl\u00e1stico vas a dejar de usar a partir de ese d\u00eda?\",\"isPartOf\":{\"@id\":\"https:\\\/\\\/patagoniambiental.com.ar\\\/info\\\/#website\"},\"primaryImageOfPage\":{\"@id\":\"https:\\\/\\\/patagoniambiental.com.ar\\\/info\\\/el-5-de-junio-es-el-dia-mundial-del-medio-ambiente-que-plastico-vas-a-dejar-de-usar-a-partir-de-ese-dia\\\/#primaryimage\"},\"image\":{\"@id\":\"https:\\\/\\\/patagoniambiental.com.ar\\\/info\\\/el-5-de-junio-es-el-dia-mundial-del-medio-ambiente-que-plastico-vas-a-dejar-de-usar-a-partir-de-ese-dia\\\/#primaryimage\"},\"thumbnailUrl\":\"https:\\\/\\\/patagoniambiental.com.ar\\\/info\\\/wp-content\\\/uploads\\\/2018\\\/05\\\/PORTADA_BOLETIN_junio.jpg\",\"datePublished\":\"2018-06-02T22:00:41+00:00\",\"breadcrumb\":{\"@id\":\"https:\\\/\\\/patagoniambiental.com.ar\\\/info\\\/el-5-de-junio-es-el-dia-mundial-del-medio-ambiente-que-plastico-vas-a-dejar-de-usar-a-partir-de-ese-dia\\\/#breadcrumb\"},\"inLanguage\":\"es\",\"potentialAction\":[{\"@type\":\"ReadAction\",\"target\":[\"https:\\\/\\\/patagoniambiental.com.ar\\\/info\\\/el-5-de-junio-es-el-dia-mundial-del-medio-ambiente-que-plastico-vas-a-dejar-de-usar-a-partir-de-ese-dia\\\/\"]}]},{\"@type\":\"ImageObject\",\"inLanguage\":\"es\",\"@id\":\"https:\\\/\\\/patagoniambiental.com.ar\\\/info\\\/el-5-de-junio-es-el-dia-mundial-del-medio-ambiente-que-plastico-vas-a-dejar-de-usar-a-partir-de-ese-dia\\\/#primaryimage\",\"url\":\"https:\\\/\\\/patagoniambiental.com.ar\\\/info\\\/wp-content\\\/uploads\\\/2018\\\/05\\\/PORTADA_BOLETIN_junio.jpg\",\"contentUrl\":\"https:\\\/\\\/patagoniambiental.com.ar\\\/info\\\/wp-content\\\/uploads\\\/2018\\\/05\\\/PORTADA_BOLETIN_junio.jpg\",\"width\":534,\"height\":200},{\"@type\":\"BreadcrumbList\",\"@id\":\"https:\\\/\\\/patagoniambiental.com.ar\\\/info\\\/el-5-de-junio-es-el-dia-mundial-del-medio-ambiente-que-plastico-vas-a-dejar-de-usar-a-partir-de-ese-dia\\\/#breadcrumb\",\"itemListElement\":[{\"@type\":\"ListItem\",\"position\":1,\"name\":\"Inicio\",\"item\":\"https:\\\/\\\/patagoniambiental.com.ar\\\/info\\\/\"},{\"@type\":\"ListItem\",\"position\":2,\"name\":\"El 5 de junio es el D\u00eda Mundial del Medio Ambiente \u00bfQu\u00e9 pl\u00e1stico vas a dejar de usar a partir de ese d\u00eda?\"}]},{\"@type\":\"WebSite\",\"@id\":\"https:\\\/\\\/patagoniambiental.com.ar\\\/info\\\/#website\",\"url\":\"https:\\\/\\\/patagoniambiental.com.ar\\\/info\\\/\",\"name\":\"Patagonia Ambiental\",\"description\":\"Monitoreo y an\u00e1lisis de la situaci\u00f3n geopol\u00edtica en el mundo y su implicancia en la Patagonia\",\"publisher\":{\"@id\":\"https:\\\/\\\/patagoniambiental.com.ar\\\/info\\\/#organization\"},\"potentialAction\":[{\"@type\":\"SearchAction\",\"target\":{\"@type\":\"EntryPoint\",\"urlTemplate\":\"https:\\\/\\\/patagoniambiental.com.ar\\\/info\\\/?s={search_term_string}\"},\"query-input\":{\"@type\":\"PropertyValueSpecification\",\"valueRequired\":true,\"valueName\":\"search_term_string\"}}],\"inLanguage\":\"es\"},{\"@type\":\"Organization\",\"@id\":\"https:\\\/\\\/patagoniambiental.com.ar\\\/info\\\/#organization\",\"name\":\"Patagonia Ambiental\",\"url\":\"https:\\\/\\\/patagoniambiental.com.ar\\\/info\\\/\",\"logo\":{\"@type\":\"ImageObject\",\"inLanguage\":\"es\",\"@id\":\"https:\\\/\\\/patagoniambiental.com.ar\\\/info\\\/#\\\/schema\\\/logo\\\/image\\\/\",\"url\":\"https:\\\/\\\/patagoniambiental.com.ar\\\/info\\\/wp-content\\\/uploads\\\/2025\\\/05\\\/LOGO-PATAGONIA-AMBIENTAL.png\",\"contentUrl\":\"https:\\\/\\\/patagoniambiental.com.ar\\\/info\\\/wp-content\\\/uploads\\\/2025\\\/05\\\/LOGO-PATAGONIA-AMBIENTAL.png\",\"width\":433,\"height\":250,\"caption\":\"Patagonia Ambiental\"},\"image\":{\"@id\":\"https:\\\/\\\/patagoniambiental.com.ar\\\/info\\\/#\\\/schema\\\/logo\\\/image\\\/\"},\"sameAs\":[\"https:\\\/\\\/www.facebook.com\\\/patagonia.ambiental\",\"https:\\\/\\\/x.com\\\/PatAmb\"]},{\"@type\":\"Person\",\"@id\":\"https:\\\/\\\/patagoniambiental.com.ar\\\/info\\\/#\\\/schema\\\/person\\\/db12bff64bbcbf6a253710bf0ea37b5d\",\"name\":\"Patagonia Ambiental\",\"description\":\"Andr\u00e9s Nievas T\u00e9cnico en manejo ambiental, consultor Ambiental y escritor para medios locales e internacionales sobre temas de geopolitica y medio ambiente.\",\"sameAs\":[\"http:\\\/\\\/www.patagoniambiental.com.ar\",\"https:\\\/\\\/www.facebook.com\\\/share\\\/1C1V8Gv9BX\\\/?mibextid=qi2Omg\",\"@patagoniambiental\",\"https:\\\/\\\/youtube.com\\\/@patagoniaambiental2023?si=BLt58t0wuXquxlYZ\"]}]}<\/script>\n<!-- \/ Yoast SEO Premium plugin. -->","yoast_head_json":{"title":"El 5 de junio es el D\u00eda Mundial del Medio Ambiente \u00bfQu\u00e9 pl\u00e1stico vas a dejar de usar a partir de ese d\u00eda?","robots":{"index":"index","follow":"follow","max-snippet":"max-snippet:-1","max-image-preview":"max-image-preview:large","max-video-preview":"max-video-preview:-1"},"canonical":"https:\/\/patagoniambiental.com.ar\/info\/el-5-de-junio-es-el-dia-mundial-del-medio-ambiente-que-plastico-vas-a-dejar-de-usar-a-partir-de-ese-dia\/","og_locale":"es_ES","og_type":"article","og_title":"El 5 de junio es el D\u00eda Mundial del Medio Ambiente \u00bfQu\u00e9 pl\u00e1stico vas a dejar de usar a partir de ese d\u00eda?","og_description":"A veces, nos cuesta cambiar, pero seguro que despu\u00e9s de leer esto,\u00a0 responder\u00e1s que NO, la pr\u00f3xima vez que te [&hellip;]","og_url":"https:\/\/patagoniambiental.com.ar\/info\/el-5-de-junio-es-el-dia-mundial-del-medio-ambiente-que-plastico-vas-a-dejar-de-usar-a-partir-de-ese-dia\/","og_site_name":"Patagonia Ambiental","article_publisher":"https:\/\/www.facebook.com\/patagonia.ambiental","article_author":"https:\/\/www.facebook.com\/share\/1C1V8Gv9BX\/?mibextid=qi2Omg","article_published_time":"2018-06-02T22:00:41+00:00","og_image":[{"width":534,"height":200,"url":"https:\/\/patagoniambiental.com.ar\/info\/wp-content\/uploads\/2018\/05\/PORTADA_BOLETIN_junio.jpg","type":"image\/jpeg"}],"author":"Patagonia Ambiental","twitter_card":"summary_large_image","twitter_creator":"@PatAmb","twitter_site":"@PatAmb","schema":{"@context":"https:\/\/schema.org","@graph":[{"@type":"Article","@id":"https:\/\/patagoniambiental.com.ar\/info\/el-5-de-junio-es-el-dia-mundial-del-medio-ambiente-que-plastico-vas-a-dejar-de-usar-a-partir-de-ese-dia\/#article","isPartOf":{"@id":"https:\/\/patagoniambiental.com.ar\/info\/el-5-de-junio-es-el-dia-mundial-del-medio-ambiente-que-plastico-vas-a-dejar-de-usar-a-partir-de-ese-dia\/"},"author":{"name":"Patagonia Ambiental","@id":"https:\/\/patagoniambiental.com.ar\/info\/#\/schema\/person\/db12bff64bbcbf6a253710bf0ea37b5d"},"headline":"El 5 de junio es el D\u00eda Mundial del Medio Ambiente \u00bfQu\u00e9 pl\u00e1stico vas a dejar de usar a partir de ese d\u00eda?","datePublished":"2018-06-02T22:00:41+00:00","mainEntityOfPage":{"@id":"https:\/\/patagoniambiental.com.ar\/info\/el-5-de-junio-es-el-dia-mundial-del-medio-ambiente-que-plastico-vas-a-dejar-de-usar-a-partir-de-ese-dia\/"},"wordCount":253,"commentCount":0,"publisher":{"@id":"https:\/\/patagoniambiental.com.ar\/info\/#organization"},"image":{"@id":"https:\/\/patagoniambiental.com.ar\/info\/el-5-de-junio-es-el-dia-mundial-del-medio-ambiente-que-plastico-vas-a-dejar-de-usar-a-partir-de-ese-dia\/#primaryimage"},"thumbnailUrl":"https:\/\/patagoniambiental.com.ar\/info\/wp-content\/uploads\/2018\/05\/PORTADA_BOLETIN_junio.jpg","articleSection":["Agenda Ambiental","Internacionales","Noticias"],"inLanguage":"es","potentialAction":[{"@type":"CommentAction","name":"Comment","target":["https:\/\/patagoniambiental.com.ar\/info\/el-5-de-junio-es-el-dia-mundial-del-medio-ambiente-que-plastico-vas-a-dejar-de-usar-a-partir-de-ese-dia\/#respond"]}]},{"@type":"WebPage","@id":"https:\/\/patagoniambiental.com.ar\/info\/el-5-de-junio-es-el-dia-mundial-del-medio-ambiente-que-plastico-vas-a-dejar-de-usar-a-partir-de-ese-dia\/","url":"https:\/\/patagoniambiental.com.ar\/info\/el-5-de-junio-es-el-dia-mundial-del-medio-ambiente-que-plastico-vas-a-dejar-de-usar-a-partir-de-ese-dia\/","name":"El 5 de junio es el D\u00eda Mundial del Medio Ambiente \u00bfQu\u00e9 pl\u00e1stico vas a dejar de usar a partir de ese d\u00eda?","isPartOf":{"@id":"https:\/\/patagoniambiental.com.ar\/info\/#website"},"primaryImageOfPage":{"@id":"https:\/\/patagoniambiental.com.ar\/info\/el-5-de-junio-es-el-dia-mundial-del-medio-ambiente-que-plastico-vas-a-dejar-de-usar-a-partir-de-ese-dia\/#primaryimage"},"image":{"@id":"https:\/\/patagoniambiental.com.ar\/info\/el-5-de-junio-es-el-dia-mundial-del-medio-ambiente-que-plastico-vas-a-dejar-de-usar-a-partir-de-ese-dia\/#primaryimage"},"thumbnailUrl":"https:\/\/patagoniambiental.com.ar\/info\/wp-content\/uploads\/2018\/05\/PORTADA_BOLETIN_junio.jpg","datePublished":"2018-06-02T22:00:41+00:00","breadcrumb":{"@id":"https:\/\/patagoniambiental.com.ar\/info\/el-5-de-junio-es-el-dia-mundial-del-medio-ambiente-que-plastico-vas-a-dejar-de-usar-a-partir-de-ese-dia\/#breadcrumb"},"inLanguage":"es","potentialAction":[{"@type":"ReadAction","target":["https:\/\/patagoniambiental.com.ar\/info\/el-5-de-junio-es-el-dia-mundial-del-medio-ambiente-que-plastico-vas-a-dejar-de-usar-a-partir-de-ese-dia\/"]}]},{"@type":"ImageObject","inLanguage":"es","@id":"https:\/\/patagoniambiental.com.ar\/info\/el-5-de-junio-es-el-dia-mundial-del-medio-ambiente-que-plastico-vas-a-dejar-de-usar-a-partir-de-ese-dia\/#primaryimage","url":"https:\/\/patagoniambiental.com.ar\/info\/wp-content\/uploads\/2018\/05\/PORTADA_BOLETIN_junio.jpg","contentUrl":"https:\/\/patagoniambiental.com.ar\/info\/wp-content\/uploads\/2018\/05\/PORTADA_BOLETIN_junio.jpg","width":534,"height":200},{"@type":"BreadcrumbList","@id":"https:\/\/patagoniambiental.com.ar\/info\/el-5-de-junio-es-el-dia-mundial-del-medio-ambiente-que-plastico-vas-a-dejar-de-usar-a-partir-de-ese-dia\/#breadcrumb","itemListElement":[{"@type":"ListItem","position":1,"name":"Inicio","item":"https:\/\/patagoniambiental.com.ar\/info\/"},{"@type":"ListItem","position":2,"name":"El 5 de junio es el D\u00eda Mundial del Medio Ambiente \u00bfQu\u00e9 pl\u00e1stico vas a dejar de usar a partir de ese d\u00eda?"}]},{"@type":"WebSite","@id":"https:\/\/patagoniambiental.com.ar\/info\/#website","url":"https:\/\/patagoniambiental.com.ar\/info\/","name":"Patagonia Ambiental","description":"Monitoreo y an\u00e1lisis de la situaci\u00f3n geopol\u00edtica en el mundo y su implicancia en la Patagonia","publisher":{"@id":"https:\/\/patagoniambiental.com.ar\/info\/#organization"},"potentialAction":[{"@type":"SearchAction","target":{"@type":"EntryPoint","urlTemplate":"https:\/\/patagoniambiental.com.ar\/info\/?s={search_term_string}"},"query-input":{"@type":"PropertyValueSpecification","valueRequired":true,"valueName":"search_term_string"}}],"inLanguage":"es"},{"@type":"Organization","@id":"https:\/\/patagoniambiental.com.ar\/info\/#organization","name":"Patagonia Ambiental","url":"https:\/\/patagoniambiental.com.ar\/info\/","logo":{"@type":"ImageObject","inLanguage":"es","@id":"https:\/\/patagoniambiental.com.ar\/info\/#\/schema\/logo\/image\/","url":"https:\/\/patagoniambiental.com.ar\/info\/wp-content\/uploads\/2025\/05\/LOGO-PATAGONIA-AMBIENTAL.png","contentUrl":"https:\/\/patagoniambiental.com.ar\/info\/wp-content\/uploads\/2025\/05\/LOGO-PATAGONIA-AMBIENTAL.png","width":433,"height":250,"caption":"Patagonia Ambiental"},"image":{"@id":"https:\/\/patagoniambiental.com.ar\/info\/#\/schema\/logo\/image\/"},"sameAs":["https:\/\/www.facebook.com\/patagonia.ambiental","https:\/\/x.com\/PatAmb"]},{"@type":"Person","@id":"https:\/\/patagoniambiental.com.ar\/info\/#\/schema\/person\/db12bff64bbcbf6a253710bf0ea37b5d","name":"Patagonia Ambiental","description":"Andr\u00e9s Nievas T\u00e9cnico en manejo ambiental, consultor Ambiental y escritor para medios locales e internacionales sobre temas de geopolitica y medio ambiente.","sameAs":["http:\/\/www.patagoniambiental.com.ar","https:\/\/www.facebook.com\/share\/1C1V8Gv9BX\/?mibextid=qi2Omg","@patagoniambiental","https:\/\/youtube.com\/@patagoniaambiental2023?si=BLt58t0wuXquxlYZ"]}]}},"_links":{"self":[{"href":"https:\/\/patagoniambiental.com.ar\/info\/wp-json\/wp\/v2\/posts\/47466","targetHints":{"allow":["GET"]}}],"collection":[{"href":"https:\/\/patagoniambiental.com.ar\/info\/wp-json\/wp\/v2\/posts"}],"about":[{"href":"https:\/\/patagoniambiental.com.ar\/info\/wp-json\/wp\/v2\/types\/post"}],"author":[{"embeddable":true,"href":"https:\/\/patagoniambiental.com.ar\/info\/wp-json\/wp\/v2\/users\/2"}],"replies":[{"embeddable":true,"href":"https:\/\/patagoniambiental.com.ar\/info\/wp-json\/wp\/v2\/comments?post=47466"}],"version-history":[{"count":0,"href":"https:\/\/patagoniambiental.com.ar\/info\/wp-json\/wp\/v2\/posts\/47466\/revisions"}],"wp:featuredmedia":[{"embeddable":true,"href":"https:\/\/patagoniambiental.com.ar\/info\/wp-json\/wp\/v2\/media\/47467"}],"wp:attachment":[{"href":"https:\/\/patagoniambiental.com.ar\/info\/wp-json\/wp\/v2\/media?parent=47466"}],"wp:term":[{"taxonomy":"category","embeddable":true,"href":"https:\/\/patagoniambiental.com.ar\/info\/wp-json\/wp\/v2\/categories?post=47466"},{"taxonomy":"post_tag","embeddable":true,"href":"https:\/\/patagoniambiental.com.ar\/info\/wp-json\/wp\/v2\/tags?post=47466"}],"curies":[{"name":"wp","href":"https:\/\/api.w.org\/{rel}","templated":true}]}}