{"id":47673,"date":"2018-06-05T19:00:46","date_gmt":"2018-06-05T22:00:46","guid":{"rendered":"http:\/\/patagoniambiental.com.ar\/info\/?p=47673"},"modified":"2018-06-04T16:42:44","modified_gmt":"2018-06-04T19:42:44","slug":"animadores-laudato-si-una-esperanza-grande-contra-el-cambio-climatico","status":"publish","type":"post","link":"https:\/\/patagoniambiental.com.ar\/info\/animadores-laudato-si-una-esperanza-grande-contra-el-cambio-climatico\/","title":{"rendered":"Animadores \u2018Laudato Si\u2019: Una esperanza grande contra el cambio clim\u00e1tico"},"content":{"rendered":"<p>El MCMC, inspirado en la enc\u00edclica papal, pide a los cat\u00f3licos orar por y con la creaci\u00f3n<\/p>\n<p><!--more--><\/p>\n<div class=\"post-info\" data-color=\"#00409f\"><a class=\"author-avatar-link\" href=\"https:\/\/es.aleteia.org\/author\/jaime-septien\/\"><img decoding=\"async\" src=\"https:\/\/i0.wp.com\/res.cloudinary.com\/aleteia\/image\/fetch\/c_fill,g_face,w_50,h_50,r_max,f_png\/https:\/\/aleteiaspanish.files.wordpress.com\/2015\/08\/bcbncgwzb3swpj4lixvhpglnxtzth3qewjn0nga99b_-wxn3yujsqz916ci-vi8gnjm3ijig9epnvd5ecyky3b2i7r6b.png?quality=100&amp;strip=all&amp;ssl=1#038;strip=all&amp;ssl=1\" data-lazy-loaded=\"true\" \/>\u00a0<\/a><span class=\"text-container\"><a class=\"author-link\" href=\"https:\/\/es.aleteia.org\/author\/jaime-septien\/\">Jaime Septi\u00e9n<\/a><\/span><\/div>\n<div class=\"post-thumb-cont\"><img fetchpriority=\"high\" decoding=\"async\" class=\"post-thumb alignleft\" src=\"https:\/\/i1.wp.com\/res.cloudinary.com\/aleteia\/image\/fetch\/c_fill,g_auto,w_620,h_310\/https:\/\/aleteiaspanish.files.wordpress.com\/2018\/06\/web3-youth-taiwan-animators-green-ecology-laudato-si-catholicclimatemovement-global.jpg%3Fw%3D1200?quality=100&amp;strip=all&amp;ssl=1\" alt=\"ANIMATORS\" width=\"620\" height=\"310\" data-lazy-loaded=\"true\" \/><\/div>\n<div id=\"sharebar-bottom-image\" class=\"oas\">\n<div class=\"shareBarPreText\"><\/div>\n<div class=\"oas_box oas_box_btns_lfnm\" data-force-refresh=\"true\" data-url=\"https:\/\/es.aleteia.org\/2018\/06\/04\/animadores-laudato-si-una-esperanza-grande-contra-el-cambio-climatico\/\" data-title=\"Animadores \u2018Laudato Si\u2019: Una esperanza grande contra el cambio clim\u00e1tico\">\u201c\u00bfQu\u00e9 tipo de mundo queremos dejar a quienes nos sucedan? Lo que est\u00e1 en juego es nuestra propia dignidad. Somos nosotros los primeros interesados en dejar un planeta habitable para la humanidad que nos suceder\u00e1\u201d, dec\u00eda el Papa Francisco en su Enc\u00edclica ecologista Laudato Si\u2019.<\/div>\n<\/div>\n<div class=\"post-text\">\n<div data-io-article-url=\"https:\/\/es.aleteia.org\/2018\/06\/04\/animadores-laudato-si-una-esperanza-grande-contra-el-cambio-climatico\/\">\n<p>Atendiendo a este llamado de preservar nuestra dignidad y la de quienes vengan en las pr\u00f3ximas generaciones a habitar este planeta (hoy en peligro por el cambio clim\u00e1tico que estamos sufriendo por acciones eminentemente humanas),\u00a0<strong>el Movimiento Cat\u00f3lico Mundial por el Clima (MCMC)<\/strong>\u00a0ha lanzado el\u00a0<strong>Programa de Animadores \u2018Laudato Si\u2019,<\/strong>\u00a0cuyas inscripciones estar\u00e1n abiertas hasta el pr\u00f3ximo 11 de junio.<\/p>\n<p>El Programa busca entrenar y motivar a voluntarios locales (en cualquier sitio del planeta) en la ense\u00f1anza de la Iglesia cat\u00f3lica sobre el cambio clim\u00e1tico y la lleven a cabo en acciones concretas dentro de sus comunidades.<\/p>\n<p>Se trata de avanzar, junto con el Papa Francisco, hacia un<strong>\u00a0\u201ccambio en los estilos de vida\u201d<\/strong>\u00a0personales y grupales, para \u201cejercer una sana presi\u00f3n sobre los que tienen poder pol\u00edtico, econ\u00f3mico y social\u201d.<\/p>\n<p>El comunicado mediante el cual MCMC da a conocer el Programa, indica que alrededor del mundo, los cat\u00f3licos est\u00e1n impulsando la acci\u00f3n para proteger la creaci\u00f3n, y los Animadores Laudato Si\u2019 son quienes concretan esta acci\u00f3n. Estos Animadores responden al deseo del Papa que \u201cse necesitan los talentos y la implicaci\u00f3n de todos\u201d para proteger la creaci\u00f3n.<\/p>\n<p>El entrenamiento es completo, desde el punto cient\u00edfico del cambio clim\u00e1tico hasta la Doctrina Social de la Iglesia sobre el cuidado de la creaci\u00f3n.\u00a0 Los cursos en l\u00ednea ofrecen la formaci\u00f3n necesaria para ayudar a la comunidad.<\/p>\n<div class=\"nativo-inread\"><\/div>\n<p>El MCMC proveer\u00e1 las herramientas necesarias para que los nuevos animadores puedan implementar la \u2018Laudato Si\u2019 tanto en su vida personal como en la comunidad, en la escuela, organizaci\u00f3n o en las parroquias en las que participan y verlo reflejado en la propia sociedad.<\/p>\n<p>Por lo que respecta al modo de llevarlo a cabo, los organizadores subrayan que el Programa de Animadores \u2018Laudato Si\u2019 se desarrolla en tres webinars y con la presentaci\u00f3n de un proyecto final. El programa de entrenamiento termina con un proyecto que cada Animador debe presentar durante el Tiempo de la Creaci\u00f3n, del 1 de septiembre al 4 de octubre de 2018.<\/p>\n<p>Los animadores son un grupo variado de personas, como estudiantes, adultos mayores, sacerdotes, laicos, expertos, aficionados y hombres y mujeres que quieran, de verdad, a la creaci\u00f3n, que est\u00e9n convencidos del magisterio del Papa sobre estos asuntos cruciales y que tengan a la Iglesia cat\u00f3lica como una gu\u00eda y\u00a0<strong>\u201cexperta en humanidad\u201d.<\/strong><\/p>\n<p>El MCMC, inspirado en la enc\u00edclica papal pide a los cat\u00f3licos orar por y con la creaci\u00f3n, vivir de manera m\u00e1s austera y sencilla, as\u00ed como defender y tomar acciones espec\u00edficas para conservar los recursos naturales de nuestra casa com\u00fan.<\/p>\n<p>Los interesados en participar en el Programa de Animadores \u2018Laudato Si\u2019 pueden registrarse\u00a0<a href=\"https:\/\/catholicclimatemovement.global\/es\/animators-es\/\" target=\"_blank\" rel=\"noopener\">aqu\u00ed\u00a0<\/a><\/p>\n<p>Fuente: https:\/\/es.aleteia.org\/2018\/06\/04\/animadores-laudato-si-una-esperanza-grande-contra-el-cambio-climatico\/<\/p>\n<\/div>\n<\/div>\n","protected":false},"excerpt":{"rendered":"<p>El MCMC, inspirado en la enc\u00edclica papal, pide a los cat\u00f3licos orar por y con la creaci\u00f3n<\/p>\n","protected":false},"author":2,"featured_media":47674,"comment_status":"open","ping_status":"open","sticky":false,"template":"","format":"standard","meta":{"site-sidebar-layout":"default","site-content-layout":"","ast-site-content-layout":"default","site-content-style":"default","site-sidebar-style":"default","ast-global-header-display":"","ast-banner-title-visibility":"","ast-main-header-display":"","ast-hfb-above-header-display":"","ast-hfb-below-header-display":"","ast-hfb-mobile-header-display":"","site-post-title":"","ast-breadcrumbs-content":"","ast-featured-img":"","footer-sml-layout":"","ast-disable-related-posts":"","theme-transparent-header-meta":"","adv-header-id-meta":"","stick-header-meta":"","header-above-stick-meta":"","header-main-stick-meta":"","header-below-stick-meta":"","astra-migrate-meta-layouts":"default","ast-page-background-enabled":"default","ast-page-background-meta":{"desktop":{"background-color":"var(--ast-global-color-5)","background-image":"","background-repeat":"repeat","background-position":"center center","background-size":"auto","background-attachment":"scroll","background-type":"","background-media":"","overlay-type":"","overlay-color":"","overlay-opacity":"","overlay-gradient":""},"tablet":{"background-color":"","background-image":"","background-repeat":"repeat","background-position":"center center","background-size":"auto","background-attachment":"scroll","background-type":"","background-media":"","overlay-type":"","overlay-color":"","overlay-opacity":"","overlay-gradient":""},"mobile":{"background-color":"","background-image":"","background-repeat":"repeat","background-position":"center center","background-size":"auto","background-attachment":"scroll","background-type":"","background-media":"","overlay-type":"","overlay-color":"","overlay-opacity":"","overlay-gradient":""}},"ast-content-background-meta":{"desktop":{"background-color":"var(--ast-global-color-4)","background-image":"","background-repeat":"repeat","background-position":"center center","background-size":"auto","background-attachment":"scroll","background-type":"","background-media":"","overlay-type":"","overlay-color":"","overlay-opacity":"","overlay-gradient":""},"tablet":{"background-color":"var(--ast-global-color-4)","background-image":"","background-repeat":"repeat","background-position":"center center","background-size":"auto","background-attachment":"scroll","background-type":"","background-media":"","overlay-type":"","overlay-color":"","overlay-opacity":"","overlay-gradient":""},"mobile":{"background-color":"var(--ast-global-color-4)","background-image":"","background-repeat":"repeat","background-position":"center center","background-size":"auto","background-attachment":"scroll","background-type":"","background-media":"","overlay-type":"","overlay-color":"","overlay-opacity":"","overlay-gradient":""}},"footnotes":""},"categories":[15,23,1],"tags":[],"class_list":["post-47673","post","type-post","status-publish","format-standard","has-post-thumbnail","hentry","category-editorial","category-internacionales","category-noticias"],"yoast_head":"<!-- This site is optimized with the Yoast SEO Premium plugin v23.0 (Yoast SEO v27.4) - https:\/\/yoast.com\/product\/yoast-seo-premium-wordpress\/ -->\n<title>Animadores \u2018Laudato Si\u2019: Una esperanza grande contra el cambio clim\u00e1tico<\/title>\n<meta name=\"robots\" content=\"index, follow, max-snippet:-1, max-image-preview:large, max-video-preview:-1\" \/>\n<link rel=\"canonical\" href=\"https:\/\/patagoniambiental.com.ar\/info\/animadores-laudato-si-una-esperanza-grande-contra-el-cambio-climatico\/\" \/>\n<meta property=\"og:locale\" content=\"es_ES\" \/>\n<meta property=\"og:type\" content=\"article\" \/>\n<meta property=\"og:title\" content=\"Animadores \u2018Laudato Si\u2019: Una esperanza grande contra el cambio clim\u00e1tico\" \/>\n<meta property=\"og:description\" content=\"El MCMC, inspirado en la enc\u00edclica papal, pide a los cat\u00f3licos orar por y con la creaci\u00f3n\" \/>\n<meta property=\"og:url\" content=\"https:\/\/patagoniambiental.com.ar\/info\/animadores-laudato-si-una-esperanza-grande-contra-el-cambio-climatico\/\" \/>\n<meta property=\"og:site_name\" content=\"Patagonia Ambiental\" \/>\n<meta property=\"article:publisher\" content=\"https:\/\/www.facebook.com\/patagonia.ambiental\" \/>\n<meta property=\"article:author\" content=\"https:\/\/www.facebook.com\/share\/1C1V8Gv9BX\/?mibextid=qi2Omg\" \/>\n<meta property=\"article:published_time\" content=\"2018-06-05T22:00:46+00:00\" \/>\n<meta property=\"og:image\" content=\"https:\/\/patagoniambiental.com.ar\/info\/wp-content\/uploads\/2018\/06\/web3-youth-taiwan-animators-green-ecology-laudato-si-catholicclimatemovement-global-1.jpg\" \/>\n\t<meta property=\"og:image:width\" content=\"620\" \/>\n\t<meta property=\"og:image:height\" content=\"310\" \/>\n\t<meta property=\"og:image:type\" content=\"image\/jpeg\" \/>\n<meta name=\"author\" content=\"Patagonia Ambiental\" \/>\n<meta name=\"twitter:card\" content=\"summary_large_image\" \/>\n<meta name=\"twitter:creator\" content=\"@PatAmb\" \/>\n<meta name=\"twitter:site\" content=\"@PatAmb\" \/>\n<script type=\"application\/ld+json\" class=\"yoast-schema-graph\">{\"@context\":\"https:\\\/\\\/schema.org\",\"@graph\":[{\"@type\":\"Article\",\"@id\":\"https:\\\/\\\/patagoniambiental.com.ar\\\/info\\\/animadores-laudato-si-una-esperanza-grande-contra-el-cambio-climatico\\\/#article\",\"isPartOf\":{\"@id\":\"https:\\\/\\\/patagoniambiental.com.ar\\\/info\\\/animadores-laudato-si-una-esperanza-grande-contra-el-cambio-climatico\\\/\"},\"author\":{\"name\":\"Patagonia Ambiental\",\"@id\":\"https:\\\/\\\/patagoniambiental.com.ar\\\/info\\\/#\\\/schema\\\/person\\\/db12bff64bbcbf6a253710bf0ea37b5d\"},\"headline\":\"Animadores \u2018Laudato Si\u2019: Una esperanza grande contra el cambio clim\u00e1tico\",\"datePublished\":\"2018-06-05T22:00:46+00:00\",\"mainEntityOfPage\":{\"@id\":\"https:\\\/\\\/patagoniambiental.com.ar\\\/info\\\/animadores-laudato-si-una-esperanza-grande-contra-el-cambio-climatico\\\/\"},\"wordCount\":557,\"commentCount\":0,\"publisher\":{\"@id\":\"https:\\\/\\\/patagoniambiental.com.ar\\\/info\\\/#organization\"},\"image\":{\"@id\":\"https:\\\/\\\/patagoniambiental.com.ar\\\/info\\\/animadores-laudato-si-una-esperanza-grande-contra-el-cambio-climatico\\\/#primaryimage\"},\"thumbnailUrl\":\"https:\\\/\\\/patagoniambiental.com.ar\\\/info\\\/wp-content\\\/uploads\\\/2018\\\/06\\\/web3-youth-taiwan-animators-green-ecology-laudato-si-catholicclimatemovement-global-1.jpg\",\"articleSection\":[\"Editorial\",\"Internacionales\",\"Noticias\"],\"inLanguage\":\"es\",\"potentialAction\":[{\"@type\":\"CommentAction\",\"name\":\"Comment\",\"target\":[\"https:\\\/\\\/patagoniambiental.com.ar\\\/info\\\/animadores-laudato-si-una-esperanza-grande-contra-el-cambio-climatico\\\/#respond\"]}]},{\"@type\":\"WebPage\",\"@id\":\"https:\\\/\\\/patagoniambiental.com.ar\\\/info\\\/animadores-laudato-si-una-esperanza-grande-contra-el-cambio-climatico\\\/\",\"url\":\"https:\\\/\\\/patagoniambiental.com.ar\\\/info\\\/animadores-laudato-si-una-esperanza-grande-contra-el-cambio-climatico\\\/\",\"name\":\"Animadores \u2018Laudato Si\u2019: Una esperanza grande contra el cambio clim\u00e1tico\",\"isPartOf\":{\"@id\":\"https:\\\/\\\/patagoniambiental.com.ar\\\/info\\\/#website\"},\"primaryImageOfPage\":{\"@id\":\"https:\\\/\\\/patagoniambiental.com.ar\\\/info\\\/animadores-laudato-si-una-esperanza-grande-contra-el-cambio-climatico\\\/#primaryimage\"},\"image\":{\"@id\":\"https:\\\/\\\/patagoniambiental.com.ar\\\/info\\\/animadores-laudato-si-una-esperanza-grande-contra-el-cambio-climatico\\\/#primaryimage\"},\"thumbnailUrl\":\"https:\\\/\\\/patagoniambiental.com.ar\\\/info\\\/wp-content\\\/uploads\\\/2018\\\/06\\\/web3-youth-taiwan-animators-green-ecology-laudato-si-catholicclimatemovement-global-1.jpg\",\"datePublished\":\"2018-06-05T22:00:46+00:00\",\"breadcrumb\":{\"@id\":\"https:\\\/\\\/patagoniambiental.com.ar\\\/info\\\/animadores-laudato-si-una-esperanza-grande-contra-el-cambio-climatico\\\/#breadcrumb\"},\"inLanguage\":\"es\",\"potentialAction\":[{\"@type\":\"ReadAction\",\"target\":[\"https:\\\/\\\/patagoniambiental.com.ar\\\/info\\\/animadores-laudato-si-una-esperanza-grande-contra-el-cambio-climatico\\\/\"]}]},{\"@type\":\"ImageObject\",\"inLanguage\":\"es\",\"@id\":\"https:\\\/\\\/patagoniambiental.com.ar\\\/info\\\/animadores-laudato-si-una-esperanza-grande-contra-el-cambio-climatico\\\/#primaryimage\",\"url\":\"https:\\\/\\\/patagoniambiental.com.ar\\\/info\\\/wp-content\\\/uploads\\\/2018\\\/06\\\/web3-youth-taiwan-animators-green-ecology-laudato-si-catholicclimatemovement-global-1.jpg\",\"contentUrl\":\"https:\\\/\\\/patagoniambiental.com.ar\\\/info\\\/wp-content\\\/uploads\\\/2018\\\/06\\\/web3-youth-taiwan-animators-green-ecology-laudato-si-catholicclimatemovement-global-1.jpg\",\"width\":620,\"height\":310},{\"@type\":\"BreadcrumbList\",\"@id\":\"https:\\\/\\\/patagoniambiental.com.ar\\\/info\\\/animadores-laudato-si-una-esperanza-grande-contra-el-cambio-climatico\\\/#breadcrumb\",\"itemListElement\":[{\"@type\":\"ListItem\",\"position\":1,\"name\":\"Inicio\",\"item\":\"https:\\\/\\\/patagoniambiental.com.ar\\\/info\\\/\"},{\"@type\":\"ListItem\",\"position\":2,\"name\":\"Animadores \u2018Laudato Si\u2019: Una esperanza grande contra el cambio clim\u00e1tico\"}]},{\"@type\":\"WebSite\",\"@id\":\"https:\\\/\\\/patagoniambiental.com.ar\\\/info\\\/#website\",\"url\":\"https:\\\/\\\/patagoniambiental.com.ar\\\/info\\\/\",\"name\":\"Patagonia Ambiental\",\"description\":\"Monitoreo y an\u00e1lisis de la situaci\u00f3n geopol\u00edtica en el mundo y su implicancia en la Patagonia\",\"publisher\":{\"@id\":\"https:\\\/\\\/patagoniambiental.com.ar\\\/info\\\/#organization\"},\"potentialAction\":[{\"@type\":\"SearchAction\",\"target\":{\"@type\":\"EntryPoint\",\"urlTemplate\":\"https:\\\/\\\/patagoniambiental.com.ar\\\/info\\\/?s={search_term_string}\"},\"query-input\":{\"@type\":\"PropertyValueSpecification\",\"valueRequired\":true,\"valueName\":\"search_term_string\"}}],\"inLanguage\":\"es\"},{\"@type\":\"Organization\",\"@id\":\"https:\\\/\\\/patagoniambiental.com.ar\\\/info\\\/#organization\",\"name\":\"Patagonia Ambiental\",\"url\":\"https:\\\/\\\/patagoniambiental.com.ar\\\/info\\\/\",\"logo\":{\"@type\":\"ImageObject\",\"inLanguage\":\"es\",\"@id\":\"https:\\\/\\\/patagoniambiental.com.ar\\\/info\\\/#\\\/schema\\\/logo\\\/image\\\/\",\"url\":\"https:\\\/\\\/patagoniambiental.com.ar\\\/info\\\/wp-content\\\/uploads\\\/2025\\\/05\\\/LOGO-PATAGONIA-AMBIENTAL.png\",\"contentUrl\":\"https:\\\/\\\/patagoniambiental.com.ar\\\/info\\\/wp-content\\\/uploads\\\/2025\\\/05\\\/LOGO-PATAGONIA-AMBIENTAL.png\",\"width\":433,\"height\":250,\"caption\":\"Patagonia Ambiental\"},\"image\":{\"@id\":\"https:\\\/\\\/patagoniambiental.com.ar\\\/info\\\/#\\\/schema\\\/logo\\\/image\\\/\"},\"sameAs\":[\"https:\\\/\\\/www.facebook.com\\\/patagonia.ambiental\",\"https:\\\/\\\/x.com\\\/PatAmb\"]},{\"@type\":\"Person\",\"@id\":\"https:\\\/\\\/patagoniambiental.com.ar\\\/info\\\/#\\\/schema\\\/person\\\/db12bff64bbcbf6a253710bf0ea37b5d\",\"name\":\"Patagonia Ambiental\",\"description\":\"Andr\u00e9s Nievas T\u00e9cnico en manejo ambiental, consultor Ambiental y escritor para medios locales e internacionales sobre temas de geopolitica y medio ambiente.\",\"sameAs\":[\"http:\\\/\\\/www.patagoniambiental.com.ar\",\"https:\\\/\\\/www.facebook.com\\\/share\\\/1C1V8Gv9BX\\\/?mibextid=qi2Omg\",\"@patagoniambiental\",\"https:\\\/\\\/youtube.com\\\/@patagoniaambiental2023?si=BLt58t0wuXquxlYZ\"]}]}<\/script>\n<!-- \/ Yoast SEO Premium plugin. -->","yoast_head_json":{"title":"Animadores \u2018Laudato Si\u2019: Una esperanza grande contra el cambio clim\u00e1tico","robots":{"index":"index","follow":"follow","max-snippet":"max-snippet:-1","max-image-preview":"max-image-preview:large","max-video-preview":"max-video-preview:-1"},"canonical":"https:\/\/patagoniambiental.com.ar\/info\/animadores-laudato-si-una-esperanza-grande-contra-el-cambio-climatico\/","og_locale":"es_ES","og_type":"article","og_title":"Animadores \u2018Laudato Si\u2019: Una esperanza grande contra el cambio clim\u00e1tico","og_description":"El MCMC, inspirado en la enc\u00edclica papal, pide a los cat\u00f3licos orar por y con la creaci\u00f3n","og_url":"https:\/\/patagoniambiental.com.ar\/info\/animadores-laudato-si-una-esperanza-grande-contra-el-cambio-climatico\/","og_site_name":"Patagonia Ambiental","article_publisher":"https:\/\/www.facebook.com\/patagonia.ambiental","article_author":"https:\/\/www.facebook.com\/share\/1C1V8Gv9BX\/?mibextid=qi2Omg","article_published_time":"2018-06-05T22:00:46+00:00","og_image":[{"width":620,"height":310,"url":"https:\/\/patagoniambiental.com.ar\/info\/wp-content\/uploads\/2018\/06\/web3-youth-taiwan-animators-green-ecology-laudato-si-catholicclimatemovement-global-1.jpg","type":"image\/jpeg"}],"author":"Patagonia Ambiental","twitter_card":"summary_large_image","twitter_creator":"@PatAmb","twitter_site":"@PatAmb","schema":{"@context":"https:\/\/schema.org","@graph":[{"@type":"Article","@id":"https:\/\/patagoniambiental.com.ar\/info\/animadores-laudato-si-una-esperanza-grande-contra-el-cambio-climatico\/#article","isPartOf":{"@id":"https:\/\/patagoniambiental.com.ar\/info\/animadores-laudato-si-una-esperanza-grande-contra-el-cambio-climatico\/"},"author":{"name":"Patagonia Ambiental","@id":"https:\/\/patagoniambiental.com.ar\/info\/#\/schema\/person\/db12bff64bbcbf6a253710bf0ea37b5d"},"headline":"Animadores \u2018Laudato Si\u2019: Una esperanza grande contra el cambio clim\u00e1tico","datePublished":"2018-06-05T22:00:46+00:00","mainEntityOfPage":{"@id":"https:\/\/patagoniambiental.com.ar\/info\/animadores-laudato-si-una-esperanza-grande-contra-el-cambio-climatico\/"},"wordCount":557,"commentCount":0,"publisher":{"@id":"https:\/\/patagoniambiental.com.ar\/info\/#organization"},"image":{"@id":"https:\/\/patagoniambiental.com.ar\/info\/animadores-laudato-si-una-esperanza-grande-contra-el-cambio-climatico\/#primaryimage"},"thumbnailUrl":"https:\/\/patagoniambiental.com.ar\/info\/wp-content\/uploads\/2018\/06\/web3-youth-taiwan-animators-green-ecology-laudato-si-catholicclimatemovement-global-1.jpg","articleSection":["Editorial","Internacionales","Noticias"],"inLanguage":"es","potentialAction":[{"@type":"CommentAction","name":"Comment","target":["https:\/\/patagoniambiental.com.ar\/info\/animadores-laudato-si-una-esperanza-grande-contra-el-cambio-climatico\/#respond"]}]},{"@type":"WebPage","@id":"https:\/\/patagoniambiental.com.ar\/info\/animadores-laudato-si-una-esperanza-grande-contra-el-cambio-climatico\/","url":"https:\/\/patagoniambiental.com.ar\/info\/animadores-laudato-si-una-esperanza-grande-contra-el-cambio-climatico\/","name":"Animadores \u2018Laudato Si\u2019: Una esperanza grande contra el cambio clim\u00e1tico","isPartOf":{"@id":"https:\/\/patagoniambiental.com.ar\/info\/#website"},"primaryImageOfPage":{"@id":"https:\/\/patagoniambiental.com.ar\/info\/animadores-laudato-si-una-esperanza-grande-contra-el-cambio-climatico\/#primaryimage"},"image":{"@id":"https:\/\/patagoniambiental.com.ar\/info\/animadores-laudato-si-una-esperanza-grande-contra-el-cambio-climatico\/#primaryimage"},"thumbnailUrl":"https:\/\/patagoniambiental.com.ar\/info\/wp-content\/uploads\/2018\/06\/web3-youth-taiwan-animators-green-ecology-laudato-si-catholicclimatemovement-global-1.jpg","datePublished":"2018-06-05T22:00:46+00:00","breadcrumb":{"@id":"https:\/\/patagoniambiental.com.ar\/info\/animadores-laudato-si-una-esperanza-grande-contra-el-cambio-climatico\/#breadcrumb"},"inLanguage":"es","potentialAction":[{"@type":"ReadAction","target":["https:\/\/patagoniambiental.com.ar\/info\/animadores-laudato-si-una-esperanza-grande-contra-el-cambio-climatico\/"]}]},{"@type":"ImageObject","inLanguage":"es","@id":"https:\/\/patagoniambiental.com.ar\/info\/animadores-laudato-si-una-esperanza-grande-contra-el-cambio-climatico\/#primaryimage","url":"https:\/\/patagoniambiental.com.ar\/info\/wp-content\/uploads\/2018\/06\/web3-youth-taiwan-animators-green-ecology-laudato-si-catholicclimatemovement-global-1.jpg","contentUrl":"https:\/\/patagoniambiental.com.ar\/info\/wp-content\/uploads\/2018\/06\/web3-youth-taiwan-animators-green-ecology-laudato-si-catholicclimatemovement-global-1.jpg","width":620,"height":310},{"@type":"BreadcrumbList","@id":"https:\/\/patagoniambiental.com.ar\/info\/animadores-laudato-si-una-esperanza-grande-contra-el-cambio-climatico\/#breadcrumb","itemListElement":[{"@type":"ListItem","position":1,"name":"Inicio","item":"https:\/\/patagoniambiental.com.ar\/info\/"},{"@type":"ListItem","position":2,"name":"Animadores \u2018Laudato Si\u2019: Una esperanza grande contra el cambio clim\u00e1tico"}]},{"@type":"WebSite","@id":"https:\/\/patagoniambiental.com.ar\/info\/#website","url":"https:\/\/patagoniambiental.com.ar\/info\/","name":"Patagonia Ambiental","description":"Monitoreo y an\u00e1lisis de la situaci\u00f3n geopol\u00edtica en el mundo y su implicancia en la Patagonia","publisher":{"@id":"https:\/\/patagoniambiental.com.ar\/info\/#organization"},"potentialAction":[{"@type":"SearchAction","target":{"@type":"EntryPoint","urlTemplate":"https:\/\/patagoniambiental.com.ar\/info\/?s={search_term_string}"},"query-input":{"@type":"PropertyValueSpecification","valueRequired":true,"valueName":"search_term_string"}}],"inLanguage":"es"},{"@type":"Organization","@id":"https:\/\/patagoniambiental.com.ar\/info\/#organization","name":"Patagonia Ambiental","url":"https:\/\/patagoniambiental.com.ar\/info\/","logo":{"@type":"ImageObject","inLanguage":"es","@id":"https:\/\/patagoniambiental.com.ar\/info\/#\/schema\/logo\/image\/","url":"https:\/\/patagoniambiental.com.ar\/info\/wp-content\/uploads\/2025\/05\/LOGO-PATAGONIA-AMBIENTAL.png","contentUrl":"https:\/\/patagoniambiental.com.ar\/info\/wp-content\/uploads\/2025\/05\/LOGO-PATAGONIA-AMBIENTAL.png","width":433,"height":250,"caption":"Patagonia Ambiental"},"image":{"@id":"https:\/\/patagoniambiental.com.ar\/info\/#\/schema\/logo\/image\/"},"sameAs":["https:\/\/www.facebook.com\/patagonia.ambiental","https:\/\/x.com\/PatAmb"]},{"@type":"Person","@id":"https:\/\/patagoniambiental.com.ar\/info\/#\/schema\/person\/db12bff64bbcbf6a253710bf0ea37b5d","name":"Patagonia Ambiental","description":"Andr\u00e9s Nievas T\u00e9cnico en manejo ambiental, consultor Ambiental y escritor para medios locales e internacionales sobre temas de geopolitica y medio ambiente.","sameAs":["http:\/\/www.patagoniambiental.com.ar","https:\/\/www.facebook.com\/share\/1C1V8Gv9BX\/?mibextid=qi2Omg","@patagoniambiental","https:\/\/youtube.com\/@patagoniaambiental2023?si=BLt58t0wuXquxlYZ"]}]}},"_links":{"self":[{"href":"https:\/\/patagoniambiental.com.ar\/info\/wp-json\/wp\/v2\/posts\/47673","targetHints":{"allow":["GET"]}}],"collection":[{"href":"https:\/\/patagoniambiental.com.ar\/info\/wp-json\/wp\/v2\/posts"}],"about":[{"href":"https:\/\/patagoniambiental.com.ar\/info\/wp-json\/wp\/v2\/types\/post"}],"author":[{"embeddable":true,"href":"https:\/\/patagoniambiental.com.ar\/info\/wp-json\/wp\/v2\/users\/2"}],"replies":[{"embeddable":true,"href":"https:\/\/patagoniambiental.com.ar\/info\/wp-json\/wp\/v2\/comments?post=47673"}],"version-history":[{"count":0,"href":"https:\/\/patagoniambiental.com.ar\/info\/wp-json\/wp\/v2\/posts\/47673\/revisions"}],"wp:featuredmedia":[{"embeddable":true,"href":"https:\/\/patagoniambiental.com.ar\/info\/wp-json\/wp\/v2\/media\/47674"}],"wp:attachment":[{"href":"https:\/\/patagoniambiental.com.ar\/info\/wp-json\/wp\/v2\/media?parent=47673"}],"wp:term":[{"taxonomy":"category","embeddable":true,"href":"https:\/\/patagoniambiental.com.ar\/info\/wp-json\/wp\/v2\/categories?post=47673"},{"taxonomy":"post_tag","embeddable":true,"href":"https:\/\/patagoniambiental.com.ar\/info\/wp-json\/wp\/v2\/tags?post=47673"}],"curies":[{"name":"wp","href":"https:\/\/api.w.org\/{rel}","templated":true}]}}