{"id":47840,"date":"2018-06-08T09:00:11","date_gmt":"2018-06-08T12:00:11","guid":{"rendered":"http:\/\/patagoniambiental.com.ar\/info\/?p=47840"},"modified":"2018-06-05T20:01:40","modified_gmt":"2018-06-05T23:01:40","slug":"la-economia-circular-entrega-al-ciudadano-las-riendas-del-desarrollo-sostenible","status":"publish","type":"post","link":"https:\/\/patagoniambiental.com.ar\/info\/la-economia-circular-entrega-al-ciudadano-las-riendas-del-desarrollo-sostenible\/","title":{"rendered":"La econom\u00eda circular entrega al ciudadano las riendas del desarrollo sostenible"},"content":{"rendered":"<article class=\"post-listing post-109119 efe_noticias type-efe_noticias status-publish format-standard hentry area_geografica-espana area_geografica-europa area_geografica-internacional tematica-actualidad tematica-desarrollosostenible tematica-residuos tipo_noticia-efe-recomienda tie_video\">\n<div class=\"post-inner\">\n<div class=\"entry\">\n<p class=\"entradilla\">La econom\u00eda circular no es una moda ni una tendencia y s\u00ed una obligaci\u00f3n que todas las administraciones est\u00e1n armando con un complejo entramado legislativo que va a situar al consumidor en el epicentro -como el eslab\u00f3n imprescindible- del desarrollo sostenible.<\/p>\n<p>Queda lejos, y sobre todo en desuso y completamente obsoleto, el concepto de\u00a0<em>\u201cusar y tirar<\/em>\u201c, que ha sido desplazado ya por las directivas y cada vez m\u00e1s por los h\u00e1bitos de consumo de los espa\u00f1oles, por el nuevo axioma de<em>\u00a0\u201cproducir, usar, reciclar y volver a utilizar\u201d<\/em>.<\/p>\n<p>Instaurado por la ONU en 1974, se celebra hoy el\u00a0<strong>D\u00eda Mundial del Medio Ambiente<\/strong>\u00a0con la \u201ceconom\u00eda circular\u201d en el centro de las agendas pol\u00edticas y con objetivos cada vez m\u00e1s ambiciosos y que implican a administraciones (todos los municipios deber\u00e1n reciclar y reutilizar el 60 por ciento de sus residuos en 2030), a las empresas o a los ciudadanos (en 2023 los biorresiduos se recoger\u00e1n por separado o se reciclar\u00e1n en el propio hogar mediante compostaje).<\/p>\n<p>Los expertos consultados por EFE coinciden: la econom\u00eda circular, con el reciclaje y la reutilizaci\u00f3n como elementos clave, no es una opci\u00f3n; es imprescindible como fuente de materias primas; es necesaria para reducir el consumo de recursos procedentes de la naturaleza; y es esencial para la creaci\u00f3n de puestos de trabajo.<\/p>\n<h2>Econom\u00eda circular: azul, verde y amarillo<\/h2>\n<div id=\"attachment_109322\" class=\"wp-caption alignleft\"><img fetchpriority=\"high\" decoding=\"async\" class=\" wp-image-109322\" src=\"https:\/\/www.efeverde.com\/wp-content\/uploads\/2018\/05\/JJGN8436.jpg\" alt=\"Planta de recuperaci\u00f3n de neum\u00e1ticos que la empresa Valoriza Servicios Ambientales tiene en Chiloeches (Guadalajara). Foto: JJ Guill\u00e9n (EFE)\" width=\"350\" height=\"233\" \/><\/p>\n<p class=\"wp-caption-text\">Planta de recuperaci\u00f3n de neum\u00e1ticos que la empresa Valoriza Servicios Ambientales tiene en Chiloeches (Guadalajara). Foto: JJ Guill\u00e9n (EFE)<\/p>\n<\/div>\n<p>Incorporados el azul, el amarillo y el verde a la est\u00e9tica de cualquier peque\u00f1o pueblo o ciudad, los titulares se repiten gracias a los h\u00e1bitos de los consumidores: 19 millones de toneladas de envases reciclados en los \u00faltimos 20 a\u00f1os; tres botellas de vidrio recicladas equivalen a la energ\u00eda suficiente para cargar un tel\u00e9fono inteligente durante un a\u00f1o; o el cien por cien del material recuperado de un neum\u00e1tico en desuso puede volverse a utilizar.<\/p>\n<p>As\u00ed, en los contenedores amarillo (pl\u00e1stico, latas y bricks) y azul (papel y cart\u00f3n) entraron el pasado a\u00f1o 1,4 millones de toneladas de material (casi el 80 por ciento de los envases dom\u00e9sticos), y en el verde casi 790 millones de toneladas de residuos de envases de vidrio, cifras que sit\u00faan a Espa\u00f1a en la senda marcada por la UE para que el reciclaje y la reutilizaci\u00f3n sean la base de la econom\u00eda circular.<\/p>\n<p>Pero quiz\u00e1s uno de los productos que mejor sirven para comprender el significado de la \u201ceconom\u00eda circular\u201d sea el neum\u00e1tico, por cuya adecuada gesti\u00f3n al final de su vida \u00fatil los ciudadanos pagan desde hace a\u00f1os un peque\u00f1o importe para que tenga un tratamiento adecuado y evitar que acabe en vertederos incontrolados; conceden a ese producto una segunda vida, que se ha convertido en una segunda oportunidad.<\/p>\n<p>En 2017 se recogieron para su adecuado reciclaje 188.000 toneladas de neum\u00e1ticos que terminaron, gracias al compromiso de los consumidores y de los talleres, lejos de los vertederos incontrolados e ilegales que hab\u00edan proliferado en Espa\u00f1a, seg\u00fan los datos facilitados a EFE por la entidad<a href=\"https:\/\/twitter.com\/signusecovalor\" target=\"_blank\" rel=\"nofollow noopener\">\u00a0Signus.<\/a><\/p>\n<h2>Una segunda oportunidad<\/h2>\n<p>Han encontrado as\u00ed una segunda oportunidad como pavimento de seguridad en parques infantiles, en campos de c\u00e9sped artificial, calles y carreteras, en fundiciones (el acero), en la industria textil o en las f\u00e1bricas cementeras, donde se usa como combustible alternativo.<\/p>\n<p>Luis Mu\u00f1oz, responsable de la planta de tratamiento de neum\u00e1ticos usados que la empresa<\/p>\n<div id=\"attachment_109320\" class=\"wp-caption alignright\"><img decoding=\"async\" class=\" wp-image-109320\" src=\"https:\/\/www.efeverde.com\/wp-content\/uploads\/2018\/05\/JJGN8298.jpg\" alt=\"Luis Mu\u00f1oz, responsable de la planta de recuperaci\u00f3n de neum\u00e1ticos que la empresa Valoriza Servicios Ambientales tiene en Chiloeches (Guadalajara). Foto: JJ Guill\u00e9n (EFE)\" width=\"367\" height=\"241\" \/><\/p>\n<p class=\"wp-caption-text\">Luis Mu\u00f1oz, responsable de la planta de recuperaci\u00f3n de neum\u00e1ticos que la empresa Valoriza Servicios Ambientales tiene en Chiloeches (Guadalajara). Foto: JJ Guill\u00e9n (EFE)<\/p>\n<\/div>\n<p>Valoriza Servicios Ambientales tiene en Chiloeches (Guadalajara), ha subrayado el esfuerzo de investigaci\u00f3n y desarrollo que se ha realizado para dar a esos productos (caucho, acero y textil) esa segunda vida.<\/p>\n<blockquote><p>En declaraciones a EFE, Luis Mu\u00f1oz apuesta por desterrar el concepto de \u201cusar y tirar\u201d y sustituirlo por \u201creciclar y reutilizar\u201d, y ha insistido en que muchas materias primas que proporciona la naturaleza se van a agotar pero se pueden obtener de materiales ya fabricados.<\/p><\/blockquote>\n<p>Ha defendido el creciente compromiso del sector para asegurar que los neum\u00e1ticos acaban su vida en las instalaciones adecuadas para asegurar su correcto tratamiento, y tambi\u00e9n la concienciaci\u00f3n de los consumidores, que abonan un importe para que sus ruedas no acaben tiradas en un vertedero de forma ilegal y completan as\u00ed el c\u00edrculo de la nueva econom\u00eda. EFEverde<\/p>\n<div id=\"attachment_109325\" class=\"wp-caption aligncenter\"><img decoding=\"async\" class=\" wp-image-109325\" src=\"https:\/\/www.efeverde.com\/wp-content\/uploads\/2018\/05\/JJGN8428.jpg\" alt=\"Luis Mu\u00f1oz, responsable de la planta de recuperaci\u00f3n de neum\u00e1ticos que la empresa Valoriza Servicios Ambientales tiene en Chiloeches (Guadalajara). Foto: JJ Guill\u00e9n (EFE)\" width=\"587\" height=\"391\" \/><\/p>\n<p class=\"wp-caption-text\">Luis Mu\u00f1oz, responsable de la planta de recuperaci\u00f3n de neum\u00e1ticos que la empresa Valoriza Servicios Ambientales tiene en Chiloeches (Guadalajara). Foto: JJ Guill\u00e9n (EFE)<\/p>\n<\/div>\n<\/div>\n<\/div>\n<\/article>\n<section id=\"author-box\">\n<div class=\"block-head\">\n<p>Fuente:\u00a0https:\/\/www.efeverde.com\/noticias\/economia-circular-rostros-del-reciclaje-2-nfu-y-mas\/<\/p>\n<\/div>\n<\/section>\n","protected":false},"excerpt":{"rendered":"<p>La econom\u00eda circular no es una moda ni una tendencia y s\u00ed una obligaci\u00f3n que todas las administraciones est\u00e1n armando [&hellip;]<\/p>\n","protected":false},"author":2,"featured_media":47841,"comment_status":"open","ping_status":"open","sticky":false,"template":"","format":"standard","meta":{"site-sidebar-layout":"default","site-content-layout":"","ast-site-content-layout":"default","site-content-style":"default","site-sidebar-style":"default","ast-global-header-display":"","ast-banner-title-visibility":"","ast-main-header-display":"","ast-hfb-above-header-display":"","ast-hfb-below-header-display":"","ast-hfb-mobile-header-display":"","site-post-title":"","ast-breadcrumbs-content":"","ast-featured-img":"","footer-sml-layout":"","ast-disable-related-posts":"","theme-transparent-header-meta":"","adv-header-id-meta":"","stick-header-meta":"","header-above-stick-meta":"","header-main-stick-meta":"","header-below-stick-meta":"","astra-migrate-meta-layouts":"default","ast-page-background-enabled":"default","ast-page-background-meta":{"desktop":{"background-color":"var(--ast-global-color-5)","background-image":"","background-repeat":"repeat","background-position":"center center","background-size":"auto","background-attachment":"scroll","background-type":"","background-media":"","overlay-type":"","overlay-color":"","overlay-opacity":"","overlay-gradient":""},"tablet":{"background-color":"","background-image":"","background-repeat":"repeat","background-position":"center center","background-size":"auto","background-attachment":"scroll","background-type":"","background-media":"","overlay-type":"","overlay-color":"","overlay-opacity":"","overlay-gradient":""},"mobile":{"background-color":"","background-image":"","background-repeat":"repeat","background-position":"center center","background-size":"auto","background-attachment":"scroll","background-type":"","background-media":"","overlay-type":"","overlay-color":"","overlay-opacity":"","overlay-gradient":""}},"ast-content-background-meta":{"desktop":{"background-color":"var(--ast-global-color-4)","background-image":"","background-repeat":"repeat","background-position":"center center","background-size":"auto","background-attachment":"scroll","background-type":"","background-media":"","overlay-type":"","overlay-color":"","overlay-opacity":"","overlay-gradient":""},"tablet":{"background-color":"var(--ast-global-color-4)","background-image":"","background-repeat":"repeat","background-position":"center center","background-size":"auto","background-attachment":"scroll","background-type":"","background-media":"","overlay-type":"","overlay-color":"","overlay-opacity":"","overlay-gradient":""},"mobile":{"background-color":"var(--ast-global-color-4)","background-image":"","background-repeat":"repeat","background-position":"center center","background-size":"auto","background-attachment":"scroll","background-type":"","background-media":"","overlay-type":"","overlay-color":"","overlay-opacity":"","overlay-gradient":""}},"footnotes":""},"categories":[23,1],"tags":[],"class_list":["post-47840","post","type-post","status-publish","format-standard","has-post-thumbnail","hentry","category-internacionales","category-noticias"],"yoast_head":"<!-- This site is optimized with the Yoast SEO Premium plugin v23.0 (Yoast SEO v27.4) - https:\/\/yoast.com\/product\/yoast-seo-premium-wordpress\/ -->\n<title>La econom\u00eda circular entrega al ciudadano las riendas del desarrollo sostenible<\/title>\n<meta name=\"robots\" content=\"index, follow, max-snippet:-1, max-image-preview:large, max-video-preview:-1\" \/>\n<link rel=\"canonical\" href=\"https:\/\/patagoniambiental.com.ar\/info\/la-economia-circular-entrega-al-ciudadano-las-riendas-del-desarrollo-sostenible\/\" \/>\n<meta property=\"og:locale\" content=\"es_ES\" \/>\n<meta property=\"og:type\" content=\"article\" \/>\n<meta property=\"og:title\" content=\"La econom\u00eda circular entrega al ciudadano las riendas del desarrollo sostenible\" \/>\n<meta property=\"og:description\" content=\"La econom\u00eda circular no es una moda ni una tendencia y s\u00ed una obligaci\u00f3n que todas las administraciones est\u00e1n armando [&hellip;]\" \/>\n<meta property=\"og:url\" content=\"https:\/\/patagoniambiental.com.ar\/info\/la-economia-circular-entrega-al-ciudadano-las-riendas-del-desarrollo-sostenible\/\" \/>\n<meta property=\"og:site_name\" content=\"Patagonia Ambiental\" \/>\n<meta property=\"article:publisher\" content=\"https:\/\/www.facebook.com\/patagonia.ambiental\" \/>\n<meta property=\"article:author\" content=\"https:\/\/www.facebook.com\/share\/1C1V8Gv9BX\/?mibextid=qi2Omg\" \/>\n<meta property=\"article:published_time\" content=\"2018-06-08T12:00:11+00:00\" \/>\n<meta property=\"og:image\" content=\"https:\/\/patagoniambiental.com.ar\/info\/wp-content\/uploads\/2018\/06\/economia-circular.jpg\" \/>\n\t<meta property=\"og:image:width\" content=\"768\" \/>\n\t<meta property=\"og:image:height\" content=\"512\" \/>\n\t<meta property=\"og:image:type\" content=\"image\/jpeg\" \/>\n<meta name=\"author\" content=\"Patagonia Ambiental\" \/>\n<meta name=\"twitter:card\" content=\"summary_large_image\" \/>\n<meta name=\"twitter:creator\" content=\"@PatAmb\" \/>\n<meta name=\"twitter:site\" content=\"@PatAmb\" \/>\n<script type=\"application\/ld+json\" class=\"yoast-schema-graph\">{\"@context\":\"https:\\\/\\\/schema.org\",\"@graph\":[{\"@type\":\"Article\",\"@id\":\"https:\\\/\\\/patagoniambiental.com.ar\\\/info\\\/la-economia-circular-entrega-al-ciudadano-las-riendas-del-desarrollo-sostenible\\\/#article\",\"isPartOf\":{\"@id\":\"https:\\\/\\\/patagoniambiental.com.ar\\\/info\\\/la-economia-circular-entrega-al-ciudadano-las-riendas-del-desarrollo-sostenible\\\/\"},\"author\":{\"name\":\"Patagonia Ambiental\",\"@id\":\"https:\\\/\\\/patagoniambiental.com.ar\\\/info\\\/#\\\/schema\\\/person\\\/db12bff64bbcbf6a253710bf0ea37b5d\"},\"headline\":\"La econom\u00eda circular entrega al ciudadano las riendas del desarrollo sostenible\",\"datePublished\":\"2018-06-08T12:00:11+00:00\",\"mainEntityOfPage\":{\"@id\":\"https:\\\/\\\/patagoniambiental.com.ar\\\/info\\\/la-economia-circular-entrega-al-ciudadano-las-riendas-del-desarrollo-sostenible\\\/\"},\"wordCount\":820,\"commentCount\":0,\"publisher\":{\"@id\":\"https:\\\/\\\/patagoniambiental.com.ar\\\/info\\\/#organization\"},\"image\":{\"@id\":\"https:\\\/\\\/patagoniambiental.com.ar\\\/info\\\/la-economia-circular-entrega-al-ciudadano-las-riendas-del-desarrollo-sostenible\\\/#primaryimage\"},\"thumbnailUrl\":\"https:\\\/\\\/patagoniambiental.com.ar\\\/info\\\/wp-content\\\/uploads\\\/2018\\\/06\\\/economia-circular.jpg\",\"articleSection\":[\"Internacionales\",\"Noticias\"],\"inLanguage\":\"es\",\"potentialAction\":[{\"@type\":\"CommentAction\",\"name\":\"Comment\",\"target\":[\"https:\\\/\\\/patagoniambiental.com.ar\\\/info\\\/la-economia-circular-entrega-al-ciudadano-las-riendas-del-desarrollo-sostenible\\\/#respond\"]}]},{\"@type\":\"WebPage\",\"@id\":\"https:\\\/\\\/patagoniambiental.com.ar\\\/info\\\/la-economia-circular-entrega-al-ciudadano-las-riendas-del-desarrollo-sostenible\\\/\",\"url\":\"https:\\\/\\\/patagoniambiental.com.ar\\\/info\\\/la-economia-circular-entrega-al-ciudadano-las-riendas-del-desarrollo-sostenible\\\/\",\"name\":\"La econom\u00eda circular entrega al ciudadano las riendas del desarrollo sostenible\",\"isPartOf\":{\"@id\":\"https:\\\/\\\/patagoniambiental.com.ar\\\/info\\\/#website\"},\"primaryImageOfPage\":{\"@id\":\"https:\\\/\\\/patagoniambiental.com.ar\\\/info\\\/la-economia-circular-entrega-al-ciudadano-las-riendas-del-desarrollo-sostenible\\\/#primaryimage\"},\"image\":{\"@id\":\"https:\\\/\\\/patagoniambiental.com.ar\\\/info\\\/la-economia-circular-entrega-al-ciudadano-las-riendas-del-desarrollo-sostenible\\\/#primaryimage\"},\"thumbnailUrl\":\"https:\\\/\\\/patagoniambiental.com.ar\\\/info\\\/wp-content\\\/uploads\\\/2018\\\/06\\\/economia-circular.jpg\",\"datePublished\":\"2018-06-08T12:00:11+00:00\",\"breadcrumb\":{\"@id\":\"https:\\\/\\\/patagoniambiental.com.ar\\\/info\\\/la-economia-circular-entrega-al-ciudadano-las-riendas-del-desarrollo-sostenible\\\/#breadcrumb\"},\"inLanguage\":\"es\",\"potentialAction\":[{\"@type\":\"ReadAction\",\"target\":[\"https:\\\/\\\/patagoniambiental.com.ar\\\/info\\\/la-economia-circular-entrega-al-ciudadano-las-riendas-del-desarrollo-sostenible\\\/\"]}]},{\"@type\":\"ImageObject\",\"inLanguage\":\"es\",\"@id\":\"https:\\\/\\\/patagoniambiental.com.ar\\\/info\\\/la-economia-circular-entrega-al-ciudadano-las-riendas-del-desarrollo-sostenible\\\/#primaryimage\",\"url\":\"https:\\\/\\\/patagoniambiental.com.ar\\\/info\\\/wp-content\\\/uploads\\\/2018\\\/06\\\/economia-circular.jpg\",\"contentUrl\":\"https:\\\/\\\/patagoniambiental.com.ar\\\/info\\\/wp-content\\\/uploads\\\/2018\\\/06\\\/economia-circular.jpg\",\"width\":768,\"height\":512},{\"@type\":\"BreadcrumbList\",\"@id\":\"https:\\\/\\\/patagoniambiental.com.ar\\\/info\\\/la-economia-circular-entrega-al-ciudadano-las-riendas-del-desarrollo-sostenible\\\/#breadcrumb\",\"itemListElement\":[{\"@type\":\"ListItem\",\"position\":1,\"name\":\"Inicio\",\"item\":\"https:\\\/\\\/patagoniambiental.com.ar\\\/info\\\/\"},{\"@type\":\"ListItem\",\"position\":2,\"name\":\"La econom\u00eda circular entrega al ciudadano las riendas del desarrollo sostenible\"}]},{\"@type\":\"WebSite\",\"@id\":\"https:\\\/\\\/patagoniambiental.com.ar\\\/info\\\/#website\",\"url\":\"https:\\\/\\\/patagoniambiental.com.ar\\\/info\\\/\",\"name\":\"Patagonia Ambiental\",\"description\":\"Monitoreo y an\u00e1lisis de la situaci\u00f3n geopol\u00edtica en el mundo y su implicancia en la Patagonia\",\"publisher\":{\"@id\":\"https:\\\/\\\/patagoniambiental.com.ar\\\/info\\\/#organization\"},\"potentialAction\":[{\"@type\":\"SearchAction\",\"target\":{\"@type\":\"EntryPoint\",\"urlTemplate\":\"https:\\\/\\\/patagoniambiental.com.ar\\\/info\\\/?s={search_term_string}\"},\"query-input\":{\"@type\":\"PropertyValueSpecification\",\"valueRequired\":true,\"valueName\":\"search_term_string\"}}],\"inLanguage\":\"es\"},{\"@type\":\"Organization\",\"@id\":\"https:\\\/\\\/patagoniambiental.com.ar\\\/info\\\/#organization\",\"name\":\"Patagonia Ambiental\",\"url\":\"https:\\\/\\\/patagoniambiental.com.ar\\\/info\\\/\",\"logo\":{\"@type\":\"ImageObject\",\"inLanguage\":\"es\",\"@id\":\"https:\\\/\\\/patagoniambiental.com.ar\\\/info\\\/#\\\/schema\\\/logo\\\/image\\\/\",\"url\":\"https:\\\/\\\/patagoniambiental.com.ar\\\/info\\\/wp-content\\\/uploads\\\/2025\\\/05\\\/LOGO-PATAGONIA-AMBIENTAL.png\",\"contentUrl\":\"https:\\\/\\\/patagoniambiental.com.ar\\\/info\\\/wp-content\\\/uploads\\\/2025\\\/05\\\/LOGO-PATAGONIA-AMBIENTAL.png\",\"width\":433,\"height\":250,\"caption\":\"Patagonia Ambiental\"},\"image\":{\"@id\":\"https:\\\/\\\/patagoniambiental.com.ar\\\/info\\\/#\\\/schema\\\/logo\\\/image\\\/\"},\"sameAs\":[\"https:\\\/\\\/www.facebook.com\\\/patagonia.ambiental\",\"https:\\\/\\\/x.com\\\/PatAmb\"]},{\"@type\":\"Person\",\"@id\":\"https:\\\/\\\/patagoniambiental.com.ar\\\/info\\\/#\\\/schema\\\/person\\\/db12bff64bbcbf6a253710bf0ea37b5d\",\"name\":\"Patagonia Ambiental\",\"description\":\"Andr\u00e9s Nievas T\u00e9cnico en manejo ambiental, consultor Ambiental y escritor para medios locales e internacionales sobre temas de geopolitica y medio ambiente.\",\"sameAs\":[\"http:\\\/\\\/www.patagoniambiental.com.ar\",\"https:\\\/\\\/www.facebook.com\\\/share\\\/1C1V8Gv9BX\\\/?mibextid=qi2Omg\",\"@patagoniambiental\",\"https:\\\/\\\/youtube.com\\\/@patagoniaambiental2023?si=BLt58t0wuXquxlYZ\"]}]}<\/script>\n<!-- \/ Yoast SEO Premium plugin. -->","yoast_head_json":{"title":"La econom\u00eda circular entrega al ciudadano las riendas del desarrollo sostenible","robots":{"index":"index","follow":"follow","max-snippet":"max-snippet:-1","max-image-preview":"max-image-preview:large","max-video-preview":"max-video-preview:-1"},"canonical":"https:\/\/patagoniambiental.com.ar\/info\/la-economia-circular-entrega-al-ciudadano-las-riendas-del-desarrollo-sostenible\/","og_locale":"es_ES","og_type":"article","og_title":"La econom\u00eda circular entrega al ciudadano las riendas del desarrollo sostenible","og_description":"La econom\u00eda circular no es una moda ni una tendencia y s\u00ed una obligaci\u00f3n que todas las administraciones est\u00e1n armando [&hellip;]","og_url":"https:\/\/patagoniambiental.com.ar\/info\/la-economia-circular-entrega-al-ciudadano-las-riendas-del-desarrollo-sostenible\/","og_site_name":"Patagonia Ambiental","article_publisher":"https:\/\/www.facebook.com\/patagonia.ambiental","article_author":"https:\/\/www.facebook.com\/share\/1C1V8Gv9BX\/?mibextid=qi2Omg","article_published_time":"2018-06-08T12:00:11+00:00","og_image":[{"width":768,"height":512,"url":"https:\/\/patagoniambiental.com.ar\/info\/wp-content\/uploads\/2018\/06\/economia-circular.jpg","type":"image\/jpeg"}],"author":"Patagonia Ambiental","twitter_card":"summary_large_image","twitter_creator":"@PatAmb","twitter_site":"@PatAmb","schema":{"@context":"https:\/\/schema.org","@graph":[{"@type":"Article","@id":"https:\/\/patagoniambiental.com.ar\/info\/la-economia-circular-entrega-al-ciudadano-las-riendas-del-desarrollo-sostenible\/#article","isPartOf":{"@id":"https:\/\/patagoniambiental.com.ar\/info\/la-economia-circular-entrega-al-ciudadano-las-riendas-del-desarrollo-sostenible\/"},"author":{"name":"Patagonia Ambiental","@id":"https:\/\/patagoniambiental.com.ar\/info\/#\/schema\/person\/db12bff64bbcbf6a253710bf0ea37b5d"},"headline":"La econom\u00eda circular entrega al ciudadano las riendas del desarrollo sostenible","datePublished":"2018-06-08T12:00:11+00:00","mainEntityOfPage":{"@id":"https:\/\/patagoniambiental.com.ar\/info\/la-economia-circular-entrega-al-ciudadano-las-riendas-del-desarrollo-sostenible\/"},"wordCount":820,"commentCount":0,"publisher":{"@id":"https:\/\/patagoniambiental.com.ar\/info\/#organization"},"image":{"@id":"https:\/\/patagoniambiental.com.ar\/info\/la-economia-circular-entrega-al-ciudadano-las-riendas-del-desarrollo-sostenible\/#primaryimage"},"thumbnailUrl":"https:\/\/patagoniambiental.com.ar\/info\/wp-content\/uploads\/2018\/06\/economia-circular.jpg","articleSection":["Internacionales","Noticias"],"inLanguage":"es","potentialAction":[{"@type":"CommentAction","name":"Comment","target":["https:\/\/patagoniambiental.com.ar\/info\/la-economia-circular-entrega-al-ciudadano-las-riendas-del-desarrollo-sostenible\/#respond"]}]},{"@type":"WebPage","@id":"https:\/\/patagoniambiental.com.ar\/info\/la-economia-circular-entrega-al-ciudadano-las-riendas-del-desarrollo-sostenible\/","url":"https:\/\/patagoniambiental.com.ar\/info\/la-economia-circular-entrega-al-ciudadano-las-riendas-del-desarrollo-sostenible\/","name":"La econom\u00eda circular entrega al ciudadano las riendas del desarrollo sostenible","isPartOf":{"@id":"https:\/\/patagoniambiental.com.ar\/info\/#website"},"primaryImageOfPage":{"@id":"https:\/\/patagoniambiental.com.ar\/info\/la-economia-circular-entrega-al-ciudadano-las-riendas-del-desarrollo-sostenible\/#primaryimage"},"image":{"@id":"https:\/\/patagoniambiental.com.ar\/info\/la-economia-circular-entrega-al-ciudadano-las-riendas-del-desarrollo-sostenible\/#primaryimage"},"thumbnailUrl":"https:\/\/patagoniambiental.com.ar\/info\/wp-content\/uploads\/2018\/06\/economia-circular.jpg","datePublished":"2018-06-08T12:00:11+00:00","breadcrumb":{"@id":"https:\/\/patagoniambiental.com.ar\/info\/la-economia-circular-entrega-al-ciudadano-las-riendas-del-desarrollo-sostenible\/#breadcrumb"},"inLanguage":"es","potentialAction":[{"@type":"ReadAction","target":["https:\/\/patagoniambiental.com.ar\/info\/la-economia-circular-entrega-al-ciudadano-las-riendas-del-desarrollo-sostenible\/"]}]},{"@type":"ImageObject","inLanguage":"es","@id":"https:\/\/patagoniambiental.com.ar\/info\/la-economia-circular-entrega-al-ciudadano-las-riendas-del-desarrollo-sostenible\/#primaryimage","url":"https:\/\/patagoniambiental.com.ar\/info\/wp-content\/uploads\/2018\/06\/economia-circular.jpg","contentUrl":"https:\/\/patagoniambiental.com.ar\/info\/wp-content\/uploads\/2018\/06\/economia-circular.jpg","width":768,"height":512},{"@type":"BreadcrumbList","@id":"https:\/\/patagoniambiental.com.ar\/info\/la-economia-circular-entrega-al-ciudadano-las-riendas-del-desarrollo-sostenible\/#breadcrumb","itemListElement":[{"@type":"ListItem","position":1,"name":"Inicio","item":"https:\/\/patagoniambiental.com.ar\/info\/"},{"@type":"ListItem","position":2,"name":"La econom\u00eda circular entrega al ciudadano las riendas del desarrollo sostenible"}]},{"@type":"WebSite","@id":"https:\/\/patagoniambiental.com.ar\/info\/#website","url":"https:\/\/patagoniambiental.com.ar\/info\/","name":"Patagonia Ambiental","description":"Monitoreo y an\u00e1lisis de la situaci\u00f3n geopol\u00edtica en el mundo y su implicancia en la Patagonia","publisher":{"@id":"https:\/\/patagoniambiental.com.ar\/info\/#organization"},"potentialAction":[{"@type":"SearchAction","target":{"@type":"EntryPoint","urlTemplate":"https:\/\/patagoniambiental.com.ar\/info\/?s={search_term_string}"},"query-input":{"@type":"PropertyValueSpecification","valueRequired":true,"valueName":"search_term_string"}}],"inLanguage":"es"},{"@type":"Organization","@id":"https:\/\/patagoniambiental.com.ar\/info\/#organization","name":"Patagonia Ambiental","url":"https:\/\/patagoniambiental.com.ar\/info\/","logo":{"@type":"ImageObject","inLanguage":"es","@id":"https:\/\/patagoniambiental.com.ar\/info\/#\/schema\/logo\/image\/","url":"https:\/\/patagoniambiental.com.ar\/info\/wp-content\/uploads\/2025\/05\/LOGO-PATAGONIA-AMBIENTAL.png","contentUrl":"https:\/\/patagoniambiental.com.ar\/info\/wp-content\/uploads\/2025\/05\/LOGO-PATAGONIA-AMBIENTAL.png","width":433,"height":250,"caption":"Patagonia Ambiental"},"image":{"@id":"https:\/\/patagoniambiental.com.ar\/info\/#\/schema\/logo\/image\/"},"sameAs":["https:\/\/www.facebook.com\/patagonia.ambiental","https:\/\/x.com\/PatAmb"]},{"@type":"Person","@id":"https:\/\/patagoniambiental.com.ar\/info\/#\/schema\/person\/db12bff64bbcbf6a253710bf0ea37b5d","name":"Patagonia Ambiental","description":"Andr\u00e9s Nievas T\u00e9cnico en manejo ambiental, consultor Ambiental y escritor para medios locales e internacionales sobre temas de geopolitica y medio ambiente.","sameAs":["http:\/\/www.patagoniambiental.com.ar","https:\/\/www.facebook.com\/share\/1C1V8Gv9BX\/?mibextid=qi2Omg","@patagoniambiental","https:\/\/youtube.com\/@patagoniaambiental2023?si=BLt58t0wuXquxlYZ"]}]}},"_links":{"self":[{"href":"https:\/\/patagoniambiental.com.ar\/info\/wp-json\/wp\/v2\/posts\/47840","targetHints":{"allow":["GET"]}}],"collection":[{"href":"https:\/\/patagoniambiental.com.ar\/info\/wp-json\/wp\/v2\/posts"}],"about":[{"href":"https:\/\/patagoniambiental.com.ar\/info\/wp-json\/wp\/v2\/types\/post"}],"author":[{"embeddable":true,"href":"https:\/\/patagoniambiental.com.ar\/info\/wp-json\/wp\/v2\/users\/2"}],"replies":[{"embeddable":true,"href":"https:\/\/patagoniambiental.com.ar\/info\/wp-json\/wp\/v2\/comments?post=47840"}],"version-history":[{"count":0,"href":"https:\/\/patagoniambiental.com.ar\/info\/wp-json\/wp\/v2\/posts\/47840\/revisions"}],"wp:featuredmedia":[{"embeddable":true,"href":"https:\/\/patagoniambiental.com.ar\/info\/wp-json\/wp\/v2\/media\/47841"}],"wp:attachment":[{"href":"https:\/\/patagoniambiental.com.ar\/info\/wp-json\/wp\/v2\/media?parent=47840"}],"wp:term":[{"taxonomy":"category","embeddable":true,"href":"https:\/\/patagoniambiental.com.ar\/info\/wp-json\/wp\/v2\/categories?post=47840"},{"taxonomy":"post_tag","embeddable":true,"href":"https:\/\/patagoniambiental.com.ar\/info\/wp-json\/wp\/v2\/tags?post=47840"}],"curies":[{"name":"wp","href":"https:\/\/api.w.org\/{rel}","templated":true}]}}