{"id":48059,"date":"2018-06-11T09:00:09","date_gmt":"2018-06-11T12:00:09","guid":{"rendered":"http:\/\/patagoniambiental.com.ar\/info\/?p=48059"},"modified":"2018-06-10T20:23:01","modified_gmt":"2018-06-10T23:23:01","slug":"sarmiento-y-pico-truncado-realizaron-jornadas-ambientales","status":"publish","type":"post","link":"https:\/\/patagoniambiental.com.ar\/info\/sarmiento-y-pico-truncado-realizaron-jornadas-ambientales\/","title":{"rendered":"Sarmiento y Pico Truncado realizaron Jornadas Ambientales"},"content":{"rendered":"<div class=\"entry-content with-share\">\n<div class=\"entry-content-text\">\n<p>SARMIENTO.- Ratificando su compromiso con el cuidado del ambiente y la sustentabilidad, Pan American Energy (PAE) acompa\u00f1\u00f3 la 14\u00b0 edici\u00f3n de la Semana del Medio Ambiente que se llev\u00f3 adelante en la localidad santacruce\u00f1a de Pico Truncado y la 9\u00b0 Jornada Ambiental que se realiz\u00f3 en Sarmiento, Chubut.<br \/>\n<img fetchpriority=\"high\" decoding=\"async\" class=\"aligncenter size-large wp-image-175455 lazyloaded\" src=\"https:\/\/www.adnsur.com.ar\/wp-content\/uploads\/2018\/06\/PHOTO-2018-06-06-16-14-39-1024x682.jpg\" alt=\"jornadas de medioambiente en Sarmiento y Pico Truncado. Pan American Energy\" width=\"1024\" height=\"682\" \/><br \/>\nEn ese marco, la compa\u00f1\u00eda propici\u00f3 la presentaci\u00f3n de \u201cLocos por la Eco\u201d, una innovadora\u00a0<strong>propuesta l\u00fadico recreativa para ni\u00f1os y adultos<\/strong>\u00a0que, apunt\u00f3 a despertar conciencia sobre el cuidado ambiental y difundir pautas para el\u00a0<strong>reciclado<\/strong>\u00a0y la reutilizaci\u00f3n de residuos.<\/p>\n<p><strong>Semana del Medio Ambiente de Pico Truncado<\/strong><\/p>\n<p>Desde hace 14 a\u00f1os Pico Truncado promueve la Semana del Medio Ambiente. En esta oportunidad el tema principal de la jornada fue el \u201cBuen Manejo de los Residuos\u201d. A trav\u00e9s de distintos stands, disertaciones, juegos y actividades se trabaj\u00f3 para crear conciencia y sensibilizar sobre el\u00a0<strong>impacto de la basura en el ambiente<\/strong>.<\/p>\n<p>En ese sentido, la Directora de Medio Ambiente local, Gladys Mu\u00f1oz, consider\u00f3 que \u201ccomo Estado es nuestra responsabilidad proporcionar un ambiente sano y equilibrado, para ello es necesario promover acciones concretas y directas y los principales receptores de estas acciones son nuestros ni\u00f1os y j\u00f3venes. Es fundamental que bajo el eje educativo se promuevan\u00a0<strong>pr\u00e1cticas de cuidado responsable<\/strong>\u00a0del ambiente\u201d.<\/p>\n<p><strong>Jornada Ambiental en Sarmiento<\/strong><\/p>\n<p>Con la presencia de alumnos de distintas escuelas, en Sarmiento tambi\u00e9n se llev\u00f3 adelante la 9\u00b0 edici\u00f3n de la Jornada Ambiental. Durante la jornada, que se llev\u00f3 adelante en el Centro Cultural de esa localidad, los chicos pudieron recorrer stands y participar de distintas propuestas para la creaci\u00f3n de<strong>\u00a0h\u00e1bitos sustentables<\/strong>\u00a0trabajando tres ejes tem\u00e1ticos: Agua, Energ\u00eda y Residuos S\u00f3lidos Urbanos.<\/p>\n<p>Desde Relaciones Institucionales de PAE, el l\u00edder de Asuntos P\u00fablicos y RSE, Horacio Garcia, destac\u00f3 que \u201cconsideramos que estas jornadas que desde hace a\u00f1os impulsan Pico Truncado y Sarmiento son el marco propicio para la difusi\u00f3n de los\u00a0<strong>valores<\/strong>\u00a0que promovemos desde la compa\u00f1\u00eda como son el cuidado ambiental, el cuidado del entorno y el cuidado de nuestra biodiversidad\u201d.<\/p>\n<\/div>\n<\/div>\n<div class=\"meta-author\">Autor:\u00a0<a class=\"vcard author\" href=\"https:\/\/www.adnsur.com.ar\/quienes-somos\" rel=\"author\"><span class=\"fn\">ADN Sur<\/span><\/a><\/div>\n<div>\n<div class=\"widget widget_reedwanwidgets__imagecode clearfix\"><\/div>\n<\/div>\n","protected":false},"excerpt":{"rendered":"<p>SARMIENTO.- Ratificando su compromiso con el cuidado del ambiente y la sustentabilidad, Pan American Energy (PAE) acompa\u00f1\u00f3 la 14\u00b0 edici\u00f3n [&hellip;]<\/p>\n","protected":false},"author":2,"featured_media":48060,"comment_status":"open","ping_status":"open","sticky":false,"template":"","format":"standard","meta":{"site-sidebar-layout":"default","site-content-layout":"","ast-site-content-layout":"default","site-content-style":"default","site-sidebar-style":"default","ast-global-header-display":"","ast-banner-title-visibility":"","ast-main-header-display":"","ast-hfb-above-header-display":"","ast-hfb-below-header-display":"","ast-hfb-mobile-header-display":"","site-post-title":"","ast-breadcrumbs-content":"","ast-featured-img":"","footer-sml-layout":"","ast-disable-related-posts":"","theme-transparent-header-meta":"","adv-header-id-meta":"","stick-header-meta":"","header-above-stick-meta":"","header-main-stick-meta":"","header-below-stick-meta":"","astra-migrate-meta-layouts":"default","ast-page-background-enabled":"default","ast-page-background-meta":{"desktop":{"background-color":"var(--ast-global-color-5)","background-image":"","background-repeat":"repeat","background-position":"center center","background-size":"auto","background-attachment":"scroll","background-type":"","background-media":"","overlay-type":"","overlay-color":"","overlay-opacity":"","overlay-gradient":""},"tablet":{"background-color":"","background-image":"","background-repeat":"repeat","background-position":"center center","background-size":"auto","background-attachment":"scroll","background-type":"","background-media":"","overlay-type":"","overlay-color":"","overlay-opacity":"","overlay-gradient":""},"mobile":{"background-color":"","background-image":"","background-repeat":"repeat","background-position":"center center","background-size":"auto","background-attachment":"scroll","background-type":"","background-media":"","overlay-type":"","overlay-color":"","overlay-opacity":"","overlay-gradient":""}},"ast-content-background-meta":{"desktop":{"background-color":"var(--ast-global-color-4)","background-image":"","background-repeat":"repeat","background-position":"center center","background-size":"auto","background-attachment":"scroll","background-type":"","background-media":"","overlay-type":"","overlay-color":"","overlay-opacity":"","overlay-gradient":""},"tablet":{"background-color":"var(--ast-global-color-4)","background-image":"","background-repeat":"repeat","background-position":"center center","background-size":"auto","background-attachment":"scroll","background-type":"","background-media":"","overlay-type":"","overlay-color":"","overlay-opacity":"","overlay-gradient":""},"mobile":{"background-color":"var(--ast-global-color-4)","background-image":"","background-repeat":"repeat","background-position":"center center","background-size":"auto","background-attachment":"scroll","background-type":"","background-media":"","overlay-type":"","overlay-color":"","overlay-opacity":"","overlay-gradient":""}},"footnotes":""},"categories":[46,1],"tags":[],"class_list":["post-48059","post","type-post","status-publish","format-standard","has-post-thumbnail","hentry","category-municipios","category-noticias"],"yoast_head":"<!-- This site is optimized with the Yoast SEO Premium plugin v23.0 (Yoast SEO v27.5) - https:\/\/yoast.com\/product\/yoast-seo-premium-wordpress\/ -->\n<title>Sarmiento y Pico Truncado realizaron Jornadas Ambientales<\/title>\n<meta name=\"robots\" content=\"index, follow, max-snippet:-1, max-image-preview:large, max-video-preview:-1\" \/>\n<link rel=\"canonical\" href=\"https:\/\/patagoniambiental.com.ar\/info\/sarmiento-y-pico-truncado-realizaron-jornadas-ambientales\/\" \/>\n<meta property=\"og:locale\" content=\"es_ES\" \/>\n<meta property=\"og:type\" content=\"article\" \/>\n<meta property=\"og:title\" content=\"Sarmiento y Pico Truncado realizaron Jornadas Ambientales\" \/>\n<meta property=\"og:description\" content=\"SARMIENTO.- Ratificando su compromiso con el cuidado del ambiente y la sustentabilidad, Pan American Energy (PAE) acompa\u00f1\u00f3 la 14\u00b0 edici\u00f3n [&hellip;]\" \/>\n<meta property=\"og:url\" content=\"https:\/\/patagoniambiental.com.ar\/info\/sarmiento-y-pico-truncado-realizaron-jornadas-ambientales\/\" \/>\n<meta property=\"og:site_name\" content=\"Patagonia Ambiental\" \/>\n<meta property=\"article:publisher\" content=\"https:\/\/www.facebook.com\/patagonia.ambiental\" \/>\n<meta property=\"article:author\" content=\"https:\/\/www.facebook.com\/share\/1C1V8Gv9BX\/?mibextid=qi2Omg\" \/>\n<meta property=\"article:published_time\" content=\"2018-06-11T12:00:09+00:00\" \/>\n<meta property=\"og:image\" content=\"https:\/\/patagoniambiental.com.ar\/info\/wp-content\/uploads\/2018\/06\/jornadas-ambiente.jpg\" \/>\n\t<meta property=\"og:image:width\" content=\"1280\" \/>\n\t<meta property=\"og:image:height\" content=\"853\" \/>\n\t<meta property=\"og:image:type\" content=\"image\/jpeg\" \/>\n<meta name=\"author\" content=\"Patagonia Ambiental\" \/>\n<meta name=\"twitter:card\" content=\"summary_large_image\" \/>\n<meta name=\"twitter:creator\" content=\"@PatAmb\" \/>\n<meta name=\"twitter:site\" content=\"@PatAmb\" \/>\n<script type=\"application\/ld+json\" class=\"yoast-schema-graph\">{\"@context\":\"https:\\\/\\\/schema.org\",\"@graph\":[{\"@type\":\"Article\",\"@id\":\"https:\\\/\\\/patagoniambiental.com.ar\\\/info\\\/sarmiento-y-pico-truncado-realizaron-jornadas-ambientales\\\/#article\",\"isPartOf\":{\"@id\":\"https:\\\/\\\/patagoniambiental.com.ar\\\/info\\\/sarmiento-y-pico-truncado-realizaron-jornadas-ambientales\\\/\"},\"author\":{\"name\":\"Patagonia Ambiental\",\"@id\":\"https:\\\/\\\/patagoniambiental.com.ar\\\/info\\\/#\\\/schema\\\/person\\\/db12bff64bbcbf6a253710bf0ea37b5d\"},\"headline\":\"Sarmiento y Pico Truncado realizaron Jornadas Ambientales\",\"datePublished\":\"2018-06-11T12:00:09+00:00\",\"mainEntityOfPage\":{\"@id\":\"https:\\\/\\\/patagoniambiental.com.ar\\\/info\\\/sarmiento-y-pico-truncado-realizaron-jornadas-ambientales\\\/\"},\"wordCount\":366,\"commentCount\":0,\"publisher\":{\"@id\":\"https:\\\/\\\/patagoniambiental.com.ar\\\/info\\\/#organization\"},\"image\":{\"@id\":\"https:\\\/\\\/patagoniambiental.com.ar\\\/info\\\/sarmiento-y-pico-truncado-realizaron-jornadas-ambientales\\\/#primaryimage\"},\"thumbnailUrl\":\"https:\\\/\\\/patagoniambiental.com.ar\\\/info\\\/wp-content\\\/uploads\\\/2018\\\/06\\\/jornadas-ambiente.jpg\",\"articleSection\":[\"Municipios\",\"Noticias\"],\"inLanguage\":\"es\",\"potentialAction\":[{\"@type\":\"CommentAction\",\"name\":\"Comment\",\"target\":[\"https:\\\/\\\/patagoniambiental.com.ar\\\/info\\\/sarmiento-y-pico-truncado-realizaron-jornadas-ambientales\\\/#respond\"]}]},{\"@type\":\"WebPage\",\"@id\":\"https:\\\/\\\/patagoniambiental.com.ar\\\/info\\\/sarmiento-y-pico-truncado-realizaron-jornadas-ambientales\\\/\",\"url\":\"https:\\\/\\\/patagoniambiental.com.ar\\\/info\\\/sarmiento-y-pico-truncado-realizaron-jornadas-ambientales\\\/\",\"name\":\"Sarmiento y Pico Truncado realizaron Jornadas Ambientales\",\"isPartOf\":{\"@id\":\"https:\\\/\\\/patagoniambiental.com.ar\\\/info\\\/#website\"},\"primaryImageOfPage\":{\"@id\":\"https:\\\/\\\/patagoniambiental.com.ar\\\/info\\\/sarmiento-y-pico-truncado-realizaron-jornadas-ambientales\\\/#primaryimage\"},\"image\":{\"@id\":\"https:\\\/\\\/patagoniambiental.com.ar\\\/info\\\/sarmiento-y-pico-truncado-realizaron-jornadas-ambientales\\\/#primaryimage\"},\"thumbnailUrl\":\"https:\\\/\\\/patagoniambiental.com.ar\\\/info\\\/wp-content\\\/uploads\\\/2018\\\/06\\\/jornadas-ambiente.jpg\",\"datePublished\":\"2018-06-11T12:00:09+00:00\",\"breadcrumb\":{\"@id\":\"https:\\\/\\\/patagoniambiental.com.ar\\\/info\\\/sarmiento-y-pico-truncado-realizaron-jornadas-ambientales\\\/#breadcrumb\"},\"inLanguage\":\"es\",\"potentialAction\":[{\"@type\":\"ReadAction\",\"target\":[\"https:\\\/\\\/patagoniambiental.com.ar\\\/info\\\/sarmiento-y-pico-truncado-realizaron-jornadas-ambientales\\\/\"]}]},{\"@type\":\"ImageObject\",\"inLanguage\":\"es\",\"@id\":\"https:\\\/\\\/patagoniambiental.com.ar\\\/info\\\/sarmiento-y-pico-truncado-realizaron-jornadas-ambientales\\\/#primaryimage\",\"url\":\"https:\\\/\\\/patagoniambiental.com.ar\\\/info\\\/wp-content\\\/uploads\\\/2018\\\/06\\\/jornadas-ambiente.jpg\",\"contentUrl\":\"https:\\\/\\\/patagoniambiental.com.ar\\\/info\\\/wp-content\\\/uploads\\\/2018\\\/06\\\/jornadas-ambiente.jpg\",\"width\":1280,\"height\":853},{\"@type\":\"BreadcrumbList\",\"@id\":\"https:\\\/\\\/patagoniambiental.com.ar\\\/info\\\/sarmiento-y-pico-truncado-realizaron-jornadas-ambientales\\\/#breadcrumb\",\"itemListElement\":[{\"@type\":\"ListItem\",\"position\":1,\"name\":\"Inicio\",\"item\":\"https:\\\/\\\/patagoniambiental.com.ar\\\/info\\\/\"},{\"@type\":\"ListItem\",\"position\":2,\"name\":\"Sarmiento y Pico Truncado realizaron Jornadas Ambientales\"}]},{\"@type\":\"WebSite\",\"@id\":\"https:\\\/\\\/patagoniambiental.com.ar\\\/info\\\/#website\",\"url\":\"https:\\\/\\\/patagoniambiental.com.ar\\\/info\\\/\",\"name\":\"Patagonia Ambiental\",\"description\":\"Monitoreo y an\u00e1lisis de la situaci\u00f3n geopol\u00edtica en el mundo y su implicancia en la Patagonia\",\"publisher\":{\"@id\":\"https:\\\/\\\/patagoniambiental.com.ar\\\/info\\\/#organization\"},\"potentialAction\":[{\"@type\":\"SearchAction\",\"target\":{\"@type\":\"EntryPoint\",\"urlTemplate\":\"https:\\\/\\\/patagoniambiental.com.ar\\\/info\\\/?s={search_term_string}\"},\"query-input\":{\"@type\":\"PropertyValueSpecification\",\"valueRequired\":true,\"valueName\":\"search_term_string\"}}],\"inLanguage\":\"es\"},{\"@type\":\"Organization\",\"@id\":\"https:\\\/\\\/patagoniambiental.com.ar\\\/info\\\/#organization\",\"name\":\"Patagonia Ambiental\",\"url\":\"https:\\\/\\\/patagoniambiental.com.ar\\\/info\\\/\",\"logo\":{\"@type\":\"ImageObject\",\"inLanguage\":\"es\",\"@id\":\"https:\\\/\\\/patagoniambiental.com.ar\\\/info\\\/#\\\/schema\\\/logo\\\/image\\\/\",\"url\":\"https:\\\/\\\/patagoniambiental.com.ar\\\/info\\\/wp-content\\\/uploads\\\/2025\\\/05\\\/LOGO-PATAGONIA-AMBIENTAL.png\",\"contentUrl\":\"https:\\\/\\\/patagoniambiental.com.ar\\\/info\\\/wp-content\\\/uploads\\\/2025\\\/05\\\/LOGO-PATAGONIA-AMBIENTAL.png\",\"width\":433,\"height\":250,\"caption\":\"Patagonia Ambiental\"},\"image\":{\"@id\":\"https:\\\/\\\/patagoniambiental.com.ar\\\/info\\\/#\\\/schema\\\/logo\\\/image\\\/\"},\"sameAs\":[\"https:\\\/\\\/www.facebook.com\\\/patagonia.ambiental\",\"https:\\\/\\\/x.com\\\/PatAmb\"]},{\"@type\":\"Person\",\"@id\":\"https:\\\/\\\/patagoniambiental.com.ar\\\/info\\\/#\\\/schema\\\/person\\\/db12bff64bbcbf6a253710bf0ea37b5d\",\"name\":\"Patagonia Ambiental\",\"description\":\"Andr\u00e9s Nievas T\u00e9cnico en manejo ambiental, consultor Ambiental y escritor para medios locales e internacionales sobre temas de geopolitica y medio ambiente.\",\"sameAs\":[\"http:\\\/\\\/www.patagoniambiental.com.ar\",\"https:\\\/\\\/www.facebook.com\\\/share\\\/1C1V8Gv9BX\\\/?mibextid=qi2Omg\",\"@patagoniambiental\",\"https:\\\/\\\/youtube.com\\\/@patagoniaambiental2023?si=BLt58t0wuXquxlYZ\"]}]}<\/script>\n<!-- \/ Yoast SEO Premium plugin. -->","yoast_head_json":{"title":"Sarmiento y Pico Truncado realizaron Jornadas Ambientales","robots":{"index":"index","follow":"follow","max-snippet":"max-snippet:-1","max-image-preview":"max-image-preview:large","max-video-preview":"max-video-preview:-1"},"canonical":"https:\/\/patagoniambiental.com.ar\/info\/sarmiento-y-pico-truncado-realizaron-jornadas-ambientales\/","og_locale":"es_ES","og_type":"article","og_title":"Sarmiento y Pico Truncado realizaron Jornadas Ambientales","og_description":"SARMIENTO.- Ratificando su compromiso con el cuidado del ambiente y la sustentabilidad, Pan American Energy (PAE) acompa\u00f1\u00f3 la 14\u00b0 edici\u00f3n [&hellip;]","og_url":"https:\/\/patagoniambiental.com.ar\/info\/sarmiento-y-pico-truncado-realizaron-jornadas-ambientales\/","og_site_name":"Patagonia Ambiental","article_publisher":"https:\/\/www.facebook.com\/patagonia.ambiental","article_author":"https:\/\/www.facebook.com\/share\/1C1V8Gv9BX\/?mibextid=qi2Omg","article_published_time":"2018-06-11T12:00:09+00:00","og_image":[{"width":1280,"height":853,"url":"https:\/\/patagoniambiental.com.ar\/info\/wp-content\/uploads\/2018\/06\/jornadas-ambiente.jpg","type":"image\/jpeg"}],"author":"Patagonia Ambiental","twitter_card":"summary_large_image","twitter_creator":"@PatAmb","twitter_site":"@PatAmb","schema":{"@context":"https:\/\/schema.org","@graph":[{"@type":"Article","@id":"https:\/\/patagoniambiental.com.ar\/info\/sarmiento-y-pico-truncado-realizaron-jornadas-ambientales\/#article","isPartOf":{"@id":"https:\/\/patagoniambiental.com.ar\/info\/sarmiento-y-pico-truncado-realizaron-jornadas-ambientales\/"},"author":{"name":"Patagonia Ambiental","@id":"https:\/\/patagoniambiental.com.ar\/info\/#\/schema\/person\/db12bff64bbcbf6a253710bf0ea37b5d"},"headline":"Sarmiento y Pico Truncado realizaron Jornadas Ambientales","datePublished":"2018-06-11T12:00:09+00:00","mainEntityOfPage":{"@id":"https:\/\/patagoniambiental.com.ar\/info\/sarmiento-y-pico-truncado-realizaron-jornadas-ambientales\/"},"wordCount":366,"commentCount":0,"publisher":{"@id":"https:\/\/patagoniambiental.com.ar\/info\/#organization"},"image":{"@id":"https:\/\/patagoniambiental.com.ar\/info\/sarmiento-y-pico-truncado-realizaron-jornadas-ambientales\/#primaryimage"},"thumbnailUrl":"https:\/\/patagoniambiental.com.ar\/info\/wp-content\/uploads\/2018\/06\/jornadas-ambiente.jpg","articleSection":["Municipios","Noticias"],"inLanguage":"es","potentialAction":[{"@type":"CommentAction","name":"Comment","target":["https:\/\/patagoniambiental.com.ar\/info\/sarmiento-y-pico-truncado-realizaron-jornadas-ambientales\/#respond"]}]},{"@type":"WebPage","@id":"https:\/\/patagoniambiental.com.ar\/info\/sarmiento-y-pico-truncado-realizaron-jornadas-ambientales\/","url":"https:\/\/patagoniambiental.com.ar\/info\/sarmiento-y-pico-truncado-realizaron-jornadas-ambientales\/","name":"Sarmiento y Pico Truncado realizaron Jornadas Ambientales","isPartOf":{"@id":"https:\/\/patagoniambiental.com.ar\/info\/#website"},"primaryImageOfPage":{"@id":"https:\/\/patagoniambiental.com.ar\/info\/sarmiento-y-pico-truncado-realizaron-jornadas-ambientales\/#primaryimage"},"image":{"@id":"https:\/\/patagoniambiental.com.ar\/info\/sarmiento-y-pico-truncado-realizaron-jornadas-ambientales\/#primaryimage"},"thumbnailUrl":"https:\/\/patagoniambiental.com.ar\/info\/wp-content\/uploads\/2018\/06\/jornadas-ambiente.jpg","datePublished":"2018-06-11T12:00:09+00:00","breadcrumb":{"@id":"https:\/\/patagoniambiental.com.ar\/info\/sarmiento-y-pico-truncado-realizaron-jornadas-ambientales\/#breadcrumb"},"inLanguage":"es","potentialAction":[{"@type":"ReadAction","target":["https:\/\/patagoniambiental.com.ar\/info\/sarmiento-y-pico-truncado-realizaron-jornadas-ambientales\/"]}]},{"@type":"ImageObject","inLanguage":"es","@id":"https:\/\/patagoniambiental.com.ar\/info\/sarmiento-y-pico-truncado-realizaron-jornadas-ambientales\/#primaryimage","url":"https:\/\/patagoniambiental.com.ar\/info\/wp-content\/uploads\/2018\/06\/jornadas-ambiente.jpg","contentUrl":"https:\/\/patagoniambiental.com.ar\/info\/wp-content\/uploads\/2018\/06\/jornadas-ambiente.jpg","width":1280,"height":853},{"@type":"BreadcrumbList","@id":"https:\/\/patagoniambiental.com.ar\/info\/sarmiento-y-pico-truncado-realizaron-jornadas-ambientales\/#breadcrumb","itemListElement":[{"@type":"ListItem","position":1,"name":"Inicio","item":"https:\/\/patagoniambiental.com.ar\/info\/"},{"@type":"ListItem","position":2,"name":"Sarmiento y Pico Truncado realizaron Jornadas Ambientales"}]},{"@type":"WebSite","@id":"https:\/\/patagoniambiental.com.ar\/info\/#website","url":"https:\/\/patagoniambiental.com.ar\/info\/","name":"Patagonia Ambiental","description":"Monitoreo y an\u00e1lisis de la situaci\u00f3n geopol\u00edtica en el mundo y su implicancia en la Patagonia","publisher":{"@id":"https:\/\/patagoniambiental.com.ar\/info\/#organization"},"potentialAction":[{"@type":"SearchAction","target":{"@type":"EntryPoint","urlTemplate":"https:\/\/patagoniambiental.com.ar\/info\/?s={search_term_string}"},"query-input":{"@type":"PropertyValueSpecification","valueRequired":true,"valueName":"search_term_string"}}],"inLanguage":"es"},{"@type":"Organization","@id":"https:\/\/patagoniambiental.com.ar\/info\/#organization","name":"Patagonia Ambiental","url":"https:\/\/patagoniambiental.com.ar\/info\/","logo":{"@type":"ImageObject","inLanguage":"es","@id":"https:\/\/patagoniambiental.com.ar\/info\/#\/schema\/logo\/image\/","url":"https:\/\/patagoniambiental.com.ar\/info\/wp-content\/uploads\/2025\/05\/LOGO-PATAGONIA-AMBIENTAL.png","contentUrl":"https:\/\/patagoniambiental.com.ar\/info\/wp-content\/uploads\/2025\/05\/LOGO-PATAGONIA-AMBIENTAL.png","width":433,"height":250,"caption":"Patagonia Ambiental"},"image":{"@id":"https:\/\/patagoniambiental.com.ar\/info\/#\/schema\/logo\/image\/"},"sameAs":["https:\/\/www.facebook.com\/patagonia.ambiental","https:\/\/x.com\/PatAmb"]},{"@type":"Person","@id":"https:\/\/patagoniambiental.com.ar\/info\/#\/schema\/person\/db12bff64bbcbf6a253710bf0ea37b5d","name":"Patagonia Ambiental","description":"Andr\u00e9s Nievas T\u00e9cnico en manejo ambiental, consultor Ambiental y escritor para medios locales e internacionales sobre temas de geopolitica y medio ambiente.","sameAs":["http:\/\/www.patagoniambiental.com.ar","https:\/\/www.facebook.com\/share\/1C1V8Gv9BX\/?mibextid=qi2Omg","@patagoniambiental","https:\/\/youtube.com\/@patagoniaambiental2023?si=BLt58t0wuXquxlYZ"]}]}},"_links":{"self":[{"href":"https:\/\/patagoniambiental.com.ar\/info\/wp-json\/wp\/v2\/posts\/48059","targetHints":{"allow":["GET"]}}],"collection":[{"href":"https:\/\/patagoniambiental.com.ar\/info\/wp-json\/wp\/v2\/posts"}],"about":[{"href":"https:\/\/patagoniambiental.com.ar\/info\/wp-json\/wp\/v2\/types\/post"}],"author":[{"embeddable":true,"href":"https:\/\/patagoniambiental.com.ar\/info\/wp-json\/wp\/v2\/users\/2"}],"replies":[{"embeddable":true,"href":"https:\/\/patagoniambiental.com.ar\/info\/wp-json\/wp\/v2\/comments?post=48059"}],"version-history":[{"count":0,"href":"https:\/\/patagoniambiental.com.ar\/info\/wp-json\/wp\/v2\/posts\/48059\/revisions"}],"wp:featuredmedia":[{"embeddable":true,"href":"https:\/\/patagoniambiental.com.ar\/info\/wp-json\/wp\/v2\/media\/48060"}],"wp:attachment":[{"href":"https:\/\/patagoniambiental.com.ar\/info\/wp-json\/wp\/v2\/media?parent=48059"}],"wp:term":[{"taxonomy":"category","embeddable":true,"href":"https:\/\/patagoniambiental.com.ar\/info\/wp-json\/wp\/v2\/categories?post=48059"},{"taxonomy":"post_tag","embeddable":true,"href":"https:\/\/patagoniambiental.com.ar\/info\/wp-json\/wp\/v2\/tags?post=48059"}],"curies":[{"name":"wp","href":"https:\/\/api.w.org\/{rel}","templated":true}]}}