{"id":48065,"date":"2018-06-11T09:00:36","date_gmt":"2018-06-11T12:00:36","guid":{"rendered":"http:\/\/patagoniambiental.com.ar\/info\/?p=48065"},"modified":"2018-06-10T20:26:53","modified_gmt":"2018-06-10T23:26:53","slug":"papa-francisco-advierte-sobre-destruccion-global-si-no-hay-un-giro-hacia-combustibles-limpios","status":"publish","type":"post","link":"https:\/\/patagoniambiental.com.ar\/info\/papa-francisco-advierte-sobre-destruccion-global-si-no-hay-un-giro-hacia-combustibles-limpios\/","title":{"rendered":"Papa Francisco advierte sobre destrucci\u00f3n global si no hay un giro hacia combustibles limpios"},"content":{"rendered":"<p>CIUDAD DEL VATICANO.- El Papa Francisco advirti\u00f3 el s\u00e1bado que el cambio clim\u00e1tico amenaza con destruir la humanidad y llam\u00f3 a los l\u00edderes de la industria energ\u00e9tica a ayudar al mundo a migrar a combustibles limpios para evitar la cat\u00e1strofe.<\/p>\n<p>\u00abLa civilizaci\u00f3n requiere energ\u00eda pero el uso de energ\u00eda no debe destruir a la civilizaci\u00f3n\u00bb, dijo el sumo pont\u00edfice ante ejecutivos de grandes empresas petroleras, al cierre de una conferencia de dos d\u00edas en el Vaticano.<\/p>\n<p>El cambio clim\u00e1tico es un desaf\u00edo de \u00abproporciones hist\u00f3ricas\u00bb, sostuvo, agregando que el mundo necesita una mezcla de energ\u00eda que combata la poluci\u00f3n, acabe con la pobreza y promueva la justicia social.<\/p>\n<p>La conferencia, que se celebr\u00f3 a puertas cerradas en la Academia Pontificia de Ciencias, reuni\u00f3 a directivos de empresas petroleras, inversores y expertos del Vaticano que, como el Papa, respaldan la opini\u00f3n cient\u00edfica de que el cambio clim\u00e1tico es causado por la actividad humana.<\/p>\n<p>\u00abSabemos que los desaf\u00edos que nosotros enfrentamos est\u00e1n interconectados. Si vamos a eliminar la pobreza y el hambre (&#8230;) m\u00e1s de mil millones de personas que no tienen electricidad hoy deben lograr acceso a ella\u00bb, les dijo Francisco.<\/p>\n<p>\u00abNuestro deseo de asegurar energ\u00eda para todos no debe llevar al efecto no deseado de una espiral de cambios clim\u00e1ticos extremos debido al aumento catastr\u00f3fico en las temperaturas globales, un medioambiente m\u00e1s riguroso y mayores niveles de pobreza\u00bb, agreg\u00f3.<\/p>\n<p>Entre los cerca de 50 participantes del encuentro estuvieron Darren Woods, presidente ejecutivo de ExxonMobil, Claudio Descalzi, jefe de la italiana ENI, Bob Dudley deBP, Eldar Saetre, presidente ejecutivo de la petrolera noruega Equinor (antes Statoil), Vicki Hollub de Occidental Petroleum e inversores incluyendo a Larry Fink de BlackRock.<\/p>\n<p>Francisco, que escribi\u00f3 en 2015 un documento importante llamado \u00abLaudato Si\u00bb (Alabado Seas) acerca de proteger el medioambiente del calentamiento global, dijo que era \u00abpreocupante\u00bb que a\u00fan hubiera una b\u00fasqueda de nuevas reservas de combustibles f\u00f3siles.<\/p>\n<p>Fuente:\u00a0https:\/\/www.swissinfo.ch\/spa\/reuters\/papa-francisco-advierte-sobre-destrucci%C3%B3n-global-si-no-hay-un-giro-hacia-combustibles-limpios\/44179944<\/p>\n","protected":false},"excerpt":{"rendered":"<p>CIUDAD DEL VATICANO.- El Papa Francisco advirti\u00f3 el s\u00e1bado que el cambio clim\u00e1tico amenaza con destruir la humanidad y llam\u00f3 [&hellip;]<\/p>\n","protected":false},"author":2,"featured_media":48066,"comment_status":"open","ping_status":"open","sticky":false,"template":"","format":"standard","meta":{"site-sidebar-layout":"default","site-content-layout":"","ast-site-content-layout":"default","site-content-style":"default","site-sidebar-style":"default","ast-global-header-display":"","ast-banner-title-visibility":"","ast-main-header-display":"","ast-hfb-above-header-display":"","ast-hfb-below-header-display":"","ast-hfb-mobile-header-display":"","site-post-title":"","ast-breadcrumbs-content":"","ast-featured-img":"","footer-sml-layout":"","ast-disable-related-posts":"","theme-transparent-header-meta":"","adv-header-id-meta":"","stick-header-meta":"","header-above-stick-meta":"","header-main-stick-meta":"","header-below-stick-meta":"","astra-migrate-meta-layouts":"default","ast-page-background-enabled":"default","ast-page-background-meta":{"desktop":{"background-color":"var(--ast-global-color-5)","background-image":"","background-repeat":"repeat","background-position":"center center","background-size":"auto","background-attachment":"scroll","background-type":"","background-media":"","overlay-type":"","overlay-color":"","overlay-opacity":"","overlay-gradient":""},"tablet":{"background-color":"","background-image":"","background-repeat":"repeat","background-position":"center center","background-size":"auto","background-attachment":"scroll","background-type":"","background-media":"","overlay-type":"","overlay-color":"","overlay-opacity":"","overlay-gradient":""},"mobile":{"background-color":"","background-image":"","background-repeat":"repeat","background-position":"center center","background-size":"auto","background-attachment":"scroll","background-type":"","background-media":"","overlay-type":"","overlay-color":"","overlay-opacity":"","overlay-gradient":""}},"ast-content-background-meta":{"desktop":{"background-color":"var(--ast-global-color-4)","background-image":"","background-repeat":"repeat","background-position":"center center","background-size":"auto","background-attachment":"scroll","background-type":"","background-media":"","overlay-type":"","overlay-color":"","overlay-opacity":"","overlay-gradient":""},"tablet":{"background-color":"var(--ast-global-color-4)","background-image":"","background-repeat":"repeat","background-position":"center center","background-size":"auto","background-attachment":"scroll","background-type":"","background-media":"","overlay-type":"","overlay-color":"","overlay-opacity":"","overlay-gradient":""},"mobile":{"background-color":"var(--ast-global-color-4)","background-image":"","background-repeat":"repeat","background-position":"center center","background-size":"auto","background-attachment":"scroll","background-type":"","background-media":"","overlay-type":"","overlay-color":"","overlay-opacity":"","overlay-gradient":""}},"footnotes":""},"categories":[23,1],"tags":[],"class_list":["post-48065","post","type-post","status-publish","format-standard","has-post-thumbnail","hentry","category-internacionales","category-noticias"],"yoast_head":"<!-- This site is optimized with the Yoast SEO Premium plugin v23.0 (Yoast SEO v27.4) - https:\/\/yoast.com\/product\/yoast-seo-premium-wordpress\/ -->\n<title>Papa Francisco advierte sobre destrucci\u00f3n global si no hay un giro hacia combustibles limpios<\/title>\n<meta name=\"robots\" content=\"index, follow, max-snippet:-1, max-image-preview:large, max-video-preview:-1\" \/>\n<link rel=\"canonical\" href=\"https:\/\/patagoniambiental.com.ar\/info\/papa-francisco-advierte-sobre-destruccion-global-si-no-hay-un-giro-hacia-combustibles-limpios\/\" \/>\n<meta property=\"og:locale\" content=\"es_ES\" \/>\n<meta property=\"og:type\" content=\"article\" \/>\n<meta property=\"og:title\" content=\"Papa Francisco advierte sobre destrucci\u00f3n global si no hay un giro hacia combustibles limpios\" \/>\n<meta property=\"og:description\" content=\"CIUDAD DEL VATICANO.- El Papa Francisco advirti\u00f3 el s\u00e1bado que el cambio clim\u00e1tico amenaza con destruir la humanidad y llam\u00f3 [&hellip;]\" \/>\n<meta property=\"og:url\" content=\"https:\/\/patagoniambiental.com.ar\/info\/papa-francisco-advierte-sobre-destruccion-global-si-no-hay-un-giro-hacia-combustibles-limpios\/\" \/>\n<meta property=\"og:site_name\" content=\"Patagonia Ambiental\" \/>\n<meta property=\"article:publisher\" content=\"https:\/\/www.facebook.com\/patagonia.ambiental\" \/>\n<meta property=\"article:author\" content=\"https:\/\/www.facebook.com\/share\/1C1V8Gv9BX\/?mibextid=qi2Omg\" \/>\n<meta property=\"article:published_time\" content=\"2018-06-11T12:00:36+00:00\" \/>\n<meta property=\"og:image\" content=\"https:\/\/patagoniambiental.com.ar\/info\/wp-content\/uploads\/2018\/06\/papa-vatocano.jpg\" \/>\n\t<meta property=\"og:image:width\" content=\"640\" \/>\n\t<meta property=\"og:image:height\" content=\"426\" \/>\n\t<meta property=\"og:image:type\" content=\"image\/jpeg\" \/>\n<meta name=\"author\" content=\"Patagonia Ambiental\" \/>\n<meta name=\"twitter:card\" content=\"summary_large_image\" \/>\n<meta name=\"twitter:creator\" content=\"@PatAmb\" \/>\n<meta name=\"twitter:site\" content=\"@PatAmb\" \/>\n<script type=\"application\/ld+json\" class=\"yoast-schema-graph\">{\"@context\":\"https:\\\/\\\/schema.org\",\"@graph\":[{\"@type\":\"Article\",\"@id\":\"https:\\\/\\\/patagoniambiental.com.ar\\\/info\\\/papa-francisco-advierte-sobre-destruccion-global-si-no-hay-un-giro-hacia-combustibles-limpios\\\/#article\",\"isPartOf\":{\"@id\":\"https:\\\/\\\/patagoniambiental.com.ar\\\/info\\\/papa-francisco-advierte-sobre-destruccion-global-si-no-hay-un-giro-hacia-combustibles-limpios\\\/\"},\"author\":{\"name\":\"Patagonia Ambiental\",\"@id\":\"https:\\\/\\\/patagoniambiental.com.ar\\\/info\\\/#\\\/schema\\\/person\\\/db12bff64bbcbf6a253710bf0ea37b5d\"},\"headline\":\"Papa Francisco advierte sobre destrucci\u00f3n global si no hay un giro hacia combustibles limpios\",\"datePublished\":\"2018-06-11T12:00:36+00:00\",\"mainEntityOfPage\":{\"@id\":\"https:\\\/\\\/patagoniambiental.com.ar\\\/info\\\/papa-francisco-advierte-sobre-destruccion-global-si-no-hay-un-giro-hacia-combustibles-limpios\\\/\"},\"wordCount\":367,\"commentCount\":0,\"publisher\":{\"@id\":\"https:\\\/\\\/patagoniambiental.com.ar\\\/info\\\/#organization\"},\"image\":{\"@id\":\"https:\\\/\\\/patagoniambiental.com.ar\\\/info\\\/papa-francisco-advierte-sobre-destruccion-global-si-no-hay-un-giro-hacia-combustibles-limpios\\\/#primaryimage\"},\"thumbnailUrl\":\"https:\\\/\\\/patagoniambiental.com.ar\\\/info\\\/wp-content\\\/uploads\\\/2018\\\/06\\\/papa-vatocano.jpg\",\"articleSection\":[\"Internacionales\",\"Noticias\"],\"inLanguage\":\"es\",\"potentialAction\":[{\"@type\":\"CommentAction\",\"name\":\"Comment\",\"target\":[\"https:\\\/\\\/patagoniambiental.com.ar\\\/info\\\/papa-francisco-advierte-sobre-destruccion-global-si-no-hay-un-giro-hacia-combustibles-limpios\\\/#respond\"]}]},{\"@type\":\"WebPage\",\"@id\":\"https:\\\/\\\/patagoniambiental.com.ar\\\/info\\\/papa-francisco-advierte-sobre-destruccion-global-si-no-hay-un-giro-hacia-combustibles-limpios\\\/\",\"url\":\"https:\\\/\\\/patagoniambiental.com.ar\\\/info\\\/papa-francisco-advierte-sobre-destruccion-global-si-no-hay-un-giro-hacia-combustibles-limpios\\\/\",\"name\":\"Papa Francisco advierte sobre destrucci\u00f3n global si no hay un giro hacia combustibles limpios\",\"isPartOf\":{\"@id\":\"https:\\\/\\\/patagoniambiental.com.ar\\\/info\\\/#website\"},\"primaryImageOfPage\":{\"@id\":\"https:\\\/\\\/patagoniambiental.com.ar\\\/info\\\/papa-francisco-advierte-sobre-destruccion-global-si-no-hay-un-giro-hacia-combustibles-limpios\\\/#primaryimage\"},\"image\":{\"@id\":\"https:\\\/\\\/patagoniambiental.com.ar\\\/info\\\/papa-francisco-advierte-sobre-destruccion-global-si-no-hay-un-giro-hacia-combustibles-limpios\\\/#primaryimage\"},\"thumbnailUrl\":\"https:\\\/\\\/patagoniambiental.com.ar\\\/info\\\/wp-content\\\/uploads\\\/2018\\\/06\\\/papa-vatocano.jpg\",\"datePublished\":\"2018-06-11T12:00:36+00:00\",\"breadcrumb\":{\"@id\":\"https:\\\/\\\/patagoniambiental.com.ar\\\/info\\\/papa-francisco-advierte-sobre-destruccion-global-si-no-hay-un-giro-hacia-combustibles-limpios\\\/#breadcrumb\"},\"inLanguage\":\"es\",\"potentialAction\":[{\"@type\":\"ReadAction\",\"target\":[\"https:\\\/\\\/patagoniambiental.com.ar\\\/info\\\/papa-francisco-advierte-sobre-destruccion-global-si-no-hay-un-giro-hacia-combustibles-limpios\\\/\"]}]},{\"@type\":\"ImageObject\",\"inLanguage\":\"es\",\"@id\":\"https:\\\/\\\/patagoniambiental.com.ar\\\/info\\\/papa-francisco-advierte-sobre-destruccion-global-si-no-hay-un-giro-hacia-combustibles-limpios\\\/#primaryimage\",\"url\":\"https:\\\/\\\/patagoniambiental.com.ar\\\/info\\\/wp-content\\\/uploads\\\/2018\\\/06\\\/papa-vatocano.jpg\",\"contentUrl\":\"https:\\\/\\\/patagoniambiental.com.ar\\\/info\\\/wp-content\\\/uploads\\\/2018\\\/06\\\/papa-vatocano.jpg\",\"width\":640,\"height\":426},{\"@type\":\"BreadcrumbList\",\"@id\":\"https:\\\/\\\/patagoniambiental.com.ar\\\/info\\\/papa-francisco-advierte-sobre-destruccion-global-si-no-hay-un-giro-hacia-combustibles-limpios\\\/#breadcrumb\",\"itemListElement\":[{\"@type\":\"ListItem\",\"position\":1,\"name\":\"Inicio\",\"item\":\"https:\\\/\\\/patagoniambiental.com.ar\\\/info\\\/\"},{\"@type\":\"ListItem\",\"position\":2,\"name\":\"Papa Francisco advierte sobre destrucci\u00f3n global si no hay un giro hacia combustibles limpios\"}]},{\"@type\":\"WebSite\",\"@id\":\"https:\\\/\\\/patagoniambiental.com.ar\\\/info\\\/#website\",\"url\":\"https:\\\/\\\/patagoniambiental.com.ar\\\/info\\\/\",\"name\":\"Patagonia Ambiental\",\"description\":\"Monitoreo y an\u00e1lisis de la situaci\u00f3n geopol\u00edtica en el mundo y su implicancia en la Patagonia\",\"publisher\":{\"@id\":\"https:\\\/\\\/patagoniambiental.com.ar\\\/info\\\/#organization\"},\"potentialAction\":[{\"@type\":\"SearchAction\",\"target\":{\"@type\":\"EntryPoint\",\"urlTemplate\":\"https:\\\/\\\/patagoniambiental.com.ar\\\/info\\\/?s={search_term_string}\"},\"query-input\":{\"@type\":\"PropertyValueSpecification\",\"valueRequired\":true,\"valueName\":\"search_term_string\"}}],\"inLanguage\":\"es\"},{\"@type\":\"Organization\",\"@id\":\"https:\\\/\\\/patagoniambiental.com.ar\\\/info\\\/#organization\",\"name\":\"Patagonia Ambiental\",\"url\":\"https:\\\/\\\/patagoniambiental.com.ar\\\/info\\\/\",\"logo\":{\"@type\":\"ImageObject\",\"inLanguage\":\"es\",\"@id\":\"https:\\\/\\\/patagoniambiental.com.ar\\\/info\\\/#\\\/schema\\\/logo\\\/image\\\/\",\"url\":\"https:\\\/\\\/patagoniambiental.com.ar\\\/info\\\/wp-content\\\/uploads\\\/2025\\\/05\\\/LOGO-PATAGONIA-AMBIENTAL.png\",\"contentUrl\":\"https:\\\/\\\/patagoniambiental.com.ar\\\/info\\\/wp-content\\\/uploads\\\/2025\\\/05\\\/LOGO-PATAGONIA-AMBIENTAL.png\",\"width\":433,\"height\":250,\"caption\":\"Patagonia Ambiental\"},\"image\":{\"@id\":\"https:\\\/\\\/patagoniambiental.com.ar\\\/info\\\/#\\\/schema\\\/logo\\\/image\\\/\"},\"sameAs\":[\"https:\\\/\\\/www.facebook.com\\\/patagonia.ambiental\",\"https:\\\/\\\/x.com\\\/PatAmb\"]},{\"@type\":\"Person\",\"@id\":\"https:\\\/\\\/patagoniambiental.com.ar\\\/info\\\/#\\\/schema\\\/person\\\/db12bff64bbcbf6a253710bf0ea37b5d\",\"name\":\"Patagonia Ambiental\",\"description\":\"Andr\u00e9s Nievas T\u00e9cnico en manejo ambiental, consultor Ambiental y escritor para medios locales e internacionales sobre temas de geopolitica y medio ambiente.\",\"sameAs\":[\"http:\\\/\\\/www.patagoniambiental.com.ar\",\"https:\\\/\\\/www.facebook.com\\\/share\\\/1C1V8Gv9BX\\\/?mibextid=qi2Omg\",\"@patagoniambiental\",\"https:\\\/\\\/youtube.com\\\/@patagoniaambiental2023?si=BLt58t0wuXquxlYZ\"]}]}<\/script>\n<!-- \/ Yoast SEO Premium plugin. -->","yoast_head_json":{"title":"Papa Francisco advierte sobre destrucci\u00f3n global si no hay un giro hacia combustibles limpios","robots":{"index":"index","follow":"follow","max-snippet":"max-snippet:-1","max-image-preview":"max-image-preview:large","max-video-preview":"max-video-preview:-1"},"canonical":"https:\/\/patagoniambiental.com.ar\/info\/papa-francisco-advierte-sobre-destruccion-global-si-no-hay-un-giro-hacia-combustibles-limpios\/","og_locale":"es_ES","og_type":"article","og_title":"Papa Francisco advierte sobre destrucci\u00f3n global si no hay un giro hacia combustibles limpios","og_description":"CIUDAD DEL VATICANO.- El Papa Francisco advirti\u00f3 el s\u00e1bado que el cambio clim\u00e1tico amenaza con destruir la humanidad y llam\u00f3 [&hellip;]","og_url":"https:\/\/patagoniambiental.com.ar\/info\/papa-francisco-advierte-sobre-destruccion-global-si-no-hay-un-giro-hacia-combustibles-limpios\/","og_site_name":"Patagonia Ambiental","article_publisher":"https:\/\/www.facebook.com\/patagonia.ambiental","article_author":"https:\/\/www.facebook.com\/share\/1C1V8Gv9BX\/?mibextid=qi2Omg","article_published_time":"2018-06-11T12:00:36+00:00","og_image":[{"width":640,"height":426,"url":"https:\/\/patagoniambiental.com.ar\/info\/wp-content\/uploads\/2018\/06\/papa-vatocano.jpg","type":"image\/jpeg"}],"author":"Patagonia Ambiental","twitter_card":"summary_large_image","twitter_creator":"@PatAmb","twitter_site":"@PatAmb","schema":{"@context":"https:\/\/schema.org","@graph":[{"@type":"Article","@id":"https:\/\/patagoniambiental.com.ar\/info\/papa-francisco-advierte-sobre-destruccion-global-si-no-hay-un-giro-hacia-combustibles-limpios\/#article","isPartOf":{"@id":"https:\/\/patagoniambiental.com.ar\/info\/papa-francisco-advierte-sobre-destruccion-global-si-no-hay-un-giro-hacia-combustibles-limpios\/"},"author":{"name":"Patagonia Ambiental","@id":"https:\/\/patagoniambiental.com.ar\/info\/#\/schema\/person\/db12bff64bbcbf6a253710bf0ea37b5d"},"headline":"Papa Francisco advierte sobre destrucci\u00f3n global si no hay un giro hacia combustibles limpios","datePublished":"2018-06-11T12:00:36+00:00","mainEntityOfPage":{"@id":"https:\/\/patagoniambiental.com.ar\/info\/papa-francisco-advierte-sobre-destruccion-global-si-no-hay-un-giro-hacia-combustibles-limpios\/"},"wordCount":367,"commentCount":0,"publisher":{"@id":"https:\/\/patagoniambiental.com.ar\/info\/#organization"},"image":{"@id":"https:\/\/patagoniambiental.com.ar\/info\/papa-francisco-advierte-sobre-destruccion-global-si-no-hay-un-giro-hacia-combustibles-limpios\/#primaryimage"},"thumbnailUrl":"https:\/\/patagoniambiental.com.ar\/info\/wp-content\/uploads\/2018\/06\/papa-vatocano.jpg","articleSection":["Internacionales","Noticias"],"inLanguage":"es","potentialAction":[{"@type":"CommentAction","name":"Comment","target":["https:\/\/patagoniambiental.com.ar\/info\/papa-francisco-advierte-sobre-destruccion-global-si-no-hay-un-giro-hacia-combustibles-limpios\/#respond"]}]},{"@type":"WebPage","@id":"https:\/\/patagoniambiental.com.ar\/info\/papa-francisco-advierte-sobre-destruccion-global-si-no-hay-un-giro-hacia-combustibles-limpios\/","url":"https:\/\/patagoniambiental.com.ar\/info\/papa-francisco-advierte-sobre-destruccion-global-si-no-hay-un-giro-hacia-combustibles-limpios\/","name":"Papa Francisco advierte sobre destrucci\u00f3n global si no hay un giro hacia combustibles limpios","isPartOf":{"@id":"https:\/\/patagoniambiental.com.ar\/info\/#website"},"primaryImageOfPage":{"@id":"https:\/\/patagoniambiental.com.ar\/info\/papa-francisco-advierte-sobre-destruccion-global-si-no-hay-un-giro-hacia-combustibles-limpios\/#primaryimage"},"image":{"@id":"https:\/\/patagoniambiental.com.ar\/info\/papa-francisco-advierte-sobre-destruccion-global-si-no-hay-un-giro-hacia-combustibles-limpios\/#primaryimage"},"thumbnailUrl":"https:\/\/patagoniambiental.com.ar\/info\/wp-content\/uploads\/2018\/06\/papa-vatocano.jpg","datePublished":"2018-06-11T12:00:36+00:00","breadcrumb":{"@id":"https:\/\/patagoniambiental.com.ar\/info\/papa-francisco-advierte-sobre-destruccion-global-si-no-hay-un-giro-hacia-combustibles-limpios\/#breadcrumb"},"inLanguage":"es","potentialAction":[{"@type":"ReadAction","target":["https:\/\/patagoniambiental.com.ar\/info\/papa-francisco-advierte-sobre-destruccion-global-si-no-hay-un-giro-hacia-combustibles-limpios\/"]}]},{"@type":"ImageObject","inLanguage":"es","@id":"https:\/\/patagoniambiental.com.ar\/info\/papa-francisco-advierte-sobre-destruccion-global-si-no-hay-un-giro-hacia-combustibles-limpios\/#primaryimage","url":"https:\/\/patagoniambiental.com.ar\/info\/wp-content\/uploads\/2018\/06\/papa-vatocano.jpg","contentUrl":"https:\/\/patagoniambiental.com.ar\/info\/wp-content\/uploads\/2018\/06\/papa-vatocano.jpg","width":640,"height":426},{"@type":"BreadcrumbList","@id":"https:\/\/patagoniambiental.com.ar\/info\/papa-francisco-advierte-sobre-destruccion-global-si-no-hay-un-giro-hacia-combustibles-limpios\/#breadcrumb","itemListElement":[{"@type":"ListItem","position":1,"name":"Inicio","item":"https:\/\/patagoniambiental.com.ar\/info\/"},{"@type":"ListItem","position":2,"name":"Papa Francisco advierte sobre destrucci\u00f3n global si no hay un giro hacia combustibles limpios"}]},{"@type":"WebSite","@id":"https:\/\/patagoniambiental.com.ar\/info\/#website","url":"https:\/\/patagoniambiental.com.ar\/info\/","name":"Patagonia Ambiental","description":"Monitoreo y an\u00e1lisis de la situaci\u00f3n geopol\u00edtica en el mundo y su implicancia en la Patagonia","publisher":{"@id":"https:\/\/patagoniambiental.com.ar\/info\/#organization"},"potentialAction":[{"@type":"SearchAction","target":{"@type":"EntryPoint","urlTemplate":"https:\/\/patagoniambiental.com.ar\/info\/?s={search_term_string}"},"query-input":{"@type":"PropertyValueSpecification","valueRequired":true,"valueName":"search_term_string"}}],"inLanguage":"es"},{"@type":"Organization","@id":"https:\/\/patagoniambiental.com.ar\/info\/#organization","name":"Patagonia Ambiental","url":"https:\/\/patagoniambiental.com.ar\/info\/","logo":{"@type":"ImageObject","inLanguage":"es","@id":"https:\/\/patagoniambiental.com.ar\/info\/#\/schema\/logo\/image\/","url":"https:\/\/patagoniambiental.com.ar\/info\/wp-content\/uploads\/2025\/05\/LOGO-PATAGONIA-AMBIENTAL.png","contentUrl":"https:\/\/patagoniambiental.com.ar\/info\/wp-content\/uploads\/2025\/05\/LOGO-PATAGONIA-AMBIENTAL.png","width":433,"height":250,"caption":"Patagonia Ambiental"},"image":{"@id":"https:\/\/patagoniambiental.com.ar\/info\/#\/schema\/logo\/image\/"},"sameAs":["https:\/\/www.facebook.com\/patagonia.ambiental","https:\/\/x.com\/PatAmb"]},{"@type":"Person","@id":"https:\/\/patagoniambiental.com.ar\/info\/#\/schema\/person\/db12bff64bbcbf6a253710bf0ea37b5d","name":"Patagonia Ambiental","description":"Andr\u00e9s Nievas T\u00e9cnico en manejo ambiental, consultor Ambiental y escritor para medios locales e internacionales sobre temas de geopolitica y medio ambiente.","sameAs":["http:\/\/www.patagoniambiental.com.ar","https:\/\/www.facebook.com\/share\/1C1V8Gv9BX\/?mibextid=qi2Omg","@patagoniambiental","https:\/\/youtube.com\/@patagoniaambiental2023?si=BLt58t0wuXquxlYZ"]}]}},"_links":{"self":[{"href":"https:\/\/patagoniambiental.com.ar\/info\/wp-json\/wp\/v2\/posts\/48065","targetHints":{"allow":["GET"]}}],"collection":[{"href":"https:\/\/patagoniambiental.com.ar\/info\/wp-json\/wp\/v2\/posts"}],"about":[{"href":"https:\/\/patagoniambiental.com.ar\/info\/wp-json\/wp\/v2\/types\/post"}],"author":[{"embeddable":true,"href":"https:\/\/patagoniambiental.com.ar\/info\/wp-json\/wp\/v2\/users\/2"}],"replies":[{"embeddable":true,"href":"https:\/\/patagoniambiental.com.ar\/info\/wp-json\/wp\/v2\/comments?post=48065"}],"version-history":[{"count":0,"href":"https:\/\/patagoniambiental.com.ar\/info\/wp-json\/wp\/v2\/posts\/48065\/revisions"}],"wp:featuredmedia":[{"embeddable":true,"href":"https:\/\/patagoniambiental.com.ar\/info\/wp-json\/wp\/v2\/media\/48066"}],"wp:attachment":[{"href":"https:\/\/patagoniambiental.com.ar\/info\/wp-json\/wp\/v2\/media?parent=48065"}],"wp:term":[{"taxonomy":"category","embeddable":true,"href":"https:\/\/patagoniambiental.com.ar\/info\/wp-json\/wp\/v2\/categories?post=48065"},{"taxonomy":"post_tag","embeddable":true,"href":"https:\/\/patagoniambiental.com.ar\/info\/wp-json\/wp\/v2\/tags?post=48065"}],"curies":[{"name":"wp","href":"https:\/\/api.w.org\/{rel}","templated":true}]}}