{"id":48068,"date":"2018-06-11T09:00:14","date_gmt":"2018-06-11T12:00:14","guid":{"rendered":"http:\/\/patagoniambiental.com.ar\/info\/?p=48068"},"modified":"2018-06-10T20:35:26","modified_gmt":"2018-06-10T23:35:26","slug":"inibioma-invita-a-la-semana-de-la-biodiversidad-y-el-medioambiente","status":"publish","type":"post","link":"https:\/\/patagoniambiental.com.ar\/info\/inibioma-invita-a-la-semana-de-la-biodiversidad-y-el-medioambiente\/","title":{"rendered":"INIBIOMA invita a la Semana de la Biodiversidad y el Medioambiente"},"content":{"rendered":"<div class=\"contenido_individual_noticia\">\n<p>El Instituto de Investigaciones en Biodiversidad y Medioambiente ( INIBIOMA) abre sus puertas nuevamente para invitarlos a recorrer los laboratorios itinerantes que instalar\u00e1n en el SCUM. Consulte aqu\u00ed todo el programa.<\/p>\n<p>INIBIOMA Abierto se desarrollar\u00e1 en la semana del 11 al 15 de junio de 2018, en el Sal\u00f3n Cultural del Usos M\u00faltiples (SCUM). Esta propuesta tiene el objetivo de acercar el conocimiento cient\u00edfico a toda la sociedad, por ello se invita a la comunidad barilochense, y especialmente a las escuelas, a recorrer el INIBIOMA y participar de las actividades programadas a trav\u00e9s de talleres, charlas y experimentos que pensamos para ni\u00f1os y adultos.<\/p>\n<p>A continuaci\u00f3n el programa completo de actividades, algunas de ellas con\u00a0inscripci\u00f3n previa.<\/p>\n<p>\u2022 \u00bfDe d\u00f3nde sac\u00f3 sus cuernos el escarabajo?. Charla a cargo del Dr. Eduardo Zattara<br \/>\n\u2022 Aves del bosque \u2013 Charla a cargo de la Dra. Valeria Ojeda<br \/>\n\u2022 Uso sostenible de guanacos silvestres como modelo de producci\u00f3n complementario a la ganader\u00edatradicional.<br \/>\nCharla a cargo del Grupo de Investigaci\u00f3n de Ecofisiolog\u00eda de Fauna Silvestre (GIEFAS).<br \/>\n\u2022 Lago Nahuel Huapi, el Parque Nacional oculto. Charla a cargo del Dr. Pablo Vigliano<br \/>\n\u2022 Los lagos y los r\u00edos testigos del cambio clim\u00e1tico. Charla a cargo del Dr. Nicol\u00e1s Martiniuk<\/p>\n<p>Los docentes que deseen participar de las actividades programadas y de la muestra interactiva podr\u00e1n reservar su lugar en\u00a0<em>contactoinibioma@comahue-conicet.gob.ar<\/em><\/p>\n<p><strong>Stands Interactivos<\/strong><br \/>\nLunes a Viernes de 9:30 a 12 y de 14 a 16 hs.<br \/>\n&#8211; Actividad para estudiantes de nivel primario con inscripci\u00f3n previa \u00fanicamente comunic\u00e1ndose al siguiente mail\u00a0contactoinibioma@comahue-conicet.gob.ar.<br \/>\n\u2022 Alien\u00edgenas Invasores en Patagonia. Grupo de Ecolog\u00eda de Invasiones<br \/>\n\u2022 Insectos a lo grande e Interacciones Planta-Animal y sus servicios ecosist\u00e9micos: ecolog\u00eda y comportamiento de hormigas, polinizaci\u00f3n, herb\u00edvora, dispersores de frutos y semillas e interacciones m\u00faltiples. Grupo de Ecolog\u00eda de las Interacciones.<br \/>\n\u2022 Grupo de Ornitolog\u00eda en Patagonia: investigaci\u00f3n y conservaci\u00f3n<br \/>\n\u2022 Descubriendo la variaci\u00f3n gen\u00e9tica. Grupo de Gen\u00e9tica Ecol\u00f3gica y Evolutiva.<br \/>\n\u2022 Biodiversidad oculta. Laboratorio de Parasitolog\u00eda.<br \/>\n\u2022 Fuego, cenizas, ganado y otros disturbios en la estepa. Grupo de Ecolog\u00eda de Estepas.<br \/>\n\u2022 Calidad de aguas y recursos acu\u00e1ticos de lagos, r\u00edos y embalses. Grupo de Calidad de Aguas y Recursos Acu\u00e1ticos (GECARA)<br \/>\n\u2022 El agua: sus habitantes y su cuidado. Grupo de Ecolog\u00eda de Sistemas Acu\u00e1ticos a escala de Paisaje (GESAP)<br \/>\n\u2022 Evaluaci\u00f3n y Manejo de Recursos Icticos. Grupo de Evaluaci\u00f3n y Manejo de Recursos Icticos (GEMaRI).<br \/>\n\u2022 \u00bfQu\u00e9 nos dicen nuestros lagos y r\u00edos?. Laboratorio de Limnolog\u00eda.<br \/>\n\u2022 \u00bfQu\u00e9 tiene que ver el suelo con los residuos? Reciclaje en la naturaleza, en la ciudad y en casa. Grupo de suelos.<br \/>\n\u2022 Plantas con ciencia. Laboratorio de Bot\u00e1nica<br \/>\n\u2022 C\u00f3mo afecta la temperatura a la locomoci\u00f3n de anfibios y reptiles. Laboratorio de Ecolog\u00eda, Biolog\u00eda Evolutiva y Comportamiento de Herpetozoos (LEBECH).<br \/>\n\u2022 Conocer para conservar: descubr\u00ed a los asombrosos reptiles.Laboratorio de Ecofisiolog\u00eda e Historia de la vida de Reptiles.<br \/>\n\u2022 Curiosidades que estudia la Etnobiolog\u00eda. Grupo de Etnobiolog\u00eda.<br \/>\n\u2022 Paleontolog\u00eda bajo la lupa. Laboratorio de Micropaleontolog\u00eda, Paleobot\u00e1nica y Paleovertebrados.<br \/>\n\u2022 Jugando a los detectives: la lupa nos cuenta secretos de los animales. Grupo de Biolog\u00eda de la conservaci\u00f3n.<br \/>\n\u2022 La historia de una muestra. Carrera de Personal de Apoyo (CPAs) de INIBIOMA.<br \/>\nActividades, talleres y obras de teatro.<br \/>\nActividad para estudiantes con inscripci\u00f3n previa \u00fanicamente al\u00a0contactoinibioma@comahue-conicet.gob.ar.<br \/>\nConsultar horarios de actividades programadas.<br \/>\n\u2022 Memotest de aves (figuritas de cart\u00f3n con nombres, y partes reales de aves) Grupo de Ornitolog\u00eda en Patagonia:<br \/>\ninvestigaci\u00f3n y conservaci\u00f3n.<br \/>\n\u2022 Juego de identificaci\u00f3n de sonidos de aves. Grupo de Ornitolog\u00eda en Patagonia: investigaci\u00f3n y conservaci\u00f3n.<br \/>\n\u2022 Simona la migradora: \u00a1una historia sin fin!. Cuento ilustrado. Grupo de Biolog\u00eda de la Conservaci\u00f3n.<br \/>\n\u2022 Nuevos amigos. Obra de titeres. Grupo de Ecofisiolog\u00eda de Fauna Silvestre (GIEFAS).<br \/>\n\u2022 Taller de extracci\u00f3n de ADN. Grupo de Bot\u00e1nica y Gen\u00e9tica.<br \/>\n\u2022 Fido, un perro cuidado. Obra de teatro. Laboratorio de Parasitolog\u00eda y grupo de extensi\u00f3n de la UNCo.<br \/>\n\u2022 Juego de roles tr\u00f3ficos. Visualizaci\u00f3n de la red tr\u00f3fica acu\u00e1tica. Grupo de Evaluaci\u00f3n y Manejo de Recursos Icticos (GEMaRI)<\/p>\n<p><strong>\u00bfQu\u00e9 es el INIBIOMA?<\/strong><br \/>\nEl Instituto de investigaciones en Biodiversidad y Medioambiente (INIBIOMA) es un instituto de bipertenencia entre el CONICET y la Universidad Nacional del Comahue (UNCOBariloche), est\u00e1 ubicado en el Centro Regional Universitario Bariloche (CRUB)<\/p>\n<p>Fue creado en el a\u00f1o 2006 y est\u00e1 integrado por m\u00e1s de 200 personas entre investigadores, becarios y personal de apoyo a las investigaciones. Todos conforman un cuerpo cient\u00edfico dedicado a la investigaci\u00f3n en biodiversidad y medioambiente, a la formaci\u00f3n de recursos humanos, y a diversas actividades de transferencia, vinculaci\u00f3n y servicios a terceros. Las l\u00edneas de investigaci\u00f3n se relacionan con aspectos ambientales y de biodiversidad que incluyen temas de ecolog\u00eda, zoolog\u00eda, bot\u00e1nica, etnobiolog\u00eda, gen\u00e9tica y paleontolog\u00eda.<\/p>\n<p>\u00bfPor qu\u00e9 hacemos un \u201cINIBIOMA abierto\u201d?<br \/>\nPorque como Instituto promovemos la participaci\u00f3n activa de investigadores y becarios en la comunidad.<br \/>\nPorque somos un cuerpo cient\u00edfico cuyas actividades est\u00e1n directamente relacionadas con problem\u00e1ticas socio-ambientales de nuestra regi\u00f3n y el municipio.<br \/>\nPorque creemos que es necesario generar espacios de reflexi\u00f3n y an\u00e1lisis que favorezcan actividades que vinculen la ciencia a la comunidad<\/p>\n<\/div>\n<div class=\"contenedor_share_buttons_individual_noticia\">\n<div class=\"contenido_share_buttons_individual_noticia\">\n<div class=\"individual_share_buttons_individual_noticia transition_03 facebook\"><\/div>\n<div class=\"individual_share_buttons_individual_noticia transition_03 twitter\">Fuente:\u00a0http:\/\/www.barilocheopina.com\/noticias\/2018\/06\/10\/36450-inibioma-invita-a-la-semana-de-la-biodiversidad-y-el-medioambiente<\/div>\n<\/div>\n<\/div>\n","protected":false},"excerpt":{"rendered":"<p>El Instituto de Investigaciones en Biodiversidad y Medioambiente ( INIBIOMA) abre sus puertas nuevamente para invitarlos a recorrer los laboratorios [&hellip;]<\/p>\n","protected":false},"author":2,"featured_media":48069,"comment_status":"open","ping_status":"open","sticky":false,"template":"","format":"standard","meta":{"site-sidebar-layout":"default","site-content-layout":"","ast-site-content-layout":"default","site-content-style":"default","site-sidebar-style":"default","ast-global-header-display":"","ast-banner-title-visibility":"","ast-main-header-display":"","ast-hfb-above-header-display":"","ast-hfb-below-header-display":"","ast-hfb-mobile-header-display":"","site-post-title":"","ast-breadcrumbs-content":"","ast-featured-img":"","footer-sml-layout":"","ast-disable-related-posts":"","theme-transparent-header-meta":"","adv-header-id-meta":"","stick-header-meta":"","header-above-stick-meta":"","header-main-stick-meta":"","header-below-stick-meta":"","astra-migrate-meta-layouts":"default","ast-page-background-enabled":"default","ast-page-background-meta":{"desktop":{"background-color":"var(--ast-global-color-5)","background-image":"","background-repeat":"repeat","background-position":"center center","background-size":"auto","background-attachment":"scroll","background-type":"","background-media":"","overlay-type":"","overlay-color":"","overlay-opacity":"","overlay-gradient":""},"tablet":{"background-color":"","background-image":"","background-repeat":"repeat","background-position":"center center","background-size":"auto","background-attachment":"scroll","background-type":"","background-media":"","overlay-type":"","overlay-color":"","overlay-opacity":"","overlay-gradient":""},"mobile":{"background-color":"","background-image":"","background-repeat":"repeat","background-position":"center center","background-size":"auto","background-attachment":"scroll","background-type":"","background-media":"","overlay-type":"","overlay-color":"","overlay-opacity":"","overlay-gradient":""}},"ast-content-background-meta":{"desktop":{"background-color":"var(--ast-global-color-4)","background-image":"","background-repeat":"repeat","background-position":"center center","background-size":"auto","background-attachment":"scroll","background-type":"","background-media":"","overlay-type":"","overlay-color":"","overlay-opacity":"","overlay-gradient":""},"tablet":{"background-color":"var(--ast-global-color-4)","background-image":"","background-repeat":"repeat","background-position":"center center","background-size":"auto","background-attachment":"scroll","background-type":"","background-media":"","overlay-type":"","overlay-color":"","overlay-opacity":"","overlay-gradient":""},"mobile":{"background-color":"var(--ast-global-color-4)","background-image":"","background-repeat":"repeat","background-position":"center center","background-size":"auto","background-attachment":"scroll","background-type":"","background-media":"","overlay-type":"","overlay-color":"","overlay-opacity":"","overlay-gradient":""}},"footnotes":""},"categories":[12,46,1],"tags":[],"class_list":["post-48068","post","type-post","status-publish","format-standard","has-post-thumbnail","hentry","category-agenda-ambiental","category-municipios","category-noticias"],"yoast_head":"<!-- This site is optimized with the Yoast SEO Premium plugin v23.0 (Yoast SEO v27.5) - https:\/\/yoast.com\/product\/yoast-seo-premium-wordpress\/ -->\n<title>INIBIOMA invita a la Semana de la Biodiversidad y el Medioambiente<\/title>\n<meta name=\"robots\" content=\"index, follow, max-snippet:-1, max-image-preview:large, max-video-preview:-1\" \/>\n<link rel=\"canonical\" href=\"https:\/\/patagoniambiental.com.ar\/info\/inibioma-invita-a-la-semana-de-la-biodiversidad-y-el-medioambiente\/\" \/>\n<meta property=\"og:locale\" content=\"es_ES\" \/>\n<meta property=\"og:type\" content=\"article\" \/>\n<meta property=\"og:title\" content=\"INIBIOMA invita a la Semana de la Biodiversidad y el Medioambiente\" \/>\n<meta property=\"og:description\" content=\"El Instituto de Investigaciones en Biodiversidad y Medioambiente ( INIBIOMA) abre sus puertas nuevamente para invitarlos a recorrer los laboratorios [&hellip;]\" \/>\n<meta property=\"og:url\" content=\"https:\/\/patagoniambiental.com.ar\/info\/inibioma-invita-a-la-semana-de-la-biodiversidad-y-el-medioambiente\/\" \/>\n<meta property=\"og:site_name\" content=\"Patagonia Ambiental\" \/>\n<meta property=\"article:publisher\" content=\"https:\/\/www.facebook.com\/patagonia.ambiental\" \/>\n<meta property=\"article:author\" content=\"https:\/\/www.facebook.com\/share\/1C1V8Gv9BX\/?mibextid=qi2Omg\" \/>\n<meta property=\"article:published_time\" content=\"2018-06-11T12:00:14+00:00\" \/>\n<meta property=\"og:image\" content=\"https:\/\/patagoniambiental.com.ar\/info\/wp-content\/uploads\/2018\/06\/inibioma.jpg\" \/>\n\t<meta property=\"og:image:width\" content=\"960\" \/>\n\t<meta property=\"og:image:height\" content=\"658\" \/>\n\t<meta property=\"og:image:type\" content=\"image\/jpeg\" \/>\n<meta name=\"author\" content=\"Patagonia Ambiental\" \/>\n<meta name=\"twitter:card\" content=\"summary_large_image\" \/>\n<meta name=\"twitter:creator\" content=\"@PatAmb\" \/>\n<meta name=\"twitter:site\" content=\"@PatAmb\" \/>\n<script type=\"application\/ld+json\" class=\"yoast-schema-graph\">{\"@context\":\"https:\\\/\\\/schema.org\",\"@graph\":[{\"@type\":\"Article\",\"@id\":\"https:\\\/\\\/patagoniambiental.com.ar\\\/info\\\/inibioma-invita-a-la-semana-de-la-biodiversidad-y-el-medioambiente\\\/#article\",\"isPartOf\":{\"@id\":\"https:\\\/\\\/patagoniambiental.com.ar\\\/info\\\/inibioma-invita-a-la-semana-de-la-biodiversidad-y-el-medioambiente\\\/\"},\"author\":{\"name\":\"Patagonia Ambiental\",\"@id\":\"https:\\\/\\\/patagoniambiental.com.ar\\\/info\\\/#\\\/schema\\\/person\\\/db12bff64bbcbf6a253710bf0ea37b5d\"},\"headline\":\"INIBIOMA invita a la Semana de la Biodiversidad y el Medioambiente\",\"datePublished\":\"2018-06-11T12:00:14+00:00\",\"mainEntityOfPage\":{\"@id\":\"https:\\\/\\\/patagoniambiental.com.ar\\\/info\\\/inibioma-invita-a-la-semana-de-la-biodiversidad-y-el-medioambiente\\\/\"},\"wordCount\":927,\"commentCount\":0,\"publisher\":{\"@id\":\"https:\\\/\\\/patagoniambiental.com.ar\\\/info\\\/#organization\"},\"image\":{\"@id\":\"https:\\\/\\\/patagoniambiental.com.ar\\\/info\\\/inibioma-invita-a-la-semana-de-la-biodiversidad-y-el-medioambiente\\\/#primaryimage\"},\"thumbnailUrl\":\"https:\\\/\\\/patagoniambiental.com.ar\\\/info\\\/wp-content\\\/uploads\\\/2018\\\/06\\\/inibioma.jpg\",\"articleSection\":[\"Agenda Ambiental\",\"Municipios\",\"Noticias\"],\"inLanguage\":\"es\",\"potentialAction\":[{\"@type\":\"CommentAction\",\"name\":\"Comment\",\"target\":[\"https:\\\/\\\/patagoniambiental.com.ar\\\/info\\\/inibioma-invita-a-la-semana-de-la-biodiversidad-y-el-medioambiente\\\/#respond\"]}]},{\"@type\":\"WebPage\",\"@id\":\"https:\\\/\\\/patagoniambiental.com.ar\\\/info\\\/inibioma-invita-a-la-semana-de-la-biodiversidad-y-el-medioambiente\\\/\",\"url\":\"https:\\\/\\\/patagoniambiental.com.ar\\\/info\\\/inibioma-invita-a-la-semana-de-la-biodiversidad-y-el-medioambiente\\\/\",\"name\":\"INIBIOMA invita a la Semana de la Biodiversidad y el Medioambiente\",\"isPartOf\":{\"@id\":\"https:\\\/\\\/patagoniambiental.com.ar\\\/info\\\/#website\"},\"primaryImageOfPage\":{\"@id\":\"https:\\\/\\\/patagoniambiental.com.ar\\\/info\\\/inibioma-invita-a-la-semana-de-la-biodiversidad-y-el-medioambiente\\\/#primaryimage\"},\"image\":{\"@id\":\"https:\\\/\\\/patagoniambiental.com.ar\\\/info\\\/inibioma-invita-a-la-semana-de-la-biodiversidad-y-el-medioambiente\\\/#primaryimage\"},\"thumbnailUrl\":\"https:\\\/\\\/patagoniambiental.com.ar\\\/info\\\/wp-content\\\/uploads\\\/2018\\\/06\\\/inibioma.jpg\",\"datePublished\":\"2018-06-11T12:00:14+00:00\",\"breadcrumb\":{\"@id\":\"https:\\\/\\\/patagoniambiental.com.ar\\\/info\\\/inibioma-invita-a-la-semana-de-la-biodiversidad-y-el-medioambiente\\\/#breadcrumb\"},\"inLanguage\":\"es\",\"potentialAction\":[{\"@type\":\"ReadAction\",\"target\":[\"https:\\\/\\\/patagoniambiental.com.ar\\\/info\\\/inibioma-invita-a-la-semana-de-la-biodiversidad-y-el-medioambiente\\\/\"]}]},{\"@type\":\"ImageObject\",\"inLanguage\":\"es\",\"@id\":\"https:\\\/\\\/patagoniambiental.com.ar\\\/info\\\/inibioma-invita-a-la-semana-de-la-biodiversidad-y-el-medioambiente\\\/#primaryimage\",\"url\":\"https:\\\/\\\/patagoniambiental.com.ar\\\/info\\\/wp-content\\\/uploads\\\/2018\\\/06\\\/inibioma.jpg\",\"contentUrl\":\"https:\\\/\\\/patagoniambiental.com.ar\\\/info\\\/wp-content\\\/uploads\\\/2018\\\/06\\\/inibioma.jpg\",\"width\":960,\"height\":658},{\"@type\":\"BreadcrumbList\",\"@id\":\"https:\\\/\\\/patagoniambiental.com.ar\\\/info\\\/inibioma-invita-a-la-semana-de-la-biodiversidad-y-el-medioambiente\\\/#breadcrumb\",\"itemListElement\":[{\"@type\":\"ListItem\",\"position\":1,\"name\":\"Inicio\",\"item\":\"https:\\\/\\\/patagoniambiental.com.ar\\\/info\\\/\"},{\"@type\":\"ListItem\",\"position\":2,\"name\":\"INIBIOMA invita a la Semana de la Biodiversidad y el Medioambiente\"}]},{\"@type\":\"WebSite\",\"@id\":\"https:\\\/\\\/patagoniambiental.com.ar\\\/info\\\/#website\",\"url\":\"https:\\\/\\\/patagoniambiental.com.ar\\\/info\\\/\",\"name\":\"Patagonia Ambiental\",\"description\":\"Monitoreo y an\u00e1lisis de la situaci\u00f3n geopol\u00edtica en el mundo y su implicancia en la Patagonia\",\"publisher\":{\"@id\":\"https:\\\/\\\/patagoniambiental.com.ar\\\/info\\\/#organization\"},\"potentialAction\":[{\"@type\":\"SearchAction\",\"target\":{\"@type\":\"EntryPoint\",\"urlTemplate\":\"https:\\\/\\\/patagoniambiental.com.ar\\\/info\\\/?s={search_term_string}\"},\"query-input\":{\"@type\":\"PropertyValueSpecification\",\"valueRequired\":true,\"valueName\":\"search_term_string\"}}],\"inLanguage\":\"es\"},{\"@type\":\"Organization\",\"@id\":\"https:\\\/\\\/patagoniambiental.com.ar\\\/info\\\/#organization\",\"name\":\"Patagonia Ambiental\",\"url\":\"https:\\\/\\\/patagoniambiental.com.ar\\\/info\\\/\",\"logo\":{\"@type\":\"ImageObject\",\"inLanguage\":\"es\",\"@id\":\"https:\\\/\\\/patagoniambiental.com.ar\\\/info\\\/#\\\/schema\\\/logo\\\/image\\\/\",\"url\":\"https:\\\/\\\/patagoniambiental.com.ar\\\/info\\\/wp-content\\\/uploads\\\/2025\\\/05\\\/LOGO-PATAGONIA-AMBIENTAL.png\",\"contentUrl\":\"https:\\\/\\\/patagoniambiental.com.ar\\\/info\\\/wp-content\\\/uploads\\\/2025\\\/05\\\/LOGO-PATAGONIA-AMBIENTAL.png\",\"width\":433,\"height\":250,\"caption\":\"Patagonia Ambiental\"},\"image\":{\"@id\":\"https:\\\/\\\/patagoniambiental.com.ar\\\/info\\\/#\\\/schema\\\/logo\\\/image\\\/\"},\"sameAs\":[\"https:\\\/\\\/www.facebook.com\\\/patagonia.ambiental\",\"https:\\\/\\\/x.com\\\/PatAmb\"]},{\"@type\":\"Person\",\"@id\":\"https:\\\/\\\/patagoniambiental.com.ar\\\/info\\\/#\\\/schema\\\/person\\\/db12bff64bbcbf6a253710bf0ea37b5d\",\"name\":\"Patagonia Ambiental\",\"description\":\"Andr\u00e9s Nievas T\u00e9cnico en manejo ambiental, consultor Ambiental y escritor para medios locales e internacionales sobre temas de geopolitica y medio ambiente.\",\"sameAs\":[\"http:\\\/\\\/www.patagoniambiental.com.ar\",\"https:\\\/\\\/www.facebook.com\\\/share\\\/1C1V8Gv9BX\\\/?mibextid=qi2Omg\",\"@patagoniambiental\",\"https:\\\/\\\/youtube.com\\\/@patagoniaambiental2023?si=BLt58t0wuXquxlYZ\"]}]}<\/script>\n<!-- \/ Yoast SEO Premium plugin. -->","yoast_head_json":{"title":"INIBIOMA invita a la Semana de la Biodiversidad y el Medioambiente","robots":{"index":"index","follow":"follow","max-snippet":"max-snippet:-1","max-image-preview":"max-image-preview:large","max-video-preview":"max-video-preview:-1"},"canonical":"https:\/\/patagoniambiental.com.ar\/info\/inibioma-invita-a-la-semana-de-la-biodiversidad-y-el-medioambiente\/","og_locale":"es_ES","og_type":"article","og_title":"INIBIOMA invita a la Semana de la Biodiversidad y el Medioambiente","og_description":"El Instituto de Investigaciones en Biodiversidad y Medioambiente ( INIBIOMA) abre sus puertas nuevamente para invitarlos a recorrer los laboratorios [&hellip;]","og_url":"https:\/\/patagoniambiental.com.ar\/info\/inibioma-invita-a-la-semana-de-la-biodiversidad-y-el-medioambiente\/","og_site_name":"Patagonia Ambiental","article_publisher":"https:\/\/www.facebook.com\/patagonia.ambiental","article_author":"https:\/\/www.facebook.com\/share\/1C1V8Gv9BX\/?mibextid=qi2Omg","article_published_time":"2018-06-11T12:00:14+00:00","og_image":[{"width":960,"height":658,"url":"https:\/\/patagoniambiental.com.ar\/info\/wp-content\/uploads\/2018\/06\/inibioma.jpg","type":"image\/jpeg"}],"author":"Patagonia Ambiental","twitter_card":"summary_large_image","twitter_creator":"@PatAmb","twitter_site":"@PatAmb","schema":{"@context":"https:\/\/schema.org","@graph":[{"@type":"Article","@id":"https:\/\/patagoniambiental.com.ar\/info\/inibioma-invita-a-la-semana-de-la-biodiversidad-y-el-medioambiente\/#article","isPartOf":{"@id":"https:\/\/patagoniambiental.com.ar\/info\/inibioma-invita-a-la-semana-de-la-biodiversidad-y-el-medioambiente\/"},"author":{"name":"Patagonia Ambiental","@id":"https:\/\/patagoniambiental.com.ar\/info\/#\/schema\/person\/db12bff64bbcbf6a253710bf0ea37b5d"},"headline":"INIBIOMA invita a la Semana de la Biodiversidad y el Medioambiente","datePublished":"2018-06-11T12:00:14+00:00","mainEntityOfPage":{"@id":"https:\/\/patagoniambiental.com.ar\/info\/inibioma-invita-a-la-semana-de-la-biodiversidad-y-el-medioambiente\/"},"wordCount":927,"commentCount":0,"publisher":{"@id":"https:\/\/patagoniambiental.com.ar\/info\/#organization"},"image":{"@id":"https:\/\/patagoniambiental.com.ar\/info\/inibioma-invita-a-la-semana-de-la-biodiversidad-y-el-medioambiente\/#primaryimage"},"thumbnailUrl":"https:\/\/patagoniambiental.com.ar\/info\/wp-content\/uploads\/2018\/06\/inibioma.jpg","articleSection":["Agenda Ambiental","Municipios","Noticias"],"inLanguage":"es","potentialAction":[{"@type":"CommentAction","name":"Comment","target":["https:\/\/patagoniambiental.com.ar\/info\/inibioma-invita-a-la-semana-de-la-biodiversidad-y-el-medioambiente\/#respond"]}]},{"@type":"WebPage","@id":"https:\/\/patagoniambiental.com.ar\/info\/inibioma-invita-a-la-semana-de-la-biodiversidad-y-el-medioambiente\/","url":"https:\/\/patagoniambiental.com.ar\/info\/inibioma-invita-a-la-semana-de-la-biodiversidad-y-el-medioambiente\/","name":"INIBIOMA invita a la Semana de la Biodiversidad y el Medioambiente","isPartOf":{"@id":"https:\/\/patagoniambiental.com.ar\/info\/#website"},"primaryImageOfPage":{"@id":"https:\/\/patagoniambiental.com.ar\/info\/inibioma-invita-a-la-semana-de-la-biodiversidad-y-el-medioambiente\/#primaryimage"},"image":{"@id":"https:\/\/patagoniambiental.com.ar\/info\/inibioma-invita-a-la-semana-de-la-biodiversidad-y-el-medioambiente\/#primaryimage"},"thumbnailUrl":"https:\/\/patagoniambiental.com.ar\/info\/wp-content\/uploads\/2018\/06\/inibioma.jpg","datePublished":"2018-06-11T12:00:14+00:00","breadcrumb":{"@id":"https:\/\/patagoniambiental.com.ar\/info\/inibioma-invita-a-la-semana-de-la-biodiversidad-y-el-medioambiente\/#breadcrumb"},"inLanguage":"es","potentialAction":[{"@type":"ReadAction","target":["https:\/\/patagoniambiental.com.ar\/info\/inibioma-invita-a-la-semana-de-la-biodiversidad-y-el-medioambiente\/"]}]},{"@type":"ImageObject","inLanguage":"es","@id":"https:\/\/patagoniambiental.com.ar\/info\/inibioma-invita-a-la-semana-de-la-biodiversidad-y-el-medioambiente\/#primaryimage","url":"https:\/\/patagoniambiental.com.ar\/info\/wp-content\/uploads\/2018\/06\/inibioma.jpg","contentUrl":"https:\/\/patagoniambiental.com.ar\/info\/wp-content\/uploads\/2018\/06\/inibioma.jpg","width":960,"height":658},{"@type":"BreadcrumbList","@id":"https:\/\/patagoniambiental.com.ar\/info\/inibioma-invita-a-la-semana-de-la-biodiversidad-y-el-medioambiente\/#breadcrumb","itemListElement":[{"@type":"ListItem","position":1,"name":"Inicio","item":"https:\/\/patagoniambiental.com.ar\/info\/"},{"@type":"ListItem","position":2,"name":"INIBIOMA invita a la Semana de la Biodiversidad y el Medioambiente"}]},{"@type":"WebSite","@id":"https:\/\/patagoniambiental.com.ar\/info\/#website","url":"https:\/\/patagoniambiental.com.ar\/info\/","name":"Patagonia Ambiental","description":"Monitoreo y an\u00e1lisis de la situaci\u00f3n geopol\u00edtica en el mundo y su implicancia en la Patagonia","publisher":{"@id":"https:\/\/patagoniambiental.com.ar\/info\/#organization"},"potentialAction":[{"@type":"SearchAction","target":{"@type":"EntryPoint","urlTemplate":"https:\/\/patagoniambiental.com.ar\/info\/?s={search_term_string}"},"query-input":{"@type":"PropertyValueSpecification","valueRequired":true,"valueName":"search_term_string"}}],"inLanguage":"es"},{"@type":"Organization","@id":"https:\/\/patagoniambiental.com.ar\/info\/#organization","name":"Patagonia Ambiental","url":"https:\/\/patagoniambiental.com.ar\/info\/","logo":{"@type":"ImageObject","inLanguage":"es","@id":"https:\/\/patagoniambiental.com.ar\/info\/#\/schema\/logo\/image\/","url":"https:\/\/patagoniambiental.com.ar\/info\/wp-content\/uploads\/2025\/05\/LOGO-PATAGONIA-AMBIENTAL.png","contentUrl":"https:\/\/patagoniambiental.com.ar\/info\/wp-content\/uploads\/2025\/05\/LOGO-PATAGONIA-AMBIENTAL.png","width":433,"height":250,"caption":"Patagonia Ambiental"},"image":{"@id":"https:\/\/patagoniambiental.com.ar\/info\/#\/schema\/logo\/image\/"},"sameAs":["https:\/\/www.facebook.com\/patagonia.ambiental","https:\/\/x.com\/PatAmb"]},{"@type":"Person","@id":"https:\/\/patagoniambiental.com.ar\/info\/#\/schema\/person\/db12bff64bbcbf6a253710bf0ea37b5d","name":"Patagonia Ambiental","description":"Andr\u00e9s Nievas T\u00e9cnico en manejo ambiental, consultor Ambiental y escritor para medios locales e internacionales sobre temas de geopolitica y medio ambiente.","sameAs":["http:\/\/www.patagoniambiental.com.ar","https:\/\/www.facebook.com\/share\/1C1V8Gv9BX\/?mibextid=qi2Omg","@patagoniambiental","https:\/\/youtube.com\/@patagoniaambiental2023?si=BLt58t0wuXquxlYZ"]}]}},"_links":{"self":[{"href":"https:\/\/patagoniambiental.com.ar\/info\/wp-json\/wp\/v2\/posts\/48068","targetHints":{"allow":["GET"]}}],"collection":[{"href":"https:\/\/patagoniambiental.com.ar\/info\/wp-json\/wp\/v2\/posts"}],"about":[{"href":"https:\/\/patagoniambiental.com.ar\/info\/wp-json\/wp\/v2\/types\/post"}],"author":[{"embeddable":true,"href":"https:\/\/patagoniambiental.com.ar\/info\/wp-json\/wp\/v2\/users\/2"}],"replies":[{"embeddable":true,"href":"https:\/\/patagoniambiental.com.ar\/info\/wp-json\/wp\/v2\/comments?post=48068"}],"version-history":[{"count":0,"href":"https:\/\/patagoniambiental.com.ar\/info\/wp-json\/wp\/v2\/posts\/48068\/revisions"}],"wp:featuredmedia":[{"embeddable":true,"href":"https:\/\/patagoniambiental.com.ar\/info\/wp-json\/wp\/v2\/media\/48069"}],"wp:attachment":[{"href":"https:\/\/patagoniambiental.com.ar\/info\/wp-json\/wp\/v2\/media?parent=48068"}],"wp:term":[{"taxonomy":"category","embeddable":true,"href":"https:\/\/patagoniambiental.com.ar\/info\/wp-json\/wp\/v2\/categories?post=48068"},{"taxonomy":"post_tag","embeddable":true,"href":"https:\/\/patagoniambiental.com.ar\/info\/wp-json\/wp\/v2\/tags?post=48068"}],"curies":[{"name":"wp","href":"https:\/\/api.w.org\/{rel}","templated":true}]}}