{"id":48173,"date":"2018-06-12T19:00:12","date_gmt":"2018-06-12T22:00:12","guid":{"rendered":"http:\/\/patagoniambiental.com.ar\/info\/?p=48173"},"modified":"2018-06-12T10:53:38","modified_gmt":"2018-06-12T13:53:38","slug":"el-concejo-deliberante-de-ushuaia-recibio-el-retrato-de-la-bandera-fueguina-que-flameo-en-malvinas","status":"publish","type":"post","link":"https:\/\/patagoniambiental.com.ar\/info\/el-concejo-deliberante-de-ushuaia-recibio-el-retrato-de-la-bandera-fueguina-que-flameo-en-malvinas\/","title":{"rendered":"El Concejo Deliberante de Ushuaia recibi\u00f3 el retrato de la bandera fueguina que flame\u00f3 en Malvinas"},"content":{"rendered":"<header>\n<div class=\"detalle\">Ushuaia.-El Concejo de Ushuaia recibi\u00f3 el retrato de la bandera fueguina que flame\u00f3 en Malvinas<\/div>\n<\/header>\n<p><!--more--><\/p>\n<div class=\"imagen-principal fullpost__imagen_principal\">Ayala: \u201cEsta imagen debe estar presente en todas las instituciones de nuestra ciudad\u201d<\/div>\n<div class=\"cuerpo fullpost__cuerpo\">\n<p>El vicepresidente 1\u00ba del Concejo, Gast\u00f3n Ayala (MPF) junto al presidente de la Instituci\u00f3n, recibieron el registro fotogr\u00e1fico de la bandera fueguina que flame\u00f3 en las Islas Malvinas, obsequio del periodista Mariano L\u00f3pez. En el encuentro, relat\u00f3 algunas an\u00e9cdotas de su visita al territorio malvinense, y augur\u00f3 que \u201cla imagen de la presencia fueguina en nuestras Islas, acompa\u00f1e las actividades de todas las instituciones p\u00fablicas\u201d. El concejal Ayala asegur\u00f3 que \u201cesta expresi\u00f3n es sin dudas, un reclamo que compartimos todos los argentinos\u201d.<\/p>\n<p><img fetchpriority=\"high\" decoding=\"async\" class=\"size-full wp-image-48174 alignleft\" src=\"https:\/\/patagoniambiental.com.ar\/info\/wp-content\/uploads\/2018\/06\/multimedia.miniatura.9375b4bbff93bbcc.38333438353843312d394546392d343634462d393632422d30433444464541335f6d696e6961747572612e6a706567.jpeg\" alt=\"\" width=\"400\" height=\"256\" \/><\/p>\n<p>Autoridades del Concejo Deliberante de Ushuaia recibieron el retrato de la bandera fueguina en las Islas Malvinas, de manos del periodista local, Mariano L\u00f3pez, quien llev\u00f3 adelante la haza\u00f1a de hacer flamear nuestra insignia provincial durante su reciente visita al archipi\u00e9lago, en el mes de marzo pasado.<\/p>\n<p>En el marco del D\u00eda de la Reafirmaci\u00f3n de los Derechos Argentinos sobre las Malvinas, que se conmemor\u00f3 el 10 de junio, el Vicepresidente 1\u00ba del Concejo, Gast\u00f3n Ayala (MPF) y el Presidente Juan Carlos Pino recibieron la rese\u00f1a fotogr\u00e1fica, que permanecer\u00e1 en exhibici\u00f3n en el edificio legislativo de calle Don Bosco y luego formar\u00e1 parte del nuevo recinto de sesiones, una vez finalizada la obra de ampliaci\u00f3n de las instalaciones.<\/p>\n<p>El periodista, hijo del anestesista F\u00e9lix Bernardo L\u00f3pez \u2013 Veterano de Malvinas-, visit\u00f3 las Islas y en esa oportunidad recorri\u00f3 los principales escenarios del conflicto b\u00e9lico, entre ellos el Monte Tumbledown, donde hizo flamear la bandera provincial. En ese lugar se desarroll\u00f3, el 13 de junio de 1982, uno de los \u00faltimos enfrentamientos entre el Ej\u00e9rcito Argentino y la Guardia Escocesa, en una batalla \u2018cuerpo a cuerpo\u2019 de las m\u00e1s sangrientas y que dur\u00f3 m\u00e1s de 10 horas, seg\u00fan relat\u00f3 el periodista.<\/p>\n<p>\u201cCada 2 de abril, en un nuevo aniversario del inicio de la Guerra de Malvinas, las distintas instituciones de nuestra ciudad entregan a las autoridades, una bandera fueguina y argentina para que cuando recuperemos las Islas, esas insignias puedan flamear en nuestro territorio malvinense\u201d, se\u00f1al\u00f3 L\u00f3pez. \u201cEn este caso, hablamos de un gesto inverso; esta bandera de Tierra del Fuego, que flame\u00f3 en las Islas, permanecer\u00e1 a resguardo de la ciudad y la imagen de su presencia en las Islas acompa\u00f1ar\u00e1 las actividades de todas las instituciones p\u00fablicas, como el Concejo Deliberante\u201d, augur\u00f3.<\/p>\n<p>Por su parte el concejal Gast\u00f3n Ayala (MPF) agradeci\u00f3 el obsequio entregado a la Instituci\u00f3n, y destac\u00f3 \u201cla valent\u00eda y el sentimiento que ha puesto Mariano (L\u00f3pez) para cumplir este sue\u00f1o, que sin dudas compartimos todos los argentinos\u201d, dijo.<\/p>\n<p>En tanto coincidi\u00f3 en la importancia de que \u201cel registro fotogr\u00e1fico de la bandera fueguina flameando en las Islas, llegue a cada escuela, cada recinto y cada hogar, porque la Causa Malvinas va m\u00e1s all\u00e1 de cualquier gesti\u00f3n y cualquier ideolog\u00eda pol\u00edtica, es un reclamo permanente e irrenunciable\u201d, sostuvo.<\/p>\n<\/div>\n<section class=\"info-autor\">\n<div class=\"foto\"><\/div>\n<div class=\"datos\">\n<p class=\"nombre\"><a href=\"https:\/\/shelknamsur.com\/usuario\/6\/shelknamsur\">Fuente: Shelknamsur<\/a><\/p>\n<\/div>\n<\/section>\n","protected":false},"excerpt":{"rendered":"<p>Ushuaia.-El Concejo de Ushuaia recibi\u00f3 el retrato de la bandera fueguina que flame\u00f3 en Malvinas<\/p>\n","protected":false},"author":2,"featured_media":48174,"comment_status":"open","ping_status":"open","sticky":false,"template":"","format":"standard","meta":{"site-sidebar-layout":"default","site-content-layout":"","ast-site-content-layout":"default","site-content-style":"default","site-sidebar-style":"default","ast-global-header-display":"","ast-banner-title-visibility":"","ast-main-header-display":"","ast-hfb-above-header-display":"","ast-hfb-below-header-display":"","ast-hfb-mobile-header-display":"","site-post-title":"","ast-breadcrumbs-content":"","ast-featured-img":"","footer-sml-layout":"","ast-disable-related-posts":"","theme-transparent-header-meta":"","adv-header-id-meta":"","stick-header-meta":"","header-above-stick-meta":"","header-main-stick-meta":"","header-below-stick-meta":"","astra-migrate-meta-layouts":"default","ast-page-background-enabled":"default","ast-page-background-meta":{"desktop":{"background-color":"var(--ast-global-color-5)","background-image":"","background-repeat":"repeat","background-position":"center center","background-size":"auto","background-attachment":"scroll","background-type":"","background-media":"","overlay-type":"","overlay-color":"","overlay-opacity":"","overlay-gradient":""},"tablet":{"background-color":"","background-image":"","background-repeat":"repeat","background-position":"center center","background-size":"auto","background-attachment":"scroll","background-type":"","background-media":"","overlay-type":"","overlay-color":"","overlay-opacity":"","overlay-gradient":""},"mobile":{"background-color":"","background-image":"","background-repeat":"repeat","background-position":"center center","background-size":"auto","background-attachment":"scroll","background-type":"","background-media":"","overlay-type":"","overlay-color":"","overlay-opacity":"","overlay-gradient":""}},"ast-content-background-meta":{"desktop":{"background-color":"var(--ast-global-color-4)","background-image":"","background-repeat":"repeat","background-position":"center center","background-size":"auto","background-attachment":"scroll","background-type":"","background-media":"","overlay-type":"","overlay-color":"","overlay-opacity":"","overlay-gradient":""},"tablet":{"background-color":"var(--ast-global-color-4)","background-image":"","background-repeat":"repeat","background-position":"center center","background-size":"auto","background-attachment":"scroll","background-type":"","background-media":"","overlay-type":"","overlay-color":"","overlay-opacity":"","overlay-gradient":""},"mobile":{"background-color":"var(--ast-global-color-4)","background-image":"","background-repeat":"repeat","background-position":"center center","background-size":"auto","background-attachment":"scroll","background-type":"","background-media":"","overlay-type":"","overlay-color":"","overlay-opacity":"","overlay-gradient":""}},"footnotes":""},"categories":[23,1],"tags":[],"class_list":["post-48173","post","type-post","status-publish","format-standard","has-post-thumbnail","hentry","category-internacionales","category-noticias"],"yoast_head":"<!-- This site is optimized with the Yoast SEO Premium plugin v23.0 (Yoast SEO v27.4) - https:\/\/yoast.com\/product\/yoast-seo-premium-wordpress\/ -->\n<title>El Concejo Deliberante de Ushuaia recibi\u00f3 el retrato de la bandera fueguina que flame\u00f3 en Malvinas<\/title>\n<meta name=\"robots\" content=\"index, follow, max-snippet:-1, max-image-preview:large, max-video-preview:-1\" \/>\n<link rel=\"canonical\" href=\"https:\/\/patagoniambiental.com.ar\/info\/el-concejo-deliberante-de-ushuaia-recibio-el-retrato-de-la-bandera-fueguina-que-flameo-en-malvinas\/\" \/>\n<meta property=\"og:locale\" content=\"es_ES\" \/>\n<meta property=\"og:type\" content=\"article\" \/>\n<meta property=\"og:title\" content=\"El Concejo Deliberante de Ushuaia recibi\u00f3 el retrato de la bandera fueguina que flame\u00f3 en Malvinas\" \/>\n<meta property=\"og:description\" content=\"Ushuaia.-El Concejo de Ushuaia recibi\u00f3 el retrato de la bandera fueguina que flame\u00f3 en Malvinas\" \/>\n<meta property=\"og:url\" content=\"https:\/\/patagoniambiental.com.ar\/info\/el-concejo-deliberante-de-ushuaia-recibio-el-retrato-de-la-bandera-fueguina-que-flameo-en-malvinas\/\" \/>\n<meta property=\"og:site_name\" content=\"Patagonia Ambiental\" \/>\n<meta property=\"article:publisher\" content=\"https:\/\/www.facebook.com\/patagonia.ambiental\" \/>\n<meta property=\"article:author\" content=\"https:\/\/www.facebook.com\/share\/1C1V8Gv9BX\/?mibextid=qi2Omg\" \/>\n<meta property=\"article:published_time\" content=\"2018-06-12T22:00:12+00:00\" \/>\n<meta property=\"og:image\" content=\"https:\/\/patagoniambiental.com.ar\/info\/wp-content\/uploads\/2018\/06\/multimedia.miniatura.9375b4bbff93bbcc.38333438353843312d394546392d343634462d393632422d30433444464541335f6d696e6961747572612e6a706567.jpeg\" \/>\n\t<meta property=\"og:image:width\" content=\"400\" \/>\n\t<meta property=\"og:image:height\" content=\"256\" \/>\n\t<meta property=\"og:image:type\" content=\"image\/jpeg\" \/>\n<meta name=\"author\" content=\"Patagonia Ambiental\" \/>\n<meta name=\"twitter:card\" content=\"summary_large_image\" \/>\n<meta name=\"twitter:creator\" content=\"@PatAmb\" \/>\n<meta name=\"twitter:site\" content=\"@PatAmb\" \/>\n<script type=\"application\/ld+json\" class=\"yoast-schema-graph\">{\"@context\":\"https:\\\/\\\/schema.org\",\"@graph\":[{\"@type\":\"Article\",\"@id\":\"https:\\\/\\\/patagoniambiental.com.ar\\\/info\\\/el-concejo-deliberante-de-ushuaia-recibio-el-retrato-de-la-bandera-fueguina-que-flameo-en-malvinas\\\/#article\",\"isPartOf\":{\"@id\":\"https:\\\/\\\/patagoniambiental.com.ar\\\/info\\\/el-concejo-deliberante-de-ushuaia-recibio-el-retrato-de-la-bandera-fueguina-que-flameo-en-malvinas\\\/\"},\"author\":{\"name\":\"Patagonia Ambiental\",\"@id\":\"https:\\\/\\\/patagoniambiental.com.ar\\\/info\\\/#\\\/schema\\\/person\\\/db12bff64bbcbf6a253710bf0ea37b5d\"},\"headline\":\"El Concejo Deliberante de Ushuaia recibi\u00f3 el retrato de la bandera fueguina que flame\u00f3 en Malvinas\",\"datePublished\":\"2018-06-12T22:00:12+00:00\",\"mainEntityOfPage\":{\"@id\":\"https:\\\/\\\/patagoniambiental.com.ar\\\/info\\\/el-concejo-deliberante-de-ushuaia-recibio-el-retrato-de-la-bandera-fueguina-que-flameo-en-malvinas\\\/\"},\"wordCount\":541,\"commentCount\":0,\"publisher\":{\"@id\":\"https:\\\/\\\/patagoniambiental.com.ar\\\/info\\\/#organization\"},\"image\":{\"@id\":\"https:\\\/\\\/patagoniambiental.com.ar\\\/info\\\/el-concejo-deliberante-de-ushuaia-recibio-el-retrato-de-la-bandera-fueguina-que-flameo-en-malvinas\\\/#primaryimage\"},\"thumbnailUrl\":\"https:\\\/\\\/patagoniambiental.com.ar\\\/info\\\/wp-content\\\/uploads\\\/2018\\\/06\\\/multimedia.miniatura.9375b4bbff93bbcc.38333438353843312d394546392d343634462d393632422d30433444464541335f6d696e6961747572612e6a706567.jpeg\",\"articleSection\":[\"Internacionales\",\"Noticias\"],\"inLanguage\":\"es\",\"potentialAction\":[{\"@type\":\"CommentAction\",\"name\":\"Comment\",\"target\":[\"https:\\\/\\\/patagoniambiental.com.ar\\\/info\\\/el-concejo-deliberante-de-ushuaia-recibio-el-retrato-de-la-bandera-fueguina-que-flameo-en-malvinas\\\/#respond\"]}]},{\"@type\":\"WebPage\",\"@id\":\"https:\\\/\\\/patagoniambiental.com.ar\\\/info\\\/el-concejo-deliberante-de-ushuaia-recibio-el-retrato-de-la-bandera-fueguina-que-flameo-en-malvinas\\\/\",\"url\":\"https:\\\/\\\/patagoniambiental.com.ar\\\/info\\\/el-concejo-deliberante-de-ushuaia-recibio-el-retrato-de-la-bandera-fueguina-que-flameo-en-malvinas\\\/\",\"name\":\"El Concejo Deliberante de Ushuaia recibi\u00f3 el retrato de la bandera fueguina que flame\u00f3 en Malvinas\",\"isPartOf\":{\"@id\":\"https:\\\/\\\/patagoniambiental.com.ar\\\/info\\\/#website\"},\"primaryImageOfPage\":{\"@id\":\"https:\\\/\\\/patagoniambiental.com.ar\\\/info\\\/el-concejo-deliberante-de-ushuaia-recibio-el-retrato-de-la-bandera-fueguina-que-flameo-en-malvinas\\\/#primaryimage\"},\"image\":{\"@id\":\"https:\\\/\\\/patagoniambiental.com.ar\\\/info\\\/el-concejo-deliberante-de-ushuaia-recibio-el-retrato-de-la-bandera-fueguina-que-flameo-en-malvinas\\\/#primaryimage\"},\"thumbnailUrl\":\"https:\\\/\\\/patagoniambiental.com.ar\\\/info\\\/wp-content\\\/uploads\\\/2018\\\/06\\\/multimedia.miniatura.9375b4bbff93bbcc.38333438353843312d394546392d343634462d393632422d30433444464541335f6d696e6961747572612e6a706567.jpeg\",\"datePublished\":\"2018-06-12T22:00:12+00:00\",\"breadcrumb\":{\"@id\":\"https:\\\/\\\/patagoniambiental.com.ar\\\/info\\\/el-concejo-deliberante-de-ushuaia-recibio-el-retrato-de-la-bandera-fueguina-que-flameo-en-malvinas\\\/#breadcrumb\"},\"inLanguage\":\"es\",\"potentialAction\":[{\"@type\":\"ReadAction\",\"target\":[\"https:\\\/\\\/patagoniambiental.com.ar\\\/info\\\/el-concejo-deliberante-de-ushuaia-recibio-el-retrato-de-la-bandera-fueguina-que-flameo-en-malvinas\\\/\"]}]},{\"@type\":\"ImageObject\",\"inLanguage\":\"es\",\"@id\":\"https:\\\/\\\/patagoniambiental.com.ar\\\/info\\\/el-concejo-deliberante-de-ushuaia-recibio-el-retrato-de-la-bandera-fueguina-que-flameo-en-malvinas\\\/#primaryimage\",\"url\":\"https:\\\/\\\/patagoniambiental.com.ar\\\/info\\\/wp-content\\\/uploads\\\/2018\\\/06\\\/multimedia.miniatura.9375b4bbff93bbcc.38333438353843312d394546392d343634462d393632422d30433444464541335f6d696e6961747572612e6a706567.jpeg\",\"contentUrl\":\"https:\\\/\\\/patagoniambiental.com.ar\\\/info\\\/wp-content\\\/uploads\\\/2018\\\/06\\\/multimedia.miniatura.9375b4bbff93bbcc.38333438353843312d394546392d343634462d393632422d30433444464541335f6d696e6961747572612e6a706567.jpeg\",\"width\":400,\"height\":256},{\"@type\":\"BreadcrumbList\",\"@id\":\"https:\\\/\\\/patagoniambiental.com.ar\\\/info\\\/el-concejo-deliberante-de-ushuaia-recibio-el-retrato-de-la-bandera-fueguina-que-flameo-en-malvinas\\\/#breadcrumb\",\"itemListElement\":[{\"@type\":\"ListItem\",\"position\":1,\"name\":\"Inicio\",\"item\":\"https:\\\/\\\/patagoniambiental.com.ar\\\/info\\\/\"},{\"@type\":\"ListItem\",\"position\":2,\"name\":\"El Concejo Deliberante de Ushuaia recibi\u00f3 el retrato de la bandera fueguina que flame\u00f3 en Malvinas\"}]},{\"@type\":\"WebSite\",\"@id\":\"https:\\\/\\\/patagoniambiental.com.ar\\\/info\\\/#website\",\"url\":\"https:\\\/\\\/patagoniambiental.com.ar\\\/info\\\/\",\"name\":\"Patagonia Ambiental\",\"description\":\"Monitoreo y an\u00e1lisis de la situaci\u00f3n geopol\u00edtica en el mundo y su implicancia en la Patagonia\",\"publisher\":{\"@id\":\"https:\\\/\\\/patagoniambiental.com.ar\\\/info\\\/#organization\"},\"potentialAction\":[{\"@type\":\"SearchAction\",\"target\":{\"@type\":\"EntryPoint\",\"urlTemplate\":\"https:\\\/\\\/patagoniambiental.com.ar\\\/info\\\/?s={search_term_string}\"},\"query-input\":{\"@type\":\"PropertyValueSpecification\",\"valueRequired\":true,\"valueName\":\"search_term_string\"}}],\"inLanguage\":\"es\"},{\"@type\":\"Organization\",\"@id\":\"https:\\\/\\\/patagoniambiental.com.ar\\\/info\\\/#organization\",\"name\":\"Patagonia Ambiental\",\"url\":\"https:\\\/\\\/patagoniambiental.com.ar\\\/info\\\/\",\"logo\":{\"@type\":\"ImageObject\",\"inLanguage\":\"es\",\"@id\":\"https:\\\/\\\/patagoniambiental.com.ar\\\/info\\\/#\\\/schema\\\/logo\\\/image\\\/\",\"url\":\"https:\\\/\\\/patagoniambiental.com.ar\\\/info\\\/wp-content\\\/uploads\\\/2025\\\/05\\\/LOGO-PATAGONIA-AMBIENTAL.png\",\"contentUrl\":\"https:\\\/\\\/patagoniambiental.com.ar\\\/info\\\/wp-content\\\/uploads\\\/2025\\\/05\\\/LOGO-PATAGONIA-AMBIENTAL.png\",\"width\":433,\"height\":250,\"caption\":\"Patagonia Ambiental\"},\"image\":{\"@id\":\"https:\\\/\\\/patagoniambiental.com.ar\\\/info\\\/#\\\/schema\\\/logo\\\/image\\\/\"},\"sameAs\":[\"https:\\\/\\\/www.facebook.com\\\/patagonia.ambiental\",\"https:\\\/\\\/x.com\\\/PatAmb\"]},{\"@type\":\"Person\",\"@id\":\"https:\\\/\\\/patagoniambiental.com.ar\\\/info\\\/#\\\/schema\\\/person\\\/db12bff64bbcbf6a253710bf0ea37b5d\",\"name\":\"Patagonia Ambiental\",\"description\":\"Andr\u00e9s Nievas T\u00e9cnico en manejo ambiental, consultor Ambiental y escritor para medios locales e internacionales sobre temas de geopolitica y medio ambiente.\",\"sameAs\":[\"http:\\\/\\\/www.patagoniambiental.com.ar\",\"https:\\\/\\\/www.facebook.com\\\/share\\\/1C1V8Gv9BX\\\/?mibextid=qi2Omg\",\"@patagoniambiental\",\"https:\\\/\\\/youtube.com\\\/@patagoniaambiental2023?si=BLt58t0wuXquxlYZ\"]}]}<\/script>\n<!-- \/ Yoast SEO Premium plugin. -->","yoast_head_json":{"title":"El Concejo Deliberante de Ushuaia recibi\u00f3 el retrato de la bandera fueguina que flame\u00f3 en Malvinas","robots":{"index":"index","follow":"follow","max-snippet":"max-snippet:-1","max-image-preview":"max-image-preview:large","max-video-preview":"max-video-preview:-1"},"canonical":"https:\/\/patagoniambiental.com.ar\/info\/el-concejo-deliberante-de-ushuaia-recibio-el-retrato-de-la-bandera-fueguina-que-flameo-en-malvinas\/","og_locale":"es_ES","og_type":"article","og_title":"El Concejo Deliberante de Ushuaia recibi\u00f3 el retrato de la bandera fueguina que flame\u00f3 en Malvinas","og_description":"Ushuaia.-El Concejo de Ushuaia recibi\u00f3 el retrato de la bandera fueguina que flame\u00f3 en Malvinas","og_url":"https:\/\/patagoniambiental.com.ar\/info\/el-concejo-deliberante-de-ushuaia-recibio-el-retrato-de-la-bandera-fueguina-que-flameo-en-malvinas\/","og_site_name":"Patagonia Ambiental","article_publisher":"https:\/\/www.facebook.com\/patagonia.ambiental","article_author":"https:\/\/www.facebook.com\/share\/1C1V8Gv9BX\/?mibextid=qi2Omg","article_published_time":"2018-06-12T22:00:12+00:00","og_image":[{"width":400,"height":256,"url":"https:\/\/patagoniambiental.com.ar\/info\/wp-content\/uploads\/2018\/06\/multimedia.miniatura.9375b4bbff93bbcc.38333438353843312d394546392d343634462d393632422d30433444464541335f6d696e6961747572612e6a706567.jpeg","type":"image\/jpeg"}],"author":"Patagonia Ambiental","twitter_card":"summary_large_image","twitter_creator":"@PatAmb","twitter_site":"@PatAmb","schema":{"@context":"https:\/\/schema.org","@graph":[{"@type":"Article","@id":"https:\/\/patagoniambiental.com.ar\/info\/el-concejo-deliberante-de-ushuaia-recibio-el-retrato-de-la-bandera-fueguina-que-flameo-en-malvinas\/#article","isPartOf":{"@id":"https:\/\/patagoniambiental.com.ar\/info\/el-concejo-deliberante-de-ushuaia-recibio-el-retrato-de-la-bandera-fueguina-que-flameo-en-malvinas\/"},"author":{"name":"Patagonia Ambiental","@id":"https:\/\/patagoniambiental.com.ar\/info\/#\/schema\/person\/db12bff64bbcbf6a253710bf0ea37b5d"},"headline":"El Concejo Deliberante de Ushuaia recibi\u00f3 el retrato de la bandera fueguina que flame\u00f3 en Malvinas","datePublished":"2018-06-12T22:00:12+00:00","mainEntityOfPage":{"@id":"https:\/\/patagoniambiental.com.ar\/info\/el-concejo-deliberante-de-ushuaia-recibio-el-retrato-de-la-bandera-fueguina-que-flameo-en-malvinas\/"},"wordCount":541,"commentCount":0,"publisher":{"@id":"https:\/\/patagoniambiental.com.ar\/info\/#organization"},"image":{"@id":"https:\/\/patagoniambiental.com.ar\/info\/el-concejo-deliberante-de-ushuaia-recibio-el-retrato-de-la-bandera-fueguina-que-flameo-en-malvinas\/#primaryimage"},"thumbnailUrl":"https:\/\/patagoniambiental.com.ar\/info\/wp-content\/uploads\/2018\/06\/multimedia.miniatura.9375b4bbff93bbcc.38333438353843312d394546392d343634462d393632422d30433444464541335f6d696e6961747572612e6a706567.jpeg","articleSection":["Internacionales","Noticias"],"inLanguage":"es","potentialAction":[{"@type":"CommentAction","name":"Comment","target":["https:\/\/patagoniambiental.com.ar\/info\/el-concejo-deliberante-de-ushuaia-recibio-el-retrato-de-la-bandera-fueguina-que-flameo-en-malvinas\/#respond"]}]},{"@type":"WebPage","@id":"https:\/\/patagoniambiental.com.ar\/info\/el-concejo-deliberante-de-ushuaia-recibio-el-retrato-de-la-bandera-fueguina-que-flameo-en-malvinas\/","url":"https:\/\/patagoniambiental.com.ar\/info\/el-concejo-deliberante-de-ushuaia-recibio-el-retrato-de-la-bandera-fueguina-que-flameo-en-malvinas\/","name":"El Concejo Deliberante de Ushuaia recibi\u00f3 el retrato de la bandera fueguina que flame\u00f3 en Malvinas","isPartOf":{"@id":"https:\/\/patagoniambiental.com.ar\/info\/#website"},"primaryImageOfPage":{"@id":"https:\/\/patagoniambiental.com.ar\/info\/el-concejo-deliberante-de-ushuaia-recibio-el-retrato-de-la-bandera-fueguina-que-flameo-en-malvinas\/#primaryimage"},"image":{"@id":"https:\/\/patagoniambiental.com.ar\/info\/el-concejo-deliberante-de-ushuaia-recibio-el-retrato-de-la-bandera-fueguina-que-flameo-en-malvinas\/#primaryimage"},"thumbnailUrl":"https:\/\/patagoniambiental.com.ar\/info\/wp-content\/uploads\/2018\/06\/multimedia.miniatura.9375b4bbff93bbcc.38333438353843312d394546392d343634462d393632422d30433444464541335f6d696e6961747572612e6a706567.jpeg","datePublished":"2018-06-12T22:00:12+00:00","breadcrumb":{"@id":"https:\/\/patagoniambiental.com.ar\/info\/el-concejo-deliberante-de-ushuaia-recibio-el-retrato-de-la-bandera-fueguina-que-flameo-en-malvinas\/#breadcrumb"},"inLanguage":"es","potentialAction":[{"@type":"ReadAction","target":["https:\/\/patagoniambiental.com.ar\/info\/el-concejo-deliberante-de-ushuaia-recibio-el-retrato-de-la-bandera-fueguina-que-flameo-en-malvinas\/"]}]},{"@type":"ImageObject","inLanguage":"es","@id":"https:\/\/patagoniambiental.com.ar\/info\/el-concejo-deliberante-de-ushuaia-recibio-el-retrato-de-la-bandera-fueguina-que-flameo-en-malvinas\/#primaryimage","url":"https:\/\/patagoniambiental.com.ar\/info\/wp-content\/uploads\/2018\/06\/multimedia.miniatura.9375b4bbff93bbcc.38333438353843312d394546392d343634462d393632422d30433444464541335f6d696e6961747572612e6a706567.jpeg","contentUrl":"https:\/\/patagoniambiental.com.ar\/info\/wp-content\/uploads\/2018\/06\/multimedia.miniatura.9375b4bbff93bbcc.38333438353843312d394546392d343634462d393632422d30433444464541335f6d696e6961747572612e6a706567.jpeg","width":400,"height":256},{"@type":"BreadcrumbList","@id":"https:\/\/patagoniambiental.com.ar\/info\/el-concejo-deliberante-de-ushuaia-recibio-el-retrato-de-la-bandera-fueguina-que-flameo-en-malvinas\/#breadcrumb","itemListElement":[{"@type":"ListItem","position":1,"name":"Inicio","item":"https:\/\/patagoniambiental.com.ar\/info\/"},{"@type":"ListItem","position":2,"name":"El Concejo Deliberante de Ushuaia recibi\u00f3 el retrato de la bandera fueguina que flame\u00f3 en Malvinas"}]},{"@type":"WebSite","@id":"https:\/\/patagoniambiental.com.ar\/info\/#website","url":"https:\/\/patagoniambiental.com.ar\/info\/","name":"Patagonia Ambiental","description":"Monitoreo y an\u00e1lisis de la situaci\u00f3n geopol\u00edtica en el mundo y su implicancia en la Patagonia","publisher":{"@id":"https:\/\/patagoniambiental.com.ar\/info\/#organization"},"potentialAction":[{"@type":"SearchAction","target":{"@type":"EntryPoint","urlTemplate":"https:\/\/patagoniambiental.com.ar\/info\/?s={search_term_string}"},"query-input":{"@type":"PropertyValueSpecification","valueRequired":true,"valueName":"search_term_string"}}],"inLanguage":"es"},{"@type":"Organization","@id":"https:\/\/patagoniambiental.com.ar\/info\/#organization","name":"Patagonia Ambiental","url":"https:\/\/patagoniambiental.com.ar\/info\/","logo":{"@type":"ImageObject","inLanguage":"es","@id":"https:\/\/patagoniambiental.com.ar\/info\/#\/schema\/logo\/image\/","url":"https:\/\/patagoniambiental.com.ar\/info\/wp-content\/uploads\/2025\/05\/LOGO-PATAGONIA-AMBIENTAL.png","contentUrl":"https:\/\/patagoniambiental.com.ar\/info\/wp-content\/uploads\/2025\/05\/LOGO-PATAGONIA-AMBIENTAL.png","width":433,"height":250,"caption":"Patagonia Ambiental"},"image":{"@id":"https:\/\/patagoniambiental.com.ar\/info\/#\/schema\/logo\/image\/"},"sameAs":["https:\/\/www.facebook.com\/patagonia.ambiental","https:\/\/x.com\/PatAmb"]},{"@type":"Person","@id":"https:\/\/patagoniambiental.com.ar\/info\/#\/schema\/person\/db12bff64bbcbf6a253710bf0ea37b5d","name":"Patagonia Ambiental","description":"Andr\u00e9s Nievas T\u00e9cnico en manejo ambiental, consultor Ambiental y escritor para medios locales e internacionales sobre temas de geopolitica y medio ambiente.","sameAs":["http:\/\/www.patagoniambiental.com.ar","https:\/\/www.facebook.com\/share\/1C1V8Gv9BX\/?mibextid=qi2Omg","@patagoniambiental","https:\/\/youtube.com\/@patagoniaambiental2023?si=BLt58t0wuXquxlYZ"]}]}},"_links":{"self":[{"href":"https:\/\/patagoniambiental.com.ar\/info\/wp-json\/wp\/v2\/posts\/48173","targetHints":{"allow":["GET"]}}],"collection":[{"href":"https:\/\/patagoniambiental.com.ar\/info\/wp-json\/wp\/v2\/posts"}],"about":[{"href":"https:\/\/patagoniambiental.com.ar\/info\/wp-json\/wp\/v2\/types\/post"}],"author":[{"embeddable":true,"href":"https:\/\/patagoniambiental.com.ar\/info\/wp-json\/wp\/v2\/users\/2"}],"replies":[{"embeddable":true,"href":"https:\/\/patagoniambiental.com.ar\/info\/wp-json\/wp\/v2\/comments?post=48173"}],"version-history":[{"count":0,"href":"https:\/\/patagoniambiental.com.ar\/info\/wp-json\/wp\/v2\/posts\/48173\/revisions"}],"wp:featuredmedia":[{"embeddable":true,"href":"https:\/\/patagoniambiental.com.ar\/info\/wp-json\/wp\/v2\/media\/48174"}],"wp:attachment":[{"href":"https:\/\/patagoniambiental.com.ar\/info\/wp-json\/wp\/v2\/media?parent=48173"}],"wp:term":[{"taxonomy":"category","embeddable":true,"href":"https:\/\/patagoniambiental.com.ar\/info\/wp-json\/wp\/v2\/categories?post=48173"},{"taxonomy":"post_tag","embeddable":true,"href":"https:\/\/patagoniambiental.com.ar\/info\/wp-json\/wp\/v2\/tags?post=48173"}],"curies":[{"name":"wp","href":"https:\/\/api.w.org\/{rel}","templated":true}]}}