{"id":48198,"date":"2018-06-13T09:00:59","date_gmt":"2018-06-13T12:00:59","guid":{"rendered":"http:\/\/patagoniambiental.com.ar\/info\/?p=48198"},"modified":"2024-05-26T13:37:35","modified_gmt":"2024-05-26T16:37:35","slug":"bariloche-se-suma-a-la-certificacion-energetica-de-viviendas","status":"publish","type":"post","link":"https:\/\/patagoniambiental.com.ar\/info\/bariloche-se-suma-a-la-certificacion-energetica-de-viviendas\/","title":{"rendered":"Bariloche se suma a la Certificaci\u00f3n Energ\u00e9tica de Viviendas"},"content":{"rendered":"<div class=\"panel-pane pane-texto\">\n<div class=\"pane-content\">\n<div class=\"\">\n<p>En la ciudad de San Carlos de Bariloche, se llev\u00f3 a cabo la firma del Acta de Reuni\u00f3n que dio inicio a la Prueba Piloto de Certificaci\u00f3n de Viviendas. El evento se realiz\u00f3 en el Instituto Balseiro del Centro At\u00f3mico de Bariloche (CNEA) y cont\u00f3 la presencia de m\u00e1s de 80 asistentes.<\/p>\n<p>El documento fue firmado por la Subsecretaria de Ahorro y Eficiencia Energ\u00e9tica del Ministerio de Energ\u00eda y Miner\u00eda de la Naci\u00f3n, Ing. Andrea Heins, el Intendente de la Ciudad de San Carlos de Bariloche, Ing. Gustavo Gennuso, el Presidente de la Comisi\u00f3n Nacional de Energ\u00eda At\u00f3mica, Lic. Osvaldo Calzetta Larrieu, y la Secretaria de Estado de Energ\u00eda de la provincia de Santa Fe, Lic. Ver\u00f3nica Geese<\/p>\n<p>Bariloche se suma a esta iniciativa, que se est\u00e1 llevando a cabo en las provincias de Santa Fe y de Mendoza, que tiene por objetivo clasificar y catalogar los inmuebles en funci\u00f3n a su requerimiento energ\u00e9tico del mismo modo en que se realiza con los electrodom\u00e9sticos y gasodom\u00e9sticos.<\/p>\n<p>En esta instancia piloto, se capacitar\u00e1 a 40 profesionales del sector de la construcci\u00f3n para llevar adelante el relevamiento de datos en 200 viviendas de la ciudad, para su posterior clasificaci\u00f3n. La Subsecretaria de Ahorro y Eficiencia Energ\u00e9tica destac\u00f3 una vez m\u00e1s la colaboraci\u00f3n activa de las autoridades de Santa Fe, en este caso en la capacitaci\u00f3n a sus pares locales en Bariloche, funcionarios y profesionales t\u00e9cnicos.<\/p>\n<p>Tambi\u00e9n record\u00f3 la importancia de implementar medidas de eficiencia energ\u00e9tica desde cualquier mirada.<\/p>\n<p>\u201cDesde nuestras casas, comercios, industrias y servicios, todos podemos y debemos implementar medidas de eficiencia para mejorar nuestra calidad de vida y optimizar el uso de los recursos, tanto energ\u00e9ticos como monetarios\u201d, indic\u00f3 la Ing. Heins quien tambi\u00e9n recalc\u00f3 que la eficiencia en el uso de los recursos permite crecer social y econ\u00f3micamente tal como lo vienen haciendo los pa\u00edses desarrollados.<\/p>\n<p>A partir de la implementaci\u00f3n de la prueba piloto se espera obtener una l\u00ednea de referencia para la determinaci\u00f3n de una \u201cescala de eficiencia energ\u00e9tica\u201d para la zona bioclim\u00e1tica VI y generar capacidades t\u00e9cnicas locales para el posterior desarrollo de pol\u00edticas p\u00fablicas a nivel municipio y provincia, a partir de los resultados obtenidos.<\/p>\n<p>Para la experiencia de Bariloche, la iniciativa de Certificaci\u00f3n Energ\u00e9tica de Viviendas liderado por la Subsecretar\u00eda de Ahorro y Eficiencia Energ\u00e9tica contar\u00e1 con el apoyo financiero del Proyecto de Cooperaci\u00f3n de la Uni\u00f3n Europea \u201cEficiencia Energ\u00e9tica en Argentina\u201d.<\/p>\n<p>Para m\u00e1s informaci\u00f3n sobre el programa, dirigirse a: etiquetadoviviendas@minem.gob.ar<\/p>\n<\/div>\n<p>Fuente:\u00a0https:\/\/www.argentina.gob.ar\/noticias\/bariloche-se-suma-la-certificacion-energetica-de-viviendas<\/p>\n<\/div>\n<\/div>\n","protected":false},"excerpt":{"rendered":"<p>En la ciudad de San Carlos de Bariloche, se llev\u00f3 a cabo la firma del Acta de Reuni\u00f3n que dio [&hellip;]<\/p>\n","protected":false},"author":2,"featured_media":48199,"comment_status":"open","ping_status":"open","sticky":false,"template":"","format":"standard","meta":{"site-sidebar-layout":"default","site-content-layout":"","ast-site-content-layout":"default","site-content-style":"default","site-sidebar-style":"default","ast-global-header-display":"","ast-banner-title-visibility":"","ast-main-header-display":"","ast-hfb-above-header-display":"","ast-hfb-below-header-display":"","ast-hfb-mobile-header-display":"","site-post-title":"","ast-breadcrumbs-content":"","ast-featured-img":"","footer-sml-layout":"","ast-disable-related-posts":"","theme-transparent-header-meta":"","adv-header-id-meta":"","stick-header-meta":"","header-above-stick-meta":"","header-main-stick-meta":"","header-below-stick-meta":"","astra-migrate-meta-layouts":"default","ast-page-background-enabled":"default","ast-page-background-meta":{"desktop":{"background-color":"var(--ast-global-color-5)","background-image":"","background-repeat":"repeat","background-position":"center center","background-size":"auto","background-attachment":"scroll","background-type":"","background-media":"","overlay-type":"","overlay-color":"","overlay-opacity":"","overlay-gradient":""},"tablet":{"background-color":"","background-image":"","background-repeat":"repeat","background-position":"center center","background-size":"auto","background-attachment":"scroll","background-type":"","background-media":"","overlay-type":"","overlay-color":"","overlay-opacity":"","overlay-gradient":""},"mobile":{"background-color":"","background-image":"","background-repeat":"repeat","background-position":"center center","background-size":"auto","background-attachment":"scroll","background-type":"","background-media":"","overlay-type":"","overlay-color":"","overlay-opacity":"","overlay-gradient":""}},"ast-content-background-meta":{"desktop":{"background-color":"var(--ast-global-color-4)","background-image":"","background-repeat":"repeat","background-position":"center center","background-size":"auto","background-attachment":"scroll","background-type":"","background-media":"","overlay-type":"","overlay-color":"","overlay-opacity":"","overlay-gradient":""},"tablet":{"background-color":"var(--ast-global-color-4)","background-image":"","background-repeat":"repeat","background-position":"center center","background-size":"auto","background-attachment":"scroll","background-type":"","background-media":"","overlay-type":"","overlay-color":"","overlay-opacity":"","overlay-gradient":""},"mobile":{"background-color":"var(--ast-global-color-4)","background-image":"","background-repeat":"repeat","background-position":"center center","background-size":"auto","background-attachment":"scroll","background-type":"","background-media":"","overlay-type":"","overlay-color":"","overlay-opacity":"","overlay-gradient":""}},"footnotes":""},"categories":[46,1],"tags":[],"class_list":["post-48198","post","type-post","status-publish","format-standard","has-post-thumbnail","hentry","category-municipios","category-noticias"],"yoast_head":"<!-- This site is optimized with the Yoast SEO Premium plugin v23.0 (Yoast SEO v27.5) - https:\/\/yoast.com\/product\/yoast-seo-premium-wordpress\/ -->\n<title>Bariloche se suma a la Certificaci\u00f3n Energ\u00e9tica de Viviendas<\/title>\n<meta name=\"robots\" content=\"index, follow, max-snippet:-1, max-image-preview:large, max-video-preview:-1\" \/>\n<link rel=\"canonical\" href=\"https:\/\/patagoniambiental.com.ar\/info\/bariloche-se-suma-a-la-certificacion-energetica-de-viviendas\/\" \/>\n<meta property=\"og:locale\" content=\"es_ES\" \/>\n<meta property=\"og:type\" content=\"article\" \/>\n<meta property=\"og:title\" content=\"Bariloche se suma a la Certificaci\u00f3n Energ\u00e9tica de Viviendas\" \/>\n<meta property=\"og:description\" content=\"En la ciudad de San Carlos de Bariloche, se llev\u00f3 a cabo la firma del Acta de Reuni\u00f3n que dio [&hellip;]\" \/>\n<meta property=\"og:url\" content=\"https:\/\/patagoniambiental.com.ar\/info\/bariloche-se-suma-a-la-certificacion-energetica-de-viviendas\/\" \/>\n<meta property=\"og:site_name\" content=\"Patagonia Ambiental\" \/>\n<meta property=\"article:publisher\" content=\"https:\/\/www.facebook.com\/patagonia.ambiental\" \/>\n<meta property=\"article:author\" content=\"https:\/\/www.facebook.com\/share\/1C1V8Gv9BX\/?mibextid=qi2Omg\" \/>\n<meta property=\"article:published_time\" content=\"2018-06-13T12:00:59+00:00\" \/>\n<meta property=\"article:modified_time\" content=\"2024-05-26T16:37:35+00:00\" \/>\n<meta property=\"og:image\" content=\"https:\/\/patagoniambiental.com.ar\/info\/wp-content\/uploads\/2018\/06\/bariloche-firma.jpg\" \/>\n\t<meta property=\"og:image:width\" content=\"299\" \/>\n\t<meta property=\"og:image:height\" content=\"169\" \/>\n\t<meta property=\"og:image:type\" content=\"image\/jpeg\" \/>\n<meta name=\"author\" content=\"Patagonia Ambiental\" \/>\n<meta name=\"twitter:card\" content=\"summary_large_image\" \/>\n<meta name=\"twitter:creator\" content=\"@PatAmb\" \/>\n<meta name=\"twitter:site\" content=\"@PatAmb\" \/>\n<script type=\"application\/ld+json\" class=\"yoast-schema-graph\">{\"@context\":\"https:\\\/\\\/schema.org\",\"@graph\":[{\"@type\":\"Article\",\"@id\":\"https:\\\/\\\/patagoniambiental.com.ar\\\/info\\\/bariloche-se-suma-a-la-certificacion-energetica-de-viviendas\\\/#article\",\"isPartOf\":{\"@id\":\"https:\\\/\\\/patagoniambiental.com.ar\\\/info\\\/bariloche-se-suma-a-la-certificacion-energetica-de-viviendas\\\/\"},\"author\":{\"name\":\"Patagonia Ambiental\",\"@id\":\"https:\\\/\\\/patagoniambiental.com.ar\\\/info\\\/#\\\/schema\\\/person\\\/db12bff64bbcbf6a253710bf0ea37b5d\"},\"headline\":\"Bariloche se suma a la Certificaci\u00f3n Energ\u00e9tica de Viviendas\",\"datePublished\":\"2018-06-13T12:00:59+00:00\",\"dateModified\":\"2024-05-26T16:37:35+00:00\",\"mainEntityOfPage\":{\"@id\":\"https:\\\/\\\/patagoniambiental.com.ar\\\/info\\\/bariloche-se-suma-a-la-certificacion-energetica-de-viviendas\\\/\"},\"wordCount\":473,\"commentCount\":0,\"publisher\":{\"@id\":\"https:\\\/\\\/patagoniambiental.com.ar\\\/info\\\/#organization\"},\"image\":{\"@id\":\"https:\\\/\\\/patagoniambiental.com.ar\\\/info\\\/bariloche-se-suma-a-la-certificacion-energetica-de-viviendas\\\/#primaryimage\"},\"thumbnailUrl\":\"https:\\\/\\\/patagoniambiental.com.ar\\\/info\\\/wp-content\\\/uploads\\\/2018\\\/06\\\/bariloche-firma.jpg\",\"articleSection\":[\"Municipios\",\"Noticias\"],\"inLanguage\":\"es\",\"potentialAction\":[{\"@type\":\"CommentAction\",\"name\":\"Comment\",\"target\":[\"https:\\\/\\\/patagoniambiental.com.ar\\\/info\\\/bariloche-se-suma-a-la-certificacion-energetica-de-viviendas\\\/#respond\"]}]},{\"@type\":\"WebPage\",\"@id\":\"https:\\\/\\\/patagoniambiental.com.ar\\\/info\\\/bariloche-se-suma-a-la-certificacion-energetica-de-viviendas\\\/\",\"url\":\"https:\\\/\\\/patagoniambiental.com.ar\\\/info\\\/bariloche-se-suma-a-la-certificacion-energetica-de-viviendas\\\/\",\"name\":\"Bariloche se suma a la Certificaci\u00f3n Energ\u00e9tica de Viviendas\",\"isPartOf\":{\"@id\":\"https:\\\/\\\/patagoniambiental.com.ar\\\/info\\\/#website\"},\"primaryImageOfPage\":{\"@id\":\"https:\\\/\\\/patagoniambiental.com.ar\\\/info\\\/bariloche-se-suma-a-la-certificacion-energetica-de-viviendas\\\/#primaryimage\"},\"image\":{\"@id\":\"https:\\\/\\\/patagoniambiental.com.ar\\\/info\\\/bariloche-se-suma-a-la-certificacion-energetica-de-viviendas\\\/#primaryimage\"},\"thumbnailUrl\":\"https:\\\/\\\/patagoniambiental.com.ar\\\/info\\\/wp-content\\\/uploads\\\/2018\\\/06\\\/bariloche-firma.jpg\",\"datePublished\":\"2018-06-13T12:00:59+00:00\",\"dateModified\":\"2024-05-26T16:37:35+00:00\",\"breadcrumb\":{\"@id\":\"https:\\\/\\\/patagoniambiental.com.ar\\\/info\\\/bariloche-se-suma-a-la-certificacion-energetica-de-viviendas\\\/#breadcrumb\"},\"inLanguage\":\"es\",\"potentialAction\":[{\"@type\":\"ReadAction\",\"target\":[\"https:\\\/\\\/patagoniambiental.com.ar\\\/info\\\/bariloche-se-suma-a-la-certificacion-energetica-de-viviendas\\\/\"]}]},{\"@type\":\"ImageObject\",\"inLanguage\":\"es\",\"@id\":\"https:\\\/\\\/patagoniambiental.com.ar\\\/info\\\/bariloche-se-suma-a-la-certificacion-energetica-de-viviendas\\\/#primaryimage\",\"url\":\"https:\\\/\\\/patagoniambiental.com.ar\\\/info\\\/wp-content\\\/uploads\\\/2018\\\/06\\\/bariloche-firma.jpg\",\"contentUrl\":\"https:\\\/\\\/patagoniambiental.com.ar\\\/info\\\/wp-content\\\/uploads\\\/2018\\\/06\\\/bariloche-firma.jpg\",\"width\":299,\"height\":169},{\"@type\":\"BreadcrumbList\",\"@id\":\"https:\\\/\\\/patagoniambiental.com.ar\\\/info\\\/bariloche-se-suma-a-la-certificacion-energetica-de-viviendas\\\/#breadcrumb\",\"itemListElement\":[{\"@type\":\"ListItem\",\"position\":1,\"name\":\"Inicio\",\"item\":\"https:\\\/\\\/patagoniambiental.com.ar\\\/info\\\/\"},{\"@type\":\"ListItem\",\"position\":2,\"name\":\"Bariloche se suma a la Certificaci\u00f3n Energ\u00e9tica de Viviendas\"}]},{\"@type\":\"WebSite\",\"@id\":\"https:\\\/\\\/patagoniambiental.com.ar\\\/info\\\/#website\",\"url\":\"https:\\\/\\\/patagoniambiental.com.ar\\\/info\\\/\",\"name\":\"Patagonia Ambiental\",\"description\":\"Monitoreo y an\u00e1lisis de la situaci\u00f3n geopol\u00edtica en el mundo y su implicancia en la Patagonia\",\"publisher\":{\"@id\":\"https:\\\/\\\/patagoniambiental.com.ar\\\/info\\\/#organization\"},\"potentialAction\":[{\"@type\":\"SearchAction\",\"target\":{\"@type\":\"EntryPoint\",\"urlTemplate\":\"https:\\\/\\\/patagoniambiental.com.ar\\\/info\\\/?s={search_term_string}\"},\"query-input\":{\"@type\":\"PropertyValueSpecification\",\"valueRequired\":true,\"valueName\":\"search_term_string\"}}],\"inLanguage\":\"es\"},{\"@type\":\"Organization\",\"@id\":\"https:\\\/\\\/patagoniambiental.com.ar\\\/info\\\/#organization\",\"name\":\"Patagonia Ambiental\",\"url\":\"https:\\\/\\\/patagoniambiental.com.ar\\\/info\\\/\",\"logo\":{\"@type\":\"ImageObject\",\"inLanguage\":\"es\",\"@id\":\"https:\\\/\\\/patagoniambiental.com.ar\\\/info\\\/#\\\/schema\\\/logo\\\/image\\\/\",\"url\":\"https:\\\/\\\/patagoniambiental.com.ar\\\/info\\\/wp-content\\\/uploads\\\/2025\\\/05\\\/LOGO-PATAGONIA-AMBIENTAL.png\",\"contentUrl\":\"https:\\\/\\\/patagoniambiental.com.ar\\\/info\\\/wp-content\\\/uploads\\\/2025\\\/05\\\/LOGO-PATAGONIA-AMBIENTAL.png\",\"width\":433,\"height\":250,\"caption\":\"Patagonia Ambiental\"},\"image\":{\"@id\":\"https:\\\/\\\/patagoniambiental.com.ar\\\/info\\\/#\\\/schema\\\/logo\\\/image\\\/\"},\"sameAs\":[\"https:\\\/\\\/www.facebook.com\\\/patagonia.ambiental\",\"https:\\\/\\\/x.com\\\/PatAmb\"]},{\"@type\":\"Person\",\"@id\":\"https:\\\/\\\/patagoniambiental.com.ar\\\/info\\\/#\\\/schema\\\/person\\\/db12bff64bbcbf6a253710bf0ea37b5d\",\"name\":\"Patagonia Ambiental\",\"description\":\"Andr\u00e9s Nievas T\u00e9cnico en manejo ambiental, consultor Ambiental y escritor para medios locales e internacionales sobre temas de geopolitica y medio ambiente.\",\"sameAs\":[\"http:\\\/\\\/www.patagoniambiental.com.ar\",\"https:\\\/\\\/www.facebook.com\\\/share\\\/1C1V8Gv9BX\\\/?mibextid=qi2Omg\",\"@patagoniambiental\",\"https:\\\/\\\/youtube.com\\\/@patagoniaambiental2023?si=BLt58t0wuXquxlYZ\"]}]}<\/script>\n<!-- \/ Yoast SEO Premium plugin. -->","yoast_head_json":{"title":"Bariloche se suma a la Certificaci\u00f3n Energ\u00e9tica de Viviendas","robots":{"index":"index","follow":"follow","max-snippet":"max-snippet:-1","max-image-preview":"max-image-preview:large","max-video-preview":"max-video-preview:-1"},"canonical":"https:\/\/patagoniambiental.com.ar\/info\/bariloche-se-suma-a-la-certificacion-energetica-de-viviendas\/","og_locale":"es_ES","og_type":"article","og_title":"Bariloche se suma a la Certificaci\u00f3n Energ\u00e9tica de Viviendas","og_description":"En la ciudad de San Carlos de Bariloche, se llev\u00f3 a cabo la firma del Acta de Reuni\u00f3n que dio [&hellip;]","og_url":"https:\/\/patagoniambiental.com.ar\/info\/bariloche-se-suma-a-la-certificacion-energetica-de-viviendas\/","og_site_name":"Patagonia Ambiental","article_publisher":"https:\/\/www.facebook.com\/patagonia.ambiental","article_author":"https:\/\/www.facebook.com\/share\/1C1V8Gv9BX\/?mibextid=qi2Omg","article_published_time":"2018-06-13T12:00:59+00:00","article_modified_time":"2024-05-26T16:37:35+00:00","og_image":[{"width":299,"height":169,"url":"https:\/\/patagoniambiental.com.ar\/info\/wp-content\/uploads\/2018\/06\/bariloche-firma.jpg","type":"image\/jpeg"}],"author":"Patagonia Ambiental","twitter_card":"summary_large_image","twitter_creator":"@PatAmb","twitter_site":"@PatAmb","schema":{"@context":"https:\/\/schema.org","@graph":[{"@type":"Article","@id":"https:\/\/patagoniambiental.com.ar\/info\/bariloche-se-suma-a-la-certificacion-energetica-de-viviendas\/#article","isPartOf":{"@id":"https:\/\/patagoniambiental.com.ar\/info\/bariloche-se-suma-a-la-certificacion-energetica-de-viviendas\/"},"author":{"name":"Patagonia Ambiental","@id":"https:\/\/patagoniambiental.com.ar\/info\/#\/schema\/person\/db12bff64bbcbf6a253710bf0ea37b5d"},"headline":"Bariloche se suma a la Certificaci\u00f3n Energ\u00e9tica de Viviendas","datePublished":"2018-06-13T12:00:59+00:00","dateModified":"2024-05-26T16:37:35+00:00","mainEntityOfPage":{"@id":"https:\/\/patagoniambiental.com.ar\/info\/bariloche-se-suma-a-la-certificacion-energetica-de-viviendas\/"},"wordCount":473,"commentCount":0,"publisher":{"@id":"https:\/\/patagoniambiental.com.ar\/info\/#organization"},"image":{"@id":"https:\/\/patagoniambiental.com.ar\/info\/bariloche-se-suma-a-la-certificacion-energetica-de-viviendas\/#primaryimage"},"thumbnailUrl":"https:\/\/patagoniambiental.com.ar\/info\/wp-content\/uploads\/2018\/06\/bariloche-firma.jpg","articleSection":["Municipios","Noticias"],"inLanguage":"es","potentialAction":[{"@type":"CommentAction","name":"Comment","target":["https:\/\/patagoniambiental.com.ar\/info\/bariloche-se-suma-a-la-certificacion-energetica-de-viviendas\/#respond"]}]},{"@type":"WebPage","@id":"https:\/\/patagoniambiental.com.ar\/info\/bariloche-se-suma-a-la-certificacion-energetica-de-viviendas\/","url":"https:\/\/patagoniambiental.com.ar\/info\/bariloche-se-suma-a-la-certificacion-energetica-de-viviendas\/","name":"Bariloche se suma a la Certificaci\u00f3n Energ\u00e9tica de Viviendas","isPartOf":{"@id":"https:\/\/patagoniambiental.com.ar\/info\/#website"},"primaryImageOfPage":{"@id":"https:\/\/patagoniambiental.com.ar\/info\/bariloche-se-suma-a-la-certificacion-energetica-de-viviendas\/#primaryimage"},"image":{"@id":"https:\/\/patagoniambiental.com.ar\/info\/bariloche-se-suma-a-la-certificacion-energetica-de-viviendas\/#primaryimage"},"thumbnailUrl":"https:\/\/patagoniambiental.com.ar\/info\/wp-content\/uploads\/2018\/06\/bariloche-firma.jpg","datePublished":"2018-06-13T12:00:59+00:00","dateModified":"2024-05-26T16:37:35+00:00","breadcrumb":{"@id":"https:\/\/patagoniambiental.com.ar\/info\/bariloche-se-suma-a-la-certificacion-energetica-de-viviendas\/#breadcrumb"},"inLanguage":"es","potentialAction":[{"@type":"ReadAction","target":["https:\/\/patagoniambiental.com.ar\/info\/bariloche-se-suma-a-la-certificacion-energetica-de-viviendas\/"]}]},{"@type":"ImageObject","inLanguage":"es","@id":"https:\/\/patagoniambiental.com.ar\/info\/bariloche-se-suma-a-la-certificacion-energetica-de-viviendas\/#primaryimage","url":"https:\/\/patagoniambiental.com.ar\/info\/wp-content\/uploads\/2018\/06\/bariloche-firma.jpg","contentUrl":"https:\/\/patagoniambiental.com.ar\/info\/wp-content\/uploads\/2018\/06\/bariloche-firma.jpg","width":299,"height":169},{"@type":"BreadcrumbList","@id":"https:\/\/patagoniambiental.com.ar\/info\/bariloche-se-suma-a-la-certificacion-energetica-de-viviendas\/#breadcrumb","itemListElement":[{"@type":"ListItem","position":1,"name":"Inicio","item":"https:\/\/patagoniambiental.com.ar\/info\/"},{"@type":"ListItem","position":2,"name":"Bariloche se suma a la Certificaci\u00f3n Energ\u00e9tica de Viviendas"}]},{"@type":"WebSite","@id":"https:\/\/patagoniambiental.com.ar\/info\/#website","url":"https:\/\/patagoniambiental.com.ar\/info\/","name":"Patagonia Ambiental","description":"Monitoreo y an\u00e1lisis de la situaci\u00f3n geopol\u00edtica en el mundo y su implicancia en la Patagonia","publisher":{"@id":"https:\/\/patagoniambiental.com.ar\/info\/#organization"},"potentialAction":[{"@type":"SearchAction","target":{"@type":"EntryPoint","urlTemplate":"https:\/\/patagoniambiental.com.ar\/info\/?s={search_term_string}"},"query-input":{"@type":"PropertyValueSpecification","valueRequired":true,"valueName":"search_term_string"}}],"inLanguage":"es"},{"@type":"Organization","@id":"https:\/\/patagoniambiental.com.ar\/info\/#organization","name":"Patagonia Ambiental","url":"https:\/\/patagoniambiental.com.ar\/info\/","logo":{"@type":"ImageObject","inLanguage":"es","@id":"https:\/\/patagoniambiental.com.ar\/info\/#\/schema\/logo\/image\/","url":"https:\/\/patagoniambiental.com.ar\/info\/wp-content\/uploads\/2025\/05\/LOGO-PATAGONIA-AMBIENTAL.png","contentUrl":"https:\/\/patagoniambiental.com.ar\/info\/wp-content\/uploads\/2025\/05\/LOGO-PATAGONIA-AMBIENTAL.png","width":433,"height":250,"caption":"Patagonia Ambiental"},"image":{"@id":"https:\/\/patagoniambiental.com.ar\/info\/#\/schema\/logo\/image\/"},"sameAs":["https:\/\/www.facebook.com\/patagonia.ambiental","https:\/\/x.com\/PatAmb"]},{"@type":"Person","@id":"https:\/\/patagoniambiental.com.ar\/info\/#\/schema\/person\/db12bff64bbcbf6a253710bf0ea37b5d","name":"Patagonia Ambiental","description":"Andr\u00e9s Nievas T\u00e9cnico en manejo ambiental, consultor Ambiental y escritor para medios locales e internacionales sobre temas de geopolitica y medio ambiente.","sameAs":["http:\/\/www.patagoniambiental.com.ar","https:\/\/www.facebook.com\/share\/1C1V8Gv9BX\/?mibextid=qi2Omg","@patagoniambiental","https:\/\/youtube.com\/@patagoniaambiental2023?si=BLt58t0wuXquxlYZ"]}]}},"_links":{"self":[{"href":"https:\/\/patagoniambiental.com.ar\/info\/wp-json\/wp\/v2\/posts\/48198","targetHints":{"allow":["GET"]}}],"collection":[{"href":"https:\/\/patagoniambiental.com.ar\/info\/wp-json\/wp\/v2\/posts"}],"about":[{"href":"https:\/\/patagoniambiental.com.ar\/info\/wp-json\/wp\/v2\/types\/post"}],"author":[{"embeddable":true,"href":"https:\/\/patagoniambiental.com.ar\/info\/wp-json\/wp\/v2\/users\/2"}],"replies":[{"embeddable":true,"href":"https:\/\/patagoniambiental.com.ar\/info\/wp-json\/wp\/v2\/comments?post=48198"}],"version-history":[{"count":0,"href":"https:\/\/patagoniambiental.com.ar\/info\/wp-json\/wp\/v2\/posts\/48198\/revisions"}],"wp:featuredmedia":[{"embeddable":true,"href":"https:\/\/patagoniambiental.com.ar\/info\/wp-json\/wp\/v2\/media\/48199"}],"wp:attachment":[{"href":"https:\/\/patagoniambiental.com.ar\/info\/wp-json\/wp\/v2\/media?parent=48198"}],"wp:term":[{"taxonomy":"category","embeddable":true,"href":"https:\/\/patagoniambiental.com.ar\/info\/wp-json\/wp\/v2\/categories?post=48198"},{"taxonomy":"post_tag","embeddable":true,"href":"https:\/\/patagoniambiental.com.ar\/info\/wp-json\/wp\/v2\/tags?post=48198"}],"curies":[{"name":"wp","href":"https:\/\/api.w.org\/{rel}","templated":true}]}}