{"id":48296,"date":"2018-06-15T19:00:16","date_gmt":"2018-06-15T22:00:16","guid":{"rendered":"http:\/\/patagoniambiental.com.ar\/info\/?p=48296"},"modified":"2018-06-14T12:34:52","modified_gmt":"2018-06-14T15:34:52","slug":"santo-domingo-se-unio-a-la-red-chilena-de-municipios-contra-el-cambio-climatico","status":"publish","type":"post","link":"https:\/\/patagoniambiental.com.ar\/info\/santo-domingo-se-unio-a-la-red-chilena-de-municipios-contra-el-cambio-climatico\/","title":{"rendered":"Santo Domingo se uni\u00f3 a la Red Chilena de Municipios contra el Cambio Clim\u00e1tico"},"content":{"rendered":"<p>Chile.-En el marco de las actividades de la semana del medio ambiente, el municipio de Santo Domingo y Adapt Chile firmaron este convenio de incorporaci\u00f3n a la Red Chilena de Municipios contra el Cambio Clim\u00e1tico, el cual convierte a Santo Domingo en una de las 49 comunas del pa\u00eds que promueven acciones frente al cambio clim\u00e1tico.<\/p>\n<p><!--more--><\/p>\n<p><img decoding=\"async\" src=\"http:\/\/elproa.cl\/web\/fotos\/SantoDomingo14062018.jpg\" align=\"left\" hspace=\"6\" \/><\/p>\n<p>Adapt Chile es una organizaci\u00f3n sin fines de lucro que desde enero de 2013 ha trabajado promoviendo respuestas locales frente al cambio clim\u00e1tico; es con este objetivo que la organizaci\u00f3n impuls\u00f3 a la Red Chilena de Municipios contra el Cambio Clim\u00e1tico, instancia de cooperaci\u00f3n, capacitaci\u00f3n e intercambio de experiencias en la materia entre municipalidades de Chile.<br \/>\nLa ceremonia de firma de convenio estuvo encabezada por el alcalde de Santo Domingo, Fernando Rodr\u00edguez, quien destac\u00f3 que la comuna ha, \u00abtrabajado mucho el tema de la susten-tabilidad e ir generando conciencia respecto al cambio clim\u00e1tico, hemos desarrolla do una serie de acciones que impactan directamente en nuestro territorio. Nos encontramos celebrando la semana del medio ambiente y hemos querido hacer esta firma de convenio con una Red de Municipalidades\u00a0 de nuestro pa\u00eds, para elaborar propuestas que puedan ser un aporte a nivel nacional e internacional respecto a evitar el calentamiento y tambi\u00e9n para aprovechar de conocer nuevas experiencias, de otros municipios que hayan sido exitosos y nosotros proveer de nuestra experiencia, que tambi\u00e9n ha sido mucha para que otros municipios puedan tambi\u00e9n practicar estas acciones y de esa forma todos podemos contribuir a evitar el cambio clim\u00e1tico\u00bb.<br \/>\nEl alcalde a\u00f1adi\u00f3 que la importancia de este convenio es continuar motivando a la comunidad a tomar conciencia sobre el cambio clim\u00e1tico, ya que el cuidado del planeta es una tarea que, \u00abno solo depende de las municipalidades, sino que de todos los vecinos, que en sus h\u00e1bitos diarios que colaboren con nuestro medio ambiente y as\u00ed evitar definitivamente el cambio clim\u00e1tico. Esto va desde las personas, desde el municipio, las instituciones, las empresas, todos tenemos que colaborar \u00ab.<br \/>\nJunto al alcalde en esta firma tambi\u00e9n particip\u00f3 el director Nacional de Adapt Chile, Jordan Harris, quien explic\u00f3 que con este convenio, \u00abla municipalidad de Santo Domingo como miembro de la Red Chilena de Municipios ante el Cambio Clim\u00e1tico, que es una red de car\u00e1cter nacional que suma a 49 municipios de todo el pa\u00eds, quienes han tomado un compromiso de trabajar con el cambio clim\u00e1tico; tanto en t\u00e9rminos de la mitigaci\u00f3n, disminuyendo sus huellas de carbono, siendo mas eficientes en los usos de energ\u00eda y los recursos cr\u00edticos; como tambi\u00e9n en la adaptaci\u00f3n, respondiendo a los impactos y efectos del cambio clim\u00e1tico en el territorio. Con esto Santo Domingo se incluye dentro de este grupo a nivel nacional y se compromete a generar procesos de planificaci\u00f3n estrat\u00e9gica que sean capaces de blindar mejor a su territorio, en t\u00e9rminos de efectos del cambio clim\u00e1tico protegiendo a la poblaci\u00f3n y aumentando tambi\u00e9n la posibilidades de que se pueda tomar parte en todas las actividades que tienen que ver con la lucha del cambio clim\u00e1tico\u00bb.<br \/>\nEl director de esta organizaci\u00f3n encargada de promover la importancia de enfrentar el cambio clim\u00e1tico, resalt\u00f3 la labor que ha ejecutado el municipio de la comuna parque, comentando que especialmente la labor, \u00abcon los humedales es muy importante y yo creo que eso va a ser un caso que se puede mostrar a todos los municipios de la red, que est\u00e1n trabajando o quieren trabajar con este tema y tambi\u00e9n aprender dentro de la comunidad internacional otras cosas que se pueden hacer con ese trabajo. Junto con eso, siempre de alcance directo a la municipalidad es gesti\u00f3n residuos, es un tema de bastante importante;\u00a0 en el uso de los espacios verdes, como podemos generar espacios verdes que utilicen especies mas acordes con los cambios que esta generando el cambio clim\u00e1tico, que sean menos voraces en cuanto al consumo de agua, dado la importancia del tema h\u00eddrico y como esos espacios podr\u00edan tambi\u00e9n proteger a la comunidad ante inundaciones o desbordes de r\u00edos, que eventualmente podr\u00edan llegar a perjudicar\u00bb.<br \/>\nEs un momento trascendental en que ocurre esta incorporaci\u00f3n de la comuna a la Red Chilena de Municipios contra el Cambio Clim\u00e1tico, debido a que, \u00abChile como pa\u00eds esta tomando liderazgo hemis-f\u00e9rico e internacionales en cuanto a la eliminaci\u00f3n de las bolsas pl\u00e1sticas, cosa que la municipalidad de Santo Domingo ya hab\u00eda incorporado como una practica habitual. El tema del mar es uno de los m\u00e1s preocupantes en el cambio clim\u00e1tico, tanto la contaminaci\u00f3n, como el aumento de la temperatura del mar esta generando impacto en la vida marina, cualquier comunidad o comuna que depende de este tipo de actividades como parte importante de su econom\u00eda, tiene que incorporar esto en sus procesos de desarrollo. Y tambi\u00e9n en cuanto a lo que hace el efecto invernadero, siempre hay que generar mayor eficiencia, algo que ya se ha hecho en esta municipalidad con el reemplazo de las luminarias publicas y las luminarias leds; pero, hay mucho mas que se pueda hacer en temas de colegios, dependencias municipales, consultorios, etc.\u00bb, agreg\u00f3 Jordan Harris.<br \/>\nOtra de las autoridades que particip\u00f3 en esta ceremonia fue el concejal Germ\u00e1n Mayo, quien se\u00f1al\u00f3 que, \u00abme alegro mucho que el municipio se haya incorporado a este pacto de mejorar el tema ambiental en el pa\u00eds y en el mundo. Nosotros somos pioneros en el tratamiento de residuos y cuidado al medio ambiente, somos comuna parque, tenemos una tradici\u00f3n y yo creo que merecemos estar dentro de los municipios l\u00edderes en este tema; ha hecho un esfuerzo importante el municipio en educar a la poblaci\u00f3n en ser pioneros en tratar al medio ambiente como corresponde\u00bb.<\/p>\n<p>Fuente:http:\/\/elproa.cl\/web\/detallenoticia.asp?id=25418<\/p>\n","protected":false},"excerpt":{"rendered":"<p>Chile.-En el marco de las actividades de la semana del medio ambiente, el municipio de Santo Domingo y Adapt Chile [&hellip;]<\/p>\n","protected":false},"author":2,"featured_media":48297,"comment_status":"open","ping_status":"open","sticky":false,"template":"","format":"standard","meta":{"site-sidebar-layout":"default","site-content-layout":"","ast-site-content-layout":"default","site-content-style":"default","site-sidebar-style":"default","ast-global-header-display":"","ast-banner-title-visibility":"","ast-main-header-display":"","ast-hfb-above-header-display":"","ast-hfb-below-header-display":"","ast-hfb-mobile-header-display":"","site-post-title":"","ast-breadcrumbs-content":"","ast-featured-img":"","footer-sml-layout":"","ast-disable-related-posts":"","theme-transparent-header-meta":"","adv-header-id-meta":"","stick-header-meta":"","header-above-stick-meta":"","header-main-stick-meta":"","header-below-stick-meta":"","astra-migrate-meta-layouts":"default","ast-page-background-enabled":"default","ast-page-background-meta":{"desktop":{"background-color":"var(--ast-global-color-5)","background-image":"","background-repeat":"repeat","background-position":"center center","background-size":"auto","background-attachment":"scroll","background-type":"","background-media":"","overlay-type":"","overlay-color":"","overlay-opacity":"","overlay-gradient":""},"tablet":{"background-color":"","background-image":"","background-repeat":"repeat","background-position":"center center","background-size":"auto","background-attachment":"scroll","background-type":"","background-media":"","overlay-type":"","overlay-color":"","overlay-opacity":"","overlay-gradient":""},"mobile":{"background-color":"","background-image":"","background-repeat":"repeat","background-position":"center center","background-size":"auto","background-attachment":"scroll","background-type":"","background-media":"","overlay-type":"","overlay-color":"","overlay-opacity":"","overlay-gradient":""}},"ast-content-background-meta":{"desktop":{"background-color":"var(--ast-global-color-4)","background-image":"","background-repeat":"repeat","background-position":"center center","background-size":"auto","background-attachment":"scroll","background-type":"","background-media":"","overlay-type":"","overlay-color":"","overlay-opacity":"","overlay-gradient":""},"tablet":{"background-color":"var(--ast-global-color-4)","background-image":"","background-repeat":"repeat","background-position":"center center","background-size":"auto","background-attachment":"scroll","background-type":"","background-media":"","overlay-type":"","overlay-color":"","overlay-opacity":"","overlay-gradient":""},"mobile":{"background-color":"var(--ast-global-color-4)","background-image":"","background-repeat":"repeat","background-position":"center center","background-size":"auto","background-attachment":"scroll","background-type":"","background-media":"","overlay-type":"","overlay-color":"","overlay-opacity":"","overlay-gradient":""}},"footnotes":""},"categories":[23,1],"tags":[],"class_list":["post-48296","post","type-post","status-publish","format-standard","has-post-thumbnail","hentry","category-internacionales","category-noticias"],"yoast_head":"<!-- This site is optimized with the Yoast SEO Premium plugin v23.0 (Yoast SEO v27.4) - https:\/\/yoast.com\/product\/yoast-seo-premium-wordpress\/ -->\n<title>Santo Domingo se uni\u00f3 a la Red Chilena de Municipios contra el Cambio Clim\u00e1tico<\/title>\n<meta name=\"robots\" content=\"index, follow, max-snippet:-1, max-image-preview:large, max-video-preview:-1\" \/>\n<link rel=\"canonical\" href=\"https:\/\/patagoniambiental.com.ar\/info\/santo-domingo-se-unio-a-la-red-chilena-de-municipios-contra-el-cambio-climatico\/\" \/>\n<meta property=\"og:locale\" content=\"es_ES\" \/>\n<meta property=\"og:type\" content=\"article\" \/>\n<meta property=\"og:title\" content=\"Santo Domingo se uni\u00f3 a la Red Chilena de Municipios contra el Cambio Clim\u00e1tico\" \/>\n<meta property=\"og:description\" content=\"Chile.-En el marco de las actividades de la semana del medio ambiente, el municipio de Santo Domingo y Adapt Chile [&hellip;]\" \/>\n<meta property=\"og:url\" content=\"https:\/\/patagoniambiental.com.ar\/info\/santo-domingo-se-unio-a-la-red-chilena-de-municipios-contra-el-cambio-climatico\/\" \/>\n<meta property=\"og:site_name\" content=\"Patagonia Ambiental\" \/>\n<meta property=\"article:publisher\" content=\"https:\/\/www.facebook.com\/patagonia.ambiental\" \/>\n<meta property=\"article:author\" content=\"https:\/\/www.facebook.com\/share\/1C1V8Gv9BX\/?mibextid=qi2Omg\" \/>\n<meta property=\"article:published_time\" content=\"2018-06-15T22:00:16+00:00\" \/>\n<meta property=\"og:image\" content=\"https:\/\/patagoniambiental.com.ar\/info\/wp-content\/uploads\/2018\/06\/SantoDomingo14062018.jpg\" \/>\n\t<meta property=\"og:image:width\" content=\"200\" \/>\n\t<meta property=\"og:image:height\" content=\"150\" \/>\n\t<meta property=\"og:image:type\" content=\"image\/jpeg\" \/>\n<meta name=\"author\" content=\"Patagonia Ambiental\" \/>\n<meta name=\"twitter:card\" content=\"summary_large_image\" \/>\n<meta name=\"twitter:creator\" content=\"@PatAmb\" \/>\n<meta name=\"twitter:site\" content=\"@PatAmb\" \/>\n<script type=\"application\/ld+json\" class=\"yoast-schema-graph\">{\"@context\":\"https:\\\/\\\/schema.org\",\"@graph\":[{\"@type\":\"Article\",\"@id\":\"https:\\\/\\\/patagoniambiental.com.ar\\\/info\\\/santo-domingo-se-unio-a-la-red-chilena-de-municipios-contra-el-cambio-climatico\\\/#article\",\"isPartOf\":{\"@id\":\"https:\\\/\\\/patagoniambiental.com.ar\\\/info\\\/santo-domingo-se-unio-a-la-red-chilena-de-municipios-contra-el-cambio-climatico\\\/\"},\"author\":{\"name\":\"Patagonia Ambiental\",\"@id\":\"https:\\\/\\\/patagoniambiental.com.ar\\\/info\\\/#\\\/schema\\\/person\\\/db12bff64bbcbf6a253710bf0ea37b5d\"},\"headline\":\"Santo Domingo se uni\u00f3 a la Red Chilena de Municipios contra el Cambio Clim\u00e1tico\",\"datePublished\":\"2018-06-15T22:00:16+00:00\",\"mainEntityOfPage\":{\"@id\":\"https:\\\/\\\/patagoniambiental.com.ar\\\/info\\\/santo-domingo-se-unio-a-la-red-chilena-de-municipios-contra-el-cambio-climatico\\\/\"},\"wordCount\":1027,\"commentCount\":0,\"publisher\":{\"@id\":\"https:\\\/\\\/patagoniambiental.com.ar\\\/info\\\/#organization\"},\"image\":{\"@id\":\"https:\\\/\\\/patagoniambiental.com.ar\\\/info\\\/santo-domingo-se-unio-a-la-red-chilena-de-municipios-contra-el-cambio-climatico\\\/#primaryimage\"},\"thumbnailUrl\":\"https:\\\/\\\/patagoniambiental.com.ar\\\/info\\\/wp-content\\\/uploads\\\/2018\\\/06\\\/SantoDomingo14062018.jpg\",\"articleSection\":[\"Internacionales\",\"Noticias\"],\"inLanguage\":\"es\",\"potentialAction\":[{\"@type\":\"CommentAction\",\"name\":\"Comment\",\"target\":[\"https:\\\/\\\/patagoniambiental.com.ar\\\/info\\\/santo-domingo-se-unio-a-la-red-chilena-de-municipios-contra-el-cambio-climatico\\\/#respond\"]}]},{\"@type\":\"WebPage\",\"@id\":\"https:\\\/\\\/patagoniambiental.com.ar\\\/info\\\/santo-domingo-se-unio-a-la-red-chilena-de-municipios-contra-el-cambio-climatico\\\/\",\"url\":\"https:\\\/\\\/patagoniambiental.com.ar\\\/info\\\/santo-domingo-se-unio-a-la-red-chilena-de-municipios-contra-el-cambio-climatico\\\/\",\"name\":\"Santo Domingo se uni\u00f3 a la Red Chilena de Municipios contra el Cambio Clim\u00e1tico\",\"isPartOf\":{\"@id\":\"https:\\\/\\\/patagoniambiental.com.ar\\\/info\\\/#website\"},\"primaryImageOfPage\":{\"@id\":\"https:\\\/\\\/patagoniambiental.com.ar\\\/info\\\/santo-domingo-se-unio-a-la-red-chilena-de-municipios-contra-el-cambio-climatico\\\/#primaryimage\"},\"image\":{\"@id\":\"https:\\\/\\\/patagoniambiental.com.ar\\\/info\\\/santo-domingo-se-unio-a-la-red-chilena-de-municipios-contra-el-cambio-climatico\\\/#primaryimage\"},\"thumbnailUrl\":\"https:\\\/\\\/patagoniambiental.com.ar\\\/info\\\/wp-content\\\/uploads\\\/2018\\\/06\\\/SantoDomingo14062018.jpg\",\"datePublished\":\"2018-06-15T22:00:16+00:00\",\"breadcrumb\":{\"@id\":\"https:\\\/\\\/patagoniambiental.com.ar\\\/info\\\/santo-domingo-se-unio-a-la-red-chilena-de-municipios-contra-el-cambio-climatico\\\/#breadcrumb\"},\"inLanguage\":\"es\",\"potentialAction\":[{\"@type\":\"ReadAction\",\"target\":[\"https:\\\/\\\/patagoniambiental.com.ar\\\/info\\\/santo-domingo-se-unio-a-la-red-chilena-de-municipios-contra-el-cambio-climatico\\\/\"]}]},{\"@type\":\"ImageObject\",\"inLanguage\":\"es\",\"@id\":\"https:\\\/\\\/patagoniambiental.com.ar\\\/info\\\/santo-domingo-se-unio-a-la-red-chilena-de-municipios-contra-el-cambio-climatico\\\/#primaryimage\",\"url\":\"https:\\\/\\\/patagoniambiental.com.ar\\\/info\\\/wp-content\\\/uploads\\\/2018\\\/06\\\/SantoDomingo14062018.jpg\",\"contentUrl\":\"https:\\\/\\\/patagoniambiental.com.ar\\\/info\\\/wp-content\\\/uploads\\\/2018\\\/06\\\/SantoDomingo14062018.jpg\",\"width\":200,\"height\":150},{\"@type\":\"BreadcrumbList\",\"@id\":\"https:\\\/\\\/patagoniambiental.com.ar\\\/info\\\/santo-domingo-se-unio-a-la-red-chilena-de-municipios-contra-el-cambio-climatico\\\/#breadcrumb\",\"itemListElement\":[{\"@type\":\"ListItem\",\"position\":1,\"name\":\"Inicio\",\"item\":\"https:\\\/\\\/patagoniambiental.com.ar\\\/info\\\/\"},{\"@type\":\"ListItem\",\"position\":2,\"name\":\"Santo Domingo se uni\u00f3 a la Red Chilena de Municipios contra el Cambio Clim\u00e1tico\"}]},{\"@type\":\"WebSite\",\"@id\":\"https:\\\/\\\/patagoniambiental.com.ar\\\/info\\\/#website\",\"url\":\"https:\\\/\\\/patagoniambiental.com.ar\\\/info\\\/\",\"name\":\"Patagonia Ambiental\",\"description\":\"Monitoreo y an\u00e1lisis de la situaci\u00f3n geopol\u00edtica en el mundo y su implicancia en la Patagonia\",\"publisher\":{\"@id\":\"https:\\\/\\\/patagoniambiental.com.ar\\\/info\\\/#organization\"},\"potentialAction\":[{\"@type\":\"SearchAction\",\"target\":{\"@type\":\"EntryPoint\",\"urlTemplate\":\"https:\\\/\\\/patagoniambiental.com.ar\\\/info\\\/?s={search_term_string}\"},\"query-input\":{\"@type\":\"PropertyValueSpecification\",\"valueRequired\":true,\"valueName\":\"search_term_string\"}}],\"inLanguage\":\"es\"},{\"@type\":\"Organization\",\"@id\":\"https:\\\/\\\/patagoniambiental.com.ar\\\/info\\\/#organization\",\"name\":\"Patagonia Ambiental\",\"url\":\"https:\\\/\\\/patagoniambiental.com.ar\\\/info\\\/\",\"logo\":{\"@type\":\"ImageObject\",\"inLanguage\":\"es\",\"@id\":\"https:\\\/\\\/patagoniambiental.com.ar\\\/info\\\/#\\\/schema\\\/logo\\\/image\\\/\",\"url\":\"https:\\\/\\\/patagoniambiental.com.ar\\\/info\\\/wp-content\\\/uploads\\\/2025\\\/05\\\/LOGO-PATAGONIA-AMBIENTAL.png\",\"contentUrl\":\"https:\\\/\\\/patagoniambiental.com.ar\\\/info\\\/wp-content\\\/uploads\\\/2025\\\/05\\\/LOGO-PATAGONIA-AMBIENTAL.png\",\"width\":433,\"height\":250,\"caption\":\"Patagonia Ambiental\"},\"image\":{\"@id\":\"https:\\\/\\\/patagoniambiental.com.ar\\\/info\\\/#\\\/schema\\\/logo\\\/image\\\/\"},\"sameAs\":[\"https:\\\/\\\/www.facebook.com\\\/patagonia.ambiental\",\"https:\\\/\\\/x.com\\\/PatAmb\"]},{\"@type\":\"Person\",\"@id\":\"https:\\\/\\\/patagoniambiental.com.ar\\\/info\\\/#\\\/schema\\\/person\\\/db12bff64bbcbf6a253710bf0ea37b5d\",\"name\":\"Patagonia Ambiental\",\"description\":\"Andr\u00e9s Nievas T\u00e9cnico en manejo ambiental, consultor Ambiental y escritor para medios locales e internacionales sobre temas de geopolitica y medio ambiente.\",\"sameAs\":[\"http:\\\/\\\/www.patagoniambiental.com.ar\",\"https:\\\/\\\/www.facebook.com\\\/share\\\/1C1V8Gv9BX\\\/?mibextid=qi2Omg\",\"@patagoniambiental\",\"https:\\\/\\\/youtube.com\\\/@patagoniaambiental2023?si=BLt58t0wuXquxlYZ\"]}]}<\/script>\n<!-- \/ Yoast SEO Premium plugin. -->","yoast_head_json":{"title":"Santo Domingo se uni\u00f3 a la Red Chilena de Municipios contra el Cambio Clim\u00e1tico","robots":{"index":"index","follow":"follow","max-snippet":"max-snippet:-1","max-image-preview":"max-image-preview:large","max-video-preview":"max-video-preview:-1"},"canonical":"https:\/\/patagoniambiental.com.ar\/info\/santo-domingo-se-unio-a-la-red-chilena-de-municipios-contra-el-cambio-climatico\/","og_locale":"es_ES","og_type":"article","og_title":"Santo Domingo se uni\u00f3 a la Red Chilena de Municipios contra el Cambio Clim\u00e1tico","og_description":"Chile.-En el marco de las actividades de la semana del medio ambiente, el municipio de Santo Domingo y Adapt Chile [&hellip;]","og_url":"https:\/\/patagoniambiental.com.ar\/info\/santo-domingo-se-unio-a-la-red-chilena-de-municipios-contra-el-cambio-climatico\/","og_site_name":"Patagonia Ambiental","article_publisher":"https:\/\/www.facebook.com\/patagonia.ambiental","article_author":"https:\/\/www.facebook.com\/share\/1C1V8Gv9BX\/?mibextid=qi2Omg","article_published_time":"2018-06-15T22:00:16+00:00","og_image":[{"width":200,"height":150,"url":"https:\/\/patagoniambiental.com.ar\/info\/wp-content\/uploads\/2018\/06\/SantoDomingo14062018.jpg","type":"image\/jpeg"}],"author":"Patagonia Ambiental","twitter_card":"summary_large_image","twitter_creator":"@PatAmb","twitter_site":"@PatAmb","schema":{"@context":"https:\/\/schema.org","@graph":[{"@type":"Article","@id":"https:\/\/patagoniambiental.com.ar\/info\/santo-domingo-se-unio-a-la-red-chilena-de-municipios-contra-el-cambio-climatico\/#article","isPartOf":{"@id":"https:\/\/patagoniambiental.com.ar\/info\/santo-domingo-se-unio-a-la-red-chilena-de-municipios-contra-el-cambio-climatico\/"},"author":{"name":"Patagonia Ambiental","@id":"https:\/\/patagoniambiental.com.ar\/info\/#\/schema\/person\/db12bff64bbcbf6a253710bf0ea37b5d"},"headline":"Santo Domingo se uni\u00f3 a la Red Chilena de Municipios contra el Cambio Clim\u00e1tico","datePublished":"2018-06-15T22:00:16+00:00","mainEntityOfPage":{"@id":"https:\/\/patagoniambiental.com.ar\/info\/santo-domingo-se-unio-a-la-red-chilena-de-municipios-contra-el-cambio-climatico\/"},"wordCount":1027,"commentCount":0,"publisher":{"@id":"https:\/\/patagoniambiental.com.ar\/info\/#organization"},"image":{"@id":"https:\/\/patagoniambiental.com.ar\/info\/santo-domingo-se-unio-a-la-red-chilena-de-municipios-contra-el-cambio-climatico\/#primaryimage"},"thumbnailUrl":"https:\/\/patagoniambiental.com.ar\/info\/wp-content\/uploads\/2018\/06\/SantoDomingo14062018.jpg","articleSection":["Internacionales","Noticias"],"inLanguage":"es","potentialAction":[{"@type":"CommentAction","name":"Comment","target":["https:\/\/patagoniambiental.com.ar\/info\/santo-domingo-se-unio-a-la-red-chilena-de-municipios-contra-el-cambio-climatico\/#respond"]}]},{"@type":"WebPage","@id":"https:\/\/patagoniambiental.com.ar\/info\/santo-domingo-se-unio-a-la-red-chilena-de-municipios-contra-el-cambio-climatico\/","url":"https:\/\/patagoniambiental.com.ar\/info\/santo-domingo-se-unio-a-la-red-chilena-de-municipios-contra-el-cambio-climatico\/","name":"Santo Domingo se uni\u00f3 a la Red Chilena de Municipios contra el Cambio Clim\u00e1tico","isPartOf":{"@id":"https:\/\/patagoniambiental.com.ar\/info\/#website"},"primaryImageOfPage":{"@id":"https:\/\/patagoniambiental.com.ar\/info\/santo-domingo-se-unio-a-la-red-chilena-de-municipios-contra-el-cambio-climatico\/#primaryimage"},"image":{"@id":"https:\/\/patagoniambiental.com.ar\/info\/santo-domingo-se-unio-a-la-red-chilena-de-municipios-contra-el-cambio-climatico\/#primaryimage"},"thumbnailUrl":"https:\/\/patagoniambiental.com.ar\/info\/wp-content\/uploads\/2018\/06\/SantoDomingo14062018.jpg","datePublished":"2018-06-15T22:00:16+00:00","breadcrumb":{"@id":"https:\/\/patagoniambiental.com.ar\/info\/santo-domingo-se-unio-a-la-red-chilena-de-municipios-contra-el-cambio-climatico\/#breadcrumb"},"inLanguage":"es","potentialAction":[{"@type":"ReadAction","target":["https:\/\/patagoniambiental.com.ar\/info\/santo-domingo-se-unio-a-la-red-chilena-de-municipios-contra-el-cambio-climatico\/"]}]},{"@type":"ImageObject","inLanguage":"es","@id":"https:\/\/patagoniambiental.com.ar\/info\/santo-domingo-se-unio-a-la-red-chilena-de-municipios-contra-el-cambio-climatico\/#primaryimage","url":"https:\/\/patagoniambiental.com.ar\/info\/wp-content\/uploads\/2018\/06\/SantoDomingo14062018.jpg","contentUrl":"https:\/\/patagoniambiental.com.ar\/info\/wp-content\/uploads\/2018\/06\/SantoDomingo14062018.jpg","width":200,"height":150},{"@type":"BreadcrumbList","@id":"https:\/\/patagoniambiental.com.ar\/info\/santo-domingo-se-unio-a-la-red-chilena-de-municipios-contra-el-cambio-climatico\/#breadcrumb","itemListElement":[{"@type":"ListItem","position":1,"name":"Inicio","item":"https:\/\/patagoniambiental.com.ar\/info\/"},{"@type":"ListItem","position":2,"name":"Santo Domingo se uni\u00f3 a la Red Chilena de Municipios contra el Cambio Clim\u00e1tico"}]},{"@type":"WebSite","@id":"https:\/\/patagoniambiental.com.ar\/info\/#website","url":"https:\/\/patagoniambiental.com.ar\/info\/","name":"Patagonia Ambiental","description":"Monitoreo y an\u00e1lisis de la situaci\u00f3n geopol\u00edtica en el mundo y su implicancia en la Patagonia","publisher":{"@id":"https:\/\/patagoniambiental.com.ar\/info\/#organization"},"potentialAction":[{"@type":"SearchAction","target":{"@type":"EntryPoint","urlTemplate":"https:\/\/patagoniambiental.com.ar\/info\/?s={search_term_string}"},"query-input":{"@type":"PropertyValueSpecification","valueRequired":true,"valueName":"search_term_string"}}],"inLanguage":"es"},{"@type":"Organization","@id":"https:\/\/patagoniambiental.com.ar\/info\/#organization","name":"Patagonia Ambiental","url":"https:\/\/patagoniambiental.com.ar\/info\/","logo":{"@type":"ImageObject","inLanguage":"es","@id":"https:\/\/patagoniambiental.com.ar\/info\/#\/schema\/logo\/image\/","url":"https:\/\/patagoniambiental.com.ar\/info\/wp-content\/uploads\/2025\/05\/LOGO-PATAGONIA-AMBIENTAL.png","contentUrl":"https:\/\/patagoniambiental.com.ar\/info\/wp-content\/uploads\/2025\/05\/LOGO-PATAGONIA-AMBIENTAL.png","width":433,"height":250,"caption":"Patagonia Ambiental"},"image":{"@id":"https:\/\/patagoniambiental.com.ar\/info\/#\/schema\/logo\/image\/"},"sameAs":["https:\/\/www.facebook.com\/patagonia.ambiental","https:\/\/x.com\/PatAmb"]},{"@type":"Person","@id":"https:\/\/patagoniambiental.com.ar\/info\/#\/schema\/person\/db12bff64bbcbf6a253710bf0ea37b5d","name":"Patagonia Ambiental","description":"Andr\u00e9s Nievas T\u00e9cnico en manejo ambiental, consultor Ambiental y escritor para medios locales e internacionales sobre temas de geopolitica y medio ambiente.","sameAs":["http:\/\/www.patagoniambiental.com.ar","https:\/\/www.facebook.com\/share\/1C1V8Gv9BX\/?mibextid=qi2Omg","@patagoniambiental","https:\/\/youtube.com\/@patagoniaambiental2023?si=BLt58t0wuXquxlYZ"]}]}},"_links":{"self":[{"href":"https:\/\/patagoniambiental.com.ar\/info\/wp-json\/wp\/v2\/posts\/48296","targetHints":{"allow":["GET"]}}],"collection":[{"href":"https:\/\/patagoniambiental.com.ar\/info\/wp-json\/wp\/v2\/posts"}],"about":[{"href":"https:\/\/patagoniambiental.com.ar\/info\/wp-json\/wp\/v2\/types\/post"}],"author":[{"embeddable":true,"href":"https:\/\/patagoniambiental.com.ar\/info\/wp-json\/wp\/v2\/users\/2"}],"replies":[{"embeddable":true,"href":"https:\/\/patagoniambiental.com.ar\/info\/wp-json\/wp\/v2\/comments?post=48296"}],"version-history":[{"count":0,"href":"https:\/\/patagoniambiental.com.ar\/info\/wp-json\/wp\/v2\/posts\/48296\/revisions"}],"wp:featuredmedia":[{"embeddable":true,"href":"https:\/\/patagoniambiental.com.ar\/info\/wp-json\/wp\/v2\/media\/48297"}],"wp:attachment":[{"href":"https:\/\/patagoniambiental.com.ar\/info\/wp-json\/wp\/v2\/media?parent=48296"}],"wp:term":[{"taxonomy":"category","embeddable":true,"href":"https:\/\/patagoniambiental.com.ar\/info\/wp-json\/wp\/v2\/categories?post=48296"},{"taxonomy":"post_tag","embeddable":true,"href":"https:\/\/patagoniambiental.com.ar\/info\/wp-json\/wp\/v2\/tags?post=48296"}],"curies":[{"name":"wp","href":"https:\/\/api.w.org\/{rel}","templated":true}]}}