{"id":48355,"date":"2018-06-17T19:00:28","date_gmt":"2018-06-17T22:00:28","guid":{"rendered":"http:\/\/patagoniambiental.com.ar\/info\/?p=48355"},"modified":"2018-06-15T11:09:29","modified_gmt":"2018-06-15T14:09:29","slug":"dia-mundial-de-lucha-contra-la-desertificacion-y-la-sequia-17-de-junio-2","status":"publish","type":"post","link":"https:\/\/patagoniambiental.com.ar\/info\/dia-mundial-de-lucha-contra-la-desertificacion-y-la-sequia-17-de-junio-2\/","title":{"rendered":"D\u00eda Mundial de Lucha contra la Desertificaci\u00f3n \u00a0\u00a0\u00a0y la Sequ\u00eda, 17 de junio\u00a0"},"content":{"rendered":"<p>La desertificaci\u00f3n es la degradaci\u00f3n de la tierra en las zonas \u00e1ridas, semi\u00e1ridas y subh\u00famedas secas. Est\u00e1 causada fundamentalmente por la actividad humana y las variaciones clim\u00e1ticas.<\/p>\n<p><!--more--><\/p>\n<h2>El desgaste de la tierra<\/h2>\n<p><img decoding=\"async\" class=\"img-responsive alignleft\" src=\"http:\/\/www.un.org\/es\/events\/desertificationday\/assets\/img\/logo_2018.jpg\" alt=\"Logo\" \/><\/p>\n<p>&nbsp;<\/p>\n<p>Este proceso no hace referencia al avance de los desiertos existentes. La desertificaci\u00f3n se debe a la vulnerabilidad de los ecosistemas de zonas secas, que cubren un tercio de la superficie del planeta, a la sobrexplotaci\u00f3n y el uso inadecuado de la tierra. La pobreza, la inestabilidad pol\u00edtica, la deforestaci\u00f3n, el sobrepastoreo y las malas pr\u00e1cticas de riego afectan negativamente a la productividad del suelo.<\/p>\n<p>Cada 17 de junio celebramos el D\u00eda Mundial para Combatir la Desertificaci\u00f3n y la Sequ\u00eda con el fin de concienciar acerca de las iniciativas internacionales para combatir estos fen\u00f3menos. Esta fecha nos brinda una oportunidad \u00fanica para recordar que se puede neutralizar la degradaci\u00f3n de las tierras mediante la b\u00fasqueda de soluciones, con una firme participaci\u00f3n de la comunidad y cooperaci\u00f3n a todos los niveles.<\/p>\n<h3>El valor de la tierra<\/h3>\n<p>Las decisiones y elecciones que tomamos determinan el escenario de nuestro futuro con un crecimiento sostenible. Bajo el eslogan \u00abLa tierra es valiosa. Invierte en ella\u00bb, la campa\u00f1a de este 2018 para este d\u00eda quiere involucrarnos a todos para rechazar el uso insostenible de la tierra y cambiar las cosas invirtiendo en el futuro de la tierr.<\/p>\n<p>Todos y cada uno de nosotros juega un papel importante en este cambio. Descubre el verdadero valor de la tierra e invierte en ella:<\/p>\n<ul>\n<li>Compra productos org\u00e1nicos y de comercio justo para evitar la degradaci\u00f3n de la tierra.<\/li>\n<li>Comprom\u00e9tete a proteger y conservar el valor de la tierra.<\/li>\n<li>Celebra el D\u00eda Mundial de Lucha contra la Desertificaci\u00f3n y la Sequ\u00eda, aboga por una forma de vida, un consumo y una producci\u00f3n sostenible.<\/li>\n<li>Organiza un evento o pon en marcha una iniciativa para promover la gesti\u00f3n sostenible de la tierra y contrarrestar la degradaci\u00f3n de la tierra. Puedes enviar la informaci\u00f3n de tu evento a\u00a0<a href=\"mailto:wdcd2018@unccd.int\">wdcd2018@unccd.int<\/a>.<\/li>\n<li>Comparte fotos y v\u00eddeos en las redes sociales como Facebook, Twitter o Instagram, entre los d\u00edas 11 y 17 de junio de 2018. Recuerda mencionar a\u00a0<a href=\"https:\/\/twitter.com\/UNCCD\">@UNCCD<\/a>\u00a0y usar la etiqueta\u00a0<a href=\"https:\/\/twitter.com\/hashtag\/ContraLaDesertificaci%C3%B3n?src=hash\">#ContraLaDesertificaci\u00f3n<\/a>.<\/li>\n<\/ul>\n<h3>El poder transformador de las mujeres: el Plan de Acci\u00f3n sobre G\u00e9nero<\/h3>\n<p>La Convenci\u00f3n de las Naciones Unidas de Lucha contra la Desertificaci\u00f3n ha creado recientemente un nuevo plan para apoyar y promover las pol\u00edticas sensibles a las cuestiones de g\u00e9nero. El Plan de acci\u00f3n de g\u00e9nero aumentar\u00e1 y fortalecer\u00e1 la participaci\u00f3n y el liderazgo de las mujeres en todos los niveles de toma de decisiones y la aplicaci\u00f3n local de la Convenci\u00f3n, como en la gesti\u00f3n de la sequ\u00eda y las tormentas de arena y polvo, y en los trabajos para neutralizar la degradaci\u00f3n de la tierra. El objetivo es alcanzar la paridad de g\u00e9nero en estas cuestiones para 2030.<\/p>\n<p>Las mujeres son agentes activos del cambio. As\u00ed se ha demostrado cuando se les ha dado las mismas oportunidades y el mismo acceso a los recursos y se les ha permitido participar en la toma de decisiones; los resultados son palpables, sus comunidades son m\u00e1s pr\u00f3speras y m\u00e1s pac\u00edficas. Las partes de la Convenci\u00f3n se han comprometido a mejorar la calidad de vida para las mujeres del mundo. Este plan supone una oportunidad hist\u00f3rica para llevar a la pr\u00e1ctica real la igualdad de g\u00e9nero y los derechos humanos.<\/p>\n<h3>La desertificaci\u00f3n y los Objetivos de Desarrollo Sostenible<\/h3>\n<p>La\u00a0<a href=\"https:\/\/www.un.org\/sustainabledevelopment\/es\/la-agenda-de-desarrollo-sostenible\/\">Agenda 2030 para el Desarrollo Sostenible<\/a>\u00a0afirma que \u00abestamos decididos a proteger el planeta contra la degradaci\u00f3n, incluso mediante el consumo y la producci\u00f3n sostenibles, la gesti\u00f3n sostenible de sus recursos naturales y medidas urgentes para hacer frente al cambio clim\u00e1tico, de manera que pueda satisfacer las necesidades de las generaciones presentes y futuras\u00bb. Espec\u00edficamente, el\u00a0<a href=\"http:\/\/www.un.org\/sustainabledevelopment\/es\/biodiversity\/\">Objetivo 15<\/a>\u00a0recoge nuestra determinaci\u00f3n a detener y revertir la degradaci\u00f3n de la tierra.<\/p>\n<p>Fuente:\u00a0http:\/\/www.un.org\/es\/events\/desertificationday\/<\/p>\n","protected":false},"excerpt":{"rendered":"<p>La desertificaci\u00f3n es la degradaci\u00f3n de la tierra en las zonas \u00e1ridas, semi\u00e1ridas y subh\u00famedas secas. Est\u00e1 causada fundamentalmente por [&hellip;]<\/p>\n","protected":false},"author":2,"featured_media":48356,"comment_status":"open","ping_status":"open","sticky":false,"template":"","format":"standard","meta":{"site-sidebar-layout":"default","site-content-layout":"","ast-site-content-layout":"default","site-content-style":"default","site-sidebar-style":"default","ast-global-header-display":"","ast-banner-title-visibility":"","ast-main-header-display":"","ast-hfb-above-header-display":"","ast-hfb-below-header-display":"","ast-hfb-mobile-header-display":"","site-post-title":"","ast-breadcrumbs-content":"","ast-featured-img":"","footer-sml-layout":"","ast-disable-related-posts":"","theme-transparent-header-meta":"","adv-header-id-meta":"","stick-header-meta":"","header-above-stick-meta":"","header-main-stick-meta":"","header-below-stick-meta":"","astra-migrate-meta-layouts":"default","ast-page-background-enabled":"default","ast-page-background-meta":{"desktop":{"background-color":"var(--ast-global-color-5)","background-image":"","background-repeat":"repeat","background-position":"center center","background-size":"auto","background-attachment":"scroll","background-type":"","background-media":"","overlay-type":"","overlay-color":"","overlay-opacity":"","overlay-gradient":""},"tablet":{"background-color":"","background-image":"","background-repeat":"repeat","background-position":"center center","background-size":"auto","background-attachment":"scroll","background-type":"","background-media":"","overlay-type":"","overlay-color":"","overlay-opacity":"","overlay-gradient":""},"mobile":{"background-color":"","background-image":"","background-repeat":"repeat","background-position":"center center","background-size":"auto","background-attachment":"scroll","background-type":"","background-media":"","overlay-type":"","overlay-color":"","overlay-opacity":"","overlay-gradient":""}},"ast-content-background-meta":{"desktop":{"background-color":"var(--ast-global-color-4)","background-image":"","background-repeat":"repeat","background-position":"center center","background-size":"auto","background-attachment":"scroll","background-type":"","background-media":"","overlay-type":"","overlay-color":"","overlay-opacity":"","overlay-gradient":""},"tablet":{"background-color":"var(--ast-global-color-4)","background-image":"","background-repeat":"repeat","background-position":"center center","background-size":"auto","background-attachment":"scroll","background-type":"","background-media":"","overlay-type":"","overlay-color":"","overlay-opacity":"","overlay-gradient":""},"mobile":{"background-color":"var(--ast-global-color-4)","background-image":"","background-repeat":"repeat","background-position":"center center","background-size":"auto","background-attachment":"scroll","background-type":"","background-media":"","overlay-type":"","overlay-color":"","overlay-opacity":"","overlay-gradient":""}},"footnotes":""},"categories":[23,1],"tags":[],"class_list":["post-48355","post","type-post","status-publish","format-standard","has-post-thumbnail","hentry","category-internacionales","category-noticias"],"yoast_head":"<!-- This site is optimized with the Yoast SEO Premium plugin v23.0 (Yoast SEO v27.4) - https:\/\/yoast.com\/product\/yoast-seo-premium-wordpress\/ -->\n<title>D\u00eda Mundial de Lucha contra la Desertificaci\u00f3n \u00a0\u00a0\u00a0y la Sequ\u00eda, 17 de junio\u00a0<\/title>\n<meta name=\"robots\" content=\"index, follow, max-snippet:-1, max-image-preview:large, max-video-preview:-1\" \/>\n<link rel=\"canonical\" href=\"https:\/\/patagoniambiental.com.ar\/info\/dia-mundial-de-lucha-contra-la-desertificacion-y-la-sequia-17-de-junio-2\/\" \/>\n<meta property=\"og:locale\" content=\"es_ES\" \/>\n<meta property=\"og:type\" content=\"article\" \/>\n<meta property=\"og:title\" content=\"D\u00eda Mundial de Lucha contra la Desertificaci\u00f3n \u00a0\u00a0\u00a0y la Sequ\u00eda, 17 de junio\u00a0\" \/>\n<meta property=\"og:description\" content=\"La desertificaci\u00f3n es la degradaci\u00f3n de la tierra en las zonas \u00e1ridas, semi\u00e1ridas y subh\u00famedas secas. Est\u00e1 causada fundamentalmente por [&hellip;]\" \/>\n<meta property=\"og:url\" content=\"https:\/\/patagoniambiental.com.ar\/info\/dia-mundial-de-lucha-contra-la-desertificacion-y-la-sequia-17-de-junio-2\/\" \/>\n<meta property=\"og:site_name\" content=\"Patagonia Ambiental\" \/>\n<meta property=\"article:publisher\" content=\"https:\/\/www.facebook.com\/patagonia.ambiental\" \/>\n<meta property=\"article:author\" content=\"https:\/\/www.facebook.com\/share\/1C1V8Gv9BX\/?mibextid=qi2Omg\" \/>\n<meta property=\"article:published_time\" content=\"2018-06-17T22:00:28+00:00\" \/>\n<meta property=\"og:image\" content=\"https:\/\/patagoniambiental.com.ar\/info\/wp-content\/uploads\/2018\/06\/featured-image-index.jpg\" \/>\n\t<meta property=\"og:image:width\" content=\"1200\" \/>\n\t<meta property=\"og:image:height\" content=\"500\" \/>\n\t<meta property=\"og:image:type\" content=\"image\/jpeg\" \/>\n<meta name=\"author\" content=\"Patagonia Ambiental\" \/>\n<meta name=\"twitter:card\" content=\"summary_large_image\" \/>\n<meta name=\"twitter:creator\" content=\"@PatAmb\" \/>\n<meta name=\"twitter:site\" content=\"@PatAmb\" \/>\n<script type=\"application\/ld+json\" class=\"yoast-schema-graph\">{\"@context\":\"https:\\\/\\\/schema.org\",\"@graph\":[{\"@type\":\"Article\",\"@id\":\"https:\\\/\\\/patagoniambiental.com.ar\\\/info\\\/dia-mundial-de-lucha-contra-la-desertificacion-y-la-sequia-17-de-junio-2\\\/#article\",\"isPartOf\":{\"@id\":\"https:\\\/\\\/patagoniambiental.com.ar\\\/info\\\/dia-mundial-de-lucha-contra-la-desertificacion-y-la-sequia-17-de-junio-2\\\/\"},\"author\":{\"name\":\"Patagonia Ambiental\",\"@id\":\"https:\\\/\\\/patagoniambiental.com.ar\\\/info\\\/#\\\/schema\\\/person\\\/db12bff64bbcbf6a253710bf0ea37b5d\"},\"headline\":\"D\u00eda Mundial de Lucha contra la Desertificaci\u00f3n \u00a0\u00a0\u00a0y la Sequ\u00eda, 17 de junio\u00a0\",\"datePublished\":\"2018-06-17T22:00:28+00:00\",\"mainEntityOfPage\":{\"@id\":\"https:\\\/\\\/patagoniambiental.com.ar\\\/info\\\/dia-mundial-de-lucha-contra-la-desertificacion-y-la-sequia-17-de-junio-2\\\/\"},\"wordCount\":721,\"commentCount\":0,\"publisher\":{\"@id\":\"https:\\\/\\\/patagoniambiental.com.ar\\\/info\\\/#organization\"},\"image\":{\"@id\":\"https:\\\/\\\/patagoniambiental.com.ar\\\/info\\\/dia-mundial-de-lucha-contra-la-desertificacion-y-la-sequia-17-de-junio-2\\\/#primaryimage\"},\"thumbnailUrl\":\"https:\\\/\\\/patagoniambiental.com.ar\\\/info\\\/wp-content\\\/uploads\\\/2018\\\/06\\\/featured-image-index.jpg\",\"articleSection\":[\"Internacionales\",\"Noticias\"],\"inLanguage\":\"es\",\"potentialAction\":[{\"@type\":\"CommentAction\",\"name\":\"Comment\",\"target\":[\"https:\\\/\\\/patagoniambiental.com.ar\\\/info\\\/dia-mundial-de-lucha-contra-la-desertificacion-y-la-sequia-17-de-junio-2\\\/#respond\"]}]},{\"@type\":\"WebPage\",\"@id\":\"https:\\\/\\\/patagoniambiental.com.ar\\\/info\\\/dia-mundial-de-lucha-contra-la-desertificacion-y-la-sequia-17-de-junio-2\\\/\",\"url\":\"https:\\\/\\\/patagoniambiental.com.ar\\\/info\\\/dia-mundial-de-lucha-contra-la-desertificacion-y-la-sequia-17-de-junio-2\\\/\",\"name\":\"D\u00eda Mundial de Lucha contra la Desertificaci\u00f3n \u00a0\u00a0\u00a0y la Sequ\u00eda, 17 de junio\u00a0\",\"isPartOf\":{\"@id\":\"https:\\\/\\\/patagoniambiental.com.ar\\\/info\\\/#website\"},\"primaryImageOfPage\":{\"@id\":\"https:\\\/\\\/patagoniambiental.com.ar\\\/info\\\/dia-mundial-de-lucha-contra-la-desertificacion-y-la-sequia-17-de-junio-2\\\/#primaryimage\"},\"image\":{\"@id\":\"https:\\\/\\\/patagoniambiental.com.ar\\\/info\\\/dia-mundial-de-lucha-contra-la-desertificacion-y-la-sequia-17-de-junio-2\\\/#primaryimage\"},\"thumbnailUrl\":\"https:\\\/\\\/patagoniambiental.com.ar\\\/info\\\/wp-content\\\/uploads\\\/2018\\\/06\\\/featured-image-index.jpg\",\"datePublished\":\"2018-06-17T22:00:28+00:00\",\"breadcrumb\":{\"@id\":\"https:\\\/\\\/patagoniambiental.com.ar\\\/info\\\/dia-mundial-de-lucha-contra-la-desertificacion-y-la-sequia-17-de-junio-2\\\/#breadcrumb\"},\"inLanguage\":\"es\",\"potentialAction\":[{\"@type\":\"ReadAction\",\"target\":[\"https:\\\/\\\/patagoniambiental.com.ar\\\/info\\\/dia-mundial-de-lucha-contra-la-desertificacion-y-la-sequia-17-de-junio-2\\\/\"]}]},{\"@type\":\"ImageObject\",\"inLanguage\":\"es\",\"@id\":\"https:\\\/\\\/patagoniambiental.com.ar\\\/info\\\/dia-mundial-de-lucha-contra-la-desertificacion-y-la-sequia-17-de-junio-2\\\/#primaryimage\",\"url\":\"https:\\\/\\\/patagoniambiental.com.ar\\\/info\\\/wp-content\\\/uploads\\\/2018\\\/06\\\/featured-image-index.jpg\",\"contentUrl\":\"https:\\\/\\\/patagoniambiental.com.ar\\\/info\\\/wp-content\\\/uploads\\\/2018\\\/06\\\/featured-image-index.jpg\",\"width\":1200,\"height\":500},{\"@type\":\"BreadcrumbList\",\"@id\":\"https:\\\/\\\/patagoniambiental.com.ar\\\/info\\\/dia-mundial-de-lucha-contra-la-desertificacion-y-la-sequia-17-de-junio-2\\\/#breadcrumb\",\"itemListElement\":[{\"@type\":\"ListItem\",\"position\":1,\"name\":\"Inicio\",\"item\":\"https:\\\/\\\/patagoniambiental.com.ar\\\/info\\\/\"},{\"@type\":\"ListItem\",\"position\":2,\"name\":\"D\u00eda Mundial de Lucha contra la Desertificaci\u00f3n \u00a0\u00a0\u00a0y la Sequ\u00eda, 17 de junio\u00a0\"}]},{\"@type\":\"WebSite\",\"@id\":\"https:\\\/\\\/patagoniambiental.com.ar\\\/info\\\/#website\",\"url\":\"https:\\\/\\\/patagoniambiental.com.ar\\\/info\\\/\",\"name\":\"Patagonia Ambiental\",\"description\":\"Monitoreo y an\u00e1lisis de la situaci\u00f3n geopol\u00edtica en el mundo y su implicancia en la Patagonia\",\"publisher\":{\"@id\":\"https:\\\/\\\/patagoniambiental.com.ar\\\/info\\\/#organization\"},\"potentialAction\":[{\"@type\":\"SearchAction\",\"target\":{\"@type\":\"EntryPoint\",\"urlTemplate\":\"https:\\\/\\\/patagoniambiental.com.ar\\\/info\\\/?s={search_term_string}\"},\"query-input\":{\"@type\":\"PropertyValueSpecification\",\"valueRequired\":true,\"valueName\":\"search_term_string\"}}],\"inLanguage\":\"es\"},{\"@type\":\"Organization\",\"@id\":\"https:\\\/\\\/patagoniambiental.com.ar\\\/info\\\/#organization\",\"name\":\"Patagonia Ambiental\",\"url\":\"https:\\\/\\\/patagoniambiental.com.ar\\\/info\\\/\",\"logo\":{\"@type\":\"ImageObject\",\"inLanguage\":\"es\",\"@id\":\"https:\\\/\\\/patagoniambiental.com.ar\\\/info\\\/#\\\/schema\\\/logo\\\/image\\\/\",\"url\":\"https:\\\/\\\/patagoniambiental.com.ar\\\/info\\\/wp-content\\\/uploads\\\/2025\\\/05\\\/LOGO-PATAGONIA-AMBIENTAL.png\",\"contentUrl\":\"https:\\\/\\\/patagoniambiental.com.ar\\\/info\\\/wp-content\\\/uploads\\\/2025\\\/05\\\/LOGO-PATAGONIA-AMBIENTAL.png\",\"width\":433,\"height\":250,\"caption\":\"Patagonia Ambiental\"},\"image\":{\"@id\":\"https:\\\/\\\/patagoniambiental.com.ar\\\/info\\\/#\\\/schema\\\/logo\\\/image\\\/\"},\"sameAs\":[\"https:\\\/\\\/www.facebook.com\\\/patagonia.ambiental\",\"https:\\\/\\\/x.com\\\/PatAmb\"]},{\"@type\":\"Person\",\"@id\":\"https:\\\/\\\/patagoniambiental.com.ar\\\/info\\\/#\\\/schema\\\/person\\\/db12bff64bbcbf6a253710bf0ea37b5d\",\"name\":\"Patagonia Ambiental\",\"description\":\"Andr\u00e9s Nievas T\u00e9cnico en manejo ambiental, consultor Ambiental y escritor para medios locales e internacionales sobre temas de geopolitica y medio ambiente.\",\"sameAs\":[\"http:\\\/\\\/www.patagoniambiental.com.ar\",\"https:\\\/\\\/www.facebook.com\\\/share\\\/1C1V8Gv9BX\\\/?mibextid=qi2Omg\",\"@patagoniambiental\",\"https:\\\/\\\/youtube.com\\\/@patagoniaambiental2023?si=BLt58t0wuXquxlYZ\"]}]}<\/script>\n<!-- \/ Yoast SEO Premium plugin. -->","yoast_head_json":{"title":"D\u00eda Mundial de Lucha contra la Desertificaci\u00f3n \u00a0\u00a0\u00a0y la Sequ\u00eda, 17 de junio\u00a0","robots":{"index":"index","follow":"follow","max-snippet":"max-snippet:-1","max-image-preview":"max-image-preview:large","max-video-preview":"max-video-preview:-1"},"canonical":"https:\/\/patagoniambiental.com.ar\/info\/dia-mundial-de-lucha-contra-la-desertificacion-y-la-sequia-17-de-junio-2\/","og_locale":"es_ES","og_type":"article","og_title":"D\u00eda Mundial de Lucha contra la Desertificaci\u00f3n \u00a0\u00a0\u00a0y la Sequ\u00eda, 17 de junio\u00a0","og_description":"La desertificaci\u00f3n es la degradaci\u00f3n de la tierra en las zonas \u00e1ridas, semi\u00e1ridas y subh\u00famedas secas. Est\u00e1 causada fundamentalmente por [&hellip;]","og_url":"https:\/\/patagoniambiental.com.ar\/info\/dia-mundial-de-lucha-contra-la-desertificacion-y-la-sequia-17-de-junio-2\/","og_site_name":"Patagonia Ambiental","article_publisher":"https:\/\/www.facebook.com\/patagonia.ambiental","article_author":"https:\/\/www.facebook.com\/share\/1C1V8Gv9BX\/?mibextid=qi2Omg","article_published_time":"2018-06-17T22:00:28+00:00","og_image":[{"width":1200,"height":500,"url":"https:\/\/patagoniambiental.com.ar\/info\/wp-content\/uploads\/2018\/06\/featured-image-index.jpg","type":"image\/jpeg"}],"author":"Patagonia Ambiental","twitter_card":"summary_large_image","twitter_creator":"@PatAmb","twitter_site":"@PatAmb","schema":{"@context":"https:\/\/schema.org","@graph":[{"@type":"Article","@id":"https:\/\/patagoniambiental.com.ar\/info\/dia-mundial-de-lucha-contra-la-desertificacion-y-la-sequia-17-de-junio-2\/#article","isPartOf":{"@id":"https:\/\/patagoniambiental.com.ar\/info\/dia-mundial-de-lucha-contra-la-desertificacion-y-la-sequia-17-de-junio-2\/"},"author":{"name":"Patagonia Ambiental","@id":"https:\/\/patagoniambiental.com.ar\/info\/#\/schema\/person\/db12bff64bbcbf6a253710bf0ea37b5d"},"headline":"D\u00eda Mundial de Lucha contra la Desertificaci\u00f3n \u00a0\u00a0\u00a0y la Sequ\u00eda, 17 de junio\u00a0","datePublished":"2018-06-17T22:00:28+00:00","mainEntityOfPage":{"@id":"https:\/\/patagoniambiental.com.ar\/info\/dia-mundial-de-lucha-contra-la-desertificacion-y-la-sequia-17-de-junio-2\/"},"wordCount":721,"commentCount":0,"publisher":{"@id":"https:\/\/patagoniambiental.com.ar\/info\/#organization"},"image":{"@id":"https:\/\/patagoniambiental.com.ar\/info\/dia-mundial-de-lucha-contra-la-desertificacion-y-la-sequia-17-de-junio-2\/#primaryimage"},"thumbnailUrl":"https:\/\/patagoniambiental.com.ar\/info\/wp-content\/uploads\/2018\/06\/featured-image-index.jpg","articleSection":["Internacionales","Noticias"],"inLanguage":"es","potentialAction":[{"@type":"CommentAction","name":"Comment","target":["https:\/\/patagoniambiental.com.ar\/info\/dia-mundial-de-lucha-contra-la-desertificacion-y-la-sequia-17-de-junio-2\/#respond"]}]},{"@type":"WebPage","@id":"https:\/\/patagoniambiental.com.ar\/info\/dia-mundial-de-lucha-contra-la-desertificacion-y-la-sequia-17-de-junio-2\/","url":"https:\/\/patagoniambiental.com.ar\/info\/dia-mundial-de-lucha-contra-la-desertificacion-y-la-sequia-17-de-junio-2\/","name":"D\u00eda Mundial de Lucha contra la Desertificaci\u00f3n \u00a0\u00a0\u00a0y la Sequ\u00eda, 17 de junio\u00a0","isPartOf":{"@id":"https:\/\/patagoniambiental.com.ar\/info\/#website"},"primaryImageOfPage":{"@id":"https:\/\/patagoniambiental.com.ar\/info\/dia-mundial-de-lucha-contra-la-desertificacion-y-la-sequia-17-de-junio-2\/#primaryimage"},"image":{"@id":"https:\/\/patagoniambiental.com.ar\/info\/dia-mundial-de-lucha-contra-la-desertificacion-y-la-sequia-17-de-junio-2\/#primaryimage"},"thumbnailUrl":"https:\/\/patagoniambiental.com.ar\/info\/wp-content\/uploads\/2018\/06\/featured-image-index.jpg","datePublished":"2018-06-17T22:00:28+00:00","breadcrumb":{"@id":"https:\/\/patagoniambiental.com.ar\/info\/dia-mundial-de-lucha-contra-la-desertificacion-y-la-sequia-17-de-junio-2\/#breadcrumb"},"inLanguage":"es","potentialAction":[{"@type":"ReadAction","target":["https:\/\/patagoniambiental.com.ar\/info\/dia-mundial-de-lucha-contra-la-desertificacion-y-la-sequia-17-de-junio-2\/"]}]},{"@type":"ImageObject","inLanguage":"es","@id":"https:\/\/patagoniambiental.com.ar\/info\/dia-mundial-de-lucha-contra-la-desertificacion-y-la-sequia-17-de-junio-2\/#primaryimage","url":"https:\/\/patagoniambiental.com.ar\/info\/wp-content\/uploads\/2018\/06\/featured-image-index.jpg","contentUrl":"https:\/\/patagoniambiental.com.ar\/info\/wp-content\/uploads\/2018\/06\/featured-image-index.jpg","width":1200,"height":500},{"@type":"BreadcrumbList","@id":"https:\/\/patagoniambiental.com.ar\/info\/dia-mundial-de-lucha-contra-la-desertificacion-y-la-sequia-17-de-junio-2\/#breadcrumb","itemListElement":[{"@type":"ListItem","position":1,"name":"Inicio","item":"https:\/\/patagoniambiental.com.ar\/info\/"},{"@type":"ListItem","position":2,"name":"D\u00eda Mundial de Lucha contra la Desertificaci\u00f3n \u00a0\u00a0\u00a0y la Sequ\u00eda, 17 de junio\u00a0"}]},{"@type":"WebSite","@id":"https:\/\/patagoniambiental.com.ar\/info\/#website","url":"https:\/\/patagoniambiental.com.ar\/info\/","name":"Patagonia Ambiental","description":"Monitoreo y an\u00e1lisis de la situaci\u00f3n geopol\u00edtica en el mundo y su implicancia en la Patagonia","publisher":{"@id":"https:\/\/patagoniambiental.com.ar\/info\/#organization"},"potentialAction":[{"@type":"SearchAction","target":{"@type":"EntryPoint","urlTemplate":"https:\/\/patagoniambiental.com.ar\/info\/?s={search_term_string}"},"query-input":{"@type":"PropertyValueSpecification","valueRequired":true,"valueName":"search_term_string"}}],"inLanguage":"es"},{"@type":"Organization","@id":"https:\/\/patagoniambiental.com.ar\/info\/#organization","name":"Patagonia Ambiental","url":"https:\/\/patagoniambiental.com.ar\/info\/","logo":{"@type":"ImageObject","inLanguage":"es","@id":"https:\/\/patagoniambiental.com.ar\/info\/#\/schema\/logo\/image\/","url":"https:\/\/patagoniambiental.com.ar\/info\/wp-content\/uploads\/2025\/05\/LOGO-PATAGONIA-AMBIENTAL.png","contentUrl":"https:\/\/patagoniambiental.com.ar\/info\/wp-content\/uploads\/2025\/05\/LOGO-PATAGONIA-AMBIENTAL.png","width":433,"height":250,"caption":"Patagonia Ambiental"},"image":{"@id":"https:\/\/patagoniambiental.com.ar\/info\/#\/schema\/logo\/image\/"},"sameAs":["https:\/\/www.facebook.com\/patagonia.ambiental","https:\/\/x.com\/PatAmb"]},{"@type":"Person","@id":"https:\/\/patagoniambiental.com.ar\/info\/#\/schema\/person\/db12bff64bbcbf6a253710bf0ea37b5d","name":"Patagonia Ambiental","description":"Andr\u00e9s Nievas T\u00e9cnico en manejo ambiental, consultor Ambiental y escritor para medios locales e internacionales sobre temas de geopolitica y medio ambiente.","sameAs":["http:\/\/www.patagoniambiental.com.ar","https:\/\/www.facebook.com\/share\/1C1V8Gv9BX\/?mibextid=qi2Omg","@patagoniambiental","https:\/\/youtube.com\/@patagoniaambiental2023?si=BLt58t0wuXquxlYZ"]}]}},"_links":{"self":[{"href":"https:\/\/patagoniambiental.com.ar\/info\/wp-json\/wp\/v2\/posts\/48355","targetHints":{"allow":["GET"]}}],"collection":[{"href":"https:\/\/patagoniambiental.com.ar\/info\/wp-json\/wp\/v2\/posts"}],"about":[{"href":"https:\/\/patagoniambiental.com.ar\/info\/wp-json\/wp\/v2\/types\/post"}],"author":[{"embeddable":true,"href":"https:\/\/patagoniambiental.com.ar\/info\/wp-json\/wp\/v2\/users\/2"}],"replies":[{"embeddable":true,"href":"https:\/\/patagoniambiental.com.ar\/info\/wp-json\/wp\/v2\/comments?post=48355"}],"version-history":[{"count":0,"href":"https:\/\/patagoniambiental.com.ar\/info\/wp-json\/wp\/v2\/posts\/48355\/revisions"}],"wp:featuredmedia":[{"embeddable":true,"href":"https:\/\/patagoniambiental.com.ar\/info\/wp-json\/wp\/v2\/media\/48356"}],"wp:attachment":[{"href":"https:\/\/patagoniambiental.com.ar\/info\/wp-json\/wp\/v2\/media?parent=48355"}],"wp:term":[{"taxonomy":"category","embeddable":true,"href":"https:\/\/patagoniambiental.com.ar\/info\/wp-json\/wp\/v2\/categories?post=48355"},{"taxonomy":"post_tag","embeddable":true,"href":"https:\/\/patagoniambiental.com.ar\/info\/wp-json\/wp\/v2\/tags?post=48355"}],"curies":[{"name":"wp","href":"https:\/\/api.w.org\/{rel}","templated":true}]}}