{"id":48358,"date":"2018-06-16T19:00:20","date_gmt":"2018-06-16T22:00:20","guid":{"rendered":"http:\/\/patagoniambiental.com.ar\/info\/?p=48358"},"modified":"2018-06-15T11:28:50","modified_gmt":"2018-06-15T14:28:50","slug":"malvinas-autoridades-kelpers-trabajan-en-la-negociacion-de-un-nuevo-vuelo-semanal-entre-las-islas-y-el-continente","status":"publish","type":"post","link":"https:\/\/patagoniambiental.com.ar\/info\/malvinas-autoridades-kelpers-trabajan-en-la-negociacion-de-un-nuevo-vuelo-semanal-entre-las-islas-y-el-continente\/","title":{"rendered":"Malvinas: Autoridades kelpers trabajan en la negociaci\u00f3n de un nuevo vuelo semanal entre las islas y el continente"},"content":{"rendered":"<div class=\"container\">\n<div class=\"col-md-12 col-sm-12 col-xs-12 margen-section\">\n<p class=\"titulo-noti1 encodeB\">Malvinas.-El gobierno brit\u00e1nico de las Islas Malvinas anunci\u00f3 que iniciar\u00e1 negociaciones con una empresa a\u00e9rea para poner en marcha un segundo vuelo entre el archipi\u00e9lago del Atl\u00e1ntico Sur y el continente, en l\u00ednea con el \u00abcomunicado conjunto\u00bb firmado por la Argentina y el Reino Unido.<\/p>\n<\/div>\n<\/div>\n<p><!--more--><\/p>\n<div class=\"container \">\n<div class=\"col-md-8 col-sm-12 col-xs-12 margen-section\">\n<div class=\"col-md-6 col-sm-8 col-xs-12 text-left\"><\/div>\n<div class=\"col-md-6 col-sm-4 col-xs-12 text-right\"><\/div>\n<div class=\"hr4\"><\/div>\n<div class=\"col-md-12 col-sm-12\"><img decoding=\"async\" class=\"img-responsive text-center center-img\" src=\"http:\/\/www.sur54.com\/data\/upload\/news\/d18e4b638583c7c3bf9f37c749846dbe-1000puerto_argentino.jpg\" \/><\/p>\n<div class=\"space\"><\/div>\n<div class=\"col-md-12 col-sm-12 col-xs-12 text-center\"><\/div>\n<div class=\"sofia copete\">\n<p>En febrero pasado, l<span class=\"marker\">a Argentina y el Reino Unido hab\u00edan realizado \u00abgestiones conjuntas\u00bb ante Brasil, Chile, Paraguay y Uruguay para \u00abinvitar a compa\u00f1\u00edas a\u00e9reas\u00bb de esos pa\u00edses \u00aba operar un vuelo semanal hacia las Islas Malvinas\u00bb,\u00a0<\/span>con el objetivo de tener \u00abun contacto m\u00e1s fluido\u00bb con el archipi\u00e9lago y \u00abgenerar un clima de confianza y acercamiento con sus habitantes\u00bb.<\/p>\n<p>&nbsp;<\/p>\n<p>El Ministerio de Relaciones Exteriores y Culto hab\u00eda subrayado que \u00abla posible nueva conexi\u00f3n a\u00e9rea permitir\u00e1 un contacto m\u00e1s fluido con las islas, contribuyendo a generar un clima de confianza y acercamiento con sus habitantes\u00bb.<\/p>\n<p>&nbsp;<\/p>\n<p><span class=\"marker\">Los eventuales nuevos contactos a\u00e9reos \u00abse realizar\u00e1n en el marco de la Declaraci\u00f3n Conjunta y el Canje de Notas suscriptos bajo f\u00f3rmula de soberan\u00eda por los gobiernos de la Argentina y el Reino Unido el 14 de julio de 1999,<\/span>\u00a0que constituye la base legal para vuelos entre las Islas Malvinas y terceros pa\u00edses\u00bb, hab\u00eda se\u00f1alado la Canciller\u00eda.<\/p>\n<p>&nbsp;<\/p>\n<p>Desde 1999, hay un vuelo regular semanal entre la ciudad chilena de Punta Arenas y el archipi\u00e9lago ocupado por el Reino Unido desde 1833, con dos escalas mensuales en R\u00edo Gallegos, una en cada direcci\u00f3n, a cargo de la aerol\u00ednea Latam.<\/p>\n<p>&nbsp;<\/p>\n<p>Por su parte, la Confederaci\u00f3n de Combatientes de Malvinas advierte que\u00a0<span class=\"marker\">\u00abno podemos seguir soportando que tilden de eufemismos la constante entrega de soberan\u00eda\u00a0<\/span>que significa cooperar con quien quiere arrebatarnos para siempre lo que leg\u00edtimamente pertenece al pueblo argentino y latinoamericano\u00bb.<\/p>\n<p>&nbsp;<\/p>\n<p>\u00abEs inadmisible seguir observando pacientemente, en espera de un cambio, c\u00f3mo de a poco, pero con acelerado descaro, sientan las bases para legitimar el saqueo por parte de quienes, sabiendo de la ilegitimidad de la ocupaci\u00f3n, no titubuearon en matar argentinos, incluso de la manera m\u00e1s artera, par lograr lo que hoy se les pretende facilitar con una tibia diplomacia\u00bb, denuncian los combatientes malvineros.<\/p>\n<p>&nbsp;<\/p>\n<p>En este sentido, los combatientes sostienen que \u00abhoy es el momento en el que debemos alzarnos pac\u00edficamente para generar el antecedente hist\u00f3rico que, de una vez por todas, ponga fin a la intenci\u00f3n de los enemigos internos que, ocupando lamentable pero fugazmente lugares decisivos en nuestro esquema institucional, tratan de sembrar antecedentes a nuestros intereses soberanos en provecho de for\u00e1neos que desde siempre actuaron movilizados pro la intenci\u00f3n de apropiarse de nuestros recursos, nuestro territorio e, incluso, de nuestra historia\u00bb.<\/p>\n<p>&nbsp;<\/p>\n<p><span class=\"marker\">\u00abNo podemos permitir que cada tanto un gobierno, descaradamente genuflexo, plasme su anglofilia en antecedentes nefastos para el ser nacional argentino, por parte de quienes pretenden alegremente mostrar como amigos a quienes nunca lo fueron<\/span>\u00a0ni lo ser\u00e1n por comprobada, incansable e ininterrumpidamente bregar para destruir nuestra autodeterminaci\u00f3n en pos de saciar sus despreciables apetitos imperialistas\u00bb, concluyen los combatientes malvineros.<\/p>\n<p>Fuente:\u00a0http:\/\/www.sur54.com\/malvinas_autoridades_kelpers_trabajan_en_la_negociacion_de_un_nuevo_vuelo_semanal_entre_las_islas_y_el_continente<\/p>\n<\/div>\n<\/div>\n<\/div>\n<\/div>\n","protected":false},"excerpt":{"rendered":"<p>Malvinas.-El gobierno brit\u00e1nico de las Islas Malvinas anunci\u00f3 que iniciar\u00e1 negociaciones con una empresa a\u00e9rea para poner en marcha un [&hellip;]<\/p>\n","protected":false},"author":2,"featured_media":48359,"comment_status":"open","ping_status":"open","sticky":false,"template":"","format":"standard","meta":{"site-sidebar-layout":"default","site-content-layout":"","ast-site-content-layout":"default","site-content-style":"default","site-sidebar-style":"default","ast-global-header-display":"","ast-banner-title-visibility":"","ast-main-header-display":"","ast-hfb-above-header-display":"","ast-hfb-below-header-display":"","ast-hfb-mobile-header-display":"","site-post-title":"","ast-breadcrumbs-content":"","ast-featured-img":"","footer-sml-layout":"","ast-disable-related-posts":"","theme-transparent-header-meta":"","adv-header-id-meta":"","stick-header-meta":"","header-above-stick-meta":"","header-main-stick-meta":"","header-below-stick-meta":"","astra-migrate-meta-layouts":"default","ast-page-background-enabled":"default","ast-page-background-meta":{"desktop":{"background-color":"var(--ast-global-color-5)","background-image":"","background-repeat":"repeat","background-position":"center center","background-size":"auto","background-attachment":"scroll","background-type":"","background-media":"","overlay-type":"","overlay-color":"","overlay-opacity":"","overlay-gradient":""},"tablet":{"background-color":"","background-image":"","background-repeat":"repeat","background-position":"center center","background-size":"auto","background-attachment":"scroll","background-type":"","background-media":"","overlay-type":"","overlay-color":"","overlay-opacity":"","overlay-gradient":""},"mobile":{"background-color":"","background-image":"","background-repeat":"repeat","background-position":"center center","background-size":"auto","background-attachment":"scroll","background-type":"","background-media":"","overlay-type":"","overlay-color":"","overlay-opacity":"","overlay-gradient":""}},"ast-content-background-meta":{"desktop":{"background-color":"var(--ast-global-color-4)","background-image":"","background-repeat":"repeat","background-position":"center center","background-size":"auto","background-attachment":"scroll","background-type":"","background-media":"","overlay-type":"","overlay-color":"","overlay-opacity":"","overlay-gradient":""},"tablet":{"background-color":"var(--ast-global-color-4)","background-image":"","background-repeat":"repeat","background-position":"center center","background-size":"auto","background-attachment":"scroll","background-type":"","background-media":"","overlay-type":"","overlay-color":"","overlay-opacity":"","overlay-gradient":""},"mobile":{"background-color":"var(--ast-global-color-4)","background-image":"","background-repeat":"repeat","background-position":"center center","background-size":"auto","background-attachment":"scroll","background-type":"","background-media":"","overlay-type":"","overlay-color":"","overlay-opacity":"","overlay-gradient":""}},"footnotes":""},"categories":[23,1],"tags":[],"class_list":["post-48358","post","type-post","status-publish","format-standard","has-post-thumbnail","hentry","category-internacionales","category-noticias"],"yoast_head":"<!-- This site is optimized with the Yoast SEO Premium plugin v23.0 (Yoast SEO v27.4) - https:\/\/yoast.com\/product\/yoast-seo-premium-wordpress\/ -->\n<title>Malvinas: Autoridades kelpers trabajan en la negociaci\u00f3n de un nuevo vuelo semanal entre las islas y el continente<\/title>\n<meta name=\"robots\" content=\"index, follow, max-snippet:-1, max-image-preview:large, max-video-preview:-1\" \/>\n<link rel=\"canonical\" href=\"https:\/\/patagoniambiental.com.ar\/info\/malvinas-autoridades-kelpers-trabajan-en-la-negociacion-de-un-nuevo-vuelo-semanal-entre-las-islas-y-el-continente\/\" \/>\n<meta property=\"og:locale\" content=\"es_ES\" \/>\n<meta property=\"og:type\" content=\"article\" \/>\n<meta property=\"og:title\" content=\"Malvinas: Autoridades kelpers trabajan en la negociaci\u00f3n de un nuevo vuelo semanal entre las islas y el continente\" \/>\n<meta property=\"og:description\" content=\"Malvinas.-El gobierno brit\u00e1nico de las Islas Malvinas anunci\u00f3 que iniciar\u00e1 negociaciones con una empresa a\u00e9rea para poner en marcha un [&hellip;]\" \/>\n<meta property=\"og:url\" content=\"https:\/\/patagoniambiental.com.ar\/info\/malvinas-autoridades-kelpers-trabajan-en-la-negociacion-de-un-nuevo-vuelo-semanal-entre-las-islas-y-el-continente\/\" \/>\n<meta property=\"og:site_name\" content=\"Patagonia Ambiental\" \/>\n<meta property=\"article:publisher\" content=\"https:\/\/www.facebook.com\/patagonia.ambiental\" \/>\n<meta property=\"article:author\" content=\"https:\/\/www.facebook.com\/share\/1C1V8Gv9BX\/?mibextid=qi2Omg\" \/>\n<meta property=\"article:published_time\" content=\"2018-06-16T22:00:20+00:00\" \/>\n<meta property=\"og:image\" content=\"https:\/\/patagoniambiental.com.ar\/info\/wp-content\/uploads\/2018\/06\/d18e4b638583c7c3bf9f37c749846dbe-1000puerto_argentino.jpg\" \/>\n\t<meta property=\"og:image:width\" content=\"1000\" \/>\n\t<meta property=\"og:image:height\" content=\"666\" \/>\n\t<meta property=\"og:image:type\" content=\"image\/jpeg\" \/>\n<meta name=\"author\" content=\"Patagonia Ambiental\" \/>\n<meta name=\"twitter:card\" content=\"summary_large_image\" \/>\n<meta name=\"twitter:creator\" content=\"@PatAmb\" \/>\n<meta name=\"twitter:site\" content=\"@PatAmb\" \/>\n<script type=\"application\/ld+json\" class=\"yoast-schema-graph\">{\"@context\":\"https:\\\/\\\/schema.org\",\"@graph\":[{\"@type\":\"Article\",\"@id\":\"https:\\\/\\\/patagoniambiental.com.ar\\\/info\\\/malvinas-autoridades-kelpers-trabajan-en-la-negociacion-de-un-nuevo-vuelo-semanal-entre-las-islas-y-el-continente\\\/#article\",\"isPartOf\":{\"@id\":\"https:\\\/\\\/patagoniambiental.com.ar\\\/info\\\/malvinas-autoridades-kelpers-trabajan-en-la-negociacion-de-un-nuevo-vuelo-semanal-entre-las-islas-y-el-continente\\\/\"},\"author\":{\"name\":\"Patagonia Ambiental\",\"@id\":\"https:\\\/\\\/patagoniambiental.com.ar\\\/info\\\/#\\\/schema\\\/person\\\/db12bff64bbcbf6a253710bf0ea37b5d\"},\"headline\":\"Malvinas: Autoridades kelpers trabajan en la negociaci\u00f3n de un nuevo vuelo semanal entre las islas y el continente\",\"datePublished\":\"2018-06-16T22:00:20+00:00\",\"mainEntityOfPage\":{\"@id\":\"https:\\\/\\\/patagoniambiental.com.ar\\\/info\\\/malvinas-autoridades-kelpers-trabajan-en-la-negociacion-de-un-nuevo-vuelo-semanal-entre-las-islas-y-el-continente\\\/\"},\"wordCount\":571,\"commentCount\":0,\"publisher\":{\"@id\":\"https:\\\/\\\/patagoniambiental.com.ar\\\/info\\\/#organization\"},\"image\":{\"@id\":\"https:\\\/\\\/patagoniambiental.com.ar\\\/info\\\/malvinas-autoridades-kelpers-trabajan-en-la-negociacion-de-un-nuevo-vuelo-semanal-entre-las-islas-y-el-continente\\\/#primaryimage\"},\"thumbnailUrl\":\"https:\\\/\\\/patagoniambiental.com.ar\\\/info\\\/wp-content\\\/uploads\\\/2018\\\/06\\\/d18e4b638583c7c3bf9f37c749846dbe-1000puerto_argentino.jpg\",\"articleSection\":[\"Internacionales\",\"Noticias\"],\"inLanguage\":\"es\",\"potentialAction\":[{\"@type\":\"CommentAction\",\"name\":\"Comment\",\"target\":[\"https:\\\/\\\/patagoniambiental.com.ar\\\/info\\\/malvinas-autoridades-kelpers-trabajan-en-la-negociacion-de-un-nuevo-vuelo-semanal-entre-las-islas-y-el-continente\\\/#respond\"]}]},{\"@type\":\"WebPage\",\"@id\":\"https:\\\/\\\/patagoniambiental.com.ar\\\/info\\\/malvinas-autoridades-kelpers-trabajan-en-la-negociacion-de-un-nuevo-vuelo-semanal-entre-las-islas-y-el-continente\\\/\",\"url\":\"https:\\\/\\\/patagoniambiental.com.ar\\\/info\\\/malvinas-autoridades-kelpers-trabajan-en-la-negociacion-de-un-nuevo-vuelo-semanal-entre-las-islas-y-el-continente\\\/\",\"name\":\"Malvinas: Autoridades kelpers trabajan en la negociaci\u00f3n de un nuevo vuelo semanal entre las islas y el continente\",\"isPartOf\":{\"@id\":\"https:\\\/\\\/patagoniambiental.com.ar\\\/info\\\/#website\"},\"primaryImageOfPage\":{\"@id\":\"https:\\\/\\\/patagoniambiental.com.ar\\\/info\\\/malvinas-autoridades-kelpers-trabajan-en-la-negociacion-de-un-nuevo-vuelo-semanal-entre-las-islas-y-el-continente\\\/#primaryimage\"},\"image\":{\"@id\":\"https:\\\/\\\/patagoniambiental.com.ar\\\/info\\\/malvinas-autoridades-kelpers-trabajan-en-la-negociacion-de-un-nuevo-vuelo-semanal-entre-las-islas-y-el-continente\\\/#primaryimage\"},\"thumbnailUrl\":\"https:\\\/\\\/patagoniambiental.com.ar\\\/info\\\/wp-content\\\/uploads\\\/2018\\\/06\\\/d18e4b638583c7c3bf9f37c749846dbe-1000puerto_argentino.jpg\",\"datePublished\":\"2018-06-16T22:00:20+00:00\",\"breadcrumb\":{\"@id\":\"https:\\\/\\\/patagoniambiental.com.ar\\\/info\\\/malvinas-autoridades-kelpers-trabajan-en-la-negociacion-de-un-nuevo-vuelo-semanal-entre-las-islas-y-el-continente\\\/#breadcrumb\"},\"inLanguage\":\"es\",\"potentialAction\":[{\"@type\":\"ReadAction\",\"target\":[\"https:\\\/\\\/patagoniambiental.com.ar\\\/info\\\/malvinas-autoridades-kelpers-trabajan-en-la-negociacion-de-un-nuevo-vuelo-semanal-entre-las-islas-y-el-continente\\\/\"]}]},{\"@type\":\"ImageObject\",\"inLanguage\":\"es\",\"@id\":\"https:\\\/\\\/patagoniambiental.com.ar\\\/info\\\/malvinas-autoridades-kelpers-trabajan-en-la-negociacion-de-un-nuevo-vuelo-semanal-entre-las-islas-y-el-continente\\\/#primaryimage\",\"url\":\"https:\\\/\\\/patagoniambiental.com.ar\\\/info\\\/wp-content\\\/uploads\\\/2018\\\/06\\\/d18e4b638583c7c3bf9f37c749846dbe-1000puerto_argentino.jpg\",\"contentUrl\":\"https:\\\/\\\/patagoniambiental.com.ar\\\/info\\\/wp-content\\\/uploads\\\/2018\\\/06\\\/d18e4b638583c7c3bf9f37c749846dbe-1000puerto_argentino.jpg\",\"width\":1000,\"height\":666},{\"@type\":\"BreadcrumbList\",\"@id\":\"https:\\\/\\\/patagoniambiental.com.ar\\\/info\\\/malvinas-autoridades-kelpers-trabajan-en-la-negociacion-de-un-nuevo-vuelo-semanal-entre-las-islas-y-el-continente\\\/#breadcrumb\",\"itemListElement\":[{\"@type\":\"ListItem\",\"position\":1,\"name\":\"Inicio\",\"item\":\"https:\\\/\\\/patagoniambiental.com.ar\\\/info\\\/\"},{\"@type\":\"ListItem\",\"position\":2,\"name\":\"Malvinas: Autoridades kelpers trabajan en la negociaci\u00f3n de un nuevo vuelo semanal entre las islas y el continente\"}]},{\"@type\":\"WebSite\",\"@id\":\"https:\\\/\\\/patagoniambiental.com.ar\\\/info\\\/#website\",\"url\":\"https:\\\/\\\/patagoniambiental.com.ar\\\/info\\\/\",\"name\":\"Patagonia Ambiental\",\"description\":\"Monitoreo y an\u00e1lisis de la situaci\u00f3n geopol\u00edtica en el mundo y su implicancia en la Patagonia\",\"publisher\":{\"@id\":\"https:\\\/\\\/patagoniambiental.com.ar\\\/info\\\/#organization\"},\"potentialAction\":[{\"@type\":\"SearchAction\",\"target\":{\"@type\":\"EntryPoint\",\"urlTemplate\":\"https:\\\/\\\/patagoniambiental.com.ar\\\/info\\\/?s={search_term_string}\"},\"query-input\":{\"@type\":\"PropertyValueSpecification\",\"valueRequired\":true,\"valueName\":\"search_term_string\"}}],\"inLanguage\":\"es\"},{\"@type\":\"Organization\",\"@id\":\"https:\\\/\\\/patagoniambiental.com.ar\\\/info\\\/#organization\",\"name\":\"Patagonia Ambiental\",\"url\":\"https:\\\/\\\/patagoniambiental.com.ar\\\/info\\\/\",\"logo\":{\"@type\":\"ImageObject\",\"inLanguage\":\"es\",\"@id\":\"https:\\\/\\\/patagoniambiental.com.ar\\\/info\\\/#\\\/schema\\\/logo\\\/image\\\/\",\"url\":\"https:\\\/\\\/patagoniambiental.com.ar\\\/info\\\/wp-content\\\/uploads\\\/2025\\\/05\\\/LOGO-PATAGONIA-AMBIENTAL.png\",\"contentUrl\":\"https:\\\/\\\/patagoniambiental.com.ar\\\/info\\\/wp-content\\\/uploads\\\/2025\\\/05\\\/LOGO-PATAGONIA-AMBIENTAL.png\",\"width\":433,\"height\":250,\"caption\":\"Patagonia Ambiental\"},\"image\":{\"@id\":\"https:\\\/\\\/patagoniambiental.com.ar\\\/info\\\/#\\\/schema\\\/logo\\\/image\\\/\"},\"sameAs\":[\"https:\\\/\\\/www.facebook.com\\\/patagonia.ambiental\",\"https:\\\/\\\/x.com\\\/PatAmb\"]},{\"@type\":\"Person\",\"@id\":\"https:\\\/\\\/patagoniambiental.com.ar\\\/info\\\/#\\\/schema\\\/person\\\/db12bff64bbcbf6a253710bf0ea37b5d\",\"name\":\"Patagonia Ambiental\",\"description\":\"Andr\u00e9s Nievas T\u00e9cnico en manejo ambiental, consultor Ambiental y escritor para medios locales e internacionales sobre temas de geopolitica y medio ambiente.\",\"sameAs\":[\"http:\\\/\\\/www.patagoniambiental.com.ar\",\"https:\\\/\\\/www.facebook.com\\\/share\\\/1C1V8Gv9BX\\\/?mibextid=qi2Omg\",\"@patagoniambiental\",\"https:\\\/\\\/youtube.com\\\/@patagoniaambiental2023?si=BLt58t0wuXquxlYZ\"]}]}<\/script>\n<!-- \/ Yoast SEO Premium plugin. -->","yoast_head_json":{"title":"Malvinas: Autoridades kelpers trabajan en la negociaci\u00f3n de un nuevo vuelo semanal entre las islas y el continente","robots":{"index":"index","follow":"follow","max-snippet":"max-snippet:-1","max-image-preview":"max-image-preview:large","max-video-preview":"max-video-preview:-1"},"canonical":"https:\/\/patagoniambiental.com.ar\/info\/malvinas-autoridades-kelpers-trabajan-en-la-negociacion-de-un-nuevo-vuelo-semanal-entre-las-islas-y-el-continente\/","og_locale":"es_ES","og_type":"article","og_title":"Malvinas: Autoridades kelpers trabajan en la negociaci\u00f3n de un nuevo vuelo semanal entre las islas y el continente","og_description":"Malvinas.-El gobierno brit\u00e1nico de las Islas Malvinas anunci\u00f3 que iniciar\u00e1 negociaciones con una empresa a\u00e9rea para poner en marcha un [&hellip;]","og_url":"https:\/\/patagoniambiental.com.ar\/info\/malvinas-autoridades-kelpers-trabajan-en-la-negociacion-de-un-nuevo-vuelo-semanal-entre-las-islas-y-el-continente\/","og_site_name":"Patagonia Ambiental","article_publisher":"https:\/\/www.facebook.com\/patagonia.ambiental","article_author":"https:\/\/www.facebook.com\/share\/1C1V8Gv9BX\/?mibextid=qi2Omg","article_published_time":"2018-06-16T22:00:20+00:00","og_image":[{"width":1000,"height":666,"url":"https:\/\/patagoniambiental.com.ar\/info\/wp-content\/uploads\/2018\/06\/d18e4b638583c7c3bf9f37c749846dbe-1000puerto_argentino.jpg","type":"image\/jpeg"}],"author":"Patagonia Ambiental","twitter_card":"summary_large_image","twitter_creator":"@PatAmb","twitter_site":"@PatAmb","schema":{"@context":"https:\/\/schema.org","@graph":[{"@type":"Article","@id":"https:\/\/patagoniambiental.com.ar\/info\/malvinas-autoridades-kelpers-trabajan-en-la-negociacion-de-un-nuevo-vuelo-semanal-entre-las-islas-y-el-continente\/#article","isPartOf":{"@id":"https:\/\/patagoniambiental.com.ar\/info\/malvinas-autoridades-kelpers-trabajan-en-la-negociacion-de-un-nuevo-vuelo-semanal-entre-las-islas-y-el-continente\/"},"author":{"name":"Patagonia Ambiental","@id":"https:\/\/patagoniambiental.com.ar\/info\/#\/schema\/person\/db12bff64bbcbf6a253710bf0ea37b5d"},"headline":"Malvinas: Autoridades kelpers trabajan en la negociaci\u00f3n de un nuevo vuelo semanal entre las islas y el continente","datePublished":"2018-06-16T22:00:20+00:00","mainEntityOfPage":{"@id":"https:\/\/patagoniambiental.com.ar\/info\/malvinas-autoridades-kelpers-trabajan-en-la-negociacion-de-un-nuevo-vuelo-semanal-entre-las-islas-y-el-continente\/"},"wordCount":571,"commentCount":0,"publisher":{"@id":"https:\/\/patagoniambiental.com.ar\/info\/#organization"},"image":{"@id":"https:\/\/patagoniambiental.com.ar\/info\/malvinas-autoridades-kelpers-trabajan-en-la-negociacion-de-un-nuevo-vuelo-semanal-entre-las-islas-y-el-continente\/#primaryimage"},"thumbnailUrl":"https:\/\/patagoniambiental.com.ar\/info\/wp-content\/uploads\/2018\/06\/d18e4b638583c7c3bf9f37c749846dbe-1000puerto_argentino.jpg","articleSection":["Internacionales","Noticias"],"inLanguage":"es","potentialAction":[{"@type":"CommentAction","name":"Comment","target":["https:\/\/patagoniambiental.com.ar\/info\/malvinas-autoridades-kelpers-trabajan-en-la-negociacion-de-un-nuevo-vuelo-semanal-entre-las-islas-y-el-continente\/#respond"]}]},{"@type":"WebPage","@id":"https:\/\/patagoniambiental.com.ar\/info\/malvinas-autoridades-kelpers-trabajan-en-la-negociacion-de-un-nuevo-vuelo-semanal-entre-las-islas-y-el-continente\/","url":"https:\/\/patagoniambiental.com.ar\/info\/malvinas-autoridades-kelpers-trabajan-en-la-negociacion-de-un-nuevo-vuelo-semanal-entre-las-islas-y-el-continente\/","name":"Malvinas: Autoridades kelpers trabajan en la negociaci\u00f3n de un nuevo vuelo semanal entre las islas y el continente","isPartOf":{"@id":"https:\/\/patagoniambiental.com.ar\/info\/#website"},"primaryImageOfPage":{"@id":"https:\/\/patagoniambiental.com.ar\/info\/malvinas-autoridades-kelpers-trabajan-en-la-negociacion-de-un-nuevo-vuelo-semanal-entre-las-islas-y-el-continente\/#primaryimage"},"image":{"@id":"https:\/\/patagoniambiental.com.ar\/info\/malvinas-autoridades-kelpers-trabajan-en-la-negociacion-de-un-nuevo-vuelo-semanal-entre-las-islas-y-el-continente\/#primaryimage"},"thumbnailUrl":"https:\/\/patagoniambiental.com.ar\/info\/wp-content\/uploads\/2018\/06\/d18e4b638583c7c3bf9f37c749846dbe-1000puerto_argentino.jpg","datePublished":"2018-06-16T22:00:20+00:00","breadcrumb":{"@id":"https:\/\/patagoniambiental.com.ar\/info\/malvinas-autoridades-kelpers-trabajan-en-la-negociacion-de-un-nuevo-vuelo-semanal-entre-las-islas-y-el-continente\/#breadcrumb"},"inLanguage":"es","potentialAction":[{"@type":"ReadAction","target":["https:\/\/patagoniambiental.com.ar\/info\/malvinas-autoridades-kelpers-trabajan-en-la-negociacion-de-un-nuevo-vuelo-semanal-entre-las-islas-y-el-continente\/"]}]},{"@type":"ImageObject","inLanguage":"es","@id":"https:\/\/patagoniambiental.com.ar\/info\/malvinas-autoridades-kelpers-trabajan-en-la-negociacion-de-un-nuevo-vuelo-semanal-entre-las-islas-y-el-continente\/#primaryimage","url":"https:\/\/patagoniambiental.com.ar\/info\/wp-content\/uploads\/2018\/06\/d18e4b638583c7c3bf9f37c749846dbe-1000puerto_argentino.jpg","contentUrl":"https:\/\/patagoniambiental.com.ar\/info\/wp-content\/uploads\/2018\/06\/d18e4b638583c7c3bf9f37c749846dbe-1000puerto_argentino.jpg","width":1000,"height":666},{"@type":"BreadcrumbList","@id":"https:\/\/patagoniambiental.com.ar\/info\/malvinas-autoridades-kelpers-trabajan-en-la-negociacion-de-un-nuevo-vuelo-semanal-entre-las-islas-y-el-continente\/#breadcrumb","itemListElement":[{"@type":"ListItem","position":1,"name":"Inicio","item":"https:\/\/patagoniambiental.com.ar\/info\/"},{"@type":"ListItem","position":2,"name":"Malvinas: Autoridades kelpers trabajan en la negociaci\u00f3n de un nuevo vuelo semanal entre las islas y el continente"}]},{"@type":"WebSite","@id":"https:\/\/patagoniambiental.com.ar\/info\/#website","url":"https:\/\/patagoniambiental.com.ar\/info\/","name":"Patagonia Ambiental","description":"Monitoreo y an\u00e1lisis de la situaci\u00f3n geopol\u00edtica en el mundo y su implicancia en la Patagonia","publisher":{"@id":"https:\/\/patagoniambiental.com.ar\/info\/#organization"},"potentialAction":[{"@type":"SearchAction","target":{"@type":"EntryPoint","urlTemplate":"https:\/\/patagoniambiental.com.ar\/info\/?s={search_term_string}"},"query-input":{"@type":"PropertyValueSpecification","valueRequired":true,"valueName":"search_term_string"}}],"inLanguage":"es"},{"@type":"Organization","@id":"https:\/\/patagoniambiental.com.ar\/info\/#organization","name":"Patagonia Ambiental","url":"https:\/\/patagoniambiental.com.ar\/info\/","logo":{"@type":"ImageObject","inLanguage":"es","@id":"https:\/\/patagoniambiental.com.ar\/info\/#\/schema\/logo\/image\/","url":"https:\/\/patagoniambiental.com.ar\/info\/wp-content\/uploads\/2025\/05\/LOGO-PATAGONIA-AMBIENTAL.png","contentUrl":"https:\/\/patagoniambiental.com.ar\/info\/wp-content\/uploads\/2025\/05\/LOGO-PATAGONIA-AMBIENTAL.png","width":433,"height":250,"caption":"Patagonia Ambiental"},"image":{"@id":"https:\/\/patagoniambiental.com.ar\/info\/#\/schema\/logo\/image\/"},"sameAs":["https:\/\/www.facebook.com\/patagonia.ambiental","https:\/\/x.com\/PatAmb"]},{"@type":"Person","@id":"https:\/\/patagoniambiental.com.ar\/info\/#\/schema\/person\/db12bff64bbcbf6a253710bf0ea37b5d","name":"Patagonia Ambiental","description":"Andr\u00e9s Nievas T\u00e9cnico en manejo ambiental, consultor Ambiental y escritor para medios locales e internacionales sobre temas de geopolitica y medio ambiente.","sameAs":["http:\/\/www.patagoniambiental.com.ar","https:\/\/www.facebook.com\/share\/1C1V8Gv9BX\/?mibextid=qi2Omg","@patagoniambiental","https:\/\/youtube.com\/@patagoniaambiental2023?si=BLt58t0wuXquxlYZ"]}]}},"_links":{"self":[{"href":"https:\/\/patagoniambiental.com.ar\/info\/wp-json\/wp\/v2\/posts\/48358","targetHints":{"allow":["GET"]}}],"collection":[{"href":"https:\/\/patagoniambiental.com.ar\/info\/wp-json\/wp\/v2\/posts"}],"about":[{"href":"https:\/\/patagoniambiental.com.ar\/info\/wp-json\/wp\/v2\/types\/post"}],"author":[{"embeddable":true,"href":"https:\/\/patagoniambiental.com.ar\/info\/wp-json\/wp\/v2\/users\/2"}],"replies":[{"embeddable":true,"href":"https:\/\/patagoniambiental.com.ar\/info\/wp-json\/wp\/v2\/comments?post=48358"}],"version-history":[{"count":0,"href":"https:\/\/patagoniambiental.com.ar\/info\/wp-json\/wp\/v2\/posts\/48358\/revisions"}],"wp:featuredmedia":[{"embeddable":true,"href":"https:\/\/patagoniambiental.com.ar\/info\/wp-json\/wp\/v2\/media\/48359"}],"wp:attachment":[{"href":"https:\/\/patagoniambiental.com.ar\/info\/wp-json\/wp\/v2\/media?parent=48358"}],"wp:term":[{"taxonomy":"category","embeddable":true,"href":"https:\/\/patagoniambiental.com.ar\/info\/wp-json\/wp\/v2\/categories?post=48358"},{"taxonomy":"post_tag","embeddable":true,"href":"https:\/\/patagoniambiental.com.ar\/info\/wp-json\/wp\/v2\/tags?post=48358"}],"curies":[{"name":"wp","href":"https:\/\/api.w.org\/{rel}","templated":true}]}}