{"id":48413,"date":"2018-06-18T09:00:49","date_gmt":"2018-06-18T12:00:49","guid":{"rendered":"http:\/\/patagoniambiental.com.ar\/info\/?p=48413"},"modified":"2024-05-26T13:37:48","modified_gmt":"2024-05-26T16:37:48","slug":"monte-hermoso-los-chicos-convierten-un-baldio-en-una-plaza","status":"publish","type":"post","link":"https:\/\/patagoniambiental.com.ar\/info\/monte-hermoso-los-chicos-convierten-un-baldio-en-una-plaza\/","title":{"rendered":"Monte Hermoso: los chicos convierten un bald\u00edo en una plaza"},"content":{"rendered":"<p>Con el fin de mejorar los espacios p\u00fablicos, alumnos de 4\u00ba y 5\u00ba a\u00f1o de la modalidad Maestro Mayor de Obras de la Secundaria T\u00e9cnica N\u00ba 1 de Monte Hermoso, comenzaron a dirigir la ejecuci\u00f3n de lo que ser\u00e1 la nueva plaza del barrio Autogesti\u00f3n, que se emplazar\u00e1 sobre un lote en el que, hasta el momento, solo hab\u00eda un par de juegos rotos.<\/p>\n<div><\/div>\n<div id=\"hybs-mslot-74a38f46-0\"><\/div>\n<p><img decoding=\"async\" src=\"http:\/\/px.cdn.lanueva.com\/062018\/1529078837610.jpg\" width=\"100%\" height=\"auto\" \/><\/p>\n<div class=\"teads-inread\">\n<div class=\"teads-ui-components-adchoices\"><\/div>\n<div id=\"teads0\" class=\"teads-player\">\u00a0 \u00a0El sitio en el que se llevan a cabo las reformas es relevante para la comunidad educativa del balneario ya que a su alrededor se concentran varias instituciones: no solo la EETSN\u00ba 1 sino el Centro de Formaci\u00f3n Profesional, el Centro Integrador Comunitario -pr\u00f3ximo a inaugurarse- y la EPN\u00ba2<\/div>\n<\/div>\n<p>De all\u00ed la importancia de renovar tanto su est\u00e9tica como su funcionalidad.<\/p>\n<p><img decoding=\"async\" src=\"http:\/\/px.cdn.lanueva.com\/062018\/1529079012523.jpg\" width=\"100%\" height=\"auto\" \/><\/p>\n<p>Los alumnos est\u00e1n a cargo del proyecto y direcci\u00f3n de obra mientras que personal contratado por el municipio es el encargado de ejecutarla.<\/p>\n<p>Rosana Iluminatti, una de las docentes coordinadoras de la iniciativa indic\u00f3 que se est\u00e1n utilizando materiales de bajo mantenimiento y se instalar\u00e1 un sistema de iluminaci\u00f3n fotovoltaica con la coordinaci\u00f3n de los alumnos de Energ\u00edas Renovables.<\/p>\n<div class=\"teads-inread\">\n<div>\n<div id=\"teads1\" class=\"teads-player\">\u00a0 \u00a0\u201cSe comenz\u00f3 a trabajar en el a\u00f1o 2016, en el espacio Taller, con alumnos de 3\u00ba a\u00f1o a partir de realizar un reconocimiento del \u00e1rea de influencia de la escuela\u201d, dijo.<\/div>\n<\/div>\n<\/div>\n<p>El proyecto se exhibi\u00f3 ante el intendente de Monte Hermoso, Marcos Fern\u00e1ndez, en la Muestra Anual y su ejecuci\u00f3n fue aprobada por el Municipio.<\/p>\n<p><img decoding=\"async\" src=\"http:\/\/px.cdn.lanueva.com\/062018\/1529079168436.jpg\" width=\"100%\" height=\"auto\" \/><\/p>\n<p>La propuesta consiste en el desarrollo de dos sectores, uno verde y otro de plaza seca, ambos separados por un desnivel. Luego se prev\u00e9 la instalaci\u00f3n de bicicleteros y cestos para residuos adem\u00e1s de rampas de acceso para personas con dificultades motrices.<\/p>\n<div class=\"teads-inread\">\n<div>\n<div id=\"teads2\" class=\"teads-player\">\u00a0 \u00a0\u201cDesde el punto de vista pedag\u00f3gico, la escuela pone en pr\u00e1ctica el aprendizaje por proyectos y las vinculaciones con el \u00e1mbito socio-productivo de la ciudad\u201d, dijo Iluminatti.<\/div>\n<\/div>\n<\/div>\n<p>Los alumnos realizaron un trabajo interdisciplinario articulando diversas \u00e1reas del conocimiento como Construcci\u00f3n de la Ciudadan\u00eda, Geograf\u00eda, Lenguajes Tecnol\u00f3gicos 3, hasta representar la documentaci\u00f3n de proyecto y presupuesto de materiales.<\/p>\n<p>\u201cActualmente se est\u00e1 avanzando en la segunda etapa de ejecuci\u00f3n de obra, que se pretende finalizar este a\u00f1o. Esta instancia cuenta con los aportes de materiales y t\u00e9cnicos del Municipio, quien brinda una oportunidad \u00fanica a los futuros profesionales formados en la escuela\u201d, subray\u00f3.<\/p>\n<p><img decoding=\"async\" src=\"http:\/\/px.cdn.lanueva.com\/062018\/1529079453185.jpg\" width=\"100%\" height=\"auto\" \/><\/p>\n<p>El a\u00f1o pasado se present\u00f3 ante la comuna la documentaci\u00f3n correspondiente, se efectu\u00f3 el c\u00e1lculo de materiales y se aport\u00f3 la verificaci\u00f3n de medianeras.<\/p>\n<p>\u201cEn el anteproyecto se plante\u00f3 el tipo de usos, por lo que se decidi\u00f3 hacer dos niveles, el m\u00e1s elevado para recreaci\u00f3n con juegos y el m\u00e1s bajo para descanso y tr\u00e1nsito de peatones\u201d explic\u00f3.<\/p>\n<p>\u201cComo instituci\u00f3n estamos muy contentos de que los alumnos puedan utilizar el proyecto como \u00e1mbito de estudio, pr\u00e1ctica y mejoramiento de un lugar de uso colectivo\u201d, expres\u00f3 Iluminatti.<\/p>\n<p>El director de la EEST N\u00ba 1, Ariel Llerandi, se mostr\u00f3 satisfecho por la concreci\u00f3n de este proyecto y asegur\u00f3 que siempre que se encara una iniciativa de esta magnitud se tiene en cuenta la accesibilidad\u00a0de las personas con alguna discapacidad.<\/p>\n<p>Indic\u00f3 que el proyecto inicial contemplaba la construcci\u00f3n de un arenero, aunque no se defini\u00f3 si finalmente se incorporar\u00e1 por cuestiones relativas a la higiene.<\/p>\n<p>\u201cLas luminarias fotovoltaicas ahorran energ\u00eda y permiten trabajar a los alumnos de una de las especialidades de nuestra escuela: Energ\u00edas Renovables\u201d, subray\u00f3.<\/p>\n<p>La obra. La municipalidad aport\u00f3 el trabajo de un Maestro Mayor de Obras y tres personas a su cargo y se hizo cargo de la compra de los materiales con aportes del Fondo Educativo.<\/p>\n<p>&nbsp;<\/p>\n<p>Fuente:\u00a0http:\/\/www.lanueva.com\/nota\/2018-6-17-6-30-24-monte-hermoso-los-chicos-convierten-un-baldio-en-una-plaza<\/p>\n","protected":false},"excerpt":{"rendered":"<p>Con el fin de mejorar los espacios p\u00fablicos, alumnos de 4\u00ba y 5\u00ba a\u00f1o de la modalidad Maestro Mayor de [&hellip;]<\/p>\n","protected":false},"author":2,"featured_media":48414,"comment_status":"open","ping_status":"open","sticky":false,"template":"","format":"standard","meta":{"site-sidebar-layout":"default","site-content-layout":"","ast-site-content-layout":"default","site-content-style":"default","site-sidebar-style":"default","ast-global-header-display":"","ast-banner-title-visibility":"","ast-main-header-display":"","ast-hfb-above-header-display":"","ast-hfb-below-header-display":"","ast-hfb-mobile-header-display":"","site-post-title":"","ast-breadcrumbs-content":"","ast-featured-img":"","footer-sml-layout":"","ast-disable-related-posts":"","theme-transparent-header-meta":"","adv-header-id-meta":"","stick-header-meta":"","header-above-stick-meta":"","header-main-stick-meta":"","header-below-stick-meta":"","astra-migrate-meta-layouts":"default","ast-page-background-enabled":"default","ast-page-background-meta":{"desktop":{"background-color":"var(--ast-global-color-5)","background-image":"","background-repeat":"repeat","background-position":"center center","background-size":"auto","background-attachment":"scroll","background-type":"","background-media":"","overlay-type":"","overlay-color":"","overlay-opacity":"","overlay-gradient":""},"tablet":{"background-color":"","background-image":"","background-repeat":"repeat","background-position":"center center","background-size":"auto","background-attachment":"scroll","background-type":"","background-media":"","overlay-type":"","overlay-color":"","overlay-opacity":"","overlay-gradient":""},"mobile":{"background-color":"","background-image":"","background-repeat":"repeat","background-position":"center center","background-size":"auto","background-attachment":"scroll","background-type":"","background-media":"","overlay-type":"","overlay-color":"","overlay-opacity":"","overlay-gradient":""}},"ast-content-background-meta":{"desktop":{"background-color":"var(--ast-global-color-4)","background-image":"","background-repeat":"repeat","background-position":"center center","background-size":"auto","background-attachment":"scroll","background-type":"","background-media":"","overlay-type":"","overlay-color":"","overlay-opacity":"","overlay-gradient":""},"tablet":{"background-color":"var(--ast-global-color-4)","background-image":"","background-repeat":"repeat","background-position":"center center","background-size":"auto","background-attachment":"scroll","background-type":"","background-media":"","overlay-type":"","overlay-color":"","overlay-opacity":"","overlay-gradient":""},"mobile":{"background-color":"var(--ast-global-color-4)","background-image":"","background-repeat":"repeat","background-position":"center center","background-size":"auto","background-attachment":"scroll","background-type":"","background-media":"","overlay-type":"","overlay-color":"","overlay-opacity":"","overlay-gradient":""}},"footnotes":""},"categories":[46,1],"tags":[],"class_list":["post-48413","post","type-post","status-publish","format-standard","has-post-thumbnail","hentry","category-municipios","category-noticias"],"yoast_head":"<!-- This site is optimized with the Yoast SEO Premium plugin v23.0 (Yoast SEO v27.5) - https:\/\/yoast.com\/product\/yoast-seo-premium-wordpress\/ -->\n<title>Monte Hermoso: los chicos convierten un bald\u00edo en una plaza<\/title>\n<meta name=\"robots\" content=\"index, follow, max-snippet:-1, max-image-preview:large, max-video-preview:-1\" \/>\n<link rel=\"canonical\" href=\"https:\/\/patagoniambiental.com.ar\/info\/monte-hermoso-los-chicos-convierten-un-baldio-en-una-plaza\/\" \/>\n<meta property=\"og:locale\" content=\"es_ES\" \/>\n<meta property=\"og:type\" content=\"article\" \/>\n<meta property=\"og:title\" content=\"Monte Hermoso: los chicos convierten un bald\u00edo en una plaza\" \/>\n<meta property=\"og:description\" content=\"Con el fin de mejorar los espacios p\u00fablicos, alumnos de 4\u00ba y 5\u00ba a\u00f1o de la modalidad Maestro Mayor de [&hellip;]\" \/>\n<meta property=\"og:url\" content=\"https:\/\/patagoniambiental.com.ar\/info\/monte-hermoso-los-chicos-convierten-un-baldio-en-una-plaza\/\" \/>\n<meta property=\"og:site_name\" content=\"Patagonia Ambiental\" \/>\n<meta property=\"article:publisher\" content=\"https:\/\/www.facebook.com\/patagonia.ambiental\" \/>\n<meta property=\"article:author\" content=\"https:\/\/www.facebook.com\/share\/1C1V8Gv9BX\/?mibextid=qi2Omg\" \/>\n<meta property=\"article:published_time\" content=\"2018-06-18T12:00:49+00:00\" \/>\n<meta property=\"article:modified_time\" content=\"2024-05-26T16:37:48+00:00\" \/>\n<meta property=\"og:image\" content=\"https:\/\/patagoniambiental.com.ar\/info\/wp-content\/uploads\/2018\/06\/chicos-con-plaza.jpg\" \/>\n\t<meta property=\"og:image:width\" content=\"790\" \/>\n\t<meta property=\"og:image:height\" content=\"482\" \/>\n\t<meta property=\"og:image:type\" content=\"image\/jpeg\" \/>\n<meta name=\"author\" content=\"Patagonia Ambiental\" \/>\n<meta name=\"twitter:card\" content=\"summary_large_image\" \/>\n<meta name=\"twitter:creator\" content=\"@PatAmb\" \/>\n<meta name=\"twitter:site\" content=\"@PatAmb\" \/>\n<script type=\"application\/ld+json\" class=\"yoast-schema-graph\">{\"@context\":\"https:\\\/\\\/schema.org\",\"@graph\":[{\"@type\":\"Article\",\"@id\":\"https:\\\/\\\/patagoniambiental.com.ar\\\/info\\\/monte-hermoso-los-chicos-convierten-un-baldio-en-una-plaza\\\/#article\",\"isPartOf\":{\"@id\":\"https:\\\/\\\/patagoniambiental.com.ar\\\/info\\\/monte-hermoso-los-chicos-convierten-un-baldio-en-una-plaza\\\/\"},\"author\":{\"name\":\"Patagonia Ambiental\",\"@id\":\"https:\\\/\\\/patagoniambiental.com.ar\\\/info\\\/#\\\/schema\\\/person\\\/db12bff64bbcbf6a253710bf0ea37b5d\"},\"headline\":\"Monte Hermoso: los chicos convierten un bald\u00edo en una plaza\",\"datePublished\":\"2018-06-18T12:00:49+00:00\",\"dateModified\":\"2024-05-26T16:37:48+00:00\",\"mainEntityOfPage\":{\"@id\":\"https:\\\/\\\/patagoniambiental.com.ar\\\/info\\\/monte-hermoso-los-chicos-convierten-un-baldio-en-una-plaza\\\/\"},\"wordCount\":653,\"commentCount\":0,\"publisher\":{\"@id\":\"https:\\\/\\\/patagoniambiental.com.ar\\\/info\\\/#organization\"},\"image\":{\"@id\":\"https:\\\/\\\/patagoniambiental.com.ar\\\/info\\\/monte-hermoso-los-chicos-convierten-un-baldio-en-una-plaza\\\/#primaryimage\"},\"thumbnailUrl\":\"https:\\\/\\\/patagoniambiental.com.ar\\\/info\\\/wp-content\\\/uploads\\\/2018\\\/06\\\/chicos-con-plaza.jpg\",\"articleSection\":[\"Municipios\",\"Noticias\"],\"inLanguage\":\"es\",\"potentialAction\":[{\"@type\":\"CommentAction\",\"name\":\"Comment\",\"target\":[\"https:\\\/\\\/patagoniambiental.com.ar\\\/info\\\/monte-hermoso-los-chicos-convierten-un-baldio-en-una-plaza\\\/#respond\"]}]},{\"@type\":\"WebPage\",\"@id\":\"https:\\\/\\\/patagoniambiental.com.ar\\\/info\\\/monte-hermoso-los-chicos-convierten-un-baldio-en-una-plaza\\\/\",\"url\":\"https:\\\/\\\/patagoniambiental.com.ar\\\/info\\\/monte-hermoso-los-chicos-convierten-un-baldio-en-una-plaza\\\/\",\"name\":\"Monte Hermoso: los chicos convierten un bald\u00edo en una plaza\",\"isPartOf\":{\"@id\":\"https:\\\/\\\/patagoniambiental.com.ar\\\/info\\\/#website\"},\"primaryImageOfPage\":{\"@id\":\"https:\\\/\\\/patagoniambiental.com.ar\\\/info\\\/monte-hermoso-los-chicos-convierten-un-baldio-en-una-plaza\\\/#primaryimage\"},\"image\":{\"@id\":\"https:\\\/\\\/patagoniambiental.com.ar\\\/info\\\/monte-hermoso-los-chicos-convierten-un-baldio-en-una-plaza\\\/#primaryimage\"},\"thumbnailUrl\":\"https:\\\/\\\/patagoniambiental.com.ar\\\/info\\\/wp-content\\\/uploads\\\/2018\\\/06\\\/chicos-con-plaza.jpg\",\"datePublished\":\"2018-06-18T12:00:49+00:00\",\"dateModified\":\"2024-05-26T16:37:48+00:00\",\"breadcrumb\":{\"@id\":\"https:\\\/\\\/patagoniambiental.com.ar\\\/info\\\/monte-hermoso-los-chicos-convierten-un-baldio-en-una-plaza\\\/#breadcrumb\"},\"inLanguage\":\"es\",\"potentialAction\":[{\"@type\":\"ReadAction\",\"target\":[\"https:\\\/\\\/patagoniambiental.com.ar\\\/info\\\/monte-hermoso-los-chicos-convierten-un-baldio-en-una-plaza\\\/\"]}]},{\"@type\":\"ImageObject\",\"inLanguage\":\"es\",\"@id\":\"https:\\\/\\\/patagoniambiental.com.ar\\\/info\\\/monte-hermoso-los-chicos-convierten-un-baldio-en-una-plaza\\\/#primaryimage\",\"url\":\"https:\\\/\\\/patagoniambiental.com.ar\\\/info\\\/wp-content\\\/uploads\\\/2018\\\/06\\\/chicos-con-plaza.jpg\",\"contentUrl\":\"https:\\\/\\\/patagoniambiental.com.ar\\\/info\\\/wp-content\\\/uploads\\\/2018\\\/06\\\/chicos-con-plaza.jpg\",\"width\":790,\"height\":482},{\"@type\":\"BreadcrumbList\",\"@id\":\"https:\\\/\\\/patagoniambiental.com.ar\\\/info\\\/monte-hermoso-los-chicos-convierten-un-baldio-en-una-plaza\\\/#breadcrumb\",\"itemListElement\":[{\"@type\":\"ListItem\",\"position\":1,\"name\":\"Inicio\",\"item\":\"https:\\\/\\\/patagoniambiental.com.ar\\\/info\\\/\"},{\"@type\":\"ListItem\",\"position\":2,\"name\":\"Monte Hermoso: los chicos convierten un bald\u00edo en una plaza\"}]},{\"@type\":\"WebSite\",\"@id\":\"https:\\\/\\\/patagoniambiental.com.ar\\\/info\\\/#website\",\"url\":\"https:\\\/\\\/patagoniambiental.com.ar\\\/info\\\/\",\"name\":\"Patagonia Ambiental\",\"description\":\"Monitoreo y an\u00e1lisis de la situaci\u00f3n geopol\u00edtica en el mundo y su implicancia en la Patagonia\",\"publisher\":{\"@id\":\"https:\\\/\\\/patagoniambiental.com.ar\\\/info\\\/#organization\"},\"potentialAction\":[{\"@type\":\"SearchAction\",\"target\":{\"@type\":\"EntryPoint\",\"urlTemplate\":\"https:\\\/\\\/patagoniambiental.com.ar\\\/info\\\/?s={search_term_string}\"},\"query-input\":{\"@type\":\"PropertyValueSpecification\",\"valueRequired\":true,\"valueName\":\"search_term_string\"}}],\"inLanguage\":\"es\"},{\"@type\":\"Organization\",\"@id\":\"https:\\\/\\\/patagoniambiental.com.ar\\\/info\\\/#organization\",\"name\":\"Patagonia Ambiental\",\"url\":\"https:\\\/\\\/patagoniambiental.com.ar\\\/info\\\/\",\"logo\":{\"@type\":\"ImageObject\",\"inLanguage\":\"es\",\"@id\":\"https:\\\/\\\/patagoniambiental.com.ar\\\/info\\\/#\\\/schema\\\/logo\\\/image\\\/\",\"url\":\"https:\\\/\\\/patagoniambiental.com.ar\\\/info\\\/wp-content\\\/uploads\\\/2025\\\/05\\\/LOGO-PATAGONIA-AMBIENTAL.png\",\"contentUrl\":\"https:\\\/\\\/patagoniambiental.com.ar\\\/info\\\/wp-content\\\/uploads\\\/2025\\\/05\\\/LOGO-PATAGONIA-AMBIENTAL.png\",\"width\":433,\"height\":250,\"caption\":\"Patagonia Ambiental\"},\"image\":{\"@id\":\"https:\\\/\\\/patagoniambiental.com.ar\\\/info\\\/#\\\/schema\\\/logo\\\/image\\\/\"},\"sameAs\":[\"https:\\\/\\\/www.facebook.com\\\/patagonia.ambiental\",\"https:\\\/\\\/x.com\\\/PatAmb\"]},{\"@type\":\"Person\",\"@id\":\"https:\\\/\\\/patagoniambiental.com.ar\\\/info\\\/#\\\/schema\\\/person\\\/db12bff64bbcbf6a253710bf0ea37b5d\",\"name\":\"Patagonia Ambiental\",\"description\":\"Andr\u00e9s Nievas T\u00e9cnico en manejo ambiental, consultor Ambiental y escritor para medios locales e internacionales sobre temas de geopolitica y medio ambiente.\",\"sameAs\":[\"http:\\\/\\\/www.patagoniambiental.com.ar\",\"https:\\\/\\\/www.facebook.com\\\/share\\\/1C1V8Gv9BX\\\/?mibextid=qi2Omg\",\"@patagoniambiental\",\"https:\\\/\\\/youtube.com\\\/@patagoniaambiental2023?si=BLt58t0wuXquxlYZ\"]}]}<\/script>\n<!-- \/ Yoast SEO Premium plugin. -->","yoast_head_json":{"title":"Monte Hermoso: los chicos convierten un bald\u00edo en una plaza","robots":{"index":"index","follow":"follow","max-snippet":"max-snippet:-1","max-image-preview":"max-image-preview:large","max-video-preview":"max-video-preview:-1"},"canonical":"https:\/\/patagoniambiental.com.ar\/info\/monte-hermoso-los-chicos-convierten-un-baldio-en-una-plaza\/","og_locale":"es_ES","og_type":"article","og_title":"Monte Hermoso: los chicos convierten un bald\u00edo en una plaza","og_description":"Con el fin de mejorar los espacios p\u00fablicos, alumnos de 4\u00ba y 5\u00ba a\u00f1o de la modalidad Maestro Mayor de [&hellip;]","og_url":"https:\/\/patagoniambiental.com.ar\/info\/monte-hermoso-los-chicos-convierten-un-baldio-en-una-plaza\/","og_site_name":"Patagonia Ambiental","article_publisher":"https:\/\/www.facebook.com\/patagonia.ambiental","article_author":"https:\/\/www.facebook.com\/share\/1C1V8Gv9BX\/?mibextid=qi2Omg","article_published_time":"2018-06-18T12:00:49+00:00","article_modified_time":"2024-05-26T16:37:48+00:00","og_image":[{"width":790,"height":482,"url":"https:\/\/patagoniambiental.com.ar\/info\/wp-content\/uploads\/2018\/06\/chicos-con-plaza.jpg","type":"image\/jpeg"}],"author":"Patagonia Ambiental","twitter_card":"summary_large_image","twitter_creator":"@PatAmb","twitter_site":"@PatAmb","schema":{"@context":"https:\/\/schema.org","@graph":[{"@type":"Article","@id":"https:\/\/patagoniambiental.com.ar\/info\/monte-hermoso-los-chicos-convierten-un-baldio-en-una-plaza\/#article","isPartOf":{"@id":"https:\/\/patagoniambiental.com.ar\/info\/monte-hermoso-los-chicos-convierten-un-baldio-en-una-plaza\/"},"author":{"name":"Patagonia Ambiental","@id":"https:\/\/patagoniambiental.com.ar\/info\/#\/schema\/person\/db12bff64bbcbf6a253710bf0ea37b5d"},"headline":"Monte Hermoso: los chicos convierten un bald\u00edo en una plaza","datePublished":"2018-06-18T12:00:49+00:00","dateModified":"2024-05-26T16:37:48+00:00","mainEntityOfPage":{"@id":"https:\/\/patagoniambiental.com.ar\/info\/monte-hermoso-los-chicos-convierten-un-baldio-en-una-plaza\/"},"wordCount":653,"commentCount":0,"publisher":{"@id":"https:\/\/patagoniambiental.com.ar\/info\/#organization"},"image":{"@id":"https:\/\/patagoniambiental.com.ar\/info\/monte-hermoso-los-chicos-convierten-un-baldio-en-una-plaza\/#primaryimage"},"thumbnailUrl":"https:\/\/patagoniambiental.com.ar\/info\/wp-content\/uploads\/2018\/06\/chicos-con-plaza.jpg","articleSection":["Municipios","Noticias"],"inLanguage":"es","potentialAction":[{"@type":"CommentAction","name":"Comment","target":["https:\/\/patagoniambiental.com.ar\/info\/monte-hermoso-los-chicos-convierten-un-baldio-en-una-plaza\/#respond"]}]},{"@type":"WebPage","@id":"https:\/\/patagoniambiental.com.ar\/info\/monte-hermoso-los-chicos-convierten-un-baldio-en-una-plaza\/","url":"https:\/\/patagoniambiental.com.ar\/info\/monte-hermoso-los-chicos-convierten-un-baldio-en-una-plaza\/","name":"Monte Hermoso: los chicos convierten un bald\u00edo en una plaza","isPartOf":{"@id":"https:\/\/patagoniambiental.com.ar\/info\/#website"},"primaryImageOfPage":{"@id":"https:\/\/patagoniambiental.com.ar\/info\/monte-hermoso-los-chicos-convierten-un-baldio-en-una-plaza\/#primaryimage"},"image":{"@id":"https:\/\/patagoniambiental.com.ar\/info\/monte-hermoso-los-chicos-convierten-un-baldio-en-una-plaza\/#primaryimage"},"thumbnailUrl":"https:\/\/patagoniambiental.com.ar\/info\/wp-content\/uploads\/2018\/06\/chicos-con-plaza.jpg","datePublished":"2018-06-18T12:00:49+00:00","dateModified":"2024-05-26T16:37:48+00:00","breadcrumb":{"@id":"https:\/\/patagoniambiental.com.ar\/info\/monte-hermoso-los-chicos-convierten-un-baldio-en-una-plaza\/#breadcrumb"},"inLanguage":"es","potentialAction":[{"@type":"ReadAction","target":["https:\/\/patagoniambiental.com.ar\/info\/monte-hermoso-los-chicos-convierten-un-baldio-en-una-plaza\/"]}]},{"@type":"ImageObject","inLanguage":"es","@id":"https:\/\/patagoniambiental.com.ar\/info\/monte-hermoso-los-chicos-convierten-un-baldio-en-una-plaza\/#primaryimage","url":"https:\/\/patagoniambiental.com.ar\/info\/wp-content\/uploads\/2018\/06\/chicos-con-plaza.jpg","contentUrl":"https:\/\/patagoniambiental.com.ar\/info\/wp-content\/uploads\/2018\/06\/chicos-con-plaza.jpg","width":790,"height":482},{"@type":"BreadcrumbList","@id":"https:\/\/patagoniambiental.com.ar\/info\/monte-hermoso-los-chicos-convierten-un-baldio-en-una-plaza\/#breadcrumb","itemListElement":[{"@type":"ListItem","position":1,"name":"Inicio","item":"https:\/\/patagoniambiental.com.ar\/info\/"},{"@type":"ListItem","position":2,"name":"Monte Hermoso: los chicos convierten un bald\u00edo en una plaza"}]},{"@type":"WebSite","@id":"https:\/\/patagoniambiental.com.ar\/info\/#website","url":"https:\/\/patagoniambiental.com.ar\/info\/","name":"Patagonia Ambiental","description":"Monitoreo y an\u00e1lisis de la situaci\u00f3n geopol\u00edtica en el mundo y su implicancia en la Patagonia","publisher":{"@id":"https:\/\/patagoniambiental.com.ar\/info\/#organization"},"potentialAction":[{"@type":"SearchAction","target":{"@type":"EntryPoint","urlTemplate":"https:\/\/patagoniambiental.com.ar\/info\/?s={search_term_string}"},"query-input":{"@type":"PropertyValueSpecification","valueRequired":true,"valueName":"search_term_string"}}],"inLanguage":"es"},{"@type":"Organization","@id":"https:\/\/patagoniambiental.com.ar\/info\/#organization","name":"Patagonia Ambiental","url":"https:\/\/patagoniambiental.com.ar\/info\/","logo":{"@type":"ImageObject","inLanguage":"es","@id":"https:\/\/patagoniambiental.com.ar\/info\/#\/schema\/logo\/image\/","url":"https:\/\/patagoniambiental.com.ar\/info\/wp-content\/uploads\/2025\/05\/LOGO-PATAGONIA-AMBIENTAL.png","contentUrl":"https:\/\/patagoniambiental.com.ar\/info\/wp-content\/uploads\/2025\/05\/LOGO-PATAGONIA-AMBIENTAL.png","width":433,"height":250,"caption":"Patagonia Ambiental"},"image":{"@id":"https:\/\/patagoniambiental.com.ar\/info\/#\/schema\/logo\/image\/"},"sameAs":["https:\/\/www.facebook.com\/patagonia.ambiental","https:\/\/x.com\/PatAmb"]},{"@type":"Person","@id":"https:\/\/patagoniambiental.com.ar\/info\/#\/schema\/person\/db12bff64bbcbf6a253710bf0ea37b5d","name":"Patagonia Ambiental","description":"Andr\u00e9s Nievas T\u00e9cnico en manejo ambiental, consultor Ambiental y escritor para medios locales e internacionales sobre temas de geopolitica y medio ambiente.","sameAs":["http:\/\/www.patagoniambiental.com.ar","https:\/\/www.facebook.com\/share\/1C1V8Gv9BX\/?mibextid=qi2Omg","@patagoniambiental","https:\/\/youtube.com\/@patagoniaambiental2023?si=BLt58t0wuXquxlYZ"]}]}},"_links":{"self":[{"href":"https:\/\/patagoniambiental.com.ar\/info\/wp-json\/wp\/v2\/posts\/48413","targetHints":{"allow":["GET"]}}],"collection":[{"href":"https:\/\/patagoniambiental.com.ar\/info\/wp-json\/wp\/v2\/posts"}],"about":[{"href":"https:\/\/patagoniambiental.com.ar\/info\/wp-json\/wp\/v2\/types\/post"}],"author":[{"embeddable":true,"href":"https:\/\/patagoniambiental.com.ar\/info\/wp-json\/wp\/v2\/users\/2"}],"replies":[{"embeddable":true,"href":"https:\/\/patagoniambiental.com.ar\/info\/wp-json\/wp\/v2\/comments?post=48413"}],"version-history":[{"count":0,"href":"https:\/\/patagoniambiental.com.ar\/info\/wp-json\/wp\/v2\/posts\/48413\/revisions"}],"wp:featuredmedia":[{"embeddable":true,"href":"https:\/\/patagoniambiental.com.ar\/info\/wp-json\/wp\/v2\/media\/48414"}],"wp:attachment":[{"href":"https:\/\/patagoniambiental.com.ar\/info\/wp-json\/wp\/v2\/media?parent=48413"}],"wp:term":[{"taxonomy":"category","embeddable":true,"href":"https:\/\/patagoniambiental.com.ar\/info\/wp-json\/wp\/v2\/categories?post=48413"},{"taxonomy":"post_tag","embeddable":true,"href":"https:\/\/patagoniambiental.com.ar\/info\/wp-json\/wp\/v2\/tags?post=48413"}],"curies":[{"name":"wp","href":"https:\/\/api.w.org\/{rel}","templated":true}]}}