{"id":48422,"date":"2018-06-18T09:00:14","date_gmt":"2018-06-18T12:00:14","guid":{"rendered":"http:\/\/patagoniambiental.com.ar\/info\/?p=48422"},"modified":"2024-05-26T13:37:41","modified_gmt":"2024-05-26T16:37:41","slug":"finalizo-la-primera-campana-gratuita-de-desparasitacion-para-mascotas-en-trelew","status":"publish","type":"post","link":"https:\/\/patagoniambiental.com.ar\/info\/finalizo-la-primera-campana-gratuita-de-desparasitacion-para-mascotas-en-trelew\/","title":{"rendered":"Finaliz\u00f3 la primera campa\u00f1a gratuita de desparasitaci\u00f3n para mascotas en Trelew"},"content":{"rendered":"<div>\n<div id=\"notapage_texto\" class=\"notapage_cuerpo\">\n<p>El \u00e1rea de Zoonosis de la Municipalidad de Trelew concluy\u00f3 la primera campa\u00f1a del a\u00f1o con 2700 mascotas desparasitadas. De este dato se desprende adem\u00e1s que se aplicaron 1100 vacunas contra la rabia. Son los n\u00fameros arrojados por la campa\u00f1a gratuita de oto\u00f1o que realiz\u00f3 un equipo de veterinarios, dirigidos por la responsable del \u00e1rea Verena Dietz, en 33 sectores. El desarrollo de la campa\u00f1a fue normal, salvo las dos \u00faltimas fechas que fueron trasladadas por razones clim\u00e1ticas.<\/p>\n<p><b>Calendario al d\u00eda<\/b><\/p>\n<p>La funcionaria municipal recalc\u00f3 que\u00a0\u201clo importante es que notamos que se est\u00e1 manteniendo una regularidad. Todos los a\u00f1os los vecinos nos acercan a sus mascotas. Hacemos esta la lectura gracias a los registros que llevamos de cada uno de los sectores que recorremos\u201d.<\/p>\n<p>Dietz remarc\u00f3 que es necesario que los responsables de perros y gatos tengan el calendario de desparasitaciones al d\u00eda porque \u201ces contagioso sobre todo para los ni\u00f1os. Por eso, trabajamos con estas campa\u00f1as gratuitas\u201d.<\/p>\n<p><b>Charlas en las escuelas<\/b><\/p>\n<p>Los profesionales llegaron a diferentes sectores de Trelew \u201cincluidas 4 escuelas ubicadas en zona de chacras, all\u00ed permanecimos con el quir\u00f3fano m\u00f3vil, realizando tambi\u00e9n castraciones\u201d.<\/p>\n<p>Esta tarea fue complementada con charlas educativas en los establecimientos escolares \u201cdictamos en la Escuela N<sup>o<\/sup>\u00a066, cuando se normalicen las medidas de paro que est\u00e1n llevando adelante los docentes, retomaremos\u201d.<\/p>\n<\/div>\n<p>Fuente:\u00a0http:\/\/www.elchubut.com.ar\/nota\/2018-6-17-15-44-0-finalizo-la-primera-campana-gratuita-de-desparasitacion-para-mascota-en-trelew<\/p>\n<\/div>\n","protected":false},"excerpt":{"rendered":"<p>El \u00e1rea de Zoonosis de la Municipalidad de Trelew concluy\u00f3 la primera campa\u00f1a del a\u00f1o con 2700 mascotas desparasitadas. De [&hellip;]<\/p>\n","protected":false},"author":2,"featured_media":48423,"comment_status":"open","ping_status":"open","sticky":false,"template":"","format":"standard","meta":{"site-sidebar-layout":"default","site-content-layout":"","ast-site-content-layout":"default","site-content-style":"default","site-sidebar-style":"default","ast-global-header-display":"","ast-banner-title-visibility":"","ast-main-header-display":"","ast-hfb-above-header-display":"","ast-hfb-below-header-display":"","ast-hfb-mobile-header-display":"","site-post-title":"","ast-breadcrumbs-content":"","ast-featured-img":"","footer-sml-layout":"","ast-disable-related-posts":"","theme-transparent-header-meta":"","adv-header-id-meta":"","stick-header-meta":"","header-above-stick-meta":"","header-main-stick-meta":"","header-below-stick-meta":"","astra-migrate-meta-layouts":"default","ast-page-background-enabled":"default","ast-page-background-meta":{"desktop":{"background-color":"var(--ast-global-color-5)","background-image":"","background-repeat":"repeat","background-position":"center center","background-size":"auto","background-attachment":"scroll","background-type":"","background-media":"","overlay-type":"","overlay-color":"","overlay-opacity":"","overlay-gradient":""},"tablet":{"background-color":"","background-image":"","background-repeat":"repeat","background-position":"center center","background-size":"auto","background-attachment":"scroll","background-type":"","background-media":"","overlay-type":"","overlay-color":"","overlay-opacity":"","overlay-gradient":""},"mobile":{"background-color":"","background-image":"","background-repeat":"repeat","background-position":"center center","background-size":"auto","background-attachment":"scroll","background-type":"","background-media":"","overlay-type":"","overlay-color":"","overlay-opacity":"","overlay-gradient":""}},"ast-content-background-meta":{"desktop":{"background-color":"var(--ast-global-color-4)","background-image":"","background-repeat":"repeat","background-position":"center center","background-size":"auto","background-attachment":"scroll","background-type":"","background-media":"","overlay-type":"","overlay-color":"","overlay-opacity":"","overlay-gradient":""},"tablet":{"background-color":"var(--ast-global-color-4)","background-image":"","background-repeat":"repeat","background-position":"center center","background-size":"auto","background-attachment":"scroll","background-type":"","background-media":"","overlay-type":"","overlay-color":"","overlay-opacity":"","overlay-gradient":""},"mobile":{"background-color":"var(--ast-global-color-4)","background-image":"","background-repeat":"repeat","background-position":"center center","background-size":"auto","background-attachment":"scroll","background-type":"","background-media":"","overlay-type":"","overlay-color":"","overlay-opacity":"","overlay-gradient":""}},"footnotes":""},"categories":[46,1],"tags":[],"class_list":["post-48422","post","type-post","status-publish","format-standard","has-post-thumbnail","hentry","category-municipios","category-noticias"],"yoast_head":"<!-- This site is optimized with the Yoast SEO Premium plugin v23.0 (Yoast SEO v27.5) - https:\/\/yoast.com\/product\/yoast-seo-premium-wordpress\/ -->\n<title>Finaliz\u00f3 la primera campa\u00f1a gratuita de desparasitaci\u00f3n para mascotas en Trelew<\/title>\n<meta name=\"robots\" content=\"index, follow, max-snippet:-1, max-image-preview:large, max-video-preview:-1\" \/>\n<link rel=\"canonical\" href=\"https:\/\/patagoniambiental.com.ar\/info\/finalizo-la-primera-campana-gratuita-de-desparasitacion-para-mascotas-en-trelew\/\" \/>\n<meta property=\"og:locale\" content=\"es_ES\" \/>\n<meta property=\"og:type\" content=\"article\" \/>\n<meta property=\"og:title\" content=\"Finaliz\u00f3 la primera campa\u00f1a gratuita de desparasitaci\u00f3n para mascotas en Trelew\" \/>\n<meta property=\"og:description\" content=\"El \u00e1rea de Zoonosis de la Municipalidad de Trelew concluy\u00f3 la primera campa\u00f1a del a\u00f1o con 2700 mascotas desparasitadas. De [&hellip;]\" \/>\n<meta property=\"og:url\" content=\"https:\/\/patagoniambiental.com.ar\/info\/finalizo-la-primera-campana-gratuita-de-desparasitacion-para-mascotas-en-trelew\/\" \/>\n<meta property=\"og:site_name\" content=\"Patagonia Ambiental\" \/>\n<meta property=\"article:publisher\" content=\"https:\/\/www.facebook.com\/patagonia.ambiental\" \/>\n<meta property=\"article:author\" content=\"https:\/\/www.facebook.com\/share\/1C1V8Gv9BX\/?mibextid=qi2Omg\" \/>\n<meta property=\"article:published_time\" content=\"2018-06-18T12:00:14+00:00\" \/>\n<meta property=\"article:modified_time\" content=\"2024-05-26T16:37:41+00:00\" \/>\n<meta property=\"og:image\" content=\"https:\/\/patagoniambiental.com.ar\/info\/wp-content\/uploads\/2018\/06\/campa\u00f1a-trelew.jpg\" \/>\n\t<meta property=\"og:image:width\" content=\"1232\" \/>\n\t<meta property=\"og:image:height\" content=\"751\" \/>\n\t<meta property=\"og:image:type\" content=\"image\/jpeg\" \/>\n<meta name=\"author\" content=\"Patagonia Ambiental\" \/>\n<meta name=\"twitter:card\" content=\"summary_large_image\" \/>\n<meta name=\"twitter:creator\" content=\"@PatAmb\" \/>\n<meta name=\"twitter:site\" content=\"@PatAmb\" \/>\n<script type=\"application\/ld+json\" class=\"yoast-schema-graph\">{\"@context\":\"https:\\\/\\\/schema.org\",\"@graph\":[{\"@type\":\"Article\",\"@id\":\"https:\\\/\\\/patagoniambiental.com.ar\\\/info\\\/finalizo-la-primera-campana-gratuita-de-desparasitacion-para-mascotas-en-trelew\\\/#article\",\"isPartOf\":{\"@id\":\"https:\\\/\\\/patagoniambiental.com.ar\\\/info\\\/finalizo-la-primera-campana-gratuita-de-desparasitacion-para-mascotas-en-trelew\\\/\"},\"author\":{\"name\":\"Patagonia Ambiental\",\"@id\":\"https:\\\/\\\/patagoniambiental.com.ar\\\/info\\\/#\\\/schema\\\/person\\\/db12bff64bbcbf6a253710bf0ea37b5d\"},\"headline\":\"Finaliz\u00f3 la primera campa\u00f1a gratuita de desparasitaci\u00f3n para mascotas en Trelew\",\"datePublished\":\"2018-06-18T12:00:14+00:00\",\"dateModified\":\"2024-05-26T16:37:41+00:00\",\"mainEntityOfPage\":{\"@id\":\"https:\\\/\\\/patagoniambiental.com.ar\\\/info\\\/finalizo-la-primera-campana-gratuita-de-desparasitacion-para-mascotas-en-trelew\\\/\"},\"wordCount\":257,\"commentCount\":0,\"publisher\":{\"@id\":\"https:\\\/\\\/patagoniambiental.com.ar\\\/info\\\/#organization\"},\"image\":{\"@id\":\"https:\\\/\\\/patagoniambiental.com.ar\\\/info\\\/finalizo-la-primera-campana-gratuita-de-desparasitacion-para-mascotas-en-trelew\\\/#primaryimage\"},\"thumbnailUrl\":\"https:\\\/\\\/patagoniambiental.com.ar\\\/info\\\/wp-content\\\/uploads\\\/2018\\\/06\\\/campa\u00f1a-trelew.jpg\",\"articleSection\":[\"Municipios\",\"Noticias\"],\"inLanguage\":\"es\",\"potentialAction\":[{\"@type\":\"CommentAction\",\"name\":\"Comment\",\"target\":[\"https:\\\/\\\/patagoniambiental.com.ar\\\/info\\\/finalizo-la-primera-campana-gratuita-de-desparasitacion-para-mascotas-en-trelew\\\/#respond\"]}]},{\"@type\":\"WebPage\",\"@id\":\"https:\\\/\\\/patagoniambiental.com.ar\\\/info\\\/finalizo-la-primera-campana-gratuita-de-desparasitacion-para-mascotas-en-trelew\\\/\",\"url\":\"https:\\\/\\\/patagoniambiental.com.ar\\\/info\\\/finalizo-la-primera-campana-gratuita-de-desparasitacion-para-mascotas-en-trelew\\\/\",\"name\":\"Finaliz\u00f3 la primera campa\u00f1a gratuita de desparasitaci\u00f3n para mascotas en Trelew\",\"isPartOf\":{\"@id\":\"https:\\\/\\\/patagoniambiental.com.ar\\\/info\\\/#website\"},\"primaryImageOfPage\":{\"@id\":\"https:\\\/\\\/patagoniambiental.com.ar\\\/info\\\/finalizo-la-primera-campana-gratuita-de-desparasitacion-para-mascotas-en-trelew\\\/#primaryimage\"},\"image\":{\"@id\":\"https:\\\/\\\/patagoniambiental.com.ar\\\/info\\\/finalizo-la-primera-campana-gratuita-de-desparasitacion-para-mascotas-en-trelew\\\/#primaryimage\"},\"thumbnailUrl\":\"https:\\\/\\\/patagoniambiental.com.ar\\\/info\\\/wp-content\\\/uploads\\\/2018\\\/06\\\/campa\u00f1a-trelew.jpg\",\"datePublished\":\"2018-06-18T12:00:14+00:00\",\"dateModified\":\"2024-05-26T16:37:41+00:00\",\"breadcrumb\":{\"@id\":\"https:\\\/\\\/patagoniambiental.com.ar\\\/info\\\/finalizo-la-primera-campana-gratuita-de-desparasitacion-para-mascotas-en-trelew\\\/#breadcrumb\"},\"inLanguage\":\"es\",\"potentialAction\":[{\"@type\":\"ReadAction\",\"target\":[\"https:\\\/\\\/patagoniambiental.com.ar\\\/info\\\/finalizo-la-primera-campana-gratuita-de-desparasitacion-para-mascotas-en-trelew\\\/\"]}]},{\"@type\":\"ImageObject\",\"inLanguage\":\"es\",\"@id\":\"https:\\\/\\\/patagoniambiental.com.ar\\\/info\\\/finalizo-la-primera-campana-gratuita-de-desparasitacion-para-mascotas-en-trelew\\\/#primaryimage\",\"url\":\"https:\\\/\\\/patagoniambiental.com.ar\\\/info\\\/wp-content\\\/uploads\\\/2018\\\/06\\\/campa\u00f1a-trelew.jpg\",\"contentUrl\":\"https:\\\/\\\/patagoniambiental.com.ar\\\/info\\\/wp-content\\\/uploads\\\/2018\\\/06\\\/campa\u00f1a-trelew.jpg\",\"width\":1232,\"height\":751},{\"@type\":\"BreadcrumbList\",\"@id\":\"https:\\\/\\\/patagoniambiental.com.ar\\\/info\\\/finalizo-la-primera-campana-gratuita-de-desparasitacion-para-mascotas-en-trelew\\\/#breadcrumb\",\"itemListElement\":[{\"@type\":\"ListItem\",\"position\":1,\"name\":\"Inicio\",\"item\":\"https:\\\/\\\/patagoniambiental.com.ar\\\/info\\\/\"},{\"@type\":\"ListItem\",\"position\":2,\"name\":\"Finaliz\u00f3 la primera campa\u00f1a gratuita de desparasitaci\u00f3n para mascotas en Trelew\"}]},{\"@type\":\"WebSite\",\"@id\":\"https:\\\/\\\/patagoniambiental.com.ar\\\/info\\\/#website\",\"url\":\"https:\\\/\\\/patagoniambiental.com.ar\\\/info\\\/\",\"name\":\"Patagonia Ambiental\",\"description\":\"Monitoreo y an\u00e1lisis de la situaci\u00f3n geopol\u00edtica en el mundo y su implicancia en la Patagonia\",\"publisher\":{\"@id\":\"https:\\\/\\\/patagoniambiental.com.ar\\\/info\\\/#organization\"},\"potentialAction\":[{\"@type\":\"SearchAction\",\"target\":{\"@type\":\"EntryPoint\",\"urlTemplate\":\"https:\\\/\\\/patagoniambiental.com.ar\\\/info\\\/?s={search_term_string}\"},\"query-input\":{\"@type\":\"PropertyValueSpecification\",\"valueRequired\":true,\"valueName\":\"search_term_string\"}}],\"inLanguage\":\"es\"},{\"@type\":\"Organization\",\"@id\":\"https:\\\/\\\/patagoniambiental.com.ar\\\/info\\\/#organization\",\"name\":\"Patagonia Ambiental\",\"url\":\"https:\\\/\\\/patagoniambiental.com.ar\\\/info\\\/\",\"logo\":{\"@type\":\"ImageObject\",\"inLanguage\":\"es\",\"@id\":\"https:\\\/\\\/patagoniambiental.com.ar\\\/info\\\/#\\\/schema\\\/logo\\\/image\\\/\",\"url\":\"https:\\\/\\\/patagoniambiental.com.ar\\\/info\\\/wp-content\\\/uploads\\\/2025\\\/05\\\/LOGO-PATAGONIA-AMBIENTAL.png\",\"contentUrl\":\"https:\\\/\\\/patagoniambiental.com.ar\\\/info\\\/wp-content\\\/uploads\\\/2025\\\/05\\\/LOGO-PATAGONIA-AMBIENTAL.png\",\"width\":433,\"height\":250,\"caption\":\"Patagonia Ambiental\"},\"image\":{\"@id\":\"https:\\\/\\\/patagoniambiental.com.ar\\\/info\\\/#\\\/schema\\\/logo\\\/image\\\/\"},\"sameAs\":[\"https:\\\/\\\/www.facebook.com\\\/patagonia.ambiental\",\"https:\\\/\\\/x.com\\\/PatAmb\"]},{\"@type\":\"Person\",\"@id\":\"https:\\\/\\\/patagoniambiental.com.ar\\\/info\\\/#\\\/schema\\\/person\\\/db12bff64bbcbf6a253710bf0ea37b5d\",\"name\":\"Patagonia Ambiental\",\"description\":\"Andr\u00e9s Nievas T\u00e9cnico en manejo ambiental, consultor Ambiental y escritor para medios locales e internacionales sobre temas de geopolitica y medio ambiente.\",\"sameAs\":[\"http:\\\/\\\/www.patagoniambiental.com.ar\",\"https:\\\/\\\/www.facebook.com\\\/share\\\/1C1V8Gv9BX\\\/?mibextid=qi2Omg\",\"@patagoniambiental\",\"https:\\\/\\\/youtube.com\\\/@patagoniaambiental2023?si=BLt58t0wuXquxlYZ\"]}]}<\/script>\n<!-- \/ Yoast SEO Premium plugin. -->","yoast_head_json":{"title":"Finaliz\u00f3 la primera campa\u00f1a gratuita de desparasitaci\u00f3n para mascotas en Trelew","robots":{"index":"index","follow":"follow","max-snippet":"max-snippet:-1","max-image-preview":"max-image-preview:large","max-video-preview":"max-video-preview:-1"},"canonical":"https:\/\/patagoniambiental.com.ar\/info\/finalizo-la-primera-campana-gratuita-de-desparasitacion-para-mascotas-en-trelew\/","og_locale":"es_ES","og_type":"article","og_title":"Finaliz\u00f3 la primera campa\u00f1a gratuita de desparasitaci\u00f3n para mascotas en Trelew","og_description":"El \u00e1rea de Zoonosis de la Municipalidad de Trelew concluy\u00f3 la primera campa\u00f1a del a\u00f1o con 2700 mascotas desparasitadas. De [&hellip;]","og_url":"https:\/\/patagoniambiental.com.ar\/info\/finalizo-la-primera-campana-gratuita-de-desparasitacion-para-mascotas-en-trelew\/","og_site_name":"Patagonia Ambiental","article_publisher":"https:\/\/www.facebook.com\/patagonia.ambiental","article_author":"https:\/\/www.facebook.com\/share\/1C1V8Gv9BX\/?mibextid=qi2Omg","article_published_time":"2018-06-18T12:00:14+00:00","article_modified_time":"2024-05-26T16:37:41+00:00","og_image":[{"width":1232,"height":751,"url":"https:\/\/patagoniambiental.com.ar\/info\/wp-content\/uploads\/2018\/06\/campa\u00f1a-trelew.jpg","type":"image\/jpeg"}],"author":"Patagonia Ambiental","twitter_card":"summary_large_image","twitter_creator":"@PatAmb","twitter_site":"@PatAmb","schema":{"@context":"https:\/\/schema.org","@graph":[{"@type":"Article","@id":"https:\/\/patagoniambiental.com.ar\/info\/finalizo-la-primera-campana-gratuita-de-desparasitacion-para-mascotas-en-trelew\/#article","isPartOf":{"@id":"https:\/\/patagoniambiental.com.ar\/info\/finalizo-la-primera-campana-gratuita-de-desparasitacion-para-mascotas-en-trelew\/"},"author":{"name":"Patagonia Ambiental","@id":"https:\/\/patagoniambiental.com.ar\/info\/#\/schema\/person\/db12bff64bbcbf6a253710bf0ea37b5d"},"headline":"Finaliz\u00f3 la primera campa\u00f1a gratuita de desparasitaci\u00f3n para mascotas en Trelew","datePublished":"2018-06-18T12:00:14+00:00","dateModified":"2024-05-26T16:37:41+00:00","mainEntityOfPage":{"@id":"https:\/\/patagoniambiental.com.ar\/info\/finalizo-la-primera-campana-gratuita-de-desparasitacion-para-mascotas-en-trelew\/"},"wordCount":257,"commentCount":0,"publisher":{"@id":"https:\/\/patagoniambiental.com.ar\/info\/#organization"},"image":{"@id":"https:\/\/patagoniambiental.com.ar\/info\/finalizo-la-primera-campana-gratuita-de-desparasitacion-para-mascotas-en-trelew\/#primaryimage"},"thumbnailUrl":"https:\/\/patagoniambiental.com.ar\/info\/wp-content\/uploads\/2018\/06\/campa\u00f1a-trelew.jpg","articleSection":["Municipios","Noticias"],"inLanguage":"es","potentialAction":[{"@type":"CommentAction","name":"Comment","target":["https:\/\/patagoniambiental.com.ar\/info\/finalizo-la-primera-campana-gratuita-de-desparasitacion-para-mascotas-en-trelew\/#respond"]}]},{"@type":"WebPage","@id":"https:\/\/patagoniambiental.com.ar\/info\/finalizo-la-primera-campana-gratuita-de-desparasitacion-para-mascotas-en-trelew\/","url":"https:\/\/patagoniambiental.com.ar\/info\/finalizo-la-primera-campana-gratuita-de-desparasitacion-para-mascotas-en-trelew\/","name":"Finaliz\u00f3 la primera campa\u00f1a gratuita de desparasitaci\u00f3n para mascotas en Trelew","isPartOf":{"@id":"https:\/\/patagoniambiental.com.ar\/info\/#website"},"primaryImageOfPage":{"@id":"https:\/\/patagoniambiental.com.ar\/info\/finalizo-la-primera-campana-gratuita-de-desparasitacion-para-mascotas-en-trelew\/#primaryimage"},"image":{"@id":"https:\/\/patagoniambiental.com.ar\/info\/finalizo-la-primera-campana-gratuita-de-desparasitacion-para-mascotas-en-trelew\/#primaryimage"},"thumbnailUrl":"https:\/\/patagoniambiental.com.ar\/info\/wp-content\/uploads\/2018\/06\/campa\u00f1a-trelew.jpg","datePublished":"2018-06-18T12:00:14+00:00","dateModified":"2024-05-26T16:37:41+00:00","breadcrumb":{"@id":"https:\/\/patagoniambiental.com.ar\/info\/finalizo-la-primera-campana-gratuita-de-desparasitacion-para-mascotas-en-trelew\/#breadcrumb"},"inLanguage":"es","potentialAction":[{"@type":"ReadAction","target":["https:\/\/patagoniambiental.com.ar\/info\/finalizo-la-primera-campana-gratuita-de-desparasitacion-para-mascotas-en-trelew\/"]}]},{"@type":"ImageObject","inLanguage":"es","@id":"https:\/\/patagoniambiental.com.ar\/info\/finalizo-la-primera-campana-gratuita-de-desparasitacion-para-mascotas-en-trelew\/#primaryimage","url":"https:\/\/patagoniambiental.com.ar\/info\/wp-content\/uploads\/2018\/06\/campa\u00f1a-trelew.jpg","contentUrl":"https:\/\/patagoniambiental.com.ar\/info\/wp-content\/uploads\/2018\/06\/campa\u00f1a-trelew.jpg","width":1232,"height":751},{"@type":"BreadcrumbList","@id":"https:\/\/patagoniambiental.com.ar\/info\/finalizo-la-primera-campana-gratuita-de-desparasitacion-para-mascotas-en-trelew\/#breadcrumb","itemListElement":[{"@type":"ListItem","position":1,"name":"Inicio","item":"https:\/\/patagoniambiental.com.ar\/info\/"},{"@type":"ListItem","position":2,"name":"Finaliz\u00f3 la primera campa\u00f1a gratuita de desparasitaci\u00f3n para mascotas en Trelew"}]},{"@type":"WebSite","@id":"https:\/\/patagoniambiental.com.ar\/info\/#website","url":"https:\/\/patagoniambiental.com.ar\/info\/","name":"Patagonia Ambiental","description":"Monitoreo y an\u00e1lisis de la situaci\u00f3n geopol\u00edtica en el mundo y su implicancia en la Patagonia","publisher":{"@id":"https:\/\/patagoniambiental.com.ar\/info\/#organization"},"potentialAction":[{"@type":"SearchAction","target":{"@type":"EntryPoint","urlTemplate":"https:\/\/patagoniambiental.com.ar\/info\/?s={search_term_string}"},"query-input":{"@type":"PropertyValueSpecification","valueRequired":true,"valueName":"search_term_string"}}],"inLanguage":"es"},{"@type":"Organization","@id":"https:\/\/patagoniambiental.com.ar\/info\/#organization","name":"Patagonia Ambiental","url":"https:\/\/patagoniambiental.com.ar\/info\/","logo":{"@type":"ImageObject","inLanguage":"es","@id":"https:\/\/patagoniambiental.com.ar\/info\/#\/schema\/logo\/image\/","url":"https:\/\/patagoniambiental.com.ar\/info\/wp-content\/uploads\/2025\/05\/LOGO-PATAGONIA-AMBIENTAL.png","contentUrl":"https:\/\/patagoniambiental.com.ar\/info\/wp-content\/uploads\/2025\/05\/LOGO-PATAGONIA-AMBIENTAL.png","width":433,"height":250,"caption":"Patagonia Ambiental"},"image":{"@id":"https:\/\/patagoniambiental.com.ar\/info\/#\/schema\/logo\/image\/"},"sameAs":["https:\/\/www.facebook.com\/patagonia.ambiental","https:\/\/x.com\/PatAmb"]},{"@type":"Person","@id":"https:\/\/patagoniambiental.com.ar\/info\/#\/schema\/person\/db12bff64bbcbf6a253710bf0ea37b5d","name":"Patagonia Ambiental","description":"Andr\u00e9s Nievas T\u00e9cnico en manejo ambiental, consultor Ambiental y escritor para medios locales e internacionales sobre temas de geopolitica y medio ambiente.","sameAs":["http:\/\/www.patagoniambiental.com.ar","https:\/\/www.facebook.com\/share\/1C1V8Gv9BX\/?mibextid=qi2Omg","@patagoniambiental","https:\/\/youtube.com\/@patagoniaambiental2023?si=BLt58t0wuXquxlYZ"]}]}},"_links":{"self":[{"href":"https:\/\/patagoniambiental.com.ar\/info\/wp-json\/wp\/v2\/posts\/48422","targetHints":{"allow":["GET"]}}],"collection":[{"href":"https:\/\/patagoniambiental.com.ar\/info\/wp-json\/wp\/v2\/posts"}],"about":[{"href":"https:\/\/patagoniambiental.com.ar\/info\/wp-json\/wp\/v2\/types\/post"}],"author":[{"embeddable":true,"href":"https:\/\/patagoniambiental.com.ar\/info\/wp-json\/wp\/v2\/users\/2"}],"replies":[{"embeddable":true,"href":"https:\/\/patagoniambiental.com.ar\/info\/wp-json\/wp\/v2\/comments?post=48422"}],"version-history":[{"count":0,"href":"https:\/\/patagoniambiental.com.ar\/info\/wp-json\/wp\/v2\/posts\/48422\/revisions"}],"wp:featuredmedia":[{"embeddable":true,"href":"https:\/\/patagoniambiental.com.ar\/info\/wp-json\/wp\/v2\/media\/48423"}],"wp:attachment":[{"href":"https:\/\/patagoniambiental.com.ar\/info\/wp-json\/wp\/v2\/media?parent=48422"}],"wp:term":[{"taxonomy":"category","embeddable":true,"href":"https:\/\/patagoniambiental.com.ar\/info\/wp-json\/wp\/v2\/categories?post=48422"},{"taxonomy":"post_tag","embeddable":true,"href":"https:\/\/patagoniambiental.com.ar\/info\/wp-json\/wp\/v2\/tags?post=48422"}],"curies":[{"name":"wp","href":"https:\/\/api.w.org\/{rel}","templated":true}]}}