{"id":48559,"date":"2018-06-21T09:00:29","date_gmt":"2018-06-21T12:00:29","guid":{"rendered":"http:\/\/patagoniambiental.com.ar\/info\/?p=48559"},"modified":"2018-06-20T18:59:43","modified_gmt":"2018-06-20T21:59:43","slug":"como-la-creciente-demanda-de-aire-acondicionado-puede-calentar-nuestro-planeta-aun-mas","status":"publish","type":"post","link":"https:\/\/patagoniambiental.com.ar\/info\/como-la-creciente-demanda-de-aire-acondicionado-puede-calentar-nuestro-planeta-aun-mas\/","title":{"rendered":"C\u00f3mo la creciente demanda de aire acondicionado puede calentar nuestro planeta a\u00fan m\u00e1s"},"content":{"rendered":"<div id=\"contentElements\" class=\"contentElements\">\n<div id=\"vsmcontent\" class=\"body vsmcontent mainfont entry-content\">\n<p>Los sistemas de aire acondicionado que mantienen frescas las casas, tiendas y oficinas ganan popularidad en un mundo cada vez m\u00e1s caluroso.<\/p>\n<p>\u00bfPero qu\u00e9 consecuencias tendr\u00e1 la electricidad extra que requieren? \u00bfExacerbar\u00e1 el cambio clim\u00e1tico o podr\u00e1 prevenirse este impacto con tecnolog\u00edas m\u00e1s eficientes?<\/p>\n<p>El planeta se est\u00e1 calentando, como demuestra el hecho de que\u00a0<strong>16 de los 17 a\u00f1os m\u00e1s calientes registrados ocurrieron a partir de 2001<\/strong>, seg\u00fan los climat\u00f3logos.<\/p>\n<p>No sorprende entonces que la demanda de equipos de aire acondicionado se haya disparado.<\/p>\n<p><strong>La energ\u00eda que\u00a0<\/strong><strong>requieren<\/strong><strong>\u00a0se triplicar\u00e1 de aqu\u00ed al 2050<\/strong>, seg\u00fan estimaciones de la Agencia Internacional de Energ\u00eda.<\/p>\n<p>Esto significa que para 2050, los sistemas de aire acondicionado del mundo usar\u00e1n la capacidad actual de generaci\u00f3n de electricidad de Estados Unidos, la Uni\u00f3n Europea y Jap\u00f3n combinados.<\/p>\n<p>Por ello, cient\u00edficos y compa\u00f1\u00edas tecnol\u00f3gicas buscan constantemente<strong>\u00a0sistemas m\u00e1s eficientes de aire acondicionado.<\/strong><\/p>\n<h2>Sensores<\/h2>\n<p>Investigadores de la\u00a0<strong>Universidad de Stanford<\/strong>, en Estados Unidos, desarrollaron un equipo que usa materiales de nueva generaci\u00f3n y aplica un campo de estudio llamado \u00abnanofot\u00f3nica\u00bb.<\/p>\n<p>El sistema de Stanford usa un material ultradelgado y altamente reflectivo que irradia calor a\u00fan expuesto a la luz solar.<\/p>\n<p>La energ\u00eda t\u00e9rmica infrarroja es\u00a0<strong>irradiada\u00a0<\/strong><strong>en<\/strong><strong>\u00a0una longitud de onda que escapa hacia el espacio<\/strong>\u00a0a trav\u00e9s de la atm\u00f3sfera, en lugar de ser absorbido por \u00e9sta.<\/p>\n<p>Los investigadores demostraron en ensayos que se puede enfriar agua colocando una l\u00e1mina del material bajo las ca\u00f1er\u00edas que transportan el l\u00edquido.<\/p>\n<p>Ese agua con una temperatura unos grados inferior a la del ambiente podr\u00eda entonces ser utilizada para enfriar el interior de un edificio.<\/p>\n<p>Y todo eso puede lograrse\u00a0<strong>sin electricidad.<\/strong><\/p>\n<p>La tecnolog\u00eda es tan prometedora que los cient\u00edficos de Stanford crearon una\u00a0<i>startup<\/i>\u00a0o empresa emergente,\u00a0<strong>SkyCool Systems<\/strong>, para comercializar el producto.<\/p>\n<h2>M\u00e1s eficientes<\/h2>\n<p>\u00abEs razonable esperar que los equipos de aire acondicionado del futuro dupliquen la eficiencia de los actuales\u00bb, se\u00f1al\u00f3\u00a0<strong>Danny Parker<\/strong>, del centro de investigaciones sobre energ\u00eda solar de la Universidad de Florida.<\/p>\n<p>Parker y sus compa\u00f1eros trabajaron durante a\u00f1os para buscar sistemas de aire acondicionado y de calefacci\u00f3n m\u00e1s eficientes.<\/p>\n<p>En 2016, por ejemplo, constataron que un dispositivo enfriado por evaporaci\u00f3n de agua fijado a un sistema convencional de aire acondicionado puede aumentar el enfriamiento del aire.<\/p>\n<p>Los cient\u00edficos calcularon que estos sistemas modificados podr\u00edan incrementar la eficiencia de los equipos usados en el clima europeo entre un 30% y 50%.<\/p>\n<p>Por su parte, el gigante tecnol\u00f3gico\u00a0<strong>Samsung<\/strong>\u00a0cre\u00f3 un sistema que libera aire enfriado en una habitaci\u00f3n sin necesidad de ventiladores.<\/p>\n<p>Samsung asegura que su sistema es 32% m\u00e1s eficiente que los convencionales.<\/p>\n<h2>\u00abLa soluci\u00f3n ya est\u00e1 en el mercado\u00bb<\/h2>\n<p>Ya existen en el mercado equipos razonablemente eficientes, incluyendo modelos que usan dispositivos llamados\u00a0<i>inverters<\/i>o inversores.<\/p>\n<p>Estos dispositivos ajustan la intensidad del enfriamiento usando sensores para medir la temperatura ambiente.<\/p>\n<p>No obstante, muchas personas en el mundo en desarrollo pueden no estar dispuestos a gastar m\u00e1s en sistemas con inversores.<\/p>\n<p>Pero si lo hicieran, eso marcar\u00eda una gran diferencia en el consumo de electricidad, se\u00f1al\u00f3\u00a0<strong>Brian Motherway<\/strong>, de la Agencia Internacional de Energ\u00eda.<\/p>\n<p>\u00abLa soluci\u00f3n ya est\u00e1 en el mercado\u00bb, afirm\u00f3 Motherway.<\/p>\n<p>\u00ab<strong>Lo importante es dar incentivos<\/strong>\u00a0a la gente para que compre los equipos m\u00e1s eficientes\u00bb.<\/p>\n<h2>El desaf\u00edo de China<\/h2>\n<p>Eso puede ser un gran problema en China, asegura por su parte\u00a0<strong>Iain Staffell<\/strong>, experto en energ\u00eda del\u00a0<i>Imperial College<\/i>\u00a0en Londres.<\/p>\n<p>\u00abLa gente all\u00ed quiere el sistema m\u00e1s barato posible y\u00a0<strong>no le preocupa el costo de la electricidad porque en China la electricidad es muy barata<\/strong>\u00ab, se\u00f1al\u00f3 Staffell.\u00e7<\/p>\n<p>Para el experto, simplemente usando los sistemas existentes se podr\u00eda ahorrar mucha energ\u00eda.<\/p>\n<p>Por ejemplo, una aplicaci\u00f3n de la empresa\u00a0<strong>Tado<\/strong>, Smart AC Control,\u00a0<strong>apaga\u00a0<\/strong><strong>de\u00a0<\/strong><strong>forma autom\u00e1tica los equipos de aire acondicionado\u00a0<\/strong>cuando una persona abandona la habitaci\u00f3n.<\/p>\n<p>Y la misma\u00a0<i>app\u00a0<\/i>modifica el nivel de enfriamiento de acuerdo a los informes del tiempo.<\/p>\n<p>Tado asegura que un mejor uso de los sistemas existentes podr\u00eda\u00a0<strong>reducir el consumo de electricidad en un 40%.<\/strong><\/p>\n<h2>A mayor ingreso, m\u00e1s equipos<\/h2>\n<p>Claro que el aumento en la demanda de equipos de aire acondicionado no tendr\u00eda el mismo impacto ambiental si la electricidad que consumen fuera renovable, algo poco probable actualmente a pesar de los avances en tecnolog\u00edas verdes.<\/p>\n<p>\u00abNotamos que la demanda por equipos de aire acondicionado se hab\u00eda disparado\u00bb, dijo Motherway.<\/p>\n<p>Y ello no se deb\u00eda solo al aumento de la temperatura, sino del ingreso medio en los pa\u00edses que sufrir\u00e1n m\u00e1s el impacto del calentamiento global, agreg\u00f3.<\/p>\n<p>Se espera que la mitad de la demanda extra por sistemas de aire acondicionado en el futuro se registren en\u00a0<strong>China, India e Indonesia<\/strong>\u00a0en los pr\u00f3ximos 30 a\u00f1os.<\/p>\n<p>Pero los efectos de este aumento en la demanda ya se sienten.<\/p>\n<p>Una compa\u00f1\u00eda generadora en India se\u00f1al\u00f3 recientemente que el aumento en la demanda de electricidad en el noreste del pa\u00eds se debe \u00abal uso generalizado de sistemas de aire acondicionado\u00bb.<\/p>\n<h2>Calefacci\u00f3n<\/h2>\n<p>Si bien no hubo mucho crecimiento en la demanda de estos equipos en China en 2015 y 2016, el a\u00f1o pasado se registr\u00f3 un\u00a0<strong>incremento del 45% debido a un verano muy caliente<\/strong>, de acuerdo a Dinesh Kithany, de la consultora IHS Markit.<\/p>\n<p>IHS Markit estima que en 2016 hab\u00eda cerca de 130 millones de sistemas de aire acondicionado en uso a nivel mundial. La cifra era\u00a0<strong>160 millones apenas un a\u00f1o despu\u00e9s<\/strong>.<\/p>\n<p>Los sistemas m\u00e1s eficientes y el cambio a energ\u00edas renovables ayudar\u00e1n a mitigar el aumento en la demanda de equipos de aire acondicionado.<\/p>\n<p>Pero expertos en el sector energ\u00e9tico como Staffel recuerdan que en un mundo m\u00e1s caliente habr\u00e1 menos demanda de sistemas de calefacci\u00f3n.<\/p>\n<p>Y esta reducci\u00f3n podr\u00eda ayudar a\u00a0<strong>compensar la creciente demanda de aire acondicionado.<\/strong><\/p>\n<p><b>Fuente:\u00a0https:\/\/www.mdzol.com\/entrevista\/800780-como-la-creciente-demanda-de-aire-acondicionado-puede-calentar-nuestro-planeta-aun-mas\/<\/b><\/p>\n<div id=\"share-select-text\" class=\"share-buttons\">\n<div id=\"fb-root\" class=\" fb_reset\">\n<div><\/div>\n<\/div>\n<\/div>\n<\/div>\n<\/div>\n<div id=\"taboola-alternating-below-article-thumbnails\" class=\" trc_related_container trc_spotlight_widget trc_elastic trc_elastic_trc_70568 \">\n<div class=\"trc_rbox_container\">\n<div>\n<div id=\"trc_wrapper_70568\" class=\"trc_rbox alternating-thumbnails-a trc-content-hybrid \">\n<div id=\"trc_header_70568\" class=\"trc_rbox_header trc_rbox_border_elm\"><\/div>\n<\/div>\n<\/div>\n<\/div>\n<\/div>\n","protected":false},"excerpt":{"rendered":"<p>Los sistemas de aire acondicionado que mantienen frescas las casas, tiendas y oficinas ganan popularidad en un mundo cada vez [&hellip;]<\/p>\n","protected":false},"author":2,"featured_media":48560,"comment_status":"open","ping_status":"open","sticky":false,"template":"","format":"standard","meta":{"site-sidebar-layout":"default","site-content-layout":"","ast-site-content-layout":"default","site-content-style":"default","site-sidebar-style":"default","ast-global-header-display":"","ast-banner-title-visibility":"","ast-main-header-display":"","ast-hfb-above-header-display":"","ast-hfb-below-header-display":"","ast-hfb-mobile-header-display":"","site-post-title":"","ast-breadcrumbs-content":"","ast-featured-img":"","footer-sml-layout":"","ast-disable-related-posts":"","theme-transparent-header-meta":"","adv-header-id-meta":"","stick-header-meta":"","header-above-stick-meta":"","header-main-stick-meta":"","header-below-stick-meta":"","astra-migrate-meta-layouts":"default","ast-page-background-enabled":"default","ast-page-background-meta":{"desktop":{"background-color":"var(--ast-global-color-5)","background-image":"","background-repeat":"repeat","background-position":"center center","background-size":"auto","background-attachment":"scroll","background-type":"","background-media":"","overlay-type":"","overlay-color":"","overlay-opacity":"","overlay-gradient":""},"tablet":{"background-color":"","background-image":"","background-repeat":"repeat","background-position":"center center","background-size":"auto","background-attachment":"scroll","background-type":"","background-media":"","overlay-type":"","overlay-color":"","overlay-opacity":"","overlay-gradient":""},"mobile":{"background-color":"","background-image":"","background-repeat":"repeat","background-position":"center center","background-size":"auto","background-attachment":"scroll","background-type":"","background-media":"","overlay-type":"","overlay-color":"","overlay-opacity":"","overlay-gradient":""}},"ast-content-background-meta":{"desktop":{"background-color":"var(--ast-global-color-4)","background-image":"","background-repeat":"repeat","background-position":"center center","background-size":"auto","background-attachment":"scroll","background-type":"","background-media":"","overlay-type":"","overlay-color":"","overlay-opacity":"","overlay-gradient":""},"tablet":{"background-color":"var(--ast-global-color-4)","background-image":"","background-repeat":"repeat","background-position":"center center","background-size":"auto","background-attachment":"scroll","background-type":"","background-media":"","overlay-type":"","overlay-color":"","overlay-opacity":"","overlay-gradient":""},"mobile":{"background-color":"var(--ast-global-color-4)","background-image":"","background-repeat":"repeat","background-position":"center center","background-size":"auto","background-attachment":"scroll","background-type":"","background-media":"","overlay-type":"","overlay-color":"","overlay-opacity":"","overlay-gradient":""}},"footnotes":""},"categories":[23,1],"tags":[],"class_list":["post-48559","post","type-post","status-publish","format-standard","has-post-thumbnail","hentry","category-internacionales","category-noticias"],"yoast_head":"<!-- This site is optimized with the Yoast SEO Premium plugin v23.0 (Yoast SEO v27.4) - https:\/\/yoast.com\/product\/yoast-seo-premium-wordpress\/ -->\n<title>C\u00f3mo la creciente demanda de aire acondicionado puede calentar nuestro planeta a\u00fan m\u00e1s<\/title>\n<meta name=\"robots\" content=\"index, follow, max-snippet:-1, max-image-preview:large, max-video-preview:-1\" \/>\n<link rel=\"canonical\" href=\"https:\/\/patagoniambiental.com.ar\/info\/como-la-creciente-demanda-de-aire-acondicionado-puede-calentar-nuestro-planeta-aun-mas\/\" \/>\n<meta property=\"og:locale\" content=\"es_ES\" \/>\n<meta property=\"og:type\" content=\"article\" \/>\n<meta property=\"og:title\" content=\"C\u00f3mo la creciente demanda de aire acondicionado puede calentar nuestro planeta a\u00fan m\u00e1s\" \/>\n<meta property=\"og:description\" content=\"Los sistemas de aire acondicionado que mantienen frescas las casas, tiendas y oficinas ganan popularidad en un mundo cada vez [&hellip;]\" \/>\n<meta property=\"og:url\" content=\"https:\/\/patagoniambiental.com.ar\/info\/como-la-creciente-demanda-de-aire-acondicionado-puede-calentar-nuestro-planeta-aun-mas\/\" \/>\n<meta property=\"og:site_name\" content=\"Patagonia Ambiental\" \/>\n<meta property=\"article:publisher\" content=\"https:\/\/www.facebook.com\/patagonia.ambiental\" \/>\n<meta property=\"article:author\" content=\"https:\/\/www.facebook.com\/share\/1C1V8Gv9BX\/?mibextid=qi2Omg\" \/>\n<meta property=\"article:published_time\" content=\"2018-06-21T12:00:29+00:00\" \/>\n<meta property=\"og:image\" content=\"https:\/\/patagoniambiental.com.ar\/info\/wp-content\/uploads\/2018\/06\/aire-acondicionada.jpg\" \/>\n\t<meta property=\"og:image:width\" content=\"459\" \/>\n\t<meta property=\"og:image:height\" content=\"259\" \/>\n\t<meta property=\"og:image:type\" content=\"image\/jpeg\" \/>\n<meta name=\"author\" content=\"Patagonia Ambiental\" \/>\n<meta name=\"twitter:card\" content=\"summary_large_image\" \/>\n<meta name=\"twitter:creator\" content=\"@PatAmb\" \/>\n<meta name=\"twitter:site\" content=\"@PatAmb\" \/>\n<script type=\"application\/ld+json\" class=\"yoast-schema-graph\">{\"@context\":\"https:\\\/\\\/schema.org\",\"@graph\":[{\"@type\":\"Article\",\"@id\":\"https:\\\/\\\/patagoniambiental.com.ar\\\/info\\\/como-la-creciente-demanda-de-aire-acondicionado-puede-calentar-nuestro-planeta-aun-mas\\\/#article\",\"isPartOf\":{\"@id\":\"https:\\\/\\\/patagoniambiental.com.ar\\\/info\\\/como-la-creciente-demanda-de-aire-acondicionado-puede-calentar-nuestro-planeta-aun-mas\\\/\"},\"author\":{\"name\":\"Patagonia Ambiental\",\"@id\":\"https:\\\/\\\/patagoniambiental.com.ar\\\/info\\\/#\\\/schema\\\/person\\\/db12bff64bbcbf6a253710bf0ea37b5d\"},\"headline\":\"C\u00f3mo la creciente demanda de aire acondicionado puede calentar nuestro planeta a\u00fan m\u00e1s\",\"datePublished\":\"2018-06-21T12:00:29+00:00\",\"mainEntityOfPage\":{\"@id\":\"https:\\\/\\\/patagoniambiental.com.ar\\\/info\\\/como-la-creciente-demanda-de-aire-acondicionado-puede-calentar-nuestro-planeta-aun-mas\\\/\"},\"wordCount\":1044,\"commentCount\":0,\"publisher\":{\"@id\":\"https:\\\/\\\/patagoniambiental.com.ar\\\/info\\\/#organization\"},\"image\":{\"@id\":\"https:\\\/\\\/patagoniambiental.com.ar\\\/info\\\/como-la-creciente-demanda-de-aire-acondicionado-puede-calentar-nuestro-planeta-aun-mas\\\/#primaryimage\"},\"thumbnailUrl\":\"https:\\\/\\\/patagoniambiental.com.ar\\\/info\\\/wp-content\\\/uploads\\\/2018\\\/06\\\/aire-acondicionada.jpg\",\"articleSection\":[\"Internacionales\",\"Noticias\"],\"inLanguage\":\"es\",\"potentialAction\":[{\"@type\":\"CommentAction\",\"name\":\"Comment\",\"target\":[\"https:\\\/\\\/patagoniambiental.com.ar\\\/info\\\/como-la-creciente-demanda-de-aire-acondicionado-puede-calentar-nuestro-planeta-aun-mas\\\/#respond\"]}]},{\"@type\":\"WebPage\",\"@id\":\"https:\\\/\\\/patagoniambiental.com.ar\\\/info\\\/como-la-creciente-demanda-de-aire-acondicionado-puede-calentar-nuestro-planeta-aun-mas\\\/\",\"url\":\"https:\\\/\\\/patagoniambiental.com.ar\\\/info\\\/como-la-creciente-demanda-de-aire-acondicionado-puede-calentar-nuestro-planeta-aun-mas\\\/\",\"name\":\"C\u00f3mo la creciente demanda de aire acondicionado puede calentar nuestro planeta a\u00fan m\u00e1s\",\"isPartOf\":{\"@id\":\"https:\\\/\\\/patagoniambiental.com.ar\\\/info\\\/#website\"},\"primaryImageOfPage\":{\"@id\":\"https:\\\/\\\/patagoniambiental.com.ar\\\/info\\\/como-la-creciente-demanda-de-aire-acondicionado-puede-calentar-nuestro-planeta-aun-mas\\\/#primaryimage\"},\"image\":{\"@id\":\"https:\\\/\\\/patagoniambiental.com.ar\\\/info\\\/como-la-creciente-demanda-de-aire-acondicionado-puede-calentar-nuestro-planeta-aun-mas\\\/#primaryimage\"},\"thumbnailUrl\":\"https:\\\/\\\/patagoniambiental.com.ar\\\/info\\\/wp-content\\\/uploads\\\/2018\\\/06\\\/aire-acondicionada.jpg\",\"datePublished\":\"2018-06-21T12:00:29+00:00\",\"breadcrumb\":{\"@id\":\"https:\\\/\\\/patagoniambiental.com.ar\\\/info\\\/como-la-creciente-demanda-de-aire-acondicionado-puede-calentar-nuestro-planeta-aun-mas\\\/#breadcrumb\"},\"inLanguage\":\"es\",\"potentialAction\":[{\"@type\":\"ReadAction\",\"target\":[\"https:\\\/\\\/patagoniambiental.com.ar\\\/info\\\/como-la-creciente-demanda-de-aire-acondicionado-puede-calentar-nuestro-planeta-aun-mas\\\/\"]}]},{\"@type\":\"ImageObject\",\"inLanguage\":\"es\",\"@id\":\"https:\\\/\\\/patagoniambiental.com.ar\\\/info\\\/como-la-creciente-demanda-de-aire-acondicionado-puede-calentar-nuestro-planeta-aun-mas\\\/#primaryimage\",\"url\":\"https:\\\/\\\/patagoniambiental.com.ar\\\/info\\\/wp-content\\\/uploads\\\/2018\\\/06\\\/aire-acondicionada.jpg\",\"contentUrl\":\"https:\\\/\\\/patagoniambiental.com.ar\\\/info\\\/wp-content\\\/uploads\\\/2018\\\/06\\\/aire-acondicionada.jpg\",\"width\":459,\"height\":259},{\"@type\":\"BreadcrumbList\",\"@id\":\"https:\\\/\\\/patagoniambiental.com.ar\\\/info\\\/como-la-creciente-demanda-de-aire-acondicionado-puede-calentar-nuestro-planeta-aun-mas\\\/#breadcrumb\",\"itemListElement\":[{\"@type\":\"ListItem\",\"position\":1,\"name\":\"Inicio\",\"item\":\"https:\\\/\\\/patagoniambiental.com.ar\\\/info\\\/\"},{\"@type\":\"ListItem\",\"position\":2,\"name\":\"C\u00f3mo la creciente demanda de aire acondicionado puede calentar nuestro planeta a\u00fan m\u00e1s\"}]},{\"@type\":\"WebSite\",\"@id\":\"https:\\\/\\\/patagoniambiental.com.ar\\\/info\\\/#website\",\"url\":\"https:\\\/\\\/patagoniambiental.com.ar\\\/info\\\/\",\"name\":\"Patagonia Ambiental\",\"description\":\"Monitoreo y an\u00e1lisis de la situaci\u00f3n geopol\u00edtica en el mundo y su implicancia en la Patagonia\",\"publisher\":{\"@id\":\"https:\\\/\\\/patagoniambiental.com.ar\\\/info\\\/#organization\"},\"potentialAction\":[{\"@type\":\"SearchAction\",\"target\":{\"@type\":\"EntryPoint\",\"urlTemplate\":\"https:\\\/\\\/patagoniambiental.com.ar\\\/info\\\/?s={search_term_string}\"},\"query-input\":{\"@type\":\"PropertyValueSpecification\",\"valueRequired\":true,\"valueName\":\"search_term_string\"}}],\"inLanguage\":\"es\"},{\"@type\":\"Organization\",\"@id\":\"https:\\\/\\\/patagoniambiental.com.ar\\\/info\\\/#organization\",\"name\":\"Patagonia Ambiental\",\"url\":\"https:\\\/\\\/patagoniambiental.com.ar\\\/info\\\/\",\"logo\":{\"@type\":\"ImageObject\",\"inLanguage\":\"es\",\"@id\":\"https:\\\/\\\/patagoniambiental.com.ar\\\/info\\\/#\\\/schema\\\/logo\\\/image\\\/\",\"url\":\"https:\\\/\\\/patagoniambiental.com.ar\\\/info\\\/wp-content\\\/uploads\\\/2025\\\/05\\\/LOGO-PATAGONIA-AMBIENTAL.png\",\"contentUrl\":\"https:\\\/\\\/patagoniambiental.com.ar\\\/info\\\/wp-content\\\/uploads\\\/2025\\\/05\\\/LOGO-PATAGONIA-AMBIENTAL.png\",\"width\":433,\"height\":250,\"caption\":\"Patagonia Ambiental\"},\"image\":{\"@id\":\"https:\\\/\\\/patagoniambiental.com.ar\\\/info\\\/#\\\/schema\\\/logo\\\/image\\\/\"},\"sameAs\":[\"https:\\\/\\\/www.facebook.com\\\/patagonia.ambiental\",\"https:\\\/\\\/x.com\\\/PatAmb\"]},{\"@type\":\"Person\",\"@id\":\"https:\\\/\\\/patagoniambiental.com.ar\\\/info\\\/#\\\/schema\\\/person\\\/db12bff64bbcbf6a253710bf0ea37b5d\",\"name\":\"Patagonia Ambiental\",\"description\":\"Andr\u00e9s Nievas T\u00e9cnico en manejo ambiental, consultor Ambiental y escritor para medios locales e internacionales sobre temas de geopolitica y medio ambiente.\",\"sameAs\":[\"http:\\\/\\\/www.patagoniambiental.com.ar\",\"https:\\\/\\\/www.facebook.com\\\/share\\\/1C1V8Gv9BX\\\/?mibextid=qi2Omg\",\"@patagoniambiental\",\"https:\\\/\\\/youtube.com\\\/@patagoniaambiental2023?si=BLt58t0wuXquxlYZ\"]}]}<\/script>\n<!-- \/ Yoast SEO Premium plugin. -->","yoast_head_json":{"title":"C\u00f3mo la creciente demanda de aire acondicionado puede calentar nuestro planeta a\u00fan m\u00e1s","robots":{"index":"index","follow":"follow","max-snippet":"max-snippet:-1","max-image-preview":"max-image-preview:large","max-video-preview":"max-video-preview:-1"},"canonical":"https:\/\/patagoniambiental.com.ar\/info\/como-la-creciente-demanda-de-aire-acondicionado-puede-calentar-nuestro-planeta-aun-mas\/","og_locale":"es_ES","og_type":"article","og_title":"C\u00f3mo la creciente demanda de aire acondicionado puede calentar nuestro planeta a\u00fan m\u00e1s","og_description":"Los sistemas de aire acondicionado que mantienen frescas las casas, tiendas y oficinas ganan popularidad en un mundo cada vez [&hellip;]","og_url":"https:\/\/patagoniambiental.com.ar\/info\/como-la-creciente-demanda-de-aire-acondicionado-puede-calentar-nuestro-planeta-aun-mas\/","og_site_name":"Patagonia Ambiental","article_publisher":"https:\/\/www.facebook.com\/patagonia.ambiental","article_author":"https:\/\/www.facebook.com\/share\/1C1V8Gv9BX\/?mibextid=qi2Omg","article_published_time":"2018-06-21T12:00:29+00:00","og_image":[{"width":459,"height":259,"url":"https:\/\/patagoniambiental.com.ar\/info\/wp-content\/uploads\/2018\/06\/aire-acondicionada.jpg","type":"image\/jpeg"}],"author":"Patagonia Ambiental","twitter_card":"summary_large_image","twitter_creator":"@PatAmb","twitter_site":"@PatAmb","schema":{"@context":"https:\/\/schema.org","@graph":[{"@type":"Article","@id":"https:\/\/patagoniambiental.com.ar\/info\/como-la-creciente-demanda-de-aire-acondicionado-puede-calentar-nuestro-planeta-aun-mas\/#article","isPartOf":{"@id":"https:\/\/patagoniambiental.com.ar\/info\/como-la-creciente-demanda-de-aire-acondicionado-puede-calentar-nuestro-planeta-aun-mas\/"},"author":{"name":"Patagonia Ambiental","@id":"https:\/\/patagoniambiental.com.ar\/info\/#\/schema\/person\/db12bff64bbcbf6a253710bf0ea37b5d"},"headline":"C\u00f3mo la creciente demanda de aire acondicionado puede calentar nuestro planeta a\u00fan m\u00e1s","datePublished":"2018-06-21T12:00:29+00:00","mainEntityOfPage":{"@id":"https:\/\/patagoniambiental.com.ar\/info\/como-la-creciente-demanda-de-aire-acondicionado-puede-calentar-nuestro-planeta-aun-mas\/"},"wordCount":1044,"commentCount":0,"publisher":{"@id":"https:\/\/patagoniambiental.com.ar\/info\/#organization"},"image":{"@id":"https:\/\/patagoniambiental.com.ar\/info\/como-la-creciente-demanda-de-aire-acondicionado-puede-calentar-nuestro-planeta-aun-mas\/#primaryimage"},"thumbnailUrl":"https:\/\/patagoniambiental.com.ar\/info\/wp-content\/uploads\/2018\/06\/aire-acondicionada.jpg","articleSection":["Internacionales","Noticias"],"inLanguage":"es","potentialAction":[{"@type":"CommentAction","name":"Comment","target":["https:\/\/patagoniambiental.com.ar\/info\/como-la-creciente-demanda-de-aire-acondicionado-puede-calentar-nuestro-planeta-aun-mas\/#respond"]}]},{"@type":"WebPage","@id":"https:\/\/patagoniambiental.com.ar\/info\/como-la-creciente-demanda-de-aire-acondicionado-puede-calentar-nuestro-planeta-aun-mas\/","url":"https:\/\/patagoniambiental.com.ar\/info\/como-la-creciente-demanda-de-aire-acondicionado-puede-calentar-nuestro-planeta-aun-mas\/","name":"C\u00f3mo la creciente demanda de aire acondicionado puede calentar nuestro planeta a\u00fan m\u00e1s","isPartOf":{"@id":"https:\/\/patagoniambiental.com.ar\/info\/#website"},"primaryImageOfPage":{"@id":"https:\/\/patagoniambiental.com.ar\/info\/como-la-creciente-demanda-de-aire-acondicionado-puede-calentar-nuestro-planeta-aun-mas\/#primaryimage"},"image":{"@id":"https:\/\/patagoniambiental.com.ar\/info\/como-la-creciente-demanda-de-aire-acondicionado-puede-calentar-nuestro-planeta-aun-mas\/#primaryimage"},"thumbnailUrl":"https:\/\/patagoniambiental.com.ar\/info\/wp-content\/uploads\/2018\/06\/aire-acondicionada.jpg","datePublished":"2018-06-21T12:00:29+00:00","breadcrumb":{"@id":"https:\/\/patagoniambiental.com.ar\/info\/como-la-creciente-demanda-de-aire-acondicionado-puede-calentar-nuestro-planeta-aun-mas\/#breadcrumb"},"inLanguage":"es","potentialAction":[{"@type":"ReadAction","target":["https:\/\/patagoniambiental.com.ar\/info\/como-la-creciente-demanda-de-aire-acondicionado-puede-calentar-nuestro-planeta-aun-mas\/"]}]},{"@type":"ImageObject","inLanguage":"es","@id":"https:\/\/patagoniambiental.com.ar\/info\/como-la-creciente-demanda-de-aire-acondicionado-puede-calentar-nuestro-planeta-aun-mas\/#primaryimage","url":"https:\/\/patagoniambiental.com.ar\/info\/wp-content\/uploads\/2018\/06\/aire-acondicionada.jpg","contentUrl":"https:\/\/patagoniambiental.com.ar\/info\/wp-content\/uploads\/2018\/06\/aire-acondicionada.jpg","width":459,"height":259},{"@type":"BreadcrumbList","@id":"https:\/\/patagoniambiental.com.ar\/info\/como-la-creciente-demanda-de-aire-acondicionado-puede-calentar-nuestro-planeta-aun-mas\/#breadcrumb","itemListElement":[{"@type":"ListItem","position":1,"name":"Inicio","item":"https:\/\/patagoniambiental.com.ar\/info\/"},{"@type":"ListItem","position":2,"name":"C\u00f3mo la creciente demanda de aire acondicionado puede calentar nuestro planeta a\u00fan m\u00e1s"}]},{"@type":"WebSite","@id":"https:\/\/patagoniambiental.com.ar\/info\/#website","url":"https:\/\/patagoniambiental.com.ar\/info\/","name":"Patagonia Ambiental","description":"Monitoreo y an\u00e1lisis de la situaci\u00f3n geopol\u00edtica en el mundo y su implicancia en la Patagonia","publisher":{"@id":"https:\/\/patagoniambiental.com.ar\/info\/#organization"},"potentialAction":[{"@type":"SearchAction","target":{"@type":"EntryPoint","urlTemplate":"https:\/\/patagoniambiental.com.ar\/info\/?s={search_term_string}"},"query-input":{"@type":"PropertyValueSpecification","valueRequired":true,"valueName":"search_term_string"}}],"inLanguage":"es"},{"@type":"Organization","@id":"https:\/\/patagoniambiental.com.ar\/info\/#organization","name":"Patagonia Ambiental","url":"https:\/\/patagoniambiental.com.ar\/info\/","logo":{"@type":"ImageObject","inLanguage":"es","@id":"https:\/\/patagoniambiental.com.ar\/info\/#\/schema\/logo\/image\/","url":"https:\/\/patagoniambiental.com.ar\/info\/wp-content\/uploads\/2025\/05\/LOGO-PATAGONIA-AMBIENTAL.png","contentUrl":"https:\/\/patagoniambiental.com.ar\/info\/wp-content\/uploads\/2025\/05\/LOGO-PATAGONIA-AMBIENTAL.png","width":433,"height":250,"caption":"Patagonia Ambiental"},"image":{"@id":"https:\/\/patagoniambiental.com.ar\/info\/#\/schema\/logo\/image\/"},"sameAs":["https:\/\/www.facebook.com\/patagonia.ambiental","https:\/\/x.com\/PatAmb"]},{"@type":"Person","@id":"https:\/\/patagoniambiental.com.ar\/info\/#\/schema\/person\/db12bff64bbcbf6a253710bf0ea37b5d","name":"Patagonia Ambiental","description":"Andr\u00e9s Nievas T\u00e9cnico en manejo ambiental, consultor Ambiental y escritor para medios locales e internacionales sobre temas de geopolitica y medio ambiente.","sameAs":["http:\/\/www.patagoniambiental.com.ar","https:\/\/www.facebook.com\/share\/1C1V8Gv9BX\/?mibextid=qi2Omg","@patagoniambiental","https:\/\/youtube.com\/@patagoniaambiental2023?si=BLt58t0wuXquxlYZ"]}]}},"_links":{"self":[{"href":"https:\/\/patagoniambiental.com.ar\/info\/wp-json\/wp\/v2\/posts\/48559","targetHints":{"allow":["GET"]}}],"collection":[{"href":"https:\/\/patagoniambiental.com.ar\/info\/wp-json\/wp\/v2\/posts"}],"about":[{"href":"https:\/\/patagoniambiental.com.ar\/info\/wp-json\/wp\/v2\/types\/post"}],"author":[{"embeddable":true,"href":"https:\/\/patagoniambiental.com.ar\/info\/wp-json\/wp\/v2\/users\/2"}],"replies":[{"embeddable":true,"href":"https:\/\/patagoniambiental.com.ar\/info\/wp-json\/wp\/v2\/comments?post=48559"}],"version-history":[{"count":0,"href":"https:\/\/patagoniambiental.com.ar\/info\/wp-json\/wp\/v2\/posts\/48559\/revisions"}],"wp:featuredmedia":[{"embeddable":true,"href":"https:\/\/patagoniambiental.com.ar\/info\/wp-json\/wp\/v2\/media\/48560"}],"wp:attachment":[{"href":"https:\/\/patagoniambiental.com.ar\/info\/wp-json\/wp\/v2\/media?parent=48559"}],"wp:term":[{"taxonomy":"category","embeddable":true,"href":"https:\/\/patagoniambiental.com.ar\/info\/wp-json\/wp\/v2\/categories?post=48559"},{"taxonomy":"post_tag","embeddable":true,"href":"https:\/\/patagoniambiental.com.ar\/info\/wp-json\/wp\/v2\/tags?post=48559"}],"curies":[{"name":"wp","href":"https:\/\/api.w.org\/{rel}","templated":true}]}}