{"id":48586,"date":"2018-06-21T19:00:17","date_gmt":"2018-06-21T22:00:17","guid":{"rendered":"http:\/\/patagoniambiental.com.ar\/info\/?p=48586"},"modified":"2018-06-21T09:01:36","modified_gmt":"2018-06-21T12:01:36","slug":"huilcaman-y-entrenamiento-policial-en-colombia-pinera-esta-creando-un-ambiente-contrario-a-la-paz","status":"publish","type":"post","link":"https:\/\/patagoniambiental.com.ar\/info\/huilcaman-y-entrenamiento-policial-en-colombia-pinera-esta-creando-un-ambiente-contrario-a-la-paz\/","title":{"rendered":"Huilcam\u00e1n y entrenamiento policial en Colombia: \u201cPi\u00f1era est\u00e1 creando un ambiente contrario a la paz\u201d"},"content":{"rendered":"<header class=\"article-header\">Chile.-La capacitaci\u00f3n de funcionarios del GOPE con la polic\u00eda colombiana es, en ojos del werk\u00e9n, un \u00abdesahucio\u00bb del di\u00e1logo.<\/p>\n<p><!--more--><\/p>\n<p>A su juicio las realidades colombiana y chilena son diametralmente opuestas y nada justificar\u00eda un entrenamiento en tierras cafeteras para enfrentar el conflicto con el pueblo mapuche.<\/p>\n<div class=\"row\">\n<div class=\"col-md-12\">\n<div>\n<p class=\"infotitle\"><span class=\"autor\">Mart\u00edn Espinoza<\/span><\/p>\n<\/div>\n<div>\u00a0\u00a0<span class=\"fecha\">Martes 19 de junio 2018\u00a016:14 hrs.\u00a0<\/span><\/div>\n<\/div>\n<\/div>\n<div class=\"col-xs-12\"><img fetchpriority=\"high\" decoding=\"async\" class=\"img-responsive\" src=\"http:\/\/radio.uchile.cl\/wp-content\/uploads\/2018\/02\/aucan.jpg\" sizes=\"(max-width: 1577px) 100vw, 1577px\" srcset=\"http:\/\/radio.uchile.cl\/wp-content\/uploads\/2018\/02\/aucan.jpg 1577w, http:\/\/radio.uchile.cl\/wp-content\/uploads\/2018\/02\/aucan-620x348.jpg 620w, http:\/\/radio.uchile.cl\/wp-content\/uploads\/2018\/02\/aucan-768x431.jpg 768w, http:\/\/radio.uchile.cl\/wp-content\/uploads\/2018\/02\/aucan-395x222.jpg 395w, http:\/\/radio.uchile.cl\/wp-content\/uploads\/2018\/02\/aucan-678x380.jpg 678w\" alt=\"Santiago 14 de diciembre del 2015. \nAucan Huilcaman, durante en entrega de &quot;propuesta de justicia ciudadana&quot; , promulgacion de ley que modifica el codigo de procedimiento civil para establecer la tramitacion digital de los procesos judiciales; y firma proyecto de ley que aumenta la dotacion de jueces para tribunales.\nPaul Plaza\/Aton Chile.\" width=\"1577\" height=\"885\" \/><\/div>\n<div class=\"col-xs-12 hidden-xs\">\n<div class=\"social-share\" data-url=\"http:\/\/radio.uchile.cl\/2018\/06\/19\/huilcaman-y-comando-jungla-pinera-esta-creando-un-ambiente-contrario-a-la-paz\/\">\n<div class=\"ruch-like pull-left\">\n<div id=\"fb-root\" class=\" fb_reset\">\n<div>\n<div><\/div>\n<\/div>\n<div>\n<div>Van dos semanas ya desde que un grupo de funcionarios del Grupo de Operaciones Policiales Especiales (GOPE) parti\u00f3 rumbo a Colombia para prepararse, por un mes, con la Polic\u00eda Nacional en el \u00e1rea de combate contra organizaciones criminales.<\/div>\n<\/div>\n<\/div>\n<\/div>\n<\/div>\n<\/div>\n<\/header>\n<div class=\"maintext hidden-xs\">\n<p>Insistiendo en el foco de seguridad p\u00fablica y obviando el conflicto pol\u00edtico que significa, el gobierno nuevamente\u00a0hizo un gui\u00f1o para abordar el conflicto con el pueblo mapuche desde un punto de vista delincuencial.<\/p>\n<p>\u201cEstamos pidiendo que nos instruyan, nos ayuden a preparar esta gente, personas extranjeras que tengan experiencia en estos temas\u201d, dijo en abril el general director de la instituci\u00f3n uniformada, Hermes Soto. Seg\u00fan detalla\u00a0<em>La Tercera<\/em>, \u201cadem\u00e1s del entrenamiento en terreno para identificar huellas y mecanizar movimientos en dotaciones compactas, tambi\u00e9n tendr\u00e1n instrucci\u00f3n en enfermer\u00eda, tirador de alta precisi\u00f3n y gu\u00edas de exploraci\u00f3n a\u00e9rea\u201d.<\/p>\n<p>Todo indica que \u201clas caracter\u00edsticas del terreno de la selva colombiana son relativamente parecidas a algunos sectores de la zona sur del pa\u00eds\u201d. Esa es una de las razones esbozadas por Soto para enviar funcionarios a terreno cafetero.<\/p>\n<p>Pero la noticia no cay\u00f3 bien en todas partes. Distintos actores y sectores han esbozado cr\u00edticas en contra de la medida. Uno de ellos ha sido Francisco Huenchumilla, senador DC y ex intendente de la regi\u00f3n de La Araucan\u00eda, una de las tres regiones (junto a Biob\u00edo y Los R\u00edos) que ser\u00e1 destino de los funcionarios entrenados. Huenchumilla afirm\u00f3 en radio\u00a0<em>Biob\u00edo<\/em>\u00a0que \u201cla situaci\u00f3n colombiana es totalmente opuesta a la situaci\u00f3n chilena. En Colombia hubo guerrilla y narcotr\u00e1fico. En Colombia hay 100 tribus de poblaciones ind\u00edgenas y estas tienen una perfecta relaci\u00f3n con el Estado. Gozan de autonom\u00eda, tienen justicia propia, est\u00e1n reconocidas por la Constituci\u00f3n de Colombia. Es totalmente diferente\u201d.<\/p>\n<p>En la misma l\u00ednea declara Auc\u00e1n Hilcam\u00e1n, werk\u00e9n del Consejo de Todas las Tierras y l\u00edder mapuche. \u201cEs un desahucio al di\u00e1logo. Es un contexto completamente distinto, porque en Colombia exist\u00edan dos grupos beligerantes. Paralelamente estaban los grupos paramilitares, creados con presencia del sector privado y con el Estado. La gran diferencia es que all\u00e1 hay una alta producci\u00f3n de narcotr\u00e1fico. El poder central no ten\u00eda ning\u00fan control. Colombianizar La Araucan\u00eda es un error que bordea cualquier sentido com\u00fan\u201d.<\/p>\n<p>Adem\u00e1s, el referente mapuche agrega que este tipo de pol\u00edtica solo ahondan m\u00e1s el conflicto: \u201cEs lamentable que un gobierno que se autodefine de democr\u00e1tico recurra a este tipo de pr\u00e1cticas, porque hay que recordar que Colombia recurri\u00f3 a EEUU los \u00faltimos\u00a0diez a\u00f1os, bajo el plan colombiana. Aqu\u00ed bajo el plan Araucan\u00eda se quiere traer esa experiencia para ac\u00e1, lo que resulta perverso porque en Colombia operan sicarios. Pi\u00f1era est\u00e1 creando un ambiente contrario a la paz. Por esta pr\u00e1ctica a los mapuches les da el leg\u00edtimo derecho de prepararse y defenderse ante la agresi\u00f3n inminente que se le avecina. El conflicto posiblemente se va a intensificar\u201d.<\/p>\n<p>La Comisi\u00f3n \u00c9tica contra la Tortura tambi\u00e9n emiti\u00f3 una opini\u00f3n al respecto. En un comunicado publicado este lunes, reiteraron\u00a0la necesidad de abrir en Chile los espacios de di\u00e1logo, como garant\u00eda de respeto de los derechos humanos, de no discriminaci\u00f3n y de no actuaci\u00f3n de poderes f\u00e1cticos.<\/p>\n<p>Juana Aguilera, presidenta de la organizaci\u00f3n cuestion\u00f3 la transparencia procedimental con que se llevan a cabo este tipo de medidas: \u201cLa rechazamos porque pensamos que una medida de esta naturaleza, que viene del gobierno central, en un pa\u00eds democr\u00e1tico, por lo menos debiera pasar por el parlamento yeso no ha sido as\u00ed, m\u00e1s a\u00fan cuando la crisis en carabineros de Chile todav\u00eda no termina de resolverse. No es posible estar entrenando a un grupo de personas para ir a reprimir al pueblo mapuche. No pueden usarse las mismas estrategias que se usaron durante el terrorismo de estado en Chile para resolver un conflicto que se da en un marco democr\u00e1tico\u201d.<\/p>\n<p>La preparaci\u00f3n de la polic\u00eda chilena continuar\u00e1 en Estados Unidos para tener como futuro destino probable, Espa\u00f1a.<\/p>\n<p>Fuente:\u00a0http:\/\/radio.uchile.cl\/2018\/06\/19\/huilcaman-y-comando-jungla-pinera-esta-creando-un-ambiente-contrario-a-la-paz\/<\/p>\n<\/div>\n","protected":false},"excerpt":{"rendered":"<p>Chile.-La capacitaci\u00f3n de funcionarios del GOPE con la polic\u00eda colombiana es, en ojos del werk\u00e9n, un \u00abdesahucio\u00bb del di\u00e1logo.<\/p>\n","protected":false},"author":2,"featured_media":48587,"comment_status":"open","ping_status":"open","sticky":false,"template":"","format":"standard","meta":{"site-sidebar-layout":"default","site-content-layout":"","ast-site-content-layout":"default","site-content-style":"default","site-sidebar-style":"default","ast-global-header-display":"","ast-banner-title-visibility":"","ast-main-header-display":"","ast-hfb-above-header-display":"","ast-hfb-below-header-display":"","ast-hfb-mobile-header-display":"","site-post-title":"","ast-breadcrumbs-content":"","ast-featured-img":"","footer-sml-layout":"","ast-disable-related-posts":"","theme-transparent-header-meta":"","adv-header-id-meta":"","stick-header-meta":"","header-above-stick-meta":"","header-main-stick-meta":"","header-below-stick-meta":"","astra-migrate-meta-layouts":"default","ast-page-background-enabled":"default","ast-page-background-meta":{"desktop":{"background-color":"var(--ast-global-color-5)","background-image":"","background-repeat":"repeat","background-position":"center center","background-size":"auto","background-attachment":"scroll","background-type":"","background-media":"","overlay-type":"","overlay-color":"","overlay-opacity":"","overlay-gradient":""},"tablet":{"background-color":"","background-image":"","background-repeat":"repeat","background-position":"center center","background-size":"auto","background-attachment":"scroll","background-type":"","background-media":"","overlay-type":"","overlay-color":"","overlay-opacity":"","overlay-gradient":""},"mobile":{"background-color":"","background-image":"","background-repeat":"repeat","background-position":"center center","background-size":"auto","background-attachment":"scroll","background-type":"","background-media":"","overlay-type":"","overlay-color":"","overlay-opacity":"","overlay-gradient":""}},"ast-content-background-meta":{"desktop":{"background-color":"var(--ast-global-color-4)","background-image":"","background-repeat":"repeat","background-position":"center center","background-size":"auto","background-attachment":"scroll","background-type":"","background-media":"","overlay-type":"","overlay-color":"","overlay-opacity":"","overlay-gradient":""},"tablet":{"background-color":"var(--ast-global-color-4)","background-image":"","background-repeat":"repeat","background-position":"center center","background-size":"auto","background-attachment":"scroll","background-type":"","background-media":"","overlay-type":"","overlay-color":"","overlay-opacity":"","overlay-gradient":""},"mobile":{"background-color":"var(--ast-global-color-4)","background-image":"","background-repeat":"repeat","background-position":"center center","background-size":"auto","background-attachment":"scroll","background-type":"","background-media":"","overlay-type":"","overlay-color":"","overlay-opacity":"","overlay-gradient":""}},"footnotes":""},"categories":[23,1],"tags":[],"class_list":["post-48586","post","type-post","status-publish","format-standard","has-post-thumbnail","hentry","category-internacionales","category-noticias"],"yoast_head":"<!-- This site is optimized with the Yoast SEO Premium plugin v23.0 (Yoast SEO v27.4) - https:\/\/yoast.com\/product\/yoast-seo-premium-wordpress\/ -->\n<title>Huilcam\u00e1n y entrenamiento policial en Colombia: \u201cPi\u00f1era est\u00e1 creando un ambiente contrario a la paz\u201d<\/title>\n<meta name=\"robots\" content=\"index, follow, max-snippet:-1, max-image-preview:large, max-video-preview:-1\" \/>\n<link rel=\"canonical\" href=\"https:\/\/patagoniambiental.com.ar\/info\/huilcaman-y-entrenamiento-policial-en-colombia-pinera-esta-creando-un-ambiente-contrario-a-la-paz\/\" \/>\n<meta property=\"og:locale\" content=\"es_ES\" \/>\n<meta property=\"og:type\" content=\"article\" \/>\n<meta property=\"og:title\" content=\"Huilcam\u00e1n y entrenamiento policial en Colombia: \u201cPi\u00f1era est\u00e1 creando un ambiente contrario a la paz\u201d\" \/>\n<meta property=\"og:description\" content=\"Chile.-La capacitaci\u00f3n de funcionarios del GOPE con la polic\u00eda colombiana es, en ojos del werk\u00e9n, un \u00abdesahucio\u00bb del di\u00e1logo.\" \/>\n<meta property=\"og:url\" content=\"https:\/\/patagoniambiental.com.ar\/info\/huilcaman-y-entrenamiento-policial-en-colombia-pinera-esta-creando-un-ambiente-contrario-a-la-paz\/\" \/>\n<meta property=\"og:site_name\" content=\"Patagonia Ambiental\" \/>\n<meta property=\"article:publisher\" content=\"https:\/\/www.facebook.com\/patagonia.ambiental\" \/>\n<meta property=\"article:author\" content=\"https:\/\/www.facebook.com\/share\/1C1V8Gv9BX\/?mibextid=qi2Omg\" \/>\n<meta property=\"article:published_time\" content=\"2018-06-21T22:00:17+00:00\" \/>\n<meta property=\"og:image\" content=\"https:\/\/patagoniambiental.com.ar\/info\/wp-content\/uploads\/2018\/06\/aucan.jpg\" \/>\n\t<meta property=\"og:image:width\" content=\"1577\" \/>\n\t<meta property=\"og:image:height\" content=\"885\" \/>\n\t<meta property=\"og:image:type\" content=\"image\/jpeg\" \/>\n<meta name=\"author\" content=\"Patagonia Ambiental\" \/>\n<meta name=\"twitter:card\" content=\"summary_large_image\" \/>\n<meta name=\"twitter:creator\" content=\"@PatAmb\" \/>\n<meta name=\"twitter:site\" content=\"@PatAmb\" \/>\n<script type=\"application\/ld+json\" class=\"yoast-schema-graph\">{\"@context\":\"https:\\\/\\\/schema.org\",\"@graph\":[{\"@type\":\"Article\",\"@id\":\"https:\\\/\\\/patagoniambiental.com.ar\\\/info\\\/huilcaman-y-entrenamiento-policial-en-colombia-pinera-esta-creando-un-ambiente-contrario-a-la-paz\\\/#article\",\"isPartOf\":{\"@id\":\"https:\\\/\\\/patagoniambiental.com.ar\\\/info\\\/huilcaman-y-entrenamiento-policial-en-colombia-pinera-esta-creando-un-ambiente-contrario-a-la-paz\\\/\"},\"author\":{\"name\":\"Patagonia Ambiental\",\"@id\":\"https:\\\/\\\/patagoniambiental.com.ar\\\/info\\\/#\\\/schema\\\/person\\\/db12bff64bbcbf6a253710bf0ea37b5d\"},\"headline\":\"Huilcam\u00e1n y entrenamiento policial en Colombia: \u201cPi\u00f1era est\u00e1 creando un ambiente contrario a la paz\u201d\",\"datePublished\":\"2018-06-21T22:00:17+00:00\",\"mainEntityOfPage\":{\"@id\":\"https:\\\/\\\/patagoniambiental.com.ar\\\/info\\\/huilcaman-y-entrenamiento-policial-en-colombia-pinera-esta-creando-un-ambiente-contrario-a-la-paz\\\/\"},\"wordCount\":800,\"commentCount\":0,\"publisher\":{\"@id\":\"https:\\\/\\\/patagoniambiental.com.ar\\\/info\\\/#organization\"},\"image\":{\"@id\":\"https:\\\/\\\/patagoniambiental.com.ar\\\/info\\\/huilcaman-y-entrenamiento-policial-en-colombia-pinera-esta-creando-un-ambiente-contrario-a-la-paz\\\/#primaryimage\"},\"thumbnailUrl\":\"https:\\\/\\\/patagoniambiental.com.ar\\\/info\\\/wp-content\\\/uploads\\\/2018\\\/06\\\/aucan.jpg\",\"articleSection\":[\"Internacionales\",\"Noticias\"],\"inLanguage\":\"es\",\"potentialAction\":[{\"@type\":\"CommentAction\",\"name\":\"Comment\",\"target\":[\"https:\\\/\\\/patagoniambiental.com.ar\\\/info\\\/huilcaman-y-entrenamiento-policial-en-colombia-pinera-esta-creando-un-ambiente-contrario-a-la-paz\\\/#respond\"]}]},{\"@type\":\"WebPage\",\"@id\":\"https:\\\/\\\/patagoniambiental.com.ar\\\/info\\\/huilcaman-y-entrenamiento-policial-en-colombia-pinera-esta-creando-un-ambiente-contrario-a-la-paz\\\/\",\"url\":\"https:\\\/\\\/patagoniambiental.com.ar\\\/info\\\/huilcaman-y-entrenamiento-policial-en-colombia-pinera-esta-creando-un-ambiente-contrario-a-la-paz\\\/\",\"name\":\"Huilcam\u00e1n y entrenamiento policial en Colombia: \u201cPi\u00f1era est\u00e1 creando un ambiente contrario a la paz\u201d\",\"isPartOf\":{\"@id\":\"https:\\\/\\\/patagoniambiental.com.ar\\\/info\\\/#website\"},\"primaryImageOfPage\":{\"@id\":\"https:\\\/\\\/patagoniambiental.com.ar\\\/info\\\/huilcaman-y-entrenamiento-policial-en-colombia-pinera-esta-creando-un-ambiente-contrario-a-la-paz\\\/#primaryimage\"},\"image\":{\"@id\":\"https:\\\/\\\/patagoniambiental.com.ar\\\/info\\\/huilcaman-y-entrenamiento-policial-en-colombia-pinera-esta-creando-un-ambiente-contrario-a-la-paz\\\/#primaryimage\"},\"thumbnailUrl\":\"https:\\\/\\\/patagoniambiental.com.ar\\\/info\\\/wp-content\\\/uploads\\\/2018\\\/06\\\/aucan.jpg\",\"datePublished\":\"2018-06-21T22:00:17+00:00\",\"breadcrumb\":{\"@id\":\"https:\\\/\\\/patagoniambiental.com.ar\\\/info\\\/huilcaman-y-entrenamiento-policial-en-colombia-pinera-esta-creando-un-ambiente-contrario-a-la-paz\\\/#breadcrumb\"},\"inLanguage\":\"es\",\"potentialAction\":[{\"@type\":\"ReadAction\",\"target\":[\"https:\\\/\\\/patagoniambiental.com.ar\\\/info\\\/huilcaman-y-entrenamiento-policial-en-colombia-pinera-esta-creando-un-ambiente-contrario-a-la-paz\\\/\"]}]},{\"@type\":\"ImageObject\",\"inLanguage\":\"es\",\"@id\":\"https:\\\/\\\/patagoniambiental.com.ar\\\/info\\\/huilcaman-y-entrenamiento-policial-en-colombia-pinera-esta-creando-un-ambiente-contrario-a-la-paz\\\/#primaryimage\",\"url\":\"https:\\\/\\\/patagoniambiental.com.ar\\\/info\\\/wp-content\\\/uploads\\\/2018\\\/06\\\/aucan.jpg\",\"contentUrl\":\"https:\\\/\\\/patagoniambiental.com.ar\\\/info\\\/wp-content\\\/uploads\\\/2018\\\/06\\\/aucan.jpg\",\"width\":1577,\"height\":885,\"caption\":\"Santiago 14 de diciembre del 2015. Aucan Huilcaman, durante en entrega de \\\"propuesta de justicia ciudadana\\\" , promulgacion de ley que modifica el codigo de procedimiento civil para establecer la tramitacion digital de los procesos judiciales; y firma proyecto de ley que aumenta la dotacion de jueces para tribunales. Paul Plaza\\\/Aton Chile.\"},{\"@type\":\"BreadcrumbList\",\"@id\":\"https:\\\/\\\/patagoniambiental.com.ar\\\/info\\\/huilcaman-y-entrenamiento-policial-en-colombia-pinera-esta-creando-un-ambiente-contrario-a-la-paz\\\/#breadcrumb\",\"itemListElement\":[{\"@type\":\"ListItem\",\"position\":1,\"name\":\"Inicio\",\"item\":\"https:\\\/\\\/patagoniambiental.com.ar\\\/info\\\/\"},{\"@type\":\"ListItem\",\"position\":2,\"name\":\"Huilcam\u00e1n y entrenamiento policial en Colombia: \u201cPi\u00f1era est\u00e1 creando un ambiente contrario a la paz\u201d\"}]},{\"@type\":\"WebSite\",\"@id\":\"https:\\\/\\\/patagoniambiental.com.ar\\\/info\\\/#website\",\"url\":\"https:\\\/\\\/patagoniambiental.com.ar\\\/info\\\/\",\"name\":\"Patagonia Ambiental\",\"description\":\"Monitoreo y an\u00e1lisis de la situaci\u00f3n geopol\u00edtica en el mundo y su implicancia en la Patagonia\",\"publisher\":{\"@id\":\"https:\\\/\\\/patagoniambiental.com.ar\\\/info\\\/#organization\"},\"potentialAction\":[{\"@type\":\"SearchAction\",\"target\":{\"@type\":\"EntryPoint\",\"urlTemplate\":\"https:\\\/\\\/patagoniambiental.com.ar\\\/info\\\/?s={search_term_string}\"},\"query-input\":{\"@type\":\"PropertyValueSpecification\",\"valueRequired\":true,\"valueName\":\"search_term_string\"}}],\"inLanguage\":\"es\"},{\"@type\":\"Organization\",\"@id\":\"https:\\\/\\\/patagoniambiental.com.ar\\\/info\\\/#organization\",\"name\":\"Patagonia Ambiental\",\"url\":\"https:\\\/\\\/patagoniambiental.com.ar\\\/info\\\/\",\"logo\":{\"@type\":\"ImageObject\",\"inLanguage\":\"es\",\"@id\":\"https:\\\/\\\/patagoniambiental.com.ar\\\/info\\\/#\\\/schema\\\/logo\\\/image\\\/\",\"url\":\"https:\\\/\\\/patagoniambiental.com.ar\\\/info\\\/wp-content\\\/uploads\\\/2025\\\/05\\\/LOGO-PATAGONIA-AMBIENTAL.png\",\"contentUrl\":\"https:\\\/\\\/patagoniambiental.com.ar\\\/info\\\/wp-content\\\/uploads\\\/2025\\\/05\\\/LOGO-PATAGONIA-AMBIENTAL.png\",\"width\":433,\"height\":250,\"caption\":\"Patagonia Ambiental\"},\"image\":{\"@id\":\"https:\\\/\\\/patagoniambiental.com.ar\\\/info\\\/#\\\/schema\\\/logo\\\/image\\\/\"},\"sameAs\":[\"https:\\\/\\\/www.facebook.com\\\/patagonia.ambiental\",\"https:\\\/\\\/x.com\\\/PatAmb\"]},{\"@type\":\"Person\",\"@id\":\"https:\\\/\\\/patagoniambiental.com.ar\\\/info\\\/#\\\/schema\\\/person\\\/db12bff64bbcbf6a253710bf0ea37b5d\",\"name\":\"Patagonia Ambiental\",\"description\":\"Andr\u00e9s Nievas T\u00e9cnico en manejo ambiental, consultor Ambiental y escritor para medios locales e internacionales sobre temas de geopolitica y medio ambiente.\",\"sameAs\":[\"http:\\\/\\\/www.patagoniambiental.com.ar\",\"https:\\\/\\\/www.facebook.com\\\/share\\\/1C1V8Gv9BX\\\/?mibextid=qi2Omg\",\"@patagoniambiental\",\"https:\\\/\\\/youtube.com\\\/@patagoniaambiental2023?si=BLt58t0wuXquxlYZ\"]}]}<\/script>\n<!-- \/ Yoast SEO Premium plugin. -->","yoast_head_json":{"title":"Huilcam\u00e1n y entrenamiento policial en Colombia: \u201cPi\u00f1era est\u00e1 creando un ambiente contrario a la paz\u201d","robots":{"index":"index","follow":"follow","max-snippet":"max-snippet:-1","max-image-preview":"max-image-preview:large","max-video-preview":"max-video-preview:-1"},"canonical":"https:\/\/patagoniambiental.com.ar\/info\/huilcaman-y-entrenamiento-policial-en-colombia-pinera-esta-creando-un-ambiente-contrario-a-la-paz\/","og_locale":"es_ES","og_type":"article","og_title":"Huilcam\u00e1n y entrenamiento policial en Colombia: \u201cPi\u00f1era est\u00e1 creando un ambiente contrario a la paz\u201d","og_description":"Chile.-La capacitaci\u00f3n de funcionarios del GOPE con la polic\u00eda colombiana es, en ojos del werk\u00e9n, un \u00abdesahucio\u00bb del di\u00e1logo.","og_url":"https:\/\/patagoniambiental.com.ar\/info\/huilcaman-y-entrenamiento-policial-en-colombia-pinera-esta-creando-un-ambiente-contrario-a-la-paz\/","og_site_name":"Patagonia Ambiental","article_publisher":"https:\/\/www.facebook.com\/patagonia.ambiental","article_author":"https:\/\/www.facebook.com\/share\/1C1V8Gv9BX\/?mibextid=qi2Omg","article_published_time":"2018-06-21T22:00:17+00:00","og_image":[{"width":1577,"height":885,"url":"https:\/\/patagoniambiental.com.ar\/info\/wp-content\/uploads\/2018\/06\/aucan.jpg","type":"image\/jpeg"}],"author":"Patagonia Ambiental","twitter_card":"summary_large_image","twitter_creator":"@PatAmb","twitter_site":"@PatAmb","schema":{"@context":"https:\/\/schema.org","@graph":[{"@type":"Article","@id":"https:\/\/patagoniambiental.com.ar\/info\/huilcaman-y-entrenamiento-policial-en-colombia-pinera-esta-creando-un-ambiente-contrario-a-la-paz\/#article","isPartOf":{"@id":"https:\/\/patagoniambiental.com.ar\/info\/huilcaman-y-entrenamiento-policial-en-colombia-pinera-esta-creando-un-ambiente-contrario-a-la-paz\/"},"author":{"name":"Patagonia Ambiental","@id":"https:\/\/patagoniambiental.com.ar\/info\/#\/schema\/person\/db12bff64bbcbf6a253710bf0ea37b5d"},"headline":"Huilcam\u00e1n y entrenamiento policial en Colombia: \u201cPi\u00f1era est\u00e1 creando un ambiente contrario a la paz\u201d","datePublished":"2018-06-21T22:00:17+00:00","mainEntityOfPage":{"@id":"https:\/\/patagoniambiental.com.ar\/info\/huilcaman-y-entrenamiento-policial-en-colombia-pinera-esta-creando-un-ambiente-contrario-a-la-paz\/"},"wordCount":800,"commentCount":0,"publisher":{"@id":"https:\/\/patagoniambiental.com.ar\/info\/#organization"},"image":{"@id":"https:\/\/patagoniambiental.com.ar\/info\/huilcaman-y-entrenamiento-policial-en-colombia-pinera-esta-creando-un-ambiente-contrario-a-la-paz\/#primaryimage"},"thumbnailUrl":"https:\/\/patagoniambiental.com.ar\/info\/wp-content\/uploads\/2018\/06\/aucan.jpg","articleSection":["Internacionales","Noticias"],"inLanguage":"es","potentialAction":[{"@type":"CommentAction","name":"Comment","target":["https:\/\/patagoniambiental.com.ar\/info\/huilcaman-y-entrenamiento-policial-en-colombia-pinera-esta-creando-un-ambiente-contrario-a-la-paz\/#respond"]}]},{"@type":"WebPage","@id":"https:\/\/patagoniambiental.com.ar\/info\/huilcaman-y-entrenamiento-policial-en-colombia-pinera-esta-creando-un-ambiente-contrario-a-la-paz\/","url":"https:\/\/patagoniambiental.com.ar\/info\/huilcaman-y-entrenamiento-policial-en-colombia-pinera-esta-creando-un-ambiente-contrario-a-la-paz\/","name":"Huilcam\u00e1n y entrenamiento policial en Colombia: \u201cPi\u00f1era est\u00e1 creando un ambiente contrario a la paz\u201d","isPartOf":{"@id":"https:\/\/patagoniambiental.com.ar\/info\/#website"},"primaryImageOfPage":{"@id":"https:\/\/patagoniambiental.com.ar\/info\/huilcaman-y-entrenamiento-policial-en-colombia-pinera-esta-creando-un-ambiente-contrario-a-la-paz\/#primaryimage"},"image":{"@id":"https:\/\/patagoniambiental.com.ar\/info\/huilcaman-y-entrenamiento-policial-en-colombia-pinera-esta-creando-un-ambiente-contrario-a-la-paz\/#primaryimage"},"thumbnailUrl":"https:\/\/patagoniambiental.com.ar\/info\/wp-content\/uploads\/2018\/06\/aucan.jpg","datePublished":"2018-06-21T22:00:17+00:00","breadcrumb":{"@id":"https:\/\/patagoniambiental.com.ar\/info\/huilcaman-y-entrenamiento-policial-en-colombia-pinera-esta-creando-un-ambiente-contrario-a-la-paz\/#breadcrumb"},"inLanguage":"es","potentialAction":[{"@type":"ReadAction","target":["https:\/\/patagoniambiental.com.ar\/info\/huilcaman-y-entrenamiento-policial-en-colombia-pinera-esta-creando-un-ambiente-contrario-a-la-paz\/"]}]},{"@type":"ImageObject","inLanguage":"es","@id":"https:\/\/patagoniambiental.com.ar\/info\/huilcaman-y-entrenamiento-policial-en-colombia-pinera-esta-creando-un-ambiente-contrario-a-la-paz\/#primaryimage","url":"https:\/\/patagoniambiental.com.ar\/info\/wp-content\/uploads\/2018\/06\/aucan.jpg","contentUrl":"https:\/\/patagoniambiental.com.ar\/info\/wp-content\/uploads\/2018\/06\/aucan.jpg","width":1577,"height":885,"caption":"Santiago 14 de diciembre del 2015. Aucan Huilcaman, durante en entrega de \"propuesta de justicia ciudadana\" , promulgacion de ley que modifica el codigo de procedimiento civil para establecer la tramitacion digital de los procesos judiciales; y firma proyecto de ley que aumenta la dotacion de jueces para tribunales. Paul Plaza\/Aton Chile."},{"@type":"BreadcrumbList","@id":"https:\/\/patagoniambiental.com.ar\/info\/huilcaman-y-entrenamiento-policial-en-colombia-pinera-esta-creando-un-ambiente-contrario-a-la-paz\/#breadcrumb","itemListElement":[{"@type":"ListItem","position":1,"name":"Inicio","item":"https:\/\/patagoniambiental.com.ar\/info\/"},{"@type":"ListItem","position":2,"name":"Huilcam\u00e1n y entrenamiento policial en Colombia: \u201cPi\u00f1era est\u00e1 creando un ambiente contrario a la paz\u201d"}]},{"@type":"WebSite","@id":"https:\/\/patagoniambiental.com.ar\/info\/#website","url":"https:\/\/patagoniambiental.com.ar\/info\/","name":"Patagonia Ambiental","description":"Monitoreo y an\u00e1lisis de la situaci\u00f3n geopol\u00edtica en el mundo y su implicancia en la Patagonia","publisher":{"@id":"https:\/\/patagoniambiental.com.ar\/info\/#organization"},"potentialAction":[{"@type":"SearchAction","target":{"@type":"EntryPoint","urlTemplate":"https:\/\/patagoniambiental.com.ar\/info\/?s={search_term_string}"},"query-input":{"@type":"PropertyValueSpecification","valueRequired":true,"valueName":"search_term_string"}}],"inLanguage":"es"},{"@type":"Organization","@id":"https:\/\/patagoniambiental.com.ar\/info\/#organization","name":"Patagonia Ambiental","url":"https:\/\/patagoniambiental.com.ar\/info\/","logo":{"@type":"ImageObject","inLanguage":"es","@id":"https:\/\/patagoniambiental.com.ar\/info\/#\/schema\/logo\/image\/","url":"https:\/\/patagoniambiental.com.ar\/info\/wp-content\/uploads\/2025\/05\/LOGO-PATAGONIA-AMBIENTAL.png","contentUrl":"https:\/\/patagoniambiental.com.ar\/info\/wp-content\/uploads\/2025\/05\/LOGO-PATAGONIA-AMBIENTAL.png","width":433,"height":250,"caption":"Patagonia Ambiental"},"image":{"@id":"https:\/\/patagoniambiental.com.ar\/info\/#\/schema\/logo\/image\/"},"sameAs":["https:\/\/www.facebook.com\/patagonia.ambiental","https:\/\/x.com\/PatAmb"]},{"@type":"Person","@id":"https:\/\/patagoniambiental.com.ar\/info\/#\/schema\/person\/db12bff64bbcbf6a253710bf0ea37b5d","name":"Patagonia Ambiental","description":"Andr\u00e9s Nievas T\u00e9cnico en manejo ambiental, consultor Ambiental y escritor para medios locales e internacionales sobre temas de geopolitica y medio ambiente.","sameAs":["http:\/\/www.patagoniambiental.com.ar","https:\/\/www.facebook.com\/share\/1C1V8Gv9BX\/?mibextid=qi2Omg","@patagoniambiental","https:\/\/youtube.com\/@patagoniaambiental2023?si=BLt58t0wuXquxlYZ"]}]}},"_links":{"self":[{"href":"https:\/\/patagoniambiental.com.ar\/info\/wp-json\/wp\/v2\/posts\/48586","targetHints":{"allow":["GET"]}}],"collection":[{"href":"https:\/\/patagoniambiental.com.ar\/info\/wp-json\/wp\/v2\/posts"}],"about":[{"href":"https:\/\/patagoniambiental.com.ar\/info\/wp-json\/wp\/v2\/types\/post"}],"author":[{"embeddable":true,"href":"https:\/\/patagoniambiental.com.ar\/info\/wp-json\/wp\/v2\/users\/2"}],"replies":[{"embeddable":true,"href":"https:\/\/patagoniambiental.com.ar\/info\/wp-json\/wp\/v2\/comments?post=48586"}],"version-history":[{"count":0,"href":"https:\/\/patagoniambiental.com.ar\/info\/wp-json\/wp\/v2\/posts\/48586\/revisions"}],"wp:featuredmedia":[{"embeddable":true,"href":"https:\/\/patagoniambiental.com.ar\/info\/wp-json\/wp\/v2\/media\/48587"}],"wp:attachment":[{"href":"https:\/\/patagoniambiental.com.ar\/info\/wp-json\/wp\/v2\/media?parent=48586"}],"wp:term":[{"taxonomy":"category","embeddable":true,"href":"https:\/\/patagoniambiental.com.ar\/info\/wp-json\/wp\/v2\/categories?post=48586"},{"taxonomy":"post_tag","embeddable":true,"href":"https:\/\/patagoniambiental.com.ar\/info\/wp-json\/wp\/v2\/tags?post=48586"}],"curies":[{"name":"wp","href":"https:\/\/api.w.org\/{rel}","templated":true}]}}