{"id":48632,"date":"2018-06-22T19:00:37","date_gmt":"2018-06-22T22:00:37","guid":{"rendered":"http:\/\/patagoniambiental.com.ar\/info\/?p=48632"},"modified":"2018-06-21T10:25:56","modified_gmt":"2018-06-21T13:25:56","slug":"conflicto-y-cambio-climatico-importantes-factores-detras-de-hambre-y-desplazamiento-onu","status":"publish","type":"post","link":"https:\/\/patagoniambiental.com.ar\/info\/conflicto-y-cambio-climatico-importantes-factores-detras-de-hambre-y-desplazamiento-onu\/","title":{"rendered":"Conflicto y cambio clim\u00e1tico, importantes factores detr\u00e1s de hambre y desplazamiento: ONU"},"content":{"rendered":"<p>NACIONES UNIDAS, 20 jun (Xinhua) &#8212; El conflicto y el cambio clim\u00e1tico son los principales factores que contribuyen al creciente n\u00famero de personas con hambre y en situaci\u00f3n de desplazamiento forzoso y que limitan los avances hacia el acceso universal a servicios b\u00e1sicos de agua y saneamiento, se indic\u00f3 en un informe de la ONU publicado hoy.<\/p>\n<p><!--more--><\/p>\n<p>El reci\u00e9n publicado Informe de los Objetivos de Desarrollo Sostenible 2018 indic\u00f3 que hubo un incremento de 38 millones de personas con hambre en el mundo, de 777 millones en 2015 a 815 millones en 2016, y que el conflicto es uno de los principales factores de la inseguridad alimentaria en 18 pa\u00edses.<\/p>\n<p>En 2017, el mundo experiment\u00f3 la m\u00e1s costosa temporada de huracanes en el Atl\u00e1ntico norte jam\u00e1s registrada y las p\u00e9rdidas econ\u00f3micas atribuidas a los desastres ascendieron a m\u00e1s de 300.000 millones de d\u00f3lares.<\/p>\n<p>Al mismo tiempo, el informe encontr\u00f3 que en general, m\u00e1s personas llevan una vida mejor que antes. La proporci\u00f3n de trabajadores del mundo que viven con sus familias con menos de 1,90 d\u00f3lares diarios baj\u00f3 de 26,9 por ciento en el 2000 a 9,2 por ciento en 2017.<\/p>\n<p>La tasa de mortalidad de menores de cinco a\u00f1os disminuy\u00f3 cerca de 50 por ciento entre el 2000 y 2016 y en los pa\u00edses menos desarrollados, la proporci\u00f3n de poblaci\u00f3n con acceso a electricidad aument\u00f3 m\u00e1s del doble durante el mismo per\u00edodo.<\/p>\n<p>Sin embargo, en 2015, 2.300 millones de personas todav\u00eda carec\u00edan de servicios b\u00e1sicos de saneamiento y 892 millones personas segu\u00edan defecando al aire libre, seg\u00fan el informe. En 2016 hubo 216 millones de casos de malaria, en comparaci\u00f3n con los 210 millones de casos de 2013.<\/p>\n<p>Adem\u00e1s, cerca de 4.000 millones de personas no contaban con protecci\u00f3n social en 2016, se\u00f1al\u00f3 el informe.<\/p>\n<p>El informe present\u00f3 una revisi\u00f3n de los avances para lograr la Agenda 2030 para el Desarrollo Sostenible, la cual consiste de 17 objetivos y 169 metas. La agenda fue adoptada en la Cumbre sobre Desarrollo Sostenible de la ONU el 25 de septiembre de 2015.<\/p>\n<p>Fuente:\u00a0http:\/\/spanish.xinhuanet.com\/2018-06\/21\/c_137268835.htm<\/p>\n","protected":false},"excerpt":{"rendered":"<p>NACIONES UNIDAS, 20 jun (Xinhua) &#8212; El conflicto y el cambio clim\u00e1tico son los principales factores que contribuyen al creciente [&hellip;]<\/p>\n","protected":false},"author":2,"featured_media":43848,"comment_status":"open","ping_status":"open","sticky":false,"template":"","format":"standard","meta":{"site-sidebar-layout":"default","site-content-layout":"","ast-site-content-layout":"default","site-content-style":"default","site-sidebar-style":"default","ast-global-header-display":"","ast-banner-title-visibility":"","ast-main-header-display":"","ast-hfb-above-header-display":"","ast-hfb-below-header-display":"","ast-hfb-mobile-header-display":"","site-post-title":"","ast-breadcrumbs-content":"","ast-featured-img":"","footer-sml-layout":"","ast-disable-related-posts":"","theme-transparent-header-meta":"","adv-header-id-meta":"","stick-header-meta":"","header-above-stick-meta":"","header-main-stick-meta":"","header-below-stick-meta":"","astra-migrate-meta-layouts":"default","ast-page-background-enabled":"default","ast-page-background-meta":{"desktop":{"background-color":"var(--ast-global-color-5)","background-image":"","background-repeat":"repeat","background-position":"center center","background-size":"auto","background-attachment":"scroll","background-type":"","background-media":"","overlay-type":"","overlay-color":"","overlay-opacity":"","overlay-gradient":""},"tablet":{"background-color":"","background-image":"","background-repeat":"repeat","background-position":"center center","background-size":"auto","background-attachment":"scroll","background-type":"","background-media":"","overlay-type":"","overlay-color":"","overlay-opacity":"","overlay-gradient":""},"mobile":{"background-color":"","background-image":"","background-repeat":"repeat","background-position":"center center","background-size":"auto","background-attachment":"scroll","background-type":"","background-media":"","overlay-type":"","overlay-color":"","overlay-opacity":"","overlay-gradient":""}},"ast-content-background-meta":{"desktop":{"background-color":"var(--ast-global-color-4)","background-image":"","background-repeat":"repeat","background-position":"center center","background-size":"auto","background-attachment":"scroll","background-type":"","background-media":"","overlay-type":"","overlay-color":"","overlay-opacity":"","overlay-gradient":""},"tablet":{"background-color":"var(--ast-global-color-4)","background-image":"","background-repeat":"repeat","background-position":"center center","background-size":"auto","background-attachment":"scroll","background-type":"","background-media":"","overlay-type":"","overlay-color":"","overlay-opacity":"","overlay-gradient":""},"mobile":{"background-color":"var(--ast-global-color-4)","background-image":"","background-repeat":"repeat","background-position":"center center","background-size":"auto","background-attachment":"scroll","background-type":"","background-media":"","overlay-type":"","overlay-color":"","overlay-opacity":"","overlay-gradient":""}},"footnotes":""},"categories":[23,1],"tags":[],"class_list":["post-48632","post","type-post","status-publish","format-standard","has-post-thumbnail","hentry","category-internacionales","category-noticias"],"yoast_head":"<!-- This site is optimized with the Yoast SEO Premium plugin v23.0 (Yoast SEO v27.4) - https:\/\/yoast.com\/product\/yoast-seo-premium-wordpress\/ -->\n<title>Conflicto y cambio clim\u00e1tico, importantes factores detr\u00e1s de hambre y desplazamiento: ONU<\/title>\n<meta name=\"robots\" content=\"index, follow, max-snippet:-1, max-image-preview:large, max-video-preview:-1\" \/>\n<link rel=\"canonical\" href=\"https:\/\/patagoniambiental.com.ar\/info\/conflicto-y-cambio-climatico-importantes-factores-detras-de-hambre-y-desplazamiento-onu\/\" \/>\n<meta property=\"og:locale\" content=\"es_ES\" \/>\n<meta property=\"og:type\" content=\"article\" \/>\n<meta property=\"og:title\" content=\"Conflicto y cambio clim\u00e1tico, importantes factores detr\u00e1s de hambre y desplazamiento: ONU\" \/>\n<meta property=\"og:description\" content=\"NACIONES UNIDAS, 20 jun (Xinhua) &#8212; El conflicto y el cambio clim\u00e1tico son los principales factores que contribuyen al creciente [&hellip;]\" \/>\n<meta property=\"og:url\" content=\"https:\/\/patagoniambiental.com.ar\/info\/conflicto-y-cambio-climatico-importantes-factores-detras-de-hambre-y-desplazamiento-onu\/\" \/>\n<meta property=\"og:site_name\" content=\"Patagonia Ambiental\" \/>\n<meta property=\"article:publisher\" content=\"https:\/\/www.facebook.com\/patagonia.ambiental\" \/>\n<meta property=\"article:author\" content=\"https:\/\/www.facebook.com\/share\/1C1V8Gv9BX\/?mibextid=qi2Omg\" \/>\n<meta property=\"article:published_time\" content=\"2018-06-22T22:00:37+00:00\" \/>\n<meta property=\"og:image\" content=\"https:\/\/patagoniambiental.com.ar\/info\/wp-content\/uploads\/2018\/03\/cambio-climatico-2.jpg\" \/>\n\t<meta property=\"og:image:width\" content=\"299\" \/>\n\t<meta property=\"og:image:height\" content=\"168\" \/>\n\t<meta property=\"og:image:type\" content=\"image\/jpeg\" \/>\n<meta name=\"author\" content=\"Patagonia Ambiental\" \/>\n<meta name=\"twitter:card\" content=\"summary_large_image\" \/>\n<meta name=\"twitter:creator\" content=\"@PatAmb\" \/>\n<meta name=\"twitter:site\" content=\"@PatAmb\" \/>\n<script type=\"application\/ld+json\" class=\"yoast-schema-graph\">{\"@context\":\"https:\\\/\\\/schema.org\",\"@graph\":[{\"@type\":\"Article\",\"@id\":\"https:\\\/\\\/patagoniambiental.com.ar\\\/info\\\/conflicto-y-cambio-climatico-importantes-factores-detras-de-hambre-y-desplazamiento-onu\\\/#article\",\"isPartOf\":{\"@id\":\"https:\\\/\\\/patagoniambiental.com.ar\\\/info\\\/conflicto-y-cambio-climatico-importantes-factores-detras-de-hambre-y-desplazamiento-onu\\\/\"},\"author\":{\"name\":\"Patagonia Ambiental\",\"@id\":\"https:\\\/\\\/patagoniambiental.com.ar\\\/info\\\/#\\\/schema\\\/person\\\/db12bff64bbcbf6a253710bf0ea37b5d\"},\"headline\":\"Conflicto y cambio clim\u00e1tico, importantes factores detr\u00e1s de hambre y desplazamiento: ONU\",\"datePublished\":\"2018-06-22T22:00:37+00:00\",\"mainEntityOfPage\":{\"@id\":\"https:\\\/\\\/patagoniambiental.com.ar\\\/info\\\/conflicto-y-cambio-climatico-importantes-factores-detras-de-hambre-y-desplazamiento-onu\\\/\"},\"wordCount\":363,\"commentCount\":0,\"publisher\":{\"@id\":\"https:\\\/\\\/patagoniambiental.com.ar\\\/info\\\/#organization\"},\"image\":{\"@id\":\"https:\\\/\\\/patagoniambiental.com.ar\\\/info\\\/conflicto-y-cambio-climatico-importantes-factores-detras-de-hambre-y-desplazamiento-onu\\\/#primaryimage\"},\"thumbnailUrl\":\"https:\\\/\\\/patagoniambiental.com.ar\\\/info\\\/wp-content\\\/uploads\\\/2018\\\/03\\\/cambio-climatico-2.jpg\",\"articleSection\":[\"Internacionales\",\"Noticias\"],\"inLanguage\":\"es\",\"potentialAction\":[{\"@type\":\"CommentAction\",\"name\":\"Comment\",\"target\":[\"https:\\\/\\\/patagoniambiental.com.ar\\\/info\\\/conflicto-y-cambio-climatico-importantes-factores-detras-de-hambre-y-desplazamiento-onu\\\/#respond\"]}]},{\"@type\":\"WebPage\",\"@id\":\"https:\\\/\\\/patagoniambiental.com.ar\\\/info\\\/conflicto-y-cambio-climatico-importantes-factores-detras-de-hambre-y-desplazamiento-onu\\\/\",\"url\":\"https:\\\/\\\/patagoniambiental.com.ar\\\/info\\\/conflicto-y-cambio-climatico-importantes-factores-detras-de-hambre-y-desplazamiento-onu\\\/\",\"name\":\"Conflicto y cambio clim\u00e1tico, importantes factores detr\u00e1s de hambre y desplazamiento: ONU\",\"isPartOf\":{\"@id\":\"https:\\\/\\\/patagoniambiental.com.ar\\\/info\\\/#website\"},\"primaryImageOfPage\":{\"@id\":\"https:\\\/\\\/patagoniambiental.com.ar\\\/info\\\/conflicto-y-cambio-climatico-importantes-factores-detras-de-hambre-y-desplazamiento-onu\\\/#primaryimage\"},\"image\":{\"@id\":\"https:\\\/\\\/patagoniambiental.com.ar\\\/info\\\/conflicto-y-cambio-climatico-importantes-factores-detras-de-hambre-y-desplazamiento-onu\\\/#primaryimage\"},\"thumbnailUrl\":\"https:\\\/\\\/patagoniambiental.com.ar\\\/info\\\/wp-content\\\/uploads\\\/2018\\\/03\\\/cambio-climatico-2.jpg\",\"datePublished\":\"2018-06-22T22:00:37+00:00\",\"breadcrumb\":{\"@id\":\"https:\\\/\\\/patagoniambiental.com.ar\\\/info\\\/conflicto-y-cambio-climatico-importantes-factores-detras-de-hambre-y-desplazamiento-onu\\\/#breadcrumb\"},\"inLanguage\":\"es\",\"potentialAction\":[{\"@type\":\"ReadAction\",\"target\":[\"https:\\\/\\\/patagoniambiental.com.ar\\\/info\\\/conflicto-y-cambio-climatico-importantes-factores-detras-de-hambre-y-desplazamiento-onu\\\/\"]}]},{\"@type\":\"ImageObject\",\"inLanguage\":\"es\",\"@id\":\"https:\\\/\\\/patagoniambiental.com.ar\\\/info\\\/conflicto-y-cambio-climatico-importantes-factores-detras-de-hambre-y-desplazamiento-onu\\\/#primaryimage\",\"url\":\"https:\\\/\\\/patagoniambiental.com.ar\\\/info\\\/wp-content\\\/uploads\\\/2018\\\/03\\\/cambio-climatico-2.jpg\",\"contentUrl\":\"https:\\\/\\\/patagoniambiental.com.ar\\\/info\\\/wp-content\\\/uploads\\\/2018\\\/03\\\/cambio-climatico-2.jpg\",\"width\":299,\"height\":168},{\"@type\":\"BreadcrumbList\",\"@id\":\"https:\\\/\\\/patagoniambiental.com.ar\\\/info\\\/conflicto-y-cambio-climatico-importantes-factores-detras-de-hambre-y-desplazamiento-onu\\\/#breadcrumb\",\"itemListElement\":[{\"@type\":\"ListItem\",\"position\":1,\"name\":\"Inicio\",\"item\":\"https:\\\/\\\/patagoniambiental.com.ar\\\/info\\\/\"},{\"@type\":\"ListItem\",\"position\":2,\"name\":\"Conflicto y cambio clim\u00e1tico, importantes factores detr\u00e1s de hambre y desplazamiento: ONU\"}]},{\"@type\":\"WebSite\",\"@id\":\"https:\\\/\\\/patagoniambiental.com.ar\\\/info\\\/#website\",\"url\":\"https:\\\/\\\/patagoniambiental.com.ar\\\/info\\\/\",\"name\":\"Patagonia Ambiental\",\"description\":\"Monitoreo y an\u00e1lisis de la situaci\u00f3n geopol\u00edtica en el mundo y su implicancia en la Patagonia\",\"publisher\":{\"@id\":\"https:\\\/\\\/patagoniambiental.com.ar\\\/info\\\/#organization\"},\"potentialAction\":[{\"@type\":\"SearchAction\",\"target\":{\"@type\":\"EntryPoint\",\"urlTemplate\":\"https:\\\/\\\/patagoniambiental.com.ar\\\/info\\\/?s={search_term_string}\"},\"query-input\":{\"@type\":\"PropertyValueSpecification\",\"valueRequired\":true,\"valueName\":\"search_term_string\"}}],\"inLanguage\":\"es\"},{\"@type\":\"Organization\",\"@id\":\"https:\\\/\\\/patagoniambiental.com.ar\\\/info\\\/#organization\",\"name\":\"Patagonia Ambiental\",\"url\":\"https:\\\/\\\/patagoniambiental.com.ar\\\/info\\\/\",\"logo\":{\"@type\":\"ImageObject\",\"inLanguage\":\"es\",\"@id\":\"https:\\\/\\\/patagoniambiental.com.ar\\\/info\\\/#\\\/schema\\\/logo\\\/image\\\/\",\"url\":\"https:\\\/\\\/patagoniambiental.com.ar\\\/info\\\/wp-content\\\/uploads\\\/2025\\\/05\\\/LOGO-PATAGONIA-AMBIENTAL.png\",\"contentUrl\":\"https:\\\/\\\/patagoniambiental.com.ar\\\/info\\\/wp-content\\\/uploads\\\/2025\\\/05\\\/LOGO-PATAGONIA-AMBIENTAL.png\",\"width\":433,\"height\":250,\"caption\":\"Patagonia Ambiental\"},\"image\":{\"@id\":\"https:\\\/\\\/patagoniambiental.com.ar\\\/info\\\/#\\\/schema\\\/logo\\\/image\\\/\"},\"sameAs\":[\"https:\\\/\\\/www.facebook.com\\\/patagonia.ambiental\",\"https:\\\/\\\/x.com\\\/PatAmb\"]},{\"@type\":\"Person\",\"@id\":\"https:\\\/\\\/patagoniambiental.com.ar\\\/info\\\/#\\\/schema\\\/person\\\/db12bff64bbcbf6a253710bf0ea37b5d\",\"name\":\"Patagonia Ambiental\",\"description\":\"Andr\u00e9s Nievas T\u00e9cnico en manejo ambiental, consultor Ambiental y escritor para medios locales e internacionales sobre temas de geopolitica y medio ambiente.\",\"sameAs\":[\"http:\\\/\\\/www.patagoniambiental.com.ar\",\"https:\\\/\\\/www.facebook.com\\\/share\\\/1C1V8Gv9BX\\\/?mibextid=qi2Omg\",\"@patagoniambiental\",\"https:\\\/\\\/youtube.com\\\/@patagoniaambiental2023?si=BLt58t0wuXquxlYZ\"]}]}<\/script>\n<!-- \/ Yoast SEO Premium plugin. -->","yoast_head_json":{"title":"Conflicto y cambio clim\u00e1tico, importantes factores detr\u00e1s de hambre y desplazamiento: ONU","robots":{"index":"index","follow":"follow","max-snippet":"max-snippet:-1","max-image-preview":"max-image-preview:large","max-video-preview":"max-video-preview:-1"},"canonical":"https:\/\/patagoniambiental.com.ar\/info\/conflicto-y-cambio-climatico-importantes-factores-detras-de-hambre-y-desplazamiento-onu\/","og_locale":"es_ES","og_type":"article","og_title":"Conflicto y cambio clim\u00e1tico, importantes factores detr\u00e1s de hambre y desplazamiento: ONU","og_description":"NACIONES UNIDAS, 20 jun (Xinhua) &#8212; El conflicto y el cambio clim\u00e1tico son los principales factores que contribuyen al creciente [&hellip;]","og_url":"https:\/\/patagoniambiental.com.ar\/info\/conflicto-y-cambio-climatico-importantes-factores-detras-de-hambre-y-desplazamiento-onu\/","og_site_name":"Patagonia Ambiental","article_publisher":"https:\/\/www.facebook.com\/patagonia.ambiental","article_author":"https:\/\/www.facebook.com\/share\/1C1V8Gv9BX\/?mibextid=qi2Omg","article_published_time":"2018-06-22T22:00:37+00:00","og_image":[{"width":299,"height":168,"url":"https:\/\/patagoniambiental.com.ar\/info\/wp-content\/uploads\/2018\/03\/cambio-climatico-2.jpg","type":"image\/jpeg"}],"author":"Patagonia Ambiental","twitter_card":"summary_large_image","twitter_creator":"@PatAmb","twitter_site":"@PatAmb","schema":{"@context":"https:\/\/schema.org","@graph":[{"@type":"Article","@id":"https:\/\/patagoniambiental.com.ar\/info\/conflicto-y-cambio-climatico-importantes-factores-detras-de-hambre-y-desplazamiento-onu\/#article","isPartOf":{"@id":"https:\/\/patagoniambiental.com.ar\/info\/conflicto-y-cambio-climatico-importantes-factores-detras-de-hambre-y-desplazamiento-onu\/"},"author":{"name":"Patagonia Ambiental","@id":"https:\/\/patagoniambiental.com.ar\/info\/#\/schema\/person\/db12bff64bbcbf6a253710bf0ea37b5d"},"headline":"Conflicto y cambio clim\u00e1tico, importantes factores detr\u00e1s de hambre y desplazamiento: ONU","datePublished":"2018-06-22T22:00:37+00:00","mainEntityOfPage":{"@id":"https:\/\/patagoniambiental.com.ar\/info\/conflicto-y-cambio-climatico-importantes-factores-detras-de-hambre-y-desplazamiento-onu\/"},"wordCount":363,"commentCount":0,"publisher":{"@id":"https:\/\/patagoniambiental.com.ar\/info\/#organization"},"image":{"@id":"https:\/\/patagoniambiental.com.ar\/info\/conflicto-y-cambio-climatico-importantes-factores-detras-de-hambre-y-desplazamiento-onu\/#primaryimage"},"thumbnailUrl":"https:\/\/patagoniambiental.com.ar\/info\/wp-content\/uploads\/2018\/03\/cambio-climatico-2.jpg","articleSection":["Internacionales","Noticias"],"inLanguage":"es","potentialAction":[{"@type":"CommentAction","name":"Comment","target":["https:\/\/patagoniambiental.com.ar\/info\/conflicto-y-cambio-climatico-importantes-factores-detras-de-hambre-y-desplazamiento-onu\/#respond"]}]},{"@type":"WebPage","@id":"https:\/\/patagoniambiental.com.ar\/info\/conflicto-y-cambio-climatico-importantes-factores-detras-de-hambre-y-desplazamiento-onu\/","url":"https:\/\/patagoniambiental.com.ar\/info\/conflicto-y-cambio-climatico-importantes-factores-detras-de-hambre-y-desplazamiento-onu\/","name":"Conflicto y cambio clim\u00e1tico, importantes factores detr\u00e1s de hambre y desplazamiento: ONU","isPartOf":{"@id":"https:\/\/patagoniambiental.com.ar\/info\/#website"},"primaryImageOfPage":{"@id":"https:\/\/patagoniambiental.com.ar\/info\/conflicto-y-cambio-climatico-importantes-factores-detras-de-hambre-y-desplazamiento-onu\/#primaryimage"},"image":{"@id":"https:\/\/patagoniambiental.com.ar\/info\/conflicto-y-cambio-climatico-importantes-factores-detras-de-hambre-y-desplazamiento-onu\/#primaryimage"},"thumbnailUrl":"https:\/\/patagoniambiental.com.ar\/info\/wp-content\/uploads\/2018\/03\/cambio-climatico-2.jpg","datePublished":"2018-06-22T22:00:37+00:00","breadcrumb":{"@id":"https:\/\/patagoniambiental.com.ar\/info\/conflicto-y-cambio-climatico-importantes-factores-detras-de-hambre-y-desplazamiento-onu\/#breadcrumb"},"inLanguage":"es","potentialAction":[{"@type":"ReadAction","target":["https:\/\/patagoniambiental.com.ar\/info\/conflicto-y-cambio-climatico-importantes-factores-detras-de-hambre-y-desplazamiento-onu\/"]}]},{"@type":"ImageObject","inLanguage":"es","@id":"https:\/\/patagoniambiental.com.ar\/info\/conflicto-y-cambio-climatico-importantes-factores-detras-de-hambre-y-desplazamiento-onu\/#primaryimage","url":"https:\/\/patagoniambiental.com.ar\/info\/wp-content\/uploads\/2018\/03\/cambio-climatico-2.jpg","contentUrl":"https:\/\/patagoniambiental.com.ar\/info\/wp-content\/uploads\/2018\/03\/cambio-climatico-2.jpg","width":299,"height":168},{"@type":"BreadcrumbList","@id":"https:\/\/patagoniambiental.com.ar\/info\/conflicto-y-cambio-climatico-importantes-factores-detras-de-hambre-y-desplazamiento-onu\/#breadcrumb","itemListElement":[{"@type":"ListItem","position":1,"name":"Inicio","item":"https:\/\/patagoniambiental.com.ar\/info\/"},{"@type":"ListItem","position":2,"name":"Conflicto y cambio clim\u00e1tico, importantes factores detr\u00e1s de hambre y desplazamiento: ONU"}]},{"@type":"WebSite","@id":"https:\/\/patagoniambiental.com.ar\/info\/#website","url":"https:\/\/patagoniambiental.com.ar\/info\/","name":"Patagonia Ambiental","description":"Monitoreo y an\u00e1lisis de la situaci\u00f3n geopol\u00edtica en el mundo y su implicancia en la Patagonia","publisher":{"@id":"https:\/\/patagoniambiental.com.ar\/info\/#organization"},"potentialAction":[{"@type":"SearchAction","target":{"@type":"EntryPoint","urlTemplate":"https:\/\/patagoniambiental.com.ar\/info\/?s={search_term_string}"},"query-input":{"@type":"PropertyValueSpecification","valueRequired":true,"valueName":"search_term_string"}}],"inLanguage":"es"},{"@type":"Organization","@id":"https:\/\/patagoniambiental.com.ar\/info\/#organization","name":"Patagonia Ambiental","url":"https:\/\/patagoniambiental.com.ar\/info\/","logo":{"@type":"ImageObject","inLanguage":"es","@id":"https:\/\/patagoniambiental.com.ar\/info\/#\/schema\/logo\/image\/","url":"https:\/\/patagoniambiental.com.ar\/info\/wp-content\/uploads\/2025\/05\/LOGO-PATAGONIA-AMBIENTAL.png","contentUrl":"https:\/\/patagoniambiental.com.ar\/info\/wp-content\/uploads\/2025\/05\/LOGO-PATAGONIA-AMBIENTAL.png","width":433,"height":250,"caption":"Patagonia Ambiental"},"image":{"@id":"https:\/\/patagoniambiental.com.ar\/info\/#\/schema\/logo\/image\/"},"sameAs":["https:\/\/www.facebook.com\/patagonia.ambiental","https:\/\/x.com\/PatAmb"]},{"@type":"Person","@id":"https:\/\/patagoniambiental.com.ar\/info\/#\/schema\/person\/db12bff64bbcbf6a253710bf0ea37b5d","name":"Patagonia Ambiental","description":"Andr\u00e9s Nievas T\u00e9cnico en manejo ambiental, consultor Ambiental y escritor para medios locales e internacionales sobre temas de geopolitica y medio ambiente.","sameAs":["http:\/\/www.patagoniambiental.com.ar","https:\/\/www.facebook.com\/share\/1C1V8Gv9BX\/?mibextid=qi2Omg","@patagoniambiental","https:\/\/youtube.com\/@patagoniaambiental2023?si=BLt58t0wuXquxlYZ"]}]}},"_links":{"self":[{"href":"https:\/\/patagoniambiental.com.ar\/info\/wp-json\/wp\/v2\/posts\/48632","targetHints":{"allow":["GET"]}}],"collection":[{"href":"https:\/\/patagoniambiental.com.ar\/info\/wp-json\/wp\/v2\/posts"}],"about":[{"href":"https:\/\/patagoniambiental.com.ar\/info\/wp-json\/wp\/v2\/types\/post"}],"author":[{"embeddable":true,"href":"https:\/\/patagoniambiental.com.ar\/info\/wp-json\/wp\/v2\/users\/2"}],"replies":[{"embeddable":true,"href":"https:\/\/patagoniambiental.com.ar\/info\/wp-json\/wp\/v2\/comments?post=48632"}],"version-history":[{"count":0,"href":"https:\/\/patagoniambiental.com.ar\/info\/wp-json\/wp\/v2\/posts\/48632\/revisions"}],"wp:featuredmedia":[{"embeddable":true,"href":"https:\/\/patagoniambiental.com.ar\/info\/wp-json\/wp\/v2\/media\/43848"}],"wp:attachment":[{"href":"https:\/\/patagoniambiental.com.ar\/info\/wp-json\/wp\/v2\/media?parent=48632"}],"wp:term":[{"taxonomy":"category","embeddable":true,"href":"https:\/\/patagoniambiental.com.ar\/info\/wp-json\/wp\/v2\/categories?post=48632"},{"taxonomy":"post_tag","embeddable":true,"href":"https:\/\/patagoniambiental.com.ar\/info\/wp-json\/wp\/v2\/tags?post=48632"}],"curies":[{"name":"wp","href":"https:\/\/api.w.org\/{rel}","templated":true}]}}