{"id":48686,"date":"2018-06-22T19:00:00","date_gmt":"2018-06-22T22:00:00","guid":{"rendered":"http:\/\/patagoniambiental.com.ar\/info\/?p=48686"},"modified":"2018-06-22T09:49:54","modified_gmt":"2018-06-22T12:49:54","slug":"con-izamiento-de-bandera-mapuche-inician-celebracion-del-wetripantu-en-valdivia","status":"publish","type":"post","link":"https:\/\/patagoniambiental.com.ar\/info\/con-izamiento-de-bandera-mapuche-inician-celebracion-del-wetripantu-en-valdivia\/","title":{"rendered":"Con izamiento de bandera mapuche inician celebraci\u00f3n del Wetripantu en Valdivia"},"content":{"rendered":"<p>Valdivia.-Por tercer a\u00f1o consecutivo se festejar\u00e1 en la capital de la regi\u00f3n de Los R\u00edos.<\/p>\n<div id=\"noticia\" class=\"panel-display panel-1col clear-block\">\n<div class=\"panel-panel panel-col\">\n<div class=\"panel-region-separator\"><!--more--><\/div>\n<div class=\"panel-pane pane-views pane-nodo barra-superior\">\n<div class=\"pane-content\">\n<div class=\"view view-nodo view-id-nodo view-display-id-block_5 view-dom-id-1\">\n<div class=\"view-content\">\n<div class=\"views-row views-row-1 views-row-odd views-row-first views-row-last\">\n<div class=\"views-field-markup-1\">\n<div class=\"views-field-picture\"><\/div>\n<\/div>\n<div class=\"views-field-markup\">\n<div class=\"views-field-comment-count\"><\/div>\n<\/div>\n<\/div>\n<\/div>\n<\/div>\n<\/div>\n<\/div>\n<div class=\"panel-region-separator\"><\/div>\n<div class=\"panel-pane pane-content-field pane-field-noticia-imagen\">\n<div class=\"pane-content\">\n<div class=\"field field-type-filefield field-field-noticia-imagen\">\n<div class=\"field-items\">\n<div class=\"field-item odd\">\n<div class=\"imagefield-wrapper imagefield-field_noticia_imagen-wrapper\"><img fetchpriority=\"high\" decoding=\"async\" class=\"imagefield imagefield-field_noticia_imagen imagecache-380x285 imagecache-380x285_ife alignleft\" title=\"\" src=\"http:\/\/d3f4nerl4dh38d.cloudfront.net\/sites\/elnaveghable.cl\/files\/imagecache\/380x285\/imagen_noticia\/bandera_mapuche_2.jpg\" alt=\"\" width=\"400\" height=\"285\" \/><\/div>\n<\/div>\n<\/div>\n<\/div>\n<\/div>\n<\/div>\n<div class=\"panel-region-separator\"><\/div>\n<div class=\"panel-pane pane-node-body\">\n<div class=\"pane-content\">\n<p>Con izamiento de la bandera mapuche se inici\u00f3 en Valdivia la celebraci\u00f3n del Wetripantu, el cual se extender\u00e1 por todo el mes en la comuna.<\/p>\n<p>\u201cHace algunos a\u00f1os que tomamos la iniciativa de hacer el izamiento de la bandera mapuche como s\u00edmbolo de hermandad con quienes pertenecen al pueblo mapuche, como una forma de anunciar la celebraci\u00f3n del Wetripantu y tambi\u00e9n entregando la se\u00f1al que desde este municipio tenemos una visi\u00f3n integradora y de puertas abiertas con nuestras comunidades\u201d, dijo el alcalde Omar Sabat.<\/p>\n<p>La bandera permanecer\u00e1 izada durante el mes de junio, titulado el \u00abMes de los Pueblos Originarios\u00bb la cual es considerada un emblema y s\u00edmbolo oficial utilizado por las comunidades y organizaciones mapuches desde la d\u00e9cada de los noventa y se le conoce como Wenufoye o Canelo del Cielo. En el evento de la participaci\u00f3n de comunidades urbanas y de la costa de Valdivia.<\/p>\n<\/div>\n<\/div>\n<\/div>\n<\/div>\n<p>Fuente:\u00a0http:\/\/www.elnaveghable.cl\/noticia\/sociedad\/con-izamiento-de-bandera-mapuche-inician-celebracion-del-wetripantu-en-valdivia<\/p>\n","protected":false},"excerpt":{"rendered":"<p>Valdivia.-Por tercer a\u00f1o consecutivo se festejar\u00e1 en la capital de la regi\u00f3n de Los R\u00edos.<\/p>\n","protected":false},"author":2,"featured_media":48687,"comment_status":"open","ping_status":"open","sticky":false,"template":"","format":"standard","meta":{"site-sidebar-layout":"default","site-content-layout":"","ast-site-content-layout":"default","site-content-style":"default","site-sidebar-style":"default","ast-global-header-display":"","ast-banner-title-visibility":"","ast-main-header-display":"","ast-hfb-above-header-display":"","ast-hfb-below-header-display":"","ast-hfb-mobile-header-display":"","site-post-title":"","ast-breadcrumbs-content":"","ast-featured-img":"","footer-sml-layout":"","ast-disable-related-posts":"","theme-transparent-header-meta":"","adv-header-id-meta":"","stick-header-meta":"","header-above-stick-meta":"","header-main-stick-meta":"","header-below-stick-meta":"","astra-migrate-meta-layouts":"default","ast-page-background-enabled":"default","ast-page-background-meta":{"desktop":{"background-color":"var(--ast-global-color-5)","background-image":"","background-repeat":"repeat","background-position":"center center","background-size":"auto","background-attachment":"scroll","background-type":"","background-media":"","overlay-type":"","overlay-color":"","overlay-opacity":"","overlay-gradient":""},"tablet":{"background-color":"","background-image":"","background-repeat":"repeat","background-position":"center center","background-size":"auto","background-attachment":"scroll","background-type":"","background-media":"","overlay-type":"","overlay-color":"","overlay-opacity":"","overlay-gradient":""},"mobile":{"background-color":"","background-image":"","background-repeat":"repeat","background-position":"center center","background-size":"auto","background-attachment":"scroll","background-type":"","background-media":"","overlay-type":"","overlay-color":"","overlay-opacity":"","overlay-gradient":""}},"ast-content-background-meta":{"desktop":{"background-color":"var(--ast-global-color-4)","background-image":"","background-repeat":"repeat","background-position":"center center","background-size":"auto","background-attachment":"scroll","background-type":"","background-media":"","overlay-type":"","overlay-color":"","overlay-opacity":"","overlay-gradient":""},"tablet":{"background-color":"var(--ast-global-color-4)","background-image":"","background-repeat":"repeat","background-position":"center center","background-size":"auto","background-attachment":"scroll","background-type":"","background-media":"","overlay-type":"","overlay-color":"","overlay-opacity":"","overlay-gradient":""},"mobile":{"background-color":"var(--ast-global-color-4)","background-image":"","background-repeat":"repeat","background-position":"center center","background-size":"auto","background-attachment":"scroll","background-type":"","background-media":"","overlay-type":"","overlay-color":"","overlay-opacity":"","overlay-gradient":""}},"footnotes":""},"categories":[23,1],"tags":[],"class_list":["post-48686","post","type-post","status-publish","format-standard","has-post-thumbnail","hentry","category-internacionales","category-noticias"],"yoast_head":"<!-- This site is optimized with the Yoast SEO Premium plugin v23.0 (Yoast SEO v27.4) - https:\/\/yoast.com\/product\/yoast-seo-premium-wordpress\/ -->\n<title>Con izamiento de bandera mapuche inician celebraci\u00f3n del Wetripantu en Valdivia<\/title>\n<meta name=\"robots\" content=\"index, follow, max-snippet:-1, max-image-preview:large, max-video-preview:-1\" \/>\n<link rel=\"canonical\" href=\"https:\/\/patagoniambiental.com.ar\/info\/con-izamiento-de-bandera-mapuche-inician-celebracion-del-wetripantu-en-valdivia\/\" \/>\n<meta property=\"og:locale\" content=\"es_ES\" \/>\n<meta property=\"og:type\" content=\"article\" \/>\n<meta property=\"og:title\" content=\"Con izamiento de bandera mapuche inician celebraci\u00f3n del Wetripantu en Valdivia\" \/>\n<meta property=\"og:description\" content=\"Valdivia.-Por tercer a\u00f1o consecutivo se festejar\u00e1 en la capital de la regi\u00f3n de Los R\u00edos.\" \/>\n<meta property=\"og:url\" content=\"https:\/\/patagoniambiental.com.ar\/info\/con-izamiento-de-bandera-mapuche-inician-celebracion-del-wetripantu-en-valdivia\/\" \/>\n<meta property=\"og:site_name\" content=\"Patagonia Ambiental\" \/>\n<meta property=\"article:publisher\" content=\"https:\/\/www.facebook.com\/patagonia.ambiental\" \/>\n<meta property=\"article:author\" content=\"https:\/\/www.facebook.com\/share\/1C1V8Gv9BX\/?mibextid=qi2Omg\" \/>\n<meta property=\"article:published_time\" content=\"2018-06-22T22:00:00+00:00\" \/>\n<meta property=\"og:image\" content=\"https:\/\/patagoniambiental.com.ar\/info\/wp-content\/uploads\/2018\/06\/bandera_mapuche_2.jpg\" \/>\n\t<meta property=\"og:image:width\" content=\"400\" \/>\n\t<meta property=\"og:image:height\" content=\"285\" \/>\n\t<meta property=\"og:image:type\" content=\"image\/jpeg\" \/>\n<meta name=\"author\" content=\"Patagonia Ambiental\" \/>\n<meta name=\"twitter:card\" content=\"summary_large_image\" \/>\n<meta name=\"twitter:creator\" content=\"@PatAmb\" \/>\n<meta name=\"twitter:site\" content=\"@PatAmb\" \/>\n<script type=\"application\/ld+json\" class=\"yoast-schema-graph\">{\"@context\":\"https:\\\/\\\/schema.org\",\"@graph\":[{\"@type\":\"Article\",\"@id\":\"https:\\\/\\\/patagoniambiental.com.ar\\\/info\\\/con-izamiento-de-bandera-mapuche-inician-celebracion-del-wetripantu-en-valdivia\\\/#article\",\"isPartOf\":{\"@id\":\"https:\\\/\\\/patagoniambiental.com.ar\\\/info\\\/con-izamiento-de-bandera-mapuche-inician-celebracion-del-wetripantu-en-valdivia\\\/\"},\"author\":{\"name\":\"Patagonia Ambiental\",\"@id\":\"https:\\\/\\\/patagoniambiental.com.ar\\\/info\\\/#\\\/schema\\\/person\\\/db12bff64bbcbf6a253710bf0ea37b5d\"},\"headline\":\"Con izamiento de bandera mapuche inician celebraci\u00f3n del Wetripantu en Valdivia\",\"datePublished\":\"2018-06-22T22:00:00+00:00\",\"mainEntityOfPage\":{\"@id\":\"https:\\\/\\\/patagoniambiental.com.ar\\\/info\\\/con-izamiento-de-bandera-mapuche-inician-celebracion-del-wetripantu-en-valdivia\\\/\"},\"wordCount\":196,\"commentCount\":0,\"publisher\":{\"@id\":\"https:\\\/\\\/patagoniambiental.com.ar\\\/info\\\/#organization\"},\"image\":{\"@id\":\"https:\\\/\\\/patagoniambiental.com.ar\\\/info\\\/con-izamiento-de-bandera-mapuche-inician-celebracion-del-wetripantu-en-valdivia\\\/#primaryimage\"},\"thumbnailUrl\":\"https:\\\/\\\/patagoniambiental.com.ar\\\/info\\\/wp-content\\\/uploads\\\/2018\\\/06\\\/bandera_mapuche_2.jpg\",\"articleSection\":[\"Internacionales\",\"Noticias\"],\"inLanguage\":\"es\",\"potentialAction\":[{\"@type\":\"CommentAction\",\"name\":\"Comment\",\"target\":[\"https:\\\/\\\/patagoniambiental.com.ar\\\/info\\\/con-izamiento-de-bandera-mapuche-inician-celebracion-del-wetripantu-en-valdivia\\\/#respond\"]}]},{\"@type\":\"WebPage\",\"@id\":\"https:\\\/\\\/patagoniambiental.com.ar\\\/info\\\/con-izamiento-de-bandera-mapuche-inician-celebracion-del-wetripantu-en-valdivia\\\/\",\"url\":\"https:\\\/\\\/patagoniambiental.com.ar\\\/info\\\/con-izamiento-de-bandera-mapuche-inician-celebracion-del-wetripantu-en-valdivia\\\/\",\"name\":\"Con izamiento de bandera mapuche inician celebraci\u00f3n del Wetripantu en Valdivia\",\"isPartOf\":{\"@id\":\"https:\\\/\\\/patagoniambiental.com.ar\\\/info\\\/#website\"},\"primaryImageOfPage\":{\"@id\":\"https:\\\/\\\/patagoniambiental.com.ar\\\/info\\\/con-izamiento-de-bandera-mapuche-inician-celebracion-del-wetripantu-en-valdivia\\\/#primaryimage\"},\"image\":{\"@id\":\"https:\\\/\\\/patagoniambiental.com.ar\\\/info\\\/con-izamiento-de-bandera-mapuche-inician-celebracion-del-wetripantu-en-valdivia\\\/#primaryimage\"},\"thumbnailUrl\":\"https:\\\/\\\/patagoniambiental.com.ar\\\/info\\\/wp-content\\\/uploads\\\/2018\\\/06\\\/bandera_mapuche_2.jpg\",\"datePublished\":\"2018-06-22T22:00:00+00:00\",\"breadcrumb\":{\"@id\":\"https:\\\/\\\/patagoniambiental.com.ar\\\/info\\\/con-izamiento-de-bandera-mapuche-inician-celebracion-del-wetripantu-en-valdivia\\\/#breadcrumb\"},\"inLanguage\":\"es\",\"potentialAction\":[{\"@type\":\"ReadAction\",\"target\":[\"https:\\\/\\\/patagoniambiental.com.ar\\\/info\\\/con-izamiento-de-bandera-mapuche-inician-celebracion-del-wetripantu-en-valdivia\\\/\"]}]},{\"@type\":\"ImageObject\",\"inLanguage\":\"es\",\"@id\":\"https:\\\/\\\/patagoniambiental.com.ar\\\/info\\\/con-izamiento-de-bandera-mapuche-inician-celebracion-del-wetripantu-en-valdivia\\\/#primaryimage\",\"url\":\"https:\\\/\\\/patagoniambiental.com.ar\\\/info\\\/wp-content\\\/uploads\\\/2018\\\/06\\\/bandera_mapuche_2.jpg\",\"contentUrl\":\"https:\\\/\\\/patagoniambiental.com.ar\\\/info\\\/wp-content\\\/uploads\\\/2018\\\/06\\\/bandera_mapuche_2.jpg\",\"width\":400,\"height\":285},{\"@type\":\"BreadcrumbList\",\"@id\":\"https:\\\/\\\/patagoniambiental.com.ar\\\/info\\\/con-izamiento-de-bandera-mapuche-inician-celebracion-del-wetripantu-en-valdivia\\\/#breadcrumb\",\"itemListElement\":[{\"@type\":\"ListItem\",\"position\":1,\"name\":\"Inicio\",\"item\":\"https:\\\/\\\/patagoniambiental.com.ar\\\/info\\\/\"},{\"@type\":\"ListItem\",\"position\":2,\"name\":\"Con izamiento de bandera mapuche inician celebraci\u00f3n del Wetripantu en Valdivia\"}]},{\"@type\":\"WebSite\",\"@id\":\"https:\\\/\\\/patagoniambiental.com.ar\\\/info\\\/#website\",\"url\":\"https:\\\/\\\/patagoniambiental.com.ar\\\/info\\\/\",\"name\":\"Patagonia Ambiental\",\"description\":\"Monitoreo y an\u00e1lisis de la situaci\u00f3n geopol\u00edtica en el mundo y su implicancia en la Patagonia\",\"publisher\":{\"@id\":\"https:\\\/\\\/patagoniambiental.com.ar\\\/info\\\/#organization\"},\"potentialAction\":[{\"@type\":\"SearchAction\",\"target\":{\"@type\":\"EntryPoint\",\"urlTemplate\":\"https:\\\/\\\/patagoniambiental.com.ar\\\/info\\\/?s={search_term_string}\"},\"query-input\":{\"@type\":\"PropertyValueSpecification\",\"valueRequired\":true,\"valueName\":\"search_term_string\"}}],\"inLanguage\":\"es\"},{\"@type\":\"Organization\",\"@id\":\"https:\\\/\\\/patagoniambiental.com.ar\\\/info\\\/#organization\",\"name\":\"Patagonia Ambiental\",\"url\":\"https:\\\/\\\/patagoniambiental.com.ar\\\/info\\\/\",\"logo\":{\"@type\":\"ImageObject\",\"inLanguage\":\"es\",\"@id\":\"https:\\\/\\\/patagoniambiental.com.ar\\\/info\\\/#\\\/schema\\\/logo\\\/image\\\/\",\"url\":\"https:\\\/\\\/patagoniambiental.com.ar\\\/info\\\/wp-content\\\/uploads\\\/2025\\\/05\\\/LOGO-PATAGONIA-AMBIENTAL.png\",\"contentUrl\":\"https:\\\/\\\/patagoniambiental.com.ar\\\/info\\\/wp-content\\\/uploads\\\/2025\\\/05\\\/LOGO-PATAGONIA-AMBIENTAL.png\",\"width\":433,\"height\":250,\"caption\":\"Patagonia Ambiental\"},\"image\":{\"@id\":\"https:\\\/\\\/patagoniambiental.com.ar\\\/info\\\/#\\\/schema\\\/logo\\\/image\\\/\"},\"sameAs\":[\"https:\\\/\\\/www.facebook.com\\\/patagonia.ambiental\",\"https:\\\/\\\/x.com\\\/PatAmb\"]},{\"@type\":\"Person\",\"@id\":\"https:\\\/\\\/patagoniambiental.com.ar\\\/info\\\/#\\\/schema\\\/person\\\/db12bff64bbcbf6a253710bf0ea37b5d\",\"name\":\"Patagonia Ambiental\",\"description\":\"Andr\u00e9s Nievas T\u00e9cnico en manejo ambiental, consultor Ambiental y escritor para medios locales e internacionales sobre temas de geopolitica y medio ambiente.\",\"sameAs\":[\"http:\\\/\\\/www.patagoniambiental.com.ar\",\"https:\\\/\\\/www.facebook.com\\\/share\\\/1C1V8Gv9BX\\\/?mibextid=qi2Omg\",\"@patagoniambiental\",\"https:\\\/\\\/youtube.com\\\/@patagoniaambiental2023?si=BLt58t0wuXquxlYZ\"]}]}<\/script>\n<!-- \/ Yoast SEO Premium plugin. -->","yoast_head_json":{"title":"Con izamiento de bandera mapuche inician celebraci\u00f3n del Wetripantu en Valdivia","robots":{"index":"index","follow":"follow","max-snippet":"max-snippet:-1","max-image-preview":"max-image-preview:large","max-video-preview":"max-video-preview:-1"},"canonical":"https:\/\/patagoniambiental.com.ar\/info\/con-izamiento-de-bandera-mapuche-inician-celebracion-del-wetripantu-en-valdivia\/","og_locale":"es_ES","og_type":"article","og_title":"Con izamiento de bandera mapuche inician celebraci\u00f3n del Wetripantu en Valdivia","og_description":"Valdivia.-Por tercer a\u00f1o consecutivo se festejar\u00e1 en la capital de la regi\u00f3n de Los R\u00edos.","og_url":"https:\/\/patagoniambiental.com.ar\/info\/con-izamiento-de-bandera-mapuche-inician-celebracion-del-wetripantu-en-valdivia\/","og_site_name":"Patagonia Ambiental","article_publisher":"https:\/\/www.facebook.com\/patagonia.ambiental","article_author":"https:\/\/www.facebook.com\/share\/1C1V8Gv9BX\/?mibextid=qi2Omg","article_published_time":"2018-06-22T22:00:00+00:00","og_image":[{"width":400,"height":285,"url":"https:\/\/patagoniambiental.com.ar\/info\/wp-content\/uploads\/2018\/06\/bandera_mapuche_2.jpg","type":"image\/jpeg"}],"author":"Patagonia Ambiental","twitter_card":"summary_large_image","twitter_creator":"@PatAmb","twitter_site":"@PatAmb","schema":{"@context":"https:\/\/schema.org","@graph":[{"@type":"Article","@id":"https:\/\/patagoniambiental.com.ar\/info\/con-izamiento-de-bandera-mapuche-inician-celebracion-del-wetripantu-en-valdivia\/#article","isPartOf":{"@id":"https:\/\/patagoniambiental.com.ar\/info\/con-izamiento-de-bandera-mapuche-inician-celebracion-del-wetripantu-en-valdivia\/"},"author":{"name":"Patagonia Ambiental","@id":"https:\/\/patagoniambiental.com.ar\/info\/#\/schema\/person\/db12bff64bbcbf6a253710bf0ea37b5d"},"headline":"Con izamiento de bandera mapuche inician celebraci\u00f3n del Wetripantu en Valdivia","datePublished":"2018-06-22T22:00:00+00:00","mainEntityOfPage":{"@id":"https:\/\/patagoniambiental.com.ar\/info\/con-izamiento-de-bandera-mapuche-inician-celebracion-del-wetripantu-en-valdivia\/"},"wordCount":196,"commentCount":0,"publisher":{"@id":"https:\/\/patagoniambiental.com.ar\/info\/#organization"},"image":{"@id":"https:\/\/patagoniambiental.com.ar\/info\/con-izamiento-de-bandera-mapuche-inician-celebracion-del-wetripantu-en-valdivia\/#primaryimage"},"thumbnailUrl":"https:\/\/patagoniambiental.com.ar\/info\/wp-content\/uploads\/2018\/06\/bandera_mapuche_2.jpg","articleSection":["Internacionales","Noticias"],"inLanguage":"es","potentialAction":[{"@type":"CommentAction","name":"Comment","target":["https:\/\/patagoniambiental.com.ar\/info\/con-izamiento-de-bandera-mapuche-inician-celebracion-del-wetripantu-en-valdivia\/#respond"]}]},{"@type":"WebPage","@id":"https:\/\/patagoniambiental.com.ar\/info\/con-izamiento-de-bandera-mapuche-inician-celebracion-del-wetripantu-en-valdivia\/","url":"https:\/\/patagoniambiental.com.ar\/info\/con-izamiento-de-bandera-mapuche-inician-celebracion-del-wetripantu-en-valdivia\/","name":"Con izamiento de bandera mapuche inician celebraci\u00f3n del Wetripantu en Valdivia","isPartOf":{"@id":"https:\/\/patagoniambiental.com.ar\/info\/#website"},"primaryImageOfPage":{"@id":"https:\/\/patagoniambiental.com.ar\/info\/con-izamiento-de-bandera-mapuche-inician-celebracion-del-wetripantu-en-valdivia\/#primaryimage"},"image":{"@id":"https:\/\/patagoniambiental.com.ar\/info\/con-izamiento-de-bandera-mapuche-inician-celebracion-del-wetripantu-en-valdivia\/#primaryimage"},"thumbnailUrl":"https:\/\/patagoniambiental.com.ar\/info\/wp-content\/uploads\/2018\/06\/bandera_mapuche_2.jpg","datePublished":"2018-06-22T22:00:00+00:00","breadcrumb":{"@id":"https:\/\/patagoniambiental.com.ar\/info\/con-izamiento-de-bandera-mapuche-inician-celebracion-del-wetripantu-en-valdivia\/#breadcrumb"},"inLanguage":"es","potentialAction":[{"@type":"ReadAction","target":["https:\/\/patagoniambiental.com.ar\/info\/con-izamiento-de-bandera-mapuche-inician-celebracion-del-wetripantu-en-valdivia\/"]}]},{"@type":"ImageObject","inLanguage":"es","@id":"https:\/\/patagoniambiental.com.ar\/info\/con-izamiento-de-bandera-mapuche-inician-celebracion-del-wetripantu-en-valdivia\/#primaryimage","url":"https:\/\/patagoniambiental.com.ar\/info\/wp-content\/uploads\/2018\/06\/bandera_mapuche_2.jpg","contentUrl":"https:\/\/patagoniambiental.com.ar\/info\/wp-content\/uploads\/2018\/06\/bandera_mapuche_2.jpg","width":400,"height":285},{"@type":"BreadcrumbList","@id":"https:\/\/patagoniambiental.com.ar\/info\/con-izamiento-de-bandera-mapuche-inician-celebracion-del-wetripantu-en-valdivia\/#breadcrumb","itemListElement":[{"@type":"ListItem","position":1,"name":"Inicio","item":"https:\/\/patagoniambiental.com.ar\/info\/"},{"@type":"ListItem","position":2,"name":"Con izamiento de bandera mapuche inician celebraci\u00f3n del Wetripantu en Valdivia"}]},{"@type":"WebSite","@id":"https:\/\/patagoniambiental.com.ar\/info\/#website","url":"https:\/\/patagoniambiental.com.ar\/info\/","name":"Patagonia Ambiental","description":"Monitoreo y an\u00e1lisis de la situaci\u00f3n geopol\u00edtica en el mundo y su implicancia en la Patagonia","publisher":{"@id":"https:\/\/patagoniambiental.com.ar\/info\/#organization"},"potentialAction":[{"@type":"SearchAction","target":{"@type":"EntryPoint","urlTemplate":"https:\/\/patagoniambiental.com.ar\/info\/?s={search_term_string}"},"query-input":{"@type":"PropertyValueSpecification","valueRequired":true,"valueName":"search_term_string"}}],"inLanguage":"es"},{"@type":"Organization","@id":"https:\/\/patagoniambiental.com.ar\/info\/#organization","name":"Patagonia Ambiental","url":"https:\/\/patagoniambiental.com.ar\/info\/","logo":{"@type":"ImageObject","inLanguage":"es","@id":"https:\/\/patagoniambiental.com.ar\/info\/#\/schema\/logo\/image\/","url":"https:\/\/patagoniambiental.com.ar\/info\/wp-content\/uploads\/2025\/05\/LOGO-PATAGONIA-AMBIENTAL.png","contentUrl":"https:\/\/patagoniambiental.com.ar\/info\/wp-content\/uploads\/2025\/05\/LOGO-PATAGONIA-AMBIENTAL.png","width":433,"height":250,"caption":"Patagonia Ambiental"},"image":{"@id":"https:\/\/patagoniambiental.com.ar\/info\/#\/schema\/logo\/image\/"},"sameAs":["https:\/\/www.facebook.com\/patagonia.ambiental","https:\/\/x.com\/PatAmb"]},{"@type":"Person","@id":"https:\/\/patagoniambiental.com.ar\/info\/#\/schema\/person\/db12bff64bbcbf6a253710bf0ea37b5d","name":"Patagonia Ambiental","description":"Andr\u00e9s Nievas T\u00e9cnico en manejo ambiental, consultor Ambiental y escritor para medios locales e internacionales sobre temas de geopolitica y medio ambiente.","sameAs":["http:\/\/www.patagoniambiental.com.ar","https:\/\/www.facebook.com\/share\/1C1V8Gv9BX\/?mibextid=qi2Omg","@patagoniambiental","https:\/\/youtube.com\/@patagoniaambiental2023?si=BLt58t0wuXquxlYZ"]}]}},"_links":{"self":[{"href":"https:\/\/patagoniambiental.com.ar\/info\/wp-json\/wp\/v2\/posts\/48686","targetHints":{"allow":["GET"]}}],"collection":[{"href":"https:\/\/patagoniambiental.com.ar\/info\/wp-json\/wp\/v2\/posts"}],"about":[{"href":"https:\/\/patagoniambiental.com.ar\/info\/wp-json\/wp\/v2\/types\/post"}],"author":[{"embeddable":true,"href":"https:\/\/patagoniambiental.com.ar\/info\/wp-json\/wp\/v2\/users\/2"}],"replies":[{"embeddable":true,"href":"https:\/\/patagoniambiental.com.ar\/info\/wp-json\/wp\/v2\/comments?post=48686"}],"version-history":[{"count":0,"href":"https:\/\/patagoniambiental.com.ar\/info\/wp-json\/wp\/v2\/posts\/48686\/revisions"}],"wp:featuredmedia":[{"embeddable":true,"href":"https:\/\/patagoniambiental.com.ar\/info\/wp-json\/wp\/v2\/media\/48687"}],"wp:attachment":[{"href":"https:\/\/patagoniambiental.com.ar\/info\/wp-json\/wp\/v2\/media?parent=48686"}],"wp:term":[{"taxonomy":"category","embeddable":true,"href":"https:\/\/patagoniambiental.com.ar\/info\/wp-json\/wp\/v2\/categories?post=48686"},{"taxonomy":"post_tag","embeddable":true,"href":"https:\/\/patagoniambiental.com.ar\/info\/wp-json\/wp\/v2\/tags?post=48686"}],"curies":[{"name":"wp","href":"https:\/\/api.w.org\/{rel}","templated":true}]}}