{"id":48853,"date":"2018-06-26T09:00:19","date_gmt":"2018-06-26T12:00:19","guid":{"rendered":"http:\/\/patagoniambiental.com.ar\/info\/?p=48853"},"modified":"2018-06-25T19:22:49","modified_gmt":"2018-06-25T22:22:49","slug":"trelew-balance-positivo-de-la-primera-etapa-del-programa-de-limpieza-barrial","status":"publish","type":"post","link":"https:\/\/patagoniambiental.com.ar\/info\/trelew-balance-positivo-de-la-primera-etapa-del-programa-de-limpieza-barrial\/","title":{"rendered":"Trelew: Balance positivo de la primera  etapa del programa de limpieza barrial"},"content":{"rendered":"<div class=\"np_titulo\">\n<div id=\"main_body\" class=\"central no-item central_interior trelew\">\n<div class=\"np_nota_descripcion\">\n<p>La Municipalidad de Trelew a trav\u00e9s de la Coordinaci\u00f3n de Gesti\u00f3n Urbana y la Coordinaci\u00f3n de Vecinales culmin\u00f3 esta semana la primera etapa del cronograma de limpieza barrial que comprendi\u00f3 la instalaci\u00f3n de volquetes destinado al dep\u00f3sito de residuos voluminosos o no habituales, tales como escombros, chatarra y restos de poda, entre otros.<\/p>\n<\/div>\n<div>\n<div>\n<div id=\"notapage_texto\" class=\"notapage_cuerpo\">\n<p>En este marco, el coordinador de Gesti\u00f3n Urbana, Le\u00f3nidas Canario destac\u00f3 que\u00a0\u00aben esta primera parte del programa que se desarroll\u00f3 durante cuatro meses se recorrieron los barrios de la ciudad, abarcando todos los sectores con buenos resultados\u00a0porque los vecinos aprovecharon este servicio que brinda el municipio para dejar los residuos que no retira el recolector\u00bb.<\/p>\n<p>Explic\u00f3 adem\u00e1s que\u00a0\u00abel plan de limpieza es una alternativa que dio respuesta a los vecinos que permiti\u00f3 brindar un espacio cercano a su domicilio,\u00a0una modalidad de trabajo que contribuye a mantener limpia\u00a0\u00a0los diferentes sectores de la ciudad\u00bb.<\/p>\n<p><strong>Segunda etapa<\/strong><\/p>\n<p>\u00abEl trabajo sigue, el personal del \u00e1rea recorri\u00f3 los barrios para implementar el nuevo cronograma y colocar los volquetes en los m\u00e1s convenientes para que este servicio se aproveche de la mejor manera\u00bb, destac\u00f3 Canario y detall\u00f3 que\u00a0\u00a0se continuar\u00e1\u00a0\u00abesta segunda etapa, se continuar\u00e1 con la modalidad de colocaci\u00f3n de volquetes barrio por barrio. Se utilizar\u00e1 el mismo procedimiento, se instalar\u00e1n entre 10 a 12 volquetes los d\u00edas viernes, permaneciendo durante el fin de semana y se retirar\u00e1n los d\u00edas lunes\u00bb.<\/p>\n<p>Adelant\u00f3, adem\u00e1s, que el cronograma continuar\u00e1 \u00abel viernes 29 de junio en barrio San Mart\u00edn, el viernes 6 de julio en barrio 12 de octubre\u00bb. Luego, \u00aben los barrios Don Bosco, Presidente Per\u00f3n y Tiro Federal hasta completar nuevamente la totalidad de los sectores\u00bb.<\/p>\n<\/div>\n<\/div>\n<p>Fuente:\u00a0http:\/\/www.elchubut.com.ar\/nota\/2018-6-25-13-45-0-trelew-balance-positivo-de-la-primera-etapa-del-programa-de-limpieza-barrial<\/p><\/div>\n<\/div>\n<\/div>\n<div id=\"main_body\" class=\"central no-item central_interior trelew\">\n<div id=\"notas\">\n<div>\n<div class=\"tapa_contenedort_imagen\">\n<div class=\"tapa_imagen\">\n<div class=\"videoWrapper\"><\/div>\n<\/div>\n<\/div>\n<\/div>\n<\/div>\n<\/div>\n","protected":false},"excerpt":{"rendered":"<p>La Municipalidad de Trelew a trav\u00e9s de la Coordinaci\u00f3n de Gesti\u00f3n Urbana y la Coordinaci\u00f3n de Vecinales culmin\u00f3 esta semana [&hellip;]<\/p>\n","protected":false},"author":2,"featured_media":48854,"comment_status":"open","ping_status":"open","sticky":false,"template":"","format":"standard","meta":{"site-sidebar-layout":"default","site-content-layout":"","ast-site-content-layout":"default","site-content-style":"default","site-sidebar-style":"default","ast-global-header-display":"","ast-banner-title-visibility":"","ast-main-header-display":"","ast-hfb-above-header-display":"","ast-hfb-below-header-display":"","ast-hfb-mobile-header-display":"","site-post-title":"","ast-breadcrumbs-content":"","ast-featured-img":"","footer-sml-layout":"","ast-disable-related-posts":"","theme-transparent-header-meta":"","adv-header-id-meta":"","stick-header-meta":"","header-above-stick-meta":"","header-main-stick-meta":"","header-below-stick-meta":"","astra-migrate-meta-layouts":"default","ast-page-background-enabled":"default","ast-page-background-meta":{"desktop":{"background-color":"var(--ast-global-color-5)","background-image":"","background-repeat":"repeat","background-position":"center center","background-size":"auto","background-attachment":"scroll","background-type":"","background-media":"","overlay-type":"","overlay-color":"","overlay-opacity":"","overlay-gradient":""},"tablet":{"background-color":"","background-image":"","background-repeat":"repeat","background-position":"center center","background-size":"auto","background-attachment":"scroll","background-type":"","background-media":"","overlay-type":"","overlay-color":"","overlay-opacity":"","overlay-gradient":""},"mobile":{"background-color":"","background-image":"","background-repeat":"repeat","background-position":"center center","background-size":"auto","background-attachment":"scroll","background-type":"","background-media":"","overlay-type":"","overlay-color":"","overlay-opacity":"","overlay-gradient":""}},"ast-content-background-meta":{"desktop":{"background-color":"var(--ast-global-color-4)","background-image":"","background-repeat":"repeat","background-position":"center center","background-size":"auto","background-attachment":"scroll","background-type":"","background-media":"","overlay-type":"","overlay-color":"","overlay-opacity":"","overlay-gradient":""},"tablet":{"background-color":"var(--ast-global-color-4)","background-image":"","background-repeat":"repeat","background-position":"center center","background-size":"auto","background-attachment":"scroll","background-type":"","background-media":"","overlay-type":"","overlay-color":"","overlay-opacity":"","overlay-gradient":""},"mobile":{"background-color":"var(--ast-global-color-4)","background-image":"","background-repeat":"repeat","background-position":"center center","background-size":"auto","background-attachment":"scroll","background-type":"","background-media":"","overlay-type":"","overlay-color":"","overlay-opacity":"","overlay-gradient":""}},"footnotes":""},"categories":[46,1],"tags":[],"class_list":["post-48853","post","type-post","status-publish","format-standard","has-post-thumbnail","hentry","category-municipios","category-noticias"],"yoast_head":"<!-- This site is optimized with the Yoast SEO Premium plugin v23.0 (Yoast SEO v27.5) - https:\/\/yoast.com\/product\/yoast-seo-premium-wordpress\/ -->\n<title>Trelew: Balance positivo de la primera etapa del programa de limpieza barrial<\/title>\n<meta name=\"robots\" content=\"index, follow, max-snippet:-1, max-image-preview:large, max-video-preview:-1\" \/>\n<link rel=\"canonical\" href=\"https:\/\/patagoniambiental.com.ar\/info\/trelew-balance-positivo-de-la-primera-etapa-del-programa-de-limpieza-barrial\/\" \/>\n<meta property=\"og:locale\" content=\"es_ES\" \/>\n<meta property=\"og:type\" content=\"article\" \/>\n<meta property=\"og:title\" content=\"Trelew: Balance positivo de la primera etapa del programa de limpieza barrial\" \/>\n<meta property=\"og:description\" content=\"La Municipalidad de Trelew a trav\u00e9s de la Coordinaci\u00f3n de Gesti\u00f3n Urbana y la Coordinaci\u00f3n de Vecinales culmin\u00f3 esta semana [&hellip;]\" \/>\n<meta property=\"og:url\" content=\"https:\/\/patagoniambiental.com.ar\/info\/trelew-balance-positivo-de-la-primera-etapa-del-programa-de-limpieza-barrial\/\" \/>\n<meta property=\"og:site_name\" content=\"Patagonia Ambiental\" \/>\n<meta property=\"article:publisher\" content=\"https:\/\/www.facebook.com\/patagonia.ambiental\" \/>\n<meta property=\"article:author\" content=\"https:\/\/www.facebook.com\/share\/1C1V8Gv9BX\/?mibextid=qi2Omg\" \/>\n<meta property=\"article:published_time\" content=\"2018-06-26T12:00:19+00:00\" \/>\n<meta property=\"og:image\" content=\"https:\/\/patagoniambiental.com.ar\/info\/wp-content\/uploads\/2018\/06\/balance1.jpg\" \/>\n\t<meta property=\"og:image:width\" content=\"1500\" \/>\n\t<meta property=\"og:image:height\" content=\"843\" \/>\n\t<meta property=\"og:image:type\" content=\"image\/jpeg\" \/>\n<meta name=\"author\" content=\"Patagonia Ambiental\" \/>\n<meta name=\"twitter:card\" content=\"summary_large_image\" \/>\n<meta name=\"twitter:creator\" content=\"@PatAmb\" \/>\n<meta name=\"twitter:site\" content=\"@PatAmb\" \/>\n<script type=\"application\/ld+json\" class=\"yoast-schema-graph\">{\"@context\":\"https:\\\/\\\/schema.org\",\"@graph\":[{\"@type\":\"Article\",\"@id\":\"https:\\\/\\\/patagoniambiental.com.ar\\\/info\\\/trelew-balance-positivo-de-la-primera-etapa-del-programa-de-limpieza-barrial\\\/#article\",\"isPartOf\":{\"@id\":\"https:\\\/\\\/patagoniambiental.com.ar\\\/info\\\/trelew-balance-positivo-de-la-primera-etapa-del-programa-de-limpieza-barrial\\\/\"},\"author\":{\"name\":\"Patagonia Ambiental\",\"@id\":\"https:\\\/\\\/patagoniambiental.com.ar\\\/info\\\/#\\\/schema\\\/person\\\/db12bff64bbcbf6a253710bf0ea37b5d\"},\"headline\":\"Trelew: Balance positivo de la primera etapa del programa de limpieza barrial\",\"datePublished\":\"2018-06-26T12:00:19+00:00\",\"mainEntityOfPage\":{\"@id\":\"https:\\\/\\\/patagoniambiental.com.ar\\\/info\\\/trelew-balance-positivo-de-la-primera-etapa-del-programa-de-limpieza-barrial\\\/\"},\"wordCount\":316,\"commentCount\":0,\"publisher\":{\"@id\":\"https:\\\/\\\/patagoniambiental.com.ar\\\/info\\\/#organization\"},\"image\":{\"@id\":\"https:\\\/\\\/patagoniambiental.com.ar\\\/info\\\/trelew-balance-positivo-de-la-primera-etapa-del-programa-de-limpieza-barrial\\\/#primaryimage\"},\"thumbnailUrl\":\"https:\\\/\\\/patagoniambiental.com.ar\\\/info\\\/wp-content\\\/uploads\\\/2018\\\/06\\\/balance1.jpg\",\"articleSection\":[\"Municipios\",\"Noticias\"],\"inLanguage\":\"es\",\"potentialAction\":[{\"@type\":\"CommentAction\",\"name\":\"Comment\",\"target\":[\"https:\\\/\\\/patagoniambiental.com.ar\\\/info\\\/trelew-balance-positivo-de-la-primera-etapa-del-programa-de-limpieza-barrial\\\/#respond\"]}]},{\"@type\":\"WebPage\",\"@id\":\"https:\\\/\\\/patagoniambiental.com.ar\\\/info\\\/trelew-balance-positivo-de-la-primera-etapa-del-programa-de-limpieza-barrial\\\/\",\"url\":\"https:\\\/\\\/patagoniambiental.com.ar\\\/info\\\/trelew-balance-positivo-de-la-primera-etapa-del-programa-de-limpieza-barrial\\\/\",\"name\":\"Trelew: Balance positivo de la primera etapa del programa de limpieza barrial\",\"isPartOf\":{\"@id\":\"https:\\\/\\\/patagoniambiental.com.ar\\\/info\\\/#website\"},\"primaryImageOfPage\":{\"@id\":\"https:\\\/\\\/patagoniambiental.com.ar\\\/info\\\/trelew-balance-positivo-de-la-primera-etapa-del-programa-de-limpieza-barrial\\\/#primaryimage\"},\"image\":{\"@id\":\"https:\\\/\\\/patagoniambiental.com.ar\\\/info\\\/trelew-balance-positivo-de-la-primera-etapa-del-programa-de-limpieza-barrial\\\/#primaryimage\"},\"thumbnailUrl\":\"https:\\\/\\\/patagoniambiental.com.ar\\\/info\\\/wp-content\\\/uploads\\\/2018\\\/06\\\/balance1.jpg\",\"datePublished\":\"2018-06-26T12:00:19+00:00\",\"breadcrumb\":{\"@id\":\"https:\\\/\\\/patagoniambiental.com.ar\\\/info\\\/trelew-balance-positivo-de-la-primera-etapa-del-programa-de-limpieza-barrial\\\/#breadcrumb\"},\"inLanguage\":\"es\",\"potentialAction\":[{\"@type\":\"ReadAction\",\"target\":[\"https:\\\/\\\/patagoniambiental.com.ar\\\/info\\\/trelew-balance-positivo-de-la-primera-etapa-del-programa-de-limpieza-barrial\\\/\"]}]},{\"@type\":\"ImageObject\",\"inLanguage\":\"es\",\"@id\":\"https:\\\/\\\/patagoniambiental.com.ar\\\/info\\\/trelew-balance-positivo-de-la-primera-etapa-del-programa-de-limpieza-barrial\\\/#primaryimage\",\"url\":\"https:\\\/\\\/patagoniambiental.com.ar\\\/info\\\/wp-content\\\/uploads\\\/2018\\\/06\\\/balance1.jpg\",\"contentUrl\":\"https:\\\/\\\/patagoniambiental.com.ar\\\/info\\\/wp-content\\\/uploads\\\/2018\\\/06\\\/balance1.jpg\",\"width\":1500,\"height\":843},{\"@type\":\"BreadcrumbList\",\"@id\":\"https:\\\/\\\/patagoniambiental.com.ar\\\/info\\\/trelew-balance-positivo-de-la-primera-etapa-del-programa-de-limpieza-barrial\\\/#breadcrumb\",\"itemListElement\":[{\"@type\":\"ListItem\",\"position\":1,\"name\":\"Inicio\",\"item\":\"https:\\\/\\\/patagoniambiental.com.ar\\\/info\\\/\"},{\"@type\":\"ListItem\",\"position\":2,\"name\":\"Trelew: Balance positivo de la primera etapa del programa de limpieza barrial\"}]},{\"@type\":\"WebSite\",\"@id\":\"https:\\\/\\\/patagoniambiental.com.ar\\\/info\\\/#website\",\"url\":\"https:\\\/\\\/patagoniambiental.com.ar\\\/info\\\/\",\"name\":\"Patagonia Ambiental\",\"description\":\"Monitoreo y an\u00e1lisis de la situaci\u00f3n geopol\u00edtica en el mundo y su implicancia en la Patagonia\",\"publisher\":{\"@id\":\"https:\\\/\\\/patagoniambiental.com.ar\\\/info\\\/#organization\"},\"potentialAction\":[{\"@type\":\"SearchAction\",\"target\":{\"@type\":\"EntryPoint\",\"urlTemplate\":\"https:\\\/\\\/patagoniambiental.com.ar\\\/info\\\/?s={search_term_string}\"},\"query-input\":{\"@type\":\"PropertyValueSpecification\",\"valueRequired\":true,\"valueName\":\"search_term_string\"}}],\"inLanguage\":\"es\"},{\"@type\":\"Organization\",\"@id\":\"https:\\\/\\\/patagoniambiental.com.ar\\\/info\\\/#organization\",\"name\":\"Patagonia Ambiental\",\"url\":\"https:\\\/\\\/patagoniambiental.com.ar\\\/info\\\/\",\"logo\":{\"@type\":\"ImageObject\",\"inLanguage\":\"es\",\"@id\":\"https:\\\/\\\/patagoniambiental.com.ar\\\/info\\\/#\\\/schema\\\/logo\\\/image\\\/\",\"url\":\"https:\\\/\\\/patagoniambiental.com.ar\\\/info\\\/wp-content\\\/uploads\\\/2025\\\/05\\\/LOGO-PATAGONIA-AMBIENTAL.png\",\"contentUrl\":\"https:\\\/\\\/patagoniambiental.com.ar\\\/info\\\/wp-content\\\/uploads\\\/2025\\\/05\\\/LOGO-PATAGONIA-AMBIENTAL.png\",\"width\":433,\"height\":250,\"caption\":\"Patagonia Ambiental\"},\"image\":{\"@id\":\"https:\\\/\\\/patagoniambiental.com.ar\\\/info\\\/#\\\/schema\\\/logo\\\/image\\\/\"},\"sameAs\":[\"https:\\\/\\\/www.facebook.com\\\/patagonia.ambiental\",\"https:\\\/\\\/x.com\\\/PatAmb\"]},{\"@type\":\"Person\",\"@id\":\"https:\\\/\\\/patagoniambiental.com.ar\\\/info\\\/#\\\/schema\\\/person\\\/db12bff64bbcbf6a253710bf0ea37b5d\",\"name\":\"Patagonia Ambiental\",\"description\":\"Andr\u00e9s Nievas T\u00e9cnico en manejo ambiental, consultor Ambiental y escritor para medios locales e internacionales sobre temas de geopolitica y medio ambiente.\",\"sameAs\":[\"http:\\\/\\\/www.patagoniambiental.com.ar\",\"https:\\\/\\\/www.facebook.com\\\/share\\\/1C1V8Gv9BX\\\/?mibextid=qi2Omg\",\"@patagoniambiental\",\"https:\\\/\\\/youtube.com\\\/@patagoniaambiental2023?si=BLt58t0wuXquxlYZ\"]}]}<\/script>\n<!-- \/ Yoast SEO Premium plugin. -->","yoast_head_json":{"title":"Trelew: Balance positivo de la primera etapa del programa de limpieza barrial","robots":{"index":"index","follow":"follow","max-snippet":"max-snippet:-1","max-image-preview":"max-image-preview:large","max-video-preview":"max-video-preview:-1"},"canonical":"https:\/\/patagoniambiental.com.ar\/info\/trelew-balance-positivo-de-la-primera-etapa-del-programa-de-limpieza-barrial\/","og_locale":"es_ES","og_type":"article","og_title":"Trelew: Balance positivo de la primera etapa del programa de limpieza barrial","og_description":"La Municipalidad de Trelew a trav\u00e9s de la Coordinaci\u00f3n de Gesti\u00f3n Urbana y la Coordinaci\u00f3n de Vecinales culmin\u00f3 esta semana [&hellip;]","og_url":"https:\/\/patagoniambiental.com.ar\/info\/trelew-balance-positivo-de-la-primera-etapa-del-programa-de-limpieza-barrial\/","og_site_name":"Patagonia Ambiental","article_publisher":"https:\/\/www.facebook.com\/patagonia.ambiental","article_author":"https:\/\/www.facebook.com\/share\/1C1V8Gv9BX\/?mibextid=qi2Omg","article_published_time":"2018-06-26T12:00:19+00:00","og_image":[{"width":1500,"height":843,"url":"https:\/\/patagoniambiental.com.ar\/info\/wp-content\/uploads\/2018\/06\/balance1.jpg","type":"image\/jpeg"}],"author":"Patagonia Ambiental","twitter_card":"summary_large_image","twitter_creator":"@PatAmb","twitter_site":"@PatAmb","schema":{"@context":"https:\/\/schema.org","@graph":[{"@type":"Article","@id":"https:\/\/patagoniambiental.com.ar\/info\/trelew-balance-positivo-de-la-primera-etapa-del-programa-de-limpieza-barrial\/#article","isPartOf":{"@id":"https:\/\/patagoniambiental.com.ar\/info\/trelew-balance-positivo-de-la-primera-etapa-del-programa-de-limpieza-barrial\/"},"author":{"name":"Patagonia Ambiental","@id":"https:\/\/patagoniambiental.com.ar\/info\/#\/schema\/person\/db12bff64bbcbf6a253710bf0ea37b5d"},"headline":"Trelew: Balance positivo de la primera etapa del programa de limpieza barrial","datePublished":"2018-06-26T12:00:19+00:00","mainEntityOfPage":{"@id":"https:\/\/patagoniambiental.com.ar\/info\/trelew-balance-positivo-de-la-primera-etapa-del-programa-de-limpieza-barrial\/"},"wordCount":316,"commentCount":0,"publisher":{"@id":"https:\/\/patagoniambiental.com.ar\/info\/#organization"},"image":{"@id":"https:\/\/patagoniambiental.com.ar\/info\/trelew-balance-positivo-de-la-primera-etapa-del-programa-de-limpieza-barrial\/#primaryimage"},"thumbnailUrl":"https:\/\/patagoniambiental.com.ar\/info\/wp-content\/uploads\/2018\/06\/balance1.jpg","articleSection":["Municipios","Noticias"],"inLanguage":"es","potentialAction":[{"@type":"CommentAction","name":"Comment","target":["https:\/\/patagoniambiental.com.ar\/info\/trelew-balance-positivo-de-la-primera-etapa-del-programa-de-limpieza-barrial\/#respond"]}]},{"@type":"WebPage","@id":"https:\/\/patagoniambiental.com.ar\/info\/trelew-balance-positivo-de-la-primera-etapa-del-programa-de-limpieza-barrial\/","url":"https:\/\/patagoniambiental.com.ar\/info\/trelew-balance-positivo-de-la-primera-etapa-del-programa-de-limpieza-barrial\/","name":"Trelew: Balance positivo de la primera etapa del programa de limpieza barrial","isPartOf":{"@id":"https:\/\/patagoniambiental.com.ar\/info\/#website"},"primaryImageOfPage":{"@id":"https:\/\/patagoniambiental.com.ar\/info\/trelew-balance-positivo-de-la-primera-etapa-del-programa-de-limpieza-barrial\/#primaryimage"},"image":{"@id":"https:\/\/patagoniambiental.com.ar\/info\/trelew-balance-positivo-de-la-primera-etapa-del-programa-de-limpieza-barrial\/#primaryimage"},"thumbnailUrl":"https:\/\/patagoniambiental.com.ar\/info\/wp-content\/uploads\/2018\/06\/balance1.jpg","datePublished":"2018-06-26T12:00:19+00:00","breadcrumb":{"@id":"https:\/\/patagoniambiental.com.ar\/info\/trelew-balance-positivo-de-la-primera-etapa-del-programa-de-limpieza-barrial\/#breadcrumb"},"inLanguage":"es","potentialAction":[{"@type":"ReadAction","target":["https:\/\/patagoniambiental.com.ar\/info\/trelew-balance-positivo-de-la-primera-etapa-del-programa-de-limpieza-barrial\/"]}]},{"@type":"ImageObject","inLanguage":"es","@id":"https:\/\/patagoniambiental.com.ar\/info\/trelew-balance-positivo-de-la-primera-etapa-del-programa-de-limpieza-barrial\/#primaryimage","url":"https:\/\/patagoniambiental.com.ar\/info\/wp-content\/uploads\/2018\/06\/balance1.jpg","contentUrl":"https:\/\/patagoniambiental.com.ar\/info\/wp-content\/uploads\/2018\/06\/balance1.jpg","width":1500,"height":843},{"@type":"BreadcrumbList","@id":"https:\/\/patagoniambiental.com.ar\/info\/trelew-balance-positivo-de-la-primera-etapa-del-programa-de-limpieza-barrial\/#breadcrumb","itemListElement":[{"@type":"ListItem","position":1,"name":"Inicio","item":"https:\/\/patagoniambiental.com.ar\/info\/"},{"@type":"ListItem","position":2,"name":"Trelew: Balance positivo de la primera etapa del programa de limpieza barrial"}]},{"@type":"WebSite","@id":"https:\/\/patagoniambiental.com.ar\/info\/#website","url":"https:\/\/patagoniambiental.com.ar\/info\/","name":"Patagonia Ambiental","description":"Monitoreo y an\u00e1lisis de la situaci\u00f3n geopol\u00edtica en el mundo y su implicancia en la Patagonia","publisher":{"@id":"https:\/\/patagoniambiental.com.ar\/info\/#organization"},"potentialAction":[{"@type":"SearchAction","target":{"@type":"EntryPoint","urlTemplate":"https:\/\/patagoniambiental.com.ar\/info\/?s={search_term_string}"},"query-input":{"@type":"PropertyValueSpecification","valueRequired":true,"valueName":"search_term_string"}}],"inLanguage":"es"},{"@type":"Organization","@id":"https:\/\/patagoniambiental.com.ar\/info\/#organization","name":"Patagonia Ambiental","url":"https:\/\/patagoniambiental.com.ar\/info\/","logo":{"@type":"ImageObject","inLanguage":"es","@id":"https:\/\/patagoniambiental.com.ar\/info\/#\/schema\/logo\/image\/","url":"https:\/\/patagoniambiental.com.ar\/info\/wp-content\/uploads\/2025\/05\/LOGO-PATAGONIA-AMBIENTAL.png","contentUrl":"https:\/\/patagoniambiental.com.ar\/info\/wp-content\/uploads\/2025\/05\/LOGO-PATAGONIA-AMBIENTAL.png","width":433,"height":250,"caption":"Patagonia Ambiental"},"image":{"@id":"https:\/\/patagoniambiental.com.ar\/info\/#\/schema\/logo\/image\/"},"sameAs":["https:\/\/www.facebook.com\/patagonia.ambiental","https:\/\/x.com\/PatAmb"]},{"@type":"Person","@id":"https:\/\/patagoniambiental.com.ar\/info\/#\/schema\/person\/db12bff64bbcbf6a253710bf0ea37b5d","name":"Patagonia Ambiental","description":"Andr\u00e9s Nievas T\u00e9cnico en manejo ambiental, consultor Ambiental y escritor para medios locales e internacionales sobre temas de geopolitica y medio ambiente.","sameAs":["http:\/\/www.patagoniambiental.com.ar","https:\/\/www.facebook.com\/share\/1C1V8Gv9BX\/?mibextid=qi2Omg","@patagoniambiental","https:\/\/youtube.com\/@patagoniaambiental2023?si=BLt58t0wuXquxlYZ"]}]}},"_links":{"self":[{"href":"https:\/\/patagoniambiental.com.ar\/info\/wp-json\/wp\/v2\/posts\/48853","targetHints":{"allow":["GET"]}}],"collection":[{"href":"https:\/\/patagoniambiental.com.ar\/info\/wp-json\/wp\/v2\/posts"}],"about":[{"href":"https:\/\/patagoniambiental.com.ar\/info\/wp-json\/wp\/v2\/types\/post"}],"author":[{"embeddable":true,"href":"https:\/\/patagoniambiental.com.ar\/info\/wp-json\/wp\/v2\/users\/2"}],"replies":[{"embeddable":true,"href":"https:\/\/patagoniambiental.com.ar\/info\/wp-json\/wp\/v2\/comments?post=48853"}],"version-history":[{"count":0,"href":"https:\/\/patagoniambiental.com.ar\/info\/wp-json\/wp\/v2\/posts\/48853\/revisions"}],"wp:featuredmedia":[{"embeddable":true,"href":"https:\/\/patagoniambiental.com.ar\/info\/wp-json\/wp\/v2\/media\/48854"}],"wp:attachment":[{"href":"https:\/\/patagoniambiental.com.ar\/info\/wp-json\/wp\/v2\/media?parent=48853"}],"wp:term":[{"taxonomy":"category","embeddable":true,"href":"https:\/\/patagoniambiental.com.ar\/info\/wp-json\/wp\/v2\/categories?post=48853"},{"taxonomy":"post_tag","embeddable":true,"href":"https:\/\/patagoniambiental.com.ar\/info\/wp-json\/wp\/v2\/tags?post=48853"}],"curies":[{"name":"wp","href":"https:\/\/api.w.org\/{rel}","templated":true}]}}