{"id":49329,"date":"2018-07-05T09:00:48","date_gmt":"2018-07-05T12:00:48","guid":{"rendered":"http:\/\/patagoniambiental.com.ar\/info\/?p=49329"},"modified":"2018-07-04T20:36:06","modified_gmt":"2018-07-04T23:36:06","slug":"rio-gallegos-asamblea-por-el-medioambiente-reclaman-por-traslado-del-vaciadero-y-tratamiento-de-residuos","status":"publish","type":"post","link":"https:\/\/patagoniambiental.com.ar\/info\/rio-gallegos-asamblea-por-el-medioambiente-reclaman-por-traslado-del-vaciadero-y-tratamiento-de-residuos\/","title":{"rendered":"R\u00edo Gallegos: Asamblea por el Medioambiente reclaman por traslado del Vaciadero y tratamiento de residuos"},"content":{"rendered":"<div class=\"f-right\">\n<p>R\u00cdO GALLEGOS.- El sector de vecinos contaron a Radio Nuevo D\u00eda que enviaron notas a \u00e1reas de la comuna para conocer si existe un protocolo ante la quema de basura, que ya provoc\u00f3 enfermedades en residentes del sector.<\/p>\n<\/div>\n<div class=\"w620 noborde\"><\/div>\n<div class=\"caja\">\n<div class=\"fotonota floatLeft mb20 cycle-slideshow\" style=\"margin-bottom: 20px !important;background-color: #000000\">\n<div class=\"item cycle-slide cycle-slide-active\"><span style=\"background-color: #ffffff\">Los vecinos que componen la \u00a0\u00a0Asamblea por el Medioambiente de R\u00edo Gallegos reclaman al Intendente \u00a0\u00a0lleve adelante \u00a0medidas para cumplir el fallo de la denuncia realizada en 2.015\u00a0 por docentes de la UNPA, que consisti\u00f3 en remediar el Vaciero e informar el Plan para el traslado del Basural.<\/span><\/div>\n<\/div>\n<div id=\"noticiaint\">\n<div id=\"txtcontenido\">\n<p>El traslado del Vaciero est\u00e1 frenado por la causa penal que lleva adelante el Juez Bonad\u00edo por supuesta malversaci\u00f3n de fondos p\u00fablicos durante la gesti\u00f3n del ex intendente \u00a0Ra\u00fal Cant\u00edn, de acuerdo a dinero \u2013 un total de 84 millones de pesos-que envi\u00f3 Naci\u00f3n y no se volcaron en obras,.<\/p>\n<p>\u201cEn el Vaciadero se est\u00e1 quemando basura continuamente, y encontramos fosas con residuos de frigor\u00edficos, en donde tiran desechos no tratados. Son fosas ilegales\u00a0 que est\u00e1n avaladas por alg\u00fan funcionario\u201d, se\u00f1alaron Rita y Silvana L\u00f3pez \u00a0de la Asamblea.<\/p>\n<p>Los vecinos presentaron notas a diversas \u00e1reas del municipio, como obras y \u00a0servicios para preguntarles que protocolo llevan a \u00a0cabo ante incendios en el Vaciadero.\u201dTuvimos caso de no respuesta\u00a0 a vecinos cuando se\u00a0 quemaba\u00a0 en el Vaciadero, los bomberos no pod\u00eda entrar \u00a0y el 108 no funcionaba. No tenemos d\u00f3nde acudir por ayuda\u201d, advirti\u00f3.<\/p>\n<p>Adem\u00e1s\u00a0 alertaron que muchas personas\u00a0 padecen enfermedades por los gases \u00a0t\u00f3xicos que emanan desde el basural.<\/p>\n<p>El grupo adem\u00e1s \u00a0organiza\u00a0 jornadas de limpieza ante la grave situaci\u00f3n \u00a0de la ciudad por la basura y rebalse de l\u00edquidos\u00a0 cloacales.<\/p>\n<p>Fuente:\u00a0https:\/\/www.eldiarionuevodia.com.ar\/local\/info-general\/2018\/7\/4\/asamblea-por-el-medioambiente-reclaman-por-traslado-del-vaciadero-tratamiento-de-residuos-63079.html<\/p>\n<p>&nbsp;<\/p>\n<\/div>\n<div><\/div>\n<\/div>\n<\/div>\n","protected":false},"excerpt":{"rendered":"<p>R\u00cdO GALLEGOS.- El sector de vecinos contaron a Radio Nuevo D\u00eda que enviaron notas a \u00e1reas de la comuna para [&hellip;]<\/p>\n","protected":false},"author":2,"featured_media":49330,"comment_status":"open","ping_status":"open","sticky":false,"template":"","format":"standard","meta":{"site-sidebar-layout":"default","site-content-layout":"","ast-site-content-layout":"default","site-content-style":"default","site-sidebar-style":"default","ast-global-header-display":"","ast-banner-title-visibility":"","ast-main-header-display":"","ast-hfb-above-header-display":"","ast-hfb-below-header-display":"","ast-hfb-mobile-header-display":"","site-post-title":"","ast-breadcrumbs-content":"","ast-featured-img":"","footer-sml-layout":"","ast-disable-related-posts":"","theme-transparent-header-meta":"","adv-header-id-meta":"","stick-header-meta":"","header-above-stick-meta":"","header-main-stick-meta":"","header-below-stick-meta":"","astra-migrate-meta-layouts":"default","ast-page-background-enabled":"default","ast-page-background-meta":{"desktop":{"background-color":"var(--ast-global-color-5)","background-image":"","background-repeat":"repeat","background-position":"center center","background-size":"auto","background-attachment":"scroll","background-type":"","background-media":"","overlay-type":"","overlay-color":"","overlay-opacity":"","overlay-gradient":""},"tablet":{"background-color":"","background-image":"","background-repeat":"repeat","background-position":"center center","background-size":"auto","background-attachment":"scroll","background-type":"","background-media":"","overlay-type":"","overlay-color":"","overlay-opacity":"","overlay-gradient":""},"mobile":{"background-color":"","background-image":"","background-repeat":"repeat","background-position":"center center","background-size":"auto","background-attachment":"scroll","background-type":"","background-media":"","overlay-type":"","overlay-color":"","overlay-opacity":"","overlay-gradient":""}},"ast-content-background-meta":{"desktop":{"background-color":"var(--ast-global-color-4)","background-image":"","background-repeat":"repeat","background-position":"center center","background-size":"auto","background-attachment":"scroll","background-type":"","background-media":"","overlay-type":"","overlay-color":"","overlay-opacity":"","overlay-gradient":""},"tablet":{"background-color":"var(--ast-global-color-4)","background-image":"","background-repeat":"repeat","background-position":"center center","background-size":"auto","background-attachment":"scroll","background-type":"","background-media":"","overlay-type":"","overlay-color":"","overlay-opacity":"","overlay-gradient":""},"mobile":{"background-color":"var(--ast-global-color-4)","background-image":"","background-repeat":"repeat","background-position":"center center","background-size":"auto","background-attachment":"scroll","background-type":"","background-media":"","overlay-type":"","overlay-color":"","overlay-opacity":"","overlay-gradient":""}},"footnotes":""},"categories":[46,1],"tags":[],"class_list":["post-49329","post","type-post","status-publish","format-standard","has-post-thumbnail","hentry","category-municipios","category-noticias"],"yoast_head":"<!-- This site is optimized with the Yoast SEO Premium plugin v23.0 (Yoast SEO v27.5) - https:\/\/yoast.com\/product\/yoast-seo-premium-wordpress\/ -->\n<title>R\u00edo Gallegos: Asamblea por el Medioambiente reclaman por traslado del Vaciadero y tratamiento de residuos<\/title>\n<meta name=\"robots\" content=\"index, follow, max-snippet:-1, max-image-preview:large, max-video-preview:-1\" \/>\n<link rel=\"canonical\" href=\"https:\/\/patagoniambiental.com.ar\/info\/rio-gallegos-asamblea-por-el-medioambiente-reclaman-por-traslado-del-vaciadero-y-tratamiento-de-residuos\/\" \/>\n<meta property=\"og:locale\" content=\"es_ES\" \/>\n<meta property=\"og:type\" content=\"article\" \/>\n<meta property=\"og:title\" content=\"R\u00edo Gallegos: Asamblea por el Medioambiente reclaman por traslado del Vaciadero y tratamiento de residuos\" \/>\n<meta property=\"og:description\" content=\"R\u00cdO GALLEGOS.- El sector de vecinos contaron a Radio Nuevo D\u00eda que enviaron notas a \u00e1reas de la comuna para [&hellip;]\" \/>\n<meta property=\"og:url\" content=\"https:\/\/patagoniambiental.com.ar\/info\/rio-gallegos-asamblea-por-el-medioambiente-reclaman-por-traslado-del-vaciadero-y-tratamiento-de-residuos\/\" \/>\n<meta property=\"og:site_name\" content=\"Patagonia Ambiental\" \/>\n<meta property=\"article:publisher\" content=\"https:\/\/www.facebook.com\/patagonia.ambiental\" \/>\n<meta property=\"article:author\" content=\"https:\/\/www.facebook.com\/share\/1C1V8Gv9BX\/?mibextid=qi2Omg\" \/>\n<meta property=\"article:published_time\" content=\"2018-07-05T12:00:48+00:00\" \/>\n<meta property=\"og:image\" content=\"https:\/\/patagoniambiental.com.ar\/info\/wp-content\/uploads\/2018\/07\/limpiando.jpg\" \/>\n\t<meta property=\"og:image:width\" content=\"620\" \/>\n\t<meta property=\"og:image:height\" content=\"350\" \/>\n\t<meta property=\"og:image:type\" content=\"image\/jpeg\" \/>\n<meta name=\"author\" content=\"Patagonia Ambiental\" \/>\n<meta name=\"twitter:card\" content=\"summary_large_image\" \/>\n<meta name=\"twitter:creator\" content=\"@PatAmb\" \/>\n<meta name=\"twitter:site\" content=\"@PatAmb\" \/>\n<script type=\"application\/ld+json\" class=\"yoast-schema-graph\">{\"@context\":\"https:\\\/\\\/schema.org\",\"@graph\":[{\"@type\":\"Article\",\"@id\":\"https:\\\/\\\/patagoniambiental.com.ar\\\/info\\\/rio-gallegos-asamblea-por-el-medioambiente-reclaman-por-traslado-del-vaciadero-y-tratamiento-de-residuos\\\/#article\",\"isPartOf\":{\"@id\":\"https:\\\/\\\/patagoniambiental.com.ar\\\/info\\\/rio-gallegos-asamblea-por-el-medioambiente-reclaman-por-traslado-del-vaciadero-y-tratamiento-de-residuos\\\/\"},\"author\":{\"name\":\"Patagonia Ambiental\",\"@id\":\"https:\\\/\\\/patagoniambiental.com.ar\\\/info\\\/#\\\/schema\\\/person\\\/db12bff64bbcbf6a253710bf0ea37b5d\"},\"headline\":\"R\u00edo Gallegos: Asamblea por el Medioambiente reclaman por traslado del Vaciadero y tratamiento de residuos\",\"datePublished\":\"2018-07-05T12:00:48+00:00\",\"mainEntityOfPage\":{\"@id\":\"https:\\\/\\\/patagoniambiental.com.ar\\\/info\\\/rio-gallegos-asamblea-por-el-medioambiente-reclaman-por-traslado-del-vaciadero-y-tratamiento-de-residuos\\\/\"},\"wordCount\":313,\"commentCount\":0,\"publisher\":{\"@id\":\"https:\\\/\\\/patagoniambiental.com.ar\\\/info\\\/#organization\"},\"image\":{\"@id\":\"https:\\\/\\\/patagoniambiental.com.ar\\\/info\\\/rio-gallegos-asamblea-por-el-medioambiente-reclaman-por-traslado-del-vaciadero-y-tratamiento-de-residuos\\\/#primaryimage\"},\"thumbnailUrl\":\"https:\\\/\\\/patagoniambiental.com.ar\\\/info\\\/wp-content\\\/uploads\\\/2018\\\/07\\\/limpiando.jpg\",\"articleSection\":[\"Municipios\",\"Noticias\"],\"inLanguage\":\"es\",\"potentialAction\":[{\"@type\":\"CommentAction\",\"name\":\"Comment\",\"target\":[\"https:\\\/\\\/patagoniambiental.com.ar\\\/info\\\/rio-gallegos-asamblea-por-el-medioambiente-reclaman-por-traslado-del-vaciadero-y-tratamiento-de-residuos\\\/#respond\"]}]},{\"@type\":\"WebPage\",\"@id\":\"https:\\\/\\\/patagoniambiental.com.ar\\\/info\\\/rio-gallegos-asamblea-por-el-medioambiente-reclaman-por-traslado-del-vaciadero-y-tratamiento-de-residuos\\\/\",\"url\":\"https:\\\/\\\/patagoniambiental.com.ar\\\/info\\\/rio-gallegos-asamblea-por-el-medioambiente-reclaman-por-traslado-del-vaciadero-y-tratamiento-de-residuos\\\/\",\"name\":\"R\u00edo Gallegos: Asamblea por el Medioambiente reclaman por traslado del Vaciadero y tratamiento de residuos\",\"isPartOf\":{\"@id\":\"https:\\\/\\\/patagoniambiental.com.ar\\\/info\\\/#website\"},\"primaryImageOfPage\":{\"@id\":\"https:\\\/\\\/patagoniambiental.com.ar\\\/info\\\/rio-gallegos-asamblea-por-el-medioambiente-reclaman-por-traslado-del-vaciadero-y-tratamiento-de-residuos\\\/#primaryimage\"},\"image\":{\"@id\":\"https:\\\/\\\/patagoniambiental.com.ar\\\/info\\\/rio-gallegos-asamblea-por-el-medioambiente-reclaman-por-traslado-del-vaciadero-y-tratamiento-de-residuos\\\/#primaryimage\"},\"thumbnailUrl\":\"https:\\\/\\\/patagoniambiental.com.ar\\\/info\\\/wp-content\\\/uploads\\\/2018\\\/07\\\/limpiando.jpg\",\"datePublished\":\"2018-07-05T12:00:48+00:00\",\"breadcrumb\":{\"@id\":\"https:\\\/\\\/patagoniambiental.com.ar\\\/info\\\/rio-gallegos-asamblea-por-el-medioambiente-reclaman-por-traslado-del-vaciadero-y-tratamiento-de-residuos\\\/#breadcrumb\"},\"inLanguage\":\"es\",\"potentialAction\":[{\"@type\":\"ReadAction\",\"target\":[\"https:\\\/\\\/patagoniambiental.com.ar\\\/info\\\/rio-gallegos-asamblea-por-el-medioambiente-reclaman-por-traslado-del-vaciadero-y-tratamiento-de-residuos\\\/\"]}]},{\"@type\":\"ImageObject\",\"inLanguage\":\"es\",\"@id\":\"https:\\\/\\\/patagoniambiental.com.ar\\\/info\\\/rio-gallegos-asamblea-por-el-medioambiente-reclaman-por-traslado-del-vaciadero-y-tratamiento-de-residuos\\\/#primaryimage\",\"url\":\"https:\\\/\\\/patagoniambiental.com.ar\\\/info\\\/wp-content\\\/uploads\\\/2018\\\/07\\\/limpiando.jpg\",\"contentUrl\":\"https:\\\/\\\/patagoniambiental.com.ar\\\/info\\\/wp-content\\\/uploads\\\/2018\\\/07\\\/limpiando.jpg\",\"width\":620,\"height\":350},{\"@type\":\"BreadcrumbList\",\"@id\":\"https:\\\/\\\/patagoniambiental.com.ar\\\/info\\\/rio-gallegos-asamblea-por-el-medioambiente-reclaman-por-traslado-del-vaciadero-y-tratamiento-de-residuos\\\/#breadcrumb\",\"itemListElement\":[{\"@type\":\"ListItem\",\"position\":1,\"name\":\"Inicio\",\"item\":\"https:\\\/\\\/patagoniambiental.com.ar\\\/info\\\/\"},{\"@type\":\"ListItem\",\"position\":2,\"name\":\"R\u00edo Gallegos: Asamblea por el Medioambiente reclaman por traslado del Vaciadero y tratamiento de residuos\"}]},{\"@type\":\"WebSite\",\"@id\":\"https:\\\/\\\/patagoniambiental.com.ar\\\/info\\\/#website\",\"url\":\"https:\\\/\\\/patagoniambiental.com.ar\\\/info\\\/\",\"name\":\"Patagonia Ambiental\",\"description\":\"Monitoreo y an\u00e1lisis de la situaci\u00f3n geopol\u00edtica en el mundo y su implicancia en la Patagonia\",\"publisher\":{\"@id\":\"https:\\\/\\\/patagoniambiental.com.ar\\\/info\\\/#organization\"},\"potentialAction\":[{\"@type\":\"SearchAction\",\"target\":{\"@type\":\"EntryPoint\",\"urlTemplate\":\"https:\\\/\\\/patagoniambiental.com.ar\\\/info\\\/?s={search_term_string}\"},\"query-input\":{\"@type\":\"PropertyValueSpecification\",\"valueRequired\":true,\"valueName\":\"search_term_string\"}}],\"inLanguage\":\"es\"},{\"@type\":\"Organization\",\"@id\":\"https:\\\/\\\/patagoniambiental.com.ar\\\/info\\\/#organization\",\"name\":\"Patagonia Ambiental\",\"url\":\"https:\\\/\\\/patagoniambiental.com.ar\\\/info\\\/\",\"logo\":{\"@type\":\"ImageObject\",\"inLanguage\":\"es\",\"@id\":\"https:\\\/\\\/patagoniambiental.com.ar\\\/info\\\/#\\\/schema\\\/logo\\\/image\\\/\",\"url\":\"https:\\\/\\\/patagoniambiental.com.ar\\\/info\\\/wp-content\\\/uploads\\\/2025\\\/05\\\/LOGO-PATAGONIA-AMBIENTAL.png\",\"contentUrl\":\"https:\\\/\\\/patagoniambiental.com.ar\\\/info\\\/wp-content\\\/uploads\\\/2025\\\/05\\\/LOGO-PATAGONIA-AMBIENTAL.png\",\"width\":433,\"height\":250,\"caption\":\"Patagonia Ambiental\"},\"image\":{\"@id\":\"https:\\\/\\\/patagoniambiental.com.ar\\\/info\\\/#\\\/schema\\\/logo\\\/image\\\/\"},\"sameAs\":[\"https:\\\/\\\/www.facebook.com\\\/patagonia.ambiental\",\"https:\\\/\\\/x.com\\\/PatAmb\"]},{\"@type\":\"Person\",\"@id\":\"https:\\\/\\\/patagoniambiental.com.ar\\\/info\\\/#\\\/schema\\\/person\\\/db12bff64bbcbf6a253710bf0ea37b5d\",\"name\":\"Patagonia Ambiental\",\"description\":\"Andr\u00e9s Nievas T\u00e9cnico en manejo ambiental, consultor Ambiental y escritor para medios locales e internacionales sobre temas de geopolitica y medio ambiente.\",\"sameAs\":[\"http:\\\/\\\/www.patagoniambiental.com.ar\",\"https:\\\/\\\/www.facebook.com\\\/share\\\/1C1V8Gv9BX\\\/?mibextid=qi2Omg\",\"@patagoniambiental\",\"https:\\\/\\\/youtube.com\\\/@patagoniaambiental2023?si=BLt58t0wuXquxlYZ\"]}]}<\/script>\n<!-- \/ Yoast SEO Premium plugin. -->","yoast_head_json":{"title":"R\u00edo Gallegos: Asamblea por el Medioambiente reclaman por traslado del Vaciadero y tratamiento de residuos","robots":{"index":"index","follow":"follow","max-snippet":"max-snippet:-1","max-image-preview":"max-image-preview:large","max-video-preview":"max-video-preview:-1"},"canonical":"https:\/\/patagoniambiental.com.ar\/info\/rio-gallegos-asamblea-por-el-medioambiente-reclaman-por-traslado-del-vaciadero-y-tratamiento-de-residuos\/","og_locale":"es_ES","og_type":"article","og_title":"R\u00edo Gallegos: Asamblea por el Medioambiente reclaman por traslado del Vaciadero y tratamiento de residuos","og_description":"R\u00cdO GALLEGOS.- El sector de vecinos contaron a Radio Nuevo D\u00eda que enviaron notas a \u00e1reas de la comuna para [&hellip;]","og_url":"https:\/\/patagoniambiental.com.ar\/info\/rio-gallegos-asamblea-por-el-medioambiente-reclaman-por-traslado-del-vaciadero-y-tratamiento-de-residuos\/","og_site_name":"Patagonia Ambiental","article_publisher":"https:\/\/www.facebook.com\/patagonia.ambiental","article_author":"https:\/\/www.facebook.com\/share\/1C1V8Gv9BX\/?mibextid=qi2Omg","article_published_time":"2018-07-05T12:00:48+00:00","og_image":[{"width":620,"height":350,"url":"https:\/\/patagoniambiental.com.ar\/info\/wp-content\/uploads\/2018\/07\/limpiando.jpg","type":"image\/jpeg"}],"author":"Patagonia Ambiental","twitter_card":"summary_large_image","twitter_creator":"@PatAmb","twitter_site":"@PatAmb","schema":{"@context":"https:\/\/schema.org","@graph":[{"@type":"Article","@id":"https:\/\/patagoniambiental.com.ar\/info\/rio-gallegos-asamblea-por-el-medioambiente-reclaman-por-traslado-del-vaciadero-y-tratamiento-de-residuos\/#article","isPartOf":{"@id":"https:\/\/patagoniambiental.com.ar\/info\/rio-gallegos-asamblea-por-el-medioambiente-reclaman-por-traslado-del-vaciadero-y-tratamiento-de-residuos\/"},"author":{"name":"Patagonia Ambiental","@id":"https:\/\/patagoniambiental.com.ar\/info\/#\/schema\/person\/db12bff64bbcbf6a253710bf0ea37b5d"},"headline":"R\u00edo Gallegos: Asamblea por el Medioambiente reclaman por traslado del Vaciadero y tratamiento de residuos","datePublished":"2018-07-05T12:00:48+00:00","mainEntityOfPage":{"@id":"https:\/\/patagoniambiental.com.ar\/info\/rio-gallegos-asamblea-por-el-medioambiente-reclaman-por-traslado-del-vaciadero-y-tratamiento-de-residuos\/"},"wordCount":313,"commentCount":0,"publisher":{"@id":"https:\/\/patagoniambiental.com.ar\/info\/#organization"},"image":{"@id":"https:\/\/patagoniambiental.com.ar\/info\/rio-gallegos-asamblea-por-el-medioambiente-reclaman-por-traslado-del-vaciadero-y-tratamiento-de-residuos\/#primaryimage"},"thumbnailUrl":"https:\/\/patagoniambiental.com.ar\/info\/wp-content\/uploads\/2018\/07\/limpiando.jpg","articleSection":["Municipios","Noticias"],"inLanguage":"es","potentialAction":[{"@type":"CommentAction","name":"Comment","target":["https:\/\/patagoniambiental.com.ar\/info\/rio-gallegos-asamblea-por-el-medioambiente-reclaman-por-traslado-del-vaciadero-y-tratamiento-de-residuos\/#respond"]}]},{"@type":"WebPage","@id":"https:\/\/patagoniambiental.com.ar\/info\/rio-gallegos-asamblea-por-el-medioambiente-reclaman-por-traslado-del-vaciadero-y-tratamiento-de-residuos\/","url":"https:\/\/patagoniambiental.com.ar\/info\/rio-gallegos-asamblea-por-el-medioambiente-reclaman-por-traslado-del-vaciadero-y-tratamiento-de-residuos\/","name":"R\u00edo Gallegos: Asamblea por el Medioambiente reclaman por traslado del Vaciadero y tratamiento de residuos","isPartOf":{"@id":"https:\/\/patagoniambiental.com.ar\/info\/#website"},"primaryImageOfPage":{"@id":"https:\/\/patagoniambiental.com.ar\/info\/rio-gallegos-asamblea-por-el-medioambiente-reclaman-por-traslado-del-vaciadero-y-tratamiento-de-residuos\/#primaryimage"},"image":{"@id":"https:\/\/patagoniambiental.com.ar\/info\/rio-gallegos-asamblea-por-el-medioambiente-reclaman-por-traslado-del-vaciadero-y-tratamiento-de-residuos\/#primaryimage"},"thumbnailUrl":"https:\/\/patagoniambiental.com.ar\/info\/wp-content\/uploads\/2018\/07\/limpiando.jpg","datePublished":"2018-07-05T12:00:48+00:00","breadcrumb":{"@id":"https:\/\/patagoniambiental.com.ar\/info\/rio-gallegos-asamblea-por-el-medioambiente-reclaman-por-traslado-del-vaciadero-y-tratamiento-de-residuos\/#breadcrumb"},"inLanguage":"es","potentialAction":[{"@type":"ReadAction","target":["https:\/\/patagoniambiental.com.ar\/info\/rio-gallegos-asamblea-por-el-medioambiente-reclaman-por-traslado-del-vaciadero-y-tratamiento-de-residuos\/"]}]},{"@type":"ImageObject","inLanguage":"es","@id":"https:\/\/patagoniambiental.com.ar\/info\/rio-gallegos-asamblea-por-el-medioambiente-reclaman-por-traslado-del-vaciadero-y-tratamiento-de-residuos\/#primaryimage","url":"https:\/\/patagoniambiental.com.ar\/info\/wp-content\/uploads\/2018\/07\/limpiando.jpg","contentUrl":"https:\/\/patagoniambiental.com.ar\/info\/wp-content\/uploads\/2018\/07\/limpiando.jpg","width":620,"height":350},{"@type":"BreadcrumbList","@id":"https:\/\/patagoniambiental.com.ar\/info\/rio-gallegos-asamblea-por-el-medioambiente-reclaman-por-traslado-del-vaciadero-y-tratamiento-de-residuos\/#breadcrumb","itemListElement":[{"@type":"ListItem","position":1,"name":"Inicio","item":"https:\/\/patagoniambiental.com.ar\/info\/"},{"@type":"ListItem","position":2,"name":"R\u00edo Gallegos: Asamblea por el Medioambiente reclaman por traslado del Vaciadero y tratamiento de residuos"}]},{"@type":"WebSite","@id":"https:\/\/patagoniambiental.com.ar\/info\/#website","url":"https:\/\/patagoniambiental.com.ar\/info\/","name":"Patagonia Ambiental","description":"Monitoreo y an\u00e1lisis de la situaci\u00f3n geopol\u00edtica en el mundo y su implicancia en la Patagonia","publisher":{"@id":"https:\/\/patagoniambiental.com.ar\/info\/#organization"},"potentialAction":[{"@type":"SearchAction","target":{"@type":"EntryPoint","urlTemplate":"https:\/\/patagoniambiental.com.ar\/info\/?s={search_term_string}"},"query-input":{"@type":"PropertyValueSpecification","valueRequired":true,"valueName":"search_term_string"}}],"inLanguage":"es"},{"@type":"Organization","@id":"https:\/\/patagoniambiental.com.ar\/info\/#organization","name":"Patagonia Ambiental","url":"https:\/\/patagoniambiental.com.ar\/info\/","logo":{"@type":"ImageObject","inLanguage":"es","@id":"https:\/\/patagoniambiental.com.ar\/info\/#\/schema\/logo\/image\/","url":"https:\/\/patagoniambiental.com.ar\/info\/wp-content\/uploads\/2025\/05\/LOGO-PATAGONIA-AMBIENTAL.png","contentUrl":"https:\/\/patagoniambiental.com.ar\/info\/wp-content\/uploads\/2025\/05\/LOGO-PATAGONIA-AMBIENTAL.png","width":433,"height":250,"caption":"Patagonia Ambiental"},"image":{"@id":"https:\/\/patagoniambiental.com.ar\/info\/#\/schema\/logo\/image\/"},"sameAs":["https:\/\/www.facebook.com\/patagonia.ambiental","https:\/\/x.com\/PatAmb"]},{"@type":"Person","@id":"https:\/\/patagoniambiental.com.ar\/info\/#\/schema\/person\/db12bff64bbcbf6a253710bf0ea37b5d","name":"Patagonia Ambiental","description":"Andr\u00e9s Nievas T\u00e9cnico en manejo ambiental, consultor Ambiental y escritor para medios locales e internacionales sobre temas de geopolitica y medio ambiente.","sameAs":["http:\/\/www.patagoniambiental.com.ar","https:\/\/www.facebook.com\/share\/1C1V8Gv9BX\/?mibextid=qi2Omg","@patagoniambiental","https:\/\/youtube.com\/@patagoniaambiental2023?si=BLt58t0wuXquxlYZ"]}]}},"_links":{"self":[{"href":"https:\/\/patagoniambiental.com.ar\/info\/wp-json\/wp\/v2\/posts\/49329","targetHints":{"allow":["GET"]}}],"collection":[{"href":"https:\/\/patagoniambiental.com.ar\/info\/wp-json\/wp\/v2\/posts"}],"about":[{"href":"https:\/\/patagoniambiental.com.ar\/info\/wp-json\/wp\/v2\/types\/post"}],"author":[{"embeddable":true,"href":"https:\/\/patagoniambiental.com.ar\/info\/wp-json\/wp\/v2\/users\/2"}],"replies":[{"embeddable":true,"href":"https:\/\/patagoniambiental.com.ar\/info\/wp-json\/wp\/v2\/comments?post=49329"}],"version-history":[{"count":0,"href":"https:\/\/patagoniambiental.com.ar\/info\/wp-json\/wp\/v2\/posts\/49329\/revisions"}],"wp:featuredmedia":[{"embeddable":true,"href":"https:\/\/patagoniambiental.com.ar\/info\/wp-json\/wp\/v2\/media\/49330"}],"wp:attachment":[{"href":"https:\/\/patagoniambiental.com.ar\/info\/wp-json\/wp\/v2\/media?parent=49329"}],"wp:term":[{"taxonomy":"category","embeddable":true,"href":"https:\/\/patagoniambiental.com.ar\/info\/wp-json\/wp\/v2\/categories?post=49329"},{"taxonomy":"post_tag","embeddable":true,"href":"https:\/\/patagoniambiental.com.ar\/info\/wp-json\/wp\/v2\/tags?post=49329"}],"curies":[{"name":"wp","href":"https:\/\/api.w.org\/{rel}","templated":true}]}}