{"id":49572,"date":"2018-07-11T09:00:22","date_gmt":"2018-07-11T12:00:22","guid":{"rendered":"http:\/\/patagoniambiental.com.ar\/info\/?p=49572"},"modified":"2018-07-10T20:29:44","modified_gmt":"2018-07-10T23:29:44","slug":"rio-negro-cipolletti-no-enviara-por-ahora-la-basura-a-neuquen","status":"publish","type":"post","link":"https:\/\/patagoniambiental.com.ar\/info\/rio-negro-cipolletti-no-enviara-por-ahora-la-basura-a-neuquen\/","title":{"rendered":"R\u00edo Negro: Cipolletti no enviar\u00e1, por ahora, la basura a Neuqu\u00e9n"},"content":{"rendered":"<article id=\"article-post\" class=\"cat-rojo\">\n<div class=\"cuerpo\">\n<p>El Ejecutivo municipal tom\u00f3 la decisi\u00f3n de no enviar\u00a0<a class=\"agrupador\" href=\"https:\/\/www.lmcipolletti.com\/basura-a344\" rel=\"344\">basura<\/a>\u00a0durante el a\u00f1o en curso al Complejo Ambiental de Neuqu\u00e9n y reci\u00e9n en 2019 volver\u00e1 a evaluar la alternativa. En la posici\u00f3n han pesado, por una parte, las dificultades existentes para efectuar nuevos gastos y, por la otra, la disponibilidad que muestra hoy el\u00a0<a class=\"agrupador\" href=\"https:\/\/www.lmcipolletti.com\/basural-a94\" rel=\"94\">basural<\/a>\u00a0de la ciudad, que ha sido saneado y reacondicionado para recibir m\u00e1s residuos.<\/p>\n<\/div>\n<\/article>\n<article id=\"article-post\" class=\"cat-rojo\">\n<div class=\"cuerpo\">\n<p>La determinaci\u00f3n la hizo p\u00fablica ayer el intendente An\u00edbal\u00a0<a class=\"agrupador\" href=\"https:\/\/www.lmcipolletti.com\/tortoriello-a5644\" rel=\"5644\">Tortoriello<\/a>, quien destac\u00f3, no obstante, que el inter\u00e9s por trasladar a la vecina capital los desechos h\u00famedos sigue vigente, aunque por ahora ser\u00e1 postergado hasta una nueva oportunidad.<\/p>\n<p>Sus explicaciones apuntan a la defensa de las cuentas del Municipio, apretadas actualmente por la inflaci\u00f3n y por la necesidad de otorgar un nuevo incremento de haberes a los empleados para la segunda mitad del a\u00f1o.<\/p>\n<p>Como los vecinos y al igual que cualquier otra instituci\u00f3n con recursos limitados, las cuentas de la comuna han sentido el impacto del proceso inflacionario acentuado durante los \u00faltimos meses.<\/p>\n<p>En este contexto, se ha activado la cl\u00e1usula de rediscusi\u00f3n de los salarios municipales contemplada en el acuerdo con las organizaciones del Frente Sindical a fines de diciembre de 2017. Seg\u00fan tal punto, se volver\u00eda a las negociaciones cuando la inflaci\u00f3n llegase al 15%, que fue el monto aplicado desde enero para la mejora de los haberes.<\/p>\n<p>Tortoriello afirm\u00f3 que, en estas condiciones, no se pueden elevar los gastos de la comuna, puesto que por el traslado de cada tonelada de residuos a Neuqu\u00e9n se tendr\u00edan que pagar 485 pesos, sin contar la log\u00edstica propia del transporte y del personal.<\/p>\n<p>Adem\u00e1s, el jefe comunal ponder\u00f3 la labor de saneamiento y mejora del basural local, que le permitir\u00e1 al Municipio contar con un lugar en condiciones para seguir recibiendo descargas de desperdicios, con un sistema de relleno sanitario que minimiza los riesgos de contaminaci\u00f3n. Al sector se puede continuar llevando desechos por algunos a\u00f1os m\u00e1s.<\/p>\n<p><span id=\"saysCMSEmphasisrmye8kot1t\" class=\"saysCMSEmphasis\">\u201cEn este a\u00f1o no llevaremos residuos a Neuqu\u00e9n. En 2019 volveremos a analizar la posibilidad. No podemos hacer m\u00e1s gastos y adem\u00e1s tenemos el basural local saneado\u201d, dijo An\u00edbal Tortoriello, Intendente de Cipolletti<\/span><\/p>\n<p>La ciudad produce cerca de 100 toneladas diarias de basura. Si mandaran todas a la vecina capital, se invertir\u00edan casi $1.500.000 por mes. La comuna pensaba enviar un 30% de los desechos.<\/p>\n<\/div>\n<p>Fuente:\u00a0https:\/\/www.lmcipolletti.com\/tortoriello-no-enviara-ahora-la-basura-neuquen-n598264<\/p>\n<\/article>\n","protected":false},"excerpt":{"rendered":"<p>El Ejecutivo municipal tom\u00f3 la decisi\u00f3n de no enviar\u00a0basura\u00a0durante el a\u00f1o en curso al Complejo Ambiental de Neuqu\u00e9n y reci\u00e9n [&hellip;]<\/p>\n","protected":false},"author":2,"featured_media":49573,"comment_status":"open","ping_status":"open","sticky":false,"template":"","format":"standard","meta":{"site-sidebar-layout":"default","site-content-layout":"","ast-site-content-layout":"default","site-content-style":"default","site-sidebar-style":"default","ast-global-header-display":"","ast-banner-title-visibility":"","ast-main-header-display":"","ast-hfb-above-header-display":"","ast-hfb-below-header-display":"","ast-hfb-mobile-header-display":"","site-post-title":"","ast-breadcrumbs-content":"","ast-featured-img":"","footer-sml-layout":"","ast-disable-related-posts":"","theme-transparent-header-meta":"","adv-header-id-meta":"","stick-header-meta":"","header-above-stick-meta":"","header-main-stick-meta":"","header-below-stick-meta":"","astra-migrate-meta-layouts":"default","ast-page-background-enabled":"default","ast-page-background-meta":{"desktop":{"background-color":"var(--ast-global-color-5)","background-image":"","background-repeat":"repeat","background-position":"center center","background-size":"auto","background-attachment":"scroll","background-type":"","background-media":"","overlay-type":"","overlay-color":"","overlay-opacity":"","overlay-gradient":""},"tablet":{"background-color":"","background-image":"","background-repeat":"repeat","background-position":"center center","background-size":"auto","background-attachment":"scroll","background-type":"","background-media":"","overlay-type":"","overlay-color":"","overlay-opacity":"","overlay-gradient":""},"mobile":{"background-color":"","background-image":"","background-repeat":"repeat","background-position":"center center","background-size":"auto","background-attachment":"scroll","background-type":"","background-media":"","overlay-type":"","overlay-color":"","overlay-opacity":"","overlay-gradient":""}},"ast-content-background-meta":{"desktop":{"background-color":"var(--ast-global-color-4)","background-image":"","background-repeat":"repeat","background-position":"center center","background-size":"auto","background-attachment":"scroll","background-type":"","background-media":"","overlay-type":"","overlay-color":"","overlay-opacity":"","overlay-gradient":""},"tablet":{"background-color":"var(--ast-global-color-4)","background-image":"","background-repeat":"repeat","background-position":"center center","background-size":"auto","background-attachment":"scroll","background-type":"","background-media":"","overlay-type":"","overlay-color":"","overlay-opacity":"","overlay-gradient":""},"mobile":{"background-color":"var(--ast-global-color-4)","background-image":"","background-repeat":"repeat","background-position":"center center","background-size":"auto","background-attachment":"scroll","background-type":"","background-media":"","overlay-type":"","overlay-color":"","overlay-opacity":"","overlay-gradient":""}},"footnotes":""},"categories":[46,1],"tags":[],"class_list":["post-49572","post","type-post","status-publish","format-standard","has-post-thumbnail","hentry","category-municipios","category-noticias"],"yoast_head":"<!-- This site is optimized with the Yoast SEO Premium plugin v23.0 (Yoast SEO v27.4) - https:\/\/yoast.com\/product\/yoast-seo-premium-wordpress\/ -->\n<title>R\u00edo Negro: Cipolletti no enviar\u00e1, por ahora, la basura a Neuqu\u00e9n<\/title>\n<meta name=\"robots\" content=\"index, follow, max-snippet:-1, max-image-preview:large, max-video-preview:-1\" \/>\n<link rel=\"canonical\" href=\"https:\/\/patagoniambiental.com.ar\/info\/rio-negro-cipolletti-no-enviara-por-ahora-la-basura-a-neuquen\/\" \/>\n<meta property=\"og:locale\" content=\"es_ES\" \/>\n<meta property=\"og:type\" content=\"article\" \/>\n<meta property=\"og:title\" content=\"R\u00edo Negro: Cipolletti no enviar\u00e1, por ahora, la basura a Neuqu\u00e9n\" \/>\n<meta property=\"og:description\" content=\"El Ejecutivo municipal tom\u00f3 la decisi\u00f3n de no enviar\u00a0basura\u00a0durante el a\u00f1o en curso al Complejo Ambiental de Neuqu\u00e9n y reci\u00e9n [&hellip;]\" \/>\n<meta property=\"og:url\" content=\"https:\/\/patagoniambiental.com.ar\/info\/rio-negro-cipolletti-no-enviara-por-ahora-la-basura-a-neuquen\/\" \/>\n<meta property=\"og:site_name\" content=\"Patagonia Ambiental\" \/>\n<meta property=\"article:publisher\" content=\"https:\/\/www.facebook.com\/patagonia.ambiental\" \/>\n<meta property=\"article:author\" content=\"https:\/\/www.facebook.com\/share\/1C1V8Gv9BX\/?mibextid=qi2Omg\" \/>\n<meta property=\"article:published_time\" content=\"2018-07-11T12:00:22+00:00\" \/>\n<meta property=\"og:image\" content=\"https:\/\/patagoniambiental.com.ar\/info\/wp-content\/uploads\/2018\/07\/basura-cipolletti.jpg\" \/>\n\t<meta property=\"og:image:width\" content=\"770\" \/>\n\t<meta property=\"og:image:height\" content=\"433\" \/>\n\t<meta property=\"og:image:type\" content=\"image\/jpeg\" \/>\n<meta name=\"author\" content=\"Patagonia Ambiental\" \/>\n<meta name=\"twitter:card\" content=\"summary_large_image\" \/>\n<meta name=\"twitter:creator\" content=\"@PatAmb\" \/>\n<meta name=\"twitter:site\" content=\"@PatAmb\" \/>\n<script type=\"application\/ld+json\" class=\"yoast-schema-graph\">{\"@context\":\"https:\\\/\\\/schema.org\",\"@graph\":[{\"@type\":\"Article\",\"@id\":\"https:\\\/\\\/patagoniambiental.com.ar\\\/info\\\/rio-negro-cipolletti-no-enviara-por-ahora-la-basura-a-neuquen\\\/#article\",\"isPartOf\":{\"@id\":\"https:\\\/\\\/patagoniambiental.com.ar\\\/info\\\/rio-negro-cipolletti-no-enviara-por-ahora-la-basura-a-neuquen\\\/\"},\"author\":{\"name\":\"Patagonia Ambiental\",\"@id\":\"https:\\\/\\\/patagoniambiental.com.ar\\\/info\\\/#\\\/schema\\\/person\\\/db12bff64bbcbf6a253710bf0ea37b5d\"},\"headline\":\"R\u00edo Negro: Cipolletti no enviar\u00e1, por ahora, la basura a Neuqu\u00e9n\",\"datePublished\":\"2018-07-11T12:00:22+00:00\",\"mainEntityOfPage\":{\"@id\":\"https:\\\/\\\/patagoniambiental.com.ar\\\/info\\\/rio-negro-cipolletti-no-enviara-por-ahora-la-basura-a-neuquen\\\/\"},\"wordCount\":433,\"commentCount\":0,\"publisher\":{\"@id\":\"https:\\\/\\\/patagoniambiental.com.ar\\\/info\\\/#organization\"},\"image\":{\"@id\":\"https:\\\/\\\/patagoniambiental.com.ar\\\/info\\\/rio-negro-cipolletti-no-enviara-por-ahora-la-basura-a-neuquen\\\/#primaryimage\"},\"thumbnailUrl\":\"https:\\\/\\\/patagoniambiental.com.ar\\\/info\\\/wp-content\\\/uploads\\\/2018\\\/07\\\/basura-cipolletti.jpg\",\"articleSection\":[\"Municipios\",\"Noticias\"],\"inLanguage\":\"es\",\"potentialAction\":[{\"@type\":\"CommentAction\",\"name\":\"Comment\",\"target\":[\"https:\\\/\\\/patagoniambiental.com.ar\\\/info\\\/rio-negro-cipolletti-no-enviara-por-ahora-la-basura-a-neuquen\\\/#respond\"]}]},{\"@type\":\"WebPage\",\"@id\":\"https:\\\/\\\/patagoniambiental.com.ar\\\/info\\\/rio-negro-cipolletti-no-enviara-por-ahora-la-basura-a-neuquen\\\/\",\"url\":\"https:\\\/\\\/patagoniambiental.com.ar\\\/info\\\/rio-negro-cipolletti-no-enviara-por-ahora-la-basura-a-neuquen\\\/\",\"name\":\"R\u00edo Negro: Cipolletti no enviar\u00e1, por ahora, la basura a Neuqu\u00e9n\",\"isPartOf\":{\"@id\":\"https:\\\/\\\/patagoniambiental.com.ar\\\/info\\\/#website\"},\"primaryImageOfPage\":{\"@id\":\"https:\\\/\\\/patagoniambiental.com.ar\\\/info\\\/rio-negro-cipolletti-no-enviara-por-ahora-la-basura-a-neuquen\\\/#primaryimage\"},\"image\":{\"@id\":\"https:\\\/\\\/patagoniambiental.com.ar\\\/info\\\/rio-negro-cipolletti-no-enviara-por-ahora-la-basura-a-neuquen\\\/#primaryimage\"},\"thumbnailUrl\":\"https:\\\/\\\/patagoniambiental.com.ar\\\/info\\\/wp-content\\\/uploads\\\/2018\\\/07\\\/basura-cipolletti.jpg\",\"datePublished\":\"2018-07-11T12:00:22+00:00\",\"breadcrumb\":{\"@id\":\"https:\\\/\\\/patagoniambiental.com.ar\\\/info\\\/rio-negro-cipolletti-no-enviara-por-ahora-la-basura-a-neuquen\\\/#breadcrumb\"},\"inLanguage\":\"es\",\"potentialAction\":[{\"@type\":\"ReadAction\",\"target\":[\"https:\\\/\\\/patagoniambiental.com.ar\\\/info\\\/rio-negro-cipolletti-no-enviara-por-ahora-la-basura-a-neuquen\\\/\"]}]},{\"@type\":\"ImageObject\",\"inLanguage\":\"es\",\"@id\":\"https:\\\/\\\/patagoniambiental.com.ar\\\/info\\\/rio-negro-cipolletti-no-enviara-por-ahora-la-basura-a-neuquen\\\/#primaryimage\",\"url\":\"https:\\\/\\\/patagoniambiental.com.ar\\\/info\\\/wp-content\\\/uploads\\\/2018\\\/07\\\/basura-cipolletti.jpg\",\"contentUrl\":\"https:\\\/\\\/patagoniambiental.com.ar\\\/info\\\/wp-content\\\/uploads\\\/2018\\\/07\\\/basura-cipolletti.jpg\",\"width\":770,\"height\":433},{\"@type\":\"BreadcrumbList\",\"@id\":\"https:\\\/\\\/patagoniambiental.com.ar\\\/info\\\/rio-negro-cipolletti-no-enviara-por-ahora-la-basura-a-neuquen\\\/#breadcrumb\",\"itemListElement\":[{\"@type\":\"ListItem\",\"position\":1,\"name\":\"Inicio\",\"item\":\"https:\\\/\\\/patagoniambiental.com.ar\\\/info\\\/\"},{\"@type\":\"ListItem\",\"position\":2,\"name\":\"R\u00edo Negro: Cipolletti no enviar\u00e1, por ahora, la basura a Neuqu\u00e9n\"}]},{\"@type\":\"WebSite\",\"@id\":\"https:\\\/\\\/patagoniambiental.com.ar\\\/info\\\/#website\",\"url\":\"https:\\\/\\\/patagoniambiental.com.ar\\\/info\\\/\",\"name\":\"Patagonia Ambiental\",\"description\":\"Monitoreo y an\u00e1lisis de la situaci\u00f3n geopol\u00edtica en el mundo y su implicancia en la Patagonia\",\"publisher\":{\"@id\":\"https:\\\/\\\/patagoniambiental.com.ar\\\/info\\\/#organization\"},\"potentialAction\":[{\"@type\":\"SearchAction\",\"target\":{\"@type\":\"EntryPoint\",\"urlTemplate\":\"https:\\\/\\\/patagoniambiental.com.ar\\\/info\\\/?s={search_term_string}\"},\"query-input\":{\"@type\":\"PropertyValueSpecification\",\"valueRequired\":true,\"valueName\":\"search_term_string\"}}],\"inLanguage\":\"es\"},{\"@type\":\"Organization\",\"@id\":\"https:\\\/\\\/patagoniambiental.com.ar\\\/info\\\/#organization\",\"name\":\"Patagonia Ambiental\",\"url\":\"https:\\\/\\\/patagoniambiental.com.ar\\\/info\\\/\",\"logo\":{\"@type\":\"ImageObject\",\"inLanguage\":\"es\",\"@id\":\"https:\\\/\\\/patagoniambiental.com.ar\\\/info\\\/#\\\/schema\\\/logo\\\/image\\\/\",\"url\":\"https:\\\/\\\/patagoniambiental.com.ar\\\/info\\\/wp-content\\\/uploads\\\/2025\\\/05\\\/LOGO-PATAGONIA-AMBIENTAL.png\",\"contentUrl\":\"https:\\\/\\\/patagoniambiental.com.ar\\\/info\\\/wp-content\\\/uploads\\\/2025\\\/05\\\/LOGO-PATAGONIA-AMBIENTAL.png\",\"width\":433,\"height\":250,\"caption\":\"Patagonia Ambiental\"},\"image\":{\"@id\":\"https:\\\/\\\/patagoniambiental.com.ar\\\/info\\\/#\\\/schema\\\/logo\\\/image\\\/\"},\"sameAs\":[\"https:\\\/\\\/www.facebook.com\\\/patagonia.ambiental\",\"https:\\\/\\\/x.com\\\/PatAmb\"]},{\"@type\":\"Person\",\"@id\":\"https:\\\/\\\/patagoniambiental.com.ar\\\/info\\\/#\\\/schema\\\/person\\\/db12bff64bbcbf6a253710bf0ea37b5d\",\"name\":\"Patagonia Ambiental\",\"description\":\"Andr\u00e9s Nievas T\u00e9cnico en manejo ambiental, consultor Ambiental y escritor para medios locales e internacionales sobre temas de geopolitica y medio ambiente.\",\"sameAs\":[\"http:\\\/\\\/www.patagoniambiental.com.ar\",\"https:\\\/\\\/www.facebook.com\\\/share\\\/1C1V8Gv9BX\\\/?mibextid=qi2Omg\",\"@patagoniambiental\",\"https:\\\/\\\/youtube.com\\\/@patagoniaambiental2023?si=BLt58t0wuXquxlYZ\"]}]}<\/script>\n<!-- \/ Yoast SEO Premium plugin. -->","yoast_head_json":{"title":"R\u00edo Negro: Cipolletti no enviar\u00e1, por ahora, la basura a Neuqu\u00e9n","robots":{"index":"index","follow":"follow","max-snippet":"max-snippet:-1","max-image-preview":"max-image-preview:large","max-video-preview":"max-video-preview:-1"},"canonical":"https:\/\/patagoniambiental.com.ar\/info\/rio-negro-cipolletti-no-enviara-por-ahora-la-basura-a-neuquen\/","og_locale":"es_ES","og_type":"article","og_title":"R\u00edo Negro: Cipolletti no enviar\u00e1, por ahora, la basura a Neuqu\u00e9n","og_description":"El Ejecutivo municipal tom\u00f3 la decisi\u00f3n de no enviar\u00a0basura\u00a0durante el a\u00f1o en curso al Complejo Ambiental de Neuqu\u00e9n y reci\u00e9n [&hellip;]","og_url":"https:\/\/patagoniambiental.com.ar\/info\/rio-negro-cipolletti-no-enviara-por-ahora-la-basura-a-neuquen\/","og_site_name":"Patagonia Ambiental","article_publisher":"https:\/\/www.facebook.com\/patagonia.ambiental","article_author":"https:\/\/www.facebook.com\/share\/1C1V8Gv9BX\/?mibextid=qi2Omg","article_published_time":"2018-07-11T12:00:22+00:00","og_image":[{"width":770,"height":433,"url":"https:\/\/patagoniambiental.com.ar\/info\/wp-content\/uploads\/2018\/07\/basura-cipolletti.jpg","type":"image\/jpeg"}],"author":"Patagonia Ambiental","twitter_card":"summary_large_image","twitter_creator":"@PatAmb","twitter_site":"@PatAmb","schema":{"@context":"https:\/\/schema.org","@graph":[{"@type":"Article","@id":"https:\/\/patagoniambiental.com.ar\/info\/rio-negro-cipolletti-no-enviara-por-ahora-la-basura-a-neuquen\/#article","isPartOf":{"@id":"https:\/\/patagoniambiental.com.ar\/info\/rio-negro-cipolletti-no-enviara-por-ahora-la-basura-a-neuquen\/"},"author":{"name":"Patagonia Ambiental","@id":"https:\/\/patagoniambiental.com.ar\/info\/#\/schema\/person\/db12bff64bbcbf6a253710bf0ea37b5d"},"headline":"R\u00edo Negro: Cipolletti no enviar\u00e1, por ahora, la basura a Neuqu\u00e9n","datePublished":"2018-07-11T12:00:22+00:00","mainEntityOfPage":{"@id":"https:\/\/patagoniambiental.com.ar\/info\/rio-negro-cipolletti-no-enviara-por-ahora-la-basura-a-neuquen\/"},"wordCount":433,"commentCount":0,"publisher":{"@id":"https:\/\/patagoniambiental.com.ar\/info\/#organization"},"image":{"@id":"https:\/\/patagoniambiental.com.ar\/info\/rio-negro-cipolletti-no-enviara-por-ahora-la-basura-a-neuquen\/#primaryimage"},"thumbnailUrl":"https:\/\/patagoniambiental.com.ar\/info\/wp-content\/uploads\/2018\/07\/basura-cipolletti.jpg","articleSection":["Municipios","Noticias"],"inLanguage":"es","potentialAction":[{"@type":"CommentAction","name":"Comment","target":["https:\/\/patagoniambiental.com.ar\/info\/rio-negro-cipolletti-no-enviara-por-ahora-la-basura-a-neuquen\/#respond"]}]},{"@type":"WebPage","@id":"https:\/\/patagoniambiental.com.ar\/info\/rio-negro-cipolletti-no-enviara-por-ahora-la-basura-a-neuquen\/","url":"https:\/\/patagoniambiental.com.ar\/info\/rio-negro-cipolletti-no-enviara-por-ahora-la-basura-a-neuquen\/","name":"R\u00edo Negro: Cipolletti no enviar\u00e1, por ahora, la basura a Neuqu\u00e9n","isPartOf":{"@id":"https:\/\/patagoniambiental.com.ar\/info\/#website"},"primaryImageOfPage":{"@id":"https:\/\/patagoniambiental.com.ar\/info\/rio-negro-cipolletti-no-enviara-por-ahora-la-basura-a-neuquen\/#primaryimage"},"image":{"@id":"https:\/\/patagoniambiental.com.ar\/info\/rio-negro-cipolletti-no-enviara-por-ahora-la-basura-a-neuquen\/#primaryimage"},"thumbnailUrl":"https:\/\/patagoniambiental.com.ar\/info\/wp-content\/uploads\/2018\/07\/basura-cipolletti.jpg","datePublished":"2018-07-11T12:00:22+00:00","breadcrumb":{"@id":"https:\/\/patagoniambiental.com.ar\/info\/rio-negro-cipolletti-no-enviara-por-ahora-la-basura-a-neuquen\/#breadcrumb"},"inLanguage":"es","potentialAction":[{"@type":"ReadAction","target":["https:\/\/patagoniambiental.com.ar\/info\/rio-negro-cipolletti-no-enviara-por-ahora-la-basura-a-neuquen\/"]}]},{"@type":"ImageObject","inLanguage":"es","@id":"https:\/\/patagoniambiental.com.ar\/info\/rio-negro-cipolletti-no-enviara-por-ahora-la-basura-a-neuquen\/#primaryimage","url":"https:\/\/patagoniambiental.com.ar\/info\/wp-content\/uploads\/2018\/07\/basura-cipolletti.jpg","contentUrl":"https:\/\/patagoniambiental.com.ar\/info\/wp-content\/uploads\/2018\/07\/basura-cipolletti.jpg","width":770,"height":433},{"@type":"BreadcrumbList","@id":"https:\/\/patagoniambiental.com.ar\/info\/rio-negro-cipolletti-no-enviara-por-ahora-la-basura-a-neuquen\/#breadcrumb","itemListElement":[{"@type":"ListItem","position":1,"name":"Inicio","item":"https:\/\/patagoniambiental.com.ar\/info\/"},{"@type":"ListItem","position":2,"name":"R\u00edo Negro: Cipolletti no enviar\u00e1, por ahora, la basura a Neuqu\u00e9n"}]},{"@type":"WebSite","@id":"https:\/\/patagoniambiental.com.ar\/info\/#website","url":"https:\/\/patagoniambiental.com.ar\/info\/","name":"Patagonia Ambiental","description":"Monitoreo y an\u00e1lisis de la situaci\u00f3n geopol\u00edtica en el mundo y su implicancia en la Patagonia","publisher":{"@id":"https:\/\/patagoniambiental.com.ar\/info\/#organization"},"potentialAction":[{"@type":"SearchAction","target":{"@type":"EntryPoint","urlTemplate":"https:\/\/patagoniambiental.com.ar\/info\/?s={search_term_string}"},"query-input":{"@type":"PropertyValueSpecification","valueRequired":true,"valueName":"search_term_string"}}],"inLanguage":"es"},{"@type":"Organization","@id":"https:\/\/patagoniambiental.com.ar\/info\/#organization","name":"Patagonia Ambiental","url":"https:\/\/patagoniambiental.com.ar\/info\/","logo":{"@type":"ImageObject","inLanguage":"es","@id":"https:\/\/patagoniambiental.com.ar\/info\/#\/schema\/logo\/image\/","url":"https:\/\/patagoniambiental.com.ar\/info\/wp-content\/uploads\/2025\/05\/LOGO-PATAGONIA-AMBIENTAL.png","contentUrl":"https:\/\/patagoniambiental.com.ar\/info\/wp-content\/uploads\/2025\/05\/LOGO-PATAGONIA-AMBIENTAL.png","width":433,"height":250,"caption":"Patagonia Ambiental"},"image":{"@id":"https:\/\/patagoniambiental.com.ar\/info\/#\/schema\/logo\/image\/"},"sameAs":["https:\/\/www.facebook.com\/patagonia.ambiental","https:\/\/x.com\/PatAmb"]},{"@type":"Person","@id":"https:\/\/patagoniambiental.com.ar\/info\/#\/schema\/person\/db12bff64bbcbf6a253710bf0ea37b5d","name":"Patagonia Ambiental","description":"Andr\u00e9s Nievas T\u00e9cnico en manejo ambiental, consultor Ambiental y escritor para medios locales e internacionales sobre temas de geopolitica y medio ambiente.","sameAs":["http:\/\/www.patagoniambiental.com.ar","https:\/\/www.facebook.com\/share\/1C1V8Gv9BX\/?mibextid=qi2Omg","@patagoniambiental","https:\/\/youtube.com\/@patagoniaambiental2023?si=BLt58t0wuXquxlYZ"]}]}},"_links":{"self":[{"href":"https:\/\/patagoniambiental.com.ar\/info\/wp-json\/wp\/v2\/posts\/49572","targetHints":{"allow":["GET"]}}],"collection":[{"href":"https:\/\/patagoniambiental.com.ar\/info\/wp-json\/wp\/v2\/posts"}],"about":[{"href":"https:\/\/patagoniambiental.com.ar\/info\/wp-json\/wp\/v2\/types\/post"}],"author":[{"embeddable":true,"href":"https:\/\/patagoniambiental.com.ar\/info\/wp-json\/wp\/v2\/users\/2"}],"replies":[{"embeddable":true,"href":"https:\/\/patagoniambiental.com.ar\/info\/wp-json\/wp\/v2\/comments?post=49572"}],"version-history":[{"count":0,"href":"https:\/\/patagoniambiental.com.ar\/info\/wp-json\/wp\/v2\/posts\/49572\/revisions"}],"wp:featuredmedia":[{"embeddable":true,"href":"https:\/\/patagoniambiental.com.ar\/info\/wp-json\/wp\/v2\/media\/49573"}],"wp:attachment":[{"href":"https:\/\/patagoniambiental.com.ar\/info\/wp-json\/wp\/v2\/media?parent=49572"}],"wp:term":[{"taxonomy":"category","embeddable":true,"href":"https:\/\/patagoniambiental.com.ar\/info\/wp-json\/wp\/v2\/categories?post=49572"},{"taxonomy":"post_tag","embeddable":true,"href":"https:\/\/patagoniambiental.com.ar\/info\/wp-json\/wp\/v2\/tags?post=49572"}],"curies":[{"name":"wp","href":"https:\/\/api.w.org\/{rel}","templated":true}]}}