{"id":51976,"date":"2018-08-31T09:00:23","date_gmt":"2018-08-31T12:00:23","guid":{"rendered":"http:\/\/patagoniambiental.com.ar\/info\/?p=51976"},"modified":"2018-08-31T15:01:42","modified_gmt":"2018-08-31T18:01:42","slug":"rionegro-trabaja-en-aportes-para-la-estrategia-federal-de-manejo-integrado-costero","status":"publish","type":"post","link":"https:\/\/patagoniambiental.com.ar\/info\/rionegro-trabaja-en-aportes-para-la-estrategia-federal-de-manejo-integrado-costero\/","title":{"rendered":"R\u00edo Negro\u00a0trabaja en aportes para la\u00a0Estrategia Federal de Manejo Integrado Costero"},"content":{"rendered":"<div class=\"_1dwg _1w_m _q7o\">\n<div class=\"p_rlo2cw9xp e_rlo2czz34 clearfix\">\n<div class=\"clearfix o_rlo2cw8um\">\n<div class=\"clearfix _42ef\">\n<div class=\"s_rlo2cw8up\">\n<div class=\"_6a _5u5j\">\n<div class=\"_6a _5u5j _6b\">\n<div id=\"feed_subtitle_1391481857839523:-6490196336919636629\" class=\"_5pcp _5lel _2jyu _232_\">Viedma.-Se est\u00e1 llevando a cabo en Viedma el segundo taller sobre Manejo Integrado Costero dirigido a funcionarios y t\u00e9cnicos provenientes de \u00f3rganos gubernamentales a nivel provincial y municipal con competencias en \u00e1reas costeras.<!--more--><img fetchpriority=\"high\" decoding=\"async\" class=\"scaledImageFitWidth img alignleft\" src=\"https:\/\/scontent.faep1-1.fna.fbcdn.net\/v\/t1.0-0\/p320x320\/40348377_2166310377023330_4706184932551032832_n.jpg?_nc_cat=0&amp;oh=3086e57de5a0086ded62c65dc5897ee0&amp;oe=5C00DDF4\" alt=\"La imagen puede contener: 4 personas, personas sentadas\" width=\"474\" height=\"316\" \/><\/div>\n<\/div>\n<\/div>\n<\/div>\n<\/div>\n<\/div>\n<\/div>\n<div id=\"js_p\" class=\"_5pbx userContent _3576\" data-ft=\"{&quot;tn&quot;:&quot;K&quot;}\">\n<div id=\"id_5b891c5fba3bf9065080557\" class=\"text_exposed_root text_exposed\">\n<p>El encuentro apunta a debatir multisectorialmente y consensuar criterios para la identificaci\u00f3n de \u00e1reas estrat\u00e9gicas de la franja costera provincial, en funci\u00f3n del balance e<span class=\"text_exposed_show\">ntre los beneficios que aportan para mejorar las condiciones de vida de la poblaci\u00f3n y los factores que estuvieran ejerciendo presiones y poniendo en riesgo dichos beneficios.<\/span><\/p>\n<div class=\"text_exposed_show\">\n<p>Tambi\u00e9n se conformar\u00e1 una Comisi\u00f3n Directiva de Manejo Costero Integrado, compuesta por referentes en cuestiones costero-marinas para recomendar y decidir las pol\u00edticas ambientales y territoriales a tomar respetando el ordenamiento territorial a proponer en los talleres venideros.<\/p>\n<p>La actividad es coordinada por Nadia Boscarol del Ministerio de Ambiente y Desarrollo Sustentable de la Naci\u00f3n, y Guillermo D&#8217; Ambrosio, t\u00e9cnico de la Secretar\u00eda de Ambiente y Desarrollo Sustentable de la provincia.<\/p>\n<p>El Manejo Costero Integrado (MCI) es un tema pendiente que ya se hab\u00eda incluido como compromiso en el cap\u00edtulo 17 de la agenda 21 adoptada en la cumbre de la tierra en el a\u00f1o 1992, por medio del cual, los estados ribere\u00f1os se comprometen a proceder a una ordenaci\u00f3n integrada y a un desarrollo sostenible de las zonas costeras. Asimismo los Objetivos del Desarrollo Sustentable de Naciones Unidas propuestos para el a\u00f1o 2030, lo contemplan especialmente.<\/p>\n<\/div>\n<\/div>\n<\/div>\n<div class=\"_3x-2\" data-ft=\"{&quot;tn&quot;:&quot;H&quot;}\">\n<div data-ft=\"{&quot;tn&quot;:&quot;H&quot;}\">\n<div class=\"mtm\">\n<div class=\"_2a2q _65sr\">\n<div class=\"uiScaledImageContainer\"><\/div>\n<div class=\"uiScaledImageContainer\"><img decoding=\"async\" class=\"scaledImageFitHeight img\" src=\"https:\/\/scontent.faep1-1.fna.fbcdn.net\/v\/t1.0-0\/p160x160\/40530846_2166309750356726_2876485498170245120_n.jpg?_nc_cat=0&amp;oh=95bc6097a6e736d1dc3a40e69d8dddb9&amp;oe=5BF27015\" alt=\"La imagen puede contener: 1 persona, sentado e interior\" width=\"298\" height=\"198\" \/><\/div>\n<div class=\"uiScaledImageContainer\"><img decoding=\"async\" class=\"scaledImageFitHeight img\" src=\"https:\/\/scontent.faep1-1.fna.fbcdn.net\/v\/t1.0-0\/p160x160\/40361820_2166309770356724_9164244553530605568_n.jpg?_nc_cat=0&amp;oh=f5411c339efea755638718084c759244&amp;oe=5BF465F9\" alt=\"La imagen puede contener: 2 personas, personas sentadas\" width=\"299\" height=\"225\" \/><\/div>\n<div class=\"uiScaledImageContainer\"><img loading=\"lazy\" decoding=\"async\" class=\"scaledImageFitHeight img\" src=\"https:\/\/scontent.faep1-1.fna.fbcdn.net\/v\/t1.0-0\/p160x160\/40330236_2166309813690053_8733240273229840384_n.jpg?_nc_cat=0&amp;oh=f0d35c50373f46595561bb507fd343d2&amp;oe=5C2D0F8F\" alt=\"La imagen puede contener: 3 personas, personas sentadas\" width=\"300\" height=\"226\" \/><\/div>\n<div class=\"_52d9\">\n<div class=\"_52db\">Fuente: Secretaria de Ambiente y Desarrollo Sustentable de Rio Negro<\/div>\n<\/div>\n<\/div>\n<\/div>\n<\/div>\n<\/div>\n<div><\/div>\n<\/div>\n<p>&nbsp;<\/p>\n<div>\n<form id=\"u_f_r\" class=\"commentable_item\" action=\"https:\/\/www.facebook.com\/ajax\/ufi\/modify.php\" method=\"post\" data-ft=\"{&quot;tn&quot;:&quot;]&quot;}\">\n<div class=\"_sa_ _gsd _fgm _5vsi _192z _1sz4 _1i6z\">\n<div class=\"_37uu\">\n<div>\n<div class=\"_57w\">\n<div class=\"_3399 _1f6t _4_dr _20h5\">\n<div class=\"_524d\">\n<div class=\"_ipn clearfix _-5d\"><\/div>\n<\/div>\n<\/div>\n<\/div>\n<\/div>\n<\/div>\n<\/div>\n<\/form>\n<\/div>\n","protected":false},"excerpt":{"rendered":"<p>Viedma.-Se est\u00e1 llevando a cabo en Viedma el segundo taller sobre Manejo Integrado Costero dirigido a funcionarios y t\u00e9cnicos provenientes [&hellip;]<\/p>\n","protected":false},"author":2,"featured_media":51977,"comment_status":"open","ping_status":"open","sticky":false,"template":"","format":"standard","meta":{"site-sidebar-layout":"default","site-content-layout":"","ast-site-content-layout":"default","site-content-style":"default","site-sidebar-style":"default","ast-global-header-display":"","ast-banner-title-visibility":"","ast-main-header-display":"","ast-hfb-above-header-display":"","ast-hfb-below-header-display":"","ast-hfb-mobile-header-display":"","site-post-title":"","ast-breadcrumbs-content":"","ast-featured-img":"","footer-sml-layout":"","ast-disable-related-posts":"","theme-transparent-header-meta":"","adv-header-id-meta":"","stick-header-meta":"","header-above-stick-meta":"","header-main-stick-meta":"","header-below-stick-meta":"","astra-migrate-meta-layouts":"default","ast-page-background-enabled":"default","ast-page-background-meta":{"desktop":{"background-color":"var(--ast-global-color-5)","background-image":"","background-repeat":"repeat","background-position":"center center","background-size":"auto","background-attachment":"scroll","background-type":"","background-media":"","overlay-type":"","overlay-color":"","overlay-opacity":"","overlay-gradient":""},"tablet":{"background-color":"","background-image":"","background-repeat":"repeat","background-position":"center center","background-size":"auto","background-attachment":"scroll","background-type":"","background-media":"","overlay-type":"","overlay-color":"","overlay-opacity":"","overlay-gradient":""},"mobile":{"background-color":"","background-image":"","background-repeat":"repeat","background-position":"center center","background-size":"auto","background-attachment":"scroll","background-type":"","background-media":"","overlay-type":"","overlay-color":"","overlay-opacity":"","overlay-gradient":""}},"ast-content-background-meta":{"desktop":{"background-color":"var(--ast-global-color-4)","background-image":"","background-repeat":"repeat","background-position":"center center","background-size":"auto","background-attachment":"scroll","background-type":"","background-media":"","overlay-type":"","overlay-color":"","overlay-opacity":"","overlay-gradient":""},"tablet":{"background-color":"var(--ast-global-color-4)","background-image":"","background-repeat":"repeat","background-position":"center center","background-size":"auto","background-attachment":"scroll","background-type":"","background-media":"","overlay-type":"","overlay-color":"","overlay-opacity":"","overlay-gradient":""},"mobile":{"background-color":"var(--ast-global-color-4)","background-image":"","background-repeat":"repeat","background-position":"center center","background-size":"auto","background-attachment":"scroll","background-type":"","background-media":"","overlay-type":"","overlay-color":"","overlay-opacity":"","overlay-gradient":""}},"footnotes":""},"categories":[12,11,1,10],"tags":[],"class_list":["post-51976","post","type-post","status-publish","format-standard","has-post-thumbnail","hentry","category-agenda-ambiental","category-boletin","category-noticias","category-rotador"],"yoast_head":"<!-- This site is optimized with the Yoast SEO Premium plugin v23.0 (Yoast SEO v27.5) - https:\/\/yoast.com\/product\/yoast-seo-premium-wordpress\/ -->\n<title>R\u00edo Negro\u00a0trabaja en aportes para la\u00a0Estrategia Federal de Manejo Integrado Costero<\/title>\n<meta name=\"robots\" content=\"index, follow, max-snippet:-1, max-image-preview:large, max-video-preview:-1\" \/>\n<link rel=\"canonical\" href=\"https:\/\/patagoniambiental.com.ar\/info\/rionegro-trabaja-en-aportes-para-la-estrategia-federal-de-manejo-integrado-costero\/\" \/>\n<meta property=\"og:locale\" content=\"es_ES\" \/>\n<meta property=\"og:type\" content=\"article\" \/>\n<meta property=\"og:title\" content=\"R\u00edo Negro\u00a0trabaja en aportes para la\u00a0Estrategia Federal de Manejo Integrado Costero\" \/>\n<meta property=\"og:description\" content=\"Viedma.-Se est\u00e1 llevando a cabo en Viedma el segundo taller sobre Manejo Integrado Costero dirigido a funcionarios y t\u00e9cnicos provenientes [&hellip;]\" \/>\n<meta property=\"og:url\" content=\"https:\/\/patagoniambiental.com.ar\/info\/rionegro-trabaja-en-aportes-para-la-estrategia-federal-de-manejo-integrado-costero\/\" \/>\n<meta property=\"og:site_name\" content=\"Patagonia Ambiental\" \/>\n<meta property=\"article:publisher\" content=\"https:\/\/www.facebook.com\/patagonia.ambiental\" \/>\n<meta property=\"article:author\" content=\"https:\/\/www.facebook.com\/share\/1C1V8Gv9BX\/?mibextid=qi2Omg\" \/>\n<meta property=\"article:published_time\" content=\"2018-08-31T12:00:23+00:00\" \/>\n<meta property=\"article:modified_time\" content=\"2018-08-31T18:01:42+00:00\" \/>\n<meta property=\"og:image\" content=\"https:\/\/patagoniambiental.com.ar\/info\/wp-content\/uploads\/2018\/08\/40348377_2166310377023330_4706184932551032832_n.jpg\" \/>\n\t<meta property=\"og:image:width\" content=\"480\" \/>\n\t<meta property=\"og:image:height\" content=\"320\" \/>\n\t<meta property=\"og:image:type\" content=\"image\/jpeg\" \/>\n<meta name=\"author\" content=\"Patagonia Ambiental\" \/>\n<meta name=\"twitter:card\" content=\"summary_large_image\" \/>\n<meta name=\"twitter:creator\" content=\"@PatAmb\" \/>\n<meta name=\"twitter:site\" content=\"@PatAmb\" \/>\n<script type=\"application\/ld+json\" class=\"yoast-schema-graph\">{\"@context\":\"https:\\\/\\\/schema.org\",\"@graph\":[{\"@type\":\"Article\",\"@id\":\"https:\\\/\\\/patagoniambiental.com.ar\\\/info\\\/rionegro-trabaja-en-aportes-para-la-estrategia-federal-de-manejo-integrado-costero\\\/#article\",\"isPartOf\":{\"@id\":\"https:\\\/\\\/patagoniambiental.com.ar\\\/info\\\/rionegro-trabaja-en-aportes-para-la-estrategia-federal-de-manejo-integrado-costero\\\/\"},\"author\":{\"name\":\"Patagonia Ambiental\",\"@id\":\"https:\\\/\\\/patagoniambiental.com.ar\\\/info\\\/#\\\/schema\\\/person\\\/db12bff64bbcbf6a253710bf0ea37b5d\"},\"headline\":\"R\u00edo Negro\u00a0trabaja en aportes para la\u00a0Estrategia Federal de Manejo Integrado Costero\",\"datePublished\":\"2018-08-31T12:00:23+00:00\",\"dateModified\":\"2018-08-31T18:01:42+00:00\",\"mainEntityOfPage\":{\"@id\":\"https:\\\/\\\/patagoniambiental.com.ar\\\/info\\\/rionegro-trabaja-en-aportes-para-la-estrategia-federal-de-manejo-integrado-costero\\\/\"},\"wordCount\":269,\"commentCount\":0,\"publisher\":{\"@id\":\"https:\\\/\\\/patagoniambiental.com.ar\\\/info\\\/#organization\"},\"image\":{\"@id\":\"https:\\\/\\\/patagoniambiental.com.ar\\\/info\\\/rionegro-trabaja-en-aportes-para-la-estrategia-federal-de-manejo-integrado-costero\\\/#primaryimage\"},\"thumbnailUrl\":\"https:\\\/\\\/patagoniambiental.com.ar\\\/info\\\/wp-content\\\/uploads\\\/2018\\\/08\\\/40348377_2166310377023330_4706184932551032832_n.jpg\",\"articleSection\":[\"Agenda Ambiental\",\"Bolet\u00edn\",\"Noticias\",\"Rotador\"],\"inLanguage\":\"es\",\"potentialAction\":[{\"@type\":\"CommentAction\",\"name\":\"Comment\",\"target\":[\"https:\\\/\\\/patagoniambiental.com.ar\\\/info\\\/rionegro-trabaja-en-aportes-para-la-estrategia-federal-de-manejo-integrado-costero\\\/#respond\"]}]},{\"@type\":\"WebPage\",\"@id\":\"https:\\\/\\\/patagoniambiental.com.ar\\\/info\\\/rionegro-trabaja-en-aportes-para-la-estrategia-federal-de-manejo-integrado-costero\\\/\",\"url\":\"https:\\\/\\\/patagoniambiental.com.ar\\\/info\\\/rionegro-trabaja-en-aportes-para-la-estrategia-federal-de-manejo-integrado-costero\\\/\",\"name\":\"R\u00edo Negro\u00a0trabaja en aportes para la\u00a0Estrategia Federal de Manejo Integrado Costero\",\"isPartOf\":{\"@id\":\"https:\\\/\\\/patagoniambiental.com.ar\\\/info\\\/#website\"},\"primaryImageOfPage\":{\"@id\":\"https:\\\/\\\/patagoniambiental.com.ar\\\/info\\\/rionegro-trabaja-en-aportes-para-la-estrategia-federal-de-manejo-integrado-costero\\\/#primaryimage\"},\"image\":{\"@id\":\"https:\\\/\\\/patagoniambiental.com.ar\\\/info\\\/rionegro-trabaja-en-aportes-para-la-estrategia-federal-de-manejo-integrado-costero\\\/#primaryimage\"},\"thumbnailUrl\":\"https:\\\/\\\/patagoniambiental.com.ar\\\/info\\\/wp-content\\\/uploads\\\/2018\\\/08\\\/40348377_2166310377023330_4706184932551032832_n.jpg\",\"datePublished\":\"2018-08-31T12:00:23+00:00\",\"dateModified\":\"2018-08-31T18:01:42+00:00\",\"breadcrumb\":{\"@id\":\"https:\\\/\\\/patagoniambiental.com.ar\\\/info\\\/rionegro-trabaja-en-aportes-para-la-estrategia-federal-de-manejo-integrado-costero\\\/#breadcrumb\"},\"inLanguage\":\"es\",\"potentialAction\":[{\"@type\":\"ReadAction\",\"target\":[\"https:\\\/\\\/patagoniambiental.com.ar\\\/info\\\/rionegro-trabaja-en-aportes-para-la-estrategia-federal-de-manejo-integrado-costero\\\/\"]}]},{\"@type\":\"ImageObject\",\"inLanguage\":\"es\",\"@id\":\"https:\\\/\\\/patagoniambiental.com.ar\\\/info\\\/rionegro-trabaja-en-aportes-para-la-estrategia-federal-de-manejo-integrado-costero\\\/#primaryimage\",\"url\":\"https:\\\/\\\/patagoniambiental.com.ar\\\/info\\\/wp-content\\\/uploads\\\/2018\\\/08\\\/40348377_2166310377023330_4706184932551032832_n.jpg\",\"contentUrl\":\"https:\\\/\\\/patagoniambiental.com.ar\\\/info\\\/wp-content\\\/uploads\\\/2018\\\/08\\\/40348377_2166310377023330_4706184932551032832_n.jpg\",\"width\":480,\"height\":320},{\"@type\":\"BreadcrumbList\",\"@id\":\"https:\\\/\\\/patagoniambiental.com.ar\\\/info\\\/rionegro-trabaja-en-aportes-para-la-estrategia-federal-de-manejo-integrado-costero\\\/#breadcrumb\",\"itemListElement\":[{\"@type\":\"ListItem\",\"position\":1,\"name\":\"Inicio\",\"item\":\"https:\\\/\\\/patagoniambiental.com.ar\\\/info\\\/\"},{\"@type\":\"ListItem\",\"position\":2,\"name\":\"R\u00edo Negro\u00a0trabaja en aportes para la\u00a0Estrategia Federal de Manejo Integrado Costero\"}]},{\"@type\":\"WebSite\",\"@id\":\"https:\\\/\\\/patagoniambiental.com.ar\\\/info\\\/#website\",\"url\":\"https:\\\/\\\/patagoniambiental.com.ar\\\/info\\\/\",\"name\":\"Patagonia Ambiental\",\"description\":\"Monitoreo y an\u00e1lisis de la situaci\u00f3n geopol\u00edtica en el mundo y su implicancia en la Patagonia\",\"publisher\":{\"@id\":\"https:\\\/\\\/patagoniambiental.com.ar\\\/info\\\/#organization\"},\"potentialAction\":[{\"@type\":\"SearchAction\",\"target\":{\"@type\":\"EntryPoint\",\"urlTemplate\":\"https:\\\/\\\/patagoniambiental.com.ar\\\/info\\\/?s={search_term_string}\"},\"query-input\":{\"@type\":\"PropertyValueSpecification\",\"valueRequired\":true,\"valueName\":\"search_term_string\"}}],\"inLanguage\":\"es\"},{\"@type\":\"Organization\",\"@id\":\"https:\\\/\\\/patagoniambiental.com.ar\\\/info\\\/#organization\",\"name\":\"Patagonia Ambiental\",\"url\":\"https:\\\/\\\/patagoniambiental.com.ar\\\/info\\\/\",\"logo\":{\"@type\":\"ImageObject\",\"inLanguage\":\"es\",\"@id\":\"https:\\\/\\\/patagoniambiental.com.ar\\\/info\\\/#\\\/schema\\\/logo\\\/image\\\/\",\"url\":\"https:\\\/\\\/patagoniambiental.com.ar\\\/info\\\/wp-content\\\/uploads\\\/2025\\\/05\\\/LOGO-PATAGONIA-AMBIENTAL.png\",\"contentUrl\":\"https:\\\/\\\/patagoniambiental.com.ar\\\/info\\\/wp-content\\\/uploads\\\/2025\\\/05\\\/LOGO-PATAGONIA-AMBIENTAL.png\",\"width\":433,\"height\":250,\"caption\":\"Patagonia Ambiental\"},\"image\":{\"@id\":\"https:\\\/\\\/patagoniambiental.com.ar\\\/info\\\/#\\\/schema\\\/logo\\\/image\\\/\"},\"sameAs\":[\"https:\\\/\\\/www.facebook.com\\\/patagonia.ambiental\",\"https:\\\/\\\/x.com\\\/PatAmb\"]},{\"@type\":\"Person\",\"@id\":\"https:\\\/\\\/patagoniambiental.com.ar\\\/info\\\/#\\\/schema\\\/person\\\/db12bff64bbcbf6a253710bf0ea37b5d\",\"name\":\"Patagonia Ambiental\",\"description\":\"Andr\u00e9s Nievas T\u00e9cnico en manejo ambiental, consultor Ambiental y escritor para medios locales e internacionales sobre temas de geopolitica y medio ambiente.\",\"sameAs\":[\"http:\\\/\\\/www.patagoniambiental.com.ar\",\"https:\\\/\\\/www.facebook.com\\\/share\\\/1C1V8Gv9BX\\\/?mibextid=qi2Omg\",\"@patagoniambiental\",\"https:\\\/\\\/youtube.com\\\/@patagoniaambiental2023?si=BLt58t0wuXquxlYZ\"]}]}<\/script>\n<!-- \/ Yoast SEO Premium plugin. -->","yoast_head_json":{"title":"R\u00edo Negro\u00a0trabaja en aportes para la\u00a0Estrategia Federal de Manejo Integrado Costero","robots":{"index":"index","follow":"follow","max-snippet":"max-snippet:-1","max-image-preview":"max-image-preview:large","max-video-preview":"max-video-preview:-1"},"canonical":"https:\/\/patagoniambiental.com.ar\/info\/rionegro-trabaja-en-aportes-para-la-estrategia-federal-de-manejo-integrado-costero\/","og_locale":"es_ES","og_type":"article","og_title":"R\u00edo Negro\u00a0trabaja en aportes para la\u00a0Estrategia Federal de Manejo Integrado Costero","og_description":"Viedma.-Se est\u00e1 llevando a cabo en Viedma el segundo taller sobre Manejo Integrado Costero dirigido a funcionarios y t\u00e9cnicos provenientes [&hellip;]","og_url":"https:\/\/patagoniambiental.com.ar\/info\/rionegro-trabaja-en-aportes-para-la-estrategia-federal-de-manejo-integrado-costero\/","og_site_name":"Patagonia Ambiental","article_publisher":"https:\/\/www.facebook.com\/patagonia.ambiental","article_author":"https:\/\/www.facebook.com\/share\/1C1V8Gv9BX\/?mibextid=qi2Omg","article_published_time":"2018-08-31T12:00:23+00:00","article_modified_time":"2018-08-31T18:01:42+00:00","og_image":[{"width":480,"height":320,"url":"https:\/\/patagoniambiental.com.ar\/info\/wp-content\/uploads\/2018\/08\/40348377_2166310377023330_4706184932551032832_n.jpg","type":"image\/jpeg"}],"author":"Patagonia Ambiental","twitter_card":"summary_large_image","twitter_creator":"@PatAmb","twitter_site":"@PatAmb","schema":{"@context":"https:\/\/schema.org","@graph":[{"@type":"Article","@id":"https:\/\/patagoniambiental.com.ar\/info\/rionegro-trabaja-en-aportes-para-la-estrategia-federal-de-manejo-integrado-costero\/#article","isPartOf":{"@id":"https:\/\/patagoniambiental.com.ar\/info\/rionegro-trabaja-en-aportes-para-la-estrategia-federal-de-manejo-integrado-costero\/"},"author":{"name":"Patagonia Ambiental","@id":"https:\/\/patagoniambiental.com.ar\/info\/#\/schema\/person\/db12bff64bbcbf6a253710bf0ea37b5d"},"headline":"R\u00edo Negro\u00a0trabaja en aportes para la\u00a0Estrategia Federal de Manejo Integrado Costero","datePublished":"2018-08-31T12:00:23+00:00","dateModified":"2018-08-31T18:01:42+00:00","mainEntityOfPage":{"@id":"https:\/\/patagoniambiental.com.ar\/info\/rionegro-trabaja-en-aportes-para-la-estrategia-federal-de-manejo-integrado-costero\/"},"wordCount":269,"commentCount":0,"publisher":{"@id":"https:\/\/patagoniambiental.com.ar\/info\/#organization"},"image":{"@id":"https:\/\/patagoniambiental.com.ar\/info\/rionegro-trabaja-en-aportes-para-la-estrategia-federal-de-manejo-integrado-costero\/#primaryimage"},"thumbnailUrl":"https:\/\/patagoniambiental.com.ar\/info\/wp-content\/uploads\/2018\/08\/40348377_2166310377023330_4706184932551032832_n.jpg","articleSection":["Agenda Ambiental","Bolet\u00edn","Noticias","Rotador"],"inLanguage":"es","potentialAction":[{"@type":"CommentAction","name":"Comment","target":["https:\/\/patagoniambiental.com.ar\/info\/rionegro-trabaja-en-aportes-para-la-estrategia-federal-de-manejo-integrado-costero\/#respond"]}]},{"@type":"WebPage","@id":"https:\/\/patagoniambiental.com.ar\/info\/rionegro-trabaja-en-aportes-para-la-estrategia-federal-de-manejo-integrado-costero\/","url":"https:\/\/patagoniambiental.com.ar\/info\/rionegro-trabaja-en-aportes-para-la-estrategia-federal-de-manejo-integrado-costero\/","name":"R\u00edo Negro\u00a0trabaja en aportes para la\u00a0Estrategia Federal de Manejo Integrado Costero","isPartOf":{"@id":"https:\/\/patagoniambiental.com.ar\/info\/#website"},"primaryImageOfPage":{"@id":"https:\/\/patagoniambiental.com.ar\/info\/rionegro-trabaja-en-aportes-para-la-estrategia-federal-de-manejo-integrado-costero\/#primaryimage"},"image":{"@id":"https:\/\/patagoniambiental.com.ar\/info\/rionegro-trabaja-en-aportes-para-la-estrategia-federal-de-manejo-integrado-costero\/#primaryimage"},"thumbnailUrl":"https:\/\/patagoniambiental.com.ar\/info\/wp-content\/uploads\/2018\/08\/40348377_2166310377023330_4706184932551032832_n.jpg","datePublished":"2018-08-31T12:00:23+00:00","dateModified":"2018-08-31T18:01:42+00:00","breadcrumb":{"@id":"https:\/\/patagoniambiental.com.ar\/info\/rionegro-trabaja-en-aportes-para-la-estrategia-federal-de-manejo-integrado-costero\/#breadcrumb"},"inLanguage":"es","potentialAction":[{"@type":"ReadAction","target":["https:\/\/patagoniambiental.com.ar\/info\/rionegro-trabaja-en-aportes-para-la-estrategia-federal-de-manejo-integrado-costero\/"]}]},{"@type":"ImageObject","inLanguage":"es","@id":"https:\/\/patagoniambiental.com.ar\/info\/rionegro-trabaja-en-aportes-para-la-estrategia-federal-de-manejo-integrado-costero\/#primaryimage","url":"https:\/\/patagoniambiental.com.ar\/info\/wp-content\/uploads\/2018\/08\/40348377_2166310377023330_4706184932551032832_n.jpg","contentUrl":"https:\/\/patagoniambiental.com.ar\/info\/wp-content\/uploads\/2018\/08\/40348377_2166310377023330_4706184932551032832_n.jpg","width":480,"height":320},{"@type":"BreadcrumbList","@id":"https:\/\/patagoniambiental.com.ar\/info\/rionegro-trabaja-en-aportes-para-la-estrategia-federal-de-manejo-integrado-costero\/#breadcrumb","itemListElement":[{"@type":"ListItem","position":1,"name":"Inicio","item":"https:\/\/patagoniambiental.com.ar\/info\/"},{"@type":"ListItem","position":2,"name":"R\u00edo Negro\u00a0trabaja en aportes para la\u00a0Estrategia Federal de Manejo Integrado Costero"}]},{"@type":"WebSite","@id":"https:\/\/patagoniambiental.com.ar\/info\/#website","url":"https:\/\/patagoniambiental.com.ar\/info\/","name":"Patagonia Ambiental","description":"Monitoreo y an\u00e1lisis de la situaci\u00f3n geopol\u00edtica en el mundo y su implicancia en la Patagonia","publisher":{"@id":"https:\/\/patagoniambiental.com.ar\/info\/#organization"},"potentialAction":[{"@type":"SearchAction","target":{"@type":"EntryPoint","urlTemplate":"https:\/\/patagoniambiental.com.ar\/info\/?s={search_term_string}"},"query-input":{"@type":"PropertyValueSpecification","valueRequired":true,"valueName":"search_term_string"}}],"inLanguage":"es"},{"@type":"Organization","@id":"https:\/\/patagoniambiental.com.ar\/info\/#organization","name":"Patagonia Ambiental","url":"https:\/\/patagoniambiental.com.ar\/info\/","logo":{"@type":"ImageObject","inLanguage":"es","@id":"https:\/\/patagoniambiental.com.ar\/info\/#\/schema\/logo\/image\/","url":"https:\/\/patagoniambiental.com.ar\/info\/wp-content\/uploads\/2025\/05\/LOGO-PATAGONIA-AMBIENTAL.png","contentUrl":"https:\/\/patagoniambiental.com.ar\/info\/wp-content\/uploads\/2025\/05\/LOGO-PATAGONIA-AMBIENTAL.png","width":433,"height":250,"caption":"Patagonia Ambiental"},"image":{"@id":"https:\/\/patagoniambiental.com.ar\/info\/#\/schema\/logo\/image\/"},"sameAs":["https:\/\/www.facebook.com\/patagonia.ambiental","https:\/\/x.com\/PatAmb"]},{"@type":"Person","@id":"https:\/\/patagoniambiental.com.ar\/info\/#\/schema\/person\/db12bff64bbcbf6a253710bf0ea37b5d","name":"Patagonia Ambiental","description":"Andr\u00e9s Nievas T\u00e9cnico en manejo ambiental, consultor Ambiental y escritor para medios locales e internacionales sobre temas de geopolitica y medio ambiente.","sameAs":["http:\/\/www.patagoniambiental.com.ar","https:\/\/www.facebook.com\/share\/1C1V8Gv9BX\/?mibextid=qi2Omg","@patagoniambiental","https:\/\/youtube.com\/@patagoniaambiental2023?si=BLt58t0wuXquxlYZ"]}]}},"_links":{"self":[{"href":"https:\/\/patagoniambiental.com.ar\/info\/wp-json\/wp\/v2\/posts\/51976","targetHints":{"allow":["GET"]}}],"collection":[{"href":"https:\/\/patagoniambiental.com.ar\/info\/wp-json\/wp\/v2\/posts"}],"about":[{"href":"https:\/\/patagoniambiental.com.ar\/info\/wp-json\/wp\/v2\/types\/post"}],"author":[{"embeddable":true,"href":"https:\/\/patagoniambiental.com.ar\/info\/wp-json\/wp\/v2\/users\/2"}],"replies":[{"embeddable":true,"href":"https:\/\/patagoniambiental.com.ar\/info\/wp-json\/wp\/v2\/comments?post=51976"}],"version-history":[{"count":0,"href":"https:\/\/patagoniambiental.com.ar\/info\/wp-json\/wp\/v2\/posts\/51976\/revisions"}],"wp:featuredmedia":[{"embeddable":true,"href":"https:\/\/patagoniambiental.com.ar\/info\/wp-json\/wp\/v2\/media\/51977"}],"wp:attachment":[{"href":"https:\/\/patagoniambiental.com.ar\/info\/wp-json\/wp\/v2\/media?parent=51976"}],"wp:term":[{"taxonomy":"category","embeddable":true,"href":"https:\/\/patagoniambiental.com.ar\/info\/wp-json\/wp\/v2\/categories?post=51976"},{"taxonomy":"post_tag","embeddable":true,"href":"https:\/\/patagoniambiental.com.ar\/info\/wp-json\/wp\/v2\/tags?post=51976"}],"curies":[{"name":"wp","href":"https:\/\/api.w.org\/{rel}","templated":true}]}}