{"id":52121,"date":"2018-09-03T19:00:39","date_gmt":"2018-09-03T22:00:39","guid":{"rendered":"http:\/\/patagoniambiental.com.ar\/info\/?p=52121"},"modified":"2018-09-03T21:12:17","modified_gmt":"2018-09-04T00:12:17","slug":"neuquen-el-laboratorio-central-del-epas-adquirio-equipo-de-ultima-generacion","status":"publish","type":"post","link":"https:\/\/patagoniambiental.com.ar\/info\/neuquen-el-laboratorio-central-del-epas-adquirio-equipo-de-ultima-generacion\/","title":{"rendered":"Neuqu\u00e9n: El laboratorio central del EPAS adquiri\u00f3 equipo de \u00faltima generaci\u00f3n"},"content":{"rendered":"<p class=\"bajada\">Neuqu\u00e9n.-El organismo adquiri\u00f3 con financiamiento propio equipamiento para an\u00e1lisis bacteriol\u00f3gicos que permite obtener resultados con mayor rapidez. Esto permite mejorar su precisi\u00f3n y exactitud.<\/p>\n<p><!--more--><\/p>\n<p>El Ente Provincial de Agua y Saneamiento (EPAS) adquiri\u00f3 para su Laboratorio Central un equipo de alta tecnolog\u00eda que permite la implementaci\u00f3n de la t\u00e9cnica Colilert para la determinaci\u00f3n de coliformes totales y Escherichia coli, para el control de calidad de agua de suministro p\u00fablico. El mismo permite la obtenci\u00f3n de resultados confiables en un plazo de entre 18 y 24 horas.<\/p>\n<p>El organismo es el segundo a nivel pa\u00eds en contar con este equipamiento que, permite implementar la tecnolog\u00eda desarrollada por el laboratorio estadounidense Idexx, cuyo representante en Argentina es la empresa Jenck. El equipo fue adquirido con fondos propios con una inversi\u00f3n aproximada de 300 mil pesos.<\/p>\n<p>La t\u00e9cnica Colilert desarrollada por Idexx es una tecnolog\u00eda que se basa en nutrientes indicadores ONPG y MUG de Defined Substrate Technology\u00ae\u00a0(DST\u00ae) para detectar coliformes y\u00a0Escherichia coli simult\u00e1neamente. Los ensayos est\u00e1n dise\u00f1ados de manera que no se requiere ninguna prueba adicional de confirmaci\u00f3n, lo que -a diferencia de los m\u00e9todos tradicionales- s\u00ed se demanda de una verificaci\u00f3n o confirmaci\u00f3n de la presencia de coliformes, lo cual exige un tiempo total de 48 horas de an\u00e1lisis.<\/p>\n<p>Mediante esta t\u00e9cnica, todo el material utilizado se encuentra esterilizado, por lo cual no requiere preparaci\u00f3n previa. Despu\u00e9s de ser utilizado, se inertiza y se descarta como residuo domiciliario. Cada muestra de colilert tiene un tiempo de procesamiento aproximado de cinco minutos, con lo cual en una jornada laboral se pueden procesar cerca de 80 muestras. La lectura de los resultados es sencilla y no demanda confirmaci\u00f3n alguna.<\/p>\n<p>La prueba de Colilert se encuentra aprobada por la EPA (Enviromental Protection Agency) de los Estados Unidos para detectar preventivamente coliformes totales y Escherichia coli en aguas de suministro, normalizada mediante las ISO 9308-2:2015 y se encuentra incluida en la \u00faltima versi\u00f3n (23) del Standard Methods for Examination Water and Wastewater (SMWW 9222D).<\/p>\n<p>Con la incorporaci\u00f3n de este conjunto de t\u00e9cnicas en el Laboratorio Central, no s\u00f3lo se ampl\u00eda la capacidad operativa del mismo y se mejora la repetibilidad intralaboratorio y su exactitud, sino que adem\u00e1s el personal no es expuesto a riesgos biol\u00f3gicos, evitando el contacto con el cloro para lavar, posturas repetitivas e inc\u00f3modas de lavado, manipulaci\u00f3n de material de vidrio, uso de autoclave, entre otros.<\/p>\n<p>Durante agosto y canalizada mediante la subgerencia de Ensayos Ambientales y Aplicaciones Tecnol\u00f3gicas, se recibi\u00f3 la visita de los profesionales de microbiolog\u00eda del laboratorio del Centro de Investigaci\u00f3n y Asistencia T\u00e9cnica a la Industria (Ciati), quienes observaron las bondades de la metodolog\u00eda de trabajo, eficiencia y rapidez con la que cuenta el nuevo equipo.<\/p>\n<p>De esta manera se avanza en la mejora del servicio con transparencia y confiabilidad al trabajo realizado por el ente responsable de\u00a0controlar la calidad del agua de suministro p\u00fablico.<\/p>\n<p>La importancia que proporciona esta nueva adquisici\u00f3n es aportar al laboratorio mayor tecnolog\u00eda para controlar y mejorar su rendimiento y conducir hacia la eficiencia en la excelencia en todo el proceso de recolecci\u00f3n y an\u00e1lisis de muestras,\u00a0de todo el territorio provincial, con la realizaci\u00f3n de diferentes determinaciones fisicoqu\u00edmicas y bacteriol\u00f3gicas.<\/p>\n<p>El laboratorio de Control de Calidad, montado en el Parque Industrial de Neuqu\u00e9n,\u00a0\u00a0procesa semanalmente unas 120 muestras bacteriol\u00f3gicas dado que tiene a su cargo el monitoreo de todas las redes de agua potable y los efluentes de las plantas cloacales de toda la provincia, tanto dependientes del EPAS como de los municipios y cooperativas. Adem\u00e1s, se realizan an\u00e1lisis a terceros, los cuales son de valioso requerimiento hacia el organismo, ya que se cuenta con resultados oficiales y certificados.<\/p>\n<p>Por \u00faltimo, es importante destacar que 2011 se logr\u00f3 la Certificaci\u00f3n del Sistema de Gesti\u00f3n de Calidad del Laboratorio Central cuyo alcance es: servicio de muestreo y asistencia t\u00e9cnica para agua de consumo, an\u00e1lisis de agua de consumo y an\u00e1lisis de efluentes (fisicoqu\u00edmico y bacteriol\u00f3gico), de acuerdo con los requisitos de la Norma Internacional ISO 9001:2015 ante el Bureau Veritas Certification. Tal logro fue recertificado consecutivamente en 2014 y 2017 con auditorias de vigilancia desarrolladas por el organismo certificador con vigencia hasta octubre de 2020.<\/p>\n<p>Esta adquisici\u00f3n de relevancia es una m\u00e1s de las acciones que reflejan, por parte del gobierno provincial, la responsabilidad que a trav\u00e9s del EPAS se asume permanentemente en pos de mejorar la calidad de vida de los habitantes de la provincia y de preservar el medioambiente.<\/p>\n<p>Fuente: Neuqu\u00e9n Informa<\/p>\n","protected":false},"excerpt":{"rendered":"<p>Neuqu\u00e9n.-El organismo adquiri\u00f3 con financiamiento propio equipamiento para an\u00e1lisis bacteriol\u00f3gicos que permite obtener resultados con mayor rapidez. Esto permite mejorar [&hellip;]<\/p>\n","protected":false},"author":2,"featured_media":52122,"comment_status":"open","ping_status":"open","sticky":false,"template":"","format":"standard","meta":{"site-sidebar-layout":"default","site-content-layout":"","ast-site-content-layout":"default","site-content-style":"default","site-sidebar-style":"default","ast-global-header-display":"","ast-banner-title-visibility":"","ast-main-header-display":"","ast-hfb-above-header-display":"","ast-hfb-below-header-display":"","ast-hfb-mobile-header-display":"","site-post-title":"","ast-breadcrumbs-content":"","ast-featured-img":"","footer-sml-layout":"","ast-disable-related-posts":"","theme-transparent-header-meta":"","adv-header-id-meta":"","stick-header-meta":"","header-above-stick-meta":"","header-main-stick-meta":"","header-below-stick-meta":"","astra-migrate-meta-layouts":"default","ast-page-background-enabled":"default","ast-page-background-meta":{"desktop":{"background-color":"var(--ast-global-color-5)","background-image":"","background-repeat":"repeat","background-position":"center center","background-size":"auto","background-attachment":"scroll","background-type":"","background-media":"","overlay-type":"","overlay-color":"","overlay-opacity":"","overlay-gradient":""},"tablet":{"background-color":"","background-image":"","background-repeat":"repeat","background-position":"center center","background-size":"auto","background-attachment":"scroll","background-type":"","background-media":"","overlay-type":"","overlay-color":"","overlay-opacity":"","overlay-gradient":""},"mobile":{"background-color":"","background-image":"","background-repeat":"repeat","background-position":"center center","background-size":"auto","background-attachment":"scroll","background-type":"","background-media":"","overlay-type":"","overlay-color":"","overlay-opacity":"","overlay-gradient":""}},"ast-content-background-meta":{"desktop":{"background-color":"var(--ast-global-color-4)","background-image":"","background-repeat":"repeat","background-position":"center center","background-size":"auto","background-attachment":"scroll","background-type":"","background-media":"","overlay-type":"","overlay-color":"","overlay-opacity":"","overlay-gradient":""},"tablet":{"background-color":"var(--ast-global-color-4)","background-image":"","background-repeat":"repeat","background-position":"center center","background-size":"auto","background-attachment":"scroll","background-type":"","background-media":"","overlay-type":"","overlay-color":"","overlay-opacity":"","overlay-gradient":""},"mobile":{"background-color":"var(--ast-global-color-4)","background-image":"","background-repeat":"repeat","background-position":"center center","background-size":"auto","background-attachment":"scroll","background-type":"","background-media":"","overlay-type":"","overlay-color":"","overlay-opacity":"","overlay-gradient":""}},"footnotes":""},"categories":[11,18,1,13,10],"tags":[],"class_list":["post-52121","post","type-post","status-publish","format-standard","has-post-thumbnail","hentry","category-boletin","category-neuquen","category-noticias","category-provinciales","category-rotador"],"yoast_head":"<!-- This site is optimized with the Yoast SEO Premium plugin v23.0 (Yoast SEO v27.5) - https:\/\/yoast.com\/product\/yoast-seo-premium-wordpress\/ -->\n<title>Neuqu\u00e9n: El laboratorio central del EPAS adquiri\u00f3 equipo de \u00faltima generaci\u00f3n<\/title>\n<meta name=\"robots\" content=\"index, follow, max-snippet:-1, max-image-preview:large, max-video-preview:-1\" \/>\n<link rel=\"canonical\" href=\"https:\/\/patagoniambiental.com.ar\/info\/neuquen-el-laboratorio-central-del-epas-adquirio-equipo-de-ultima-generacion\/\" \/>\n<meta property=\"og:locale\" content=\"es_ES\" \/>\n<meta property=\"og:type\" content=\"article\" \/>\n<meta property=\"og:title\" content=\"Neuqu\u00e9n: El laboratorio central del EPAS adquiri\u00f3 equipo de \u00faltima generaci\u00f3n\" \/>\n<meta property=\"og:description\" content=\"Neuqu\u00e9n.-El organismo adquiri\u00f3 con financiamiento propio equipamiento para an\u00e1lisis bacteriol\u00f3gicos que permite obtener resultados con mayor rapidez. Esto permite mejorar [&hellip;]\" \/>\n<meta property=\"og:url\" content=\"https:\/\/patagoniambiental.com.ar\/info\/neuquen-el-laboratorio-central-del-epas-adquirio-equipo-de-ultima-generacion\/\" \/>\n<meta property=\"og:site_name\" content=\"Patagonia Ambiental\" \/>\n<meta property=\"article:publisher\" content=\"https:\/\/www.facebook.com\/patagonia.ambiental\" \/>\n<meta property=\"article:author\" content=\"https:\/\/www.facebook.com\/share\/1C1V8Gv9BX\/?mibextid=qi2Omg\" \/>\n<meta property=\"article:published_time\" content=\"2018-09-03T22:00:39+00:00\" \/>\n<meta property=\"article:modified_time\" content=\"2018-09-04T00:12:17+00:00\" \/>\n<meta property=\"og:image\" content=\"https:\/\/patagoniambiental.com.ar\/info\/wp-content\/uploads\/2018\/09\/WEB-Laboratorio-Central-del-EPAS-adquiri\u00f3-equipo-de-ultima-generaci\u00f3n-02.jpg\" \/>\n\t<meta property=\"og:image:width\" content=\"957\" \/>\n\t<meta property=\"og:image:height\" content=\"502\" \/>\n\t<meta property=\"og:image:type\" content=\"image\/jpeg\" \/>\n<meta name=\"author\" content=\"Patagonia Ambiental\" \/>\n<meta name=\"twitter:card\" content=\"summary_large_image\" \/>\n<meta name=\"twitter:creator\" content=\"@PatAmb\" \/>\n<meta name=\"twitter:site\" content=\"@PatAmb\" \/>\n<script type=\"application\/ld+json\" class=\"yoast-schema-graph\">{\"@context\":\"https:\\\/\\\/schema.org\",\"@graph\":[{\"@type\":\"Article\",\"@id\":\"https:\\\/\\\/patagoniambiental.com.ar\\\/info\\\/neuquen-el-laboratorio-central-del-epas-adquirio-equipo-de-ultima-generacion\\\/#article\",\"isPartOf\":{\"@id\":\"https:\\\/\\\/patagoniambiental.com.ar\\\/info\\\/neuquen-el-laboratorio-central-del-epas-adquirio-equipo-de-ultima-generacion\\\/\"},\"author\":{\"name\":\"Patagonia Ambiental\",\"@id\":\"https:\\\/\\\/patagoniambiental.com.ar\\\/info\\\/#\\\/schema\\\/person\\\/db12bff64bbcbf6a253710bf0ea37b5d\"},\"headline\":\"Neuqu\u00e9n: El laboratorio central del EPAS adquiri\u00f3 equipo de \u00faltima generaci\u00f3n\",\"datePublished\":\"2018-09-03T22:00:39+00:00\",\"dateModified\":\"2018-09-04T00:12:17+00:00\",\"mainEntityOfPage\":{\"@id\":\"https:\\\/\\\/patagoniambiental.com.ar\\\/info\\\/neuquen-el-laboratorio-central-del-epas-adquirio-equipo-de-ultima-generacion\\\/\"},\"wordCount\":810,\"commentCount\":0,\"publisher\":{\"@id\":\"https:\\\/\\\/patagoniambiental.com.ar\\\/info\\\/#organization\"},\"image\":{\"@id\":\"https:\\\/\\\/patagoniambiental.com.ar\\\/info\\\/neuquen-el-laboratorio-central-del-epas-adquirio-equipo-de-ultima-generacion\\\/#primaryimage\"},\"thumbnailUrl\":\"https:\\\/\\\/patagoniambiental.com.ar\\\/info\\\/wp-content\\\/uploads\\\/2018\\\/09\\\/WEB-Laboratorio-Central-del-EPAS-adquiri\u00f3-equipo-de-ultima-generaci\u00f3n-02.jpg\",\"articleSection\":[\"Bolet\u00edn\",\"Neuqu\u00e9n\",\"Noticias\",\"Provinciales\",\"Rotador\"],\"inLanguage\":\"es\",\"potentialAction\":[{\"@type\":\"CommentAction\",\"name\":\"Comment\",\"target\":[\"https:\\\/\\\/patagoniambiental.com.ar\\\/info\\\/neuquen-el-laboratorio-central-del-epas-adquirio-equipo-de-ultima-generacion\\\/#respond\"]}]},{\"@type\":\"WebPage\",\"@id\":\"https:\\\/\\\/patagoniambiental.com.ar\\\/info\\\/neuquen-el-laboratorio-central-del-epas-adquirio-equipo-de-ultima-generacion\\\/\",\"url\":\"https:\\\/\\\/patagoniambiental.com.ar\\\/info\\\/neuquen-el-laboratorio-central-del-epas-adquirio-equipo-de-ultima-generacion\\\/\",\"name\":\"Neuqu\u00e9n: El laboratorio central del EPAS adquiri\u00f3 equipo de \u00faltima generaci\u00f3n\",\"isPartOf\":{\"@id\":\"https:\\\/\\\/patagoniambiental.com.ar\\\/info\\\/#website\"},\"primaryImageOfPage\":{\"@id\":\"https:\\\/\\\/patagoniambiental.com.ar\\\/info\\\/neuquen-el-laboratorio-central-del-epas-adquirio-equipo-de-ultima-generacion\\\/#primaryimage\"},\"image\":{\"@id\":\"https:\\\/\\\/patagoniambiental.com.ar\\\/info\\\/neuquen-el-laboratorio-central-del-epas-adquirio-equipo-de-ultima-generacion\\\/#primaryimage\"},\"thumbnailUrl\":\"https:\\\/\\\/patagoniambiental.com.ar\\\/info\\\/wp-content\\\/uploads\\\/2018\\\/09\\\/WEB-Laboratorio-Central-del-EPAS-adquiri\u00f3-equipo-de-ultima-generaci\u00f3n-02.jpg\",\"datePublished\":\"2018-09-03T22:00:39+00:00\",\"dateModified\":\"2018-09-04T00:12:17+00:00\",\"breadcrumb\":{\"@id\":\"https:\\\/\\\/patagoniambiental.com.ar\\\/info\\\/neuquen-el-laboratorio-central-del-epas-adquirio-equipo-de-ultima-generacion\\\/#breadcrumb\"},\"inLanguage\":\"es\",\"potentialAction\":[{\"@type\":\"ReadAction\",\"target\":[\"https:\\\/\\\/patagoniambiental.com.ar\\\/info\\\/neuquen-el-laboratorio-central-del-epas-adquirio-equipo-de-ultima-generacion\\\/\"]}]},{\"@type\":\"ImageObject\",\"inLanguage\":\"es\",\"@id\":\"https:\\\/\\\/patagoniambiental.com.ar\\\/info\\\/neuquen-el-laboratorio-central-del-epas-adquirio-equipo-de-ultima-generacion\\\/#primaryimage\",\"url\":\"https:\\\/\\\/patagoniambiental.com.ar\\\/info\\\/wp-content\\\/uploads\\\/2018\\\/09\\\/WEB-Laboratorio-Central-del-EPAS-adquiri\u00f3-equipo-de-ultima-generaci\u00f3n-02.jpg\",\"contentUrl\":\"https:\\\/\\\/patagoniambiental.com.ar\\\/info\\\/wp-content\\\/uploads\\\/2018\\\/09\\\/WEB-Laboratorio-Central-del-EPAS-adquiri\u00f3-equipo-de-ultima-generaci\u00f3n-02.jpg\",\"width\":957,\"height\":502},{\"@type\":\"BreadcrumbList\",\"@id\":\"https:\\\/\\\/patagoniambiental.com.ar\\\/info\\\/neuquen-el-laboratorio-central-del-epas-adquirio-equipo-de-ultima-generacion\\\/#breadcrumb\",\"itemListElement\":[{\"@type\":\"ListItem\",\"position\":1,\"name\":\"Inicio\",\"item\":\"https:\\\/\\\/patagoniambiental.com.ar\\\/info\\\/\"},{\"@type\":\"ListItem\",\"position\":2,\"name\":\"Neuqu\u00e9n: El laboratorio central del EPAS adquiri\u00f3 equipo de \u00faltima generaci\u00f3n\"}]},{\"@type\":\"WebSite\",\"@id\":\"https:\\\/\\\/patagoniambiental.com.ar\\\/info\\\/#website\",\"url\":\"https:\\\/\\\/patagoniambiental.com.ar\\\/info\\\/\",\"name\":\"Patagonia Ambiental\",\"description\":\"Monitoreo y an\u00e1lisis de la situaci\u00f3n geopol\u00edtica en el mundo y su implicancia en la Patagonia\",\"publisher\":{\"@id\":\"https:\\\/\\\/patagoniambiental.com.ar\\\/info\\\/#organization\"},\"potentialAction\":[{\"@type\":\"SearchAction\",\"target\":{\"@type\":\"EntryPoint\",\"urlTemplate\":\"https:\\\/\\\/patagoniambiental.com.ar\\\/info\\\/?s={search_term_string}\"},\"query-input\":{\"@type\":\"PropertyValueSpecification\",\"valueRequired\":true,\"valueName\":\"search_term_string\"}}],\"inLanguage\":\"es\"},{\"@type\":\"Organization\",\"@id\":\"https:\\\/\\\/patagoniambiental.com.ar\\\/info\\\/#organization\",\"name\":\"Patagonia Ambiental\",\"url\":\"https:\\\/\\\/patagoniambiental.com.ar\\\/info\\\/\",\"logo\":{\"@type\":\"ImageObject\",\"inLanguage\":\"es\",\"@id\":\"https:\\\/\\\/patagoniambiental.com.ar\\\/info\\\/#\\\/schema\\\/logo\\\/image\\\/\",\"url\":\"https:\\\/\\\/patagoniambiental.com.ar\\\/info\\\/wp-content\\\/uploads\\\/2025\\\/05\\\/LOGO-PATAGONIA-AMBIENTAL.png\",\"contentUrl\":\"https:\\\/\\\/patagoniambiental.com.ar\\\/info\\\/wp-content\\\/uploads\\\/2025\\\/05\\\/LOGO-PATAGONIA-AMBIENTAL.png\",\"width\":433,\"height\":250,\"caption\":\"Patagonia Ambiental\"},\"image\":{\"@id\":\"https:\\\/\\\/patagoniambiental.com.ar\\\/info\\\/#\\\/schema\\\/logo\\\/image\\\/\"},\"sameAs\":[\"https:\\\/\\\/www.facebook.com\\\/patagonia.ambiental\",\"https:\\\/\\\/x.com\\\/PatAmb\"]},{\"@type\":\"Person\",\"@id\":\"https:\\\/\\\/patagoniambiental.com.ar\\\/info\\\/#\\\/schema\\\/person\\\/db12bff64bbcbf6a253710bf0ea37b5d\",\"name\":\"Patagonia Ambiental\",\"description\":\"Andr\u00e9s Nievas T\u00e9cnico en manejo ambiental, consultor Ambiental y escritor para medios locales e internacionales sobre temas de geopolitica y medio ambiente.\",\"sameAs\":[\"http:\\\/\\\/www.patagoniambiental.com.ar\",\"https:\\\/\\\/www.facebook.com\\\/share\\\/1C1V8Gv9BX\\\/?mibextid=qi2Omg\",\"@patagoniambiental\",\"https:\\\/\\\/youtube.com\\\/@patagoniaambiental2023?si=BLt58t0wuXquxlYZ\"]}]}<\/script>\n<!-- \/ Yoast SEO Premium plugin. -->","yoast_head_json":{"title":"Neuqu\u00e9n: El laboratorio central del EPAS adquiri\u00f3 equipo de \u00faltima generaci\u00f3n","robots":{"index":"index","follow":"follow","max-snippet":"max-snippet:-1","max-image-preview":"max-image-preview:large","max-video-preview":"max-video-preview:-1"},"canonical":"https:\/\/patagoniambiental.com.ar\/info\/neuquen-el-laboratorio-central-del-epas-adquirio-equipo-de-ultima-generacion\/","og_locale":"es_ES","og_type":"article","og_title":"Neuqu\u00e9n: El laboratorio central del EPAS adquiri\u00f3 equipo de \u00faltima generaci\u00f3n","og_description":"Neuqu\u00e9n.-El organismo adquiri\u00f3 con financiamiento propio equipamiento para an\u00e1lisis bacteriol\u00f3gicos que permite obtener resultados con mayor rapidez. Esto permite mejorar [&hellip;]","og_url":"https:\/\/patagoniambiental.com.ar\/info\/neuquen-el-laboratorio-central-del-epas-adquirio-equipo-de-ultima-generacion\/","og_site_name":"Patagonia Ambiental","article_publisher":"https:\/\/www.facebook.com\/patagonia.ambiental","article_author":"https:\/\/www.facebook.com\/share\/1C1V8Gv9BX\/?mibextid=qi2Omg","article_published_time":"2018-09-03T22:00:39+00:00","article_modified_time":"2018-09-04T00:12:17+00:00","og_image":[{"width":957,"height":502,"url":"https:\/\/patagoniambiental.com.ar\/info\/wp-content\/uploads\/2018\/09\/WEB-Laboratorio-Central-del-EPAS-adquiri\u00f3-equipo-de-ultima-generaci\u00f3n-02.jpg","type":"image\/jpeg"}],"author":"Patagonia Ambiental","twitter_card":"summary_large_image","twitter_creator":"@PatAmb","twitter_site":"@PatAmb","schema":{"@context":"https:\/\/schema.org","@graph":[{"@type":"Article","@id":"https:\/\/patagoniambiental.com.ar\/info\/neuquen-el-laboratorio-central-del-epas-adquirio-equipo-de-ultima-generacion\/#article","isPartOf":{"@id":"https:\/\/patagoniambiental.com.ar\/info\/neuquen-el-laboratorio-central-del-epas-adquirio-equipo-de-ultima-generacion\/"},"author":{"name":"Patagonia Ambiental","@id":"https:\/\/patagoniambiental.com.ar\/info\/#\/schema\/person\/db12bff64bbcbf6a253710bf0ea37b5d"},"headline":"Neuqu\u00e9n: El laboratorio central del EPAS adquiri\u00f3 equipo de \u00faltima generaci\u00f3n","datePublished":"2018-09-03T22:00:39+00:00","dateModified":"2018-09-04T00:12:17+00:00","mainEntityOfPage":{"@id":"https:\/\/patagoniambiental.com.ar\/info\/neuquen-el-laboratorio-central-del-epas-adquirio-equipo-de-ultima-generacion\/"},"wordCount":810,"commentCount":0,"publisher":{"@id":"https:\/\/patagoniambiental.com.ar\/info\/#organization"},"image":{"@id":"https:\/\/patagoniambiental.com.ar\/info\/neuquen-el-laboratorio-central-del-epas-adquirio-equipo-de-ultima-generacion\/#primaryimage"},"thumbnailUrl":"https:\/\/patagoniambiental.com.ar\/info\/wp-content\/uploads\/2018\/09\/WEB-Laboratorio-Central-del-EPAS-adquiri\u00f3-equipo-de-ultima-generaci\u00f3n-02.jpg","articleSection":["Bolet\u00edn","Neuqu\u00e9n","Noticias","Provinciales","Rotador"],"inLanguage":"es","potentialAction":[{"@type":"CommentAction","name":"Comment","target":["https:\/\/patagoniambiental.com.ar\/info\/neuquen-el-laboratorio-central-del-epas-adquirio-equipo-de-ultima-generacion\/#respond"]}]},{"@type":"WebPage","@id":"https:\/\/patagoniambiental.com.ar\/info\/neuquen-el-laboratorio-central-del-epas-adquirio-equipo-de-ultima-generacion\/","url":"https:\/\/patagoniambiental.com.ar\/info\/neuquen-el-laboratorio-central-del-epas-adquirio-equipo-de-ultima-generacion\/","name":"Neuqu\u00e9n: El laboratorio central del EPAS adquiri\u00f3 equipo de \u00faltima generaci\u00f3n","isPartOf":{"@id":"https:\/\/patagoniambiental.com.ar\/info\/#website"},"primaryImageOfPage":{"@id":"https:\/\/patagoniambiental.com.ar\/info\/neuquen-el-laboratorio-central-del-epas-adquirio-equipo-de-ultima-generacion\/#primaryimage"},"image":{"@id":"https:\/\/patagoniambiental.com.ar\/info\/neuquen-el-laboratorio-central-del-epas-adquirio-equipo-de-ultima-generacion\/#primaryimage"},"thumbnailUrl":"https:\/\/patagoniambiental.com.ar\/info\/wp-content\/uploads\/2018\/09\/WEB-Laboratorio-Central-del-EPAS-adquiri\u00f3-equipo-de-ultima-generaci\u00f3n-02.jpg","datePublished":"2018-09-03T22:00:39+00:00","dateModified":"2018-09-04T00:12:17+00:00","breadcrumb":{"@id":"https:\/\/patagoniambiental.com.ar\/info\/neuquen-el-laboratorio-central-del-epas-adquirio-equipo-de-ultima-generacion\/#breadcrumb"},"inLanguage":"es","potentialAction":[{"@type":"ReadAction","target":["https:\/\/patagoniambiental.com.ar\/info\/neuquen-el-laboratorio-central-del-epas-adquirio-equipo-de-ultima-generacion\/"]}]},{"@type":"ImageObject","inLanguage":"es","@id":"https:\/\/patagoniambiental.com.ar\/info\/neuquen-el-laboratorio-central-del-epas-adquirio-equipo-de-ultima-generacion\/#primaryimage","url":"https:\/\/patagoniambiental.com.ar\/info\/wp-content\/uploads\/2018\/09\/WEB-Laboratorio-Central-del-EPAS-adquiri\u00f3-equipo-de-ultima-generaci\u00f3n-02.jpg","contentUrl":"https:\/\/patagoniambiental.com.ar\/info\/wp-content\/uploads\/2018\/09\/WEB-Laboratorio-Central-del-EPAS-adquiri\u00f3-equipo-de-ultima-generaci\u00f3n-02.jpg","width":957,"height":502},{"@type":"BreadcrumbList","@id":"https:\/\/patagoniambiental.com.ar\/info\/neuquen-el-laboratorio-central-del-epas-adquirio-equipo-de-ultima-generacion\/#breadcrumb","itemListElement":[{"@type":"ListItem","position":1,"name":"Inicio","item":"https:\/\/patagoniambiental.com.ar\/info\/"},{"@type":"ListItem","position":2,"name":"Neuqu\u00e9n: El laboratorio central del EPAS adquiri\u00f3 equipo de \u00faltima generaci\u00f3n"}]},{"@type":"WebSite","@id":"https:\/\/patagoniambiental.com.ar\/info\/#website","url":"https:\/\/patagoniambiental.com.ar\/info\/","name":"Patagonia Ambiental","description":"Monitoreo y an\u00e1lisis de la situaci\u00f3n geopol\u00edtica en el mundo y su implicancia en la Patagonia","publisher":{"@id":"https:\/\/patagoniambiental.com.ar\/info\/#organization"},"potentialAction":[{"@type":"SearchAction","target":{"@type":"EntryPoint","urlTemplate":"https:\/\/patagoniambiental.com.ar\/info\/?s={search_term_string}"},"query-input":{"@type":"PropertyValueSpecification","valueRequired":true,"valueName":"search_term_string"}}],"inLanguage":"es"},{"@type":"Organization","@id":"https:\/\/patagoniambiental.com.ar\/info\/#organization","name":"Patagonia Ambiental","url":"https:\/\/patagoniambiental.com.ar\/info\/","logo":{"@type":"ImageObject","inLanguage":"es","@id":"https:\/\/patagoniambiental.com.ar\/info\/#\/schema\/logo\/image\/","url":"https:\/\/patagoniambiental.com.ar\/info\/wp-content\/uploads\/2025\/05\/LOGO-PATAGONIA-AMBIENTAL.png","contentUrl":"https:\/\/patagoniambiental.com.ar\/info\/wp-content\/uploads\/2025\/05\/LOGO-PATAGONIA-AMBIENTAL.png","width":433,"height":250,"caption":"Patagonia Ambiental"},"image":{"@id":"https:\/\/patagoniambiental.com.ar\/info\/#\/schema\/logo\/image\/"},"sameAs":["https:\/\/www.facebook.com\/patagonia.ambiental","https:\/\/x.com\/PatAmb"]},{"@type":"Person","@id":"https:\/\/patagoniambiental.com.ar\/info\/#\/schema\/person\/db12bff64bbcbf6a253710bf0ea37b5d","name":"Patagonia Ambiental","description":"Andr\u00e9s Nievas T\u00e9cnico en manejo ambiental, consultor Ambiental y escritor para medios locales e internacionales sobre temas de geopolitica y medio ambiente.","sameAs":["http:\/\/www.patagoniambiental.com.ar","https:\/\/www.facebook.com\/share\/1C1V8Gv9BX\/?mibextid=qi2Omg","@patagoniambiental","https:\/\/youtube.com\/@patagoniaambiental2023?si=BLt58t0wuXquxlYZ"]}]}},"_links":{"self":[{"href":"https:\/\/patagoniambiental.com.ar\/info\/wp-json\/wp\/v2\/posts\/52121","targetHints":{"allow":["GET"]}}],"collection":[{"href":"https:\/\/patagoniambiental.com.ar\/info\/wp-json\/wp\/v2\/posts"}],"about":[{"href":"https:\/\/patagoniambiental.com.ar\/info\/wp-json\/wp\/v2\/types\/post"}],"author":[{"embeddable":true,"href":"https:\/\/patagoniambiental.com.ar\/info\/wp-json\/wp\/v2\/users\/2"}],"replies":[{"embeddable":true,"href":"https:\/\/patagoniambiental.com.ar\/info\/wp-json\/wp\/v2\/comments?post=52121"}],"version-history":[{"count":0,"href":"https:\/\/patagoniambiental.com.ar\/info\/wp-json\/wp\/v2\/posts\/52121\/revisions"}],"wp:featuredmedia":[{"embeddable":true,"href":"https:\/\/patagoniambiental.com.ar\/info\/wp-json\/wp\/v2\/media\/52122"}],"wp:attachment":[{"href":"https:\/\/patagoniambiental.com.ar\/info\/wp-json\/wp\/v2\/media?parent=52121"}],"wp:term":[{"taxonomy":"category","embeddable":true,"href":"https:\/\/patagoniambiental.com.ar\/info\/wp-json\/wp\/v2\/categories?post=52121"},{"taxonomy":"post_tag","embeddable":true,"href":"https:\/\/patagoniambiental.com.ar\/info\/wp-json\/wp\/v2\/tags?post=52121"}],"curies":[{"name":"wp","href":"https:\/\/api.w.org\/{rel}","templated":true}]}}