{"id":52202,"date":"2018-09-04T19:00:20","date_gmt":"2018-09-04T22:00:20","guid":{"rendered":"http:\/\/patagoniambiental.com.ar\/info\/?p=52202"},"modified":"2018-09-04T13:53:21","modified_gmt":"2018-09-04T16:53:21","slug":"docente-investigador-de-la-unrn-coordina-seccion-en-ipbes","status":"publish","type":"post","link":"https:\/\/patagoniambiental.com.ar\/info\/docente-investigador-de-la-unrn-coordina-seccion-en-ipbes\/","title":{"rendered":"Docente investigador de la UNRN coordina secci\u00f3n en IPBES"},"content":{"rendered":"<p class=\"x_gmail-Textbody\"><span class=\"x_gmail-StrongEmphasis\"><i><span lang=\"ES-AR\">Bariloche.-<\/span><\/i><\/span><span class=\"x_gmail-StrongEmphasis\"><span lang=\"ES-AR\">El\u00a0<\/span><\/span><span class=\"x_gmail-StrongEmphasis\"><span lang=\"ES-AR\">Dr. Lucas Garibaldi,\u00a0<\/span><\/span><span class=\"x_gmail-StrongEmphasis\"><span lang=\"ES-AR\">director del\u00a0<\/span><\/span><span class=\"x_gmail-StrongEmphasis\"><span lang=\"ES-AR\">Instituto de Investigaciones en Recursos Naturales, Agroecolog\u00eda y Desarrollo Rural (IRNAD) de la Universidad Nacional de R\u00edo Negro (UNRN),<\/span><\/span><span class=\"x_gmail-StrongEmphasis\"><span lang=\"ES-AR\">\u00a0fue invitado como coordinador autor principal en el Tercer Encuentro de Autores de l<\/span><\/span><em><span lang=\"ES-AR\">a\u00a0<\/span><\/em><span lang=\"ES-AR\">Plataforma Intergubernamental Cient\u00edfico normativa sobre Diversidad Biol\u00f3gica y Servicios de los Ecosistemas (IPBES)<span class=\"x_gmail-StrongEmphasis\">\u00a0en Frankfurt (Alemania).<\/span><\/span><!--more--><\/p>\n<p class=\"x_gmail-Textbody\"><span lang=\"ES-AR\">\u00a0<\/span><\/p>\n<p class=\"x_gmail-Textbody\"><span class=\"x_gmail-StrongEmphasis\"><span lang=\"ES-AR\">Se trata del tercer encuentro de autores celebrado en el mes de julio con el objetivo de trabajar en particular sobre el cap\u00edtulo 2 \u201c<\/span><\/span><em><span lang=\"ES-AR\">Status and Trends in Nature<\/span><\/em><span class=\"x_gmail-StrongEmphasis\"><span lang=\"ES-AR\">\u2019s Contributions to People\u201d de la Global Assessment on Biodiversity and Ecosystem Services de IPBES.<\/span><\/span><\/p>\n<p class=\"x_gmail-Textbody\"><span lang=\"ES-AR\"><img fetchpriority=\"high\" decoding=\"async\" class=\"wp-image-52203 alignleft\" src=\"https:\/\/patagoniambiental.com.ar\/info\/wp-content\/uploads\/2018\/09\/IPBES-600x246.jpg\" alt=\"\" width=\"466\" height=\"191\" srcset=\"https:\/\/patagoniambiental.com.ar\/info\/wp-content\/uploads\/2018\/09\/IPBES-600x246.jpg 600w, https:\/\/patagoniambiental.com.ar\/info\/wp-content\/uploads\/2018\/09\/IPBES-768x314.jpg 768w, https:\/\/patagoniambiental.com.ar\/info\/wp-content\/uploads\/2018\/09\/IPBES.jpg 960w\" sizes=\"(max-width: 466px) 100vw, 466px\" \/><\/span><span lang=\"ES-AR\">El abordaje de dicho cap\u00edtulo tiene como finalidad evaluar a escala\u00a0<\/span><a name=\"x_result_box1\"><\/a>global e interregional las tendencias en la naturaleza y los beneficios de \u00e9sta para las personas. Comprende el estudio de ecosistemas en tierra y en aguas continentales, zonas costeras y oc\u00e9anos. El informe tiene seis cap\u00edtulos, siendo el Dr. Garibaldi coordinador del Cap\u00edtulo 2. En esta instancia, la UNRN desempe\u00f1a un rol importante en la interfase ciencia \u2013 pol\u00edtica a nivel global.<\/p>\n<p class=\"x_gmail-Textbody\"><span lang=\"ES-AR\">\u00a0<\/span><\/p>\n<p class=\"x_gmail-Textbody\"><b><span lang=\"ES-AR\">Sobre la plataforma intergubernamental IPBES<\/span><\/b><\/p>\n<p class=\"x_gmail-Textbody\"><span lang=\"ES-AR\">IPBES es un\u00a0<span class=\"x_gmail-StrongEmphasis\">\u00f3rgano intergubernamental independiente<\/span>\u00a0establecido en el a\u00f1o 2012 por m\u00e1s de 100 gobiernos.\u00a0<span class=\"x_gmail-StrongEmphasis\">Est\u00e1 compuesto por el sector acad<\/span>\u00e9mico, cient\u00edfico, gubernamental, organizaciones de la sociedad civil, comunidades locales y pueblos originarios.<\/span><\/p>\n<p class=\"x_gmail-Standard\"><span lang=\"ES-AR\">Tiene como objetivo fortalecer la interfaz cient\u00edfico normativa de la Biodiversidad Biol\u00f3gica y los servicios ecosist\u00e9micos (SE), establecer un puente entre la ciencia y la formulaci\u00f3n de pol\u00edticas p\u00fablicas y brindar elementos cient\u00edficos a los tomadores de decisiones a los efectos de contribuir a la Conservaci\u00f3n y uso sustentable de la biodiversidad.<\/span><\/p>\n<p class=\"x_gmail-Standard\"><span lang=\"ES-AR\">\u00a0<\/span><\/p>\n<p class=\"x_gmail-Standard\"><span lang=\"ES-AR\">Su funci\u00f3n consiste en evaluar el estado de la biodiversidad del planeta, sus ecosistemas y los servicios esenciales que prestan a la sociedad.<\/span><\/p>\n<p class=\"x_gmail-Standard\"><u><span lang=\"ES-AR\">\u00a0<\/span><\/u><\/p>\n<p class=\"x_gmail-Standard\"><b><span lang=\"ES-AR\">Cooperaci\u00f3n con la Estrategia Nacional sobre la Biodiversidad (Argentina)<\/span><\/b><\/p>\n<p class=\"x_gmail-Standard\"><span lang=\"ES-AR\">La Estrategia Nacional sobre la Biodiversidad (ENBPA 2016-2020) se fundamenta en acciones\u00a0\u00a0\u00a0que promueven un mayor conocimiento de los bienes y servicios ambientales, la conservaci\u00f3n y protecci\u00f3n de la biodiversidad y su utilizaci\u00f3n en un marco de desarrollo sustentable. El seguimiento de su implementaci\u00f3n est\u00e1 a cargo de la\u00a0Comisi\u00f3n Nacional Asesora para la Conservaci\u00f3n y Utilizaci\u00f3n Sostenible de la Diversidad Biol\u00f3gica (CONADIBIO), donde se generan herramientas para la implementaci\u00f3n de los objetivos de la ENB vinculados a IPBES y realizan un seguimiento de las actividades de la plataforma intergubernamental.<\/span><\/p>\n<p class=\"x_gmail-Standard\"><span lang=\"ES-AR\">\u00a0<\/span><\/p>\n<p class=\"x_gmail-Textbody\"><span lang=\"ES-AR\">\u00a0<\/span><\/p>\n<p class=\"x_MsoNormal\"><span lang=\"ES-AR\">\u00a0<\/span><\/p>\n<p>&nbsp;<\/p>\n<div><\/div>\n<p>Fuente:<\/p>\n<div class=\"x_gmail_signature\">\n<div dir=\"ltr\">\n<div>\n<div dir=\"ltr\">\n<div>\n<div dir=\"ltr\">\n<div dir=\"ltr\">\n<div dir=\"ltr\">\n<div dir=\"ltr\">\n<div dir=\"ltr\">\n<div dir=\"ltr\">\n<div>Departamento de Comunicaci\u00f3n<br \/>\nUniversidad Nacional de R\u00edo Negro &#8211; Sede Andina<\/div>\n<\/div>\n<\/div>\n<\/div>\n<\/div>\n<\/div>\n<\/div>\n<\/div>\n<\/div>\n<\/div>\n<\/div>\n<\/div>\n","protected":false},"excerpt":{"rendered":"<p>Bariloche.-El\u00a0Dr. Lucas Garibaldi,\u00a0director del\u00a0Instituto de Investigaciones en Recursos Naturales, Agroecolog\u00eda y Desarrollo Rural (IRNAD) de la Universidad Nacional de R\u00edo [&hellip;]<\/p>\n","protected":false},"author":2,"featured_media":52203,"comment_status":"open","ping_status":"open","sticky":false,"template":"","format":"standard","meta":{"site-sidebar-layout":"default","site-content-layout":"","ast-site-content-layout":"default","site-content-style":"default","site-sidebar-style":"default","ast-global-header-display":"","ast-banner-title-visibility":"","ast-main-header-display":"","ast-hfb-above-header-display":"","ast-hfb-below-header-display":"","ast-hfb-mobile-header-display":"","site-post-title":"","ast-breadcrumbs-content":"","ast-featured-img":"","footer-sml-layout":"","ast-disable-related-posts":"","theme-transparent-header-meta":"","adv-header-id-meta":"","stick-header-meta":"","header-above-stick-meta":"","header-main-stick-meta":"","header-below-stick-meta":"","astra-migrate-meta-layouts":"default","ast-page-background-enabled":"default","ast-page-background-meta":{"desktop":{"background-color":"var(--ast-global-color-5)","background-image":"","background-repeat":"repeat","background-position":"center center","background-size":"auto","background-attachment":"scroll","background-type":"","background-media":"","overlay-type":"","overlay-color":"","overlay-opacity":"","overlay-gradient":""},"tablet":{"background-color":"","background-image":"","background-repeat":"repeat","background-position":"center center","background-size":"auto","background-attachment":"scroll","background-type":"","background-media":"","overlay-type":"","overlay-color":"","overlay-opacity":"","overlay-gradient":""},"mobile":{"background-color":"","background-image":"","background-repeat":"repeat","background-position":"center center","background-size":"auto","background-attachment":"scroll","background-type":"","background-media":"","overlay-type":"","overlay-color":"","overlay-opacity":"","overlay-gradient":""}},"ast-content-background-meta":{"desktop":{"background-color":"var(--ast-global-color-4)","background-image":"","background-repeat":"repeat","background-position":"center center","background-size":"auto","background-attachment":"scroll","background-type":"","background-media":"","overlay-type":"","overlay-color":"","overlay-opacity":"","overlay-gradient":""},"tablet":{"background-color":"var(--ast-global-color-4)","background-image":"","background-repeat":"repeat","background-position":"center center","background-size":"auto","background-attachment":"scroll","background-type":"","background-media":"","overlay-type":"","overlay-color":"","overlay-opacity":"","overlay-gradient":""},"mobile":{"background-color":"var(--ast-global-color-4)","background-image":"","background-repeat":"repeat","background-position":"center center","background-size":"auto","background-attachment":"scroll","background-type":"","background-media":"","overlay-type":"","overlay-color":"","overlay-opacity":"","overlay-gradient":""}},"footnotes":""},"categories":[1,13,14],"tags":[],"class_list":["post-52202","post","type-post","status-publish","format-standard","has-post-thumbnail","hentry","category-noticias","category-provinciales","category-rio-negro"],"yoast_head":"<!-- This site is optimized with the Yoast SEO Premium plugin v23.0 (Yoast SEO v27.5) - https:\/\/yoast.com\/product\/yoast-seo-premium-wordpress\/ -->\n<title>Docente investigador de la UNRN coordina secci\u00f3n en IPBES<\/title>\n<meta name=\"robots\" content=\"index, follow, max-snippet:-1, max-image-preview:large, max-video-preview:-1\" \/>\n<link rel=\"canonical\" href=\"https:\/\/patagoniambiental.com.ar\/info\/docente-investigador-de-la-unrn-coordina-seccion-en-ipbes\/\" \/>\n<meta property=\"og:locale\" content=\"es_ES\" \/>\n<meta property=\"og:type\" content=\"article\" \/>\n<meta property=\"og:title\" content=\"Docente investigador de la UNRN coordina secci\u00f3n en IPBES\" \/>\n<meta property=\"og:description\" content=\"Bariloche.-El\u00a0Dr. Lucas Garibaldi,\u00a0director del\u00a0Instituto de Investigaciones en Recursos Naturales, Agroecolog\u00eda y Desarrollo Rural (IRNAD) de la Universidad Nacional de R\u00edo [&hellip;]\" \/>\n<meta property=\"og:url\" content=\"https:\/\/patagoniambiental.com.ar\/info\/docente-investigador-de-la-unrn-coordina-seccion-en-ipbes\/\" \/>\n<meta property=\"og:site_name\" content=\"Patagonia Ambiental\" \/>\n<meta property=\"article:publisher\" content=\"https:\/\/www.facebook.com\/patagonia.ambiental\" \/>\n<meta property=\"article:author\" content=\"https:\/\/www.facebook.com\/share\/1C1V8Gv9BX\/?mibextid=qi2Omg\" \/>\n<meta property=\"article:published_time\" content=\"2018-09-04T22:00:20+00:00\" \/>\n<meta property=\"og:image\" content=\"https:\/\/patagoniambiental.com.ar\/info\/wp-content\/uploads\/2018\/09\/IPBES.jpg\" \/>\n\t<meta property=\"og:image:width\" content=\"960\" \/>\n\t<meta property=\"og:image:height\" content=\"393\" \/>\n\t<meta property=\"og:image:type\" content=\"image\/jpeg\" \/>\n<meta name=\"author\" content=\"Patagonia Ambiental\" \/>\n<meta name=\"twitter:card\" content=\"summary_large_image\" \/>\n<meta name=\"twitter:creator\" content=\"@PatAmb\" \/>\n<meta name=\"twitter:site\" content=\"@PatAmb\" \/>\n<script type=\"application\/ld+json\" class=\"yoast-schema-graph\">{\"@context\":\"https:\\\/\\\/schema.org\",\"@graph\":[{\"@type\":\"Article\",\"@id\":\"https:\\\/\\\/patagoniambiental.com.ar\\\/info\\\/docente-investigador-de-la-unrn-coordina-seccion-en-ipbes\\\/#article\",\"isPartOf\":{\"@id\":\"https:\\\/\\\/patagoniambiental.com.ar\\\/info\\\/docente-investigador-de-la-unrn-coordina-seccion-en-ipbes\\\/\"},\"author\":{\"name\":\"Patagonia Ambiental\",\"@id\":\"https:\\\/\\\/patagoniambiental.com.ar\\\/info\\\/#\\\/schema\\\/person\\\/db12bff64bbcbf6a253710bf0ea37b5d\"},\"headline\":\"Docente investigador de la UNRN coordina secci\u00f3n en IPBES\",\"datePublished\":\"2018-09-04T22:00:20+00:00\",\"mainEntityOfPage\":{\"@id\":\"https:\\\/\\\/patagoniambiental.com.ar\\\/info\\\/docente-investigador-de-la-unrn-coordina-seccion-en-ipbes\\\/\"},\"wordCount\":442,\"commentCount\":0,\"publisher\":{\"@id\":\"https:\\\/\\\/patagoniambiental.com.ar\\\/info\\\/#organization\"},\"image\":{\"@id\":\"https:\\\/\\\/patagoniambiental.com.ar\\\/info\\\/docente-investigador-de-la-unrn-coordina-seccion-en-ipbes\\\/#primaryimage\"},\"thumbnailUrl\":\"https:\\\/\\\/patagoniambiental.com.ar\\\/info\\\/wp-content\\\/uploads\\\/2018\\\/09\\\/IPBES.jpg\",\"articleSection\":[\"Noticias\",\"Provinciales\",\"R\u00edo Negro\"],\"inLanguage\":\"es\",\"potentialAction\":[{\"@type\":\"CommentAction\",\"name\":\"Comment\",\"target\":[\"https:\\\/\\\/patagoniambiental.com.ar\\\/info\\\/docente-investigador-de-la-unrn-coordina-seccion-en-ipbes\\\/#respond\"]}]},{\"@type\":\"WebPage\",\"@id\":\"https:\\\/\\\/patagoniambiental.com.ar\\\/info\\\/docente-investigador-de-la-unrn-coordina-seccion-en-ipbes\\\/\",\"url\":\"https:\\\/\\\/patagoniambiental.com.ar\\\/info\\\/docente-investigador-de-la-unrn-coordina-seccion-en-ipbes\\\/\",\"name\":\"Docente investigador de la UNRN coordina secci\u00f3n en IPBES\",\"isPartOf\":{\"@id\":\"https:\\\/\\\/patagoniambiental.com.ar\\\/info\\\/#website\"},\"primaryImageOfPage\":{\"@id\":\"https:\\\/\\\/patagoniambiental.com.ar\\\/info\\\/docente-investigador-de-la-unrn-coordina-seccion-en-ipbes\\\/#primaryimage\"},\"image\":{\"@id\":\"https:\\\/\\\/patagoniambiental.com.ar\\\/info\\\/docente-investigador-de-la-unrn-coordina-seccion-en-ipbes\\\/#primaryimage\"},\"thumbnailUrl\":\"https:\\\/\\\/patagoniambiental.com.ar\\\/info\\\/wp-content\\\/uploads\\\/2018\\\/09\\\/IPBES.jpg\",\"datePublished\":\"2018-09-04T22:00:20+00:00\",\"breadcrumb\":{\"@id\":\"https:\\\/\\\/patagoniambiental.com.ar\\\/info\\\/docente-investigador-de-la-unrn-coordina-seccion-en-ipbes\\\/#breadcrumb\"},\"inLanguage\":\"es\",\"potentialAction\":[{\"@type\":\"ReadAction\",\"target\":[\"https:\\\/\\\/patagoniambiental.com.ar\\\/info\\\/docente-investigador-de-la-unrn-coordina-seccion-en-ipbes\\\/\"]}]},{\"@type\":\"ImageObject\",\"inLanguage\":\"es\",\"@id\":\"https:\\\/\\\/patagoniambiental.com.ar\\\/info\\\/docente-investigador-de-la-unrn-coordina-seccion-en-ipbes\\\/#primaryimage\",\"url\":\"https:\\\/\\\/patagoniambiental.com.ar\\\/info\\\/wp-content\\\/uploads\\\/2018\\\/09\\\/IPBES.jpg\",\"contentUrl\":\"https:\\\/\\\/patagoniambiental.com.ar\\\/info\\\/wp-content\\\/uploads\\\/2018\\\/09\\\/IPBES.jpg\",\"width\":960,\"height\":393},{\"@type\":\"BreadcrumbList\",\"@id\":\"https:\\\/\\\/patagoniambiental.com.ar\\\/info\\\/docente-investigador-de-la-unrn-coordina-seccion-en-ipbes\\\/#breadcrumb\",\"itemListElement\":[{\"@type\":\"ListItem\",\"position\":1,\"name\":\"Inicio\",\"item\":\"https:\\\/\\\/patagoniambiental.com.ar\\\/info\\\/\"},{\"@type\":\"ListItem\",\"position\":2,\"name\":\"Docente investigador de la UNRN coordina secci\u00f3n en IPBES\"}]},{\"@type\":\"WebSite\",\"@id\":\"https:\\\/\\\/patagoniambiental.com.ar\\\/info\\\/#website\",\"url\":\"https:\\\/\\\/patagoniambiental.com.ar\\\/info\\\/\",\"name\":\"Patagonia Ambiental\",\"description\":\"Monitoreo y an\u00e1lisis de la situaci\u00f3n geopol\u00edtica en el mundo y su implicancia en la Patagonia\",\"publisher\":{\"@id\":\"https:\\\/\\\/patagoniambiental.com.ar\\\/info\\\/#organization\"},\"potentialAction\":[{\"@type\":\"SearchAction\",\"target\":{\"@type\":\"EntryPoint\",\"urlTemplate\":\"https:\\\/\\\/patagoniambiental.com.ar\\\/info\\\/?s={search_term_string}\"},\"query-input\":{\"@type\":\"PropertyValueSpecification\",\"valueRequired\":true,\"valueName\":\"search_term_string\"}}],\"inLanguage\":\"es\"},{\"@type\":\"Organization\",\"@id\":\"https:\\\/\\\/patagoniambiental.com.ar\\\/info\\\/#organization\",\"name\":\"Patagonia Ambiental\",\"url\":\"https:\\\/\\\/patagoniambiental.com.ar\\\/info\\\/\",\"logo\":{\"@type\":\"ImageObject\",\"inLanguage\":\"es\",\"@id\":\"https:\\\/\\\/patagoniambiental.com.ar\\\/info\\\/#\\\/schema\\\/logo\\\/image\\\/\",\"url\":\"https:\\\/\\\/patagoniambiental.com.ar\\\/info\\\/wp-content\\\/uploads\\\/2025\\\/05\\\/LOGO-PATAGONIA-AMBIENTAL.png\",\"contentUrl\":\"https:\\\/\\\/patagoniambiental.com.ar\\\/info\\\/wp-content\\\/uploads\\\/2025\\\/05\\\/LOGO-PATAGONIA-AMBIENTAL.png\",\"width\":433,\"height\":250,\"caption\":\"Patagonia Ambiental\"},\"image\":{\"@id\":\"https:\\\/\\\/patagoniambiental.com.ar\\\/info\\\/#\\\/schema\\\/logo\\\/image\\\/\"},\"sameAs\":[\"https:\\\/\\\/www.facebook.com\\\/patagonia.ambiental\",\"https:\\\/\\\/x.com\\\/PatAmb\"]},{\"@type\":\"Person\",\"@id\":\"https:\\\/\\\/patagoniambiental.com.ar\\\/info\\\/#\\\/schema\\\/person\\\/db12bff64bbcbf6a253710bf0ea37b5d\",\"name\":\"Patagonia Ambiental\",\"description\":\"Andr\u00e9s Nievas T\u00e9cnico en manejo ambiental, consultor Ambiental y escritor para medios locales e internacionales sobre temas de geopolitica y medio ambiente.\",\"sameAs\":[\"http:\\\/\\\/www.patagoniambiental.com.ar\",\"https:\\\/\\\/www.facebook.com\\\/share\\\/1C1V8Gv9BX\\\/?mibextid=qi2Omg\",\"@patagoniambiental\",\"https:\\\/\\\/youtube.com\\\/@patagoniaambiental2023?si=BLt58t0wuXquxlYZ\"]}]}<\/script>\n<!-- \/ Yoast SEO Premium plugin. -->","yoast_head_json":{"title":"Docente investigador de la UNRN coordina secci\u00f3n en IPBES","robots":{"index":"index","follow":"follow","max-snippet":"max-snippet:-1","max-image-preview":"max-image-preview:large","max-video-preview":"max-video-preview:-1"},"canonical":"https:\/\/patagoniambiental.com.ar\/info\/docente-investigador-de-la-unrn-coordina-seccion-en-ipbes\/","og_locale":"es_ES","og_type":"article","og_title":"Docente investigador de la UNRN coordina secci\u00f3n en IPBES","og_description":"Bariloche.-El\u00a0Dr. Lucas Garibaldi,\u00a0director del\u00a0Instituto de Investigaciones en Recursos Naturales, Agroecolog\u00eda y Desarrollo Rural (IRNAD) de la Universidad Nacional de R\u00edo [&hellip;]","og_url":"https:\/\/patagoniambiental.com.ar\/info\/docente-investigador-de-la-unrn-coordina-seccion-en-ipbes\/","og_site_name":"Patagonia Ambiental","article_publisher":"https:\/\/www.facebook.com\/patagonia.ambiental","article_author":"https:\/\/www.facebook.com\/share\/1C1V8Gv9BX\/?mibextid=qi2Omg","article_published_time":"2018-09-04T22:00:20+00:00","og_image":[{"width":960,"height":393,"url":"https:\/\/patagoniambiental.com.ar\/info\/wp-content\/uploads\/2018\/09\/IPBES.jpg","type":"image\/jpeg"}],"author":"Patagonia Ambiental","twitter_card":"summary_large_image","twitter_creator":"@PatAmb","twitter_site":"@PatAmb","schema":{"@context":"https:\/\/schema.org","@graph":[{"@type":"Article","@id":"https:\/\/patagoniambiental.com.ar\/info\/docente-investigador-de-la-unrn-coordina-seccion-en-ipbes\/#article","isPartOf":{"@id":"https:\/\/patagoniambiental.com.ar\/info\/docente-investigador-de-la-unrn-coordina-seccion-en-ipbes\/"},"author":{"name":"Patagonia Ambiental","@id":"https:\/\/patagoniambiental.com.ar\/info\/#\/schema\/person\/db12bff64bbcbf6a253710bf0ea37b5d"},"headline":"Docente investigador de la UNRN coordina secci\u00f3n en IPBES","datePublished":"2018-09-04T22:00:20+00:00","mainEntityOfPage":{"@id":"https:\/\/patagoniambiental.com.ar\/info\/docente-investigador-de-la-unrn-coordina-seccion-en-ipbes\/"},"wordCount":442,"commentCount":0,"publisher":{"@id":"https:\/\/patagoniambiental.com.ar\/info\/#organization"},"image":{"@id":"https:\/\/patagoniambiental.com.ar\/info\/docente-investigador-de-la-unrn-coordina-seccion-en-ipbes\/#primaryimage"},"thumbnailUrl":"https:\/\/patagoniambiental.com.ar\/info\/wp-content\/uploads\/2018\/09\/IPBES.jpg","articleSection":["Noticias","Provinciales","R\u00edo Negro"],"inLanguage":"es","potentialAction":[{"@type":"CommentAction","name":"Comment","target":["https:\/\/patagoniambiental.com.ar\/info\/docente-investigador-de-la-unrn-coordina-seccion-en-ipbes\/#respond"]}]},{"@type":"WebPage","@id":"https:\/\/patagoniambiental.com.ar\/info\/docente-investigador-de-la-unrn-coordina-seccion-en-ipbes\/","url":"https:\/\/patagoniambiental.com.ar\/info\/docente-investigador-de-la-unrn-coordina-seccion-en-ipbes\/","name":"Docente investigador de la UNRN coordina secci\u00f3n en IPBES","isPartOf":{"@id":"https:\/\/patagoniambiental.com.ar\/info\/#website"},"primaryImageOfPage":{"@id":"https:\/\/patagoniambiental.com.ar\/info\/docente-investigador-de-la-unrn-coordina-seccion-en-ipbes\/#primaryimage"},"image":{"@id":"https:\/\/patagoniambiental.com.ar\/info\/docente-investigador-de-la-unrn-coordina-seccion-en-ipbes\/#primaryimage"},"thumbnailUrl":"https:\/\/patagoniambiental.com.ar\/info\/wp-content\/uploads\/2018\/09\/IPBES.jpg","datePublished":"2018-09-04T22:00:20+00:00","breadcrumb":{"@id":"https:\/\/patagoniambiental.com.ar\/info\/docente-investigador-de-la-unrn-coordina-seccion-en-ipbes\/#breadcrumb"},"inLanguage":"es","potentialAction":[{"@type":"ReadAction","target":["https:\/\/patagoniambiental.com.ar\/info\/docente-investigador-de-la-unrn-coordina-seccion-en-ipbes\/"]}]},{"@type":"ImageObject","inLanguage":"es","@id":"https:\/\/patagoniambiental.com.ar\/info\/docente-investigador-de-la-unrn-coordina-seccion-en-ipbes\/#primaryimage","url":"https:\/\/patagoniambiental.com.ar\/info\/wp-content\/uploads\/2018\/09\/IPBES.jpg","contentUrl":"https:\/\/patagoniambiental.com.ar\/info\/wp-content\/uploads\/2018\/09\/IPBES.jpg","width":960,"height":393},{"@type":"BreadcrumbList","@id":"https:\/\/patagoniambiental.com.ar\/info\/docente-investigador-de-la-unrn-coordina-seccion-en-ipbes\/#breadcrumb","itemListElement":[{"@type":"ListItem","position":1,"name":"Inicio","item":"https:\/\/patagoniambiental.com.ar\/info\/"},{"@type":"ListItem","position":2,"name":"Docente investigador de la UNRN coordina secci\u00f3n en IPBES"}]},{"@type":"WebSite","@id":"https:\/\/patagoniambiental.com.ar\/info\/#website","url":"https:\/\/patagoniambiental.com.ar\/info\/","name":"Patagonia Ambiental","description":"Monitoreo y an\u00e1lisis de la situaci\u00f3n geopol\u00edtica en el mundo y su implicancia en la Patagonia","publisher":{"@id":"https:\/\/patagoniambiental.com.ar\/info\/#organization"},"potentialAction":[{"@type":"SearchAction","target":{"@type":"EntryPoint","urlTemplate":"https:\/\/patagoniambiental.com.ar\/info\/?s={search_term_string}"},"query-input":{"@type":"PropertyValueSpecification","valueRequired":true,"valueName":"search_term_string"}}],"inLanguage":"es"},{"@type":"Organization","@id":"https:\/\/patagoniambiental.com.ar\/info\/#organization","name":"Patagonia Ambiental","url":"https:\/\/patagoniambiental.com.ar\/info\/","logo":{"@type":"ImageObject","inLanguage":"es","@id":"https:\/\/patagoniambiental.com.ar\/info\/#\/schema\/logo\/image\/","url":"https:\/\/patagoniambiental.com.ar\/info\/wp-content\/uploads\/2025\/05\/LOGO-PATAGONIA-AMBIENTAL.png","contentUrl":"https:\/\/patagoniambiental.com.ar\/info\/wp-content\/uploads\/2025\/05\/LOGO-PATAGONIA-AMBIENTAL.png","width":433,"height":250,"caption":"Patagonia Ambiental"},"image":{"@id":"https:\/\/patagoniambiental.com.ar\/info\/#\/schema\/logo\/image\/"},"sameAs":["https:\/\/www.facebook.com\/patagonia.ambiental","https:\/\/x.com\/PatAmb"]},{"@type":"Person","@id":"https:\/\/patagoniambiental.com.ar\/info\/#\/schema\/person\/db12bff64bbcbf6a253710bf0ea37b5d","name":"Patagonia Ambiental","description":"Andr\u00e9s Nievas T\u00e9cnico en manejo ambiental, consultor Ambiental y escritor para medios locales e internacionales sobre temas de geopolitica y medio ambiente.","sameAs":["http:\/\/www.patagoniambiental.com.ar","https:\/\/www.facebook.com\/share\/1C1V8Gv9BX\/?mibextid=qi2Omg","@patagoniambiental","https:\/\/youtube.com\/@patagoniaambiental2023?si=BLt58t0wuXquxlYZ"]}]}},"_links":{"self":[{"href":"https:\/\/patagoniambiental.com.ar\/info\/wp-json\/wp\/v2\/posts\/52202","targetHints":{"allow":["GET"]}}],"collection":[{"href":"https:\/\/patagoniambiental.com.ar\/info\/wp-json\/wp\/v2\/posts"}],"about":[{"href":"https:\/\/patagoniambiental.com.ar\/info\/wp-json\/wp\/v2\/types\/post"}],"author":[{"embeddable":true,"href":"https:\/\/patagoniambiental.com.ar\/info\/wp-json\/wp\/v2\/users\/2"}],"replies":[{"embeddable":true,"href":"https:\/\/patagoniambiental.com.ar\/info\/wp-json\/wp\/v2\/comments?post=52202"}],"version-history":[{"count":0,"href":"https:\/\/patagoniambiental.com.ar\/info\/wp-json\/wp\/v2\/posts\/52202\/revisions"}],"wp:featuredmedia":[{"embeddable":true,"href":"https:\/\/patagoniambiental.com.ar\/info\/wp-json\/wp\/v2\/media\/52203"}],"wp:attachment":[{"href":"https:\/\/patagoniambiental.com.ar\/info\/wp-json\/wp\/v2\/media?parent=52202"}],"wp:term":[{"taxonomy":"category","embeddable":true,"href":"https:\/\/patagoniambiental.com.ar\/info\/wp-json\/wp\/v2\/categories?post=52202"},{"taxonomy":"post_tag","embeddable":true,"href":"https:\/\/patagoniambiental.com.ar\/info\/wp-json\/wp\/v2\/tags?post=52202"}],"curies":[{"name":"wp","href":"https:\/\/api.w.org\/{rel}","templated":true}]}}