{"id":52575,"date":"2018-09-11T09:00:15","date_gmt":"2018-09-11T12:00:15","guid":{"rendered":"http:\/\/patagoniambiental.com.ar\/info\/?p=52575"},"modified":"2018-09-10T18:03:49","modified_gmt":"2018-09-10T21:03:49","slug":"chile-fundacion-reforestemos-firmo-alianza-con-el-mim-para-trabajar-por-la-educacion-medioambiental","status":"publish","type":"post","link":"https:\/\/patagoniambiental.com.ar\/info\/chile-fundacion-reforestemos-firmo-alianza-con-el-mim-para-trabajar-por-la-educacion-medioambiental\/","title":{"rendered":"Chile: Fundaci\u00f3n Reforestemos firm\u00f3 alianza con el MIM para trabajar por la educaci\u00f3n medioambiental"},"content":{"rendered":"<div class=\"\">\n<p>Con el fin de potenciar una mirada integral, que promueva el cuidado de los recursos naturales y el medio ambiente a trav\u00e9s de la\u00a0 educaci\u00f3n y la cultura, Fundaci\u00f3n Reforestemos firm\u00f3 una alianza con el Museo Interactivo Mirador (MIM), para aunar sus conocimientos y trabajar por el cuidado del medio ambiente.<\/p>\n<p>\u201cEstamos muy orgullosos de habernos unido con una instituci\u00f3n tan importante como lo es el MIM, \u00edcono de los espacios educativos integrados de nuestro pa\u00eds y una excelente plataforma para difundir la importancia y valor que tienen nuestros recursos naturales y\u00a0 \u00e1rboles nativos, no solo porque sin ellos se produce una degradaci\u00f3n ambiental, sino tambi\u00e9n por los efectos que tiene la deforestaci\u00f3n sobre la sociedad. La restauraci\u00f3n de la naturaleza restaura tambi\u00e9n a la sociedad\u201d, se\u00f1al\u00f3 Suzanne Wylie, directora ejecutiva de Fundaci\u00f3n Reforestemos.<\/p>\n<p>\u201cAdem\u00e1s, celebramos que empresas como DHL tambi\u00e9n quieran ser parte de estas iniciativas, ya que as\u00ed la integraci\u00f3n y trabajo por el medioambiente, se lleva a cabo desde todos los \u00e1mbitos de la sociedad\u201d, agreg\u00f3 Wylie.<\/p>\n<p>Esta alianza se firm\u00f3 en las dependencias del MIM, donde se realiz\u00f3 una primera actividad de reforestaci\u00f3n junto a m\u00e1s de cincuenta colaboradores de la empresa DHL y sus familias, quienes se reunieron para plantar 180 especies nativas en los jardines del museo y as\u00ed dar inicio a esta nueva alianza.<\/p>\n<p>\u201cCon esta alianza buscamos seguir transform\u00e1ndonos en un pulm\u00f3n verde para Santiago, con un parque de 12 hect\u00e1reas que ya posee una gran diversidad de especies, muchas de ellas nativas, y que desde hoy se ver\u00e1 potenciado con esta arborizaci\u00f3n. Adem\u00e1s, con esta iniciativa nos hacemos parte del compromiso del Gobierno con el cuidado del medioambiente y el desarrollo sustentable\u201d, indic\u00f3 Juan Esteban Casassas, director subrogante del MIM.<\/p>\n<p>En julio pasado, dentro de este mismo lineamiento, Fundaci\u00f3n Reforestemos firm\u00f3 una alianza con Desaf\u00edo Levantemos Chile para potenciar el conocimiento que ambas fundaciones tienen sobre reconstrucci\u00f3n y reforestaci\u00f3n en zonas da\u00f1adas por cat\u00e1strofes naturales, y velar as\u00ed por una restauraci\u00f3n social integrada.<\/p>\n<\/div>\n<section class=\"widget widget-tags box-widget-content\">\n<header class=\"widget-header\">\n<p class=\"widget-title\"><i class=\"icon icon-tag\"><\/i>Fuente:\u00a0http:\/\/www.lignum.cl\/2018\/09\/06\/fundacion-reforestemos-firmo-alianza-mim-trabajar-la-educacion-medioambiental\/<\/p>\n<\/header>\n<\/section>\n","protected":false},"excerpt":{"rendered":"<p>Con el fin de potenciar una mirada integral, que promueva el cuidado de los recursos naturales y el medio ambiente [&hellip;]<\/p>\n","protected":false},"author":2,"featured_media":52576,"comment_status":"open","ping_status":"open","sticky":false,"template":"","format":"standard","meta":{"site-sidebar-layout":"default","site-content-layout":"","ast-site-content-layout":"default","site-content-style":"default","site-sidebar-style":"default","ast-global-header-display":"","ast-banner-title-visibility":"","ast-main-header-display":"","ast-hfb-above-header-display":"","ast-hfb-below-header-display":"","ast-hfb-mobile-header-display":"","site-post-title":"","ast-breadcrumbs-content":"","ast-featured-img":"","footer-sml-layout":"","ast-disable-related-posts":"","theme-transparent-header-meta":"","adv-header-id-meta":"","stick-header-meta":"","header-above-stick-meta":"","header-main-stick-meta":"","header-below-stick-meta":"","astra-migrate-meta-layouts":"default","ast-page-background-enabled":"default","ast-page-background-meta":{"desktop":{"background-color":"var(--ast-global-color-5)","background-image":"","background-repeat":"repeat","background-position":"center center","background-size":"auto","background-attachment":"scroll","background-type":"","background-media":"","overlay-type":"","overlay-color":"","overlay-opacity":"","overlay-gradient":""},"tablet":{"background-color":"","background-image":"","background-repeat":"repeat","background-position":"center center","background-size":"auto","background-attachment":"scroll","background-type":"","background-media":"","overlay-type":"","overlay-color":"","overlay-opacity":"","overlay-gradient":""},"mobile":{"background-color":"","background-image":"","background-repeat":"repeat","background-position":"center center","background-size":"auto","background-attachment":"scroll","background-type":"","background-media":"","overlay-type":"","overlay-color":"","overlay-opacity":"","overlay-gradient":""}},"ast-content-background-meta":{"desktop":{"background-color":"var(--ast-global-color-4)","background-image":"","background-repeat":"repeat","background-position":"center center","background-size":"auto","background-attachment":"scroll","background-type":"","background-media":"","overlay-type":"","overlay-color":"","overlay-opacity":"","overlay-gradient":""},"tablet":{"background-color":"var(--ast-global-color-4)","background-image":"","background-repeat":"repeat","background-position":"center center","background-size":"auto","background-attachment":"scroll","background-type":"","background-media":"","overlay-type":"","overlay-color":"","overlay-opacity":"","overlay-gradient":""},"mobile":{"background-color":"var(--ast-global-color-4)","background-image":"","background-repeat":"repeat","background-position":"center center","background-size":"auto","background-attachment":"scroll","background-type":"","background-media":"","overlay-type":"","overlay-color":"","overlay-opacity":"","overlay-gradient":""}},"footnotes":""},"categories":[23,1],"tags":[],"class_list":["post-52575","post","type-post","status-publish","format-standard","has-post-thumbnail","hentry","category-internacionales","category-noticias"],"yoast_head":"<!-- This site is optimized with the Yoast SEO Premium plugin v23.0 (Yoast SEO v27.5) - https:\/\/yoast.com\/product\/yoast-seo-premium-wordpress\/ -->\n<title>Chile: Fundaci\u00f3n Reforestemos firm\u00f3 alianza con el MIM para trabajar por la educaci\u00f3n medioambiental<\/title>\n<meta name=\"robots\" content=\"index, follow, max-snippet:-1, max-image-preview:large, max-video-preview:-1\" \/>\n<link rel=\"canonical\" href=\"https:\/\/patagoniambiental.com.ar\/info\/chile-fundacion-reforestemos-firmo-alianza-con-el-mim-para-trabajar-por-la-educacion-medioambiental\/\" \/>\n<meta property=\"og:locale\" content=\"es_ES\" \/>\n<meta property=\"og:type\" content=\"article\" \/>\n<meta property=\"og:title\" content=\"Chile: Fundaci\u00f3n Reforestemos firm\u00f3 alianza con el MIM para trabajar por la educaci\u00f3n medioambiental\" \/>\n<meta property=\"og:description\" content=\"Con el fin de potenciar una mirada integral, que promueva el cuidado de los recursos naturales y el medio ambiente [&hellip;]\" \/>\n<meta property=\"og:url\" content=\"https:\/\/patagoniambiental.com.ar\/info\/chile-fundacion-reforestemos-firmo-alianza-con-el-mim-para-trabajar-por-la-educacion-medioambiental\/\" \/>\n<meta property=\"og:site_name\" content=\"Patagonia Ambiental\" \/>\n<meta property=\"article:publisher\" content=\"https:\/\/www.facebook.com\/patagonia.ambiental\" \/>\n<meta property=\"article:author\" content=\"https:\/\/www.facebook.com\/share\/1C1V8Gv9BX\/?mibextid=qi2Omg\" \/>\n<meta property=\"article:published_time\" content=\"2018-09-11T12:00:15+00:00\" \/>\n<meta property=\"og:image\" content=\"https:\/\/patagoniambiental.com.ar\/info\/wp-content\/uploads\/2018\/09\/reforestar2.jpg\" \/>\n\t<meta property=\"og:image:width\" content=\"540\" \/>\n\t<meta property=\"og:image:height\" content=\"350\" \/>\n\t<meta property=\"og:image:type\" content=\"image\/jpeg\" \/>\n<meta name=\"author\" content=\"Patagonia Ambiental\" \/>\n<meta name=\"twitter:card\" content=\"summary_large_image\" \/>\n<meta name=\"twitter:creator\" content=\"@PatAmb\" \/>\n<meta name=\"twitter:site\" content=\"@PatAmb\" \/>\n<script type=\"application\/ld+json\" class=\"yoast-schema-graph\">{\"@context\":\"https:\\\/\\\/schema.org\",\"@graph\":[{\"@type\":\"Article\",\"@id\":\"https:\\\/\\\/patagoniambiental.com.ar\\\/info\\\/chile-fundacion-reforestemos-firmo-alianza-con-el-mim-para-trabajar-por-la-educacion-medioambiental\\\/#article\",\"isPartOf\":{\"@id\":\"https:\\\/\\\/patagoniambiental.com.ar\\\/info\\\/chile-fundacion-reforestemos-firmo-alianza-con-el-mim-para-trabajar-por-la-educacion-medioambiental\\\/\"},\"author\":{\"name\":\"Patagonia Ambiental\",\"@id\":\"https:\\\/\\\/patagoniambiental.com.ar\\\/info\\\/#\\\/schema\\\/person\\\/db12bff64bbcbf6a253710bf0ea37b5d\"},\"headline\":\"Chile: Fundaci\u00f3n Reforestemos firm\u00f3 alianza con el MIM para trabajar por la educaci\u00f3n medioambiental\",\"datePublished\":\"2018-09-11T12:00:15+00:00\",\"mainEntityOfPage\":{\"@id\":\"https:\\\/\\\/patagoniambiental.com.ar\\\/info\\\/chile-fundacion-reforestemos-firmo-alianza-con-el-mim-para-trabajar-por-la-educacion-medioambiental\\\/\"},\"wordCount\":381,\"commentCount\":0,\"publisher\":{\"@id\":\"https:\\\/\\\/patagoniambiental.com.ar\\\/info\\\/#organization\"},\"image\":{\"@id\":\"https:\\\/\\\/patagoniambiental.com.ar\\\/info\\\/chile-fundacion-reforestemos-firmo-alianza-con-el-mim-para-trabajar-por-la-educacion-medioambiental\\\/#primaryimage\"},\"thumbnailUrl\":\"https:\\\/\\\/patagoniambiental.com.ar\\\/info\\\/wp-content\\\/uploads\\\/2018\\\/09\\\/reforestar2.jpg\",\"articleSection\":[\"Internacionales\",\"Noticias\"],\"inLanguage\":\"es\",\"potentialAction\":[{\"@type\":\"CommentAction\",\"name\":\"Comment\",\"target\":[\"https:\\\/\\\/patagoniambiental.com.ar\\\/info\\\/chile-fundacion-reforestemos-firmo-alianza-con-el-mim-para-trabajar-por-la-educacion-medioambiental\\\/#respond\"]}]},{\"@type\":\"WebPage\",\"@id\":\"https:\\\/\\\/patagoniambiental.com.ar\\\/info\\\/chile-fundacion-reforestemos-firmo-alianza-con-el-mim-para-trabajar-por-la-educacion-medioambiental\\\/\",\"url\":\"https:\\\/\\\/patagoniambiental.com.ar\\\/info\\\/chile-fundacion-reforestemos-firmo-alianza-con-el-mim-para-trabajar-por-la-educacion-medioambiental\\\/\",\"name\":\"Chile: Fundaci\u00f3n Reforestemos firm\u00f3 alianza con el MIM para trabajar por la educaci\u00f3n medioambiental\",\"isPartOf\":{\"@id\":\"https:\\\/\\\/patagoniambiental.com.ar\\\/info\\\/#website\"},\"primaryImageOfPage\":{\"@id\":\"https:\\\/\\\/patagoniambiental.com.ar\\\/info\\\/chile-fundacion-reforestemos-firmo-alianza-con-el-mim-para-trabajar-por-la-educacion-medioambiental\\\/#primaryimage\"},\"image\":{\"@id\":\"https:\\\/\\\/patagoniambiental.com.ar\\\/info\\\/chile-fundacion-reforestemos-firmo-alianza-con-el-mim-para-trabajar-por-la-educacion-medioambiental\\\/#primaryimage\"},\"thumbnailUrl\":\"https:\\\/\\\/patagoniambiental.com.ar\\\/info\\\/wp-content\\\/uploads\\\/2018\\\/09\\\/reforestar2.jpg\",\"datePublished\":\"2018-09-11T12:00:15+00:00\",\"breadcrumb\":{\"@id\":\"https:\\\/\\\/patagoniambiental.com.ar\\\/info\\\/chile-fundacion-reforestemos-firmo-alianza-con-el-mim-para-trabajar-por-la-educacion-medioambiental\\\/#breadcrumb\"},\"inLanguage\":\"es\",\"potentialAction\":[{\"@type\":\"ReadAction\",\"target\":[\"https:\\\/\\\/patagoniambiental.com.ar\\\/info\\\/chile-fundacion-reforestemos-firmo-alianza-con-el-mim-para-trabajar-por-la-educacion-medioambiental\\\/\"]}]},{\"@type\":\"ImageObject\",\"inLanguage\":\"es\",\"@id\":\"https:\\\/\\\/patagoniambiental.com.ar\\\/info\\\/chile-fundacion-reforestemos-firmo-alianza-con-el-mim-para-trabajar-por-la-educacion-medioambiental\\\/#primaryimage\",\"url\":\"https:\\\/\\\/patagoniambiental.com.ar\\\/info\\\/wp-content\\\/uploads\\\/2018\\\/09\\\/reforestar2.jpg\",\"contentUrl\":\"https:\\\/\\\/patagoniambiental.com.ar\\\/info\\\/wp-content\\\/uploads\\\/2018\\\/09\\\/reforestar2.jpg\",\"width\":540,\"height\":350},{\"@type\":\"BreadcrumbList\",\"@id\":\"https:\\\/\\\/patagoniambiental.com.ar\\\/info\\\/chile-fundacion-reforestemos-firmo-alianza-con-el-mim-para-trabajar-por-la-educacion-medioambiental\\\/#breadcrumb\",\"itemListElement\":[{\"@type\":\"ListItem\",\"position\":1,\"name\":\"Inicio\",\"item\":\"https:\\\/\\\/patagoniambiental.com.ar\\\/info\\\/\"},{\"@type\":\"ListItem\",\"position\":2,\"name\":\"Chile: Fundaci\u00f3n Reforestemos firm\u00f3 alianza con el MIM para trabajar por la educaci\u00f3n medioambiental\"}]},{\"@type\":\"WebSite\",\"@id\":\"https:\\\/\\\/patagoniambiental.com.ar\\\/info\\\/#website\",\"url\":\"https:\\\/\\\/patagoniambiental.com.ar\\\/info\\\/\",\"name\":\"Patagonia Ambiental\",\"description\":\"Monitoreo y an\u00e1lisis de la situaci\u00f3n geopol\u00edtica en el mundo y su implicancia en la Patagonia\",\"publisher\":{\"@id\":\"https:\\\/\\\/patagoniambiental.com.ar\\\/info\\\/#organization\"},\"potentialAction\":[{\"@type\":\"SearchAction\",\"target\":{\"@type\":\"EntryPoint\",\"urlTemplate\":\"https:\\\/\\\/patagoniambiental.com.ar\\\/info\\\/?s={search_term_string}\"},\"query-input\":{\"@type\":\"PropertyValueSpecification\",\"valueRequired\":true,\"valueName\":\"search_term_string\"}}],\"inLanguage\":\"es\"},{\"@type\":\"Organization\",\"@id\":\"https:\\\/\\\/patagoniambiental.com.ar\\\/info\\\/#organization\",\"name\":\"Patagonia Ambiental\",\"url\":\"https:\\\/\\\/patagoniambiental.com.ar\\\/info\\\/\",\"logo\":{\"@type\":\"ImageObject\",\"inLanguage\":\"es\",\"@id\":\"https:\\\/\\\/patagoniambiental.com.ar\\\/info\\\/#\\\/schema\\\/logo\\\/image\\\/\",\"url\":\"https:\\\/\\\/patagoniambiental.com.ar\\\/info\\\/wp-content\\\/uploads\\\/2025\\\/05\\\/LOGO-PATAGONIA-AMBIENTAL.png\",\"contentUrl\":\"https:\\\/\\\/patagoniambiental.com.ar\\\/info\\\/wp-content\\\/uploads\\\/2025\\\/05\\\/LOGO-PATAGONIA-AMBIENTAL.png\",\"width\":433,\"height\":250,\"caption\":\"Patagonia Ambiental\"},\"image\":{\"@id\":\"https:\\\/\\\/patagoniambiental.com.ar\\\/info\\\/#\\\/schema\\\/logo\\\/image\\\/\"},\"sameAs\":[\"https:\\\/\\\/www.facebook.com\\\/patagonia.ambiental\",\"https:\\\/\\\/x.com\\\/PatAmb\"]},{\"@type\":\"Person\",\"@id\":\"https:\\\/\\\/patagoniambiental.com.ar\\\/info\\\/#\\\/schema\\\/person\\\/db12bff64bbcbf6a253710bf0ea37b5d\",\"name\":\"Patagonia Ambiental\",\"description\":\"Andr\u00e9s Nievas T\u00e9cnico en manejo ambiental, consultor Ambiental y escritor para medios locales e internacionales sobre temas de geopolitica y medio ambiente.\",\"sameAs\":[\"http:\\\/\\\/www.patagoniambiental.com.ar\",\"https:\\\/\\\/www.facebook.com\\\/share\\\/1C1V8Gv9BX\\\/?mibextid=qi2Omg\",\"@patagoniambiental\",\"https:\\\/\\\/youtube.com\\\/@patagoniaambiental2023?si=BLt58t0wuXquxlYZ\"]}]}<\/script>\n<!-- \/ Yoast SEO Premium plugin. -->","yoast_head_json":{"title":"Chile: Fundaci\u00f3n Reforestemos firm\u00f3 alianza con el MIM para trabajar por la educaci\u00f3n medioambiental","robots":{"index":"index","follow":"follow","max-snippet":"max-snippet:-1","max-image-preview":"max-image-preview:large","max-video-preview":"max-video-preview:-1"},"canonical":"https:\/\/patagoniambiental.com.ar\/info\/chile-fundacion-reforestemos-firmo-alianza-con-el-mim-para-trabajar-por-la-educacion-medioambiental\/","og_locale":"es_ES","og_type":"article","og_title":"Chile: Fundaci\u00f3n Reforestemos firm\u00f3 alianza con el MIM para trabajar por la educaci\u00f3n medioambiental","og_description":"Con el fin de potenciar una mirada integral, que promueva el cuidado de los recursos naturales y el medio ambiente [&hellip;]","og_url":"https:\/\/patagoniambiental.com.ar\/info\/chile-fundacion-reforestemos-firmo-alianza-con-el-mim-para-trabajar-por-la-educacion-medioambiental\/","og_site_name":"Patagonia Ambiental","article_publisher":"https:\/\/www.facebook.com\/patagonia.ambiental","article_author":"https:\/\/www.facebook.com\/share\/1C1V8Gv9BX\/?mibextid=qi2Omg","article_published_time":"2018-09-11T12:00:15+00:00","og_image":[{"width":540,"height":350,"url":"https:\/\/patagoniambiental.com.ar\/info\/wp-content\/uploads\/2018\/09\/reforestar2.jpg","type":"image\/jpeg"}],"author":"Patagonia Ambiental","twitter_card":"summary_large_image","twitter_creator":"@PatAmb","twitter_site":"@PatAmb","schema":{"@context":"https:\/\/schema.org","@graph":[{"@type":"Article","@id":"https:\/\/patagoniambiental.com.ar\/info\/chile-fundacion-reforestemos-firmo-alianza-con-el-mim-para-trabajar-por-la-educacion-medioambiental\/#article","isPartOf":{"@id":"https:\/\/patagoniambiental.com.ar\/info\/chile-fundacion-reforestemos-firmo-alianza-con-el-mim-para-trabajar-por-la-educacion-medioambiental\/"},"author":{"name":"Patagonia Ambiental","@id":"https:\/\/patagoniambiental.com.ar\/info\/#\/schema\/person\/db12bff64bbcbf6a253710bf0ea37b5d"},"headline":"Chile: Fundaci\u00f3n Reforestemos firm\u00f3 alianza con el MIM para trabajar por la educaci\u00f3n medioambiental","datePublished":"2018-09-11T12:00:15+00:00","mainEntityOfPage":{"@id":"https:\/\/patagoniambiental.com.ar\/info\/chile-fundacion-reforestemos-firmo-alianza-con-el-mim-para-trabajar-por-la-educacion-medioambiental\/"},"wordCount":381,"commentCount":0,"publisher":{"@id":"https:\/\/patagoniambiental.com.ar\/info\/#organization"},"image":{"@id":"https:\/\/patagoniambiental.com.ar\/info\/chile-fundacion-reforestemos-firmo-alianza-con-el-mim-para-trabajar-por-la-educacion-medioambiental\/#primaryimage"},"thumbnailUrl":"https:\/\/patagoniambiental.com.ar\/info\/wp-content\/uploads\/2018\/09\/reforestar2.jpg","articleSection":["Internacionales","Noticias"],"inLanguage":"es","potentialAction":[{"@type":"CommentAction","name":"Comment","target":["https:\/\/patagoniambiental.com.ar\/info\/chile-fundacion-reforestemos-firmo-alianza-con-el-mim-para-trabajar-por-la-educacion-medioambiental\/#respond"]}]},{"@type":"WebPage","@id":"https:\/\/patagoniambiental.com.ar\/info\/chile-fundacion-reforestemos-firmo-alianza-con-el-mim-para-trabajar-por-la-educacion-medioambiental\/","url":"https:\/\/patagoniambiental.com.ar\/info\/chile-fundacion-reforestemos-firmo-alianza-con-el-mim-para-trabajar-por-la-educacion-medioambiental\/","name":"Chile: Fundaci\u00f3n Reforestemos firm\u00f3 alianza con el MIM para trabajar por la educaci\u00f3n medioambiental","isPartOf":{"@id":"https:\/\/patagoniambiental.com.ar\/info\/#website"},"primaryImageOfPage":{"@id":"https:\/\/patagoniambiental.com.ar\/info\/chile-fundacion-reforestemos-firmo-alianza-con-el-mim-para-trabajar-por-la-educacion-medioambiental\/#primaryimage"},"image":{"@id":"https:\/\/patagoniambiental.com.ar\/info\/chile-fundacion-reforestemos-firmo-alianza-con-el-mim-para-trabajar-por-la-educacion-medioambiental\/#primaryimage"},"thumbnailUrl":"https:\/\/patagoniambiental.com.ar\/info\/wp-content\/uploads\/2018\/09\/reforestar2.jpg","datePublished":"2018-09-11T12:00:15+00:00","breadcrumb":{"@id":"https:\/\/patagoniambiental.com.ar\/info\/chile-fundacion-reforestemos-firmo-alianza-con-el-mim-para-trabajar-por-la-educacion-medioambiental\/#breadcrumb"},"inLanguage":"es","potentialAction":[{"@type":"ReadAction","target":["https:\/\/patagoniambiental.com.ar\/info\/chile-fundacion-reforestemos-firmo-alianza-con-el-mim-para-trabajar-por-la-educacion-medioambiental\/"]}]},{"@type":"ImageObject","inLanguage":"es","@id":"https:\/\/patagoniambiental.com.ar\/info\/chile-fundacion-reforestemos-firmo-alianza-con-el-mim-para-trabajar-por-la-educacion-medioambiental\/#primaryimage","url":"https:\/\/patagoniambiental.com.ar\/info\/wp-content\/uploads\/2018\/09\/reforestar2.jpg","contentUrl":"https:\/\/patagoniambiental.com.ar\/info\/wp-content\/uploads\/2018\/09\/reforestar2.jpg","width":540,"height":350},{"@type":"BreadcrumbList","@id":"https:\/\/patagoniambiental.com.ar\/info\/chile-fundacion-reforestemos-firmo-alianza-con-el-mim-para-trabajar-por-la-educacion-medioambiental\/#breadcrumb","itemListElement":[{"@type":"ListItem","position":1,"name":"Inicio","item":"https:\/\/patagoniambiental.com.ar\/info\/"},{"@type":"ListItem","position":2,"name":"Chile: Fundaci\u00f3n Reforestemos firm\u00f3 alianza con el MIM para trabajar por la educaci\u00f3n medioambiental"}]},{"@type":"WebSite","@id":"https:\/\/patagoniambiental.com.ar\/info\/#website","url":"https:\/\/patagoniambiental.com.ar\/info\/","name":"Patagonia Ambiental","description":"Monitoreo y an\u00e1lisis de la situaci\u00f3n geopol\u00edtica en el mundo y su implicancia en la Patagonia","publisher":{"@id":"https:\/\/patagoniambiental.com.ar\/info\/#organization"},"potentialAction":[{"@type":"SearchAction","target":{"@type":"EntryPoint","urlTemplate":"https:\/\/patagoniambiental.com.ar\/info\/?s={search_term_string}"},"query-input":{"@type":"PropertyValueSpecification","valueRequired":true,"valueName":"search_term_string"}}],"inLanguage":"es"},{"@type":"Organization","@id":"https:\/\/patagoniambiental.com.ar\/info\/#organization","name":"Patagonia Ambiental","url":"https:\/\/patagoniambiental.com.ar\/info\/","logo":{"@type":"ImageObject","inLanguage":"es","@id":"https:\/\/patagoniambiental.com.ar\/info\/#\/schema\/logo\/image\/","url":"https:\/\/patagoniambiental.com.ar\/info\/wp-content\/uploads\/2025\/05\/LOGO-PATAGONIA-AMBIENTAL.png","contentUrl":"https:\/\/patagoniambiental.com.ar\/info\/wp-content\/uploads\/2025\/05\/LOGO-PATAGONIA-AMBIENTAL.png","width":433,"height":250,"caption":"Patagonia Ambiental"},"image":{"@id":"https:\/\/patagoniambiental.com.ar\/info\/#\/schema\/logo\/image\/"},"sameAs":["https:\/\/www.facebook.com\/patagonia.ambiental","https:\/\/x.com\/PatAmb"]},{"@type":"Person","@id":"https:\/\/patagoniambiental.com.ar\/info\/#\/schema\/person\/db12bff64bbcbf6a253710bf0ea37b5d","name":"Patagonia Ambiental","description":"Andr\u00e9s Nievas T\u00e9cnico en manejo ambiental, consultor Ambiental y escritor para medios locales e internacionales sobre temas de geopolitica y medio ambiente.","sameAs":["http:\/\/www.patagoniambiental.com.ar","https:\/\/www.facebook.com\/share\/1C1V8Gv9BX\/?mibextid=qi2Omg","@patagoniambiental","https:\/\/youtube.com\/@patagoniaambiental2023?si=BLt58t0wuXquxlYZ"]}]}},"_links":{"self":[{"href":"https:\/\/patagoniambiental.com.ar\/info\/wp-json\/wp\/v2\/posts\/52575","targetHints":{"allow":["GET"]}}],"collection":[{"href":"https:\/\/patagoniambiental.com.ar\/info\/wp-json\/wp\/v2\/posts"}],"about":[{"href":"https:\/\/patagoniambiental.com.ar\/info\/wp-json\/wp\/v2\/types\/post"}],"author":[{"embeddable":true,"href":"https:\/\/patagoniambiental.com.ar\/info\/wp-json\/wp\/v2\/users\/2"}],"replies":[{"embeddable":true,"href":"https:\/\/patagoniambiental.com.ar\/info\/wp-json\/wp\/v2\/comments?post=52575"}],"version-history":[{"count":0,"href":"https:\/\/patagoniambiental.com.ar\/info\/wp-json\/wp\/v2\/posts\/52575\/revisions"}],"wp:featuredmedia":[{"embeddable":true,"href":"https:\/\/patagoniambiental.com.ar\/info\/wp-json\/wp\/v2\/media\/52576"}],"wp:attachment":[{"href":"https:\/\/patagoniambiental.com.ar\/info\/wp-json\/wp\/v2\/media?parent=52575"}],"wp:term":[{"taxonomy":"category","embeddable":true,"href":"https:\/\/patagoniambiental.com.ar\/info\/wp-json\/wp\/v2\/categories?post=52575"},{"taxonomy":"post_tag","embeddable":true,"href":"https:\/\/patagoniambiental.com.ar\/info\/wp-json\/wp\/v2\/tags?post=52575"}],"curies":[{"name":"wp","href":"https:\/\/api.w.org\/{rel}","templated":true}]}}