{"id":52626,"date":"2018-09-11T19:00:27","date_gmt":"2018-09-11T22:00:27","guid":{"rendered":"http:\/\/patagoniambiental.com.ar\/info\/?p=52626"},"modified":"2018-09-11T11:32:05","modified_gmt":"2018-09-11T14:32:05","slug":"docente-investigador-unrn-dicto-conferencias-en-el-xxvii-congreso-de-entomologia-en-brasil","status":"publish","type":"post","link":"https:\/\/patagoniambiental.com.ar\/info\/docente-investigador-unrn-dicto-conferencias-en-el-xxvii-congreso-de-entomologia-en-brasil\/","title":{"rendered":"Docente investigador UNRN dict\u00f3 conferencias en el XXVII Congreso de Entomolog\u00eda en Brasil"},"content":{"rendered":"<p class=\"x_gmail-Standard\" style=\"text-align: left;\" align=\"center\"><span class=\"x_gmail-StrongEmphasis\"><i><span lang=\"ES-AR\">Bariloche, 11 de septiembre de 2018.-<\/span><\/i><\/span><span class=\"x_gmail-StrongEmphasis\"><span lang=\"ES-AR\">Lucas Garibaldi,\u00a0<\/span><\/span><span class=\"x_gmail-StrongEmphasis\"><span lang=\"ES-AR\">docente investigador Universidad Nacional de R\u00edo Negro (UNRN) y<\/span><\/span><span class=\"x_gmail-StrongEmphasis\"><span lang=\"ES-AR\">\u00a0<\/span><\/span><span class=\"x_gmail-StrongEmphasis\"><span lang=\"ES-AR\">director del\u00a0<\/span><\/span><span class=\"x_gmail-StrongEmphasis\"><span lang=\"ES-AR\">Instituto de Investigaciones en Recursos Naturales, Agroecolog\u00eda y Desarrollo Rural (IRNAD),<\/span><\/span><span class=\"x_gmail-StrongEmphasis\"><span lang=\"ES-AR\">\u00a0fue invitado a dictar dos conferencias\u00a0<\/span><\/span><span lang=\"ES-AR\">en<span class=\"x_gmail-StrongEmphasis\">\u00a0el XXVII Congreso Brasileiro de Entomolog\u00eda y X Congreso Latino-Americano de Entomolog\u00eda con la tem\u00e1tica:\u00a0<i>La ciencia al servicio de la salud, la agricultura y el medio ambiente<\/i>.<\/span><\/span><\/p>\n<p align=\"center\"><!--more--><\/p>\n<p class=\"x_gmail-Textbody\"><span class=\"x_gmail-StrongEmphasis\"><span lang=\"ES-AR\">El Congreso tuvo como objetivo brindar una oportunidad de colaboraci\u00f3n, debate, innovaci\u00f3n, colaboraci\u00f3n e intercambio de experiencias entre los cient\u00edficos, la industria, la sociedad de Am\u00e9rica Latina. Estuvo organizado a cargo de la\u00a0<i>Sociedad Entomol\u00f3gica de Brasil<\/i>\u00a0(SEB) en asociaci\u00f3n con la\u00a0<i>Universidad Federal de Santa Mar\u00eda<\/i>\u00a0(UFSM).<\/span><\/span><\/p>\n<p class=\"x_gmail-Textbody\"><span class=\"x_gmail-StrongEmphasis\"><span lang=\"ES-AR\">El programa cient\u00edfico compuesto por conferencias, simposios, mesas redondas y mini-cursos, tuvo como expositor principal al\u00a0<i>Dr. Garibaldi,<\/i>\u00a0quien brind\u00f3 dos conferencias sobre\u00a0<i>\u201cPolinizadores y su importancia para la agricultura de peque\u00f1a y gran escala\u201d<\/i>\u00a0y \u201c<i>\u00bfSe puede producir alimentos sin destruir el planeta? Artr\u00f3podos y leyes de la agroecolog\u00eda\u201d<\/i>.<\/span><\/span><\/p>\n<p class=\"x_gmail-Textbody\"><span class=\"x_gmail-StrongEmphasis\"><span lang=\"ES-AR\">Adem\u00e1s, se desarrollaron actividades dirigidas a estudiantes con el fin de formarlos para una carrera en el \u00e1rea entomol\u00f3gica. A su vez, se incluy\u00f3 una programaci\u00f3n cultural con la creaci\u00f3n de un concurso de fotograf\u00eda y EntomoQuiz, un concurso de preguntas y respuestas sobre cuestiones entomol\u00f3gicas para graduados. Para la sociedad en general se realiz\u00f3 la exhibici\u00f3n de insectos \u00abInsect Planet\u00bb que propuso de manera l\u00fadica introducir a los ni\u00f1os en el mundo de los insectos.<\/span><\/span><\/p>\n<div><\/div>\n<p>Fuente:\u00a0<br class=\"x_gmail-Apple-interchange-newline\" \/>Departamento de Comunicaci\u00f3n<\/p>\n<div class=\"x_gmail_signature\">\n<div dir=\"ltr\">\n<div>\n<div dir=\"ltr\">\n<div>\n<div dir=\"ltr\">\n<div dir=\"ltr\">\n<div dir=\"ltr\">\n<div dir=\"ltr\">\n<div dir=\"ltr\">\n<div dir=\"ltr\">\n<div>Universidad Nacional de R\u00edo Negro &#8211; Sede Andina<\/div>\n<\/div>\n<\/div>\n<\/div>\n<\/div>\n<\/div>\n<\/div>\n<\/div>\n<\/div>\n<\/div>\n<\/div>\n<\/div>\n","protected":false},"excerpt":{"rendered":"<p>Bariloche, 11 de septiembre de 2018.-Lucas Garibaldi,\u00a0docente investigador Universidad Nacional de R\u00edo Negro (UNRN) y\u00a0director del\u00a0Instituto de Investigaciones en Recursos [&hellip;]<\/p>\n","protected":false},"author":2,"featured_media":52627,"comment_status":"open","ping_status":"open","sticky":false,"template":"","format":"standard","meta":{"site-sidebar-layout":"default","site-content-layout":"","ast-site-content-layout":"default","site-content-style":"default","site-sidebar-style":"default","ast-global-header-display":"","ast-banner-title-visibility":"","ast-main-header-display":"","ast-hfb-above-header-display":"","ast-hfb-below-header-display":"","ast-hfb-mobile-header-display":"","site-post-title":"","ast-breadcrumbs-content":"","ast-featured-img":"","footer-sml-layout":"","ast-disable-related-posts":"","theme-transparent-header-meta":"","adv-header-id-meta":"","stick-header-meta":"","header-above-stick-meta":"","header-main-stick-meta":"","header-below-stick-meta":"","astra-migrate-meta-layouts":"default","ast-page-background-enabled":"default","ast-page-background-meta":{"desktop":{"background-color":"var(--ast-global-color-5)","background-image":"","background-repeat":"repeat","background-position":"center center","background-size":"auto","background-attachment":"scroll","background-type":"","background-media":"","overlay-type":"","overlay-color":"","overlay-opacity":"","overlay-gradient":""},"tablet":{"background-color":"","background-image":"","background-repeat":"repeat","background-position":"center center","background-size":"auto","background-attachment":"scroll","background-type":"","background-media":"","overlay-type":"","overlay-color":"","overlay-opacity":"","overlay-gradient":""},"mobile":{"background-color":"","background-image":"","background-repeat":"repeat","background-position":"center center","background-size":"auto","background-attachment":"scroll","background-type":"","background-media":"","overlay-type":"","overlay-color":"","overlay-opacity":"","overlay-gradient":""}},"ast-content-background-meta":{"desktop":{"background-color":"var(--ast-global-color-4)","background-image":"","background-repeat":"repeat","background-position":"center center","background-size":"auto","background-attachment":"scroll","background-type":"","background-media":"","overlay-type":"","overlay-color":"","overlay-opacity":"","overlay-gradient":""},"tablet":{"background-color":"var(--ast-global-color-4)","background-image":"","background-repeat":"repeat","background-position":"center center","background-size":"auto","background-attachment":"scroll","background-type":"","background-media":"","overlay-type":"","overlay-color":"","overlay-opacity":"","overlay-gradient":""},"mobile":{"background-color":"var(--ast-global-color-4)","background-image":"","background-repeat":"repeat","background-position":"center center","background-size":"auto","background-attachment":"scroll","background-type":"","background-media":"","overlay-type":"","overlay-color":"","overlay-opacity":"","overlay-gradient":""}},"footnotes":""},"categories":[12,1],"tags":[],"class_list":["post-52626","post","type-post","status-publish","format-standard","has-post-thumbnail","hentry","category-agenda-ambiental","category-noticias"],"yoast_head":"<!-- This site is optimized with the Yoast SEO Premium plugin v23.0 (Yoast SEO v27.5) - https:\/\/yoast.com\/product\/yoast-seo-premium-wordpress\/ -->\n<title>Docente investigador UNRN dict\u00f3 conferencias en el XXVII Congreso de Entomolog\u00eda en Brasil<\/title>\n<meta name=\"robots\" content=\"index, follow, max-snippet:-1, max-image-preview:large, max-video-preview:-1\" \/>\n<link rel=\"canonical\" href=\"https:\/\/patagoniambiental.com.ar\/info\/docente-investigador-unrn-dicto-conferencias-en-el-xxvii-congreso-de-entomologia-en-brasil\/\" \/>\n<meta property=\"og:locale\" content=\"es_ES\" \/>\n<meta property=\"og:type\" content=\"article\" \/>\n<meta property=\"og:title\" content=\"Docente investigador UNRN dict\u00f3 conferencias en el XXVII Congreso de Entomolog\u00eda en Brasil\" \/>\n<meta property=\"og:description\" content=\"Bariloche, 11 de septiembre de 2018.-Lucas Garibaldi,\u00a0docente investigador Universidad Nacional de R\u00edo Negro (UNRN) y\u00a0director del\u00a0Instituto de Investigaciones en Recursos [&hellip;]\" \/>\n<meta property=\"og:url\" content=\"https:\/\/patagoniambiental.com.ar\/info\/docente-investigador-unrn-dicto-conferencias-en-el-xxvii-congreso-de-entomologia-en-brasil\/\" \/>\n<meta property=\"og:site_name\" content=\"Patagonia Ambiental\" \/>\n<meta property=\"article:publisher\" content=\"https:\/\/www.facebook.com\/patagonia.ambiental\" \/>\n<meta property=\"article:author\" content=\"https:\/\/www.facebook.com\/share\/1C1V8Gv9BX\/?mibextid=qi2Omg\" \/>\n<meta property=\"article:published_time\" content=\"2018-09-11T22:00:27+00:00\" \/>\n<meta property=\"og:image\" content=\"https:\/\/patagoniambiental.com.ar\/info\/wp-content\/uploads\/2018\/09\/Lucas-Garibaldi-Brasil.jpg\" \/>\n\t<meta property=\"og:image:width\" content=\"1280\" \/>\n\t<meta property=\"og:image:height\" content=\"960\" \/>\n\t<meta property=\"og:image:type\" content=\"image\/jpeg\" \/>\n<meta name=\"author\" content=\"Patagonia Ambiental\" \/>\n<meta name=\"twitter:card\" content=\"summary_large_image\" \/>\n<meta name=\"twitter:creator\" content=\"@PatAmb\" \/>\n<meta name=\"twitter:site\" content=\"@PatAmb\" \/>\n<script type=\"application\/ld+json\" class=\"yoast-schema-graph\">{\"@context\":\"https:\\\/\\\/schema.org\",\"@graph\":[{\"@type\":\"Article\",\"@id\":\"https:\\\/\\\/patagoniambiental.com.ar\\\/info\\\/docente-investigador-unrn-dicto-conferencias-en-el-xxvii-congreso-de-entomologia-en-brasil\\\/#article\",\"isPartOf\":{\"@id\":\"https:\\\/\\\/patagoniambiental.com.ar\\\/info\\\/docente-investigador-unrn-dicto-conferencias-en-el-xxvii-congreso-de-entomologia-en-brasil\\\/\"},\"author\":{\"name\":\"Patagonia Ambiental\",\"@id\":\"https:\\\/\\\/patagoniambiental.com.ar\\\/info\\\/#\\\/schema\\\/person\\\/db12bff64bbcbf6a253710bf0ea37b5d\"},\"headline\":\"Docente investigador UNRN dict\u00f3 conferencias en el XXVII Congreso de Entomolog\u00eda en Brasil\",\"datePublished\":\"2018-09-11T22:00:27+00:00\",\"mainEntityOfPage\":{\"@id\":\"https:\\\/\\\/patagoniambiental.com.ar\\\/info\\\/docente-investigador-unrn-dicto-conferencias-en-el-xxvii-congreso-de-entomologia-en-brasil\\\/\"},\"wordCount\":292,\"commentCount\":0,\"publisher\":{\"@id\":\"https:\\\/\\\/patagoniambiental.com.ar\\\/info\\\/#organization\"},\"image\":{\"@id\":\"https:\\\/\\\/patagoniambiental.com.ar\\\/info\\\/docente-investigador-unrn-dicto-conferencias-en-el-xxvii-congreso-de-entomologia-en-brasil\\\/#primaryimage\"},\"thumbnailUrl\":\"https:\\\/\\\/patagoniambiental.com.ar\\\/info\\\/wp-content\\\/uploads\\\/2018\\\/09\\\/Lucas-Garibaldi-Brasil.jpg\",\"articleSection\":[\"Agenda Ambiental\",\"Noticias\"],\"inLanguage\":\"es\",\"potentialAction\":[{\"@type\":\"CommentAction\",\"name\":\"Comment\",\"target\":[\"https:\\\/\\\/patagoniambiental.com.ar\\\/info\\\/docente-investigador-unrn-dicto-conferencias-en-el-xxvii-congreso-de-entomologia-en-brasil\\\/#respond\"]}]},{\"@type\":\"WebPage\",\"@id\":\"https:\\\/\\\/patagoniambiental.com.ar\\\/info\\\/docente-investigador-unrn-dicto-conferencias-en-el-xxvii-congreso-de-entomologia-en-brasil\\\/\",\"url\":\"https:\\\/\\\/patagoniambiental.com.ar\\\/info\\\/docente-investigador-unrn-dicto-conferencias-en-el-xxvii-congreso-de-entomologia-en-brasil\\\/\",\"name\":\"Docente investigador UNRN dict\u00f3 conferencias en el XXVII Congreso de Entomolog\u00eda en Brasil\",\"isPartOf\":{\"@id\":\"https:\\\/\\\/patagoniambiental.com.ar\\\/info\\\/#website\"},\"primaryImageOfPage\":{\"@id\":\"https:\\\/\\\/patagoniambiental.com.ar\\\/info\\\/docente-investigador-unrn-dicto-conferencias-en-el-xxvii-congreso-de-entomologia-en-brasil\\\/#primaryimage\"},\"image\":{\"@id\":\"https:\\\/\\\/patagoniambiental.com.ar\\\/info\\\/docente-investigador-unrn-dicto-conferencias-en-el-xxvii-congreso-de-entomologia-en-brasil\\\/#primaryimage\"},\"thumbnailUrl\":\"https:\\\/\\\/patagoniambiental.com.ar\\\/info\\\/wp-content\\\/uploads\\\/2018\\\/09\\\/Lucas-Garibaldi-Brasil.jpg\",\"datePublished\":\"2018-09-11T22:00:27+00:00\",\"breadcrumb\":{\"@id\":\"https:\\\/\\\/patagoniambiental.com.ar\\\/info\\\/docente-investigador-unrn-dicto-conferencias-en-el-xxvii-congreso-de-entomologia-en-brasil\\\/#breadcrumb\"},\"inLanguage\":\"es\",\"potentialAction\":[{\"@type\":\"ReadAction\",\"target\":[\"https:\\\/\\\/patagoniambiental.com.ar\\\/info\\\/docente-investigador-unrn-dicto-conferencias-en-el-xxvii-congreso-de-entomologia-en-brasil\\\/\"]}]},{\"@type\":\"ImageObject\",\"inLanguage\":\"es\",\"@id\":\"https:\\\/\\\/patagoniambiental.com.ar\\\/info\\\/docente-investigador-unrn-dicto-conferencias-en-el-xxvii-congreso-de-entomologia-en-brasil\\\/#primaryimage\",\"url\":\"https:\\\/\\\/patagoniambiental.com.ar\\\/info\\\/wp-content\\\/uploads\\\/2018\\\/09\\\/Lucas-Garibaldi-Brasil.jpg\",\"contentUrl\":\"https:\\\/\\\/patagoniambiental.com.ar\\\/info\\\/wp-content\\\/uploads\\\/2018\\\/09\\\/Lucas-Garibaldi-Brasil.jpg\",\"width\":800,\"height\":600},{\"@type\":\"BreadcrumbList\",\"@id\":\"https:\\\/\\\/patagoniambiental.com.ar\\\/info\\\/docente-investigador-unrn-dicto-conferencias-en-el-xxvii-congreso-de-entomologia-en-brasil\\\/#breadcrumb\",\"itemListElement\":[{\"@type\":\"ListItem\",\"position\":1,\"name\":\"Inicio\",\"item\":\"https:\\\/\\\/patagoniambiental.com.ar\\\/info\\\/\"},{\"@type\":\"ListItem\",\"position\":2,\"name\":\"Docente investigador UNRN dict\u00f3 conferencias en el XXVII Congreso de Entomolog\u00eda en Brasil\"}]},{\"@type\":\"WebSite\",\"@id\":\"https:\\\/\\\/patagoniambiental.com.ar\\\/info\\\/#website\",\"url\":\"https:\\\/\\\/patagoniambiental.com.ar\\\/info\\\/\",\"name\":\"Patagonia Ambiental\",\"description\":\"Monitoreo y an\u00e1lisis de la situaci\u00f3n geopol\u00edtica en el mundo y su implicancia en la Patagonia\",\"publisher\":{\"@id\":\"https:\\\/\\\/patagoniambiental.com.ar\\\/info\\\/#organization\"},\"potentialAction\":[{\"@type\":\"SearchAction\",\"target\":{\"@type\":\"EntryPoint\",\"urlTemplate\":\"https:\\\/\\\/patagoniambiental.com.ar\\\/info\\\/?s={search_term_string}\"},\"query-input\":{\"@type\":\"PropertyValueSpecification\",\"valueRequired\":true,\"valueName\":\"search_term_string\"}}],\"inLanguage\":\"es\"},{\"@type\":\"Organization\",\"@id\":\"https:\\\/\\\/patagoniambiental.com.ar\\\/info\\\/#organization\",\"name\":\"Patagonia Ambiental\",\"url\":\"https:\\\/\\\/patagoniambiental.com.ar\\\/info\\\/\",\"logo\":{\"@type\":\"ImageObject\",\"inLanguage\":\"es\",\"@id\":\"https:\\\/\\\/patagoniambiental.com.ar\\\/info\\\/#\\\/schema\\\/logo\\\/image\\\/\",\"url\":\"https:\\\/\\\/patagoniambiental.com.ar\\\/info\\\/wp-content\\\/uploads\\\/2025\\\/05\\\/LOGO-PATAGONIA-AMBIENTAL.png\",\"contentUrl\":\"https:\\\/\\\/patagoniambiental.com.ar\\\/info\\\/wp-content\\\/uploads\\\/2025\\\/05\\\/LOGO-PATAGONIA-AMBIENTAL.png\",\"width\":433,\"height\":250,\"caption\":\"Patagonia Ambiental\"},\"image\":{\"@id\":\"https:\\\/\\\/patagoniambiental.com.ar\\\/info\\\/#\\\/schema\\\/logo\\\/image\\\/\"},\"sameAs\":[\"https:\\\/\\\/www.facebook.com\\\/patagonia.ambiental\",\"https:\\\/\\\/x.com\\\/PatAmb\"]},{\"@type\":\"Person\",\"@id\":\"https:\\\/\\\/patagoniambiental.com.ar\\\/info\\\/#\\\/schema\\\/person\\\/db12bff64bbcbf6a253710bf0ea37b5d\",\"name\":\"Patagonia Ambiental\",\"description\":\"Andr\u00e9s Nievas T\u00e9cnico en manejo ambiental, consultor Ambiental y escritor para medios locales e internacionales sobre temas de geopolitica y medio ambiente.\",\"sameAs\":[\"http:\\\/\\\/www.patagoniambiental.com.ar\",\"https:\\\/\\\/www.facebook.com\\\/share\\\/1C1V8Gv9BX\\\/?mibextid=qi2Omg\",\"@patagoniambiental\",\"https:\\\/\\\/youtube.com\\\/@patagoniaambiental2023?si=BLt58t0wuXquxlYZ\"]}]}<\/script>\n<!-- \/ Yoast SEO Premium plugin. -->","yoast_head_json":{"title":"Docente investigador UNRN dict\u00f3 conferencias en el XXVII Congreso de Entomolog\u00eda en Brasil","robots":{"index":"index","follow":"follow","max-snippet":"max-snippet:-1","max-image-preview":"max-image-preview:large","max-video-preview":"max-video-preview:-1"},"canonical":"https:\/\/patagoniambiental.com.ar\/info\/docente-investigador-unrn-dicto-conferencias-en-el-xxvii-congreso-de-entomologia-en-brasil\/","og_locale":"es_ES","og_type":"article","og_title":"Docente investigador UNRN dict\u00f3 conferencias en el XXVII Congreso de Entomolog\u00eda en Brasil","og_description":"Bariloche, 11 de septiembre de 2018.-Lucas Garibaldi,\u00a0docente investigador Universidad Nacional de R\u00edo Negro (UNRN) y\u00a0director del\u00a0Instituto de Investigaciones en Recursos [&hellip;]","og_url":"https:\/\/patagoniambiental.com.ar\/info\/docente-investigador-unrn-dicto-conferencias-en-el-xxvii-congreso-de-entomologia-en-brasil\/","og_site_name":"Patagonia Ambiental","article_publisher":"https:\/\/www.facebook.com\/patagonia.ambiental","article_author":"https:\/\/www.facebook.com\/share\/1C1V8Gv9BX\/?mibextid=qi2Omg","article_published_time":"2018-09-11T22:00:27+00:00","og_image":[{"width":1280,"height":960,"url":"https:\/\/patagoniambiental.com.ar\/info\/wp-content\/uploads\/2018\/09\/Lucas-Garibaldi-Brasil.jpg","type":"image\/jpeg"}],"author":"Patagonia Ambiental","twitter_card":"summary_large_image","twitter_creator":"@PatAmb","twitter_site":"@PatAmb","schema":{"@context":"https:\/\/schema.org","@graph":[{"@type":"Article","@id":"https:\/\/patagoniambiental.com.ar\/info\/docente-investigador-unrn-dicto-conferencias-en-el-xxvii-congreso-de-entomologia-en-brasil\/#article","isPartOf":{"@id":"https:\/\/patagoniambiental.com.ar\/info\/docente-investigador-unrn-dicto-conferencias-en-el-xxvii-congreso-de-entomologia-en-brasil\/"},"author":{"name":"Patagonia Ambiental","@id":"https:\/\/patagoniambiental.com.ar\/info\/#\/schema\/person\/db12bff64bbcbf6a253710bf0ea37b5d"},"headline":"Docente investigador UNRN dict\u00f3 conferencias en el XXVII Congreso de Entomolog\u00eda en Brasil","datePublished":"2018-09-11T22:00:27+00:00","mainEntityOfPage":{"@id":"https:\/\/patagoniambiental.com.ar\/info\/docente-investigador-unrn-dicto-conferencias-en-el-xxvii-congreso-de-entomologia-en-brasil\/"},"wordCount":292,"commentCount":0,"publisher":{"@id":"https:\/\/patagoniambiental.com.ar\/info\/#organization"},"image":{"@id":"https:\/\/patagoniambiental.com.ar\/info\/docente-investigador-unrn-dicto-conferencias-en-el-xxvii-congreso-de-entomologia-en-brasil\/#primaryimage"},"thumbnailUrl":"https:\/\/patagoniambiental.com.ar\/info\/wp-content\/uploads\/2018\/09\/Lucas-Garibaldi-Brasil.jpg","articleSection":["Agenda Ambiental","Noticias"],"inLanguage":"es","potentialAction":[{"@type":"CommentAction","name":"Comment","target":["https:\/\/patagoniambiental.com.ar\/info\/docente-investigador-unrn-dicto-conferencias-en-el-xxvii-congreso-de-entomologia-en-brasil\/#respond"]}]},{"@type":"WebPage","@id":"https:\/\/patagoniambiental.com.ar\/info\/docente-investigador-unrn-dicto-conferencias-en-el-xxvii-congreso-de-entomologia-en-brasil\/","url":"https:\/\/patagoniambiental.com.ar\/info\/docente-investigador-unrn-dicto-conferencias-en-el-xxvii-congreso-de-entomologia-en-brasil\/","name":"Docente investigador UNRN dict\u00f3 conferencias en el XXVII Congreso de Entomolog\u00eda en Brasil","isPartOf":{"@id":"https:\/\/patagoniambiental.com.ar\/info\/#website"},"primaryImageOfPage":{"@id":"https:\/\/patagoniambiental.com.ar\/info\/docente-investigador-unrn-dicto-conferencias-en-el-xxvii-congreso-de-entomologia-en-brasil\/#primaryimage"},"image":{"@id":"https:\/\/patagoniambiental.com.ar\/info\/docente-investigador-unrn-dicto-conferencias-en-el-xxvii-congreso-de-entomologia-en-brasil\/#primaryimage"},"thumbnailUrl":"https:\/\/patagoniambiental.com.ar\/info\/wp-content\/uploads\/2018\/09\/Lucas-Garibaldi-Brasil.jpg","datePublished":"2018-09-11T22:00:27+00:00","breadcrumb":{"@id":"https:\/\/patagoniambiental.com.ar\/info\/docente-investigador-unrn-dicto-conferencias-en-el-xxvii-congreso-de-entomologia-en-brasil\/#breadcrumb"},"inLanguage":"es","potentialAction":[{"@type":"ReadAction","target":["https:\/\/patagoniambiental.com.ar\/info\/docente-investigador-unrn-dicto-conferencias-en-el-xxvii-congreso-de-entomologia-en-brasil\/"]}]},{"@type":"ImageObject","inLanguage":"es","@id":"https:\/\/patagoniambiental.com.ar\/info\/docente-investigador-unrn-dicto-conferencias-en-el-xxvii-congreso-de-entomologia-en-brasil\/#primaryimage","url":"https:\/\/patagoniambiental.com.ar\/info\/wp-content\/uploads\/2018\/09\/Lucas-Garibaldi-Brasil.jpg","contentUrl":"https:\/\/patagoniambiental.com.ar\/info\/wp-content\/uploads\/2018\/09\/Lucas-Garibaldi-Brasil.jpg","width":800,"height":600},{"@type":"BreadcrumbList","@id":"https:\/\/patagoniambiental.com.ar\/info\/docente-investigador-unrn-dicto-conferencias-en-el-xxvii-congreso-de-entomologia-en-brasil\/#breadcrumb","itemListElement":[{"@type":"ListItem","position":1,"name":"Inicio","item":"https:\/\/patagoniambiental.com.ar\/info\/"},{"@type":"ListItem","position":2,"name":"Docente investigador UNRN dict\u00f3 conferencias en el XXVII Congreso de Entomolog\u00eda en Brasil"}]},{"@type":"WebSite","@id":"https:\/\/patagoniambiental.com.ar\/info\/#website","url":"https:\/\/patagoniambiental.com.ar\/info\/","name":"Patagonia Ambiental","description":"Monitoreo y an\u00e1lisis de la situaci\u00f3n geopol\u00edtica en el mundo y su implicancia en la Patagonia","publisher":{"@id":"https:\/\/patagoniambiental.com.ar\/info\/#organization"},"potentialAction":[{"@type":"SearchAction","target":{"@type":"EntryPoint","urlTemplate":"https:\/\/patagoniambiental.com.ar\/info\/?s={search_term_string}"},"query-input":{"@type":"PropertyValueSpecification","valueRequired":true,"valueName":"search_term_string"}}],"inLanguage":"es"},{"@type":"Organization","@id":"https:\/\/patagoniambiental.com.ar\/info\/#organization","name":"Patagonia Ambiental","url":"https:\/\/patagoniambiental.com.ar\/info\/","logo":{"@type":"ImageObject","inLanguage":"es","@id":"https:\/\/patagoniambiental.com.ar\/info\/#\/schema\/logo\/image\/","url":"https:\/\/patagoniambiental.com.ar\/info\/wp-content\/uploads\/2025\/05\/LOGO-PATAGONIA-AMBIENTAL.png","contentUrl":"https:\/\/patagoniambiental.com.ar\/info\/wp-content\/uploads\/2025\/05\/LOGO-PATAGONIA-AMBIENTAL.png","width":433,"height":250,"caption":"Patagonia Ambiental"},"image":{"@id":"https:\/\/patagoniambiental.com.ar\/info\/#\/schema\/logo\/image\/"},"sameAs":["https:\/\/www.facebook.com\/patagonia.ambiental","https:\/\/x.com\/PatAmb"]},{"@type":"Person","@id":"https:\/\/patagoniambiental.com.ar\/info\/#\/schema\/person\/db12bff64bbcbf6a253710bf0ea37b5d","name":"Patagonia Ambiental","description":"Andr\u00e9s Nievas T\u00e9cnico en manejo ambiental, consultor Ambiental y escritor para medios locales e internacionales sobre temas de geopolitica y medio ambiente.","sameAs":["http:\/\/www.patagoniambiental.com.ar","https:\/\/www.facebook.com\/share\/1C1V8Gv9BX\/?mibextid=qi2Omg","@patagoniambiental","https:\/\/youtube.com\/@patagoniaambiental2023?si=BLt58t0wuXquxlYZ"]}]}},"_links":{"self":[{"href":"https:\/\/patagoniambiental.com.ar\/info\/wp-json\/wp\/v2\/posts\/52626","targetHints":{"allow":["GET"]}}],"collection":[{"href":"https:\/\/patagoniambiental.com.ar\/info\/wp-json\/wp\/v2\/posts"}],"about":[{"href":"https:\/\/patagoniambiental.com.ar\/info\/wp-json\/wp\/v2\/types\/post"}],"author":[{"embeddable":true,"href":"https:\/\/patagoniambiental.com.ar\/info\/wp-json\/wp\/v2\/users\/2"}],"replies":[{"embeddable":true,"href":"https:\/\/patagoniambiental.com.ar\/info\/wp-json\/wp\/v2\/comments?post=52626"}],"version-history":[{"count":0,"href":"https:\/\/patagoniambiental.com.ar\/info\/wp-json\/wp\/v2\/posts\/52626\/revisions"}],"wp:featuredmedia":[{"embeddable":true,"href":"https:\/\/patagoniambiental.com.ar\/info\/wp-json\/wp\/v2\/media\/52627"}],"wp:attachment":[{"href":"https:\/\/patagoniambiental.com.ar\/info\/wp-json\/wp\/v2\/media?parent=52626"}],"wp:term":[{"taxonomy":"category","embeddable":true,"href":"https:\/\/patagoniambiental.com.ar\/info\/wp-json\/wp\/v2\/categories?post=52626"},{"taxonomy":"post_tag","embeddable":true,"href":"https:\/\/patagoniambiental.com.ar\/info\/wp-json\/wp\/v2\/tags?post=52626"}],"curies":[{"name":"wp","href":"https:\/\/api.w.org\/{rel}","templated":true}]}}