{"id":53407,"date":"2018-09-22T09:00:01","date_gmt":"2018-09-22T12:00:01","guid":{"rendered":"http:\/\/patagoniambiental.com.ar\/info\/?p=53407"},"modified":"2018-09-21T22:00:12","modified_gmt":"2018-09-22T01:00:12","slug":"punta-tombo-inaugura-hoy-una-nueva-temporada-de-pinguinos","status":"publish","type":"post","link":"https:\/\/patagoniambiental.com.ar\/info\/punta-tombo-inaugura-hoy-una-nueva-temporada-de-pinguinos\/","title":{"rendered":"Punta Tombo inaugura hoy una nueva temporada de ping\u00fcinos"},"content":{"rendered":"<div id=\"notas\">\n<div>\n<div id=\"notapage_texto\" class=\"notapage_cuerpo\">\n<p>El intendente de Trelew Adri\u00e1n Maderna presidir\u00e1 hoy en Punta Tombo la inauguraci\u00f3n oficial de una nueva temporada de ping\u00fcinos, que este a\u00f1o incluir\u00e1 la habilitaci\u00f3n de un nuevo sendero de interpretaci\u00f3n sumando m\u00e1s de 130 metros de recorrido.<\/p>\n<p>El acto se desarrollar\u00e1 a partir de las 11 horas en el Centro de Interpretaci\u00f3n del \u00c1rea Natural que alberga la mayor colonia continental de Ping\u00fcinos de Magallanes adem\u00e1s de una variada diversidad de aves costero-marinas.<\/p>\n<p>La habilitaci\u00f3n de la nueva temporada contar\u00e1 con la participaci\u00f3n de autoridades locales, provinciales y medios de prensa especializados en turismo.<\/p>\n<p>La colonia de ping\u00fcinos que se congrega todos los a\u00f1os en Punta Tombo convoca a miles de turistas de todo el mundo, como as\u00ed tambi\u00e9n a cient\u00edficos y grupos de filmaci\u00f3n, dado el atractivo que representan.<\/p>\n<p>A horas de la apertura formal de la temporada, la secretaria de Turismo de la Municipalidad de Trelew, M\u00f3nica Montes Roberts, expres\u00f3 la satisfacci\u00f3n\u00a0\u201cde poder estar empujando eventos importantes que tienen que ver con la ciudad, estamos trabajando junto con el Entretur que tiene un convenio de coadministraci\u00f3n de la reserva con el Ministerio de Turismo de la Provincia y son quienes han dispuesto que todo est\u00e9 en orden,\u00a0incluso con algunos arreglos que se han llevado adelante como cada a\u00f1o para que la Reserva est\u00e9 preparada de la mejor manera\u201d.<\/p>\n<p>La funcionaria tambi\u00e9n remarc\u00f3 que \u201cse han hecho todos los esfuerzos en materia de promoci\u00f3n y difusi\u00f3n para que la temporada se viva de buena manera y esperamos que as\u00ed sea\u201d, afirm\u00f3.<\/p>\n<p><b>M\u00e1s de 130 metros de recorrido<\/b><\/p>\n<p>Esta temporada se unificaron dos senderos de interpretaci\u00f3n alcanzando 130 metros m\u00e1s de recorrido. Las pasarelas elevadas est\u00e1n ubicadas estrat\u00e9gicamente sobre los distintos sectores de paso de los ping\u00fcinos desde el mar a sus nidos, con una longitud de 3.000 metros ida y vuelta.<\/p>\n<p>La ampliaci\u00f3n tambi\u00e9n tiene como objetivo la posibilidad que acceda un veh\u00edculo UTV para cubrir emergencias alejadas de la base de Tombo y que personas con dificultades motrices tambi\u00e9n puedan visitar el \u00e1rea. En esta etapa, tambi\u00e9n se construir\u00e1n dos casetas para los guardafaunas.<\/p>\n<p>Finalizadas estas, se avanzar\u00e1 con la construcci\u00f3n de miradores con bancos para que los visitantes puedan contemplar con m\u00e1s comodidad la belleza de este lugar \u00fanico en el mundo.<\/p>\n<p>Leonardo Gaffet, gerente del Entretur expres\u00f3 su conformidad con esta obra, \u201cporque aporta mucho a la conservaci\u00f3n y al cuidado de la fauna. Los ping\u00fcinos ahora pueden acceder a sus cuevas y al mar de acuerdo a su trayecto\u201d,\u00a0puntualiz\u00f3.<\/p>\n<p>\u201cNuestra pol\u00edtica tur\u00edstica \u2013 conservacionista es un pilar fundamental en la gesti\u00f3n, lo que nos ha permitido conservar nuestros recursos naturales y culturales con un uso responsable de los mismos.\u00a0Esta obra fue posible por el trabajo de la coadministraci\u00f3n de Tombo, es decir, por el trabajo en conjunto entre la Subsecretaria de \u00c1reas Protegidas del Ministerio de Turismo del Chubut y el Entretur, con lo que pudimos realizar esta iniciativa con fondos propios\u201d, precis\u00f3 Gaffet.<\/p>\n<\/div>\n<\/div>\n<\/div>\n<div class=\"columna3\">\n<div class=\"masnoticias_cont item\">\n<div class=\"masnoticias_1 ultimas\">\n<div class=\"nota_gen ultimas\">\n<div class=\"datos_nota\">Fuente:\u00a0http:\/\/www.elchubut.com.ar\/nota\/2018-9-21-15-22-0-maderna-preside-en-punta-tombo-la-inauguracion-de-una-nueva-temporada-de-pinguinos<\/div>\n<\/div>\n<\/div>\n<\/div>\n<\/div>\n","protected":false},"excerpt":{"rendered":"<p>El intendente de Trelew Adri\u00e1n Maderna presidir\u00e1 hoy en Punta Tombo la inauguraci\u00f3n oficial de una nueva temporada de ping\u00fcinos, [&hellip;]<\/p>\n","protected":false},"author":2,"featured_media":53408,"comment_status":"open","ping_status":"open","sticky":false,"template":"","format":"standard","meta":{"site-sidebar-layout":"default","site-content-layout":"","ast-site-content-layout":"default","site-content-style":"default","site-sidebar-style":"default","ast-global-header-display":"","ast-banner-title-visibility":"","ast-main-header-display":"","ast-hfb-above-header-display":"","ast-hfb-below-header-display":"","ast-hfb-mobile-header-display":"","site-post-title":"","ast-breadcrumbs-content":"","ast-featured-img":"","footer-sml-layout":"","ast-disable-related-posts":"","theme-transparent-header-meta":"","adv-header-id-meta":"","stick-header-meta":"","header-above-stick-meta":"","header-main-stick-meta":"","header-below-stick-meta":"","astra-migrate-meta-layouts":"default","ast-page-background-enabled":"default","ast-page-background-meta":{"desktop":{"background-color":"var(--ast-global-color-5)","background-image":"","background-repeat":"repeat","background-position":"center center","background-size":"auto","background-attachment":"scroll","background-type":"","background-media":"","overlay-type":"","overlay-color":"","overlay-opacity":"","overlay-gradient":""},"tablet":{"background-color":"","background-image":"","background-repeat":"repeat","background-position":"center center","background-size":"auto","background-attachment":"scroll","background-type":"","background-media":"","overlay-type":"","overlay-color":"","overlay-opacity":"","overlay-gradient":""},"mobile":{"background-color":"","background-image":"","background-repeat":"repeat","background-position":"center center","background-size":"auto","background-attachment":"scroll","background-type":"","background-media":"","overlay-type":"","overlay-color":"","overlay-opacity":"","overlay-gradient":""}},"ast-content-background-meta":{"desktop":{"background-color":"var(--ast-global-color-4)","background-image":"","background-repeat":"repeat","background-position":"center center","background-size":"auto","background-attachment":"scroll","background-type":"","background-media":"","overlay-type":"","overlay-color":"","overlay-opacity":"","overlay-gradient":""},"tablet":{"background-color":"var(--ast-global-color-4)","background-image":"","background-repeat":"repeat","background-position":"center center","background-size":"auto","background-attachment":"scroll","background-type":"","background-media":"","overlay-type":"","overlay-color":"","overlay-opacity":"","overlay-gradient":""},"mobile":{"background-color":"var(--ast-global-color-4)","background-image":"","background-repeat":"repeat","background-position":"center center","background-size":"auto","background-attachment":"scroll","background-type":"","background-media":"","overlay-type":"","overlay-color":"","overlay-opacity":"","overlay-gradient":""}},"footnotes":""},"categories":[11,16,1,10],"tags":[],"class_list":["post-53407","post","type-post","status-publish","format-standard","has-post-thumbnail","hentry","category-boletin","category-municipales","category-noticias","category-rotador"],"yoast_head":"<!-- This site is optimized with the Yoast SEO Premium plugin v23.0 (Yoast SEO v27.5) - https:\/\/yoast.com\/product\/yoast-seo-premium-wordpress\/ -->\n<title>Punta Tombo inaugura hoy una nueva temporada de ping\u00fcinos<\/title>\n<meta name=\"robots\" content=\"index, follow, max-snippet:-1, max-image-preview:large, max-video-preview:-1\" \/>\n<link rel=\"canonical\" href=\"https:\/\/patagoniambiental.com.ar\/info\/punta-tombo-inaugura-hoy-una-nueva-temporada-de-pinguinos\/\" \/>\n<meta property=\"og:locale\" content=\"es_ES\" \/>\n<meta property=\"og:type\" content=\"article\" \/>\n<meta property=\"og:title\" content=\"Punta Tombo inaugura hoy una nueva temporada de ping\u00fcinos\" \/>\n<meta property=\"og:description\" content=\"El intendente de Trelew Adri\u00e1n Maderna presidir\u00e1 hoy en Punta Tombo la inauguraci\u00f3n oficial de una nueva temporada de ping\u00fcinos, [&hellip;]\" \/>\n<meta property=\"og:url\" content=\"https:\/\/patagoniambiental.com.ar\/info\/punta-tombo-inaugura-hoy-una-nueva-temporada-de-pinguinos\/\" \/>\n<meta property=\"og:site_name\" content=\"Patagonia Ambiental\" \/>\n<meta property=\"article:publisher\" content=\"https:\/\/www.facebook.com\/patagonia.ambiental\" \/>\n<meta property=\"article:author\" content=\"https:\/\/www.facebook.com\/share\/1C1V8Gv9BX\/?mibextid=qi2Omg\" \/>\n<meta property=\"article:published_time\" content=\"2018-09-22T12:00:01+00:00\" \/>\n<meta property=\"og:image\" content=\"https:\/\/patagoniambiental.com.ar\/info\/wp-content\/uploads\/2018\/09\/punta-tombo.jpg\" \/>\n\t<meta property=\"og:image:width\" content=\"1499\" \/>\n\t<meta property=\"og:image:height\" content=\"914\" \/>\n\t<meta property=\"og:image:type\" content=\"image\/jpeg\" \/>\n<meta name=\"author\" content=\"Patagonia Ambiental\" \/>\n<meta name=\"twitter:card\" content=\"summary_large_image\" \/>\n<meta name=\"twitter:creator\" content=\"@PatAmb\" \/>\n<meta name=\"twitter:site\" content=\"@PatAmb\" \/>\n<script type=\"application\/ld+json\" class=\"yoast-schema-graph\">{\"@context\":\"https:\\\/\\\/schema.org\",\"@graph\":[{\"@type\":\"Article\",\"@id\":\"https:\\\/\\\/patagoniambiental.com.ar\\\/info\\\/punta-tombo-inaugura-hoy-una-nueva-temporada-de-pinguinos\\\/#article\",\"isPartOf\":{\"@id\":\"https:\\\/\\\/patagoniambiental.com.ar\\\/info\\\/punta-tombo-inaugura-hoy-una-nueva-temporada-de-pinguinos\\\/\"},\"author\":{\"name\":\"Patagonia Ambiental\",\"@id\":\"https:\\\/\\\/patagoniambiental.com.ar\\\/info\\\/#\\\/schema\\\/person\\\/db12bff64bbcbf6a253710bf0ea37b5d\"},\"headline\":\"Punta Tombo inaugura hoy una nueva temporada de ping\u00fcinos\",\"datePublished\":\"2018-09-22T12:00:01+00:00\",\"mainEntityOfPage\":{\"@id\":\"https:\\\/\\\/patagoniambiental.com.ar\\\/info\\\/punta-tombo-inaugura-hoy-una-nueva-temporada-de-pinguinos\\\/\"},\"wordCount\":556,\"commentCount\":0,\"publisher\":{\"@id\":\"https:\\\/\\\/patagoniambiental.com.ar\\\/info\\\/#organization\"},\"image\":{\"@id\":\"https:\\\/\\\/patagoniambiental.com.ar\\\/info\\\/punta-tombo-inaugura-hoy-una-nueva-temporada-de-pinguinos\\\/#primaryimage\"},\"thumbnailUrl\":\"https:\\\/\\\/patagoniambiental.com.ar\\\/info\\\/wp-content\\\/uploads\\\/2018\\\/09\\\/punta-tombo.jpg\",\"articleSection\":[\"Bolet\u00edn\",\"Municipales\",\"Noticias\",\"Rotador\"],\"inLanguage\":\"es\",\"potentialAction\":[{\"@type\":\"CommentAction\",\"name\":\"Comment\",\"target\":[\"https:\\\/\\\/patagoniambiental.com.ar\\\/info\\\/punta-tombo-inaugura-hoy-una-nueva-temporada-de-pinguinos\\\/#respond\"]}]},{\"@type\":\"WebPage\",\"@id\":\"https:\\\/\\\/patagoniambiental.com.ar\\\/info\\\/punta-tombo-inaugura-hoy-una-nueva-temporada-de-pinguinos\\\/\",\"url\":\"https:\\\/\\\/patagoniambiental.com.ar\\\/info\\\/punta-tombo-inaugura-hoy-una-nueva-temporada-de-pinguinos\\\/\",\"name\":\"Punta Tombo inaugura hoy una nueva temporada de ping\u00fcinos\",\"isPartOf\":{\"@id\":\"https:\\\/\\\/patagoniambiental.com.ar\\\/info\\\/#website\"},\"primaryImageOfPage\":{\"@id\":\"https:\\\/\\\/patagoniambiental.com.ar\\\/info\\\/punta-tombo-inaugura-hoy-una-nueva-temporada-de-pinguinos\\\/#primaryimage\"},\"image\":{\"@id\":\"https:\\\/\\\/patagoniambiental.com.ar\\\/info\\\/punta-tombo-inaugura-hoy-una-nueva-temporada-de-pinguinos\\\/#primaryimage\"},\"thumbnailUrl\":\"https:\\\/\\\/patagoniambiental.com.ar\\\/info\\\/wp-content\\\/uploads\\\/2018\\\/09\\\/punta-tombo.jpg\",\"datePublished\":\"2018-09-22T12:00:01+00:00\",\"breadcrumb\":{\"@id\":\"https:\\\/\\\/patagoniambiental.com.ar\\\/info\\\/punta-tombo-inaugura-hoy-una-nueva-temporada-de-pinguinos\\\/#breadcrumb\"},\"inLanguage\":\"es\",\"potentialAction\":[{\"@type\":\"ReadAction\",\"target\":[\"https:\\\/\\\/patagoniambiental.com.ar\\\/info\\\/punta-tombo-inaugura-hoy-una-nueva-temporada-de-pinguinos\\\/\"]}]},{\"@type\":\"ImageObject\",\"inLanguage\":\"es\",\"@id\":\"https:\\\/\\\/patagoniambiental.com.ar\\\/info\\\/punta-tombo-inaugura-hoy-una-nueva-temporada-de-pinguinos\\\/#primaryimage\",\"url\":\"https:\\\/\\\/patagoniambiental.com.ar\\\/info\\\/wp-content\\\/uploads\\\/2018\\\/09\\\/punta-tombo.jpg\",\"contentUrl\":\"https:\\\/\\\/patagoniambiental.com.ar\\\/info\\\/wp-content\\\/uploads\\\/2018\\\/09\\\/punta-tombo.jpg\",\"width\":984,\"height\":600},{\"@type\":\"BreadcrumbList\",\"@id\":\"https:\\\/\\\/patagoniambiental.com.ar\\\/info\\\/punta-tombo-inaugura-hoy-una-nueva-temporada-de-pinguinos\\\/#breadcrumb\",\"itemListElement\":[{\"@type\":\"ListItem\",\"position\":1,\"name\":\"Inicio\",\"item\":\"https:\\\/\\\/patagoniambiental.com.ar\\\/info\\\/\"},{\"@type\":\"ListItem\",\"position\":2,\"name\":\"Punta Tombo inaugura hoy una nueva temporada de ping\u00fcinos\"}]},{\"@type\":\"WebSite\",\"@id\":\"https:\\\/\\\/patagoniambiental.com.ar\\\/info\\\/#website\",\"url\":\"https:\\\/\\\/patagoniambiental.com.ar\\\/info\\\/\",\"name\":\"Patagonia Ambiental\",\"description\":\"Monitoreo y an\u00e1lisis de la situaci\u00f3n geopol\u00edtica en el mundo y su implicancia en la Patagonia\",\"publisher\":{\"@id\":\"https:\\\/\\\/patagoniambiental.com.ar\\\/info\\\/#organization\"},\"potentialAction\":[{\"@type\":\"SearchAction\",\"target\":{\"@type\":\"EntryPoint\",\"urlTemplate\":\"https:\\\/\\\/patagoniambiental.com.ar\\\/info\\\/?s={search_term_string}\"},\"query-input\":{\"@type\":\"PropertyValueSpecification\",\"valueRequired\":true,\"valueName\":\"search_term_string\"}}],\"inLanguage\":\"es\"},{\"@type\":\"Organization\",\"@id\":\"https:\\\/\\\/patagoniambiental.com.ar\\\/info\\\/#organization\",\"name\":\"Patagonia Ambiental\",\"url\":\"https:\\\/\\\/patagoniambiental.com.ar\\\/info\\\/\",\"logo\":{\"@type\":\"ImageObject\",\"inLanguage\":\"es\",\"@id\":\"https:\\\/\\\/patagoniambiental.com.ar\\\/info\\\/#\\\/schema\\\/logo\\\/image\\\/\",\"url\":\"https:\\\/\\\/patagoniambiental.com.ar\\\/info\\\/wp-content\\\/uploads\\\/2025\\\/05\\\/LOGO-PATAGONIA-AMBIENTAL.png\",\"contentUrl\":\"https:\\\/\\\/patagoniambiental.com.ar\\\/info\\\/wp-content\\\/uploads\\\/2025\\\/05\\\/LOGO-PATAGONIA-AMBIENTAL.png\",\"width\":433,\"height\":250,\"caption\":\"Patagonia Ambiental\"},\"image\":{\"@id\":\"https:\\\/\\\/patagoniambiental.com.ar\\\/info\\\/#\\\/schema\\\/logo\\\/image\\\/\"},\"sameAs\":[\"https:\\\/\\\/www.facebook.com\\\/patagonia.ambiental\",\"https:\\\/\\\/x.com\\\/PatAmb\"]},{\"@type\":\"Person\",\"@id\":\"https:\\\/\\\/patagoniambiental.com.ar\\\/info\\\/#\\\/schema\\\/person\\\/db12bff64bbcbf6a253710bf0ea37b5d\",\"name\":\"Patagonia Ambiental\",\"description\":\"Andr\u00e9s Nievas T\u00e9cnico en manejo ambiental, consultor Ambiental y escritor para medios locales e internacionales sobre temas de geopolitica y medio ambiente.\",\"sameAs\":[\"http:\\\/\\\/www.patagoniambiental.com.ar\",\"https:\\\/\\\/www.facebook.com\\\/share\\\/1C1V8Gv9BX\\\/?mibextid=qi2Omg\",\"@patagoniambiental\",\"https:\\\/\\\/youtube.com\\\/@patagoniaambiental2023?si=BLt58t0wuXquxlYZ\"]}]}<\/script>\n<!-- \/ Yoast SEO Premium plugin. -->","yoast_head_json":{"title":"Punta Tombo inaugura hoy una nueva temporada de ping\u00fcinos","robots":{"index":"index","follow":"follow","max-snippet":"max-snippet:-1","max-image-preview":"max-image-preview:large","max-video-preview":"max-video-preview:-1"},"canonical":"https:\/\/patagoniambiental.com.ar\/info\/punta-tombo-inaugura-hoy-una-nueva-temporada-de-pinguinos\/","og_locale":"es_ES","og_type":"article","og_title":"Punta Tombo inaugura hoy una nueva temporada de ping\u00fcinos","og_description":"El intendente de Trelew Adri\u00e1n Maderna presidir\u00e1 hoy en Punta Tombo la inauguraci\u00f3n oficial de una nueva temporada de ping\u00fcinos, [&hellip;]","og_url":"https:\/\/patagoniambiental.com.ar\/info\/punta-tombo-inaugura-hoy-una-nueva-temporada-de-pinguinos\/","og_site_name":"Patagonia Ambiental","article_publisher":"https:\/\/www.facebook.com\/patagonia.ambiental","article_author":"https:\/\/www.facebook.com\/share\/1C1V8Gv9BX\/?mibextid=qi2Omg","article_published_time":"2018-09-22T12:00:01+00:00","og_image":[{"width":1499,"height":914,"url":"https:\/\/patagoniambiental.com.ar\/info\/wp-content\/uploads\/2018\/09\/punta-tombo.jpg","type":"image\/jpeg"}],"author":"Patagonia Ambiental","twitter_card":"summary_large_image","twitter_creator":"@PatAmb","twitter_site":"@PatAmb","schema":{"@context":"https:\/\/schema.org","@graph":[{"@type":"Article","@id":"https:\/\/patagoniambiental.com.ar\/info\/punta-tombo-inaugura-hoy-una-nueva-temporada-de-pinguinos\/#article","isPartOf":{"@id":"https:\/\/patagoniambiental.com.ar\/info\/punta-tombo-inaugura-hoy-una-nueva-temporada-de-pinguinos\/"},"author":{"name":"Patagonia Ambiental","@id":"https:\/\/patagoniambiental.com.ar\/info\/#\/schema\/person\/db12bff64bbcbf6a253710bf0ea37b5d"},"headline":"Punta Tombo inaugura hoy una nueva temporada de ping\u00fcinos","datePublished":"2018-09-22T12:00:01+00:00","mainEntityOfPage":{"@id":"https:\/\/patagoniambiental.com.ar\/info\/punta-tombo-inaugura-hoy-una-nueva-temporada-de-pinguinos\/"},"wordCount":556,"commentCount":0,"publisher":{"@id":"https:\/\/patagoniambiental.com.ar\/info\/#organization"},"image":{"@id":"https:\/\/patagoniambiental.com.ar\/info\/punta-tombo-inaugura-hoy-una-nueva-temporada-de-pinguinos\/#primaryimage"},"thumbnailUrl":"https:\/\/patagoniambiental.com.ar\/info\/wp-content\/uploads\/2018\/09\/punta-tombo.jpg","articleSection":["Bolet\u00edn","Municipales","Noticias","Rotador"],"inLanguage":"es","potentialAction":[{"@type":"CommentAction","name":"Comment","target":["https:\/\/patagoniambiental.com.ar\/info\/punta-tombo-inaugura-hoy-una-nueva-temporada-de-pinguinos\/#respond"]}]},{"@type":"WebPage","@id":"https:\/\/patagoniambiental.com.ar\/info\/punta-tombo-inaugura-hoy-una-nueva-temporada-de-pinguinos\/","url":"https:\/\/patagoniambiental.com.ar\/info\/punta-tombo-inaugura-hoy-una-nueva-temporada-de-pinguinos\/","name":"Punta Tombo inaugura hoy una nueva temporada de ping\u00fcinos","isPartOf":{"@id":"https:\/\/patagoniambiental.com.ar\/info\/#website"},"primaryImageOfPage":{"@id":"https:\/\/patagoniambiental.com.ar\/info\/punta-tombo-inaugura-hoy-una-nueva-temporada-de-pinguinos\/#primaryimage"},"image":{"@id":"https:\/\/patagoniambiental.com.ar\/info\/punta-tombo-inaugura-hoy-una-nueva-temporada-de-pinguinos\/#primaryimage"},"thumbnailUrl":"https:\/\/patagoniambiental.com.ar\/info\/wp-content\/uploads\/2018\/09\/punta-tombo.jpg","datePublished":"2018-09-22T12:00:01+00:00","breadcrumb":{"@id":"https:\/\/patagoniambiental.com.ar\/info\/punta-tombo-inaugura-hoy-una-nueva-temporada-de-pinguinos\/#breadcrumb"},"inLanguage":"es","potentialAction":[{"@type":"ReadAction","target":["https:\/\/patagoniambiental.com.ar\/info\/punta-tombo-inaugura-hoy-una-nueva-temporada-de-pinguinos\/"]}]},{"@type":"ImageObject","inLanguage":"es","@id":"https:\/\/patagoniambiental.com.ar\/info\/punta-tombo-inaugura-hoy-una-nueva-temporada-de-pinguinos\/#primaryimage","url":"https:\/\/patagoniambiental.com.ar\/info\/wp-content\/uploads\/2018\/09\/punta-tombo.jpg","contentUrl":"https:\/\/patagoniambiental.com.ar\/info\/wp-content\/uploads\/2018\/09\/punta-tombo.jpg","width":984,"height":600},{"@type":"BreadcrumbList","@id":"https:\/\/patagoniambiental.com.ar\/info\/punta-tombo-inaugura-hoy-una-nueva-temporada-de-pinguinos\/#breadcrumb","itemListElement":[{"@type":"ListItem","position":1,"name":"Inicio","item":"https:\/\/patagoniambiental.com.ar\/info\/"},{"@type":"ListItem","position":2,"name":"Punta Tombo inaugura hoy una nueva temporada de ping\u00fcinos"}]},{"@type":"WebSite","@id":"https:\/\/patagoniambiental.com.ar\/info\/#website","url":"https:\/\/patagoniambiental.com.ar\/info\/","name":"Patagonia Ambiental","description":"Monitoreo y an\u00e1lisis de la situaci\u00f3n geopol\u00edtica en el mundo y su implicancia en la Patagonia","publisher":{"@id":"https:\/\/patagoniambiental.com.ar\/info\/#organization"},"potentialAction":[{"@type":"SearchAction","target":{"@type":"EntryPoint","urlTemplate":"https:\/\/patagoniambiental.com.ar\/info\/?s={search_term_string}"},"query-input":{"@type":"PropertyValueSpecification","valueRequired":true,"valueName":"search_term_string"}}],"inLanguage":"es"},{"@type":"Organization","@id":"https:\/\/patagoniambiental.com.ar\/info\/#organization","name":"Patagonia Ambiental","url":"https:\/\/patagoniambiental.com.ar\/info\/","logo":{"@type":"ImageObject","inLanguage":"es","@id":"https:\/\/patagoniambiental.com.ar\/info\/#\/schema\/logo\/image\/","url":"https:\/\/patagoniambiental.com.ar\/info\/wp-content\/uploads\/2025\/05\/LOGO-PATAGONIA-AMBIENTAL.png","contentUrl":"https:\/\/patagoniambiental.com.ar\/info\/wp-content\/uploads\/2025\/05\/LOGO-PATAGONIA-AMBIENTAL.png","width":433,"height":250,"caption":"Patagonia Ambiental"},"image":{"@id":"https:\/\/patagoniambiental.com.ar\/info\/#\/schema\/logo\/image\/"},"sameAs":["https:\/\/www.facebook.com\/patagonia.ambiental","https:\/\/x.com\/PatAmb"]},{"@type":"Person","@id":"https:\/\/patagoniambiental.com.ar\/info\/#\/schema\/person\/db12bff64bbcbf6a253710bf0ea37b5d","name":"Patagonia Ambiental","description":"Andr\u00e9s Nievas T\u00e9cnico en manejo ambiental, consultor Ambiental y escritor para medios locales e internacionales sobre temas de geopolitica y medio ambiente.","sameAs":["http:\/\/www.patagoniambiental.com.ar","https:\/\/www.facebook.com\/share\/1C1V8Gv9BX\/?mibextid=qi2Omg","@patagoniambiental","https:\/\/youtube.com\/@patagoniaambiental2023?si=BLt58t0wuXquxlYZ"]}]}},"_links":{"self":[{"href":"https:\/\/patagoniambiental.com.ar\/info\/wp-json\/wp\/v2\/posts\/53407","targetHints":{"allow":["GET"]}}],"collection":[{"href":"https:\/\/patagoniambiental.com.ar\/info\/wp-json\/wp\/v2\/posts"}],"about":[{"href":"https:\/\/patagoniambiental.com.ar\/info\/wp-json\/wp\/v2\/types\/post"}],"author":[{"embeddable":true,"href":"https:\/\/patagoniambiental.com.ar\/info\/wp-json\/wp\/v2\/users\/2"}],"replies":[{"embeddable":true,"href":"https:\/\/patagoniambiental.com.ar\/info\/wp-json\/wp\/v2\/comments?post=53407"}],"version-history":[{"count":0,"href":"https:\/\/patagoniambiental.com.ar\/info\/wp-json\/wp\/v2\/posts\/53407\/revisions"}],"wp:featuredmedia":[{"embeddable":true,"href":"https:\/\/patagoniambiental.com.ar\/info\/wp-json\/wp\/v2\/media\/53408"}],"wp:attachment":[{"href":"https:\/\/patagoniambiental.com.ar\/info\/wp-json\/wp\/v2\/media?parent=53407"}],"wp:term":[{"taxonomy":"category","embeddable":true,"href":"https:\/\/patagoniambiental.com.ar\/info\/wp-json\/wp\/v2\/categories?post=53407"},{"taxonomy":"post_tag","embeddable":true,"href":"https:\/\/patagoniambiental.com.ar\/info\/wp-json\/wp\/v2\/tags?post=53407"}],"curies":[{"name":"wp","href":"https:\/\/api.w.org\/{rel}","templated":true}]}}