{"id":53413,"date":"2018-09-22T09:00:37","date_gmt":"2018-09-22T12:00:37","guid":{"rendered":"http:\/\/patagoniambiental.com.ar\/info\/?p=53413"},"modified":"2018-09-21T22:09:21","modified_gmt":"2018-09-22T01:09:21","slug":"liberan-a-un-condor-andino-que-fue-encontrado-con-esquirlas-de-plomo","status":"publish","type":"post","link":"https:\/\/patagoniambiental.com.ar\/info\/liberan-a-un-condor-andino-que-fue-encontrado-con-esquirlas-de-plomo\/","title":{"rendered":"Liberan a un C\u00f3ndor Andino que fue encontrado con esquirlas de plomo"},"content":{"rendered":"<header>\n<p class=\"interiorCopete\">JUJUY.- En la jornada de hoy se realiz\u00f3 la liberaci\u00f3n de un nuevo ejemplar de C\u00f3ndor Andino, que fue rescatado en marzo de este a\u00f1o con esquirlas de plomo en su cuerpo. El animal fue liberado en Cuesta de Lip\u00e1n, situada a noventa kil\u00f3metros de San Salvador de Jujuy.<\/p>\n<\/header>\n<div class=\"head-image thumb-wrap relative\">\n<div id=\"content-gallery\">\n<div id=\"fotogaleria-Object_6748_4842\" class=\"gallery\">\n<div class=\"col2\">\n<div class=\"image itemGallery classid2743385\"><a title=\"\" href=\"https:\/\/media.elpatagonico.com\/adjuntos\/193\/imagenes\/029\/432\/0029432556.jpg\"><img fetchpriority=\"high\" decoding=\"async\" title=\"Liberan a un C\u00f3ndor Andino que fue encontrado con esquirlas de plomo\" src=\"https:\/\/media.elpatagonico.com\/adjuntos\/193\/imagenes\/029\/432\/0029432556.jpg\" alt=\"Liberan a un C\u00f3ndor Andino que fue encontrado con esquirlas de plomo\" width=\"770\" height=\"433\" \/><\/a><\/p>\n<div class=\"gallery-header\"><\/div>\n<\/div>\n<\/div>\n<div class=\"clearfix\"><\/div>\n<\/div>\n<\/div>\n<\/div>\n<div class=\"cuerpo clearfix\">\n<p>Aerol\u00edneas Argentinas traslad\u00f3 ayer con destino a la ciudad de San Salvador de Jujuy, a JANPI YAKU (cuyo significado es agua medicinal), un ejemplar de C\u00f3ndor Andino (s\u00edmbolo de la compa\u00f1\u00eda) para su liberaci\u00f3n el viernes 21 en la Cuesta de Lip\u00e1n, situada a 90 kil\u00f3metros de la capital provincial.<\/p>\n<p>El ave fue rescatada en marzo de este a\u00f1o en la localidad de Termas de Reyes, y presentaba esquirlas de plomo en su cuerpo, producto de un disparo de escopeta. La hembra Janpi Yaku fue inicialmente derivada por el Ministerio de Ambiente de Jujuy al Centro de Atenci\u00f3n a la Fauna Aut\u00f3ctona de la provincia, donde recibi\u00f3 las primeras atenciones. Una vez estabilizada, Aerol\u00edneas Argentinas realiz\u00f3 su traslado al Ecoparque de Buenos Aires, en el marco del Programa de Conservaci\u00f3n de C\u00f3ndor Andino.<\/p>\n<p>La liberaci\u00f3n de Janpi Yaku recibi\u00f3, adem\u00e1s, el apoyo de la Fundaci\u00f3n Bioparc, Grand Parc Puy du Fou, SOS Faune Sauvage y Beauval Nature de Francia, la Secretar\u00eda de Biodiversidad, Ministerio de Ambiente de Jujuy, Direcci\u00f3n Regional NOA de la Administraci\u00f3n de Parques Nacionales, Ecoparque Buenos Aires, y de la Secretar\u00eda de Ambiente y Desarrollo Sustentable de la Naci\u00f3n.<\/p>\n<p>En el marco de una emotiva ceremonia ancestral, que cont\u00f3 con la participaci\u00f3n de la Secretar\u00eda de Pueblos Ind\u00edgenas, comunidad originaria de la zona y el canto de copleras con sus cajas, se produjo el retorno de Janpi Yaku a su ambiente natural, elevando una plegaria basada en un pedido de armon\u00eda entre todas las formas de vida.<\/p>\n<\/div>\n<p>Fuente:\u00a0https:\/\/www.elpatagonico.com\/liberan-un-condor-andino-que-fue-encontrado-esquirlas-plomo-n3088817<\/p>\n","protected":false},"excerpt":{"rendered":"<p>JUJUY.- En la jornada de hoy se realiz\u00f3 la liberaci\u00f3n de un nuevo ejemplar de C\u00f3ndor Andino, que fue rescatado [&hellip;]<\/p>\n","protected":false},"author":2,"featured_media":53414,"comment_status":"open","ping_status":"open","sticky":false,"template":"","format":"standard","meta":{"site-sidebar-layout":"default","site-content-layout":"","ast-site-content-layout":"default","site-content-style":"default","site-sidebar-style":"default","ast-global-header-display":"","ast-banner-title-visibility":"","ast-main-header-display":"","ast-hfb-above-header-display":"","ast-hfb-below-header-display":"","ast-hfb-mobile-header-display":"","site-post-title":"","ast-breadcrumbs-content":"","ast-featured-img":"","footer-sml-layout":"","ast-disable-related-posts":"","theme-transparent-header-meta":"","adv-header-id-meta":"","stick-header-meta":"","header-above-stick-meta":"","header-main-stick-meta":"","header-below-stick-meta":"","astra-migrate-meta-layouts":"default","ast-page-background-enabled":"default","ast-page-background-meta":{"desktop":{"background-color":"var(--ast-global-color-5)","background-image":"","background-repeat":"repeat","background-position":"center center","background-size":"auto","background-attachment":"scroll","background-type":"","background-media":"","overlay-type":"","overlay-color":"","overlay-opacity":"","overlay-gradient":""},"tablet":{"background-color":"","background-image":"","background-repeat":"repeat","background-position":"center center","background-size":"auto","background-attachment":"scroll","background-type":"","background-media":"","overlay-type":"","overlay-color":"","overlay-opacity":"","overlay-gradient":""},"mobile":{"background-color":"","background-image":"","background-repeat":"repeat","background-position":"center center","background-size":"auto","background-attachment":"scroll","background-type":"","background-media":"","overlay-type":"","overlay-color":"","overlay-opacity":"","overlay-gradient":""}},"ast-content-background-meta":{"desktop":{"background-color":"var(--ast-global-color-4)","background-image":"","background-repeat":"repeat","background-position":"center center","background-size":"auto","background-attachment":"scroll","background-type":"","background-media":"","overlay-type":"","overlay-color":"","overlay-opacity":"","overlay-gradient":""},"tablet":{"background-color":"var(--ast-global-color-4)","background-image":"","background-repeat":"repeat","background-position":"center center","background-size":"auto","background-attachment":"scroll","background-type":"","background-media":"","overlay-type":"","overlay-color":"","overlay-opacity":"","overlay-gradient":""},"mobile":{"background-color":"var(--ast-global-color-4)","background-image":"","background-repeat":"repeat","background-position":"center center","background-size":"auto","background-attachment":"scroll","background-type":"","background-media":"","overlay-type":"","overlay-color":"","overlay-opacity":"","overlay-gradient":""}},"footnotes":""},"categories":[11,1,10],"tags":[],"class_list":["post-53413","post","type-post","status-publish","format-standard","has-post-thumbnail","hentry","category-boletin","category-noticias","category-rotador"],"yoast_head":"<!-- This site is optimized with the Yoast SEO Premium plugin v23.0 (Yoast SEO v27.5) - https:\/\/yoast.com\/product\/yoast-seo-premium-wordpress\/ -->\n<title>Liberan a un C\u00f3ndor Andino que fue encontrado con esquirlas de plomo<\/title>\n<meta name=\"robots\" content=\"index, follow, max-snippet:-1, max-image-preview:large, max-video-preview:-1\" \/>\n<link rel=\"canonical\" href=\"https:\/\/patagoniambiental.com.ar\/info\/liberan-a-un-condor-andino-que-fue-encontrado-con-esquirlas-de-plomo\/\" \/>\n<meta property=\"og:locale\" content=\"es_ES\" \/>\n<meta property=\"og:type\" content=\"article\" \/>\n<meta property=\"og:title\" content=\"Liberan a un C\u00f3ndor Andino que fue encontrado con esquirlas de plomo\" \/>\n<meta property=\"og:description\" content=\"JUJUY.- En la jornada de hoy se realiz\u00f3 la liberaci\u00f3n de un nuevo ejemplar de C\u00f3ndor Andino, que fue rescatado [&hellip;]\" \/>\n<meta property=\"og:url\" content=\"https:\/\/patagoniambiental.com.ar\/info\/liberan-a-un-condor-andino-que-fue-encontrado-con-esquirlas-de-plomo\/\" \/>\n<meta property=\"og:site_name\" content=\"Patagonia Ambiental\" \/>\n<meta property=\"article:publisher\" content=\"https:\/\/www.facebook.com\/patagonia.ambiental\" \/>\n<meta property=\"article:author\" content=\"https:\/\/www.facebook.com\/share\/1C1V8Gv9BX\/?mibextid=qi2Omg\" \/>\n<meta property=\"article:published_time\" content=\"2018-09-22T12:00:37+00:00\" \/>\n<meta property=\"og:image\" content=\"https:\/\/patagoniambiental.com.ar\/info\/wp-content\/uploads\/2018\/09\/condor-jujuy.jpg\" \/>\n\t<meta property=\"og:image:width\" content=\"790\" \/>\n\t<meta property=\"og:image:height\" content=\"444\" \/>\n\t<meta property=\"og:image:type\" content=\"image\/jpeg\" \/>\n<meta name=\"author\" content=\"Patagonia Ambiental\" \/>\n<meta name=\"twitter:card\" content=\"summary_large_image\" \/>\n<meta name=\"twitter:creator\" content=\"@PatAmb\" \/>\n<meta name=\"twitter:site\" content=\"@PatAmb\" \/>\n<script type=\"application\/ld+json\" class=\"yoast-schema-graph\">{\"@context\":\"https:\\\/\\\/schema.org\",\"@graph\":[{\"@type\":\"Article\",\"@id\":\"https:\\\/\\\/patagoniambiental.com.ar\\\/info\\\/liberan-a-un-condor-andino-que-fue-encontrado-con-esquirlas-de-plomo\\\/#article\",\"isPartOf\":{\"@id\":\"https:\\\/\\\/patagoniambiental.com.ar\\\/info\\\/liberan-a-un-condor-andino-que-fue-encontrado-con-esquirlas-de-plomo\\\/\"},\"author\":{\"name\":\"Patagonia Ambiental\",\"@id\":\"https:\\\/\\\/patagoniambiental.com.ar\\\/info\\\/#\\\/schema\\\/person\\\/db12bff64bbcbf6a253710bf0ea37b5d\"},\"headline\":\"Liberan a un C\u00f3ndor Andino que fue encontrado con esquirlas de plomo\",\"datePublished\":\"2018-09-22T12:00:37+00:00\",\"mainEntityOfPage\":{\"@id\":\"https:\\\/\\\/patagoniambiental.com.ar\\\/info\\\/liberan-a-un-condor-andino-que-fue-encontrado-con-esquirlas-de-plomo\\\/\"},\"wordCount\":347,\"commentCount\":0,\"publisher\":{\"@id\":\"https:\\\/\\\/patagoniambiental.com.ar\\\/info\\\/#organization\"},\"image\":{\"@id\":\"https:\\\/\\\/patagoniambiental.com.ar\\\/info\\\/liberan-a-un-condor-andino-que-fue-encontrado-con-esquirlas-de-plomo\\\/#primaryimage\"},\"thumbnailUrl\":\"https:\\\/\\\/patagoniambiental.com.ar\\\/info\\\/wp-content\\\/uploads\\\/2018\\\/09\\\/condor-jujuy.jpg\",\"articleSection\":[\"Bolet\u00edn\",\"Noticias\",\"Rotador\"],\"inLanguage\":\"es\",\"potentialAction\":[{\"@type\":\"CommentAction\",\"name\":\"Comment\",\"target\":[\"https:\\\/\\\/patagoniambiental.com.ar\\\/info\\\/liberan-a-un-condor-andino-que-fue-encontrado-con-esquirlas-de-plomo\\\/#respond\"]}]},{\"@type\":\"WebPage\",\"@id\":\"https:\\\/\\\/patagoniambiental.com.ar\\\/info\\\/liberan-a-un-condor-andino-que-fue-encontrado-con-esquirlas-de-plomo\\\/\",\"url\":\"https:\\\/\\\/patagoniambiental.com.ar\\\/info\\\/liberan-a-un-condor-andino-que-fue-encontrado-con-esquirlas-de-plomo\\\/\",\"name\":\"Liberan a un C\u00f3ndor Andino que fue encontrado con esquirlas de plomo\",\"isPartOf\":{\"@id\":\"https:\\\/\\\/patagoniambiental.com.ar\\\/info\\\/#website\"},\"primaryImageOfPage\":{\"@id\":\"https:\\\/\\\/patagoniambiental.com.ar\\\/info\\\/liberan-a-un-condor-andino-que-fue-encontrado-con-esquirlas-de-plomo\\\/#primaryimage\"},\"image\":{\"@id\":\"https:\\\/\\\/patagoniambiental.com.ar\\\/info\\\/liberan-a-un-condor-andino-que-fue-encontrado-con-esquirlas-de-plomo\\\/#primaryimage\"},\"thumbnailUrl\":\"https:\\\/\\\/patagoniambiental.com.ar\\\/info\\\/wp-content\\\/uploads\\\/2018\\\/09\\\/condor-jujuy.jpg\",\"datePublished\":\"2018-09-22T12:00:37+00:00\",\"breadcrumb\":{\"@id\":\"https:\\\/\\\/patagoniambiental.com.ar\\\/info\\\/liberan-a-un-condor-andino-que-fue-encontrado-con-esquirlas-de-plomo\\\/#breadcrumb\"},\"inLanguage\":\"es\",\"potentialAction\":[{\"@type\":\"ReadAction\",\"target\":[\"https:\\\/\\\/patagoniambiental.com.ar\\\/info\\\/liberan-a-un-condor-andino-que-fue-encontrado-con-esquirlas-de-plomo\\\/\"]}]},{\"@type\":\"ImageObject\",\"inLanguage\":\"es\",\"@id\":\"https:\\\/\\\/patagoniambiental.com.ar\\\/info\\\/liberan-a-un-condor-andino-que-fue-encontrado-con-esquirlas-de-plomo\\\/#primaryimage\",\"url\":\"https:\\\/\\\/patagoniambiental.com.ar\\\/info\\\/wp-content\\\/uploads\\\/2018\\\/09\\\/condor-jujuy.jpg\",\"contentUrl\":\"https:\\\/\\\/patagoniambiental.com.ar\\\/info\\\/wp-content\\\/uploads\\\/2018\\\/09\\\/condor-jujuy.jpg\",\"width\":790,\"height\":444},{\"@type\":\"BreadcrumbList\",\"@id\":\"https:\\\/\\\/patagoniambiental.com.ar\\\/info\\\/liberan-a-un-condor-andino-que-fue-encontrado-con-esquirlas-de-plomo\\\/#breadcrumb\",\"itemListElement\":[{\"@type\":\"ListItem\",\"position\":1,\"name\":\"Inicio\",\"item\":\"https:\\\/\\\/patagoniambiental.com.ar\\\/info\\\/\"},{\"@type\":\"ListItem\",\"position\":2,\"name\":\"Liberan a un C\u00f3ndor Andino que fue encontrado con esquirlas de plomo\"}]},{\"@type\":\"WebSite\",\"@id\":\"https:\\\/\\\/patagoniambiental.com.ar\\\/info\\\/#website\",\"url\":\"https:\\\/\\\/patagoniambiental.com.ar\\\/info\\\/\",\"name\":\"Patagonia Ambiental\",\"description\":\"Monitoreo y an\u00e1lisis de la situaci\u00f3n geopol\u00edtica en el mundo y su implicancia en la Patagonia\",\"publisher\":{\"@id\":\"https:\\\/\\\/patagoniambiental.com.ar\\\/info\\\/#organization\"},\"potentialAction\":[{\"@type\":\"SearchAction\",\"target\":{\"@type\":\"EntryPoint\",\"urlTemplate\":\"https:\\\/\\\/patagoniambiental.com.ar\\\/info\\\/?s={search_term_string}\"},\"query-input\":{\"@type\":\"PropertyValueSpecification\",\"valueRequired\":true,\"valueName\":\"search_term_string\"}}],\"inLanguage\":\"es\"},{\"@type\":\"Organization\",\"@id\":\"https:\\\/\\\/patagoniambiental.com.ar\\\/info\\\/#organization\",\"name\":\"Patagonia Ambiental\",\"url\":\"https:\\\/\\\/patagoniambiental.com.ar\\\/info\\\/\",\"logo\":{\"@type\":\"ImageObject\",\"inLanguage\":\"es\",\"@id\":\"https:\\\/\\\/patagoniambiental.com.ar\\\/info\\\/#\\\/schema\\\/logo\\\/image\\\/\",\"url\":\"https:\\\/\\\/patagoniambiental.com.ar\\\/info\\\/wp-content\\\/uploads\\\/2025\\\/05\\\/LOGO-PATAGONIA-AMBIENTAL.png\",\"contentUrl\":\"https:\\\/\\\/patagoniambiental.com.ar\\\/info\\\/wp-content\\\/uploads\\\/2025\\\/05\\\/LOGO-PATAGONIA-AMBIENTAL.png\",\"width\":433,\"height\":250,\"caption\":\"Patagonia Ambiental\"},\"image\":{\"@id\":\"https:\\\/\\\/patagoniambiental.com.ar\\\/info\\\/#\\\/schema\\\/logo\\\/image\\\/\"},\"sameAs\":[\"https:\\\/\\\/www.facebook.com\\\/patagonia.ambiental\",\"https:\\\/\\\/x.com\\\/PatAmb\"]},{\"@type\":\"Person\",\"@id\":\"https:\\\/\\\/patagoniambiental.com.ar\\\/info\\\/#\\\/schema\\\/person\\\/db12bff64bbcbf6a253710bf0ea37b5d\",\"name\":\"Patagonia Ambiental\",\"description\":\"Andr\u00e9s Nievas T\u00e9cnico en manejo ambiental, consultor Ambiental y escritor para medios locales e internacionales sobre temas de geopolitica y medio ambiente.\",\"sameAs\":[\"http:\\\/\\\/www.patagoniambiental.com.ar\",\"https:\\\/\\\/www.facebook.com\\\/share\\\/1C1V8Gv9BX\\\/?mibextid=qi2Omg\",\"@patagoniambiental\",\"https:\\\/\\\/youtube.com\\\/@patagoniaambiental2023?si=BLt58t0wuXquxlYZ\"]}]}<\/script>\n<!-- \/ Yoast SEO Premium plugin. -->","yoast_head_json":{"title":"Liberan a un C\u00f3ndor Andino que fue encontrado con esquirlas de plomo","robots":{"index":"index","follow":"follow","max-snippet":"max-snippet:-1","max-image-preview":"max-image-preview:large","max-video-preview":"max-video-preview:-1"},"canonical":"https:\/\/patagoniambiental.com.ar\/info\/liberan-a-un-condor-andino-que-fue-encontrado-con-esquirlas-de-plomo\/","og_locale":"es_ES","og_type":"article","og_title":"Liberan a un C\u00f3ndor Andino que fue encontrado con esquirlas de plomo","og_description":"JUJUY.- En la jornada de hoy se realiz\u00f3 la liberaci\u00f3n de un nuevo ejemplar de C\u00f3ndor Andino, que fue rescatado [&hellip;]","og_url":"https:\/\/patagoniambiental.com.ar\/info\/liberan-a-un-condor-andino-que-fue-encontrado-con-esquirlas-de-plomo\/","og_site_name":"Patagonia Ambiental","article_publisher":"https:\/\/www.facebook.com\/patagonia.ambiental","article_author":"https:\/\/www.facebook.com\/share\/1C1V8Gv9BX\/?mibextid=qi2Omg","article_published_time":"2018-09-22T12:00:37+00:00","og_image":[{"width":790,"height":444,"url":"https:\/\/patagoniambiental.com.ar\/info\/wp-content\/uploads\/2018\/09\/condor-jujuy.jpg","type":"image\/jpeg"}],"author":"Patagonia Ambiental","twitter_card":"summary_large_image","twitter_creator":"@PatAmb","twitter_site":"@PatAmb","schema":{"@context":"https:\/\/schema.org","@graph":[{"@type":"Article","@id":"https:\/\/patagoniambiental.com.ar\/info\/liberan-a-un-condor-andino-que-fue-encontrado-con-esquirlas-de-plomo\/#article","isPartOf":{"@id":"https:\/\/patagoniambiental.com.ar\/info\/liberan-a-un-condor-andino-que-fue-encontrado-con-esquirlas-de-plomo\/"},"author":{"name":"Patagonia Ambiental","@id":"https:\/\/patagoniambiental.com.ar\/info\/#\/schema\/person\/db12bff64bbcbf6a253710bf0ea37b5d"},"headline":"Liberan a un C\u00f3ndor Andino que fue encontrado con esquirlas de plomo","datePublished":"2018-09-22T12:00:37+00:00","mainEntityOfPage":{"@id":"https:\/\/patagoniambiental.com.ar\/info\/liberan-a-un-condor-andino-que-fue-encontrado-con-esquirlas-de-plomo\/"},"wordCount":347,"commentCount":0,"publisher":{"@id":"https:\/\/patagoniambiental.com.ar\/info\/#organization"},"image":{"@id":"https:\/\/patagoniambiental.com.ar\/info\/liberan-a-un-condor-andino-que-fue-encontrado-con-esquirlas-de-plomo\/#primaryimage"},"thumbnailUrl":"https:\/\/patagoniambiental.com.ar\/info\/wp-content\/uploads\/2018\/09\/condor-jujuy.jpg","articleSection":["Bolet\u00edn","Noticias","Rotador"],"inLanguage":"es","potentialAction":[{"@type":"CommentAction","name":"Comment","target":["https:\/\/patagoniambiental.com.ar\/info\/liberan-a-un-condor-andino-que-fue-encontrado-con-esquirlas-de-plomo\/#respond"]}]},{"@type":"WebPage","@id":"https:\/\/patagoniambiental.com.ar\/info\/liberan-a-un-condor-andino-que-fue-encontrado-con-esquirlas-de-plomo\/","url":"https:\/\/patagoniambiental.com.ar\/info\/liberan-a-un-condor-andino-que-fue-encontrado-con-esquirlas-de-plomo\/","name":"Liberan a un C\u00f3ndor Andino que fue encontrado con esquirlas de plomo","isPartOf":{"@id":"https:\/\/patagoniambiental.com.ar\/info\/#website"},"primaryImageOfPage":{"@id":"https:\/\/patagoniambiental.com.ar\/info\/liberan-a-un-condor-andino-que-fue-encontrado-con-esquirlas-de-plomo\/#primaryimage"},"image":{"@id":"https:\/\/patagoniambiental.com.ar\/info\/liberan-a-un-condor-andino-que-fue-encontrado-con-esquirlas-de-plomo\/#primaryimage"},"thumbnailUrl":"https:\/\/patagoniambiental.com.ar\/info\/wp-content\/uploads\/2018\/09\/condor-jujuy.jpg","datePublished":"2018-09-22T12:00:37+00:00","breadcrumb":{"@id":"https:\/\/patagoniambiental.com.ar\/info\/liberan-a-un-condor-andino-que-fue-encontrado-con-esquirlas-de-plomo\/#breadcrumb"},"inLanguage":"es","potentialAction":[{"@type":"ReadAction","target":["https:\/\/patagoniambiental.com.ar\/info\/liberan-a-un-condor-andino-que-fue-encontrado-con-esquirlas-de-plomo\/"]}]},{"@type":"ImageObject","inLanguage":"es","@id":"https:\/\/patagoniambiental.com.ar\/info\/liberan-a-un-condor-andino-que-fue-encontrado-con-esquirlas-de-plomo\/#primaryimage","url":"https:\/\/patagoniambiental.com.ar\/info\/wp-content\/uploads\/2018\/09\/condor-jujuy.jpg","contentUrl":"https:\/\/patagoniambiental.com.ar\/info\/wp-content\/uploads\/2018\/09\/condor-jujuy.jpg","width":790,"height":444},{"@type":"BreadcrumbList","@id":"https:\/\/patagoniambiental.com.ar\/info\/liberan-a-un-condor-andino-que-fue-encontrado-con-esquirlas-de-plomo\/#breadcrumb","itemListElement":[{"@type":"ListItem","position":1,"name":"Inicio","item":"https:\/\/patagoniambiental.com.ar\/info\/"},{"@type":"ListItem","position":2,"name":"Liberan a un C\u00f3ndor Andino que fue encontrado con esquirlas de plomo"}]},{"@type":"WebSite","@id":"https:\/\/patagoniambiental.com.ar\/info\/#website","url":"https:\/\/patagoniambiental.com.ar\/info\/","name":"Patagonia Ambiental","description":"Monitoreo y an\u00e1lisis de la situaci\u00f3n geopol\u00edtica en el mundo y su implicancia en la Patagonia","publisher":{"@id":"https:\/\/patagoniambiental.com.ar\/info\/#organization"},"potentialAction":[{"@type":"SearchAction","target":{"@type":"EntryPoint","urlTemplate":"https:\/\/patagoniambiental.com.ar\/info\/?s={search_term_string}"},"query-input":{"@type":"PropertyValueSpecification","valueRequired":true,"valueName":"search_term_string"}}],"inLanguage":"es"},{"@type":"Organization","@id":"https:\/\/patagoniambiental.com.ar\/info\/#organization","name":"Patagonia Ambiental","url":"https:\/\/patagoniambiental.com.ar\/info\/","logo":{"@type":"ImageObject","inLanguage":"es","@id":"https:\/\/patagoniambiental.com.ar\/info\/#\/schema\/logo\/image\/","url":"https:\/\/patagoniambiental.com.ar\/info\/wp-content\/uploads\/2025\/05\/LOGO-PATAGONIA-AMBIENTAL.png","contentUrl":"https:\/\/patagoniambiental.com.ar\/info\/wp-content\/uploads\/2025\/05\/LOGO-PATAGONIA-AMBIENTAL.png","width":433,"height":250,"caption":"Patagonia Ambiental"},"image":{"@id":"https:\/\/patagoniambiental.com.ar\/info\/#\/schema\/logo\/image\/"},"sameAs":["https:\/\/www.facebook.com\/patagonia.ambiental","https:\/\/x.com\/PatAmb"]},{"@type":"Person","@id":"https:\/\/patagoniambiental.com.ar\/info\/#\/schema\/person\/db12bff64bbcbf6a253710bf0ea37b5d","name":"Patagonia Ambiental","description":"Andr\u00e9s Nievas T\u00e9cnico en manejo ambiental, consultor Ambiental y escritor para medios locales e internacionales sobre temas de geopolitica y medio ambiente.","sameAs":["http:\/\/www.patagoniambiental.com.ar","https:\/\/www.facebook.com\/share\/1C1V8Gv9BX\/?mibextid=qi2Omg","@patagoniambiental","https:\/\/youtube.com\/@patagoniaambiental2023?si=BLt58t0wuXquxlYZ"]}]}},"_links":{"self":[{"href":"https:\/\/patagoniambiental.com.ar\/info\/wp-json\/wp\/v2\/posts\/53413","targetHints":{"allow":["GET"]}}],"collection":[{"href":"https:\/\/patagoniambiental.com.ar\/info\/wp-json\/wp\/v2\/posts"}],"about":[{"href":"https:\/\/patagoniambiental.com.ar\/info\/wp-json\/wp\/v2\/types\/post"}],"author":[{"embeddable":true,"href":"https:\/\/patagoniambiental.com.ar\/info\/wp-json\/wp\/v2\/users\/2"}],"replies":[{"embeddable":true,"href":"https:\/\/patagoniambiental.com.ar\/info\/wp-json\/wp\/v2\/comments?post=53413"}],"version-history":[{"count":0,"href":"https:\/\/patagoniambiental.com.ar\/info\/wp-json\/wp\/v2\/posts\/53413\/revisions"}],"wp:featuredmedia":[{"embeddable":true,"href":"https:\/\/patagoniambiental.com.ar\/info\/wp-json\/wp\/v2\/media\/53414"}],"wp:attachment":[{"href":"https:\/\/patagoniambiental.com.ar\/info\/wp-json\/wp\/v2\/media?parent=53413"}],"wp:term":[{"taxonomy":"category","embeddable":true,"href":"https:\/\/patagoniambiental.com.ar\/info\/wp-json\/wp\/v2\/categories?post=53413"},{"taxonomy":"post_tag","embeddable":true,"href":"https:\/\/patagoniambiental.com.ar\/info\/wp-json\/wp\/v2\/tags?post=53413"}],"curies":[{"name":"wp","href":"https:\/\/api.w.org\/{rel}","templated":true}]}}