{"id":54018,"date":"2018-10-02T19:00:54","date_gmt":"2018-10-02T22:00:54","guid":{"rendered":"http:\/\/patagoniambiental.com.ar\/info\/?p=54018"},"modified":"2018-10-02T10:23:06","modified_gmt":"2018-10-02T13:23:06","slug":"empresa-ante-nuevo-ataque-incendiario-en-la-araucania-hemos-sido-victimas-de-un-acto-terrorista","status":"publish","type":"post","link":"https:\/\/patagoniambiental.com.ar\/info\/empresa-ante-nuevo-ataque-incendiario-en-la-araucania-hemos-sido-victimas-de-un-acto-terrorista\/","title":{"rendered":"Empresa ante nuevo ataque incendiario en La Araucan\u00eda: \u00abHemos sido v\u00edctimas de un acto terrorista\u00bb"},"content":{"rendered":"<div class=\"storyMedia storyMediaTop\">\n<div class=\"storyMediaCaption\">\n<p class=\"lead\">Regi\u00f3n de la Araucania.-La empresa Sotraser difundi\u00f3 un comunicado en el cual rechazaron los ataques e hicieron un llamado al Gobierno para que adopte medidas m\u00e1s efectivas ante los \u00abestas graves alteraciones al Estado de Derecho\u00bb.<\/p>\n<\/div>\n<\/div>\n<p><!--more--><\/p>\n<article class=\"html5itemGroup col-xs-10 col-xs-push-1 col-xs-pull-1 contenido2\">\n<div class=\"html5itemGroup title\">\n<address class=\"html5itemGroup \"><img fetchpriority=\"high\" decoding=\"async\" class=\"size-medium wp-image-54019 alignleft\" src=\"https:\/\/patagoniambiental.com.ar\/info\/wp-content\/uploads\/2018\/10\/Sin-t\u00edtulo-600x296.jpg\" alt=\"\" width=\"600\" height=\"296\" \/><\/address>\n<\/div>\n<p align=\"justify\">Este lunes se registr\u00f3 un nuevo ataque incendiario en Lautaro, Regi\u00f3n de La Araucan\u00eda, el cual afect\u00f3 a\u00a0<strong>4 camiones forestales del Fundo Oyama del sector La Colonia.<\/strong><\/p>\n<p align=\"justify\">Ante estos hechos, la empresa afectada,\u00a0<strong>Sotraser,<\/strong>\u00a0difundi\u00f3 una declaraci\u00f3n p\u00fablica en la cual indican que \u00abnuevamente han sido v\u00edctimas de un acto terrorista\u00bb, lamentando y condenando el ataque, que termin\u00f3 con una persona herida tras enfrentarse con Carabineros.<\/p>\n<p>Adem\u00e1s hicieron un llamado al Gobierno para que adopte medidas m\u00e1s efectivas ante los<strong>\u00a0\u00abestas graves alteraciones al Estado de Derecho\u00bb,<\/strong>\u00a0indicaron.<\/p>\n<div class=\"SandboxRoot env-bp-350\" data-twitter-event-id=\"0\">\n<div id=\"twitter-widget-0\" class=\"EmbeddedTweet EmbeddedTweet--edge EmbeddedTweet--mediaForward media-forward js-clickToOpenTarget js-tweetIdInfo tweet-InformationCircle-widgetParent\" lang=\"es\" data-click-to-open-target=\"https:\/\/twitter.com\/Info5Chile\/status\/1046882183296757761\" data-iframe-title=\"Tweet de Twitter\" data-scribe=\"page:tweet\" data-tweet-id=\"1046882183296757761\" data-twitter-event-id=\"1\">\n<article class=\"MediaCard\n           MediaCard--mediaForward\n\n           cards-multimedia\n           customisable-border\" dir=\"ltr\" data-scribe=\"component:card\"><\/p>\n<div class=\"MediaCard-media\">\n<div class=\"MediaCard-widthConstraint js-cspForcedStyle\" data-style=\"max-width: 2000px\">\n<div class=\"MediaCard-mediaContainer js-cspForcedStyle\" data-style=\"padding-bottom: 100.0000%\">\n<div class=\"NaturalImage-ctaOverlay PlayButton PlayButton--centered\" data-scribe=\"element:play_button\">\n<div class=\"Icon Icon--playCircle \" title=\"Reproducir contenido multimedia\" role=\"img\" aria-label=\"Reproducir contenido multimedia\"><\/div>\n<\/div>\n<\/div>\n<\/div>\n<\/div>\n<\/article>\n<div class=\"EmbeddedTweet-tweetContainer\">\n<div class=\"EmbeddedTweet-tweet\">\n<blockquote class=\"Tweet h-entry js-tweetIdInfo subject expanded\" cite=\"https:\/\/twitter.com\/Info5Chile\/status\/1046882183296757761\" data-tweet-id=\"1046882183296757761\" data-scribe=\"section:subject\">\n<div class=\"Tweet-header\">Revisa a continuaci\u00f3n la declaraci\u00f3n completa:<\/div>\n<\/blockquote>\n<\/div>\n<\/div>\n<\/div>\n<\/div>\n<p align=\"justify\"><strong><em>\u00abCon gran frustraci\u00f3n e indignaci\u00f3n debemos comunicar que nuevamente hemos sido v\u00edctimas de un acto terrorista en la Araucan\u00eda<\/em><\/strong><\/p>\n<p align=\"justify\"><strong><em>Tres camiones de nuestra empresa, junto a otros camiones y maquinaria de otras empresas fueron quemados hoy a plena luz del d\u00eda mientras se realizaba el retiro de madera desde el predio Ollama y Pangal (comuna de Lautaro) en una faena de Forestal Valdivia.<\/em><\/strong><\/p>\n<p align=\"justify\"><em><strong><br \/>\nCondenamos y lamentamos profundamente este nuevo atentado terrorista.\u00a0Es la segunda vez que antisociales ponen en riesgo la vida y estabilidad laboral de nuestros trabajadores.<\/strong><\/em><\/p>\n<p align=\"justify\"><strong><em>Luego del anterior atentado, donde fueron incendiados 29 camiones, implementamos una extensa serie de medidas para asegurar nuestra base de operaci\u00f3n en San Jos\u00e9 de la Mariquina. Ahora, \u00bfcomo podemos asegurar el tr\u00e1nsito de nuestros camiones por caminos de nuestro pa\u00eds?<\/em><\/strong><\/p>\n<p align=\"justify\"><strong><em>Vamos a hacernos parte de la querella, que esperamos la autoridad tome iniciativa de ejercer; no dejaremos impune este cobarde acto y apelaremos a todas las instancias para dar con los responsables.<\/em><\/strong><\/p>\n<p align=\"justify\"><strong><em>Nuevamente hacemos un llamado al Gobierno a adoptar medidas diferentes y m\u00e1s efectivas frente a estas graves alteraciones al Estado de Derecho y la seguridad de los chilenos\u00bb.<\/em><\/strong><\/p>\n<p align=\"justify\">Fuente:\u00a0https:\/\/www.24horas.cl\/nacional\/empresa-ante-nuevo-ataque-incendiario-en-la-araucania-hemos-sido-victimas-de-un-acto-terrorista-2829182<\/p>\n<\/article>\n","protected":false},"excerpt":{"rendered":"<p>Regi\u00f3n de la Araucania.-La empresa Sotraser difundi\u00f3 un comunicado en el cual rechazaron los ataques e hicieron un llamado al [&hellip;]<\/p>\n","protected":false},"author":2,"featured_media":54019,"comment_status":"open","ping_status":"open","sticky":false,"template":"","format":"standard","meta":{"site-sidebar-layout":"default","site-content-layout":"","ast-site-content-layout":"default","site-content-style":"default","site-sidebar-style":"default","ast-global-header-display":"","ast-banner-title-visibility":"","ast-main-header-display":"","ast-hfb-above-header-display":"","ast-hfb-below-header-display":"","ast-hfb-mobile-header-display":"","site-post-title":"","ast-breadcrumbs-content":"","ast-featured-img":"","footer-sml-layout":"","ast-disable-related-posts":"","theme-transparent-header-meta":"","adv-header-id-meta":"","stick-header-meta":"","header-above-stick-meta":"","header-main-stick-meta":"","header-below-stick-meta":"","astra-migrate-meta-layouts":"default","ast-page-background-enabled":"default","ast-page-background-meta":{"desktop":{"background-color":"var(--ast-global-color-5)","background-image":"","background-repeat":"repeat","background-position":"center center","background-size":"auto","background-attachment":"scroll","background-type":"","background-media":"","overlay-type":"","overlay-color":"","overlay-opacity":"","overlay-gradient":""},"tablet":{"background-color":"","background-image":"","background-repeat":"repeat","background-position":"center center","background-size":"auto","background-attachment":"scroll","background-type":"","background-media":"","overlay-type":"","overlay-color":"","overlay-opacity":"","overlay-gradient":""},"mobile":{"background-color":"","background-image":"","background-repeat":"repeat","background-position":"center center","background-size":"auto","background-attachment":"scroll","background-type":"","background-media":"","overlay-type":"","overlay-color":"","overlay-opacity":"","overlay-gradient":""}},"ast-content-background-meta":{"desktop":{"background-color":"var(--ast-global-color-4)","background-image":"","background-repeat":"repeat","background-position":"center center","background-size":"auto","background-attachment":"scroll","background-type":"","background-media":"","overlay-type":"","overlay-color":"","overlay-opacity":"","overlay-gradient":""},"tablet":{"background-color":"var(--ast-global-color-4)","background-image":"","background-repeat":"repeat","background-position":"center center","background-size":"auto","background-attachment":"scroll","background-type":"","background-media":"","overlay-type":"","overlay-color":"","overlay-opacity":"","overlay-gradient":""},"mobile":{"background-color":"var(--ast-global-color-4)","background-image":"","background-repeat":"repeat","background-position":"center center","background-size":"auto","background-attachment":"scroll","background-type":"","background-media":"","overlay-type":"","overlay-color":"","overlay-opacity":"","overlay-gradient":""}},"footnotes":""},"categories":[23,1],"tags":[],"class_list":["post-54018","post","type-post","status-publish","format-standard","has-post-thumbnail","hentry","category-internacionales","category-noticias"],"yoast_head":"<!-- This site is optimized with the Yoast SEO Premium plugin v23.0 (Yoast SEO v27.4) - https:\/\/yoast.com\/product\/yoast-seo-premium-wordpress\/ -->\n<title>Empresa ante nuevo ataque incendiario en La Araucan\u00eda: &quot;Hemos sido v\u00edctimas de un acto terrorista&quot;<\/title>\n<meta name=\"robots\" content=\"index, follow, max-snippet:-1, max-image-preview:large, max-video-preview:-1\" \/>\n<link rel=\"canonical\" href=\"https:\/\/patagoniambiental.com.ar\/info\/empresa-ante-nuevo-ataque-incendiario-en-la-araucania-hemos-sido-victimas-de-un-acto-terrorista\/\" \/>\n<meta property=\"og:locale\" content=\"es_ES\" \/>\n<meta property=\"og:type\" content=\"article\" \/>\n<meta property=\"og:title\" content=\"Empresa ante nuevo ataque incendiario en La Araucan\u00eda: &quot;Hemos sido v\u00edctimas de un acto terrorista&quot;\" \/>\n<meta property=\"og:description\" content=\"Regi\u00f3n de la Araucania.-La empresa Sotraser difundi\u00f3 un comunicado en el cual rechazaron los ataques e hicieron un llamado al [&hellip;]\" \/>\n<meta property=\"og:url\" content=\"https:\/\/patagoniambiental.com.ar\/info\/empresa-ante-nuevo-ataque-incendiario-en-la-araucania-hemos-sido-victimas-de-un-acto-terrorista\/\" \/>\n<meta property=\"og:site_name\" content=\"Patagonia Ambiental\" \/>\n<meta property=\"article:publisher\" content=\"https:\/\/www.facebook.com\/patagonia.ambiental\" \/>\n<meta property=\"article:author\" content=\"https:\/\/www.facebook.com\/share\/1C1V8Gv9BX\/?mibextid=qi2Omg\" \/>\n<meta property=\"article:published_time\" content=\"2018-10-02T22:00:54+00:00\" \/>\n<meta property=\"og:image\" content=\"https:\/\/patagoniambiental.com.ar\/info\/wp-content\/uploads\/2018\/10\/Sin-t\u00edtulo.jpg\" \/>\n\t<meta property=\"og:image:width\" content=\"828\" \/>\n\t<meta property=\"og:image:height\" content=\"408\" \/>\n\t<meta property=\"og:image:type\" content=\"image\/jpeg\" \/>\n<meta name=\"author\" content=\"Patagonia Ambiental\" \/>\n<meta name=\"twitter:card\" content=\"summary_large_image\" \/>\n<meta name=\"twitter:creator\" content=\"@PatAmb\" \/>\n<meta name=\"twitter:site\" content=\"@PatAmb\" \/>\n<script type=\"application\/ld+json\" class=\"yoast-schema-graph\">{\"@context\":\"https:\\\/\\\/schema.org\",\"@graph\":[{\"@type\":\"Article\",\"@id\":\"https:\\\/\\\/patagoniambiental.com.ar\\\/info\\\/empresa-ante-nuevo-ataque-incendiario-en-la-araucania-hemos-sido-victimas-de-un-acto-terrorista\\\/#article\",\"isPartOf\":{\"@id\":\"https:\\\/\\\/patagoniambiental.com.ar\\\/info\\\/empresa-ante-nuevo-ataque-incendiario-en-la-araucania-hemos-sido-victimas-de-un-acto-terrorista\\\/\"},\"author\":{\"name\":\"Patagonia Ambiental\",\"@id\":\"https:\\\/\\\/patagoniambiental.com.ar\\\/info\\\/#\\\/schema\\\/person\\\/db12bff64bbcbf6a253710bf0ea37b5d\"},\"headline\":\"Empresa ante nuevo ataque incendiario en La Araucan\u00eda: \u00abHemos sido v\u00edctimas de un acto terrorista\u00bb\",\"datePublished\":\"2018-10-02T22:00:54+00:00\",\"mainEntityOfPage\":{\"@id\":\"https:\\\/\\\/patagoniambiental.com.ar\\\/info\\\/empresa-ante-nuevo-ataque-incendiario-en-la-araucania-hemos-sido-victimas-de-un-acto-terrorista\\\/\"},\"wordCount\":363,\"commentCount\":0,\"publisher\":{\"@id\":\"https:\\\/\\\/patagoniambiental.com.ar\\\/info\\\/#organization\"},\"image\":{\"@id\":\"https:\\\/\\\/patagoniambiental.com.ar\\\/info\\\/empresa-ante-nuevo-ataque-incendiario-en-la-araucania-hemos-sido-victimas-de-un-acto-terrorista\\\/#primaryimage\"},\"thumbnailUrl\":\"https:\\\/\\\/patagoniambiental.com.ar\\\/info\\\/wp-content\\\/uploads\\\/2018\\\/10\\\/Sin-t\u00edtulo.jpg\",\"articleSection\":[\"Internacionales\",\"Noticias\"],\"inLanguage\":\"es\",\"potentialAction\":[{\"@type\":\"CommentAction\",\"name\":\"Comment\",\"target\":[\"https:\\\/\\\/patagoniambiental.com.ar\\\/info\\\/empresa-ante-nuevo-ataque-incendiario-en-la-araucania-hemos-sido-victimas-de-un-acto-terrorista\\\/#respond\"]}]},{\"@type\":\"WebPage\",\"@id\":\"https:\\\/\\\/patagoniambiental.com.ar\\\/info\\\/empresa-ante-nuevo-ataque-incendiario-en-la-araucania-hemos-sido-victimas-de-un-acto-terrorista\\\/\",\"url\":\"https:\\\/\\\/patagoniambiental.com.ar\\\/info\\\/empresa-ante-nuevo-ataque-incendiario-en-la-araucania-hemos-sido-victimas-de-un-acto-terrorista\\\/\",\"name\":\"Empresa ante nuevo ataque incendiario en La Araucan\u00eda: \\\"Hemos sido v\u00edctimas de un acto terrorista\\\"\",\"isPartOf\":{\"@id\":\"https:\\\/\\\/patagoniambiental.com.ar\\\/info\\\/#website\"},\"primaryImageOfPage\":{\"@id\":\"https:\\\/\\\/patagoniambiental.com.ar\\\/info\\\/empresa-ante-nuevo-ataque-incendiario-en-la-araucania-hemos-sido-victimas-de-un-acto-terrorista\\\/#primaryimage\"},\"image\":{\"@id\":\"https:\\\/\\\/patagoniambiental.com.ar\\\/info\\\/empresa-ante-nuevo-ataque-incendiario-en-la-araucania-hemos-sido-victimas-de-un-acto-terrorista\\\/#primaryimage\"},\"thumbnailUrl\":\"https:\\\/\\\/patagoniambiental.com.ar\\\/info\\\/wp-content\\\/uploads\\\/2018\\\/10\\\/Sin-t\u00edtulo.jpg\",\"datePublished\":\"2018-10-02T22:00:54+00:00\",\"breadcrumb\":{\"@id\":\"https:\\\/\\\/patagoniambiental.com.ar\\\/info\\\/empresa-ante-nuevo-ataque-incendiario-en-la-araucania-hemos-sido-victimas-de-un-acto-terrorista\\\/#breadcrumb\"},\"inLanguage\":\"es\",\"potentialAction\":[{\"@type\":\"ReadAction\",\"target\":[\"https:\\\/\\\/patagoniambiental.com.ar\\\/info\\\/empresa-ante-nuevo-ataque-incendiario-en-la-araucania-hemos-sido-victimas-de-un-acto-terrorista\\\/\"]}]},{\"@type\":\"ImageObject\",\"inLanguage\":\"es\",\"@id\":\"https:\\\/\\\/patagoniambiental.com.ar\\\/info\\\/empresa-ante-nuevo-ataque-incendiario-en-la-araucania-hemos-sido-victimas-de-un-acto-terrorista\\\/#primaryimage\",\"url\":\"https:\\\/\\\/patagoniambiental.com.ar\\\/info\\\/wp-content\\\/uploads\\\/2018\\\/10\\\/Sin-t\u00edtulo.jpg\",\"contentUrl\":\"https:\\\/\\\/patagoniambiental.com.ar\\\/info\\\/wp-content\\\/uploads\\\/2018\\\/10\\\/Sin-t\u00edtulo.jpg\",\"width\":828,\"height\":408},{\"@type\":\"BreadcrumbList\",\"@id\":\"https:\\\/\\\/patagoniambiental.com.ar\\\/info\\\/empresa-ante-nuevo-ataque-incendiario-en-la-araucania-hemos-sido-victimas-de-un-acto-terrorista\\\/#breadcrumb\",\"itemListElement\":[{\"@type\":\"ListItem\",\"position\":1,\"name\":\"Inicio\",\"item\":\"https:\\\/\\\/patagoniambiental.com.ar\\\/info\\\/\"},{\"@type\":\"ListItem\",\"position\":2,\"name\":\"Empresa ante nuevo ataque incendiario en La Araucan\u00eda: \u00abHemos sido v\u00edctimas de un acto terrorista\u00bb\"}]},{\"@type\":\"WebSite\",\"@id\":\"https:\\\/\\\/patagoniambiental.com.ar\\\/info\\\/#website\",\"url\":\"https:\\\/\\\/patagoniambiental.com.ar\\\/info\\\/\",\"name\":\"Patagonia Ambiental\",\"description\":\"Monitoreo y an\u00e1lisis de la situaci\u00f3n geopol\u00edtica en el mundo y su implicancia en la Patagonia\",\"publisher\":{\"@id\":\"https:\\\/\\\/patagoniambiental.com.ar\\\/info\\\/#organization\"},\"potentialAction\":[{\"@type\":\"SearchAction\",\"target\":{\"@type\":\"EntryPoint\",\"urlTemplate\":\"https:\\\/\\\/patagoniambiental.com.ar\\\/info\\\/?s={search_term_string}\"},\"query-input\":{\"@type\":\"PropertyValueSpecification\",\"valueRequired\":true,\"valueName\":\"search_term_string\"}}],\"inLanguage\":\"es\"},{\"@type\":\"Organization\",\"@id\":\"https:\\\/\\\/patagoniambiental.com.ar\\\/info\\\/#organization\",\"name\":\"Patagonia Ambiental\",\"url\":\"https:\\\/\\\/patagoniambiental.com.ar\\\/info\\\/\",\"logo\":{\"@type\":\"ImageObject\",\"inLanguage\":\"es\",\"@id\":\"https:\\\/\\\/patagoniambiental.com.ar\\\/info\\\/#\\\/schema\\\/logo\\\/image\\\/\",\"url\":\"https:\\\/\\\/patagoniambiental.com.ar\\\/info\\\/wp-content\\\/uploads\\\/2025\\\/05\\\/LOGO-PATAGONIA-AMBIENTAL.png\",\"contentUrl\":\"https:\\\/\\\/patagoniambiental.com.ar\\\/info\\\/wp-content\\\/uploads\\\/2025\\\/05\\\/LOGO-PATAGONIA-AMBIENTAL.png\",\"width\":433,\"height\":250,\"caption\":\"Patagonia Ambiental\"},\"image\":{\"@id\":\"https:\\\/\\\/patagoniambiental.com.ar\\\/info\\\/#\\\/schema\\\/logo\\\/image\\\/\"},\"sameAs\":[\"https:\\\/\\\/www.facebook.com\\\/patagonia.ambiental\",\"https:\\\/\\\/x.com\\\/PatAmb\"]},{\"@type\":\"Person\",\"@id\":\"https:\\\/\\\/patagoniambiental.com.ar\\\/info\\\/#\\\/schema\\\/person\\\/db12bff64bbcbf6a253710bf0ea37b5d\",\"name\":\"Patagonia Ambiental\",\"description\":\"Andr\u00e9s Nievas T\u00e9cnico en manejo ambiental, consultor Ambiental y escritor para medios locales e internacionales sobre temas de geopolitica y medio ambiente.\",\"sameAs\":[\"http:\\\/\\\/www.patagoniambiental.com.ar\",\"https:\\\/\\\/www.facebook.com\\\/share\\\/1C1V8Gv9BX\\\/?mibextid=qi2Omg\",\"@patagoniambiental\",\"https:\\\/\\\/youtube.com\\\/@patagoniaambiental2023?si=BLt58t0wuXquxlYZ\"]}]}<\/script>\n<!-- \/ Yoast SEO Premium plugin. -->","yoast_head_json":{"title":"Empresa ante nuevo ataque incendiario en La Araucan\u00eda: \"Hemos sido v\u00edctimas de un acto terrorista\"","robots":{"index":"index","follow":"follow","max-snippet":"max-snippet:-1","max-image-preview":"max-image-preview:large","max-video-preview":"max-video-preview:-1"},"canonical":"https:\/\/patagoniambiental.com.ar\/info\/empresa-ante-nuevo-ataque-incendiario-en-la-araucania-hemos-sido-victimas-de-un-acto-terrorista\/","og_locale":"es_ES","og_type":"article","og_title":"Empresa ante nuevo ataque incendiario en La Araucan\u00eda: \"Hemos sido v\u00edctimas de un acto terrorista\"","og_description":"Regi\u00f3n de la Araucania.-La empresa Sotraser difundi\u00f3 un comunicado en el cual rechazaron los ataques e hicieron un llamado al [&hellip;]","og_url":"https:\/\/patagoniambiental.com.ar\/info\/empresa-ante-nuevo-ataque-incendiario-en-la-araucania-hemos-sido-victimas-de-un-acto-terrorista\/","og_site_name":"Patagonia Ambiental","article_publisher":"https:\/\/www.facebook.com\/patagonia.ambiental","article_author":"https:\/\/www.facebook.com\/share\/1C1V8Gv9BX\/?mibextid=qi2Omg","article_published_time":"2018-10-02T22:00:54+00:00","og_image":[{"width":828,"height":408,"url":"https:\/\/patagoniambiental.com.ar\/info\/wp-content\/uploads\/2018\/10\/Sin-t\u00edtulo.jpg","type":"image\/jpeg"}],"author":"Patagonia Ambiental","twitter_card":"summary_large_image","twitter_creator":"@PatAmb","twitter_site":"@PatAmb","schema":{"@context":"https:\/\/schema.org","@graph":[{"@type":"Article","@id":"https:\/\/patagoniambiental.com.ar\/info\/empresa-ante-nuevo-ataque-incendiario-en-la-araucania-hemos-sido-victimas-de-un-acto-terrorista\/#article","isPartOf":{"@id":"https:\/\/patagoniambiental.com.ar\/info\/empresa-ante-nuevo-ataque-incendiario-en-la-araucania-hemos-sido-victimas-de-un-acto-terrorista\/"},"author":{"name":"Patagonia Ambiental","@id":"https:\/\/patagoniambiental.com.ar\/info\/#\/schema\/person\/db12bff64bbcbf6a253710bf0ea37b5d"},"headline":"Empresa ante nuevo ataque incendiario en La Araucan\u00eda: \u00abHemos sido v\u00edctimas de un acto terrorista\u00bb","datePublished":"2018-10-02T22:00:54+00:00","mainEntityOfPage":{"@id":"https:\/\/patagoniambiental.com.ar\/info\/empresa-ante-nuevo-ataque-incendiario-en-la-araucania-hemos-sido-victimas-de-un-acto-terrorista\/"},"wordCount":363,"commentCount":0,"publisher":{"@id":"https:\/\/patagoniambiental.com.ar\/info\/#organization"},"image":{"@id":"https:\/\/patagoniambiental.com.ar\/info\/empresa-ante-nuevo-ataque-incendiario-en-la-araucania-hemos-sido-victimas-de-un-acto-terrorista\/#primaryimage"},"thumbnailUrl":"https:\/\/patagoniambiental.com.ar\/info\/wp-content\/uploads\/2018\/10\/Sin-t\u00edtulo.jpg","articleSection":["Internacionales","Noticias"],"inLanguage":"es","potentialAction":[{"@type":"CommentAction","name":"Comment","target":["https:\/\/patagoniambiental.com.ar\/info\/empresa-ante-nuevo-ataque-incendiario-en-la-araucania-hemos-sido-victimas-de-un-acto-terrorista\/#respond"]}]},{"@type":"WebPage","@id":"https:\/\/patagoniambiental.com.ar\/info\/empresa-ante-nuevo-ataque-incendiario-en-la-araucania-hemos-sido-victimas-de-un-acto-terrorista\/","url":"https:\/\/patagoniambiental.com.ar\/info\/empresa-ante-nuevo-ataque-incendiario-en-la-araucania-hemos-sido-victimas-de-un-acto-terrorista\/","name":"Empresa ante nuevo ataque incendiario en La Araucan\u00eda: \"Hemos sido v\u00edctimas de un acto terrorista\"","isPartOf":{"@id":"https:\/\/patagoniambiental.com.ar\/info\/#website"},"primaryImageOfPage":{"@id":"https:\/\/patagoniambiental.com.ar\/info\/empresa-ante-nuevo-ataque-incendiario-en-la-araucania-hemos-sido-victimas-de-un-acto-terrorista\/#primaryimage"},"image":{"@id":"https:\/\/patagoniambiental.com.ar\/info\/empresa-ante-nuevo-ataque-incendiario-en-la-araucania-hemos-sido-victimas-de-un-acto-terrorista\/#primaryimage"},"thumbnailUrl":"https:\/\/patagoniambiental.com.ar\/info\/wp-content\/uploads\/2018\/10\/Sin-t\u00edtulo.jpg","datePublished":"2018-10-02T22:00:54+00:00","breadcrumb":{"@id":"https:\/\/patagoniambiental.com.ar\/info\/empresa-ante-nuevo-ataque-incendiario-en-la-araucania-hemos-sido-victimas-de-un-acto-terrorista\/#breadcrumb"},"inLanguage":"es","potentialAction":[{"@type":"ReadAction","target":["https:\/\/patagoniambiental.com.ar\/info\/empresa-ante-nuevo-ataque-incendiario-en-la-araucania-hemos-sido-victimas-de-un-acto-terrorista\/"]}]},{"@type":"ImageObject","inLanguage":"es","@id":"https:\/\/patagoniambiental.com.ar\/info\/empresa-ante-nuevo-ataque-incendiario-en-la-araucania-hemos-sido-victimas-de-un-acto-terrorista\/#primaryimage","url":"https:\/\/patagoniambiental.com.ar\/info\/wp-content\/uploads\/2018\/10\/Sin-t\u00edtulo.jpg","contentUrl":"https:\/\/patagoniambiental.com.ar\/info\/wp-content\/uploads\/2018\/10\/Sin-t\u00edtulo.jpg","width":828,"height":408},{"@type":"BreadcrumbList","@id":"https:\/\/patagoniambiental.com.ar\/info\/empresa-ante-nuevo-ataque-incendiario-en-la-araucania-hemos-sido-victimas-de-un-acto-terrorista\/#breadcrumb","itemListElement":[{"@type":"ListItem","position":1,"name":"Inicio","item":"https:\/\/patagoniambiental.com.ar\/info\/"},{"@type":"ListItem","position":2,"name":"Empresa ante nuevo ataque incendiario en La Araucan\u00eda: \u00abHemos sido v\u00edctimas de un acto terrorista\u00bb"}]},{"@type":"WebSite","@id":"https:\/\/patagoniambiental.com.ar\/info\/#website","url":"https:\/\/patagoniambiental.com.ar\/info\/","name":"Patagonia Ambiental","description":"Monitoreo y an\u00e1lisis de la situaci\u00f3n geopol\u00edtica en el mundo y su implicancia en la Patagonia","publisher":{"@id":"https:\/\/patagoniambiental.com.ar\/info\/#organization"},"potentialAction":[{"@type":"SearchAction","target":{"@type":"EntryPoint","urlTemplate":"https:\/\/patagoniambiental.com.ar\/info\/?s={search_term_string}"},"query-input":{"@type":"PropertyValueSpecification","valueRequired":true,"valueName":"search_term_string"}}],"inLanguage":"es"},{"@type":"Organization","@id":"https:\/\/patagoniambiental.com.ar\/info\/#organization","name":"Patagonia Ambiental","url":"https:\/\/patagoniambiental.com.ar\/info\/","logo":{"@type":"ImageObject","inLanguage":"es","@id":"https:\/\/patagoniambiental.com.ar\/info\/#\/schema\/logo\/image\/","url":"https:\/\/patagoniambiental.com.ar\/info\/wp-content\/uploads\/2025\/05\/LOGO-PATAGONIA-AMBIENTAL.png","contentUrl":"https:\/\/patagoniambiental.com.ar\/info\/wp-content\/uploads\/2025\/05\/LOGO-PATAGONIA-AMBIENTAL.png","width":433,"height":250,"caption":"Patagonia Ambiental"},"image":{"@id":"https:\/\/patagoniambiental.com.ar\/info\/#\/schema\/logo\/image\/"},"sameAs":["https:\/\/www.facebook.com\/patagonia.ambiental","https:\/\/x.com\/PatAmb"]},{"@type":"Person","@id":"https:\/\/patagoniambiental.com.ar\/info\/#\/schema\/person\/db12bff64bbcbf6a253710bf0ea37b5d","name":"Patagonia Ambiental","description":"Andr\u00e9s Nievas T\u00e9cnico en manejo ambiental, consultor Ambiental y escritor para medios locales e internacionales sobre temas de geopolitica y medio ambiente.","sameAs":["http:\/\/www.patagoniambiental.com.ar","https:\/\/www.facebook.com\/share\/1C1V8Gv9BX\/?mibextid=qi2Omg","@patagoniambiental","https:\/\/youtube.com\/@patagoniaambiental2023?si=BLt58t0wuXquxlYZ"]}]}},"_links":{"self":[{"href":"https:\/\/patagoniambiental.com.ar\/info\/wp-json\/wp\/v2\/posts\/54018","targetHints":{"allow":["GET"]}}],"collection":[{"href":"https:\/\/patagoniambiental.com.ar\/info\/wp-json\/wp\/v2\/posts"}],"about":[{"href":"https:\/\/patagoniambiental.com.ar\/info\/wp-json\/wp\/v2\/types\/post"}],"author":[{"embeddable":true,"href":"https:\/\/patagoniambiental.com.ar\/info\/wp-json\/wp\/v2\/users\/2"}],"replies":[{"embeddable":true,"href":"https:\/\/patagoniambiental.com.ar\/info\/wp-json\/wp\/v2\/comments?post=54018"}],"version-history":[{"count":0,"href":"https:\/\/patagoniambiental.com.ar\/info\/wp-json\/wp\/v2\/posts\/54018\/revisions"}],"wp:featuredmedia":[{"embeddable":true,"href":"https:\/\/patagoniambiental.com.ar\/info\/wp-json\/wp\/v2\/media\/54019"}],"wp:attachment":[{"href":"https:\/\/patagoniambiental.com.ar\/info\/wp-json\/wp\/v2\/media?parent=54018"}],"wp:term":[{"taxonomy":"category","embeddable":true,"href":"https:\/\/patagoniambiental.com.ar\/info\/wp-json\/wp\/v2\/categories?post=54018"},{"taxonomy":"post_tag","embeddable":true,"href":"https:\/\/patagoniambiental.com.ar\/info\/wp-json\/wp\/v2\/tags?post=54018"}],"curies":[{"name":"wp","href":"https:\/\/api.w.org\/{rel}","templated":true}]}}