{"id":54021,"date":"2018-10-02T09:00:08","date_gmt":"2018-10-02T12:00:08","guid":{"rendered":"http:\/\/patagoniambiental.com.ar\/info\/?p=54021"},"modified":"2018-10-02T10:28:06","modified_gmt":"2018-10-02T13:28:06","slug":"carabineros-se-enfrenta-a-desconocidos-tras-ataque-incendiario-en-lautaro","status":"publish","type":"post","link":"https:\/\/patagoniambiental.com.ar\/info\/carabineros-se-enfrenta-a-desconocidos-tras-ataque-incendiario-en-lautaro\/","title":{"rendered":"Carabineros se enfrenta a desconocidos tras ataque incendiario en Lautaro"},"content":{"rendered":"<div class=\"titulares-nota\">\n<p class=\"bajada\">Regi\u00f3n de la Araucan\u00eda.-Los funcionarios policiales enfrentaron a los delincuentes, lo que dej\u00f3 un saldo de un hombre herido a bala, el que fue arrestado y trasladado al Hospital de Temuco.<\/p>\n<\/div>\n<p><!--more--><\/p>\n<div class=\"nota-izquierda\">\n<div class=\"foto-principal\"><img decoding=\"async\" class=\"wp-post-image\" src=\"https:\/\/www.eldinamo.cl\/wp-content\/uploads\/2018\/10\/A_UNO_995206-810x534.jpg\" alt=\"Carabineros se enfrenta a desconocidos tras ataque incendiario en Lautaro\" \/><\/div>\n<div class=\"meta-info\">Por\u00a0<a title=\"Entradas de El D\u00ednamo\" href=\"https:\/\/www.eldinamo.cl\/author\/el-dinamo\/\" rel=\"author\">El D\u00ednamo<\/a>\u00a0<span class=\"fecha\">1 de octubre de 2018<\/span><\/div>\n<div class=\"the-content\">\n<div id=\"d5-banner-contenido\" class=\"addesktop\" data-google-query-id=\"CKfD54ft590CFULfwAodzNUKYw\">\n<div id=\"d5-banner-contenido_ad_container\">\n<div id=\"sas_66092\"><\/div>\n<\/div>\n<\/div>\n<p><strong>Un hombre herido a bala dej\u00f3 un enfrentamiento entre desconocidos y Carabineros, luego de un ataque incendiario ocurrido este lunes en la comuna de Lautaro,<\/strong>\u00a0Regi\u00f3n de La Araucan\u00eda.<\/p>\n<p>El gerente de la empresa afectada afirm\u00f3 que cuatro camiones y un furg\u00f3n resultaron destruidas en el Fundo Oyama del sector La Colonia, seg\u00fan consigna Radio B\u00edo B\u00edo.<\/p>\n<p><strong>Un grupo de sujetos lleg\u00f3 al lugar efectuando disparos para posteriormente incendiar los veh\u00edculos. Carabineros fue alertado de la situaci\u00f3n, por lo que se dirigieron al lugar.<\/strong><\/p>\n<p>Los funcionarios policiales enfrentaron a los delincuentes, lo que dej\u00f3 un saldo de un hombre herido a bala, el que fue arrestado y trasladado al Hospital de Temuco.<\/p>\n<p><strong>Personal uniformado se mantiene en la zona realizando un operativo con el fin de dar con los otros responsables del ataque incendiario.<\/strong><\/p>\n<p>Fuente:\u00a0https:\/\/www.eldinamo.cl\/nacional\/2018\/10\/01\/carabineros-se-enfrenta-a-desconocidos-tras-ataque-incendiario-en-lautaro\/<\/p>\n<\/div>\n<\/div>\n","protected":false},"excerpt":{"rendered":"<p>Regi\u00f3n de la Araucan\u00eda.-Los funcionarios policiales enfrentaron a los delincuentes, lo que dej\u00f3 un saldo de un hombre herido a [&hellip;]<\/p>\n","protected":false},"author":2,"featured_media":54022,"comment_status":"open","ping_status":"open","sticky":false,"template":"","format":"standard","meta":{"site-sidebar-layout":"default","site-content-layout":"","ast-site-content-layout":"default","site-content-style":"default","site-sidebar-style":"default","ast-global-header-display":"","ast-banner-title-visibility":"","ast-main-header-display":"","ast-hfb-above-header-display":"","ast-hfb-below-header-display":"","ast-hfb-mobile-header-display":"","site-post-title":"","ast-breadcrumbs-content":"","ast-featured-img":"","footer-sml-layout":"","ast-disable-related-posts":"","theme-transparent-header-meta":"","adv-header-id-meta":"","stick-header-meta":"","header-above-stick-meta":"","header-main-stick-meta":"","header-below-stick-meta":"","astra-migrate-meta-layouts":"default","ast-page-background-enabled":"default","ast-page-background-meta":{"desktop":{"background-color":"var(--ast-global-color-5)","background-image":"","background-repeat":"repeat","background-position":"center center","background-size":"auto","background-attachment":"scroll","background-type":"","background-media":"","overlay-type":"","overlay-color":"","overlay-opacity":"","overlay-gradient":""},"tablet":{"background-color":"","background-image":"","background-repeat":"repeat","background-position":"center center","background-size":"auto","background-attachment":"scroll","background-type":"","background-media":"","overlay-type":"","overlay-color":"","overlay-opacity":"","overlay-gradient":""},"mobile":{"background-color":"","background-image":"","background-repeat":"repeat","background-position":"center center","background-size":"auto","background-attachment":"scroll","background-type":"","background-media":"","overlay-type":"","overlay-color":"","overlay-opacity":"","overlay-gradient":""}},"ast-content-background-meta":{"desktop":{"background-color":"var(--ast-global-color-4)","background-image":"","background-repeat":"repeat","background-position":"center center","background-size":"auto","background-attachment":"scroll","background-type":"","background-media":"","overlay-type":"","overlay-color":"","overlay-opacity":"","overlay-gradient":""},"tablet":{"background-color":"var(--ast-global-color-4)","background-image":"","background-repeat":"repeat","background-position":"center center","background-size":"auto","background-attachment":"scroll","background-type":"","background-media":"","overlay-type":"","overlay-color":"","overlay-opacity":"","overlay-gradient":""},"mobile":{"background-color":"var(--ast-global-color-4)","background-image":"","background-repeat":"repeat","background-position":"center center","background-size":"auto","background-attachment":"scroll","background-type":"","background-media":"","overlay-type":"","overlay-color":"","overlay-opacity":"","overlay-gradient":""}},"footnotes":""},"categories":[23,1],"tags":[],"class_list":["post-54021","post","type-post","status-publish","format-standard","has-post-thumbnail","hentry","category-internacionales","category-noticias"],"yoast_head":"<!-- This site is optimized with the Yoast SEO Premium plugin v23.0 (Yoast SEO v27.4) - https:\/\/yoast.com\/product\/yoast-seo-premium-wordpress\/ -->\n<title>Carabineros se enfrenta a desconocidos tras ataque incendiario en Lautaro<\/title>\n<meta name=\"robots\" content=\"index, follow, max-snippet:-1, max-image-preview:large, max-video-preview:-1\" \/>\n<link rel=\"canonical\" href=\"https:\/\/patagoniambiental.com.ar\/info\/carabineros-se-enfrenta-a-desconocidos-tras-ataque-incendiario-en-lautaro\/\" \/>\n<meta property=\"og:locale\" content=\"es_ES\" \/>\n<meta property=\"og:type\" content=\"article\" \/>\n<meta property=\"og:title\" content=\"Carabineros se enfrenta a desconocidos tras ataque incendiario en Lautaro\" \/>\n<meta property=\"og:description\" content=\"Regi\u00f3n de la Araucan\u00eda.-Los funcionarios policiales enfrentaron a los delincuentes, lo que dej\u00f3 un saldo de un hombre herido a [&hellip;]\" \/>\n<meta property=\"og:url\" content=\"https:\/\/patagoniambiental.com.ar\/info\/carabineros-se-enfrenta-a-desconocidos-tras-ataque-incendiario-en-lautaro\/\" \/>\n<meta property=\"og:site_name\" content=\"Patagonia Ambiental\" \/>\n<meta property=\"article:publisher\" content=\"https:\/\/www.facebook.com\/patagonia.ambiental\" \/>\n<meta property=\"article:author\" content=\"https:\/\/www.facebook.com\/share\/1C1V8Gv9BX\/?mibextid=qi2Omg\" \/>\n<meta property=\"article:published_time\" content=\"2018-10-02T12:00:08+00:00\" \/>\n<meta property=\"article:modified_time\" content=\"2018-10-02T13:28:06+00:00\" \/>\n<meta property=\"og:image\" content=\"https:\/\/patagoniambiental.com.ar\/info\/wp-content\/uploads\/2018\/10\/A_UNO_995206-810x534.jpg\" \/>\n\t<meta property=\"og:image:width\" content=\"810\" \/>\n\t<meta property=\"og:image:height\" content=\"534\" \/>\n\t<meta property=\"og:image:type\" content=\"image\/jpeg\" \/>\n<meta name=\"author\" content=\"Patagonia Ambiental\" \/>\n<meta name=\"twitter:card\" content=\"summary_large_image\" \/>\n<meta name=\"twitter:creator\" content=\"@PatAmb\" \/>\n<meta name=\"twitter:site\" content=\"@PatAmb\" \/>\n<script type=\"application\/ld+json\" class=\"yoast-schema-graph\">{\"@context\":\"https:\\\/\\\/schema.org\",\"@graph\":[{\"@type\":\"Article\",\"@id\":\"https:\\\/\\\/patagoniambiental.com.ar\\\/info\\\/carabineros-se-enfrenta-a-desconocidos-tras-ataque-incendiario-en-lautaro\\\/#article\",\"isPartOf\":{\"@id\":\"https:\\\/\\\/patagoniambiental.com.ar\\\/info\\\/carabineros-se-enfrenta-a-desconocidos-tras-ataque-incendiario-en-lautaro\\\/\"},\"author\":{\"name\":\"Patagonia Ambiental\",\"@id\":\"https:\\\/\\\/patagoniambiental.com.ar\\\/info\\\/#\\\/schema\\\/person\\\/db12bff64bbcbf6a253710bf0ea37b5d\"},\"headline\":\"Carabineros se enfrenta a desconocidos tras ataque incendiario en Lautaro\",\"datePublished\":\"2018-10-02T12:00:08+00:00\",\"dateModified\":\"2018-10-02T13:28:06+00:00\",\"mainEntityOfPage\":{\"@id\":\"https:\\\/\\\/patagoniambiental.com.ar\\\/info\\\/carabineros-se-enfrenta-a-desconocidos-tras-ataque-incendiario-en-lautaro\\\/\"},\"wordCount\":200,\"commentCount\":0,\"publisher\":{\"@id\":\"https:\\\/\\\/patagoniambiental.com.ar\\\/info\\\/#organization\"},\"image\":{\"@id\":\"https:\\\/\\\/patagoniambiental.com.ar\\\/info\\\/carabineros-se-enfrenta-a-desconocidos-tras-ataque-incendiario-en-lautaro\\\/#primaryimage\"},\"thumbnailUrl\":\"https:\\\/\\\/patagoniambiental.com.ar\\\/info\\\/wp-content\\\/uploads\\\/2018\\\/10\\\/A_UNO_995206-810x534.jpg\",\"articleSection\":[\"Internacionales\",\"Noticias\"],\"inLanguage\":\"es\",\"potentialAction\":[{\"@type\":\"CommentAction\",\"name\":\"Comment\",\"target\":[\"https:\\\/\\\/patagoniambiental.com.ar\\\/info\\\/carabineros-se-enfrenta-a-desconocidos-tras-ataque-incendiario-en-lautaro\\\/#respond\"]}]},{\"@type\":\"WebPage\",\"@id\":\"https:\\\/\\\/patagoniambiental.com.ar\\\/info\\\/carabineros-se-enfrenta-a-desconocidos-tras-ataque-incendiario-en-lautaro\\\/\",\"url\":\"https:\\\/\\\/patagoniambiental.com.ar\\\/info\\\/carabineros-se-enfrenta-a-desconocidos-tras-ataque-incendiario-en-lautaro\\\/\",\"name\":\"Carabineros se enfrenta a desconocidos tras ataque incendiario en Lautaro\",\"isPartOf\":{\"@id\":\"https:\\\/\\\/patagoniambiental.com.ar\\\/info\\\/#website\"},\"primaryImageOfPage\":{\"@id\":\"https:\\\/\\\/patagoniambiental.com.ar\\\/info\\\/carabineros-se-enfrenta-a-desconocidos-tras-ataque-incendiario-en-lautaro\\\/#primaryimage\"},\"image\":{\"@id\":\"https:\\\/\\\/patagoniambiental.com.ar\\\/info\\\/carabineros-se-enfrenta-a-desconocidos-tras-ataque-incendiario-en-lautaro\\\/#primaryimage\"},\"thumbnailUrl\":\"https:\\\/\\\/patagoniambiental.com.ar\\\/info\\\/wp-content\\\/uploads\\\/2018\\\/10\\\/A_UNO_995206-810x534.jpg\",\"datePublished\":\"2018-10-02T12:00:08+00:00\",\"dateModified\":\"2018-10-02T13:28:06+00:00\",\"breadcrumb\":{\"@id\":\"https:\\\/\\\/patagoniambiental.com.ar\\\/info\\\/carabineros-se-enfrenta-a-desconocidos-tras-ataque-incendiario-en-lautaro\\\/#breadcrumb\"},\"inLanguage\":\"es\",\"potentialAction\":[{\"@type\":\"ReadAction\",\"target\":[\"https:\\\/\\\/patagoniambiental.com.ar\\\/info\\\/carabineros-se-enfrenta-a-desconocidos-tras-ataque-incendiario-en-lautaro\\\/\"]}]},{\"@type\":\"ImageObject\",\"inLanguage\":\"es\",\"@id\":\"https:\\\/\\\/patagoniambiental.com.ar\\\/info\\\/carabineros-se-enfrenta-a-desconocidos-tras-ataque-incendiario-en-lautaro\\\/#primaryimage\",\"url\":\"https:\\\/\\\/patagoniambiental.com.ar\\\/info\\\/wp-content\\\/uploads\\\/2018\\\/10\\\/A_UNO_995206-810x534.jpg\",\"contentUrl\":\"https:\\\/\\\/patagoniambiental.com.ar\\\/info\\\/wp-content\\\/uploads\\\/2018\\\/10\\\/A_UNO_995206-810x534.jpg\",\"width\":810,\"height\":534},{\"@type\":\"BreadcrumbList\",\"@id\":\"https:\\\/\\\/patagoniambiental.com.ar\\\/info\\\/carabineros-se-enfrenta-a-desconocidos-tras-ataque-incendiario-en-lautaro\\\/#breadcrumb\",\"itemListElement\":[{\"@type\":\"ListItem\",\"position\":1,\"name\":\"Inicio\",\"item\":\"https:\\\/\\\/patagoniambiental.com.ar\\\/info\\\/\"},{\"@type\":\"ListItem\",\"position\":2,\"name\":\"Carabineros se enfrenta a desconocidos tras ataque incendiario en Lautaro\"}]},{\"@type\":\"WebSite\",\"@id\":\"https:\\\/\\\/patagoniambiental.com.ar\\\/info\\\/#website\",\"url\":\"https:\\\/\\\/patagoniambiental.com.ar\\\/info\\\/\",\"name\":\"Patagonia Ambiental\",\"description\":\"Monitoreo y an\u00e1lisis de la situaci\u00f3n geopol\u00edtica en el mundo y su implicancia en la Patagonia\",\"publisher\":{\"@id\":\"https:\\\/\\\/patagoniambiental.com.ar\\\/info\\\/#organization\"},\"potentialAction\":[{\"@type\":\"SearchAction\",\"target\":{\"@type\":\"EntryPoint\",\"urlTemplate\":\"https:\\\/\\\/patagoniambiental.com.ar\\\/info\\\/?s={search_term_string}\"},\"query-input\":{\"@type\":\"PropertyValueSpecification\",\"valueRequired\":true,\"valueName\":\"search_term_string\"}}],\"inLanguage\":\"es\"},{\"@type\":\"Organization\",\"@id\":\"https:\\\/\\\/patagoniambiental.com.ar\\\/info\\\/#organization\",\"name\":\"Patagonia Ambiental\",\"url\":\"https:\\\/\\\/patagoniambiental.com.ar\\\/info\\\/\",\"logo\":{\"@type\":\"ImageObject\",\"inLanguage\":\"es\",\"@id\":\"https:\\\/\\\/patagoniambiental.com.ar\\\/info\\\/#\\\/schema\\\/logo\\\/image\\\/\",\"url\":\"https:\\\/\\\/patagoniambiental.com.ar\\\/info\\\/wp-content\\\/uploads\\\/2025\\\/05\\\/LOGO-PATAGONIA-AMBIENTAL.png\",\"contentUrl\":\"https:\\\/\\\/patagoniambiental.com.ar\\\/info\\\/wp-content\\\/uploads\\\/2025\\\/05\\\/LOGO-PATAGONIA-AMBIENTAL.png\",\"width\":433,\"height\":250,\"caption\":\"Patagonia Ambiental\"},\"image\":{\"@id\":\"https:\\\/\\\/patagoniambiental.com.ar\\\/info\\\/#\\\/schema\\\/logo\\\/image\\\/\"},\"sameAs\":[\"https:\\\/\\\/www.facebook.com\\\/patagonia.ambiental\",\"https:\\\/\\\/x.com\\\/PatAmb\"]},{\"@type\":\"Person\",\"@id\":\"https:\\\/\\\/patagoniambiental.com.ar\\\/info\\\/#\\\/schema\\\/person\\\/db12bff64bbcbf6a253710bf0ea37b5d\",\"name\":\"Patagonia Ambiental\",\"description\":\"Andr\u00e9s Nievas T\u00e9cnico en manejo ambiental, consultor Ambiental y escritor para medios locales e internacionales sobre temas de geopolitica y medio ambiente.\",\"sameAs\":[\"http:\\\/\\\/www.patagoniambiental.com.ar\",\"https:\\\/\\\/www.facebook.com\\\/share\\\/1C1V8Gv9BX\\\/?mibextid=qi2Omg\",\"@patagoniambiental\",\"https:\\\/\\\/youtube.com\\\/@patagoniaambiental2023?si=BLt58t0wuXquxlYZ\"]}]}<\/script>\n<!-- \/ Yoast SEO Premium plugin. -->","yoast_head_json":{"title":"Carabineros se enfrenta a desconocidos tras ataque incendiario en Lautaro","robots":{"index":"index","follow":"follow","max-snippet":"max-snippet:-1","max-image-preview":"max-image-preview:large","max-video-preview":"max-video-preview:-1"},"canonical":"https:\/\/patagoniambiental.com.ar\/info\/carabineros-se-enfrenta-a-desconocidos-tras-ataque-incendiario-en-lautaro\/","og_locale":"es_ES","og_type":"article","og_title":"Carabineros se enfrenta a desconocidos tras ataque incendiario en Lautaro","og_description":"Regi\u00f3n de la Araucan\u00eda.-Los funcionarios policiales enfrentaron a los delincuentes, lo que dej\u00f3 un saldo de un hombre herido a [&hellip;]","og_url":"https:\/\/patagoniambiental.com.ar\/info\/carabineros-se-enfrenta-a-desconocidos-tras-ataque-incendiario-en-lautaro\/","og_site_name":"Patagonia Ambiental","article_publisher":"https:\/\/www.facebook.com\/patagonia.ambiental","article_author":"https:\/\/www.facebook.com\/share\/1C1V8Gv9BX\/?mibextid=qi2Omg","article_published_time":"2018-10-02T12:00:08+00:00","article_modified_time":"2018-10-02T13:28:06+00:00","og_image":[{"width":810,"height":534,"url":"https:\/\/patagoniambiental.com.ar\/info\/wp-content\/uploads\/2018\/10\/A_UNO_995206-810x534.jpg","type":"image\/jpeg"}],"author":"Patagonia Ambiental","twitter_card":"summary_large_image","twitter_creator":"@PatAmb","twitter_site":"@PatAmb","schema":{"@context":"https:\/\/schema.org","@graph":[{"@type":"Article","@id":"https:\/\/patagoniambiental.com.ar\/info\/carabineros-se-enfrenta-a-desconocidos-tras-ataque-incendiario-en-lautaro\/#article","isPartOf":{"@id":"https:\/\/patagoniambiental.com.ar\/info\/carabineros-se-enfrenta-a-desconocidos-tras-ataque-incendiario-en-lautaro\/"},"author":{"name":"Patagonia Ambiental","@id":"https:\/\/patagoniambiental.com.ar\/info\/#\/schema\/person\/db12bff64bbcbf6a253710bf0ea37b5d"},"headline":"Carabineros se enfrenta a desconocidos tras ataque incendiario en Lautaro","datePublished":"2018-10-02T12:00:08+00:00","dateModified":"2018-10-02T13:28:06+00:00","mainEntityOfPage":{"@id":"https:\/\/patagoniambiental.com.ar\/info\/carabineros-se-enfrenta-a-desconocidos-tras-ataque-incendiario-en-lautaro\/"},"wordCount":200,"commentCount":0,"publisher":{"@id":"https:\/\/patagoniambiental.com.ar\/info\/#organization"},"image":{"@id":"https:\/\/patagoniambiental.com.ar\/info\/carabineros-se-enfrenta-a-desconocidos-tras-ataque-incendiario-en-lautaro\/#primaryimage"},"thumbnailUrl":"https:\/\/patagoniambiental.com.ar\/info\/wp-content\/uploads\/2018\/10\/A_UNO_995206-810x534.jpg","articleSection":["Internacionales","Noticias"],"inLanguage":"es","potentialAction":[{"@type":"CommentAction","name":"Comment","target":["https:\/\/patagoniambiental.com.ar\/info\/carabineros-se-enfrenta-a-desconocidos-tras-ataque-incendiario-en-lautaro\/#respond"]}]},{"@type":"WebPage","@id":"https:\/\/patagoniambiental.com.ar\/info\/carabineros-se-enfrenta-a-desconocidos-tras-ataque-incendiario-en-lautaro\/","url":"https:\/\/patagoniambiental.com.ar\/info\/carabineros-se-enfrenta-a-desconocidos-tras-ataque-incendiario-en-lautaro\/","name":"Carabineros se enfrenta a desconocidos tras ataque incendiario en Lautaro","isPartOf":{"@id":"https:\/\/patagoniambiental.com.ar\/info\/#website"},"primaryImageOfPage":{"@id":"https:\/\/patagoniambiental.com.ar\/info\/carabineros-se-enfrenta-a-desconocidos-tras-ataque-incendiario-en-lautaro\/#primaryimage"},"image":{"@id":"https:\/\/patagoniambiental.com.ar\/info\/carabineros-se-enfrenta-a-desconocidos-tras-ataque-incendiario-en-lautaro\/#primaryimage"},"thumbnailUrl":"https:\/\/patagoniambiental.com.ar\/info\/wp-content\/uploads\/2018\/10\/A_UNO_995206-810x534.jpg","datePublished":"2018-10-02T12:00:08+00:00","dateModified":"2018-10-02T13:28:06+00:00","breadcrumb":{"@id":"https:\/\/patagoniambiental.com.ar\/info\/carabineros-se-enfrenta-a-desconocidos-tras-ataque-incendiario-en-lautaro\/#breadcrumb"},"inLanguage":"es","potentialAction":[{"@type":"ReadAction","target":["https:\/\/patagoniambiental.com.ar\/info\/carabineros-se-enfrenta-a-desconocidos-tras-ataque-incendiario-en-lautaro\/"]}]},{"@type":"ImageObject","inLanguage":"es","@id":"https:\/\/patagoniambiental.com.ar\/info\/carabineros-se-enfrenta-a-desconocidos-tras-ataque-incendiario-en-lautaro\/#primaryimage","url":"https:\/\/patagoniambiental.com.ar\/info\/wp-content\/uploads\/2018\/10\/A_UNO_995206-810x534.jpg","contentUrl":"https:\/\/patagoniambiental.com.ar\/info\/wp-content\/uploads\/2018\/10\/A_UNO_995206-810x534.jpg","width":810,"height":534},{"@type":"BreadcrumbList","@id":"https:\/\/patagoniambiental.com.ar\/info\/carabineros-se-enfrenta-a-desconocidos-tras-ataque-incendiario-en-lautaro\/#breadcrumb","itemListElement":[{"@type":"ListItem","position":1,"name":"Inicio","item":"https:\/\/patagoniambiental.com.ar\/info\/"},{"@type":"ListItem","position":2,"name":"Carabineros se enfrenta a desconocidos tras ataque incendiario en Lautaro"}]},{"@type":"WebSite","@id":"https:\/\/patagoniambiental.com.ar\/info\/#website","url":"https:\/\/patagoniambiental.com.ar\/info\/","name":"Patagonia Ambiental","description":"Monitoreo y an\u00e1lisis de la situaci\u00f3n geopol\u00edtica en el mundo y su implicancia en la Patagonia","publisher":{"@id":"https:\/\/patagoniambiental.com.ar\/info\/#organization"},"potentialAction":[{"@type":"SearchAction","target":{"@type":"EntryPoint","urlTemplate":"https:\/\/patagoniambiental.com.ar\/info\/?s={search_term_string}"},"query-input":{"@type":"PropertyValueSpecification","valueRequired":true,"valueName":"search_term_string"}}],"inLanguage":"es"},{"@type":"Organization","@id":"https:\/\/patagoniambiental.com.ar\/info\/#organization","name":"Patagonia Ambiental","url":"https:\/\/patagoniambiental.com.ar\/info\/","logo":{"@type":"ImageObject","inLanguage":"es","@id":"https:\/\/patagoniambiental.com.ar\/info\/#\/schema\/logo\/image\/","url":"https:\/\/patagoniambiental.com.ar\/info\/wp-content\/uploads\/2025\/05\/LOGO-PATAGONIA-AMBIENTAL.png","contentUrl":"https:\/\/patagoniambiental.com.ar\/info\/wp-content\/uploads\/2025\/05\/LOGO-PATAGONIA-AMBIENTAL.png","width":433,"height":250,"caption":"Patagonia Ambiental"},"image":{"@id":"https:\/\/patagoniambiental.com.ar\/info\/#\/schema\/logo\/image\/"},"sameAs":["https:\/\/www.facebook.com\/patagonia.ambiental","https:\/\/x.com\/PatAmb"]},{"@type":"Person","@id":"https:\/\/patagoniambiental.com.ar\/info\/#\/schema\/person\/db12bff64bbcbf6a253710bf0ea37b5d","name":"Patagonia Ambiental","description":"Andr\u00e9s Nievas T\u00e9cnico en manejo ambiental, consultor Ambiental y escritor para medios locales e internacionales sobre temas de geopolitica y medio ambiente.","sameAs":["http:\/\/www.patagoniambiental.com.ar","https:\/\/www.facebook.com\/share\/1C1V8Gv9BX\/?mibextid=qi2Omg","@patagoniambiental","https:\/\/youtube.com\/@patagoniaambiental2023?si=BLt58t0wuXquxlYZ"]}]}},"_links":{"self":[{"href":"https:\/\/patagoniambiental.com.ar\/info\/wp-json\/wp\/v2\/posts\/54021","targetHints":{"allow":["GET"]}}],"collection":[{"href":"https:\/\/patagoniambiental.com.ar\/info\/wp-json\/wp\/v2\/posts"}],"about":[{"href":"https:\/\/patagoniambiental.com.ar\/info\/wp-json\/wp\/v2\/types\/post"}],"author":[{"embeddable":true,"href":"https:\/\/patagoniambiental.com.ar\/info\/wp-json\/wp\/v2\/users\/2"}],"replies":[{"embeddable":true,"href":"https:\/\/patagoniambiental.com.ar\/info\/wp-json\/wp\/v2\/comments?post=54021"}],"version-history":[{"count":0,"href":"https:\/\/patagoniambiental.com.ar\/info\/wp-json\/wp\/v2\/posts\/54021\/revisions"}],"wp:featuredmedia":[{"embeddable":true,"href":"https:\/\/patagoniambiental.com.ar\/info\/wp-json\/wp\/v2\/media\/54022"}],"wp:attachment":[{"href":"https:\/\/patagoniambiental.com.ar\/info\/wp-json\/wp\/v2\/media?parent=54021"}],"wp:term":[{"taxonomy":"category","embeddable":true,"href":"https:\/\/patagoniambiental.com.ar\/info\/wp-json\/wp\/v2\/categories?post=54021"},{"taxonomy":"post_tag","embeddable":true,"href":"https:\/\/patagoniambiental.com.ar\/info\/wp-json\/wp\/v2\/tags?post=54021"}],"curies":[{"name":"wp","href":"https:\/\/api.w.org\/{rel}","templated":true}]}}