{"id":54089,"date":"2018-10-03T09:00:40","date_gmt":"2018-10-03T12:00:40","guid":{"rendered":"http:\/\/patagoniambiental.com.ar\/info\/?p=54089"},"modified":"2018-10-02T20:22:22","modified_gmt":"2018-10-02T23:22:22","slug":"santa-cruz-por-primera-vez-se-contara-con-datos-de-medicion-del-recurso-eolico","status":"publish","type":"post","link":"https:\/\/patagoniambiental.com.ar\/info\/santa-cruz-por-primera-vez-se-contara-con-datos-de-medicion-del-recurso-eolico\/","title":{"rendered":"Santa Cruz: Por primera vez se contar\u00e1 con datos de medici\u00f3n del recurso e\u00f3lico"},"content":{"rendered":"<p class=\"copete\">SANTA CRUZ.- Ser\u00e1 a trav\u00e9s del \u201cProyecto de generaci\u00f3n el\u00e9ctrica a partir de fuentes renovables: Energ\u00eda E\u00f3lica en la Provincia de Santa Cruz\u201d, a cargo de la Empresa Tecnovex S.A.\u00a0Las mediaciones se har\u00e1n a trav\u00e9s de un m\u00e1stil de medici\u00f3n de que permite registrar la velocidad del viento a diferentes alturas, la direcci\u00f3n, la presi\u00f3n atmosf\u00e9rica y la temperatura del aire.<\/p>\n<p>Luego de analizar tres posibles sitios para la instalaci\u00f3n del instrumental de medici\u00f3n (Rio Gallegos, Cte. Luis Piedrabuena y La Esperanza), se determin\u00f3\u00a0por las caracter\u00edsticas del terreno y la velocidad media anual mensual, un \u00e1rea cercana a Rio Gallegos, precisamente en la Estancia Guer Aike.<\/p>\n<p>Las mediaciones se har\u00e1n a trav\u00e9s de un m\u00e1stil de medici\u00f3n de 84 metros de altura, que permite registrar la velocidad del viento a diferentes alturas, la direcci\u00f3n, la presi\u00f3n atmosf\u00e9rica y la temperatura del aire. El mismo contar\u00e1\u00a0con alimentaci\u00f3n fotovoltaica, teniendo total independencia de otros sistemas el\u00e9ctricos, utilizando fuente de energ\u00eda limpia y sustentable para su funcionamiento. Estas mediciones le permitir\u00e1 al equipo t\u00e9cnico del Instituto, estudiar el perfil e\u00f3lico en detalle y estimar la producci\u00f3n energ\u00e9tica para el el desarrollo de un posible parque e\u00f3lico.<\/p>\n<p>Si bien en la zona norte de la provincia se est\u00e1n instalando parques e\u00f3licos, en el sur provincial seria la primera vez que se podr\u00e1 contar con la informaci\u00f3n para que a trav\u00e9s del Instituto, se fomente la inversi\u00f3n para el desarrollo de energ\u00edas renovables en el flanco austral.<\/p>\n<p>En este contexto, dias atr\u00e1s se llev\u00f3 adelante una visita coordinada por el IESC a \u201cEstancia G\u00fcer Aike\u201d, lugar donde la empresa Tecnovex culmin\u00f3 el montaje de la torre meteorol\u00f3gica que registrar\u00e1 los datos antes mencionados en un tiempo aproximado de 12 meses.<\/p>\n<p>De la recorrida participaron el Ministro de la Producci\u00f3n, Comercio e Industria, Leonardo \u00c1lvarez, el Presidente del Instituto de Energ\u00eda de Santa Cruz, Mat\u00edas Kalmus, la referente provincial del proyecto, Lorena Leonett y el Gerente de la empresa Tecnovex, Gustavo Ajis, junto al especialista instrumental Fabio Borges y los ingenieros Fernando Errez y Francisco Coccioli.<\/p>\n<p>Luego de la recorrida, la jornada continuo con la presentaci\u00f3n del Proyecto por parte de la empresa en el SUM del Instituto ante el equipo t\u00e9cnico del \u00e1rea de energ\u00eda el\u00e9ctrica, donde fueron evacuadas consultas t\u00e9cnicas de todos los presentes. Posteriormente, como fin de agenda, se realizo la capacitaci\u00f3n al personal del instituto de Energ\u00eda en la cual se contemplaron las caracter\u00edsticas generales y particulares de las estaciones meteorol\u00f3gicas, operaci\u00f3n de las mismas, y criterios generales de interpretaci\u00f3n de la informaci\u00f3n recibida.<\/p>\n<div class=\"linea-sep2\">Fuente:\u00a0https:\/\/www.tiemposur.com.ar\/nota\/158036-por-primera-vez-se-contara-con-datos-de-medicion-del-recurso-eolico<\/div>\n<div class=\"news_module news_tags clearfix\"><\/div>\n","protected":false},"excerpt":{"rendered":"<p>SANTA CRUZ.- Ser\u00e1 a trav\u00e9s del \u201cProyecto de generaci\u00f3n el\u00e9ctrica a partir de fuentes renovables: Energ\u00eda E\u00f3lica en la Provincia [&hellip;]<\/p>\n","protected":false},"author":2,"featured_media":54090,"comment_status":"open","ping_status":"open","sticky":false,"template":"","format":"standard","meta":{"site-sidebar-layout":"default","site-content-layout":"","ast-site-content-layout":"default","site-content-style":"default","site-sidebar-style":"default","ast-global-header-display":"","ast-banner-title-visibility":"","ast-main-header-display":"","ast-hfb-above-header-display":"","ast-hfb-below-header-display":"","ast-hfb-mobile-header-display":"","site-post-title":"","ast-breadcrumbs-content":"","ast-featured-img":"","footer-sml-layout":"","ast-disable-related-posts":"","theme-transparent-header-meta":"","adv-header-id-meta":"","stick-header-meta":"","header-above-stick-meta":"","header-main-stick-meta":"","header-below-stick-meta":"","astra-migrate-meta-layouts":"default","ast-page-background-enabled":"default","ast-page-background-meta":{"desktop":{"background-color":"var(--ast-global-color-5)","background-image":"","background-repeat":"repeat","background-position":"center center","background-size":"auto","background-attachment":"scroll","background-type":"","background-media":"","overlay-type":"","overlay-color":"","overlay-opacity":"","overlay-gradient":""},"tablet":{"background-color":"","background-image":"","background-repeat":"repeat","background-position":"center center","background-size":"auto","background-attachment":"scroll","background-type":"","background-media":"","overlay-type":"","overlay-color":"","overlay-opacity":"","overlay-gradient":""},"mobile":{"background-color":"","background-image":"","background-repeat":"repeat","background-position":"center center","background-size":"auto","background-attachment":"scroll","background-type":"","background-media":"","overlay-type":"","overlay-color":"","overlay-opacity":"","overlay-gradient":""}},"ast-content-background-meta":{"desktop":{"background-color":"var(--ast-global-color-4)","background-image":"","background-repeat":"repeat","background-position":"center center","background-size":"auto","background-attachment":"scroll","background-type":"","background-media":"","overlay-type":"","overlay-color":"","overlay-opacity":"","overlay-gradient":""},"tablet":{"background-color":"var(--ast-global-color-4)","background-image":"","background-repeat":"repeat","background-position":"center center","background-size":"auto","background-attachment":"scroll","background-type":"","background-media":"","overlay-type":"","overlay-color":"","overlay-opacity":"","overlay-gradient":""},"mobile":{"background-color":"var(--ast-global-color-4)","background-image":"","background-repeat":"repeat","background-position":"center center","background-size":"auto","background-attachment":"scroll","background-type":"","background-media":"","overlay-type":"","overlay-color":"","overlay-opacity":"","overlay-gradient":""}},"footnotes":""},"categories":[11,1,20],"tags":[],"class_list":["post-54089","post","type-post","status-publish","format-standard","has-post-thumbnail","hentry","category-boletin","category-noticias","category-santa-cruz"],"yoast_head":"<!-- This site is optimized with the Yoast SEO Premium plugin v23.0 (Yoast SEO v27.5) - https:\/\/yoast.com\/product\/yoast-seo-premium-wordpress\/ -->\n<title>Santa Cruz: Por primera vez se contar\u00e1 con datos de medici\u00f3n del recurso e\u00f3lico<\/title>\n<meta name=\"robots\" content=\"index, follow, max-snippet:-1, max-image-preview:large, max-video-preview:-1\" \/>\n<link rel=\"canonical\" href=\"https:\/\/patagoniambiental.com.ar\/info\/santa-cruz-por-primera-vez-se-contara-con-datos-de-medicion-del-recurso-eolico\/\" \/>\n<meta property=\"og:locale\" content=\"es_ES\" \/>\n<meta property=\"og:type\" content=\"article\" \/>\n<meta property=\"og:title\" content=\"Santa Cruz: Por primera vez se contar\u00e1 con datos de medici\u00f3n del recurso e\u00f3lico\" \/>\n<meta property=\"og:description\" content=\"SANTA CRUZ.- Ser\u00e1 a trav\u00e9s del \u201cProyecto de generaci\u00f3n el\u00e9ctrica a partir de fuentes renovables: Energ\u00eda E\u00f3lica en la Provincia [&hellip;]\" \/>\n<meta property=\"og:url\" content=\"https:\/\/patagoniambiental.com.ar\/info\/santa-cruz-por-primera-vez-se-contara-con-datos-de-medicion-del-recurso-eolico\/\" \/>\n<meta property=\"og:site_name\" content=\"Patagonia Ambiental\" \/>\n<meta property=\"article:publisher\" content=\"https:\/\/www.facebook.com\/patagonia.ambiental\" \/>\n<meta property=\"article:author\" content=\"https:\/\/www.facebook.com\/share\/1C1V8Gv9BX\/?mibextid=qi2Omg\" \/>\n<meta property=\"article:published_time\" content=\"2018-10-03T12:00:40+00:00\" \/>\n<meta property=\"og:image\" content=\"https:\/\/patagoniambiental.com.ar\/info\/wp-content\/uploads\/2018\/10\/mediciones.jpg\" \/>\n\t<meta property=\"og:image:width\" content=\"800\" \/>\n\t<meta property=\"og:image:height\" content=\"457\" \/>\n\t<meta property=\"og:image:type\" content=\"image\/jpeg\" \/>\n<meta name=\"author\" content=\"Patagonia Ambiental\" \/>\n<meta name=\"twitter:card\" content=\"summary_large_image\" \/>\n<meta name=\"twitter:creator\" content=\"@PatAmb\" \/>\n<meta name=\"twitter:site\" content=\"@PatAmb\" \/>\n<script type=\"application\/ld+json\" class=\"yoast-schema-graph\">{\"@context\":\"https:\\\/\\\/schema.org\",\"@graph\":[{\"@type\":\"Article\",\"@id\":\"https:\\\/\\\/patagoniambiental.com.ar\\\/info\\\/santa-cruz-por-primera-vez-se-contara-con-datos-de-medicion-del-recurso-eolico\\\/#article\",\"isPartOf\":{\"@id\":\"https:\\\/\\\/patagoniambiental.com.ar\\\/info\\\/santa-cruz-por-primera-vez-se-contara-con-datos-de-medicion-del-recurso-eolico\\\/\"},\"author\":{\"name\":\"Patagonia Ambiental\",\"@id\":\"https:\\\/\\\/patagoniambiental.com.ar\\\/info\\\/#\\\/schema\\\/person\\\/db12bff64bbcbf6a253710bf0ea37b5d\"},\"headline\":\"Santa Cruz: Por primera vez se contar\u00e1 con datos de medici\u00f3n del recurso e\u00f3lico\",\"datePublished\":\"2018-10-03T12:00:40+00:00\",\"mainEntityOfPage\":{\"@id\":\"https:\\\/\\\/patagoniambiental.com.ar\\\/info\\\/santa-cruz-por-primera-vez-se-contara-con-datos-de-medicion-del-recurso-eolico\\\/\"},\"wordCount\":503,\"commentCount\":0,\"publisher\":{\"@id\":\"https:\\\/\\\/patagoniambiental.com.ar\\\/info\\\/#organization\"},\"image\":{\"@id\":\"https:\\\/\\\/patagoniambiental.com.ar\\\/info\\\/santa-cruz-por-primera-vez-se-contara-con-datos-de-medicion-del-recurso-eolico\\\/#primaryimage\"},\"thumbnailUrl\":\"https:\\\/\\\/patagoniambiental.com.ar\\\/info\\\/wp-content\\\/uploads\\\/2018\\\/10\\\/mediciones.jpg\",\"articleSection\":[\"Bolet\u00edn\",\"Noticias\",\"Santa Cruz\"],\"inLanguage\":\"es\",\"potentialAction\":[{\"@type\":\"CommentAction\",\"name\":\"Comment\",\"target\":[\"https:\\\/\\\/patagoniambiental.com.ar\\\/info\\\/santa-cruz-por-primera-vez-se-contara-con-datos-de-medicion-del-recurso-eolico\\\/#respond\"]}]},{\"@type\":\"WebPage\",\"@id\":\"https:\\\/\\\/patagoniambiental.com.ar\\\/info\\\/santa-cruz-por-primera-vez-se-contara-con-datos-de-medicion-del-recurso-eolico\\\/\",\"url\":\"https:\\\/\\\/patagoniambiental.com.ar\\\/info\\\/santa-cruz-por-primera-vez-se-contara-con-datos-de-medicion-del-recurso-eolico\\\/\",\"name\":\"Santa Cruz: Por primera vez se contar\u00e1 con datos de medici\u00f3n del recurso e\u00f3lico\",\"isPartOf\":{\"@id\":\"https:\\\/\\\/patagoniambiental.com.ar\\\/info\\\/#website\"},\"primaryImageOfPage\":{\"@id\":\"https:\\\/\\\/patagoniambiental.com.ar\\\/info\\\/santa-cruz-por-primera-vez-se-contara-con-datos-de-medicion-del-recurso-eolico\\\/#primaryimage\"},\"image\":{\"@id\":\"https:\\\/\\\/patagoniambiental.com.ar\\\/info\\\/santa-cruz-por-primera-vez-se-contara-con-datos-de-medicion-del-recurso-eolico\\\/#primaryimage\"},\"thumbnailUrl\":\"https:\\\/\\\/patagoniambiental.com.ar\\\/info\\\/wp-content\\\/uploads\\\/2018\\\/10\\\/mediciones.jpg\",\"datePublished\":\"2018-10-03T12:00:40+00:00\",\"breadcrumb\":{\"@id\":\"https:\\\/\\\/patagoniambiental.com.ar\\\/info\\\/santa-cruz-por-primera-vez-se-contara-con-datos-de-medicion-del-recurso-eolico\\\/#breadcrumb\"},\"inLanguage\":\"es\",\"potentialAction\":[{\"@type\":\"ReadAction\",\"target\":[\"https:\\\/\\\/patagoniambiental.com.ar\\\/info\\\/santa-cruz-por-primera-vez-se-contara-con-datos-de-medicion-del-recurso-eolico\\\/\"]}]},{\"@type\":\"ImageObject\",\"inLanguage\":\"es\",\"@id\":\"https:\\\/\\\/patagoniambiental.com.ar\\\/info\\\/santa-cruz-por-primera-vez-se-contara-con-datos-de-medicion-del-recurso-eolico\\\/#primaryimage\",\"url\":\"https:\\\/\\\/patagoniambiental.com.ar\\\/info\\\/wp-content\\\/uploads\\\/2018\\\/10\\\/mediciones.jpg\",\"contentUrl\":\"https:\\\/\\\/patagoniambiental.com.ar\\\/info\\\/wp-content\\\/uploads\\\/2018\\\/10\\\/mediciones.jpg\",\"width\":800,\"height\":457},{\"@type\":\"BreadcrumbList\",\"@id\":\"https:\\\/\\\/patagoniambiental.com.ar\\\/info\\\/santa-cruz-por-primera-vez-se-contara-con-datos-de-medicion-del-recurso-eolico\\\/#breadcrumb\",\"itemListElement\":[{\"@type\":\"ListItem\",\"position\":1,\"name\":\"Inicio\",\"item\":\"https:\\\/\\\/patagoniambiental.com.ar\\\/info\\\/\"},{\"@type\":\"ListItem\",\"position\":2,\"name\":\"Santa Cruz: Por primera vez se contar\u00e1 con datos de medici\u00f3n del recurso e\u00f3lico\"}]},{\"@type\":\"WebSite\",\"@id\":\"https:\\\/\\\/patagoniambiental.com.ar\\\/info\\\/#website\",\"url\":\"https:\\\/\\\/patagoniambiental.com.ar\\\/info\\\/\",\"name\":\"Patagonia Ambiental\",\"description\":\"Monitoreo y an\u00e1lisis de la situaci\u00f3n geopol\u00edtica en el mundo y su implicancia en la Patagonia\",\"publisher\":{\"@id\":\"https:\\\/\\\/patagoniambiental.com.ar\\\/info\\\/#organization\"},\"potentialAction\":[{\"@type\":\"SearchAction\",\"target\":{\"@type\":\"EntryPoint\",\"urlTemplate\":\"https:\\\/\\\/patagoniambiental.com.ar\\\/info\\\/?s={search_term_string}\"},\"query-input\":{\"@type\":\"PropertyValueSpecification\",\"valueRequired\":true,\"valueName\":\"search_term_string\"}}],\"inLanguage\":\"es\"},{\"@type\":\"Organization\",\"@id\":\"https:\\\/\\\/patagoniambiental.com.ar\\\/info\\\/#organization\",\"name\":\"Patagonia Ambiental\",\"url\":\"https:\\\/\\\/patagoniambiental.com.ar\\\/info\\\/\",\"logo\":{\"@type\":\"ImageObject\",\"inLanguage\":\"es\",\"@id\":\"https:\\\/\\\/patagoniambiental.com.ar\\\/info\\\/#\\\/schema\\\/logo\\\/image\\\/\",\"url\":\"https:\\\/\\\/patagoniambiental.com.ar\\\/info\\\/wp-content\\\/uploads\\\/2025\\\/05\\\/LOGO-PATAGONIA-AMBIENTAL.png\",\"contentUrl\":\"https:\\\/\\\/patagoniambiental.com.ar\\\/info\\\/wp-content\\\/uploads\\\/2025\\\/05\\\/LOGO-PATAGONIA-AMBIENTAL.png\",\"width\":433,\"height\":250,\"caption\":\"Patagonia Ambiental\"},\"image\":{\"@id\":\"https:\\\/\\\/patagoniambiental.com.ar\\\/info\\\/#\\\/schema\\\/logo\\\/image\\\/\"},\"sameAs\":[\"https:\\\/\\\/www.facebook.com\\\/patagonia.ambiental\",\"https:\\\/\\\/x.com\\\/PatAmb\"]},{\"@type\":\"Person\",\"@id\":\"https:\\\/\\\/patagoniambiental.com.ar\\\/info\\\/#\\\/schema\\\/person\\\/db12bff64bbcbf6a253710bf0ea37b5d\",\"name\":\"Patagonia Ambiental\",\"description\":\"Andr\u00e9s Nievas T\u00e9cnico en manejo ambiental, consultor Ambiental y escritor para medios locales e internacionales sobre temas de geopolitica y medio ambiente.\",\"sameAs\":[\"http:\\\/\\\/www.patagoniambiental.com.ar\",\"https:\\\/\\\/www.facebook.com\\\/share\\\/1C1V8Gv9BX\\\/?mibextid=qi2Omg\",\"@patagoniambiental\",\"https:\\\/\\\/youtube.com\\\/@patagoniaambiental2023?si=BLt58t0wuXquxlYZ\"]}]}<\/script>\n<!-- \/ Yoast SEO Premium plugin. -->","yoast_head_json":{"title":"Santa Cruz: Por primera vez se contar\u00e1 con datos de medici\u00f3n del recurso e\u00f3lico","robots":{"index":"index","follow":"follow","max-snippet":"max-snippet:-1","max-image-preview":"max-image-preview:large","max-video-preview":"max-video-preview:-1"},"canonical":"https:\/\/patagoniambiental.com.ar\/info\/santa-cruz-por-primera-vez-se-contara-con-datos-de-medicion-del-recurso-eolico\/","og_locale":"es_ES","og_type":"article","og_title":"Santa Cruz: Por primera vez se contar\u00e1 con datos de medici\u00f3n del recurso e\u00f3lico","og_description":"SANTA CRUZ.- Ser\u00e1 a trav\u00e9s del \u201cProyecto de generaci\u00f3n el\u00e9ctrica a partir de fuentes renovables: Energ\u00eda E\u00f3lica en la Provincia [&hellip;]","og_url":"https:\/\/patagoniambiental.com.ar\/info\/santa-cruz-por-primera-vez-se-contara-con-datos-de-medicion-del-recurso-eolico\/","og_site_name":"Patagonia Ambiental","article_publisher":"https:\/\/www.facebook.com\/patagonia.ambiental","article_author":"https:\/\/www.facebook.com\/share\/1C1V8Gv9BX\/?mibextid=qi2Omg","article_published_time":"2018-10-03T12:00:40+00:00","og_image":[{"width":800,"height":457,"url":"https:\/\/patagoniambiental.com.ar\/info\/wp-content\/uploads\/2018\/10\/mediciones.jpg","type":"image\/jpeg"}],"author":"Patagonia Ambiental","twitter_card":"summary_large_image","twitter_creator":"@PatAmb","twitter_site":"@PatAmb","schema":{"@context":"https:\/\/schema.org","@graph":[{"@type":"Article","@id":"https:\/\/patagoniambiental.com.ar\/info\/santa-cruz-por-primera-vez-se-contara-con-datos-de-medicion-del-recurso-eolico\/#article","isPartOf":{"@id":"https:\/\/patagoniambiental.com.ar\/info\/santa-cruz-por-primera-vez-se-contara-con-datos-de-medicion-del-recurso-eolico\/"},"author":{"name":"Patagonia Ambiental","@id":"https:\/\/patagoniambiental.com.ar\/info\/#\/schema\/person\/db12bff64bbcbf6a253710bf0ea37b5d"},"headline":"Santa Cruz: Por primera vez se contar\u00e1 con datos de medici\u00f3n del recurso e\u00f3lico","datePublished":"2018-10-03T12:00:40+00:00","mainEntityOfPage":{"@id":"https:\/\/patagoniambiental.com.ar\/info\/santa-cruz-por-primera-vez-se-contara-con-datos-de-medicion-del-recurso-eolico\/"},"wordCount":503,"commentCount":0,"publisher":{"@id":"https:\/\/patagoniambiental.com.ar\/info\/#organization"},"image":{"@id":"https:\/\/patagoniambiental.com.ar\/info\/santa-cruz-por-primera-vez-se-contara-con-datos-de-medicion-del-recurso-eolico\/#primaryimage"},"thumbnailUrl":"https:\/\/patagoniambiental.com.ar\/info\/wp-content\/uploads\/2018\/10\/mediciones.jpg","articleSection":["Bolet\u00edn","Noticias","Santa Cruz"],"inLanguage":"es","potentialAction":[{"@type":"CommentAction","name":"Comment","target":["https:\/\/patagoniambiental.com.ar\/info\/santa-cruz-por-primera-vez-se-contara-con-datos-de-medicion-del-recurso-eolico\/#respond"]}]},{"@type":"WebPage","@id":"https:\/\/patagoniambiental.com.ar\/info\/santa-cruz-por-primera-vez-se-contara-con-datos-de-medicion-del-recurso-eolico\/","url":"https:\/\/patagoniambiental.com.ar\/info\/santa-cruz-por-primera-vez-se-contara-con-datos-de-medicion-del-recurso-eolico\/","name":"Santa Cruz: Por primera vez se contar\u00e1 con datos de medici\u00f3n del recurso e\u00f3lico","isPartOf":{"@id":"https:\/\/patagoniambiental.com.ar\/info\/#website"},"primaryImageOfPage":{"@id":"https:\/\/patagoniambiental.com.ar\/info\/santa-cruz-por-primera-vez-se-contara-con-datos-de-medicion-del-recurso-eolico\/#primaryimage"},"image":{"@id":"https:\/\/patagoniambiental.com.ar\/info\/santa-cruz-por-primera-vez-se-contara-con-datos-de-medicion-del-recurso-eolico\/#primaryimage"},"thumbnailUrl":"https:\/\/patagoniambiental.com.ar\/info\/wp-content\/uploads\/2018\/10\/mediciones.jpg","datePublished":"2018-10-03T12:00:40+00:00","breadcrumb":{"@id":"https:\/\/patagoniambiental.com.ar\/info\/santa-cruz-por-primera-vez-se-contara-con-datos-de-medicion-del-recurso-eolico\/#breadcrumb"},"inLanguage":"es","potentialAction":[{"@type":"ReadAction","target":["https:\/\/patagoniambiental.com.ar\/info\/santa-cruz-por-primera-vez-se-contara-con-datos-de-medicion-del-recurso-eolico\/"]}]},{"@type":"ImageObject","inLanguage":"es","@id":"https:\/\/patagoniambiental.com.ar\/info\/santa-cruz-por-primera-vez-se-contara-con-datos-de-medicion-del-recurso-eolico\/#primaryimage","url":"https:\/\/patagoniambiental.com.ar\/info\/wp-content\/uploads\/2018\/10\/mediciones.jpg","contentUrl":"https:\/\/patagoniambiental.com.ar\/info\/wp-content\/uploads\/2018\/10\/mediciones.jpg","width":800,"height":457},{"@type":"BreadcrumbList","@id":"https:\/\/patagoniambiental.com.ar\/info\/santa-cruz-por-primera-vez-se-contara-con-datos-de-medicion-del-recurso-eolico\/#breadcrumb","itemListElement":[{"@type":"ListItem","position":1,"name":"Inicio","item":"https:\/\/patagoniambiental.com.ar\/info\/"},{"@type":"ListItem","position":2,"name":"Santa Cruz: Por primera vez se contar\u00e1 con datos de medici\u00f3n del recurso e\u00f3lico"}]},{"@type":"WebSite","@id":"https:\/\/patagoniambiental.com.ar\/info\/#website","url":"https:\/\/patagoniambiental.com.ar\/info\/","name":"Patagonia Ambiental","description":"Monitoreo y an\u00e1lisis de la situaci\u00f3n geopol\u00edtica en el mundo y su implicancia en la Patagonia","publisher":{"@id":"https:\/\/patagoniambiental.com.ar\/info\/#organization"},"potentialAction":[{"@type":"SearchAction","target":{"@type":"EntryPoint","urlTemplate":"https:\/\/patagoniambiental.com.ar\/info\/?s={search_term_string}"},"query-input":{"@type":"PropertyValueSpecification","valueRequired":true,"valueName":"search_term_string"}}],"inLanguage":"es"},{"@type":"Organization","@id":"https:\/\/patagoniambiental.com.ar\/info\/#organization","name":"Patagonia Ambiental","url":"https:\/\/patagoniambiental.com.ar\/info\/","logo":{"@type":"ImageObject","inLanguage":"es","@id":"https:\/\/patagoniambiental.com.ar\/info\/#\/schema\/logo\/image\/","url":"https:\/\/patagoniambiental.com.ar\/info\/wp-content\/uploads\/2025\/05\/LOGO-PATAGONIA-AMBIENTAL.png","contentUrl":"https:\/\/patagoniambiental.com.ar\/info\/wp-content\/uploads\/2025\/05\/LOGO-PATAGONIA-AMBIENTAL.png","width":433,"height":250,"caption":"Patagonia Ambiental"},"image":{"@id":"https:\/\/patagoniambiental.com.ar\/info\/#\/schema\/logo\/image\/"},"sameAs":["https:\/\/www.facebook.com\/patagonia.ambiental","https:\/\/x.com\/PatAmb"]},{"@type":"Person","@id":"https:\/\/patagoniambiental.com.ar\/info\/#\/schema\/person\/db12bff64bbcbf6a253710bf0ea37b5d","name":"Patagonia Ambiental","description":"Andr\u00e9s Nievas T\u00e9cnico en manejo ambiental, consultor Ambiental y escritor para medios locales e internacionales sobre temas de geopolitica y medio ambiente.","sameAs":["http:\/\/www.patagoniambiental.com.ar","https:\/\/www.facebook.com\/share\/1C1V8Gv9BX\/?mibextid=qi2Omg","@patagoniambiental","https:\/\/youtube.com\/@patagoniaambiental2023?si=BLt58t0wuXquxlYZ"]}]}},"_links":{"self":[{"href":"https:\/\/patagoniambiental.com.ar\/info\/wp-json\/wp\/v2\/posts\/54089","targetHints":{"allow":["GET"]}}],"collection":[{"href":"https:\/\/patagoniambiental.com.ar\/info\/wp-json\/wp\/v2\/posts"}],"about":[{"href":"https:\/\/patagoniambiental.com.ar\/info\/wp-json\/wp\/v2\/types\/post"}],"author":[{"embeddable":true,"href":"https:\/\/patagoniambiental.com.ar\/info\/wp-json\/wp\/v2\/users\/2"}],"replies":[{"embeddable":true,"href":"https:\/\/patagoniambiental.com.ar\/info\/wp-json\/wp\/v2\/comments?post=54089"}],"version-history":[{"count":0,"href":"https:\/\/patagoniambiental.com.ar\/info\/wp-json\/wp\/v2\/posts\/54089\/revisions"}],"wp:featuredmedia":[{"embeddable":true,"href":"https:\/\/patagoniambiental.com.ar\/info\/wp-json\/wp\/v2\/media\/54090"}],"wp:attachment":[{"href":"https:\/\/patagoniambiental.com.ar\/info\/wp-json\/wp\/v2\/media?parent=54089"}],"wp:term":[{"taxonomy":"category","embeddable":true,"href":"https:\/\/patagoniambiental.com.ar\/info\/wp-json\/wp\/v2\/categories?post=54089"},{"taxonomy":"post_tag","embeddable":true,"href":"https:\/\/patagoniambiental.com.ar\/info\/wp-json\/wp\/v2\/tags?post=54089"}],"curies":[{"name":"wp","href":"https:\/\/api.w.org\/{rel}","templated":true}]}}