{"id":54138,"date":"2018-10-04T09:00:11","date_gmt":"2018-10-04T12:00:11","guid":{"rendered":"http:\/\/patagoniambiental.com.ar\/info\/?p=54138"},"modified":"2018-10-04T13:46:36","modified_gmt":"2018-10-04T16:46:36","slug":"convocan-a-movilizacion-por-nulidad-de-fallo-y-libertad-a-jose-y-luis-tralcal-y-peralino","status":"publish","type":"post","link":"https:\/\/patagoniambiental.com.ar\/info\/convocan-a-movilizacion-por-nulidad-de-fallo-y-libertad-a-jose-y-luis-tralcal-y-peralino\/","title":{"rendered":"Convocan a movilizaci\u00f3n por nulidad de fallo y libertad a Jos\u00e9 y Luis Tralcal y Peralino"},"content":{"rendered":"<header class=\"single-entry-header\"><\/header>\n<div class=\"entry-content\">\n<div class=\"ssba ssba-wrap\">\n<div>Concepci\u00f3n\/Chile.- Distintas organizaciones Mapuche y sociales, como asimismo artistas nacionales, se han sumado a la campa\u00f1a y movilizaci\u00f3n a realizarse en distintos territorios con motivo de exigir la nulidad del fallo en la corte Suprema, \u00a0que conden\u00f3 \u00a0a \u00a0Jos\u00e9 Tralcal y a Luis Tralcal a cadena perpetua, y a Jos\u00e9 Peralino a pena de 5 a\u00f1os con beneficios por ser \u201cautor confeso\u201d en el marco del cuestionado juicio Luchsinger Mackay.<\/div>\n<div><!--more--><\/div>\n<div><\/div>\n<div>El fallo se leer\u00e1 el d\u00eda 10 de octubre en el m\u00e1ximo tribunal de Chile.<\/div>\n<\/div>\n<div><\/div>\n<p><a href=\"http:\/\/www.mapuexpress.org\/wp-content\/uploads\/2018\/10\/jornada.jpg\"><img fetchpriority=\"high\" decoding=\"async\" class=\"aligncenter size-full wp-image-26098\" src=\"http:\/\/www.mapuexpress.org\/wp-content\/uploads\/2018\/10\/jornada.jpg\" sizes=\"(max-width: 720px) 100vw, 720px\" srcset=\"http:\/\/www.mapuexpress.org\/wp-content\/uploads\/2018\/10\/jornada.jpg 720w, http:\/\/www.mapuexpress.org\/wp-content\/uploads\/2018\/10\/jornada-296x300.jpg 296w\" alt=\"\" width=\"720\" height=\"730\" \/><\/a><\/p>\n<p>El d\u00eda jueves 4 de octubre, en distintos territorios, se realizar\u00e1 la\u00a0<a href=\"https:\/\/www.facebook.com\/events\/2203727676621570\/\">JORNADA DE WEICHAN!<\/a>\u00a0que comenzar\u00e1 con una Marcha desde Plaza Espa\u00f1a en Concepci\u00f3n. En Tanto en Santiago se realizar\u00e1 una marcha que se iniciar\u00e1 en Plaza Italia a las 19 horas.\u00a0En Temuco la convocatoria se iniciar\u00e1 a las 19 horas en la Plaza dagoberto Godoy (Hospital), y en Valdivia en el Terminal de Buses a las 18 horas. La invitaci\u00f3n es a sumarse desde todos los territorios y solidarizar en la Jornada de Protesta por nulidad y justicia.<\/p>\n<p><a href=\"http:\/\/www.mapuexpress.org\/wp-content\/uploads\/2018\/10\/marcha-tralcal-inocente.jpg\"><img decoding=\"async\" class=\"aligncenter size-full wp-image-26108\" src=\"http:\/\/www.mapuexpress.org\/wp-content\/uploads\/2018\/10\/marcha-tralcal-inocente.jpg\" sizes=\"(max-width: 698px) 100vw, 698px\" srcset=\"http:\/\/www.mapuexpress.org\/wp-content\/uploads\/2018\/10\/marcha-tralcal-inocente.jpg 698w, http:\/\/www.mapuexpress.org\/wp-content\/uploads\/2018\/10\/marcha-tralcal-inocente-218x300.jpg 218w\" alt=\"\" width=\"698\" height=\"960\" \/><\/a><a href=\"http:\/\/www.mapuexpress.org\/wp-content\/uploads\/2018\/10\/tralcal1.jpg\"><img decoding=\"async\" class=\"aligncenter size-full wp-image-26096\" src=\"http:\/\/www.mapuexpress.org\/wp-content\/uploads\/2018\/10\/tralcal1.jpg\" sizes=\"(max-width: 960px) 100vw, 960px\" srcset=\"http:\/\/www.mapuexpress.org\/wp-content\/uploads\/2018\/10\/tralcal1.jpg 960w, http:\/\/www.mapuexpress.org\/wp-content\/uploads\/2018\/10\/tralcal1-300x225.jpg 300w, http:\/\/www.mapuexpress.org\/wp-content\/uploads\/2018\/10\/tralcal1-768x576.jpg 768w\" alt=\"\" width=\"960\" height=\"720\" \/><\/a><strong>Fotograf\u00eda: Daniel Mu\u00f1oz, m\u00fasico y artista chileno<\/strong><\/p>\n<p><a href=\"http:\/\/www.mapuexpress.org\/wp-content\/uploads\/2018\/10\/pascuala-ilabaca.jpg\"><img loading=\"lazy\" decoding=\"async\" class=\"aligncenter size-full wp-image-26097\" src=\"http:\/\/www.mapuexpress.org\/wp-content\/uploads\/2018\/10\/pascuala-ilabaca.jpg\" sizes=\"(max-width: 960px) 100vw, 960px\" srcset=\"http:\/\/www.mapuexpress.org\/wp-content\/uploads\/2018\/10\/pascuala-ilabaca.jpg 960w, http:\/\/www.mapuexpress.org\/wp-content\/uploads\/2018\/10\/pascuala-ilabaca-300x225.jpg 300w, http:\/\/www.mapuexpress.org\/wp-content\/uploads\/2018\/10\/pascuala-ilabaca-768x576.jpg 768w\" alt=\"\" width=\"960\" height=\"720\" \/><\/a><strong>Fotograf\u00eda: Pascuala Ilabaca, cantante<\/strong><\/p>\n<p><a href=\"http:\/\/www.mapuexpress.org\/wp-content\/uploads\/2018\/10\/Mapuche.jpg\"><img loading=\"lazy\" decoding=\"async\" class=\"aligncenter size-full wp-image-26099\" src=\"http:\/\/www.mapuexpress.org\/wp-content\/uploads\/2018\/10\/Mapuche.jpg\" sizes=\"(max-width: 960px) 100vw, 960px\" srcset=\"http:\/\/www.mapuexpress.org\/wp-content\/uploads\/2018\/10\/Mapuche.jpg 960w, http:\/\/www.mapuexpress.org\/wp-content\/uploads\/2018\/10\/Mapuche-300x101.jpg 300w, http:\/\/www.mapuexpress.org\/wp-content\/uploads\/2018\/10\/Mapuche-768x259.jpg 768w\" alt=\"\" width=\"960\" height=\"324\" \/><\/a><\/p>\n<\/div>\n<p>Fuente:\u00a0http:\/\/www.mapuexpress.org\/?p=26095<\/p>\n","protected":false},"excerpt":{"rendered":"<p>Concepci\u00f3n\/Chile.- Distintas organizaciones Mapuche y sociales, como asimismo artistas nacionales, se han sumado a la campa\u00f1a y movilizaci\u00f3n a realizarse [&hellip;]<\/p>\n","protected":false},"author":2,"featured_media":54139,"comment_status":"open","ping_status":"open","sticky":false,"template":"","format":"standard","meta":{"site-sidebar-layout":"default","site-content-layout":"","ast-site-content-layout":"default","site-content-style":"default","site-sidebar-style":"default","ast-global-header-display":"","ast-banner-title-visibility":"","ast-main-header-display":"","ast-hfb-above-header-display":"","ast-hfb-below-header-display":"","ast-hfb-mobile-header-display":"","site-post-title":"","ast-breadcrumbs-content":"","ast-featured-img":"","footer-sml-layout":"","ast-disable-related-posts":"","theme-transparent-header-meta":"","adv-header-id-meta":"","stick-header-meta":"","header-above-stick-meta":"","header-main-stick-meta":"","header-below-stick-meta":"","astra-migrate-meta-layouts":"default","ast-page-background-enabled":"default","ast-page-background-meta":{"desktop":{"background-color":"var(--ast-global-color-5)","background-image":"","background-repeat":"repeat","background-position":"center center","background-size":"auto","background-attachment":"scroll","background-type":"","background-media":"","overlay-type":"","overlay-color":"","overlay-opacity":"","overlay-gradient":""},"tablet":{"background-color":"","background-image":"","background-repeat":"repeat","background-position":"center center","background-size":"auto","background-attachment":"scroll","background-type":"","background-media":"","overlay-type":"","overlay-color":"","overlay-opacity":"","overlay-gradient":""},"mobile":{"background-color":"","background-image":"","background-repeat":"repeat","background-position":"center center","background-size":"auto","background-attachment":"scroll","background-type":"","background-media":"","overlay-type":"","overlay-color":"","overlay-opacity":"","overlay-gradient":""}},"ast-content-background-meta":{"desktop":{"background-color":"var(--ast-global-color-4)","background-image":"","background-repeat":"repeat","background-position":"center center","background-size":"auto","background-attachment":"scroll","background-type":"","background-media":"","overlay-type":"","overlay-color":"","overlay-opacity":"","overlay-gradient":""},"tablet":{"background-color":"var(--ast-global-color-4)","background-image":"","background-repeat":"repeat","background-position":"center center","background-size":"auto","background-attachment":"scroll","background-type":"","background-media":"","overlay-type":"","overlay-color":"","overlay-opacity":"","overlay-gradient":""},"mobile":{"background-color":"var(--ast-global-color-4)","background-image":"","background-repeat":"repeat","background-position":"center center","background-size":"auto","background-attachment":"scroll","background-type":"","background-media":"","overlay-type":"","overlay-color":"","overlay-opacity":"","overlay-gradient":""}},"footnotes":""},"categories":[23,1],"tags":[],"class_list":["post-54138","post","type-post","status-publish","format-standard","has-post-thumbnail","hentry","category-internacionales","category-noticias"],"yoast_head":"<!-- This site is optimized with the Yoast SEO Premium plugin v23.0 (Yoast SEO v27.4) - https:\/\/yoast.com\/product\/yoast-seo-premium-wordpress\/ -->\n<title>Convocan a movilizaci\u00f3n por nulidad de fallo y libertad a Jos\u00e9 y Luis Tralcal y Peralino<\/title>\n<meta name=\"robots\" content=\"index, follow, max-snippet:-1, max-image-preview:large, max-video-preview:-1\" \/>\n<link rel=\"canonical\" href=\"https:\/\/patagoniambiental.com.ar\/info\/convocan-a-movilizacion-por-nulidad-de-fallo-y-libertad-a-jose-y-luis-tralcal-y-peralino\/\" \/>\n<meta property=\"og:locale\" content=\"es_ES\" \/>\n<meta property=\"og:type\" content=\"article\" \/>\n<meta property=\"og:title\" content=\"Convocan a movilizaci\u00f3n por nulidad de fallo y libertad a Jos\u00e9 y Luis Tralcal y Peralino\" \/>\n<meta property=\"og:description\" content=\"Concepci\u00f3n\/Chile.- Distintas organizaciones Mapuche y sociales, como asimismo artistas nacionales, se han sumado a la campa\u00f1a y movilizaci\u00f3n a realizarse [&hellip;]\" \/>\n<meta property=\"og:url\" content=\"https:\/\/patagoniambiental.com.ar\/info\/convocan-a-movilizacion-por-nulidad-de-fallo-y-libertad-a-jose-y-luis-tralcal-y-peralino\/\" \/>\n<meta property=\"og:site_name\" content=\"Patagonia Ambiental\" \/>\n<meta property=\"article:publisher\" content=\"https:\/\/www.facebook.com\/patagonia.ambiental\" \/>\n<meta property=\"article:author\" content=\"https:\/\/www.facebook.com\/share\/1C1V8Gv9BX\/?mibextid=qi2Omg\" \/>\n<meta property=\"article:published_time\" content=\"2018-10-04T12:00:11+00:00\" \/>\n<meta property=\"article:modified_time\" content=\"2018-10-04T16:46:36+00:00\" \/>\n<meta property=\"og:image\" content=\"https:\/\/patagoniambiental.com.ar\/info\/wp-content\/uploads\/2018\/10\/marcha-tralcal-inocente.jpg\" \/>\n\t<meta property=\"og:image:width\" content=\"698\" \/>\n\t<meta property=\"og:image:height\" content=\"960\" \/>\n\t<meta property=\"og:image:type\" content=\"image\/jpeg\" \/>\n<meta name=\"author\" content=\"Patagonia Ambiental\" \/>\n<meta name=\"twitter:card\" content=\"summary_large_image\" \/>\n<meta name=\"twitter:creator\" content=\"@PatAmb\" \/>\n<meta name=\"twitter:site\" content=\"@PatAmb\" \/>\n<script type=\"application\/ld+json\" class=\"yoast-schema-graph\">{\"@context\":\"https:\\\/\\\/schema.org\",\"@graph\":[{\"@type\":\"Article\",\"@id\":\"https:\\\/\\\/patagoniambiental.com.ar\\\/info\\\/convocan-a-movilizacion-por-nulidad-de-fallo-y-libertad-a-jose-y-luis-tralcal-y-peralino\\\/#article\",\"isPartOf\":{\"@id\":\"https:\\\/\\\/patagoniambiental.com.ar\\\/info\\\/convocan-a-movilizacion-por-nulidad-de-fallo-y-libertad-a-jose-y-luis-tralcal-y-peralino\\\/\"},\"author\":{\"name\":\"Patagonia Ambiental\",\"@id\":\"https:\\\/\\\/patagoniambiental.com.ar\\\/info\\\/#\\\/schema\\\/person\\\/db12bff64bbcbf6a253710bf0ea37b5d\"},\"headline\":\"Convocan a movilizaci\u00f3n por nulidad de fallo y libertad a Jos\u00e9 y Luis Tralcal y Peralino\",\"datePublished\":\"2018-10-04T12:00:11+00:00\",\"dateModified\":\"2018-10-04T16:46:36+00:00\",\"mainEntityOfPage\":{\"@id\":\"https:\\\/\\\/patagoniambiental.com.ar\\\/info\\\/convocan-a-movilizacion-por-nulidad-de-fallo-y-libertad-a-jose-y-luis-tralcal-y-peralino\\\/\"},\"wordCount\":220,\"commentCount\":0,\"publisher\":{\"@id\":\"https:\\\/\\\/patagoniambiental.com.ar\\\/info\\\/#organization\"},\"image\":{\"@id\":\"https:\\\/\\\/patagoniambiental.com.ar\\\/info\\\/convocan-a-movilizacion-por-nulidad-de-fallo-y-libertad-a-jose-y-luis-tralcal-y-peralino\\\/#primaryimage\"},\"thumbnailUrl\":\"https:\\\/\\\/patagoniambiental.com.ar\\\/info\\\/wp-content\\\/uploads\\\/2018\\\/10\\\/marcha-tralcal-inocente.jpg\",\"articleSection\":[\"Internacionales\",\"Noticias\"],\"inLanguage\":\"es\",\"potentialAction\":[{\"@type\":\"CommentAction\",\"name\":\"Comment\",\"target\":[\"https:\\\/\\\/patagoniambiental.com.ar\\\/info\\\/convocan-a-movilizacion-por-nulidad-de-fallo-y-libertad-a-jose-y-luis-tralcal-y-peralino\\\/#respond\"]}]},{\"@type\":\"WebPage\",\"@id\":\"https:\\\/\\\/patagoniambiental.com.ar\\\/info\\\/convocan-a-movilizacion-por-nulidad-de-fallo-y-libertad-a-jose-y-luis-tralcal-y-peralino\\\/\",\"url\":\"https:\\\/\\\/patagoniambiental.com.ar\\\/info\\\/convocan-a-movilizacion-por-nulidad-de-fallo-y-libertad-a-jose-y-luis-tralcal-y-peralino\\\/\",\"name\":\"Convocan a movilizaci\u00f3n por nulidad de fallo y libertad a Jos\u00e9 y Luis Tralcal y Peralino\",\"isPartOf\":{\"@id\":\"https:\\\/\\\/patagoniambiental.com.ar\\\/info\\\/#website\"},\"primaryImageOfPage\":{\"@id\":\"https:\\\/\\\/patagoniambiental.com.ar\\\/info\\\/convocan-a-movilizacion-por-nulidad-de-fallo-y-libertad-a-jose-y-luis-tralcal-y-peralino\\\/#primaryimage\"},\"image\":{\"@id\":\"https:\\\/\\\/patagoniambiental.com.ar\\\/info\\\/convocan-a-movilizacion-por-nulidad-de-fallo-y-libertad-a-jose-y-luis-tralcal-y-peralino\\\/#primaryimage\"},\"thumbnailUrl\":\"https:\\\/\\\/patagoniambiental.com.ar\\\/info\\\/wp-content\\\/uploads\\\/2018\\\/10\\\/marcha-tralcal-inocente.jpg\",\"datePublished\":\"2018-10-04T12:00:11+00:00\",\"dateModified\":\"2018-10-04T16:46:36+00:00\",\"breadcrumb\":{\"@id\":\"https:\\\/\\\/patagoniambiental.com.ar\\\/info\\\/convocan-a-movilizacion-por-nulidad-de-fallo-y-libertad-a-jose-y-luis-tralcal-y-peralino\\\/#breadcrumb\"},\"inLanguage\":\"es\",\"potentialAction\":[{\"@type\":\"ReadAction\",\"target\":[\"https:\\\/\\\/patagoniambiental.com.ar\\\/info\\\/convocan-a-movilizacion-por-nulidad-de-fallo-y-libertad-a-jose-y-luis-tralcal-y-peralino\\\/\"]}]},{\"@type\":\"ImageObject\",\"inLanguage\":\"es\",\"@id\":\"https:\\\/\\\/patagoniambiental.com.ar\\\/info\\\/convocan-a-movilizacion-por-nulidad-de-fallo-y-libertad-a-jose-y-luis-tralcal-y-peralino\\\/#primaryimage\",\"url\":\"https:\\\/\\\/patagoniambiental.com.ar\\\/info\\\/wp-content\\\/uploads\\\/2018\\\/10\\\/marcha-tralcal-inocente.jpg\",\"contentUrl\":\"https:\\\/\\\/patagoniambiental.com.ar\\\/info\\\/wp-content\\\/uploads\\\/2018\\\/10\\\/marcha-tralcal-inocente.jpg\",\"width\":436,\"height\":600},{\"@type\":\"BreadcrumbList\",\"@id\":\"https:\\\/\\\/patagoniambiental.com.ar\\\/info\\\/convocan-a-movilizacion-por-nulidad-de-fallo-y-libertad-a-jose-y-luis-tralcal-y-peralino\\\/#breadcrumb\",\"itemListElement\":[{\"@type\":\"ListItem\",\"position\":1,\"name\":\"Inicio\",\"item\":\"https:\\\/\\\/patagoniambiental.com.ar\\\/info\\\/\"},{\"@type\":\"ListItem\",\"position\":2,\"name\":\"Convocan a movilizaci\u00f3n por nulidad de fallo y libertad a Jos\u00e9 y Luis Tralcal y Peralino\"}]},{\"@type\":\"WebSite\",\"@id\":\"https:\\\/\\\/patagoniambiental.com.ar\\\/info\\\/#website\",\"url\":\"https:\\\/\\\/patagoniambiental.com.ar\\\/info\\\/\",\"name\":\"Patagonia Ambiental\",\"description\":\"Monitoreo y an\u00e1lisis de la situaci\u00f3n geopol\u00edtica en el mundo y su implicancia en la Patagonia\",\"publisher\":{\"@id\":\"https:\\\/\\\/patagoniambiental.com.ar\\\/info\\\/#organization\"},\"potentialAction\":[{\"@type\":\"SearchAction\",\"target\":{\"@type\":\"EntryPoint\",\"urlTemplate\":\"https:\\\/\\\/patagoniambiental.com.ar\\\/info\\\/?s={search_term_string}\"},\"query-input\":{\"@type\":\"PropertyValueSpecification\",\"valueRequired\":true,\"valueName\":\"search_term_string\"}}],\"inLanguage\":\"es\"},{\"@type\":\"Organization\",\"@id\":\"https:\\\/\\\/patagoniambiental.com.ar\\\/info\\\/#organization\",\"name\":\"Patagonia Ambiental\",\"url\":\"https:\\\/\\\/patagoniambiental.com.ar\\\/info\\\/\",\"logo\":{\"@type\":\"ImageObject\",\"inLanguage\":\"es\",\"@id\":\"https:\\\/\\\/patagoniambiental.com.ar\\\/info\\\/#\\\/schema\\\/logo\\\/image\\\/\",\"url\":\"https:\\\/\\\/patagoniambiental.com.ar\\\/info\\\/wp-content\\\/uploads\\\/2025\\\/05\\\/LOGO-PATAGONIA-AMBIENTAL.png\",\"contentUrl\":\"https:\\\/\\\/patagoniambiental.com.ar\\\/info\\\/wp-content\\\/uploads\\\/2025\\\/05\\\/LOGO-PATAGONIA-AMBIENTAL.png\",\"width\":433,\"height\":250,\"caption\":\"Patagonia Ambiental\"},\"image\":{\"@id\":\"https:\\\/\\\/patagoniambiental.com.ar\\\/info\\\/#\\\/schema\\\/logo\\\/image\\\/\"},\"sameAs\":[\"https:\\\/\\\/www.facebook.com\\\/patagonia.ambiental\",\"https:\\\/\\\/x.com\\\/PatAmb\"]},{\"@type\":\"Person\",\"@id\":\"https:\\\/\\\/patagoniambiental.com.ar\\\/info\\\/#\\\/schema\\\/person\\\/db12bff64bbcbf6a253710bf0ea37b5d\",\"name\":\"Patagonia Ambiental\",\"description\":\"Andr\u00e9s Nievas T\u00e9cnico en manejo ambiental, consultor Ambiental y escritor para medios locales e internacionales sobre temas de geopolitica y medio ambiente.\",\"sameAs\":[\"http:\\\/\\\/www.patagoniambiental.com.ar\",\"https:\\\/\\\/www.facebook.com\\\/share\\\/1C1V8Gv9BX\\\/?mibextid=qi2Omg\",\"@patagoniambiental\",\"https:\\\/\\\/youtube.com\\\/@patagoniaambiental2023?si=BLt58t0wuXquxlYZ\"]}]}<\/script>\n<!-- \/ Yoast SEO Premium plugin. -->","yoast_head_json":{"title":"Convocan a movilizaci\u00f3n por nulidad de fallo y libertad a Jos\u00e9 y Luis Tralcal y Peralino","robots":{"index":"index","follow":"follow","max-snippet":"max-snippet:-1","max-image-preview":"max-image-preview:large","max-video-preview":"max-video-preview:-1"},"canonical":"https:\/\/patagoniambiental.com.ar\/info\/convocan-a-movilizacion-por-nulidad-de-fallo-y-libertad-a-jose-y-luis-tralcal-y-peralino\/","og_locale":"es_ES","og_type":"article","og_title":"Convocan a movilizaci\u00f3n por nulidad de fallo y libertad a Jos\u00e9 y Luis Tralcal y Peralino","og_description":"Concepci\u00f3n\/Chile.- Distintas organizaciones Mapuche y sociales, como asimismo artistas nacionales, se han sumado a la campa\u00f1a y movilizaci\u00f3n a realizarse [&hellip;]","og_url":"https:\/\/patagoniambiental.com.ar\/info\/convocan-a-movilizacion-por-nulidad-de-fallo-y-libertad-a-jose-y-luis-tralcal-y-peralino\/","og_site_name":"Patagonia Ambiental","article_publisher":"https:\/\/www.facebook.com\/patagonia.ambiental","article_author":"https:\/\/www.facebook.com\/share\/1C1V8Gv9BX\/?mibextid=qi2Omg","article_published_time":"2018-10-04T12:00:11+00:00","article_modified_time":"2018-10-04T16:46:36+00:00","og_image":[{"width":698,"height":960,"url":"https:\/\/patagoniambiental.com.ar\/info\/wp-content\/uploads\/2018\/10\/marcha-tralcal-inocente.jpg","type":"image\/jpeg"}],"author":"Patagonia Ambiental","twitter_card":"summary_large_image","twitter_creator":"@PatAmb","twitter_site":"@PatAmb","schema":{"@context":"https:\/\/schema.org","@graph":[{"@type":"Article","@id":"https:\/\/patagoniambiental.com.ar\/info\/convocan-a-movilizacion-por-nulidad-de-fallo-y-libertad-a-jose-y-luis-tralcal-y-peralino\/#article","isPartOf":{"@id":"https:\/\/patagoniambiental.com.ar\/info\/convocan-a-movilizacion-por-nulidad-de-fallo-y-libertad-a-jose-y-luis-tralcal-y-peralino\/"},"author":{"name":"Patagonia Ambiental","@id":"https:\/\/patagoniambiental.com.ar\/info\/#\/schema\/person\/db12bff64bbcbf6a253710bf0ea37b5d"},"headline":"Convocan a movilizaci\u00f3n por nulidad de fallo y libertad a Jos\u00e9 y Luis Tralcal y Peralino","datePublished":"2018-10-04T12:00:11+00:00","dateModified":"2018-10-04T16:46:36+00:00","mainEntityOfPage":{"@id":"https:\/\/patagoniambiental.com.ar\/info\/convocan-a-movilizacion-por-nulidad-de-fallo-y-libertad-a-jose-y-luis-tralcal-y-peralino\/"},"wordCount":220,"commentCount":0,"publisher":{"@id":"https:\/\/patagoniambiental.com.ar\/info\/#organization"},"image":{"@id":"https:\/\/patagoniambiental.com.ar\/info\/convocan-a-movilizacion-por-nulidad-de-fallo-y-libertad-a-jose-y-luis-tralcal-y-peralino\/#primaryimage"},"thumbnailUrl":"https:\/\/patagoniambiental.com.ar\/info\/wp-content\/uploads\/2018\/10\/marcha-tralcal-inocente.jpg","articleSection":["Internacionales","Noticias"],"inLanguage":"es","potentialAction":[{"@type":"CommentAction","name":"Comment","target":["https:\/\/patagoniambiental.com.ar\/info\/convocan-a-movilizacion-por-nulidad-de-fallo-y-libertad-a-jose-y-luis-tralcal-y-peralino\/#respond"]}]},{"@type":"WebPage","@id":"https:\/\/patagoniambiental.com.ar\/info\/convocan-a-movilizacion-por-nulidad-de-fallo-y-libertad-a-jose-y-luis-tralcal-y-peralino\/","url":"https:\/\/patagoniambiental.com.ar\/info\/convocan-a-movilizacion-por-nulidad-de-fallo-y-libertad-a-jose-y-luis-tralcal-y-peralino\/","name":"Convocan a movilizaci\u00f3n por nulidad de fallo y libertad a Jos\u00e9 y Luis Tralcal y Peralino","isPartOf":{"@id":"https:\/\/patagoniambiental.com.ar\/info\/#website"},"primaryImageOfPage":{"@id":"https:\/\/patagoniambiental.com.ar\/info\/convocan-a-movilizacion-por-nulidad-de-fallo-y-libertad-a-jose-y-luis-tralcal-y-peralino\/#primaryimage"},"image":{"@id":"https:\/\/patagoniambiental.com.ar\/info\/convocan-a-movilizacion-por-nulidad-de-fallo-y-libertad-a-jose-y-luis-tralcal-y-peralino\/#primaryimage"},"thumbnailUrl":"https:\/\/patagoniambiental.com.ar\/info\/wp-content\/uploads\/2018\/10\/marcha-tralcal-inocente.jpg","datePublished":"2018-10-04T12:00:11+00:00","dateModified":"2018-10-04T16:46:36+00:00","breadcrumb":{"@id":"https:\/\/patagoniambiental.com.ar\/info\/convocan-a-movilizacion-por-nulidad-de-fallo-y-libertad-a-jose-y-luis-tralcal-y-peralino\/#breadcrumb"},"inLanguage":"es","potentialAction":[{"@type":"ReadAction","target":["https:\/\/patagoniambiental.com.ar\/info\/convocan-a-movilizacion-por-nulidad-de-fallo-y-libertad-a-jose-y-luis-tralcal-y-peralino\/"]}]},{"@type":"ImageObject","inLanguage":"es","@id":"https:\/\/patagoniambiental.com.ar\/info\/convocan-a-movilizacion-por-nulidad-de-fallo-y-libertad-a-jose-y-luis-tralcal-y-peralino\/#primaryimage","url":"https:\/\/patagoniambiental.com.ar\/info\/wp-content\/uploads\/2018\/10\/marcha-tralcal-inocente.jpg","contentUrl":"https:\/\/patagoniambiental.com.ar\/info\/wp-content\/uploads\/2018\/10\/marcha-tralcal-inocente.jpg","width":436,"height":600},{"@type":"BreadcrumbList","@id":"https:\/\/patagoniambiental.com.ar\/info\/convocan-a-movilizacion-por-nulidad-de-fallo-y-libertad-a-jose-y-luis-tralcal-y-peralino\/#breadcrumb","itemListElement":[{"@type":"ListItem","position":1,"name":"Inicio","item":"https:\/\/patagoniambiental.com.ar\/info\/"},{"@type":"ListItem","position":2,"name":"Convocan a movilizaci\u00f3n por nulidad de fallo y libertad a Jos\u00e9 y Luis Tralcal y Peralino"}]},{"@type":"WebSite","@id":"https:\/\/patagoniambiental.com.ar\/info\/#website","url":"https:\/\/patagoniambiental.com.ar\/info\/","name":"Patagonia Ambiental","description":"Monitoreo y an\u00e1lisis de la situaci\u00f3n geopol\u00edtica en el mundo y su implicancia en la Patagonia","publisher":{"@id":"https:\/\/patagoniambiental.com.ar\/info\/#organization"},"potentialAction":[{"@type":"SearchAction","target":{"@type":"EntryPoint","urlTemplate":"https:\/\/patagoniambiental.com.ar\/info\/?s={search_term_string}"},"query-input":{"@type":"PropertyValueSpecification","valueRequired":true,"valueName":"search_term_string"}}],"inLanguage":"es"},{"@type":"Organization","@id":"https:\/\/patagoniambiental.com.ar\/info\/#organization","name":"Patagonia Ambiental","url":"https:\/\/patagoniambiental.com.ar\/info\/","logo":{"@type":"ImageObject","inLanguage":"es","@id":"https:\/\/patagoniambiental.com.ar\/info\/#\/schema\/logo\/image\/","url":"https:\/\/patagoniambiental.com.ar\/info\/wp-content\/uploads\/2025\/05\/LOGO-PATAGONIA-AMBIENTAL.png","contentUrl":"https:\/\/patagoniambiental.com.ar\/info\/wp-content\/uploads\/2025\/05\/LOGO-PATAGONIA-AMBIENTAL.png","width":433,"height":250,"caption":"Patagonia Ambiental"},"image":{"@id":"https:\/\/patagoniambiental.com.ar\/info\/#\/schema\/logo\/image\/"},"sameAs":["https:\/\/www.facebook.com\/patagonia.ambiental","https:\/\/x.com\/PatAmb"]},{"@type":"Person","@id":"https:\/\/patagoniambiental.com.ar\/info\/#\/schema\/person\/db12bff64bbcbf6a253710bf0ea37b5d","name":"Patagonia Ambiental","description":"Andr\u00e9s Nievas T\u00e9cnico en manejo ambiental, consultor Ambiental y escritor para medios locales e internacionales sobre temas de geopolitica y medio ambiente.","sameAs":["http:\/\/www.patagoniambiental.com.ar","https:\/\/www.facebook.com\/share\/1C1V8Gv9BX\/?mibextid=qi2Omg","@patagoniambiental","https:\/\/youtube.com\/@patagoniaambiental2023?si=BLt58t0wuXquxlYZ"]}]}},"_links":{"self":[{"href":"https:\/\/patagoniambiental.com.ar\/info\/wp-json\/wp\/v2\/posts\/54138","targetHints":{"allow":["GET"]}}],"collection":[{"href":"https:\/\/patagoniambiental.com.ar\/info\/wp-json\/wp\/v2\/posts"}],"about":[{"href":"https:\/\/patagoniambiental.com.ar\/info\/wp-json\/wp\/v2\/types\/post"}],"author":[{"embeddable":true,"href":"https:\/\/patagoniambiental.com.ar\/info\/wp-json\/wp\/v2\/users\/2"}],"replies":[{"embeddable":true,"href":"https:\/\/patagoniambiental.com.ar\/info\/wp-json\/wp\/v2\/comments?post=54138"}],"version-history":[{"count":0,"href":"https:\/\/patagoniambiental.com.ar\/info\/wp-json\/wp\/v2\/posts\/54138\/revisions"}],"wp:featuredmedia":[{"embeddable":true,"href":"https:\/\/patagoniambiental.com.ar\/info\/wp-json\/wp\/v2\/media\/54139"}],"wp:attachment":[{"href":"https:\/\/patagoniambiental.com.ar\/info\/wp-json\/wp\/v2\/media?parent=54138"}],"wp:term":[{"taxonomy":"category","embeddable":true,"href":"https:\/\/patagoniambiental.com.ar\/info\/wp-json\/wp\/v2\/categories?post=54138"},{"taxonomy":"post_tag","embeddable":true,"href":"https:\/\/patagoniambiental.com.ar\/info\/wp-json\/wp\/v2\/tags?post=54138"}],"curies":[{"name":"wp","href":"https:\/\/api.w.org\/{rel}","templated":true}]}}