{"id":54285,"date":"2018-10-05T19:00:29","date_gmt":"2018-10-05T22:00:29","guid":{"rendered":"http:\/\/patagoniambiental.com.ar\/info\/?p=54285"},"modified":"2018-10-05T10:26:41","modified_gmt":"2018-10-05T13:26:41","slug":"andreas-kobrich-por-nuevo-ataque-incendiario-en-la-araucania-no-tenemos-dudas-que-son-atentados-terroristas","status":"publish","type":"post","link":"https:\/\/patagoniambiental.com.ar\/info\/andreas-kobrich-por-nuevo-ataque-incendiario-en-la-araucania-no-tenemos-dudas-que-son-atentados-terroristas\/","title":{"rendered":"Andreas K\u00f6brich por nuevo ataque incendiario en La Araucan\u00eda: \u201cNo tenemos dudas que son atentados terroristas\u201d"},"content":{"rendered":"<header class=\"main-single-header\">\n<p class=\"main-single-header__title\">Chile.-El secretario general de la Sociedad de Fomento Agr\u00edcola y Ganadera dijo que la \u00fanica soluci\u00f3n es \u00abdesarticular las c\u00e9dulas terroristas\u00bb. Mientras tanto, no ve forma de estimular las inversiones.<\/p>\n<\/header>\n<p><!--more--><\/p>\n<div class=\"main-content \">\n<div class=\"main-content__left js-content-static is-current\">\n<div class=\"main-single-body\" data-post-id=\"220909\">\n<div class=\"js-content-img video-icon-play\"><img fetchpriority=\"high\" decoding=\"async\" class=\"main-single-body__image js-img-single alignleft\" src=\"https:\/\/media.cnnchile.com\/sites\/2\/2018\/10\/ANDREAS-KOBRICH001-740x430.jpg\" alt=\"\" width=\"497\" height=\"289\" \/><\/div>\n<div class=\"main-single-body__share main-single-share\">Durante la madrugada de este jueves se registr\u00f3 el\u00a0<strong>tercer ataque incendiario en menos de una semana<\/strong>\u00a0en la regi\u00f3n de\u00a0<strong>La Araucan\u00eda<\/strong>. En el sector se encontraron panfletos firmados por la\u00a0<strong>Coordinadora Arauco-Malleco (CAM)<\/strong>, a solo semanas de que\u00a0el Gobierno presentara el\u00a0<a href=\"https:\/\/www.cnnchile.com\/pais\/gobierno-anuncio-el-acuerdo-nacional-por-el-desarrollo-y-la-paz-en-la-araucania_20180924\/\" target=\"_blank\" rel=\"noopener\">Plan Impulsa Araucan\u00eda<\/a>.<\/div>\n<div class=\"main-single-body__text u-m40\">\n<div class=\"main-single-body__content\">\n<p>El secretario general de la Sociedad de Fomento Agr\u00edcola y Ganadera (SOFO),\u00a0<strong>Andreas K\u00f6brich<\/strong>, dijo en\u00a0<strong>Hoy Es Noticia<\/strong>\u00a0que\u00a0\u201c<strong>no tenemos ninguna duda de que estos son atentados terroristas<\/strong>. La \u00fanica motivaci\u00f3n es producir da\u00f1os, los da\u00f1os son dantescos\u201d.<\/p>\n<p><em><strong>Te puede interesar:<\/strong>\u00a0<a href=\"https:\/\/www.cnnchile.com\/lodijeronencnn\/alfredo-moreno-sobre-plan-araucania-cuando-uno-se-mete-ahi-se-da-cuenta-de-lo-poco-que-conoce-la-cultura-mapuche_20180924\/\" target=\"_blank\" rel=\"noopener\">Alfredo Moreno sobre Plan Araucan\u00eda: \u201cCuando uno se mete ah\u00ed se da cuenta de lo poco que conoce la cultura mapuche\u201d<\/a><\/em><\/p>\n<p>K\u00f6brich critic\u00f3 el fallo de la Corte Suprema que retir\u00f3 el car\u00e1cter terrorista del delito por el cual fueron condenados\u00a0Jos\u00e9 Manuel Peralino Huinca, Jos\u00e9 Tralcal Coche y Luis Tralcal Quidel, en el caso de la muerte\u00a0del matrimonio Luchsinger-MacKay. Al respecto dijo que<strong>\u00a0\u201cdan gana de invitar a los ministros a que vengan para ac\u00e1 y se alojen en una casa de campo\u201d<\/strong>.<\/p>\n<h2>\u201cNo se ven luces\u201d<\/h2>\n<p>El secretario general de\u00a0SOFO llam\u00f3 a que la justicia trabaje en coordinaci\u00f3n con las polic\u00edas para que el fosco est\u00e9 puesto en<strong>\u00a0\u201cdesarticular las c\u00e9dulas terroristas\u201d<\/strong>.<\/p>\n<p>\u201cEsta situaci\u00f3n es desesperante, no se ven luces\u201d, critic\u00f3, y asegur\u00f3 que\u00a0\u201cno hay forma de estimular a hacer inversiones cuando \u00e9ste es el escenario\u201d.<\/p>\n<p><b><i>Fuente:\u00a0https:\/\/www.cnnchile.com\/programas-completos\/andreas-kobrich-por-nuevo-ataque-incendiario-en-la-araucania-no-tenemos-dudas-que-son-atentados-terroristas_20181004\/<\/i><\/b><\/p>\n<\/div>\n<\/div>\n<\/div>\n<\/div>\n<\/div>\n","protected":false},"excerpt":{"rendered":"<p>Chile.-El secretario general de la Sociedad de Fomento Agr\u00edcola y Ganadera dijo que la \u00fanica soluci\u00f3n es \u00abdesarticular las c\u00e9dulas [&hellip;]<\/p>\n","protected":false},"author":2,"featured_media":54286,"comment_status":"open","ping_status":"open","sticky":false,"template":"","format":"standard","meta":{"site-sidebar-layout":"default","site-content-layout":"","ast-site-content-layout":"default","site-content-style":"default","site-sidebar-style":"default","ast-global-header-display":"","ast-banner-title-visibility":"","ast-main-header-display":"","ast-hfb-above-header-display":"","ast-hfb-below-header-display":"","ast-hfb-mobile-header-display":"","site-post-title":"","ast-breadcrumbs-content":"","ast-featured-img":"","footer-sml-layout":"","ast-disable-related-posts":"","theme-transparent-header-meta":"","adv-header-id-meta":"","stick-header-meta":"","header-above-stick-meta":"","header-main-stick-meta":"","header-below-stick-meta":"","astra-migrate-meta-layouts":"default","ast-page-background-enabled":"default","ast-page-background-meta":{"desktop":{"background-color":"var(--ast-global-color-5)","background-image":"","background-repeat":"repeat","background-position":"center center","background-size":"auto","background-attachment":"scroll","background-type":"","background-media":"","overlay-type":"","overlay-color":"","overlay-opacity":"","overlay-gradient":""},"tablet":{"background-color":"","background-image":"","background-repeat":"repeat","background-position":"center center","background-size":"auto","background-attachment":"scroll","background-type":"","background-media":"","overlay-type":"","overlay-color":"","overlay-opacity":"","overlay-gradient":""},"mobile":{"background-color":"","background-image":"","background-repeat":"repeat","background-position":"center center","background-size":"auto","background-attachment":"scroll","background-type":"","background-media":"","overlay-type":"","overlay-color":"","overlay-opacity":"","overlay-gradient":""}},"ast-content-background-meta":{"desktop":{"background-color":"var(--ast-global-color-4)","background-image":"","background-repeat":"repeat","background-position":"center center","background-size":"auto","background-attachment":"scroll","background-type":"","background-media":"","overlay-type":"","overlay-color":"","overlay-opacity":"","overlay-gradient":""},"tablet":{"background-color":"var(--ast-global-color-4)","background-image":"","background-repeat":"repeat","background-position":"center center","background-size":"auto","background-attachment":"scroll","background-type":"","background-media":"","overlay-type":"","overlay-color":"","overlay-opacity":"","overlay-gradient":""},"mobile":{"background-color":"var(--ast-global-color-4)","background-image":"","background-repeat":"repeat","background-position":"center center","background-size":"auto","background-attachment":"scroll","background-type":"","background-media":"","overlay-type":"","overlay-color":"","overlay-opacity":"","overlay-gradient":""}},"footnotes":""},"categories":[23,1],"tags":[],"class_list":["post-54285","post","type-post","status-publish","format-standard","has-post-thumbnail","hentry","category-internacionales","category-noticias"],"yoast_head":"<!-- This site is optimized with the Yoast SEO Premium plugin v23.0 (Yoast SEO v27.4) - https:\/\/yoast.com\/product\/yoast-seo-premium-wordpress\/ -->\n<title>Andreas K\u00f6brich por nuevo ataque incendiario en La Araucan\u00eda: \u201cNo tenemos dudas que son atentados terroristas\u201d<\/title>\n<meta name=\"robots\" content=\"index, follow, max-snippet:-1, max-image-preview:large, max-video-preview:-1\" \/>\n<link rel=\"canonical\" href=\"https:\/\/patagoniambiental.com.ar\/info\/andreas-kobrich-por-nuevo-ataque-incendiario-en-la-araucania-no-tenemos-dudas-que-son-atentados-terroristas\/\" \/>\n<meta property=\"og:locale\" content=\"es_ES\" \/>\n<meta property=\"og:type\" content=\"article\" \/>\n<meta property=\"og:title\" content=\"Andreas K\u00f6brich por nuevo ataque incendiario en La Araucan\u00eda: \u201cNo tenemos dudas que son atentados terroristas\u201d\" \/>\n<meta property=\"og:description\" content=\"Chile.-El secretario general de la Sociedad de Fomento Agr\u00edcola y Ganadera dijo que la \u00fanica soluci\u00f3n es \u00abdesarticular las c\u00e9dulas [&hellip;]\" \/>\n<meta property=\"og:url\" content=\"https:\/\/patagoniambiental.com.ar\/info\/andreas-kobrich-por-nuevo-ataque-incendiario-en-la-araucania-no-tenemos-dudas-que-son-atentados-terroristas\/\" \/>\n<meta property=\"og:site_name\" content=\"Patagonia Ambiental\" \/>\n<meta property=\"article:publisher\" content=\"https:\/\/www.facebook.com\/patagonia.ambiental\" \/>\n<meta property=\"article:author\" content=\"https:\/\/www.facebook.com\/share\/1C1V8Gv9BX\/?mibextid=qi2Omg\" \/>\n<meta property=\"article:published_time\" content=\"2018-10-05T22:00:29+00:00\" \/>\n<meta property=\"og:image\" content=\"https:\/\/patagoniambiental.com.ar\/info\/wp-content\/uploads\/2018\/10\/ANDREAS-KOBRICH001-740x430.jpg\" \/>\n\t<meta property=\"og:image:width\" content=\"740\" \/>\n\t<meta property=\"og:image:height\" content=\"430\" \/>\n\t<meta property=\"og:image:type\" content=\"image\/jpeg\" \/>\n<meta name=\"author\" content=\"Patagonia Ambiental\" \/>\n<meta name=\"twitter:card\" content=\"summary_large_image\" \/>\n<meta name=\"twitter:creator\" content=\"@PatAmb\" \/>\n<meta name=\"twitter:site\" content=\"@PatAmb\" \/>\n<script type=\"application\/ld+json\" class=\"yoast-schema-graph\">{\"@context\":\"https:\\\/\\\/schema.org\",\"@graph\":[{\"@type\":\"Article\",\"@id\":\"https:\\\/\\\/patagoniambiental.com.ar\\\/info\\\/andreas-kobrich-por-nuevo-ataque-incendiario-en-la-araucania-no-tenemos-dudas-que-son-atentados-terroristas\\\/#article\",\"isPartOf\":{\"@id\":\"https:\\\/\\\/patagoniambiental.com.ar\\\/info\\\/andreas-kobrich-por-nuevo-ataque-incendiario-en-la-araucania-no-tenemos-dudas-que-son-atentados-terroristas\\\/\"},\"author\":{\"name\":\"Patagonia Ambiental\",\"@id\":\"https:\\\/\\\/patagoniambiental.com.ar\\\/info\\\/#\\\/schema\\\/person\\\/db12bff64bbcbf6a253710bf0ea37b5d\"},\"headline\":\"Andreas K\u00f6brich por nuevo ataque incendiario en La Araucan\u00eda: \u201cNo tenemos dudas que son atentados terroristas\u201d\",\"datePublished\":\"2018-10-05T22:00:29+00:00\",\"mainEntityOfPage\":{\"@id\":\"https:\\\/\\\/patagoniambiental.com.ar\\\/info\\\/andreas-kobrich-por-nuevo-ataque-incendiario-en-la-araucania-no-tenemos-dudas-que-son-atentados-terroristas\\\/\"},\"wordCount\":305,\"commentCount\":0,\"publisher\":{\"@id\":\"https:\\\/\\\/patagoniambiental.com.ar\\\/info\\\/#organization\"},\"image\":{\"@id\":\"https:\\\/\\\/patagoniambiental.com.ar\\\/info\\\/andreas-kobrich-por-nuevo-ataque-incendiario-en-la-araucania-no-tenemos-dudas-que-son-atentados-terroristas\\\/#primaryimage\"},\"thumbnailUrl\":\"https:\\\/\\\/patagoniambiental.com.ar\\\/info\\\/wp-content\\\/uploads\\\/2018\\\/10\\\/ANDREAS-KOBRICH001-740x430.jpg\",\"articleSection\":[\"Internacionales\",\"Noticias\"],\"inLanguage\":\"es\",\"potentialAction\":[{\"@type\":\"CommentAction\",\"name\":\"Comment\",\"target\":[\"https:\\\/\\\/patagoniambiental.com.ar\\\/info\\\/andreas-kobrich-por-nuevo-ataque-incendiario-en-la-araucania-no-tenemos-dudas-que-son-atentados-terroristas\\\/#respond\"]}]},{\"@type\":\"WebPage\",\"@id\":\"https:\\\/\\\/patagoniambiental.com.ar\\\/info\\\/andreas-kobrich-por-nuevo-ataque-incendiario-en-la-araucania-no-tenemos-dudas-que-son-atentados-terroristas\\\/\",\"url\":\"https:\\\/\\\/patagoniambiental.com.ar\\\/info\\\/andreas-kobrich-por-nuevo-ataque-incendiario-en-la-araucania-no-tenemos-dudas-que-son-atentados-terroristas\\\/\",\"name\":\"Andreas K\u00f6brich por nuevo ataque incendiario en La Araucan\u00eda: \u201cNo tenemos dudas que son atentados terroristas\u201d\",\"isPartOf\":{\"@id\":\"https:\\\/\\\/patagoniambiental.com.ar\\\/info\\\/#website\"},\"primaryImageOfPage\":{\"@id\":\"https:\\\/\\\/patagoniambiental.com.ar\\\/info\\\/andreas-kobrich-por-nuevo-ataque-incendiario-en-la-araucania-no-tenemos-dudas-que-son-atentados-terroristas\\\/#primaryimage\"},\"image\":{\"@id\":\"https:\\\/\\\/patagoniambiental.com.ar\\\/info\\\/andreas-kobrich-por-nuevo-ataque-incendiario-en-la-araucania-no-tenemos-dudas-que-son-atentados-terroristas\\\/#primaryimage\"},\"thumbnailUrl\":\"https:\\\/\\\/patagoniambiental.com.ar\\\/info\\\/wp-content\\\/uploads\\\/2018\\\/10\\\/ANDREAS-KOBRICH001-740x430.jpg\",\"datePublished\":\"2018-10-05T22:00:29+00:00\",\"breadcrumb\":{\"@id\":\"https:\\\/\\\/patagoniambiental.com.ar\\\/info\\\/andreas-kobrich-por-nuevo-ataque-incendiario-en-la-araucania-no-tenemos-dudas-que-son-atentados-terroristas\\\/#breadcrumb\"},\"inLanguage\":\"es\",\"potentialAction\":[{\"@type\":\"ReadAction\",\"target\":[\"https:\\\/\\\/patagoniambiental.com.ar\\\/info\\\/andreas-kobrich-por-nuevo-ataque-incendiario-en-la-araucania-no-tenemos-dudas-que-son-atentados-terroristas\\\/\"]}]},{\"@type\":\"ImageObject\",\"inLanguage\":\"es\",\"@id\":\"https:\\\/\\\/patagoniambiental.com.ar\\\/info\\\/andreas-kobrich-por-nuevo-ataque-incendiario-en-la-araucania-no-tenemos-dudas-que-son-atentados-terroristas\\\/#primaryimage\",\"url\":\"https:\\\/\\\/patagoniambiental.com.ar\\\/info\\\/wp-content\\\/uploads\\\/2018\\\/10\\\/ANDREAS-KOBRICH001-740x430.jpg\",\"contentUrl\":\"https:\\\/\\\/patagoniambiental.com.ar\\\/info\\\/wp-content\\\/uploads\\\/2018\\\/10\\\/ANDREAS-KOBRICH001-740x430.jpg\",\"width\":740,\"height\":430},{\"@type\":\"BreadcrumbList\",\"@id\":\"https:\\\/\\\/patagoniambiental.com.ar\\\/info\\\/andreas-kobrich-por-nuevo-ataque-incendiario-en-la-araucania-no-tenemos-dudas-que-son-atentados-terroristas\\\/#breadcrumb\",\"itemListElement\":[{\"@type\":\"ListItem\",\"position\":1,\"name\":\"Inicio\",\"item\":\"https:\\\/\\\/patagoniambiental.com.ar\\\/info\\\/\"},{\"@type\":\"ListItem\",\"position\":2,\"name\":\"Andreas K\u00f6brich por nuevo ataque incendiario en La Araucan\u00eda: \u201cNo tenemos dudas que son atentados terroristas\u201d\"}]},{\"@type\":\"WebSite\",\"@id\":\"https:\\\/\\\/patagoniambiental.com.ar\\\/info\\\/#website\",\"url\":\"https:\\\/\\\/patagoniambiental.com.ar\\\/info\\\/\",\"name\":\"Patagonia Ambiental\",\"description\":\"Monitoreo y an\u00e1lisis de la situaci\u00f3n geopol\u00edtica en el mundo y su implicancia en la Patagonia\",\"publisher\":{\"@id\":\"https:\\\/\\\/patagoniambiental.com.ar\\\/info\\\/#organization\"},\"potentialAction\":[{\"@type\":\"SearchAction\",\"target\":{\"@type\":\"EntryPoint\",\"urlTemplate\":\"https:\\\/\\\/patagoniambiental.com.ar\\\/info\\\/?s={search_term_string}\"},\"query-input\":{\"@type\":\"PropertyValueSpecification\",\"valueRequired\":true,\"valueName\":\"search_term_string\"}}],\"inLanguage\":\"es\"},{\"@type\":\"Organization\",\"@id\":\"https:\\\/\\\/patagoniambiental.com.ar\\\/info\\\/#organization\",\"name\":\"Patagonia Ambiental\",\"url\":\"https:\\\/\\\/patagoniambiental.com.ar\\\/info\\\/\",\"logo\":{\"@type\":\"ImageObject\",\"inLanguage\":\"es\",\"@id\":\"https:\\\/\\\/patagoniambiental.com.ar\\\/info\\\/#\\\/schema\\\/logo\\\/image\\\/\",\"url\":\"https:\\\/\\\/patagoniambiental.com.ar\\\/info\\\/wp-content\\\/uploads\\\/2025\\\/05\\\/LOGO-PATAGONIA-AMBIENTAL.png\",\"contentUrl\":\"https:\\\/\\\/patagoniambiental.com.ar\\\/info\\\/wp-content\\\/uploads\\\/2025\\\/05\\\/LOGO-PATAGONIA-AMBIENTAL.png\",\"width\":433,\"height\":250,\"caption\":\"Patagonia Ambiental\"},\"image\":{\"@id\":\"https:\\\/\\\/patagoniambiental.com.ar\\\/info\\\/#\\\/schema\\\/logo\\\/image\\\/\"},\"sameAs\":[\"https:\\\/\\\/www.facebook.com\\\/patagonia.ambiental\",\"https:\\\/\\\/x.com\\\/PatAmb\"]},{\"@type\":\"Person\",\"@id\":\"https:\\\/\\\/patagoniambiental.com.ar\\\/info\\\/#\\\/schema\\\/person\\\/db12bff64bbcbf6a253710bf0ea37b5d\",\"name\":\"Patagonia Ambiental\",\"description\":\"Andr\u00e9s Nievas T\u00e9cnico en manejo ambiental, consultor Ambiental y escritor para medios locales e internacionales sobre temas de geopolitica y medio ambiente.\",\"sameAs\":[\"http:\\\/\\\/www.patagoniambiental.com.ar\",\"https:\\\/\\\/www.facebook.com\\\/share\\\/1C1V8Gv9BX\\\/?mibextid=qi2Omg\",\"@patagoniambiental\",\"https:\\\/\\\/youtube.com\\\/@patagoniaambiental2023?si=BLt58t0wuXquxlYZ\"]}]}<\/script>\n<!-- \/ Yoast SEO Premium plugin. -->","yoast_head_json":{"title":"Andreas K\u00f6brich por nuevo ataque incendiario en La Araucan\u00eda: \u201cNo tenemos dudas que son atentados terroristas\u201d","robots":{"index":"index","follow":"follow","max-snippet":"max-snippet:-1","max-image-preview":"max-image-preview:large","max-video-preview":"max-video-preview:-1"},"canonical":"https:\/\/patagoniambiental.com.ar\/info\/andreas-kobrich-por-nuevo-ataque-incendiario-en-la-araucania-no-tenemos-dudas-que-son-atentados-terroristas\/","og_locale":"es_ES","og_type":"article","og_title":"Andreas K\u00f6brich por nuevo ataque incendiario en La Araucan\u00eda: \u201cNo tenemos dudas que son atentados terroristas\u201d","og_description":"Chile.-El secretario general de la Sociedad de Fomento Agr\u00edcola y Ganadera dijo que la \u00fanica soluci\u00f3n es \u00abdesarticular las c\u00e9dulas [&hellip;]","og_url":"https:\/\/patagoniambiental.com.ar\/info\/andreas-kobrich-por-nuevo-ataque-incendiario-en-la-araucania-no-tenemos-dudas-que-son-atentados-terroristas\/","og_site_name":"Patagonia Ambiental","article_publisher":"https:\/\/www.facebook.com\/patagonia.ambiental","article_author":"https:\/\/www.facebook.com\/share\/1C1V8Gv9BX\/?mibextid=qi2Omg","article_published_time":"2018-10-05T22:00:29+00:00","og_image":[{"width":740,"height":430,"url":"https:\/\/patagoniambiental.com.ar\/info\/wp-content\/uploads\/2018\/10\/ANDREAS-KOBRICH001-740x430.jpg","type":"image\/jpeg"}],"author":"Patagonia Ambiental","twitter_card":"summary_large_image","twitter_creator":"@PatAmb","twitter_site":"@PatAmb","schema":{"@context":"https:\/\/schema.org","@graph":[{"@type":"Article","@id":"https:\/\/patagoniambiental.com.ar\/info\/andreas-kobrich-por-nuevo-ataque-incendiario-en-la-araucania-no-tenemos-dudas-que-son-atentados-terroristas\/#article","isPartOf":{"@id":"https:\/\/patagoniambiental.com.ar\/info\/andreas-kobrich-por-nuevo-ataque-incendiario-en-la-araucania-no-tenemos-dudas-que-son-atentados-terroristas\/"},"author":{"name":"Patagonia Ambiental","@id":"https:\/\/patagoniambiental.com.ar\/info\/#\/schema\/person\/db12bff64bbcbf6a253710bf0ea37b5d"},"headline":"Andreas K\u00f6brich por nuevo ataque incendiario en La Araucan\u00eda: \u201cNo tenemos dudas que son atentados terroristas\u201d","datePublished":"2018-10-05T22:00:29+00:00","mainEntityOfPage":{"@id":"https:\/\/patagoniambiental.com.ar\/info\/andreas-kobrich-por-nuevo-ataque-incendiario-en-la-araucania-no-tenemos-dudas-que-son-atentados-terroristas\/"},"wordCount":305,"commentCount":0,"publisher":{"@id":"https:\/\/patagoniambiental.com.ar\/info\/#organization"},"image":{"@id":"https:\/\/patagoniambiental.com.ar\/info\/andreas-kobrich-por-nuevo-ataque-incendiario-en-la-araucania-no-tenemos-dudas-que-son-atentados-terroristas\/#primaryimage"},"thumbnailUrl":"https:\/\/patagoniambiental.com.ar\/info\/wp-content\/uploads\/2018\/10\/ANDREAS-KOBRICH001-740x430.jpg","articleSection":["Internacionales","Noticias"],"inLanguage":"es","potentialAction":[{"@type":"CommentAction","name":"Comment","target":["https:\/\/patagoniambiental.com.ar\/info\/andreas-kobrich-por-nuevo-ataque-incendiario-en-la-araucania-no-tenemos-dudas-que-son-atentados-terroristas\/#respond"]}]},{"@type":"WebPage","@id":"https:\/\/patagoniambiental.com.ar\/info\/andreas-kobrich-por-nuevo-ataque-incendiario-en-la-araucania-no-tenemos-dudas-que-son-atentados-terroristas\/","url":"https:\/\/patagoniambiental.com.ar\/info\/andreas-kobrich-por-nuevo-ataque-incendiario-en-la-araucania-no-tenemos-dudas-que-son-atentados-terroristas\/","name":"Andreas K\u00f6brich por nuevo ataque incendiario en La Araucan\u00eda: \u201cNo tenemos dudas que son atentados terroristas\u201d","isPartOf":{"@id":"https:\/\/patagoniambiental.com.ar\/info\/#website"},"primaryImageOfPage":{"@id":"https:\/\/patagoniambiental.com.ar\/info\/andreas-kobrich-por-nuevo-ataque-incendiario-en-la-araucania-no-tenemos-dudas-que-son-atentados-terroristas\/#primaryimage"},"image":{"@id":"https:\/\/patagoniambiental.com.ar\/info\/andreas-kobrich-por-nuevo-ataque-incendiario-en-la-araucania-no-tenemos-dudas-que-son-atentados-terroristas\/#primaryimage"},"thumbnailUrl":"https:\/\/patagoniambiental.com.ar\/info\/wp-content\/uploads\/2018\/10\/ANDREAS-KOBRICH001-740x430.jpg","datePublished":"2018-10-05T22:00:29+00:00","breadcrumb":{"@id":"https:\/\/patagoniambiental.com.ar\/info\/andreas-kobrich-por-nuevo-ataque-incendiario-en-la-araucania-no-tenemos-dudas-que-son-atentados-terroristas\/#breadcrumb"},"inLanguage":"es","potentialAction":[{"@type":"ReadAction","target":["https:\/\/patagoniambiental.com.ar\/info\/andreas-kobrich-por-nuevo-ataque-incendiario-en-la-araucania-no-tenemos-dudas-que-son-atentados-terroristas\/"]}]},{"@type":"ImageObject","inLanguage":"es","@id":"https:\/\/patagoniambiental.com.ar\/info\/andreas-kobrich-por-nuevo-ataque-incendiario-en-la-araucania-no-tenemos-dudas-que-son-atentados-terroristas\/#primaryimage","url":"https:\/\/patagoniambiental.com.ar\/info\/wp-content\/uploads\/2018\/10\/ANDREAS-KOBRICH001-740x430.jpg","contentUrl":"https:\/\/patagoniambiental.com.ar\/info\/wp-content\/uploads\/2018\/10\/ANDREAS-KOBRICH001-740x430.jpg","width":740,"height":430},{"@type":"BreadcrumbList","@id":"https:\/\/patagoniambiental.com.ar\/info\/andreas-kobrich-por-nuevo-ataque-incendiario-en-la-araucania-no-tenemos-dudas-que-son-atentados-terroristas\/#breadcrumb","itemListElement":[{"@type":"ListItem","position":1,"name":"Inicio","item":"https:\/\/patagoniambiental.com.ar\/info\/"},{"@type":"ListItem","position":2,"name":"Andreas K\u00f6brich por nuevo ataque incendiario en La Araucan\u00eda: \u201cNo tenemos dudas que son atentados terroristas\u201d"}]},{"@type":"WebSite","@id":"https:\/\/patagoniambiental.com.ar\/info\/#website","url":"https:\/\/patagoniambiental.com.ar\/info\/","name":"Patagonia Ambiental","description":"Monitoreo y an\u00e1lisis de la situaci\u00f3n geopol\u00edtica en el mundo y su implicancia en la Patagonia","publisher":{"@id":"https:\/\/patagoniambiental.com.ar\/info\/#organization"},"potentialAction":[{"@type":"SearchAction","target":{"@type":"EntryPoint","urlTemplate":"https:\/\/patagoniambiental.com.ar\/info\/?s={search_term_string}"},"query-input":{"@type":"PropertyValueSpecification","valueRequired":true,"valueName":"search_term_string"}}],"inLanguage":"es"},{"@type":"Organization","@id":"https:\/\/patagoniambiental.com.ar\/info\/#organization","name":"Patagonia Ambiental","url":"https:\/\/patagoniambiental.com.ar\/info\/","logo":{"@type":"ImageObject","inLanguage":"es","@id":"https:\/\/patagoniambiental.com.ar\/info\/#\/schema\/logo\/image\/","url":"https:\/\/patagoniambiental.com.ar\/info\/wp-content\/uploads\/2025\/05\/LOGO-PATAGONIA-AMBIENTAL.png","contentUrl":"https:\/\/patagoniambiental.com.ar\/info\/wp-content\/uploads\/2025\/05\/LOGO-PATAGONIA-AMBIENTAL.png","width":433,"height":250,"caption":"Patagonia Ambiental"},"image":{"@id":"https:\/\/patagoniambiental.com.ar\/info\/#\/schema\/logo\/image\/"},"sameAs":["https:\/\/www.facebook.com\/patagonia.ambiental","https:\/\/x.com\/PatAmb"]},{"@type":"Person","@id":"https:\/\/patagoniambiental.com.ar\/info\/#\/schema\/person\/db12bff64bbcbf6a253710bf0ea37b5d","name":"Patagonia Ambiental","description":"Andr\u00e9s Nievas T\u00e9cnico en manejo ambiental, consultor Ambiental y escritor para medios locales e internacionales sobre temas de geopolitica y medio ambiente.","sameAs":["http:\/\/www.patagoniambiental.com.ar","https:\/\/www.facebook.com\/share\/1C1V8Gv9BX\/?mibextid=qi2Omg","@patagoniambiental","https:\/\/youtube.com\/@patagoniaambiental2023?si=BLt58t0wuXquxlYZ"]}]}},"_links":{"self":[{"href":"https:\/\/patagoniambiental.com.ar\/info\/wp-json\/wp\/v2\/posts\/54285","targetHints":{"allow":["GET"]}}],"collection":[{"href":"https:\/\/patagoniambiental.com.ar\/info\/wp-json\/wp\/v2\/posts"}],"about":[{"href":"https:\/\/patagoniambiental.com.ar\/info\/wp-json\/wp\/v2\/types\/post"}],"author":[{"embeddable":true,"href":"https:\/\/patagoniambiental.com.ar\/info\/wp-json\/wp\/v2\/users\/2"}],"replies":[{"embeddable":true,"href":"https:\/\/patagoniambiental.com.ar\/info\/wp-json\/wp\/v2\/comments?post=54285"}],"version-history":[{"count":0,"href":"https:\/\/patagoniambiental.com.ar\/info\/wp-json\/wp\/v2\/posts\/54285\/revisions"}],"wp:featuredmedia":[{"embeddable":true,"href":"https:\/\/patagoniambiental.com.ar\/info\/wp-json\/wp\/v2\/media\/54286"}],"wp:attachment":[{"href":"https:\/\/patagoniambiental.com.ar\/info\/wp-json\/wp\/v2\/media?parent=54285"}],"wp:term":[{"taxonomy":"category","embeddable":true,"href":"https:\/\/patagoniambiental.com.ar\/info\/wp-json\/wp\/v2\/categories?post=54285"},{"taxonomy":"post_tag","embeddable":true,"href":"https:\/\/patagoniambiental.com.ar\/info\/wp-json\/wp\/v2\/tags?post=54285"}],"curies":[{"name":"wp","href":"https:\/\/api.w.org\/{rel}","templated":true}]}}