{"id":54329,"date":"2018-10-05T19:00:22","date_gmt":"2018-10-05T22:00:22","guid":{"rendered":"http:\/\/patagoniambiental.com.ar\/info\/?p=54329"},"modified":"2018-10-05T15:52:19","modified_gmt":"2018-10-05T18:52:19","slug":"canal-de-beagle-cientificos-se-oponen-a-criaderos-de-salmones","status":"publish","type":"post","link":"https:\/\/patagoniambiental.com.ar\/info\/canal-de-beagle-cientificos-se-oponen-a-criaderos-de-salmones\/","title":{"rendered":"Canal de Beagle: cient\u00edficos se oponen a criaderos de salmones"},"content":{"rendered":"<div class=\"note__title-container\">\n<p class=\"note__epigraph\">Chile.-Esta actividad, auspiciada por el gobierno de Noruega, que genera m\u00faltiples cuestionamientos por sus resultados en el sur de Chile.<\/p>\n<\/div>\n<p><!--more--><\/p>\n<div class=\"note__main-media\">\n<div class=\"media-container\">\n<div class=\"media media--type-image\"><img decoding=\"async\" src=\"https:\/\/elsol-compress-release.s3-accelerate.amazonaws.com\/images\/large\/1538612662080salmones.jpg\" alt=\"https:\/\/elsol-compress-release.s3-accelerate.amazonaws.com\/images\/large\/1538612662080salmones.jpg\" \/><\/p>\n<div class=\"media__title\">Imagen ilustrativa<\/div>\n<\/div>\n<\/div>\n<\/div>\n<div class=\"note__inner-container\">\n<div class=\"note-content__container\">\n<div class=\"note__full-container\">\n<h2 class=\"note__epigraph\"><\/h2>\n<div class=\"note__rating note__spaced-container\">\n<div class=\"note__rating__container\"><\/div>\n<\/div>\n<div id=\"note-content\" class=\"note__content\">\n<div class=\"note__author-info\">\n<div class=\"note__author-title\"><\/div>\n<\/div>\n<p>La comunidad cient\u00edfica de Tierra del Fuego se pronunci\u00f3 en contra del proyecto de instalaci\u00f3n de criaderos artificiales de salmones en el Canal de Beagle, una actividad auspiciada por el gobierno de Noruega y que genera m\u00faltiples cuestionamientos por sus resultados en el sur de Chile.<\/p>\n<p>Las reservas a la iniciativa comenzaron el 9 de marzo pasado, cuando la provincia suscribi\u00f3 un convenio de cooperaci\u00f3n con la Innovation Norway, la agencia de negocios del gobierno noruego, donde se comprometi\u00f3 a aportar 95 mil d\u00f3lares, recursos de movilidad y personal para\u00a0<strong>estudiar la factibilidad de instalar salmoneras en \u201csiete u ocho\u201d puntos de la costa fueguina<\/strong>.<\/p>\n<p>Antes de ello, el propio gobierno nacional hab\u00eda suscripto un convenio marco con Noruega, a trav\u00e9s del Ministerio de Agricultura y Pesca, del que tambi\u00e9n form\u00f3 parte la Fundaci\u00f3n Argentina para la Promoci\u00f3n de Inversiones y Comercio Internacional, una agencia privada que coordina inversiones extranjeras con el sector p\u00fablico.<\/p>\n<p>Fuentes oficiales del gobierno fueguino aseguraron a T\u00e9lam que el estudio de \u201ccargas y posiciones\u201d todav\u00eda no ha sido concluido, aunque los principales bi\u00f3logos, expertos cient\u00edficos y ambientalistas de la provincia aseguran que\u00a0<strong>el proyecto deber\u00eda ser desestimado por los \u201criesgos graves\u201d que implica para el ecosistema del Beagle y para la actividad tur\u00edstica.<\/strong><\/p>\n<p>Uno de los desencadenantes de las cr\u00edticas es el<strong>\u00a0incidente ocurrido en julio en la isla Huar (Chile) donde unos 900 mil salmones se escaparon de un criadero de la empresa noruega Marine Harvest, y amenazan con provocar un desastre ambiental,<\/strong>\u00a0seg\u00fan informaron medios de ese pa\u00eds.<\/p>\n<p>\u201cUna vez escapados, estos peces compiten con las especies nativas y se alimentan de ellas, diseminando, adem\u00e1s, un c\u00famulo de enfermedades. Esto representar\u00eda la introducci\u00f3n de una especie ex\u00f3tica en el Canal Beagle, porque los salmones que hay son escasos y probablemente producto de escapes en Chile\u201d, explic\u00f3 a T\u00e9lam Adri\u00e1n Schiavini, doctor en Ciencias Biol\u00f3gicas e investigador principal del Conicet en el Centro Austral de Investigaciones Cient\u00edficas (Cadic) con sede en Ushuaia.<\/p>\n<p>Seg\u00fan Schiavini,\u00a0<strong>otro problema son los lobos marinos:<\/strong>\u00a0\u201cuna jaula de red, colgada en el mar, llena de salmones, es como poner un tarro repleto de caramelos en la puerta de un colegio, para que los chicos se sirvan. Para los lobos, los salmones gratis se obtienen empujando y rompiendo las redes\u201d, detall\u00f3 el experto.<\/p>\n<p>En Chile, la industria salmonera prob\u00f3 desde \u201cdisparos de salva\u201d hasta desplegar \u201cmodelos inflables de orcas\u201d para disuadir a los lobos, aunque en muchos casos terminaron \u201cmatando lobos a balazos, palazos o hachazos\u201d, revel\u00f3 el especialista.<\/p>\n<p>Por su parte Gustavo Lovrich, doctor en Biolog\u00eda e investigador principal del Cadic, opin\u00f3 que\u00a0<strong>\u201cel principal problema\u201d de la instalaci\u00f3n de salmoneras es \u201cla producci\u00f3n continua de materia org\u00e1nica, y de desechos nitrogenados y f\u00f3sforo que act\u00faan como fertilizantes.<\/strong>\u00a0Esa materia cae al fondo que empieza a perder ox\u00edgeno cuando los sedimentos son procesados por las bacterias\u201d, mencion\u00f3 el cient\u00edfico.<\/p>\n<p>Los fertilizantes pueden favorecer el crecimiento de algas que, adheridas a los moluscos, generan la\u00a0<strong>\u201cmarea roja\u201d<\/strong>\u00a0que los tornan peligrosos para la ingesta humana, precis\u00f3.<\/p>\n<p>Adem\u00e1s, en la cr\u00eda de salmones en cautiverio se utilizan antibi\u00f3ticos para curar enfermedades que detienen el crecimiento de los peces, y \u201cello tambi\u00e9n tiene consecuencias porque esa sustancia permanece en el ambiente o en los salmones, generando problemas en la exportaci\u00f3n de los animales a mercados exigentes\u201d, remarc\u00f3 Lovrich.<\/p>\n<p>Para Mariano Diez, otro investigador del Cadic-Conicet, \u201cresulta imposible la convivencia entre el turismo natural y el cultivo de especies ex\u00f3ticas. Son incompatibles. M\u00e1s a\u00fan cuando existe evidencia cient\u00edfica de lo ocurrido en los fiordos chilenos\u201d, afirm\u00f3 a T\u00e9lam.<\/p>\n<p>Lovrich coincide con esa lectura: \u201cNo tiene sentido poner f\u00e1bricas en el camino de los grandes buques tur\u00edsticos. Piensen que los visitantes vienen al Canal Beagle a disfrutar el mismo paisaje que observ\u00f3 Charles Darwin en 1828\u201d.<\/p>\n<p>El ex secretario de Turismo de Ushuaia y actual presidente de la Fundaci\u00f3n Ushuaia XXI, Julio Lovece, se pregunt\u00f3 si el gobierno provincial \u201cha medido las\u00a0<strong>consecuencias de las salmoneras sobre la pesca artesanal<\/strong>, y en especial sobre los productos gastron\u00f3micos ya impuestos en el sector tur\u00edstico, como la centolla, el r\u00f3balo o los mejillones\u201d.<\/p>\n<p>En cambio, desde el gobierno fueguino, el secretario de Agroindustria y Pesca, Kevin Colli, pidi\u00f3 \u201ccalma\u201d, y record\u00f3 que la realizaci\u00f3n de los estudios \u201cno implican la aceptaci\u00f3n de ninguna concesi\u00f3n de los recursos naturales, sino la elaboraci\u00f3n de herramientas con las que luego se tomar\u00e1n las decisiones correspondientes\u201d.<\/p>\n<p>Colli dijo que el gobierno est\u00e1 \u201ctotalmente comprometido con el correcto uso y conservaci\u00f3n de los recursos\u201d, aunque tambi\u00e9n busca\u00a0<strong>reconvertir econ\u00f3micamente la provincia y \u201cla promoci\u00f3n y el desarrollo de la acuicultura, en escala realmente competitiva<\/strong>, es una de las formas\u201d, se\u00f1al\u00f3 en declaraciones oficiales.<\/p>\n<p>Los cient\u00edficos y ambientalistas fueguinos no est\u00e1n de acuerdo con que las salmoneras sean parte de esa reconversi\u00f3n: aseguran que\u00a0<strong>la actividad genera \u201cpocos puestos de trabajo\u201d y acusan al gobierno de \u201cno informar a la poblaci\u00f3n sobre los riesgos ambientales\u201d<\/strong>.<\/p>\n<p>\u201cHablan de estudios pero no especifican qu\u00e9 tecnolog\u00eda van a utilizar, qu\u00e9 tipo, tama\u00f1o y volumen de jaulas, qu\u00e9 densidad de peces, qu\u00e9 espacio entre trenes de jaula, c\u00f3mo se piensa mitigar los da\u00f1os para el fondo marino, para las aves y los mam\u00edferos. Sin esos datos, resulta dif\u00edcil un debate en serio\u201d, concluy\u00f3 Schiavini.<\/p>\n<p>Fuente:\u00a0https:\/\/www.elsol.com.ar\/canal-de-beagle-cientificos-se-oponen-a-criaderos-de-salmones<\/p>\n<\/div>\n<\/div>\n<\/div>\n<\/div>\n","protected":false},"excerpt":{"rendered":"<p>Chile.-Esta actividad, auspiciada por el gobierno de Noruega, que genera m\u00faltiples cuestionamientos por sus resultados en el sur de Chile.<\/p>\n","protected":false},"author":2,"featured_media":54330,"comment_status":"open","ping_status":"open","sticky":false,"template":"","format":"standard","meta":{"site-sidebar-layout":"default","site-content-layout":"","ast-site-content-layout":"default","site-content-style":"default","site-sidebar-style":"default","ast-global-header-display":"","ast-banner-title-visibility":"","ast-main-header-display":"","ast-hfb-above-header-display":"","ast-hfb-below-header-display":"","ast-hfb-mobile-header-display":"","site-post-title":"","ast-breadcrumbs-content":"","ast-featured-img":"","footer-sml-layout":"","ast-disable-related-posts":"","theme-transparent-header-meta":"","adv-header-id-meta":"","stick-header-meta":"","header-above-stick-meta":"","header-main-stick-meta":"","header-below-stick-meta":"","astra-migrate-meta-layouts":"default","ast-page-background-enabled":"default","ast-page-background-meta":{"desktop":{"background-color":"var(--ast-global-color-5)","background-image":"","background-repeat":"repeat","background-position":"center center","background-size":"auto","background-attachment":"scroll","background-type":"","background-media":"","overlay-type":"","overlay-color":"","overlay-opacity":"","overlay-gradient":""},"tablet":{"background-color":"","background-image":"","background-repeat":"repeat","background-position":"center center","background-size":"auto","background-attachment":"scroll","background-type":"","background-media":"","overlay-type":"","overlay-color":"","overlay-opacity":"","overlay-gradient":""},"mobile":{"background-color":"","background-image":"","background-repeat":"repeat","background-position":"center center","background-size":"auto","background-attachment":"scroll","background-type":"","background-media":"","overlay-type":"","overlay-color":"","overlay-opacity":"","overlay-gradient":""}},"ast-content-background-meta":{"desktop":{"background-color":"var(--ast-global-color-4)","background-image":"","background-repeat":"repeat","background-position":"center center","background-size":"auto","background-attachment":"scroll","background-type":"","background-media":"","overlay-type":"","overlay-color":"","overlay-opacity":"","overlay-gradient":""},"tablet":{"background-color":"var(--ast-global-color-4)","background-image":"","background-repeat":"repeat","background-position":"center center","background-size":"auto","background-attachment":"scroll","background-type":"","background-media":"","overlay-type":"","overlay-color":"","overlay-opacity":"","overlay-gradient":""},"mobile":{"background-color":"var(--ast-global-color-4)","background-image":"","background-repeat":"repeat","background-position":"center center","background-size":"auto","background-attachment":"scroll","background-type":"","background-media":"","overlay-type":"","overlay-color":"","overlay-opacity":"","overlay-gradient":""}},"footnotes":""},"categories":[23,1],"tags":[],"class_list":["post-54329","post","type-post","status-publish","format-standard","has-post-thumbnail","hentry","category-internacionales","category-noticias"],"yoast_head":"<!-- This site is optimized with the Yoast SEO Premium plugin v23.0 (Yoast SEO v27.4) - https:\/\/yoast.com\/product\/yoast-seo-premium-wordpress\/ -->\n<title>Canal de Beagle: cient\u00edficos se oponen a criaderos de salmones<\/title>\n<meta name=\"robots\" content=\"index, follow, max-snippet:-1, max-image-preview:large, max-video-preview:-1\" \/>\n<link rel=\"canonical\" href=\"https:\/\/patagoniambiental.com.ar\/info\/canal-de-beagle-cientificos-se-oponen-a-criaderos-de-salmones\/\" \/>\n<meta property=\"og:locale\" content=\"es_ES\" \/>\n<meta property=\"og:type\" content=\"article\" \/>\n<meta property=\"og:title\" content=\"Canal de Beagle: cient\u00edficos se oponen a criaderos de salmones\" \/>\n<meta property=\"og:description\" content=\"Chile.-Esta actividad, auspiciada por el gobierno de Noruega, que genera m\u00faltiples cuestionamientos por sus resultados en el sur de Chile.\" \/>\n<meta property=\"og:url\" content=\"https:\/\/patagoniambiental.com.ar\/info\/canal-de-beagle-cientificos-se-oponen-a-criaderos-de-salmones\/\" \/>\n<meta property=\"og:site_name\" content=\"Patagonia Ambiental\" \/>\n<meta property=\"article:publisher\" content=\"https:\/\/www.facebook.com\/patagonia.ambiental\" \/>\n<meta property=\"article:author\" content=\"https:\/\/www.facebook.com\/share\/1C1V8Gv9BX\/?mibextid=qi2Omg\" \/>\n<meta property=\"article:published_time\" content=\"2018-10-05T22:00:22+00:00\" \/>\n<meta property=\"og:image\" content=\"https:\/\/patagoniambiental.com.ar\/info\/wp-content\/uploads\/2018\/10\/1538612662080salmones.jpg\" \/>\n\t<meta property=\"og:image:width\" content=\"1024\" \/>\n\t<meta property=\"og:image:height\" content=\"768\" \/>\n\t<meta property=\"og:image:type\" content=\"image\/jpeg\" \/>\n<meta name=\"author\" content=\"Patagonia Ambiental\" \/>\n<meta name=\"twitter:card\" content=\"summary_large_image\" \/>\n<meta name=\"twitter:creator\" content=\"@PatAmb\" \/>\n<meta name=\"twitter:site\" content=\"@PatAmb\" \/>\n<script type=\"application\/ld+json\" class=\"yoast-schema-graph\">{\"@context\":\"https:\\\/\\\/schema.org\",\"@graph\":[{\"@type\":\"Article\",\"@id\":\"https:\\\/\\\/patagoniambiental.com.ar\\\/info\\\/canal-de-beagle-cientificos-se-oponen-a-criaderos-de-salmones\\\/#article\",\"isPartOf\":{\"@id\":\"https:\\\/\\\/patagoniambiental.com.ar\\\/info\\\/canal-de-beagle-cientificos-se-oponen-a-criaderos-de-salmones\\\/\"},\"author\":{\"name\":\"Patagonia Ambiental\",\"@id\":\"https:\\\/\\\/patagoniambiental.com.ar\\\/info\\\/#\\\/schema\\\/person\\\/db12bff64bbcbf6a253710bf0ea37b5d\"},\"headline\":\"Canal de Beagle: cient\u00edficos se oponen a criaderos de salmones\",\"datePublished\":\"2018-10-05T22:00:22+00:00\",\"mainEntityOfPage\":{\"@id\":\"https:\\\/\\\/patagoniambiental.com.ar\\\/info\\\/canal-de-beagle-cientificos-se-oponen-a-criaderos-de-salmones\\\/\"},\"wordCount\":990,\"commentCount\":0,\"publisher\":{\"@id\":\"https:\\\/\\\/patagoniambiental.com.ar\\\/info\\\/#organization\"},\"image\":{\"@id\":\"https:\\\/\\\/patagoniambiental.com.ar\\\/info\\\/canal-de-beagle-cientificos-se-oponen-a-criaderos-de-salmones\\\/#primaryimage\"},\"thumbnailUrl\":\"https:\\\/\\\/patagoniambiental.com.ar\\\/info\\\/wp-content\\\/uploads\\\/2018\\\/10\\\/1538612662080salmones.jpg\",\"articleSection\":[\"Internacionales\",\"Noticias\"],\"inLanguage\":\"es\",\"potentialAction\":[{\"@type\":\"CommentAction\",\"name\":\"Comment\",\"target\":[\"https:\\\/\\\/patagoniambiental.com.ar\\\/info\\\/canal-de-beagle-cientificos-se-oponen-a-criaderos-de-salmones\\\/#respond\"]}]},{\"@type\":\"WebPage\",\"@id\":\"https:\\\/\\\/patagoniambiental.com.ar\\\/info\\\/canal-de-beagle-cientificos-se-oponen-a-criaderos-de-salmones\\\/\",\"url\":\"https:\\\/\\\/patagoniambiental.com.ar\\\/info\\\/canal-de-beagle-cientificos-se-oponen-a-criaderos-de-salmones\\\/\",\"name\":\"Canal de Beagle: cient\u00edficos se oponen a criaderos de salmones\",\"isPartOf\":{\"@id\":\"https:\\\/\\\/patagoniambiental.com.ar\\\/info\\\/#website\"},\"primaryImageOfPage\":{\"@id\":\"https:\\\/\\\/patagoniambiental.com.ar\\\/info\\\/canal-de-beagle-cientificos-se-oponen-a-criaderos-de-salmones\\\/#primaryimage\"},\"image\":{\"@id\":\"https:\\\/\\\/patagoniambiental.com.ar\\\/info\\\/canal-de-beagle-cientificos-se-oponen-a-criaderos-de-salmones\\\/#primaryimage\"},\"thumbnailUrl\":\"https:\\\/\\\/patagoniambiental.com.ar\\\/info\\\/wp-content\\\/uploads\\\/2018\\\/10\\\/1538612662080salmones.jpg\",\"datePublished\":\"2018-10-05T22:00:22+00:00\",\"breadcrumb\":{\"@id\":\"https:\\\/\\\/patagoniambiental.com.ar\\\/info\\\/canal-de-beagle-cientificos-se-oponen-a-criaderos-de-salmones\\\/#breadcrumb\"},\"inLanguage\":\"es\",\"potentialAction\":[{\"@type\":\"ReadAction\",\"target\":[\"https:\\\/\\\/patagoniambiental.com.ar\\\/info\\\/canal-de-beagle-cientificos-se-oponen-a-criaderos-de-salmones\\\/\"]}]},{\"@type\":\"ImageObject\",\"inLanguage\":\"es\",\"@id\":\"https:\\\/\\\/patagoniambiental.com.ar\\\/info\\\/canal-de-beagle-cientificos-se-oponen-a-criaderos-de-salmones\\\/#primaryimage\",\"url\":\"https:\\\/\\\/patagoniambiental.com.ar\\\/info\\\/wp-content\\\/uploads\\\/2018\\\/10\\\/1538612662080salmones.jpg\",\"contentUrl\":\"https:\\\/\\\/patagoniambiental.com.ar\\\/info\\\/wp-content\\\/uploads\\\/2018\\\/10\\\/1538612662080salmones.jpg\",\"width\":800,\"height\":600},{\"@type\":\"BreadcrumbList\",\"@id\":\"https:\\\/\\\/patagoniambiental.com.ar\\\/info\\\/canal-de-beagle-cientificos-se-oponen-a-criaderos-de-salmones\\\/#breadcrumb\",\"itemListElement\":[{\"@type\":\"ListItem\",\"position\":1,\"name\":\"Inicio\",\"item\":\"https:\\\/\\\/patagoniambiental.com.ar\\\/info\\\/\"},{\"@type\":\"ListItem\",\"position\":2,\"name\":\"Canal de Beagle: cient\u00edficos se oponen a criaderos de salmones\"}]},{\"@type\":\"WebSite\",\"@id\":\"https:\\\/\\\/patagoniambiental.com.ar\\\/info\\\/#website\",\"url\":\"https:\\\/\\\/patagoniambiental.com.ar\\\/info\\\/\",\"name\":\"Patagonia Ambiental\",\"description\":\"Monitoreo y an\u00e1lisis de la situaci\u00f3n geopol\u00edtica en el mundo y su implicancia en la Patagonia\",\"publisher\":{\"@id\":\"https:\\\/\\\/patagoniambiental.com.ar\\\/info\\\/#organization\"},\"potentialAction\":[{\"@type\":\"SearchAction\",\"target\":{\"@type\":\"EntryPoint\",\"urlTemplate\":\"https:\\\/\\\/patagoniambiental.com.ar\\\/info\\\/?s={search_term_string}\"},\"query-input\":{\"@type\":\"PropertyValueSpecification\",\"valueRequired\":true,\"valueName\":\"search_term_string\"}}],\"inLanguage\":\"es\"},{\"@type\":\"Organization\",\"@id\":\"https:\\\/\\\/patagoniambiental.com.ar\\\/info\\\/#organization\",\"name\":\"Patagonia Ambiental\",\"url\":\"https:\\\/\\\/patagoniambiental.com.ar\\\/info\\\/\",\"logo\":{\"@type\":\"ImageObject\",\"inLanguage\":\"es\",\"@id\":\"https:\\\/\\\/patagoniambiental.com.ar\\\/info\\\/#\\\/schema\\\/logo\\\/image\\\/\",\"url\":\"https:\\\/\\\/patagoniambiental.com.ar\\\/info\\\/wp-content\\\/uploads\\\/2025\\\/05\\\/LOGO-PATAGONIA-AMBIENTAL.png\",\"contentUrl\":\"https:\\\/\\\/patagoniambiental.com.ar\\\/info\\\/wp-content\\\/uploads\\\/2025\\\/05\\\/LOGO-PATAGONIA-AMBIENTAL.png\",\"width\":433,\"height\":250,\"caption\":\"Patagonia Ambiental\"},\"image\":{\"@id\":\"https:\\\/\\\/patagoniambiental.com.ar\\\/info\\\/#\\\/schema\\\/logo\\\/image\\\/\"},\"sameAs\":[\"https:\\\/\\\/www.facebook.com\\\/patagonia.ambiental\",\"https:\\\/\\\/x.com\\\/PatAmb\"]},{\"@type\":\"Person\",\"@id\":\"https:\\\/\\\/patagoniambiental.com.ar\\\/info\\\/#\\\/schema\\\/person\\\/db12bff64bbcbf6a253710bf0ea37b5d\",\"name\":\"Patagonia Ambiental\",\"description\":\"Andr\u00e9s Nievas T\u00e9cnico en manejo ambiental, consultor Ambiental y escritor para medios locales e internacionales sobre temas de geopolitica y medio ambiente.\",\"sameAs\":[\"http:\\\/\\\/www.patagoniambiental.com.ar\",\"https:\\\/\\\/www.facebook.com\\\/share\\\/1C1V8Gv9BX\\\/?mibextid=qi2Omg\",\"@patagoniambiental\",\"https:\\\/\\\/youtube.com\\\/@patagoniaambiental2023?si=BLt58t0wuXquxlYZ\"]}]}<\/script>\n<!-- \/ Yoast SEO Premium plugin. -->","yoast_head_json":{"title":"Canal de Beagle: cient\u00edficos se oponen a criaderos de salmones","robots":{"index":"index","follow":"follow","max-snippet":"max-snippet:-1","max-image-preview":"max-image-preview:large","max-video-preview":"max-video-preview:-1"},"canonical":"https:\/\/patagoniambiental.com.ar\/info\/canal-de-beagle-cientificos-se-oponen-a-criaderos-de-salmones\/","og_locale":"es_ES","og_type":"article","og_title":"Canal de Beagle: cient\u00edficos se oponen a criaderos de salmones","og_description":"Chile.-Esta actividad, auspiciada por el gobierno de Noruega, que genera m\u00faltiples cuestionamientos por sus resultados en el sur de Chile.","og_url":"https:\/\/patagoniambiental.com.ar\/info\/canal-de-beagle-cientificos-se-oponen-a-criaderos-de-salmones\/","og_site_name":"Patagonia Ambiental","article_publisher":"https:\/\/www.facebook.com\/patagonia.ambiental","article_author":"https:\/\/www.facebook.com\/share\/1C1V8Gv9BX\/?mibextid=qi2Omg","article_published_time":"2018-10-05T22:00:22+00:00","og_image":[{"width":1024,"height":768,"url":"https:\/\/patagoniambiental.com.ar\/info\/wp-content\/uploads\/2018\/10\/1538612662080salmones.jpg","type":"image\/jpeg"}],"author":"Patagonia Ambiental","twitter_card":"summary_large_image","twitter_creator":"@PatAmb","twitter_site":"@PatAmb","schema":{"@context":"https:\/\/schema.org","@graph":[{"@type":"Article","@id":"https:\/\/patagoniambiental.com.ar\/info\/canal-de-beagle-cientificos-se-oponen-a-criaderos-de-salmones\/#article","isPartOf":{"@id":"https:\/\/patagoniambiental.com.ar\/info\/canal-de-beagle-cientificos-se-oponen-a-criaderos-de-salmones\/"},"author":{"name":"Patagonia Ambiental","@id":"https:\/\/patagoniambiental.com.ar\/info\/#\/schema\/person\/db12bff64bbcbf6a253710bf0ea37b5d"},"headline":"Canal de Beagle: cient\u00edficos se oponen a criaderos de salmones","datePublished":"2018-10-05T22:00:22+00:00","mainEntityOfPage":{"@id":"https:\/\/patagoniambiental.com.ar\/info\/canal-de-beagle-cientificos-se-oponen-a-criaderos-de-salmones\/"},"wordCount":990,"commentCount":0,"publisher":{"@id":"https:\/\/patagoniambiental.com.ar\/info\/#organization"},"image":{"@id":"https:\/\/patagoniambiental.com.ar\/info\/canal-de-beagle-cientificos-se-oponen-a-criaderos-de-salmones\/#primaryimage"},"thumbnailUrl":"https:\/\/patagoniambiental.com.ar\/info\/wp-content\/uploads\/2018\/10\/1538612662080salmones.jpg","articleSection":["Internacionales","Noticias"],"inLanguage":"es","potentialAction":[{"@type":"CommentAction","name":"Comment","target":["https:\/\/patagoniambiental.com.ar\/info\/canal-de-beagle-cientificos-se-oponen-a-criaderos-de-salmones\/#respond"]}]},{"@type":"WebPage","@id":"https:\/\/patagoniambiental.com.ar\/info\/canal-de-beagle-cientificos-se-oponen-a-criaderos-de-salmones\/","url":"https:\/\/patagoniambiental.com.ar\/info\/canal-de-beagle-cientificos-se-oponen-a-criaderos-de-salmones\/","name":"Canal de Beagle: cient\u00edficos se oponen a criaderos de salmones","isPartOf":{"@id":"https:\/\/patagoniambiental.com.ar\/info\/#website"},"primaryImageOfPage":{"@id":"https:\/\/patagoniambiental.com.ar\/info\/canal-de-beagle-cientificos-se-oponen-a-criaderos-de-salmones\/#primaryimage"},"image":{"@id":"https:\/\/patagoniambiental.com.ar\/info\/canal-de-beagle-cientificos-se-oponen-a-criaderos-de-salmones\/#primaryimage"},"thumbnailUrl":"https:\/\/patagoniambiental.com.ar\/info\/wp-content\/uploads\/2018\/10\/1538612662080salmones.jpg","datePublished":"2018-10-05T22:00:22+00:00","breadcrumb":{"@id":"https:\/\/patagoniambiental.com.ar\/info\/canal-de-beagle-cientificos-se-oponen-a-criaderos-de-salmones\/#breadcrumb"},"inLanguage":"es","potentialAction":[{"@type":"ReadAction","target":["https:\/\/patagoniambiental.com.ar\/info\/canal-de-beagle-cientificos-se-oponen-a-criaderos-de-salmones\/"]}]},{"@type":"ImageObject","inLanguage":"es","@id":"https:\/\/patagoniambiental.com.ar\/info\/canal-de-beagle-cientificos-se-oponen-a-criaderos-de-salmones\/#primaryimage","url":"https:\/\/patagoniambiental.com.ar\/info\/wp-content\/uploads\/2018\/10\/1538612662080salmones.jpg","contentUrl":"https:\/\/patagoniambiental.com.ar\/info\/wp-content\/uploads\/2018\/10\/1538612662080salmones.jpg","width":800,"height":600},{"@type":"BreadcrumbList","@id":"https:\/\/patagoniambiental.com.ar\/info\/canal-de-beagle-cientificos-se-oponen-a-criaderos-de-salmones\/#breadcrumb","itemListElement":[{"@type":"ListItem","position":1,"name":"Inicio","item":"https:\/\/patagoniambiental.com.ar\/info\/"},{"@type":"ListItem","position":2,"name":"Canal de Beagle: cient\u00edficos se oponen a criaderos de salmones"}]},{"@type":"WebSite","@id":"https:\/\/patagoniambiental.com.ar\/info\/#website","url":"https:\/\/patagoniambiental.com.ar\/info\/","name":"Patagonia Ambiental","description":"Monitoreo y an\u00e1lisis de la situaci\u00f3n geopol\u00edtica en el mundo y su implicancia en la Patagonia","publisher":{"@id":"https:\/\/patagoniambiental.com.ar\/info\/#organization"},"potentialAction":[{"@type":"SearchAction","target":{"@type":"EntryPoint","urlTemplate":"https:\/\/patagoniambiental.com.ar\/info\/?s={search_term_string}"},"query-input":{"@type":"PropertyValueSpecification","valueRequired":true,"valueName":"search_term_string"}}],"inLanguage":"es"},{"@type":"Organization","@id":"https:\/\/patagoniambiental.com.ar\/info\/#organization","name":"Patagonia Ambiental","url":"https:\/\/patagoniambiental.com.ar\/info\/","logo":{"@type":"ImageObject","inLanguage":"es","@id":"https:\/\/patagoniambiental.com.ar\/info\/#\/schema\/logo\/image\/","url":"https:\/\/patagoniambiental.com.ar\/info\/wp-content\/uploads\/2025\/05\/LOGO-PATAGONIA-AMBIENTAL.png","contentUrl":"https:\/\/patagoniambiental.com.ar\/info\/wp-content\/uploads\/2025\/05\/LOGO-PATAGONIA-AMBIENTAL.png","width":433,"height":250,"caption":"Patagonia Ambiental"},"image":{"@id":"https:\/\/patagoniambiental.com.ar\/info\/#\/schema\/logo\/image\/"},"sameAs":["https:\/\/www.facebook.com\/patagonia.ambiental","https:\/\/x.com\/PatAmb"]},{"@type":"Person","@id":"https:\/\/patagoniambiental.com.ar\/info\/#\/schema\/person\/db12bff64bbcbf6a253710bf0ea37b5d","name":"Patagonia Ambiental","description":"Andr\u00e9s Nievas T\u00e9cnico en manejo ambiental, consultor Ambiental y escritor para medios locales e internacionales sobre temas de geopolitica y medio ambiente.","sameAs":["http:\/\/www.patagoniambiental.com.ar","https:\/\/www.facebook.com\/share\/1C1V8Gv9BX\/?mibextid=qi2Omg","@patagoniambiental","https:\/\/youtube.com\/@patagoniaambiental2023?si=BLt58t0wuXquxlYZ"]}]}},"_links":{"self":[{"href":"https:\/\/patagoniambiental.com.ar\/info\/wp-json\/wp\/v2\/posts\/54329","targetHints":{"allow":["GET"]}}],"collection":[{"href":"https:\/\/patagoniambiental.com.ar\/info\/wp-json\/wp\/v2\/posts"}],"about":[{"href":"https:\/\/patagoniambiental.com.ar\/info\/wp-json\/wp\/v2\/types\/post"}],"author":[{"embeddable":true,"href":"https:\/\/patagoniambiental.com.ar\/info\/wp-json\/wp\/v2\/users\/2"}],"replies":[{"embeddable":true,"href":"https:\/\/patagoniambiental.com.ar\/info\/wp-json\/wp\/v2\/comments?post=54329"}],"version-history":[{"count":0,"href":"https:\/\/patagoniambiental.com.ar\/info\/wp-json\/wp\/v2\/posts\/54329\/revisions"}],"wp:featuredmedia":[{"embeddable":true,"href":"https:\/\/patagoniambiental.com.ar\/info\/wp-json\/wp\/v2\/media\/54330"}],"wp:attachment":[{"href":"https:\/\/patagoniambiental.com.ar\/info\/wp-json\/wp\/v2\/media?parent=54329"}],"wp:term":[{"taxonomy":"category","embeddable":true,"href":"https:\/\/patagoniambiental.com.ar\/info\/wp-json\/wp\/v2\/categories?post=54329"},{"taxonomy":"post_tag","embeddable":true,"href":"https:\/\/patagoniambiental.com.ar\/info\/wp-json\/wp\/v2\/tags?post=54329"}],"curies":[{"name":"wp","href":"https:\/\/api.w.org\/{rel}","templated":true}]}}