{"id":54332,"date":"2018-10-06T19:00:17","date_gmt":"2018-10-06T22:00:17","guid":{"rendered":"http:\/\/patagoniambiental.com.ar\/info\/?p=54332"},"modified":"2018-10-05T16:14:05","modified_gmt":"2018-10-05T19:14:05","slug":"la-puesta-en-orbita-seria-este-domingo-a-las-23-21-cuenta-regresiva-para-el-lanzamiento-del-satelite-saocom-1a","status":"publish","type":"post","link":"https:\/\/patagoniambiental.com.ar\/info\/la-puesta-en-orbita-seria-este-domingo-a-las-23-21-cuenta-regresiva-para-el-lanzamiento-del-satelite-saocom-1a\/","title":{"rendered":"LA PUESTA EN \u00d3RBITA SER\u00cdA ESTE DOMINGO A LAS 23.21 Cuenta regresiva para el lanzamiento del sat\u00e9lite SAOCOM 1A"},"content":{"rendered":"<div class=\"panel-title\">\n<p>Estados Unidos.-Luego de m\u00e1s de diez a\u00f1os de realizaci\u00f3n, restan pocos d\u00edas para que el primer gemelo de los sat\u00e9lites SAOCOM sea puesto en \u00f3rbita.<\/p>\n<p><!--more--><\/p>\n<p>El lanzamiento se realizar\u00eda este domingo a las 23.21 horas desde la Base Vandenberg, ubicada en California, Estados Unidos.<\/p>\n<\/div>\n<div class=\"panel-media\">\n<div class=\"clearfix\"><\/div>\n<div class=\"tab-content\">\n<div id=\"galeria\" class=\"tab-pane active\">\n<div id=\"gallery\" class=\"carousel slide\" data-ride=\"carousel\">\n<div class=\"carousel-inner\">\n<div class=\"item active\"><img decoding=\"async\" class=\"img-responsive\" src=\"http:\/\/www.ctys.com.ar\/multimedia\/imagen\/3606_saocom%20750.jpg\" alt=\"Equipo t\u00e9cnico que particip\u00f3 del proyecto (izq.); el SAOCOM 1A siendo transportado a EEUU para su lanzamiento (der.).\n\" \/><\/p>\n<div class=\"carousel-caption\">Equipo t\u00e9cnico que particip\u00f3 del proyecto (izq.); el SAOCOM 1A siendo transportado a EEUU para su lanzamiento (der.).<\/div>\n<\/div>\n<\/div>\n<\/div>\n<\/div>\n<\/div>\n<\/div>\n<div class=\"panel-body\">\n<p><strong>Agencia CTyS-UNLaM &#8211;\u00a0<\/strong>La doctora Laura Frulla, investigadora principal de la misi\u00f3n SAOCOM, coment\u00f3 a la\u00a0<strong>Agencia CTyS-UNLaM<\/strong>\u00a0que \u201cla empresa norteamericana SpaceX, a cargo del veh\u00edculo lanzador Falcon 9 en el que ya est\u00e1 ubicado el sat\u00e9lite, indic\u00f3 que la puesta en \u00f3rbita ser\u00eda este domingo a las 23.21, aunque todo depende de que las condiciones sean \u00f3ptimas, tanto ambientales, meteorol\u00f3gicas y en lo que tiene que ver con la parte t\u00e9cnica del operativo\u201d.<\/p>\n<p>\u201cSi las condiciones no son propicias para este domingo, tambi\u00e9n es posible que el lanzamiento se realice el pr\u00f3ximo jueves 11\u201d, agreg\u00f3 la investigadora de la Comisi\u00f3n Nacional de Actividades Espaciales (CONAE).<\/p>\n<p>La doctora Frulla asegur\u00f3 que habr\u00e1 varios momentos que ser\u00e1n determinantes en los pr\u00f3ximos d\u00edas: \u201cUn momento clave es el propio lanzamiento; el lanzador tiene que funcionar perfecto y tiene que dejar al sat\u00e9lite cerca de su posici\u00f3n final; posteriormente, nosotros realizaremos las maniobras necesarias desde la Estaci\u00f3n Espacial Te\u00f3filo Tabanera ubicada en la provincia de C\u00f3rdoba para posicionar al SAOCOM 1A en su \u00f3rbita definitiva, prevista en unos 620 kil\u00f3metros de altitud\u201d.<\/p>\n<p>\u201cOtro momento cr\u00edtico es la apertura de los paneles solares que son los que abastecer\u00e1n de energ\u00eda al sat\u00e9lite\u201d, cont\u00f3 la especialista. Y agreg\u00f3: \u201cPosteriormente, debemos realizar la apertura de la antena que tiene 35 metros cuadrados\u201d.<\/p>\n<p>No fue sencillo construir esta antena del SAOCOM comparable en metros cuadrados a un modesto departamento de dos ambientes. \u201cEl despliegue de la antena se ejecutar\u00e1 unas horas despu\u00e9s del lanzamiento y es otra parte crucial que nos llev\u00f3 a\u00f1os de trabajo\u201d, afirm\u00f3.<\/p>\n<p>En tanto, la doctora Frulla indic\u00f3 que \u201cllevar\u00e1 unos 10 d\u00edas lograr que el sat\u00e9lite est\u00e9 en condiciones de adquirir informaci\u00f3n; despu\u00e9s de ese momento, vendr\u00e1n unos 6 u 8 meses en los que calibraremos el instrumento hasta que podamos ofrecer datos que sean determinantes para la agricultura como as\u00ed tambi\u00e9n para prevenir o actuar ante cat\u00e1strofes naturales o causadas por los humanos\u201d.<\/p>\n<p>Los SAOCOM fueron dise\u00f1ados con una antena tan grande para poder generar mapas de humedad del suelo diariamente, para identificar zonas en riesgo de inundaci\u00f3n, como as\u00ed tambi\u00e9n para detectar suelos muy secos con riesgo de incendios, producir mapas de riesgo de enfermedades de cultivos, mapas de desplazamiento de glaciares y evaluar escenarios para la toma de decisiones de siembra y fertilizaci\u00f3n.<\/p>\n<p>\u201cLos SAOCOM responder\u00e1n a diversos aspectos sociales, econ\u00f3micos y productivos de la Argentina y, por otra parte, integrar\u00e1n el Sistema \u00cdtalo-Argentino de Sat\u00e9lites para la Gesti\u00f3n de Emergencias (SIASGE) junto con cuatro sat\u00e9lites desarrollados por la Agencia Espacial Italiana\u201d, precis\u00f3 la experta.<\/p>\n<p><strong>Las primeras se\u00f1ales que enviar\u00e1 el SAOCOM desde su \u00f3rbita<\/strong><br \/>\nLa doctora Frulla calcul\u00f3 que \u201cunos segundos despu\u00e9s de que el sat\u00e9lite sea puesto en \u00f3rbita desde Vanderberg, pasar\u00e1 por Tahit\u00ed y all\u00ed recibiremos el primer contacto desde el centro de control de misi\u00f3n en C\u00f3rdoba\u201d.<\/p>\n<p>\u201cCada 90 minutos, el sat\u00e9lite realizar\u00e1 una \u00f3rbita completa de polo a polo, as\u00ed que el trayecto de Vanderberg a Tahit\u00ed lo har\u00e1 pr\u00e1cticamente en segundos\u201d, afirm\u00f3 la investigadora de la CONAE.<\/p>\n<p>Una vez que ambos SAOCOM est\u00e9n en \u00f3rbita, estar\u00e1n a 180 grados el uno del otro, por lo que cuando uno pase por el Polo Norte, el otro estar\u00e1 pasando por el Polo Sur. Eso permitir\u00e1 duplicar el env\u00edo de datos para la generaci\u00f3n de diversos mapas \u00fatiles para la producci\u00f3n y la gesti\u00f3n de emergencias.<\/p>\n<p>Estos nuevos instrumentos fueron desarrollados y fabricados en el transcurso de una d\u00e9cada por la CONAE junto con empresas y organismos como INVAP, VENG y la Comisi\u00f3n Nacional de Energ\u00eda At\u00f3mica, con participaci\u00f3n de numerosas empresas de tecnolog\u00eda e instituciones del sistema cient\u00edfico-tecnol\u00f3gico de la Argentina y en colaboraci\u00f3n con la Agencia Espacial Italiana.<\/p>\n<div id=\"infopub\">\n<div id=\"fechapub\">Fecha de Publicaci\u00f3n: 2018-10-05<\/div>\n<div id=\"fuentepub\">Fuente: Agencia CTyS-UNLaM<\/div>\n<\/div>\n<\/div>\n","protected":false},"excerpt":{"rendered":"<p>Estados Unidos.-Luego de m\u00e1s de diez a\u00f1os de realizaci\u00f3n, restan pocos d\u00edas para que el primer gemelo de los sat\u00e9lites [&hellip;]<\/p>\n","protected":false},"author":2,"featured_media":54333,"comment_status":"open","ping_status":"open","sticky":false,"template":"","format":"standard","meta":{"site-sidebar-layout":"default","site-content-layout":"","ast-site-content-layout":"default","site-content-style":"default","site-sidebar-style":"default","ast-global-header-display":"","ast-banner-title-visibility":"","ast-main-header-display":"","ast-hfb-above-header-display":"","ast-hfb-below-header-display":"","ast-hfb-mobile-header-display":"","site-post-title":"","ast-breadcrumbs-content":"","ast-featured-img":"","footer-sml-layout":"","ast-disable-related-posts":"","theme-transparent-header-meta":"","adv-header-id-meta":"","stick-header-meta":"","header-above-stick-meta":"","header-main-stick-meta":"","header-below-stick-meta":"","astra-migrate-meta-layouts":"default","ast-page-background-enabled":"default","ast-page-background-meta":{"desktop":{"background-color":"var(--ast-global-color-5)","background-image":"","background-repeat":"repeat","background-position":"center center","background-size":"auto","background-attachment":"scroll","background-type":"","background-media":"","overlay-type":"","overlay-color":"","overlay-opacity":"","overlay-gradient":""},"tablet":{"background-color":"","background-image":"","background-repeat":"repeat","background-position":"center center","background-size":"auto","background-attachment":"scroll","background-type":"","background-media":"","overlay-type":"","overlay-color":"","overlay-opacity":"","overlay-gradient":""},"mobile":{"background-color":"","background-image":"","background-repeat":"repeat","background-position":"center center","background-size":"auto","background-attachment":"scroll","background-type":"","background-media":"","overlay-type":"","overlay-color":"","overlay-opacity":"","overlay-gradient":""}},"ast-content-background-meta":{"desktop":{"background-color":"var(--ast-global-color-4)","background-image":"","background-repeat":"repeat","background-position":"center center","background-size":"auto","background-attachment":"scroll","background-type":"","background-media":"","overlay-type":"","overlay-color":"","overlay-opacity":"","overlay-gradient":""},"tablet":{"background-color":"var(--ast-global-color-4)","background-image":"","background-repeat":"repeat","background-position":"center center","background-size":"auto","background-attachment":"scroll","background-type":"","background-media":"","overlay-type":"","overlay-color":"","overlay-opacity":"","overlay-gradient":""},"mobile":{"background-color":"var(--ast-global-color-4)","background-image":"","background-repeat":"repeat","background-position":"center center","background-size":"auto","background-attachment":"scroll","background-type":"","background-media":"","overlay-type":"","overlay-color":"","overlay-opacity":"","overlay-gradient":""}},"footnotes":""},"categories":[23,1],"tags":[],"class_list":["post-54332","post","type-post","status-publish","format-standard","has-post-thumbnail","hentry","category-internacionales","category-noticias"],"yoast_head":"<!-- This site is optimized with the Yoast SEO Premium plugin v23.0 (Yoast SEO v27.4) - https:\/\/yoast.com\/product\/yoast-seo-premium-wordpress\/ -->\n<title>LA PUESTA EN \u00d3RBITA SER\u00cdA ESTE DOMINGO A LAS 23.21 Cuenta regresiva para el lanzamiento del sat\u00e9lite SAOCOM 1A<\/title>\n<meta name=\"robots\" content=\"index, follow, max-snippet:-1, max-image-preview:large, max-video-preview:-1\" \/>\n<link rel=\"canonical\" href=\"https:\/\/patagoniambiental.com.ar\/info\/la-puesta-en-orbita-seria-este-domingo-a-las-23-21-cuenta-regresiva-para-el-lanzamiento-del-satelite-saocom-1a\/\" \/>\n<meta property=\"og:locale\" content=\"es_ES\" \/>\n<meta property=\"og:type\" content=\"article\" \/>\n<meta property=\"og:title\" content=\"LA PUESTA EN \u00d3RBITA SER\u00cdA ESTE DOMINGO A LAS 23.21 Cuenta regresiva para el lanzamiento del sat\u00e9lite SAOCOM 1A\" \/>\n<meta property=\"og:description\" content=\"Estados Unidos.-Luego de m\u00e1s de diez a\u00f1os de realizaci\u00f3n, restan pocos d\u00edas para que el primer gemelo de los sat\u00e9lites [&hellip;]\" \/>\n<meta property=\"og:url\" content=\"https:\/\/patagoniambiental.com.ar\/info\/la-puesta-en-orbita-seria-este-domingo-a-las-23-21-cuenta-regresiva-para-el-lanzamiento-del-satelite-saocom-1a\/\" \/>\n<meta property=\"og:site_name\" content=\"Patagonia Ambiental\" \/>\n<meta property=\"article:publisher\" content=\"https:\/\/www.facebook.com\/patagonia.ambiental\" \/>\n<meta property=\"article:author\" content=\"https:\/\/www.facebook.com\/share\/1C1V8Gv9BX\/?mibextid=qi2Omg\" \/>\n<meta property=\"article:published_time\" content=\"2018-10-06T22:00:17+00:00\" \/>\n<meta property=\"og:image\" content=\"https:\/\/patagoniambiental.com.ar\/info\/wp-content\/uploads\/2018\/10\/3606_saocom-750.jpg\" \/>\n\t<meta property=\"og:image:width\" content=\"750\" \/>\n\t<meta property=\"og:image:height\" content=\"350\" \/>\n\t<meta property=\"og:image:type\" content=\"image\/jpeg\" \/>\n<meta name=\"author\" content=\"Patagonia Ambiental\" \/>\n<meta name=\"twitter:card\" content=\"summary_large_image\" \/>\n<meta name=\"twitter:creator\" content=\"@PatAmb\" \/>\n<meta name=\"twitter:site\" content=\"@PatAmb\" \/>\n<script type=\"application\/ld+json\" class=\"yoast-schema-graph\">{\"@context\":\"https:\\\/\\\/schema.org\",\"@graph\":[{\"@type\":\"Article\",\"@id\":\"https:\\\/\\\/patagoniambiental.com.ar\\\/info\\\/la-puesta-en-orbita-seria-este-domingo-a-las-23-21-cuenta-regresiva-para-el-lanzamiento-del-satelite-saocom-1a\\\/#article\",\"isPartOf\":{\"@id\":\"https:\\\/\\\/patagoniambiental.com.ar\\\/info\\\/la-puesta-en-orbita-seria-este-domingo-a-las-23-21-cuenta-regresiva-para-el-lanzamiento-del-satelite-saocom-1a\\\/\"},\"author\":{\"name\":\"Patagonia Ambiental\",\"@id\":\"https:\\\/\\\/patagoniambiental.com.ar\\\/info\\\/#\\\/schema\\\/person\\\/db12bff64bbcbf6a253710bf0ea37b5d\"},\"headline\":\"LA PUESTA EN \u00d3RBITA SER\u00cdA ESTE DOMINGO A LAS 23.21 Cuenta regresiva para el lanzamiento del sat\u00e9lite SAOCOM 1A\",\"datePublished\":\"2018-10-06T22:00:17+00:00\",\"mainEntityOfPage\":{\"@id\":\"https:\\\/\\\/patagoniambiental.com.ar\\\/info\\\/la-puesta-en-orbita-seria-este-domingo-a-las-23-21-cuenta-regresiva-para-el-lanzamiento-del-satelite-saocom-1a\\\/\"},\"wordCount\":766,\"commentCount\":0,\"publisher\":{\"@id\":\"https:\\\/\\\/patagoniambiental.com.ar\\\/info\\\/#organization\"},\"image\":{\"@id\":\"https:\\\/\\\/patagoniambiental.com.ar\\\/info\\\/la-puesta-en-orbita-seria-este-domingo-a-las-23-21-cuenta-regresiva-para-el-lanzamiento-del-satelite-saocom-1a\\\/#primaryimage\"},\"thumbnailUrl\":\"https:\\\/\\\/patagoniambiental.com.ar\\\/info\\\/wp-content\\\/uploads\\\/2018\\\/10\\\/3606_saocom-750.jpg\",\"articleSection\":[\"Internacionales\",\"Noticias\"],\"inLanguage\":\"es\",\"potentialAction\":[{\"@type\":\"CommentAction\",\"name\":\"Comment\",\"target\":[\"https:\\\/\\\/patagoniambiental.com.ar\\\/info\\\/la-puesta-en-orbita-seria-este-domingo-a-las-23-21-cuenta-regresiva-para-el-lanzamiento-del-satelite-saocom-1a\\\/#respond\"]}]},{\"@type\":\"WebPage\",\"@id\":\"https:\\\/\\\/patagoniambiental.com.ar\\\/info\\\/la-puesta-en-orbita-seria-este-domingo-a-las-23-21-cuenta-regresiva-para-el-lanzamiento-del-satelite-saocom-1a\\\/\",\"url\":\"https:\\\/\\\/patagoniambiental.com.ar\\\/info\\\/la-puesta-en-orbita-seria-este-domingo-a-las-23-21-cuenta-regresiva-para-el-lanzamiento-del-satelite-saocom-1a\\\/\",\"name\":\"LA PUESTA EN \u00d3RBITA SER\u00cdA ESTE DOMINGO A LAS 23.21 Cuenta regresiva para el lanzamiento del sat\u00e9lite SAOCOM 1A\",\"isPartOf\":{\"@id\":\"https:\\\/\\\/patagoniambiental.com.ar\\\/info\\\/#website\"},\"primaryImageOfPage\":{\"@id\":\"https:\\\/\\\/patagoniambiental.com.ar\\\/info\\\/la-puesta-en-orbita-seria-este-domingo-a-las-23-21-cuenta-regresiva-para-el-lanzamiento-del-satelite-saocom-1a\\\/#primaryimage\"},\"image\":{\"@id\":\"https:\\\/\\\/patagoniambiental.com.ar\\\/info\\\/la-puesta-en-orbita-seria-este-domingo-a-las-23-21-cuenta-regresiva-para-el-lanzamiento-del-satelite-saocom-1a\\\/#primaryimage\"},\"thumbnailUrl\":\"https:\\\/\\\/patagoniambiental.com.ar\\\/info\\\/wp-content\\\/uploads\\\/2018\\\/10\\\/3606_saocom-750.jpg\",\"datePublished\":\"2018-10-06T22:00:17+00:00\",\"breadcrumb\":{\"@id\":\"https:\\\/\\\/patagoniambiental.com.ar\\\/info\\\/la-puesta-en-orbita-seria-este-domingo-a-las-23-21-cuenta-regresiva-para-el-lanzamiento-del-satelite-saocom-1a\\\/#breadcrumb\"},\"inLanguage\":\"es\",\"potentialAction\":[{\"@type\":\"ReadAction\",\"target\":[\"https:\\\/\\\/patagoniambiental.com.ar\\\/info\\\/la-puesta-en-orbita-seria-este-domingo-a-las-23-21-cuenta-regresiva-para-el-lanzamiento-del-satelite-saocom-1a\\\/\"]}]},{\"@type\":\"ImageObject\",\"inLanguage\":\"es\",\"@id\":\"https:\\\/\\\/patagoniambiental.com.ar\\\/info\\\/la-puesta-en-orbita-seria-este-domingo-a-las-23-21-cuenta-regresiva-para-el-lanzamiento-del-satelite-saocom-1a\\\/#primaryimage\",\"url\":\"https:\\\/\\\/patagoniambiental.com.ar\\\/info\\\/wp-content\\\/uploads\\\/2018\\\/10\\\/3606_saocom-750.jpg\",\"contentUrl\":\"https:\\\/\\\/patagoniambiental.com.ar\\\/info\\\/wp-content\\\/uploads\\\/2018\\\/10\\\/3606_saocom-750.jpg\",\"width\":750,\"height\":350},{\"@type\":\"BreadcrumbList\",\"@id\":\"https:\\\/\\\/patagoniambiental.com.ar\\\/info\\\/la-puesta-en-orbita-seria-este-domingo-a-las-23-21-cuenta-regresiva-para-el-lanzamiento-del-satelite-saocom-1a\\\/#breadcrumb\",\"itemListElement\":[{\"@type\":\"ListItem\",\"position\":1,\"name\":\"Inicio\",\"item\":\"https:\\\/\\\/patagoniambiental.com.ar\\\/info\\\/\"},{\"@type\":\"ListItem\",\"position\":2,\"name\":\"LA PUESTA EN \u00d3RBITA SER\u00cdA ESTE DOMINGO A LAS 23.21 Cuenta regresiva para el lanzamiento del sat\u00e9lite SAOCOM 1A\"}]},{\"@type\":\"WebSite\",\"@id\":\"https:\\\/\\\/patagoniambiental.com.ar\\\/info\\\/#website\",\"url\":\"https:\\\/\\\/patagoniambiental.com.ar\\\/info\\\/\",\"name\":\"Patagonia Ambiental\",\"description\":\"Monitoreo y an\u00e1lisis de la situaci\u00f3n geopol\u00edtica en el mundo y su implicancia en la Patagonia\",\"publisher\":{\"@id\":\"https:\\\/\\\/patagoniambiental.com.ar\\\/info\\\/#organization\"},\"potentialAction\":[{\"@type\":\"SearchAction\",\"target\":{\"@type\":\"EntryPoint\",\"urlTemplate\":\"https:\\\/\\\/patagoniambiental.com.ar\\\/info\\\/?s={search_term_string}\"},\"query-input\":{\"@type\":\"PropertyValueSpecification\",\"valueRequired\":true,\"valueName\":\"search_term_string\"}}],\"inLanguage\":\"es\"},{\"@type\":\"Organization\",\"@id\":\"https:\\\/\\\/patagoniambiental.com.ar\\\/info\\\/#organization\",\"name\":\"Patagonia Ambiental\",\"url\":\"https:\\\/\\\/patagoniambiental.com.ar\\\/info\\\/\",\"logo\":{\"@type\":\"ImageObject\",\"inLanguage\":\"es\",\"@id\":\"https:\\\/\\\/patagoniambiental.com.ar\\\/info\\\/#\\\/schema\\\/logo\\\/image\\\/\",\"url\":\"https:\\\/\\\/patagoniambiental.com.ar\\\/info\\\/wp-content\\\/uploads\\\/2025\\\/05\\\/LOGO-PATAGONIA-AMBIENTAL.png\",\"contentUrl\":\"https:\\\/\\\/patagoniambiental.com.ar\\\/info\\\/wp-content\\\/uploads\\\/2025\\\/05\\\/LOGO-PATAGONIA-AMBIENTAL.png\",\"width\":433,\"height\":250,\"caption\":\"Patagonia Ambiental\"},\"image\":{\"@id\":\"https:\\\/\\\/patagoniambiental.com.ar\\\/info\\\/#\\\/schema\\\/logo\\\/image\\\/\"},\"sameAs\":[\"https:\\\/\\\/www.facebook.com\\\/patagonia.ambiental\",\"https:\\\/\\\/x.com\\\/PatAmb\"]},{\"@type\":\"Person\",\"@id\":\"https:\\\/\\\/patagoniambiental.com.ar\\\/info\\\/#\\\/schema\\\/person\\\/db12bff64bbcbf6a253710bf0ea37b5d\",\"name\":\"Patagonia Ambiental\",\"description\":\"Andr\u00e9s Nievas T\u00e9cnico en manejo ambiental, consultor Ambiental y escritor para medios locales e internacionales sobre temas de geopolitica y medio ambiente.\",\"sameAs\":[\"http:\\\/\\\/www.patagoniambiental.com.ar\",\"https:\\\/\\\/www.facebook.com\\\/share\\\/1C1V8Gv9BX\\\/?mibextid=qi2Omg\",\"@patagoniambiental\",\"https:\\\/\\\/youtube.com\\\/@patagoniaambiental2023?si=BLt58t0wuXquxlYZ\"]}]}<\/script>\n<!-- \/ Yoast SEO Premium plugin. -->","yoast_head_json":{"title":"LA PUESTA EN \u00d3RBITA SER\u00cdA ESTE DOMINGO A LAS 23.21 Cuenta regresiva para el lanzamiento del sat\u00e9lite SAOCOM 1A","robots":{"index":"index","follow":"follow","max-snippet":"max-snippet:-1","max-image-preview":"max-image-preview:large","max-video-preview":"max-video-preview:-1"},"canonical":"https:\/\/patagoniambiental.com.ar\/info\/la-puesta-en-orbita-seria-este-domingo-a-las-23-21-cuenta-regresiva-para-el-lanzamiento-del-satelite-saocom-1a\/","og_locale":"es_ES","og_type":"article","og_title":"LA PUESTA EN \u00d3RBITA SER\u00cdA ESTE DOMINGO A LAS 23.21 Cuenta regresiva para el lanzamiento del sat\u00e9lite SAOCOM 1A","og_description":"Estados Unidos.-Luego de m\u00e1s de diez a\u00f1os de realizaci\u00f3n, restan pocos d\u00edas para que el primer gemelo de los sat\u00e9lites [&hellip;]","og_url":"https:\/\/patagoniambiental.com.ar\/info\/la-puesta-en-orbita-seria-este-domingo-a-las-23-21-cuenta-regresiva-para-el-lanzamiento-del-satelite-saocom-1a\/","og_site_name":"Patagonia Ambiental","article_publisher":"https:\/\/www.facebook.com\/patagonia.ambiental","article_author":"https:\/\/www.facebook.com\/share\/1C1V8Gv9BX\/?mibextid=qi2Omg","article_published_time":"2018-10-06T22:00:17+00:00","og_image":[{"width":750,"height":350,"url":"https:\/\/patagoniambiental.com.ar\/info\/wp-content\/uploads\/2018\/10\/3606_saocom-750.jpg","type":"image\/jpeg"}],"author":"Patagonia Ambiental","twitter_card":"summary_large_image","twitter_creator":"@PatAmb","twitter_site":"@PatAmb","schema":{"@context":"https:\/\/schema.org","@graph":[{"@type":"Article","@id":"https:\/\/patagoniambiental.com.ar\/info\/la-puesta-en-orbita-seria-este-domingo-a-las-23-21-cuenta-regresiva-para-el-lanzamiento-del-satelite-saocom-1a\/#article","isPartOf":{"@id":"https:\/\/patagoniambiental.com.ar\/info\/la-puesta-en-orbita-seria-este-domingo-a-las-23-21-cuenta-regresiva-para-el-lanzamiento-del-satelite-saocom-1a\/"},"author":{"name":"Patagonia Ambiental","@id":"https:\/\/patagoniambiental.com.ar\/info\/#\/schema\/person\/db12bff64bbcbf6a253710bf0ea37b5d"},"headline":"LA PUESTA EN \u00d3RBITA SER\u00cdA ESTE DOMINGO A LAS 23.21 Cuenta regresiva para el lanzamiento del sat\u00e9lite SAOCOM 1A","datePublished":"2018-10-06T22:00:17+00:00","mainEntityOfPage":{"@id":"https:\/\/patagoniambiental.com.ar\/info\/la-puesta-en-orbita-seria-este-domingo-a-las-23-21-cuenta-regresiva-para-el-lanzamiento-del-satelite-saocom-1a\/"},"wordCount":766,"commentCount":0,"publisher":{"@id":"https:\/\/patagoniambiental.com.ar\/info\/#organization"},"image":{"@id":"https:\/\/patagoniambiental.com.ar\/info\/la-puesta-en-orbita-seria-este-domingo-a-las-23-21-cuenta-regresiva-para-el-lanzamiento-del-satelite-saocom-1a\/#primaryimage"},"thumbnailUrl":"https:\/\/patagoniambiental.com.ar\/info\/wp-content\/uploads\/2018\/10\/3606_saocom-750.jpg","articleSection":["Internacionales","Noticias"],"inLanguage":"es","potentialAction":[{"@type":"CommentAction","name":"Comment","target":["https:\/\/patagoniambiental.com.ar\/info\/la-puesta-en-orbita-seria-este-domingo-a-las-23-21-cuenta-regresiva-para-el-lanzamiento-del-satelite-saocom-1a\/#respond"]}]},{"@type":"WebPage","@id":"https:\/\/patagoniambiental.com.ar\/info\/la-puesta-en-orbita-seria-este-domingo-a-las-23-21-cuenta-regresiva-para-el-lanzamiento-del-satelite-saocom-1a\/","url":"https:\/\/patagoniambiental.com.ar\/info\/la-puesta-en-orbita-seria-este-domingo-a-las-23-21-cuenta-regresiva-para-el-lanzamiento-del-satelite-saocom-1a\/","name":"LA PUESTA EN \u00d3RBITA SER\u00cdA ESTE DOMINGO A LAS 23.21 Cuenta regresiva para el lanzamiento del sat\u00e9lite SAOCOM 1A","isPartOf":{"@id":"https:\/\/patagoniambiental.com.ar\/info\/#website"},"primaryImageOfPage":{"@id":"https:\/\/patagoniambiental.com.ar\/info\/la-puesta-en-orbita-seria-este-domingo-a-las-23-21-cuenta-regresiva-para-el-lanzamiento-del-satelite-saocom-1a\/#primaryimage"},"image":{"@id":"https:\/\/patagoniambiental.com.ar\/info\/la-puesta-en-orbita-seria-este-domingo-a-las-23-21-cuenta-regresiva-para-el-lanzamiento-del-satelite-saocom-1a\/#primaryimage"},"thumbnailUrl":"https:\/\/patagoniambiental.com.ar\/info\/wp-content\/uploads\/2018\/10\/3606_saocom-750.jpg","datePublished":"2018-10-06T22:00:17+00:00","breadcrumb":{"@id":"https:\/\/patagoniambiental.com.ar\/info\/la-puesta-en-orbita-seria-este-domingo-a-las-23-21-cuenta-regresiva-para-el-lanzamiento-del-satelite-saocom-1a\/#breadcrumb"},"inLanguage":"es","potentialAction":[{"@type":"ReadAction","target":["https:\/\/patagoniambiental.com.ar\/info\/la-puesta-en-orbita-seria-este-domingo-a-las-23-21-cuenta-regresiva-para-el-lanzamiento-del-satelite-saocom-1a\/"]}]},{"@type":"ImageObject","inLanguage":"es","@id":"https:\/\/patagoniambiental.com.ar\/info\/la-puesta-en-orbita-seria-este-domingo-a-las-23-21-cuenta-regresiva-para-el-lanzamiento-del-satelite-saocom-1a\/#primaryimage","url":"https:\/\/patagoniambiental.com.ar\/info\/wp-content\/uploads\/2018\/10\/3606_saocom-750.jpg","contentUrl":"https:\/\/patagoniambiental.com.ar\/info\/wp-content\/uploads\/2018\/10\/3606_saocom-750.jpg","width":750,"height":350},{"@type":"BreadcrumbList","@id":"https:\/\/patagoniambiental.com.ar\/info\/la-puesta-en-orbita-seria-este-domingo-a-las-23-21-cuenta-regresiva-para-el-lanzamiento-del-satelite-saocom-1a\/#breadcrumb","itemListElement":[{"@type":"ListItem","position":1,"name":"Inicio","item":"https:\/\/patagoniambiental.com.ar\/info\/"},{"@type":"ListItem","position":2,"name":"LA PUESTA EN \u00d3RBITA SER\u00cdA ESTE DOMINGO A LAS 23.21 Cuenta regresiva para el lanzamiento del sat\u00e9lite SAOCOM 1A"}]},{"@type":"WebSite","@id":"https:\/\/patagoniambiental.com.ar\/info\/#website","url":"https:\/\/patagoniambiental.com.ar\/info\/","name":"Patagonia Ambiental","description":"Monitoreo y an\u00e1lisis de la situaci\u00f3n geopol\u00edtica en el mundo y su implicancia en la Patagonia","publisher":{"@id":"https:\/\/patagoniambiental.com.ar\/info\/#organization"},"potentialAction":[{"@type":"SearchAction","target":{"@type":"EntryPoint","urlTemplate":"https:\/\/patagoniambiental.com.ar\/info\/?s={search_term_string}"},"query-input":{"@type":"PropertyValueSpecification","valueRequired":true,"valueName":"search_term_string"}}],"inLanguage":"es"},{"@type":"Organization","@id":"https:\/\/patagoniambiental.com.ar\/info\/#organization","name":"Patagonia Ambiental","url":"https:\/\/patagoniambiental.com.ar\/info\/","logo":{"@type":"ImageObject","inLanguage":"es","@id":"https:\/\/patagoniambiental.com.ar\/info\/#\/schema\/logo\/image\/","url":"https:\/\/patagoniambiental.com.ar\/info\/wp-content\/uploads\/2025\/05\/LOGO-PATAGONIA-AMBIENTAL.png","contentUrl":"https:\/\/patagoniambiental.com.ar\/info\/wp-content\/uploads\/2025\/05\/LOGO-PATAGONIA-AMBIENTAL.png","width":433,"height":250,"caption":"Patagonia Ambiental"},"image":{"@id":"https:\/\/patagoniambiental.com.ar\/info\/#\/schema\/logo\/image\/"},"sameAs":["https:\/\/www.facebook.com\/patagonia.ambiental","https:\/\/x.com\/PatAmb"]},{"@type":"Person","@id":"https:\/\/patagoniambiental.com.ar\/info\/#\/schema\/person\/db12bff64bbcbf6a253710bf0ea37b5d","name":"Patagonia Ambiental","description":"Andr\u00e9s Nievas T\u00e9cnico en manejo ambiental, consultor Ambiental y escritor para medios locales e internacionales sobre temas de geopolitica y medio ambiente.","sameAs":["http:\/\/www.patagoniambiental.com.ar","https:\/\/www.facebook.com\/share\/1C1V8Gv9BX\/?mibextid=qi2Omg","@patagoniambiental","https:\/\/youtube.com\/@patagoniaambiental2023?si=BLt58t0wuXquxlYZ"]}]}},"_links":{"self":[{"href":"https:\/\/patagoniambiental.com.ar\/info\/wp-json\/wp\/v2\/posts\/54332","targetHints":{"allow":["GET"]}}],"collection":[{"href":"https:\/\/patagoniambiental.com.ar\/info\/wp-json\/wp\/v2\/posts"}],"about":[{"href":"https:\/\/patagoniambiental.com.ar\/info\/wp-json\/wp\/v2\/types\/post"}],"author":[{"embeddable":true,"href":"https:\/\/patagoniambiental.com.ar\/info\/wp-json\/wp\/v2\/users\/2"}],"replies":[{"embeddable":true,"href":"https:\/\/patagoniambiental.com.ar\/info\/wp-json\/wp\/v2\/comments?post=54332"}],"version-history":[{"count":0,"href":"https:\/\/patagoniambiental.com.ar\/info\/wp-json\/wp\/v2\/posts\/54332\/revisions"}],"wp:featuredmedia":[{"embeddable":true,"href":"https:\/\/patagoniambiental.com.ar\/info\/wp-json\/wp\/v2\/media\/54333"}],"wp:attachment":[{"href":"https:\/\/patagoniambiental.com.ar\/info\/wp-json\/wp\/v2\/media?parent=54332"}],"wp:term":[{"taxonomy":"category","embeddable":true,"href":"https:\/\/patagoniambiental.com.ar\/info\/wp-json\/wp\/v2\/categories?post=54332"},{"taxonomy":"post_tag","embeddable":true,"href":"https:\/\/patagoniambiental.com.ar\/info\/wp-json\/wp\/v2\/tags?post=54332"}],"curies":[{"name":"wp","href":"https:\/\/api.w.org\/{rel}","templated":true}]}}