{"id":54463,"date":"2018-10-08T19:00:56","date_gmt":"2018-10-08T22:00:56","guid":{"rendered":"http:\/\/patagoniambiental.com.ar\/info\/?p=54463"},"modified":"2018-10-08T16:40:00","modified_gmt":"2018-10-08T19:40:00","slug":"el-lanzamiento-se-realizo-este-domingo-a-las-23-21-el-satelite-argentino-saocom-1a-ya-esta-en-orbita","status":"publish","type":"post","link":"https:\/\/patagoniambiental.com.ar\/info\/el-lanzamiento-se-realizo-este-domingo-a-las-23-21-el-satelite-argentino-saocom-1a-ya-esta-en-orbita\/","title":{"rendered":"EL LANZAMIENTO SE REALIZ\u00d3 ESTE DOMINGO A LAS 23.21 El sat\u00e9lite argentino SAOCOM 1A ya est\u00e1 en \u00f3rbita"},"content":{"rendered":"<p><span style=\"font-weight: 400;\">Estados Unidos.-Luego de m\u00e1s de diez a\u00f1os de realizaci\u00f3n, el primer gemelo de los sat\u00e9lites SAOCOM ya est\u00e1 en \u00f3rbita. <\/span><\/p>\n<p><!--more--><\/p>\n<p><span style=\"font-weight: 400;\">El lanzamiento se realiz\u00f3 este domingo a las 23.21 horas desde la Base Vandenberg, ubicada en California, Estados Unidos.<\/span><\/p>\n<p>&nbsp;<\/p>\n<p><span style=\"font-weight: 400;\">La doctora Laura Frulla, investigadora principal de la misi\u00f3n SAOCOM, coment\u00f3 a la Agencia CTyS-UNLaM: \u201cEstamos monitoreando al sat\u00e9lite; los paneles solares ya est\u00e1n abiertos; se ha comprobado la parte de potencia, la parte de carga y ya hemos abierto algunos de los paneles de la antena. Todo va bien; estamos expectantes y vamos minuto a minuto\u201d.<\/span><\/p>\n<p>&nbsp;<\/p>\n<p><span style=\"font-weight: 400;\">Los diez d\u00edas posteriores al lanzamiento son determinantes. \u201cRealizaremos las maniobras necesarias desde la Estaci\u00f3n Espacial Te\u00f3filo Tabanera ubicada en la provincia de C\u00f3rdoba para posicionar al SAOCOM 1A en su \u00f3rbita definitiva, prevista en unos 620 kil\u00f3metros de altitud\u201d, indic\u00f3 Frulla.<\/span><\/p>\n<p>&nbsp;<\/p>\n<p><span style=\"font-weight: 400;\">El lanzamiento y la apertura de los paneles solares que abastecen de energ\u00eda al sat\u00e9lite son dos momentos cr\u00edticos que ya fueron sorteados. En tanto , ya se ha iniciado el proceso de apertura de la antena que tiene 35 metros cuadrados.<\/span><\/p>\n<p>&nbsp;<\/p>\n<p><span style=\"font-weight: 400;\">No fue sencillo construir esta antena del SAOCOM comparable en metros cuadrados a un modesto departamento de dos ambientes. \u201cEl despliegue de la antena es otra etapa crucial que nos llev\u00f3 a\u00f1os de trabajo\u201d, afirm\u00f3.<\/span><\/p>\n<p>&nbsp;<\/p>\n<p><span style=\"font-weight: 400;\">En tanto, la doctora Frulla indic\u00f3 que \u201cllevar\u00e1 unos 10 d\u00edas lograr que el sat\u00e9lite est\u00e9 en condiciones de adquirir informaci\u00f3n; despu\u00e9s de ese momento, vendr\u00e1n unos 6 u 8 meses en los que calibraremos el instrumento hasta que podamos ofrecer datos que sean determinantes para la agricultura como as\u00ed tambi\u00e9n para prevenir o actuar ante cat\u00e1strofes naturales o causadas por los humanos\u201d.<\/span><\/p>\n<p>&nbsp;<\/p>\n<p><span style=\"font-weight: 400;\">Los SAOCOM fueron dise\u00f1ados con una antena tan grande para poder generar mapas de humedad del suelo diariamente, para identificar zonas en riesgo de inundaci\u00f3n, como as\u00ed tambi\u00e9n para detectar suelos muy secos con riesgo de incendios, producir mapas de riesgo de enfermedades de cultivos, mapas de desplazamiento de glaciares y evaluar escenarios para la toma de decisiones de siembra y fertilizaci\u00f3n.<\/span><\/p>\n<p>&nbsp;<\/p>\n<p><span style=\"font-weight: 400;\">\u201cLos SAOCOM responder\u00e1n a diversos <\/span><span style=\"font-weight: 400;\">aspectos sociales, econ\u00f3micos y productivos de la Argentina y, por otra parte, integrar\u00e1n el Sistema \u00cdtalo-Argentino de Sat\u00e9lites para la Gesti\u00f3n de Emergencias (SIASGE) junto con cuatro sat\u00e9lites desarrollados por la Agencia Espacial Italiana\u201d, precis\u00f3 la experta. <\/span><\/p>\n<p>&nbsp;<\/p>\n<p><b>Las primeras se\u00f1ales que enviar\u00e1 el SAOCOM desde su \u00f3rbita<\/b><span style=\"font-weight: 400;\"><br \/>\n<\/span><span style=\"font-weight: 400;\">Unos segundos despu\u00e9s de que el sat\u00e9lite fue puesto en \u00f3rbita desde Vanderberg, pas\u00f3 por Tahit\u00ed y all\u00ed estableci\u00f3 el primer contacto con el centro de control de misi\u00f3n en C\u00f3rdoba.<\/span><\/p>\n<p>&nbsp;<\/p>\n<p><span style=\"font-weight: 400;\">Cada 90 minutos, el sat\u00e9lite realiza una \u00f3rbita completa de polo a polo, de modo que el trayecto de Vanderberg a Tahit\u00ed lo realiz\u00f3 pr\u00e1cticamente en segundos.<\/span><span style=\"font-weight: 400;\"><br \/>\n<\/span><span style=\"font-weight: 400;\"><br \/>\n<\/span><span style=\"font-weight: 400;\">Una vez que ambos SAOCOM est\u00e9n en \u00f3rbita, estar\u00e1n a 180 grados el uno del otro, por lo que cuando uno pase por el Polo Norte, el otro estar\u00e1 pasando por el Polo Sur. Eso permitir\u00e1 duplicar el env\u00edo de datos para la generaci\u00f3n de diversos mapas \u00fatiles para la producci\u00f3n y la gesti\u00f3n de emergencias.<\/span><\/p>\n<p>&nbsp;<\/p>\n<p><span style=\"font-weight: 400;\">Estos nuevos instrumentos fueron desarrollados y fabricados en el transcurso de una d\u00e9cada por la CONAE junto con empresas y organismos como INVAP, VENG y la Comisi\u00f3n Nacional de Energ\u00eda At\u00f3mica, con participaci\u00f3n de numerosas empresas de tecnolog\u00eda e instituciones del sistema cient\u00edfico-tecnol\u00f3gico de la Argentina y en colaboraci\u00f3n con la Agencia Espacial Italiana.<\/span><\/p>\n<p>&nbsp;<\/p>\n<p><span style=\"font-weight: 400;\">FOTOS: CONAE-Secretar\u00eda de Ciencia<\/span><\/p>\n<p><span style=\"font-weight: 400;\">_DSC8857.jpg: Festejos en el Centro Cultural de la Ciencia C3 tras el \u00e9xito del lanzamiento.<\/span><\/p>\n<p><span style=\"font-weight: 400;\">_SD24513.jpg: El secretario de Planeamiento y Pol\u00edticas en Ciencia, Tecnolog\u00eda e Innovaci\u00f3n Productiva, Jorge Aguado, junto al secretario general de la CONAE, Felix Meniccoci, y el ex-director Ejecutivo y T\u00e9cnico de la CONAE, Conrado Varotto.<\/span><\/p>\n<p><span style=\"font-weight: 400;\">_DS2154.jpeg: El secretario de Gobierno de Ciencia, Tecnolog\u00eda e Innovaci\u00f3n Productiva, Lino Bara\u00f1ao, y el secretario de Articulaci\u00f3n Cient\u00edfico Tecnol\u00f3gica, Agust\u00edn Campero; junto con autoridades de CONAE e INVAP, y el gobernador de R\u00edo Negro, Alberto Weretilneck, desde Base Vandenberg (EEUU).<\/span><\/p>\n","protected":false},"excerpt":{"rendered":"<p>Estados Unidos.-Luego de m\u00e1s de diez a\u00f1os de realizaci\u00f3n, el primer gemelo de los sat\u00e9lites SAOCOM ya est\u00e1 en \u00f3rbita.<\/p>\n","protected":false},"author":2,"featured_media":54467,"comment_status":"open","ping_status":"open","sticky":false,"template":"","format":"standard","meta":{"site-sidebar-layout":"default","site-content-layout":"","ast-site-content-layout":"default","site-content-style":"default","site-sidebar-style":"default","ast-global-header-display":"","ast-banner-title-visibility":"","ast-main-header-display":"","ast-hfb-above-header-display":"","ast-hfb-below-header-display":"","ast-hfb-mobile-header-display":"","site-post-title":"","ast-breadcrumbs-content":"","ast-featured-img":"","footer-sml-layout":"","ast-disable-related-posts":"","theme-transparent-header-meta":"","adv-header-id-meta":"","stick-header-meta":"","header-above-stick-meta":"","header-main-stick-meta":"","header-below-stick-meta":"","astra-migrate-meta-layouts":"default","ast-page-background-enabled":"default","ast-page-background-meta":{"desktop":{"background-color":"var(--ast-global-color-5)","background-image":"","background-repeat":"repeat","background-position":"center center","background-size":"auto","background-attachment":"scroll","background-type":"","background-media":"","overlay-type":"","overlay-color":"","overlay-opacity":"","overlay-gradient":""},"tablet":{"background-color":"","background-image":"","background-repeat":"repeat","background-position":"center center","background-size":"auto","background-attachment":"scroll","background-type":"","background-media":"","overlay-type":"","overlay-color":"","overlay-opacity":"","overlay-gradient":""},"mobile":{"background-color":"","background-image":"","background-repeat":"repeat","background-position":"center center","background-size":"auto","background-attachment":"scroll","background-type":"","background-media":"","overlay-type":"","overlay-color":"","overlay-opacity":"","overlay-gradient":""}},"ast-content-background-meta":{"desktop":{"background-color":"var(--ast-global-color-4)","background-image":"","background-repeat":"repeat","background-position":"center center","background-size":"auto","background-attachment":"scroll","background-type":"","background-media":"","overlay-type":"","overlay-color":"","overlay-opacity":"","overlay-gradient":""},"tablet":{"background-color":"var(--ast-global-color-4)","background-image":"","background-repeat":"repeat","background-position":"center center","background-size":"auto","background-attachment":"scroll","background-type":"","background-media":"","overlay-type":"","overlay-color":"","overlay-opacity":"","overlay-gradient":""},"mobile":{"background-color":"var(--ast-global-color-4)","background-image":"","background-repeat":"repeat","background-position":"center center","background-size":"auto","background-attachment":"scroll","background-type":"","background-media":"","overlay-type":"","overlay-color":"","overlay-opacity":"","overlay-gradient":""}},"footnotes":""},"categories":[23,1],"tags":[],"class_list":["post-54463","post","type-post","status-publish","format-standard","has-post-thumbnail","hentry","category-internacionales","category-noticias"],"yoast_head":"<!-- This site is optimized with the Yoast SEO Premium plugin v23.0 (Yoast SEO v27.4) - https:\/\/yoast.com\/product\/yoast-seo-premium-wordpress\/ -->\n<title>EL LANZAMIENTO SE REALIZ\u00d3 ESTE DOMINGO A LAS 23.21 El sat\u00e9lite argentino SAOCOM 1A ya est\u00e1 en \u00f3rbita<\/title>\n<meta name=\"robots\" content=\"index, follow, max-snippet:-1, max-image-preview:large, max-video-preview:-1\" \/>\n<link rel=\"canonical\" href=\"https:\/\/patagoniambiental.com.ar\/info\/el-lanzamiento-se-realizo-este-domingo-a-las-23-21-el-satelite-argentino-saocom-1a-ya-esta-en-orbita\/\" \/>\n<meta property=\"og:locale\" content=\"es_ES\" \/>\n<meta property=\"og:type\" content=\"article\" \/>\n<meta property=\"og:title\" content=\"EL LANZAMIENTO SE REALIZ\u00d3 ESTE DOMINGO A LAS 23.21 El sat\u00e9lite argentino SAOCOM 1A ya est\u00e1 en \u00f3rbita\" \/>\n<meta property=\"og:description\" content=\"Estados Unidos.-Luego de m\u00e1s de diez a\u00f1os de realizaci\u00f3n, el primer gemelo de los sat\u00e9lites SAOCOM ya est\u00e1 en \u00f3rbita.\" \/>\n<meta property=\"og:url\" content=\"https:\/\/patagoniambiental.com.ar\/info\/el-lanzamiento-se-realizo-este-domingo-a-las-23-21-el-satelite-argentino-saocom-1a-ya-esta-en-orbita\/\" \/>\n<meta property=\"og:site_name\" content=\"Patagonia Ambiental\" \/>\n<meta property=\"article:publisher\" content=\"https:\/\/www.facebook.com\/patagonia.ambiental\" \/>\n<meta property=\"article:author\" content=\"https:\/\/www.facebook.com\/share\/1C1V8Gv9BX\/?mibextid=qi2Omg\" \/>\n<meta property=\"article:published_time\" content=\"2018-10-08T22:00:56+00:00\" \/>\n<meta property=\"og:image\" content=\"https:\/\/patagoniambiental.com.ar\/info\/wp-content\/uploads\/2018\/10\/Sin-t\u00edtulo-6.jpg\" \/>\n\t<meta property=\"og:image:width\" content=\"684\" \/>\n\t<meta property=\"og:image:height\" content=\"514\" \/>\n\t<meta property=\"og:image:type\" content=\"image\/jpeg\" \/>\n<meta name=\"author\" content=\"Patagonia Ambiental\" \/>\n<meta name=\"twitter:card\" content=\"summary_large_image\" \/>\n<meta name=\"twitter:creator\" content=\"@PatAmb\" \/>\n<meta name=\"twitter:site\" content=\"@PatAmb\" \/>\n<script type=\"application\/ld+json\" class=\"yoast-schema-graph\">{\"@context\":\"https:\\\/\\\/schema.org\",\"@graph\":[{\"@type\":\"Article\",\"@id\":\"https:\\\/\\\/patagoniambiental.com.ar\\\/info\\\/el-lanzamiento-se-realizo-este-domingo-a-las-23-21-el-satelite-argentino-saocom-1a-ya-esta-en-orbita\\\/#article\",\"isPartOf\":{\"@id\":\"https:\\\/\\\/patagoniambiental.com.ar\\\/info\\\/el-lanzamiento-se-realizo-este-domingo-a-las-23-21-el-satelite-argentino-saocom-1a-ya-esta-en-orbita\\\/\"},\"author\":{\"name\":\"Patagonia Ambiental\",\"@id\":\"https:\\\/\\\/patagoniambiental.com.ar\\\/info\\\/#\\\/schema\\\/person\\\/db12bff64bbcbf6a253710bf0ea37b5d\"},\"headline\":\"EL LANZAMIENTO SE REALIZ\u00d3 ESTE DOMINGO A LAS 23.21 El sat\u00e9lite argentino SAOCOM 1A ya est\u00e1 en \u00f3rbita\",\"datePublished\":\"2018-10-08T22:00:56+00:00\",\"mainEntityOfPage\":{\"@id\":\"https:\\\/\\\/patagoniambiental.com.ar\\\/info\\\/el-lanzamiento-se-realizo-este-domingo-a-las-23-21-el-satelite-argentino-saocom-1a-ya-esta-en-orbita\\\/\"},\"wordCount\":747,\"commentCount\":0,\"publisher\":{\"@id\":\"https:\\\/\\\/patagoniambiental.com.ar\\\/info\\\/#organization\"},\"image\":{\"@id\":\"https:\\\/\\\/patagoniambiental.com.ar\\\/info\\\/el-lanzamiento-se-realizo-este-domingo-a-las-23-21-el-satelite-argentino-saocom-1a-ya-esta-en-orbita\\\/#primaryimage\"},\"thumbnailUrl\":\"https:\\\/\\\/patagoniambiental.com.ar\\\/info\\\/wp-content\\\/uploads\\\/2018\\\/10\\\/Sin-t\u00edtulo-6.jpg\",\"articleSection\":[\"Internacionales\",\"Noticias\"],\"inLanguage\":\"es\",\"potentialAction\":[{\"@type\":\"CommentAction\",\"name\":\"Comment\",\"target\":[\"https:\\\/\\\/patagoniambiental.com.ar\\\/info\\\/el-lanzamiento-se-realizo-este-domingo-a-las-23-21-el-satelite-argentino-saocom-1a-ya-esta-en-orbita\\\/#respond\"]}]},{\"@type\":\"WebPage\",\"@id\":\"https:\\\/\\\/patagoniambiental.com.ar\\\/info\\\/el-lanzamiento-se-realizo-este-domingo-a-las-23-21-el-satelite-argentino-saocom-1a-ya-esta-en-orbita\\\/\",\"url\":\"https:\\\/\\\/patagoniambiental.com.ar\\\/info\\\/el-lanzamiento-se-realizo-este-domingo-a-las-23-21-el-satelite-argentino-saocom-1a-ya-esta-en-orbita\\\/\",\"name\":\"EL LANZAMIENTO SE REALIZ\u00d3 ESTE DOMINGO A LAS 23.21 El sat\u00e9lite argentino SAOCOM 1A ya est\u00e1 en \u00f3rbita\",\"isPartOf\":{\"@id\":\"https:\\\/\\\/patagoniambiental.com.ar\\\/info\\\/#website\"},\"primaryImageOfPage\":{\"@id\":\"https:\\\/\\\/patagoniambiental.com.ar\\\/info\\\/el-lanzamiento-se-realizo-este-domingo-a-las-23-21-el-satelite-argentino-saocom-1a-ya-esta-en-orbita\\\/#primaryimage\"},\"image\":{\"@id\":\"https:\\\/\\\/patagoniambiental.com.ar\\\/info\\\/el-lanzamiento-se-realizo-este-domingo-a-las-23-21-el-satelite-argentino-saocom-1a-ya-esta-en-orbita\\\/#primaryimage\"},\"thumbnailUrl\":\"https:\\\/\\\/patagoniambiental.com.ar\\\/info\\\/wp-content\\\/uploads\\\/2018\\\/10\\\/Sin-t\u00edtulo-6.jpg\",\"datePublished\":\"2018-10-08T22:00:56+00:00\",\"breadcrumb\":{\"@id\":\"https:\\\/\\\/patagoniambiental.com.ar\\\/info\\\/el-lanzamiento-se-realizo-este-domingo-a-las-23-21-el-satelite-argentino-saocom-1a-ya-esta-en-orbita\\\/#breadcrumb\"},\"inLanguage\":\"es\",\"potentialAction\":[{\"@type\":\"ReadAction\",\"target\":[\"https:\\\/\\\/patagoniambiental.com.ar\\\/info\\\/el-lanzamiento-se-realizo-este-domingo-a-las-23-21-el-satelite-argentino-saocom-1a-ya-esta-en-orbita\\\/\"]}]},{\"@type\":\"ImageObject\",\"inLanguage\":\"es\",\"@id\":\"https:\\\/\\\/patagoniambiental.com.ar\\\/info\\\/el-lanzamiento-se-realizo-este-domingo-a-las-23-21-el-satelite-argentino-saocom-1a-ya-esta-en-orbita\\\/#primaryimage\",\"url\":\"https:\\\/\\\/patagoniambiental.com.ar\\\/info\\\/wp-content\\\/uploads\\\/2018\\\/10\\\/Sin-t\u00edtulo-6.jpg\",\"contentUrl\":\"https:\\\/\\\/patagoniambiental.com.ar\\\/info\\\/wp-content\\\/uploads\\\/2018\\\/10\\\/Sin-t\u00edtulo-6.jpg\",\"width\":684,\"height\":514},{\"@type\":\"BreadcrumbList\",\"@id\":\"https:\\\/\\\/patagoniambiental.com.ar\\\/info\\\/el-lanzamiento-se-realizo-este-domingo-a-las-23-21-el-satelite-argentino-saocom-1a-ya-esta-en-orbita\\\/#breadcrumb\",\"itemListElement\":[{\"@type\":\"ListItem\",\"position\":1,\"name\":\"Inicio\",\"item\":\"https:\\\/\\\/patagoniambiental.com.ar\\\/info\\\/\"},{\"@type\":\"ListItem\",\"position\":2,\"name\":\"EL LANZAMIENTO SE REALIZ\u00d3 ESTE DOMINGO A LAS 23.21 El sat\u00e9lite argentino SAOCOM 1A ya est\u00e1 en \u00f3rbita\"}]},{\"@type\":\"WebSite\",\"@id\":\"https:\\\/\\\/patagoniambiental.com.ar\\\/info\\\/#website\",\"url\":\"https:\\\/\\\/patagoniambiental.com.ar\\\/info\\\/\",\"name\":\"Patagonia Ambiental\",\"description\":\"Monitoreo y an\u00e1lisis de la situaci\u00f3n geopol\u00edtica en el mundo y su implicancia en la Patagonia\",\"publisher\":{\"@id\":\"https:\\\/\\\/patagoniambiental.com.ar\\\/info\\\/#organization\"},\"potentialAction\":[{\"@type\":\"SearchAction\",\"target\":{\"@type\":\"EntryPoint\",\"urlTemplate\":\"https:\\\/\\\/patagoniambiental.com.ar\\\/info\\\/?s={search_term_string}\"},\"query-input\":{\"@type\":\"PropertyValueSpecification\",\"valueRequired\":true,\"valueName\":\"search_term_string\"}}],\"inLanguage\":\"es\"},{\"@type\":\"Organization\",\"@id\":\"https:\\\/\\\/patagoniambiental.com.ar\\\/info\\\/#organization\",\"name\":\"Patagonia Ambiental\",\"url\":\"https:\\\/\\\/patagoniambiental.com.ar\\\/info\\\/\",\"logo\":{\"@type\":\"ImageObject\",\"inLanguage\":\"es\",\"@id\":\"https:\\\/\\\/patagoniambiental.com.ar\\\/info\\\/#\\\/schema\\\/logo\\\/image\\\/\",\"url\":\"https:\\\/\\\/patagoniambiental.com.ar\\\/info\\\/wp-content\\\/uploads\\\/2025\\\/05\\\/LOGO-PATAGONIA-AMBIENTAL.png\",\"contentUrl\":\"https:\\\/\\\/patagoniambiental.com.ar\\\/info\\\/wp-content\\\/uploads\\\/2025\\\/05\\\/LOGO-PATAGONIA-AMBIENTAL.png\",\"width\":433,\"height\":250,\"caption\":\"Patagonia Ambiental\"},\"image\":{\"@id\":\"https:\\\/\\\/patagoniambiental.com.ar\\\/info\\\/#\\\/schema\\\/logo\\\/image\\\/\"},\"sameAs\":[\"https:\\\/\\\/www.facebook.com\\\/patagonia.ambiental\",\"https:\\\/\\\/x.com\\\/PatAmb\"]},{\"@type\":\"Person\",\"@id\":\"https:\\\/\\\/patagoniambiental.com.ar\\\/info\\\/#\\\/schema\\\/person\\\/db12bff64bbcbf6a253710bf0ea37b5d\",\"name\":\"Patagonia Ambiental\",\"description\":\"Andr\u00e9s Nievas T\u00e9cnico en manejo ambiental, consultor Ambiental y escritor para medios locales e internacionales sobre temas de geopolitica y medio ambiente.\",\"sameAs\":[\"http:\\\/\\\/www.patagoniambiental.com.ar\",\"https:\\\/\\\/www.facebook.com\\\/share\\\/1C1V8Gv9BX\\\/?mibextid=qi2Omg\",\"@patagoniambiental\",\"https:\\\/\\\/youtube.com\\\/@patagoniaambiental2023?si=BLt58t0wuXquxlYZ\"]}]}<\/script>\n<!-- \/ Yoast SEO Premium plugin. -->","yoast_head_json":{"title":"EL LANZAMIENTO SE REALIZ\u00d3 ESTE DOMINGO A LAS 23.21 El sat\u00e9lite argentino SAOCOM 1A ya est\u00e1 en \u00f3rbita","robots":{"index":"index","follow":"follow","max-snippet":"max-snippet:-1","max-image-preview":"max-image-preview:large","max-video-preview":"max-video-preview:-1"},"canonical":"https:\/\/patagoniambiental.com.ar\/info\/el-lanzamiento-se-realizo-este-domingo-a-las-23-21-el-satelite-argentino-saocom-1a-ya-esta-en-orbita\/","og_locale":"es_ES","og_type":"article","og_title":"EL LANZAMIENTO SE REALIZ\u00d3 ESTE DOMINGO A LAS 23.21 El sat\u00e9lite argentino SAOCOM 1A ya est\u00e1 en \u00f3rbita","og_description":"Estados Unidos.-Luego de m\u00e1s de diez a\u00f1os de realizaci\u00f3n, el primer gemelo de los sat\u00e9lites SAOCOM ya est\u00e1 en \u00f3rbita.","og_url":"https:\/\/patagoniambiental.com.ar\/info\/el-lanzamiento-se-realizo-este-domingo-a-las-23-21-el-satelite-argentino-saocom-1a-ya-esta-en-orbita\/","og_site_name":"Patagonia Ambiental","article_publisher":"https:\/\/www.facebook.com\/patagonia.ambiental","article_author":"https:\/\/www.facebook.com\/share\/1C1V8Gv9BX\/?mibextid=qi2Omg","article_published_time":"2018-10-08T22:00:56+00:00","og_image":[{"width":684,"height":514,"url":"https:\/\/patagoniambiental.com.ar\/info\/wp-content\/uploads\/2018\/10\/Sin-t\u00edtulo-6.jpg","type":"image\/jpeg"}],"author":"Patagonia Ambiental","twitter_card":"summary_large_image","twitter_creator":"@PatAmb","twitter_site":"@PatAmb","schema":{"@context":"https:\/\/schema.org","@graph":[{"@type":"Article","@id":"https:\/\/patagoniambiental.com.ar\/info\/el-lanzamiento-se-realizo-este-domingo-a-las-23-21-el-satelite-argentino-saocom-1a-ya-esta-en-orbita\/#article","isPartOf":{"@id":"https:\/\/patagoniambiental.com.ar\/info\/el-lanzamiento-se-realizo-este-domingo-a-las-23-21-el-satelite-argentino-saocom-1a-ya-esta-en-orbita\/"},"author":{"name":"Patagonia Ambiental","@id":"https:\/\/patagoniambiental.com.ar\/info\/#\/schema\/person\/db12bff64bbcbf6a253710bf0ea37b5d"},"headline":"EL LANZAMIENTO SE REALIZ\u00d3 ESTE DOMINGO A LAS 23.21 El sat\u00e9lite argentino SAOCOM 1A ya est\u00e1 en \u00f3rbita","datePublished":"2018-10-08T22:00:56+00:00","mainEntityOfPage":{"@id":"https:\/\/patagoniambiental.com.ar\/info\/el-lanzamiento-se-realizo-este-domingo-a-las-23-21-el-satelite-argentino-saocom-1a-ya-esta-en-orbita\/"},"wordCount":747,"commentCount":0,"publisher":{"@id":"https:\/\/patagoniambiental.com.ar\/info\/#organization"},"image":{"@id":"https:\/\/patagoniambiental.com.ar\/info\/el-lanzamiento-se-realizo-este-domingo-a-las-23-21-el-satelite-argentino-saocom-1a-ya-esta-en-orbita\/#primaryimage"},"thumbnailUrl":"https:\/\/patagoniambiental.com.ar\/info\/wp-content\/uploads\/2018\/10\/Sin-t\u00edtulo-6.jpg","articleSection":["Internacionales","Noticias"],"inLanguage":"es","potentialAction":[{"@type":"CommentAction","name":"Comment","target":["https:\/\/patagoniambiental.com.ar\/info\/el-lanzamiento-se-realizo-este-domingo-a-las-23-21-el-satelite-argentino-saocom-1a-ya-esta-en-orbita\/#respond"]}]},{"@type":"WebPage","@id":"https:\/\/patagoniambiental.com.ar\/info\/el-lanzamiento-se-realizo-este-domingo-a-las-23-21-el-satelite-argentino-saocom-1a-ya-esta-en-orbita\/","url":"https:\/\/patagoniambiental.com.ar\/info\/el-lanzamiento-se-realizo-este-domingo-a-las-23-21-el-satelite-argentino-saocom-1a-ya-esta-en-orbita\/","name":"EL LANZAMIENTO SE REALIZ\u00d3 ESTE DOMINGO A LAS 23.21 El sat\u00e9lite argentino SAOCOM 1A ya est\u00e1 en \u00f3rbita","isPartOf":{"@id":"https:\/\/patagoniambiental.com.ar\/info\/#website"},"primaryImageOfPage":{"@id":"https:\/\/patagoniambiental.com.ar\/info\/el-lanzamiento-se-realizo-este-domingo-a-las-23-21-el-satelite-argentino-saocom-1a-ya-esta-en-orbita\/#primaryimage"},"image":{"@id":"https:\/\/patagoniambiental.com.ar\/info\/el-lanzamiento-se-realizo-este-domingo-a-las-23-21-el-satelite-argentino-saocom-1a-ya-esta-en-orbita\/#primaryimage"},"thumbnailUrl":"https:\/\/patagoniambiental.com.ar\/info\/wp-content\/uploads\/2018\/10\/Sin-t\u00edtulo-6.jpg","datePublished":"2018-10-08T22:00:56+00:00","breadcrumb":{"@id":"https:\/\/patagoniambiental.com.ar\/info\/el-lanzamiento-se-realizo-este-domingo-a-las-23-21-el-satelite-argentino-saocom-1a-ya-esta-en-orbita\/#breadcrumb"},"inLanguage":"es","potentialAction":[{"@type":"ReadAction","target":["https:\/\/patagoniambiental.com.ar\/info\/el-lanzamiento-se-realizo-este-domingo-a-las-23-21-el-satelite-argentino-saocom-1a-ya-esta-en-orbita\/"]}]},{"@type":"ImageObject","inLanguage":"es","@id":"https:\/\/patagoniambiental.com.ar\/info\/el-lanzamiento-se-realizo-este-domingo-a-las-23-21-el-satelite-argentino-saocom-1a-ya-esta-en-orbita\/#primaryimage","url":"https:\/\/patagoniambiental.com.ar\/info\/wp-content\/uploads\/2018\/10\/Sin-t\u00edtulo-6.jpg","contentUrl":"https:\/\/patagoniambiental.com.ar\/info\/wp-content\/uploads\/2018\/10\/Sin-t\u00edtulo-6.jpg","width":684,"height":514},{"@type":"BreadcrumbList","@id":"https:\/\/patagoniambiental.com.ar\/info\/el-lanzamiento-se-realizo-este-domingo-a-las-23-21-el-satelite-argentino-saocom-1a-ya-esta-en-orbita\/#breadcrumb","itemListElement":[{"@type":"ListItem","position":1,"name":"Inicio","item":"https:\/\/patagoniambiental.com.ar\/info\/"},{"@type":"ListItem","position":2,"name":"EL LANZAMIENTO SE REALIZ\u00d3 ESTE DOMINGO A LAS 23.21 El sat\u00e9lite argentino SAOCOM 1A ya est\u00e1 en \u00f3rbita"}]},{"@type":"WebSite","@id":"https:\/\/patagoniambiental.com.ar\/info\/#website","url":"https:\/\/patagoniambiental.com.ar\/info\/","name":"Patagonia Ambiental","description":"Monitoreo y an\u00e1lisis de la situaci\u00f3n geopol\u00edtica en el mundo y su implicancia en la Patagonia","publisher":{"@id":"https:\/\/patagoniambiental.com.ar\/info\/#organization"},"potentialAction":[{"@type":"SearchAction","target":{"@type":"EntryPoint","urlTemplate":"https:\/\/patagoniambiental.com.ar\/info\/?s={search_term_string}"},"query-input":{"@type":"PropertyValueSpecification","valueRequired":true,"valueName":"search_term_string"}}],"inLanguage":"es"},{"@type":"Organization","@id":"https:\/\/patagoniambiental.com.ar\/info\/#organization","name":"Patagonia Ambiental","url":"https:\/\/patagoniambiental.com.ar\/info\/","logo":{"@type":"ImageObject","inLanguage":"es","@id":"https:\/\/patagoniambiental.com.ar\/info\/#\/schema\/logo\/image\/","url":"https:\/\/patagoniambiental.com.ar\/info\/wp-content\/uploads\/2025\/05\/LOGO-PATAGONIA-AMBIENTAL.png","contentUrl":"https:\/\/patagoniambiental.com.ar\/info\/wp-content\/uploads\/2025\/05\/LOGO-PATAGONIA-AMBIENTAL.png","width":433,"height":250,"caption":"Patagonia Ambiental"},"image":{"@id":"https:\/\/patagoniambiental.com.ar\/info\/#\/schema\/logo\/image\/"},"sameAs":["https:\/\/www.facebook.com\/patagonia.ambiental","https:\/\/x.com\/PatAmb"]},{"@type":"Person","@id":"https:\/\/patagoniambiental.com.ar\/info\/#\/schema\/person\/db12bff64bbcbf6a253710bf0ea37b5d","name":"Patagonia Ambiental","description":"Andr\u00e9s Nievas T\u00e9cnico en manejo ambiental, consultor Ambiental y escritor para medios locales e internacionales sobre temas de geopolitica y medio ambiente.","sameAs":["http:\/\/www.patagoniambiental.com.ar","https:\/\/www.facebook.com\/share\/1C1V8Gv9BX\/?mibextid=qi2Omg","@patagoniambiental","https:\/\/youtube.com\/@patagoniaambiental2023?si=BLt58t0wuXquxlYZ"]}]}},"_links":{"self":[{"href":"https:\/\/patagoniambiental.com.ar\/info\/wp-json\/wp\/v2\/posts\/54463","targetHints":{"allow":["GET"]}}],"collection":[{"href":"https:\/\/patagoniambiental.com.ar\/info\/wp-json\/wp\/v2\/posts"}],"about":[{"href":"https:\/\/patagoniambiental.com.ar\/info\/wp-json\/wp\/v2\/types\/post"}],"author":[{"embeddable":true,"href":"https:\/\/patagoniambiental.com.ar\/info\/wp-json\/wp\/v2\/users\/2"}],"replies":[{"embeddable":true,"href":"https:\/\/patagoniambiental.com.ar\/info\/wp-json\/wp\/v2\/comments?post=54463"}],"version-history":[{"count":0,"href":"https:\/\/patagoniambiental.com.ar\/info\/wp-json\/wp\/v2\/posts\/54463\/revisions"}],"wp:featuredmedia":[{"embeddable":true,"href":"https:\/\/patagoniambiental.com.ar\/info\/wp-json\/wp\/v2\/media\/54467"}],"wp:attachment":[{"href":"https:\/\/patagoniambiental.com.ar\/info\/wp-json\/wp\/v2\/media?parent=54463"}],"wp:term":[{"taxonomy":"category","embeddable":true,"href":"https:\/\/patagoniambiental.com.ar\/info\/wp-json\/wp\/v2\/categories?post=54463"},{"taxonomy":"post_tag","embeddable":true,"href":"https:\/\/patagoniambiental.com.ar\/info\/wp-json\/wp\/v2\/tags?post=54463"}],"curies":[{"name":"wp","href":"https:\/\/api.w.org\/{rel}","templated":true}]}}