{"id":54480,"date":"2018-10-10T09:00:45","date_gmt":"2018-10-10T12:00:45","guid":{"rendered":"http:\/\/patagoniambiental.com.ar\/info\/?p=54480"},"modified":"2018-10-08T16:57:18","modified_gmt":"2018-10-08T19:57:18","slug":"el-ipcc-habla-de-cambios-sin-precedentes-para-limitar-que-la-temperatura-suba-15-grados","status":"publish","type":"post","link":"https:\/\/patagoniambiental.com.ar\/info\/el-ipcc-habla-de-cambios-sin-precedentes-para-limitar-que-la-temperatura-suba-15-grados\/","title":{"rendered":"El IPCC habla de \u201ccambios sin precedentes\u201d para limitar que la temperatura suba 1,5 grados"},"content":{"rendered":"<p class=\"entradilla\">Limitar la subida de temperaturas a 1,5 grados cent\u00edgrados requerir\u00eda \u00abcambios sin precedentes\u00bb a nivel social y global, alerta el nuevo informe presentado hoy por el Grupo Intergubernamental de Expertos en Cambio Clim\u00e1tico (IPCC, por sus siglas en ingl\u00e9s).<\/p>\n<p>El informe, presentado en Incheon (Corea\u00a0del Sur), examina v\u00edas para limitar el calentamiento hasta 1,5 en vez de 2 grados, tal y como se estableci\u00f3 en el Acuerdo del Clima de Par\u00eds, y advierte de que los efectos para ecosistemas y la vida en el planeta ser\u00e1n mucho menos catastr\u00f3ficos si se logra mantener esta barrera m\u00e1s ambiciosa.<\/p>\n<p>El texto dice que limitar el\u00a0<em>\u201ccalentamiento global a 1,5 \u00baC\u201d<\/em>, barrera que se cree que se superar\u00e1 entre 2030 y 2052 a este ritmo,\u00a0<em>\u201crequerir\u00eda cambios r\u00e1pidos, de amplio alcance y sin precedentes en todos los aspectos de la sociedad\u201d<\/em>, desde consumo de energ\u00eda a planificaci\u00f3n urbana y terrestre y muchos m\u00e1s recortes de emisiones.<\/p>\n<div id=\"attachment_116039\" class=\"wp-caption alignright\">\n<p class=\"wp-caption-text\">\n<\/div>\n<p>Las emisiones de gases contaminantes de origen humano ya han elevado la temperatura media del planeta en torno a 1 grado con respecto a antes de la revoluci\u00f3n industrial en el siglo XIX y transformando la vida en el planeta, seg\u00fan record\u00f3 el presidente del\u00a0<a href=\"https:\/\/twitter.com\/ipcc_ch?lang=es\" target=\"_blank\" rel=\"noopener noreferrer\">IPCC<\/a>, Hoesung Lee, en la presentaci\u00f3n del informe.<\/p>\n<h2>Menos de 1,5 grados<\/h2>\n<p>\u201c<em>Mantener el calentamiento global en un nivel inferior a 1,5 grados en vez de 2 ser\u00e1 muy dif\u00edcil, pero no imposible<\/em>\u201c, a\u00f1adi\u00f3 Lee.<\/p>\n<div class=\"box shadow\">\n<div class=\"box-inner-block\"><i class=\"tieicon-boxicon\"><\/i>Acotar el calentamiento por debajo del l\u00edmite de 1,5 grados evitar\u00eda una mayor extinci\u00f3n de especies y, por ejemplo, la destrucci\u00f3n total del coral, b\u00e1sico para el ecosistema marino, o reducir\u00eda la subida del mar en 10 cent\u00edmetros para 2100, salvando zonas costeras y litorales, seg\u00fan el informe.<\/div>\n<\/div>\n<h2>Superar 1,5 grados<\/h2>\n<p>Superar el l\u00edmite de 1,5 grados deparar\u00eda un mayor incremento del calor extremo, las lluvias torrenciales y la probabilidad de sequ\u00edas, algo que tendr\u00e1 un efecto directo sobre la producci\u00f3n de alimentos, sobre todo en zonas sensibles como el Mediterr\u00e1neo o Latinoam\u00e9rica.<br \/>\nTambi\u00e9n afectar\u00e1 a la salud, suministros de agua y crecimiento econ\u00f3mico, con un impacto especialmente negativo sobre las poblaciones m\u00e1s pobres y vulnerables del planeta, dice el texto, que cuenta con 6.000 referencias cient\u00edficas y viene firmado por 91 expertos de 40 pa\u00edses.<\/p>\n<div id=\"attachment_116040\" class=\"wp-caption alignleft\"><img fetchpriority=\"high\" decoding=\"async\" class=\"wp-image-116040 \" src=\"https:\/\/www.efeverde.com\/wp-content\/uploads\/2018\/10\/bosque-tala-Malasia-.jpg\" alt=\"\" width=\"369\" height=\"384\" \/><\/p>\n<p class=\"wp-caption-text\">Las emisiones de gases de origen humano ya han elevado la temperatura media y han transformando la vida en el planeta. EFE\/FAZRY ISMAIL<\/p>\n<\/div>\n<h2>Soluciones<\/h2>\n<p>Para evitar superar esa barrera, dice el informe, hace falta consumo energ\u00e9tico m\u00e1s eficiente, agricultura m\u00e1s sostenible y menos extensiva o destinar m\u00e1s terreno al cultivo de recursos energ\u00e9ticos.<br \/>\nTambi\u00e9n multiplicar por cinco la inversi\u00f3n actual en el terreno tecnol\u00f3gico para lograr que transporte, edificios o industria emitan mucho menos y que a su vez se perfeccione la captura de gases de contaminantes.<br \/>\nEl informe, dirigido a pa\u00edses de la Convenci\u00f3n Marco de la ONU sobre el Cambio Clim\u00e1tico, ser\u00e1 usado como base para las discusiones de la vig\u00e9simo cuarta cumbre del clima (COP24) que se celebrar\u00e1 en Katowice (Polonia) este diciembre. EFEverde<\/p>\n<div>\n<p>Fuente:\u00a0https:\/\/www.efeverde.com\/noticias\/ipcc-limitar-calentamiento-global-15grados-requiere-cambios-sin-precedentes\/<\/p><\/div>\n","protected":false},"excerpt":{"rendered":"<p>Limitar la subida de temperaturas a 1,5 grados cent\u00edgrados requerir\u00eda \u00abcambios sin precedentes\u00bb a nivel social y global, alerta el [&hellip;]<\/p>\n","protected":false},"author":2,"featured_media":54481,"comment_status":"open","ping_status":"open","sticky":false,"template":"","format":"standard","meta":{"site-sidebar-layout":"default","site-content-layout":"","ast-site-content-layout":"default","site-content-style":"default","site-sidebar-style":"default","ast-global-header-display":"","ast-banner-title-visibility":"","ast-main-header-display":"","ast-hfb-above-header-display":"","ast-hfb-below-header-display":"","ast-hfb-mobile-header-display":"","site-post-title":"","ast-breadcrumbs-content":"","ast-featured-img":"","footer-sml-layout":"","ast-disable-related-posts":"","theme-transparent-header-meta":"","adv-header-id-meta":"","stick-header-meta":"","header-above-stick-meta":"","header-main-stick-meta":"","header-below-stick-meta":"","astra-migrate-meta-layouts":"default","ast-page-background-enabled":"default","ast-page-background-meta":{"desktop":{"background-color":"var(--ast-global-color-5)","background-image":"","background-repeat":"repeat","background-position":"center center","background-size":"auto","background-attachment":"scroll","background-type":"","background-media":"","overlay-type":"","overlay-color":"","overlay-opacity":"","overlay-gradient":""},"tablet":{"background-color":"","background-image":"","background-repeat":"repeat","background-position":"center center","background-size":"auto","background-attachment":"scroll","background-type":"","background-media":"","overlay-type":"","overlay-color":"","overlay-opacity":"","overlay-gradient":""},"mobile":{"background-color":"","background-image":"","background-repeat":"repeat","background-position":"center center","background-size":"auto","background-attachment":"scroll","background-type":"","background-media":"","overlay-type":"","overlay-color":"","overlay-opacity":"","overlay-gradient":""}},"ast-content-background-meta":{"desktop":{"background-color":"var(--ast-global-color-4)","background-image":"","background-repeat":"repeat","background-position":"center center","background-size":"auto","background-attachment":"scroll","background-type":"","background-media":"","overlay-type":"","overlay-color":"","overlay-opacity":"","overlay-gradient":""},"tablet":{"background-color":"var(--ast-global-color-4)","background-image":"","background-repeat":"repeat","background-position":"center center","background-size":"auto","background-attachment":"scroll","background-type":"","background-media":"","overlay-type":"","overlay-color":"","overlay-opacity":"","overlay-gradient":""},"mobile":{"background-color":"var(--ast-global-color-4)","background-image":"","background-repeat":"repeat","background-position":"center center","background-size":"auto","background-attachment":"scroll","background-type":"","background-media":"","overlay-type":"","overlay-color":"","overlay-opacity":"","overlay-gradient":""}},"footnotes":""},"categories":[11,23,1,10],"tags":[],"class_list":["post-54480","post","type-post","status-publish","format-standard","has-post-thumbnail","hentry","category-boletin","category-internacionales","category-noticias","category-rotador"],"yoast_head":"<!-- This site is optimized with the Yoast SEO Premium plugin v23.0 (Yoast SEO v27.5) - https:\/\/yoast.com\/product\/yoast-seo-premium-wordpress\/ -->\n<title>El IPCC habla de \u201ccambios sin precedentes\u201d para limitar que la temperatura suba 1,5 grados<\/title>\n<meta name=\"robots\" content=\"index, follow, max-snippet:-1, max-image-preview:large, max-video-preview:-1\" \/>\n<link rel=\"canonical\" href=\"https:\/\/patagoniambiental.com.ar\/info\/el-ipcc-habla-de-cambios-sin-precedentes-para-limitar-que-la-temperatura-suba-15-grados\/\" \/>\n<meta property=\"og:locale\" content=\"es_ES\" \/>\n<meta property=\"og:type\" content=\"article\" \/>\n<meta property=\"og:title\" content=\"El IPCC habla de \u201ccambios sin precedentes\u201d para limitar que la temperatura suba 1,5 grados\" \/>\n<meta property=\"og:description\" content=\"Limitar la subida de temperaturas a 1,5 grados cent\u00edgrados requerir\u00eda \u00abcambios sin precedentes\u00bb a nivel social y global, alerta el [&hellip;]\" \/>\n<meta property=\"og:url\" content=\"https:\/\/patagoniambiental.com.ar\/info\/el-ipcc-habla-de-cambios-sin-precedentes-para-limitar-que-la-temperatura-suba-15-grados\/\" \/>\n<meta property=\"og:site_name\" content=\"Patagonia Ambiental\" \/>\n<meta property=\"article:publisher\" content=\"https:\/\/www.facebook.com\/patagonia.ambiental\" \/>\n<meta property=\"article:author\" content=\"https:\/\/www.facebook.com\/share\/1C1V8Gv9BX\/?mibextid=qi2Omg\" \/>\n<meta property=\"article:published_time\" content=\"2018-10-10T12:00:45+00:00\" \/>\n<meta property=\"og:image\" content=\"https:\/\/patagoniambiental.com.ar\/info\/wp-content\/uploads\/2018\/10\/expertos-cambo-climatico.jpg\" \/>\n\t<meta property=\"og:image:width\" content=\"620\" \/>\n\t<meta property=\"og:image:height\" content=\"310\" \/>\n\t<meta property=\"og:image:type\" content=\"image\/jpeg\" \/>\n<meta name=\"author\" content=\"Patagonia Ambiental\" \/>\n<meta name=\"twitter:card\" content=\"summary_large_image\" \/>\n<meta name=\"twitter:creator\" content=\"@PatAmb\" \/>\n<meta name=\"twitter:site\" content=\"@PatAmb\" \/>\n<script type=\"application\/ld+json\" class=\"yoast-schema-graph\">{\"@context\":\"https:\\\/\\\/schema.org\",\"@graph\":[{\"@type\":\"Article\",\"@id\":\"https:\\\/\\\/patagoniambiental.com.ar\\\/info\\\/el-ipcc-habla-de-cambios-sin-precedentes-para-limitar-que-la-temperatura-suba-15-grados\\\/#article\",\"isPartOf\":{\"@id\":\"https:\\\/\\\/patagoniambiental.com.ar\\\/info\\\/el-ipcc-habla-de-cambios-sin-precedentes-para-limitar-que-la-temperatura-suba-15-grados\\\/\"},\"author\":{\"name\":\"Patagonia Ambiental\",\"@id\":\"https:\\\/\\\/patagoniambiental.com.ar\\\/info\\\/#\\\/schema\\\/person\\\/db12bff64bbcbf6a253710bf0ea37b5d\"},\"headline\":\"El IPCC habla de \u201ccambios sin precedentes\u201d para limitar que la temperatura suba 1,5 grados\",\"datePublished\":\"2018-10-10T12:00:45+00:00\",\"mainEntityOfPage\":{\"@id\":\"https:\\\/\\\/patagoniambiental.com.ar\\\/info\\\/el-ipcc-habla-de-cambios-sin-precedentes-para-limitar-que-la-temperatura-suba-15-grados\\\/\"},\"wordCount\":552,\"commentCount\":0,\"publisher\":{\"@id\":\"https:\\\/\\\/patagoniambiental.com.ar\\\/info\\\/#organization\"},\"image\":{\"@id\":\"https:\\\/\\\/patagoniambiental.com.ar\\\/info\\\/el-ipcc-habla-de-cambios-sin-precedentes-para-limitar-que-la-temperatura-suba-15-grados\\\/#primaryimage\"},\"thumbnailUrl\":\"https:\\\/\\\/patagoniambiental.com.ar\\\/info\\\/wp-content\\\/uploads\\\/2018\\\/10\\\/expertos-cambo-climatico.jpg\",\"articleSection\":[\"Bolet\u00edn\",\"Internacionales\",\"Noticias\",\"Rotador\"],\"inLanguage\":\"es\",\"potentialAction\":[{\"@type\":\"CommentAction\",\"name\":\"Comment\",\"target\":[\"https:\\\/\\\/patagoniambiental.com.ar\\\/info\\\/el-ipcc-habla-de-cambios-sin-precedentes-para-limitar-que-la-temperatura-suba-15-grados\\\/#respond\"]}]},{\"@type\":\"WebPage\",\"@id\":\"https:\\\/\\\/patagoniambiental.com.ar\\\/info\\\/el-ipcc-habla-de-cambios-sin-precedentes-para-limitar-que-la-temperatura-suba-15-grados\\\/\",\"url\":\"https:\\\/\\\/patagoniambiental.com.ar\\\/info\\\/el-ipcc-habla-de-cambios-sin-precedentes-para-limitar-que-la-temperatura-suba-15-grados\\\/\",\"name\":\"El IPCC habla de \u201ccambios sin precedentes\u201d para limitar que la temperatura suba 1,5 grados\",\"isPartOf\":{\"@id\":\"https:\\\/\\\/patagoniambiental.com.ar\\\/info\\\/#website\"},\"primaryImageOfPage\":{\"@id\":\"https:\\\/\\\/patagoniambiental.com.ar\\\/info\\\/el-ipcc-habla-de-cambios-sin-precedentes-para-limitar-que-la-temperatura-suba-15-grados\\\/#primaryimage\"},\"image\":{\"@id\":\"https:\\\/\\\/patagoniambiental.com.ar\\\/info\\\/el-ipcc-habla-de-cambios-sin-precedentes-para-limitar-que-la-temperatura-suba-15-grados\\\/#primaryimage\"},\"thumbnailUrl\":\"https:\\\/\\\/patagoniambiental.com.ar\\\/info\\\/wp-content\\\/uploads\\\/2018\\\/10\\\/expertos-cambo-climatico.jpg\",\"datePublished\":\"2018-10-10T12:00:45+00:00\",\"breadcrumb\":{\"@id\":\"https:\\\/\\\/patagoniambiental.com.ar\\\/info\\\/el-ipcc-habla-de-cambios-sin-precedentes-para-limitar-que-la-temperatura-suba-15-grados\\\/#breadcrumb\"},\"inLanguage\":\"es\",\"potentialAction\":[{\"@type\":\"ReadAction\",\"target\":[\"https:\\\/\\\/patagoniambiental.com.ar\\\/info\\\/el-ipcc-habla-de-cambios-sin-precedentes-para-limitar-que-la-temperatura-suba-15-grados\\\/\"]}]},{\"@type\":\"ImageObject\",\"inLanguage\":\"es\",\"@id\":\"https:\\\/\\\/patagoniambiental.com.ar\\\/info\\\/el-ipcc-habla-de-cambios-sin-precedentes-para-limitar-que-la-temperatura-suba-15-grados\\\/#primaryimage\",\"url\":\"https:\\\/\\\/patagoniambiental.com.ar\\\/info\\\/wp-content\\\/uploads\\\/2018\\\/10\\\/expertos-cambo-climatico.jpg\",\"contentUrl\":\"https:\\\/\\\/patagoniambiental.com.ar\\\/info\\\/wp-content\\\/uploads\\\/2018\\\/10\\\/expertos-cambo-climatico.jpg\",\"width\":620,\"height\":310},{\"@type\":\"BreadcrumbList\",\"@id\":\"https:\\\/\\\/patagoniambiental.com.ar\\\/info\\\/el-ipcc-habla-de-cambios-sin-precedentes-para-limitar-que-la-temperatura-suba-15-grados\\\/#breadcrumb\",\"itemListElement\":[{\"@type\":\"ListItem\",\"position\":1,\"name\":\"Inicio\",\"item\":\"https:\\\/\\\/patagoniambiental.com.ar\\\/info\\\/\"},{\"@type\":\"ListItem\",\"position\":2,\"name\":\"El IPCC habla de \u201ccambios sin precedentes\u201d para limitar que la temperatura suba 1,5 grados\"}]},{\"@type\":\"WebSite\",\"@id\":\"https:\\\/\\\/patagoniambiental.com.ar\\\/info\\\/#website\",\"url\":\"https:\\\/\\\/patagoniambiental.com.ar\\\/info\\\/\",\"name\":\"Patagonia Ambiental\",\"description\":\"Monitoreo y an\u00e1lisis de la situaci\u00f3n geopol\u00edtica en el mundo y su implicancia en la Patagonia\",\"publisher\":{\"@id\":\"https:\\\/\\\/patagoniambiental.com.ar\\\/info\\\/#organization\"},\"potentialAction\":[{\"@type\":\"SearchAction\",\"target\":{\"@type\":\"EntryPoint\",\"urlTemplate\":\"https:\\\/\\\/patagoniambiental.com.ar\\\/info\\\/?s={search_term_string}\"},\"query-input\":{\"@type\":\"PropertyValueSpecification\",\"valueRequired\":true,\"valueName\":\"search_term_string\"}}],\"inLanguage\":\"es\"},{\"@type\":\"Organization\",\"@id\":\"https:\\\/\\\/patagoniambiental.com.ar\\\/info\\\/#organization\",\"name\":\"Patagonia Ambiental\",\"url\":\"https:\\\/\\\/patagoniambiental.com.ar\\\/info\\\/\",\"logo\":{\"@type\":\"ImageObject\",\"inLanguage\":\"es\",\"@id\":\"https:\\\/\\\/patagoniambiental.com.ar\\\/info\\\/#\\\/schema\\\/logo\\\/image\\\/\",\"url\":\"https:\\\/\\\/patagoniambiental.com.ar\\\/info\\\/wp-content\\\/uploads\\\/2025\\\/05\\\/LOGO-PATAGONIA-AMBIENTAL.png\",\"contentUrl\":\"https:\\\/\\\/patagoniambiental.com.ar\\\/info\\\/wp-content\\\/uploads\\\/2025\\\/05\\\/LOGO-PATAGONIA-AMBIENTAL.png\",\"width\":433,\"height\":250,\"caption\":\"Patagonia Ambiental\"},\"image\":{\"@id\":\"https:\\\/\\\/patagoniambiental.com.ar\\\/info\\\/#\\\/schema\\\/logo\\\/image\\\/\"},\"sameAs\":[\"https:\\\/\\\/www.facebook.com\\\/patagonia.ambiental\",\"https:\\\/\\\/x.com\\\/PatAmb\"]},{\"@type\":\"Person\",\"@id\":\"https:\\\/\\\/patagoniambiental.com.ar\\\/info\\\/#\\\/schema\\\/person\\\/db12bff64bbcbf6a253710bf0ea37b5d\",\"name\":\"Patagonia Ambiental\",\"description\":\"Andr\u00e9s Nievas T\u00e9cnico en manejo ambiental, consultor Ambiental y escritor para medios locales e internacionales sobre temas de geopolitica y medio ambiente.\",\"sameAs\":[\"http:\\\/\\\/www.patagoniambiental.com.ar\",\"https:\\\/\\\/www.facebook.com\\\/share\\\/1C1V8Gv9BX\\\/?mibextid=qi2Omg\",\"@patagoniambiental\",\"https:\\\/\\\/youtube.com\\\/@patagoniaambiental2023?si=BLt58t0wuXquxlYZ\"]}]}<\/script>\n<!-- \/ Yoast SEO Premium plugin. -->","yoast_head_json":{"title":"El IPCC habla de \u201ccambios sin precedentes\u201d para limitar que la temperatura suba 1,5 grados","robots":{"index":"index","follow":"follow","max-snippet":"max-snippet:-1","max-image-preview":"max-image-preview:large","max-video-preview":"max-video-preview:-1"},"canonical":"https:\/\/patagoniambiental.com.ar\/info\/el-ipcc-habla-de-cambios-sin-precedentes-para-limitar-que-la-temperatura-suba-15-grados\/","og_locale":"es_ES","og_type":"article","og_title":"El IPCC habla de \u201ccambios sin precedentes\u201d para limitar que la temperatura suba 1,5 grados","og_description":"Limitar la subida de temperaturas a 1,5 grados cent\u00edgrados requerir\u00eda \u00abcambios sin precedentes\u00bb a nivel social y global, alerta el [&hellip;]","og_url":"https:\/\/patagoniambiental.com.ar\/info\/el-ipcc-habla-de-cambios-sin-precedentes-para-limitar-que-la-temperatura-suba-15-grados\/","og_site_name":"Patagonia Ambiental","article_publisher":"https:\/\/www.facebook.com\/patagonia.ambiental","article_author":"https:\/\/www.facebook.com\/share\/1C1V8Gv9BX\/?mibextid=qi2Omg","article_published_time":"2018-10-10T12:00:45+00:00","og_image":[{"width":620,"height":310,"url":"https:\/\/patagoniambiental.com.ar\/info\/wp-content\/uploads\/2018\/10\/expertos-cambo-climatico.jpg","type":"image\/jpeg"}],"author":"Patagonia Ambiental","twitter_card":"summary_large_image","twitter_creator":"@PatAmb","twitter_site":"@PatAmb","schema":{"@context":"https:\/\/schema.org","@graph":[{"@type":"Article","@id":"https:\/\/patagoniambiental.com.ar\/info\/el-ipcc-habla-de-cambios-sin-precedentes-para-limitar-que-la-temperatura-suba-15-grados\/#article","isPartOf":{"@id":"https:\/\/patagoniambiental.com.ar\/info\/el-ipcc-habla-de-cambios-sin-precedentes-para-limitar-que-la-temperatura-suba-15-grados\/"},"author":{"name":"Patagonia Ambiental","@id":"https:\/\/patagoniambiental.com.ar\/info\/#\/schema\/person\/db12bff64bbcbf6a253710bf0ea37b5d"},"headline":"El IPCC habla de \u201ccambios sin precedentes\u201d para limitar que la temperatura suba 1,5 grados","datePublished":"2018-10-10T12:00:45+00:00","mainEntityOfPage":{"@id":"https:\/\/patagoniambiental.com.ar\/info\/el-ipcc-habla-de-cambios-sin-precedentes-para-limitar-que-la-temperatura-suba-15-grados\/"},"wordCount":552,"commentCount":0,"publisher":{"@id":"https:\/\/patagoniambiental.com.ar\/info\/#organization"},"image":{"@id":"https:\/\/patagoniambiental.com.ar\/info\/el-ipcc-habla-de-cambios-sin-precedentes-para-limitar-que-la-temperatura-suba-15-grados\/#primaryimage"},"thumbnailUrl":"https:\/\/patagoniambiental.com.ar\/info\/wp-content\/uploads\/2018\/10\/expertos-cambo-climatico.jpg","articleSection":["Bolet\u00edn","Internacionales","Noticias","Rotador"],"inLanguage":"es","potentialAction":[{"@type":"CommentAction","name":"Comment","target":["https:\/\/patagoniambiental.com.ar\/info\/el-ipcc-habla-de-cambios-sin-precedentes-para-limitar-que-la-temperatura-suba-15-grados\/#respond"]}]},{"@type":"WebPage","@id":"https:\/\/patagoniambiental.com.ar\/info\/el-ipcc-habla-de-cambios-sin-precedentes-para-limitar-que-la-temperatura-suba-15-grados\/","url":"https:\/\/patagoniambiental.com.ar\/info\/el-ipcc-habla-de-cambios-sin-precedentes-para-limitar-que-la-temperatura-suba-15-grados\/","name":"El IPCC habla de \u201ccambios sin precedentes\u201d para limitar que la temperatura suba 1,5 grados","isPartOf":{"@id":"https:\/\/patagoniambiental.com.ar\/info\/#website"},"primaryImageOfPage":{"@id":"https:\/\/patagoniambiental.com.ar\/info\/el-ipcc-habla-de-cambios-sin-precedentes-para-limitar-que-la-temperatura-suba-15-grados\/#primaryimage"},"image":{"@id":"https:\/\/patagoniambiental.com.ar\/info\/el-ipcc-habla-de-cambios-sin-precedentes-para-limitar-que-la-temperatura-suba-15-grados\/#primaryimage"},"thumbnailUrl":"https:\/\/patagoniambiental.com.ar\/info\/wp-content\/uploads\/2018\/10\/expertos-cambo-climatico.jpg","datePublished":"2018-10-10T12:00:45+00:00","breadcrumb":{"@id":"https:\/\/patagoniambiental.com.ar\/info\/el-ipcc-habla-de-cambios-sin-precedentes-para-limitar-que-la-temperatura-suba-15-grados\/#breadcrumb"},"inLanguage":"es","potentialAction":[{"@type":"ReadAction","target":["https:\/\/patagoniambiental.com.ar\/info\/el-ipcc-habla-de-cambios-sin-precedentes-para-limitar-que-la-temperatura-suba-15-grados\/"]}]},{"@type":"ImageObject","inLanguage":"es","@id":"https:\/\/patagoniambiental.com.ar\/info\/el-ipcc-habla-de-cambios-sin-precedentes-para-limitar-que-la-temperatura-suba-15-grados\/#primaryimage","url":"https:\/\/patagoniambiental.com.ar\/info\/wp-content\/uploads\/2018\/10\/expertos-cambo-climatico.jpg","contentUrl":"https:\/\/patagoniambiental.com.ar\/info\/wp-content\/uploads\/2018\/10\/expertos-cambo-climatico.jpg","width":620,"height":310},{"@type":"BreadcrumbList","@id":"https:\/\/patagoniambiental.com.ar\/info\/el-ipcc-habla-de-cambios-sin-precedentes-para-limitar-que-la-temperatura-suba-15-grados\/#breadcrumb","itemListElement":[{"@type":"ListItem","position":1,"name":"Inicio","item":"https:\/\/patagoniambiental.com.ar\/info\/"},{"@type":"ListItem","position":2,"name":"El IPCC habla de \u201ccambios sin precedentes\u201d para limitar que la temperatura suba 1,5 grados"}]},{"@type":"WebSite","@id":"https:\/\/patagoniambiental.com.ar\/info\/#website","url":"https:\/\/patagoniambiental.com.ar\/info\/","name":"Patagonia Ambiental","description":"Monitoreo y an\u00e1lisis de la situaci\u00f3n geopol\u00edtica en el mundo y su implicancia en la Patagonia","publisher":{"@id":"https:\/\/patagoniambiental.com.ar\/info\/#organization"},"potentialAction":[{"@type":"SearchAction","target":{"@type":"EntryPoint","urlTemplate":"https:\/\/patagoniambiental.com.ar\/info\/?s={search_term_string}"},"query-input":{"@type":"PropertyValueSpecification","valueRequired":true,"valueName":"search_term_string"}}],"inLanguage":"es"},{"@type":"Organization","@id":"https:\/\/patagoniambiental.com.ar\/info\/#organization","name":"Patagonia Ambiental","url":"https:\/\/patagoniambiental.com.ar\/info\/","logo":{"@type":"ImageObject","inLanguage":"es","@id":"https:\/\/patagoniambiental.com.ar\/info\/#\/schema\/logo\/image\/","url":"https:\/\/patagoniambiental.com.ar\/info\/wp-content\/uploads\/2025\/05\/LOGO-PATAGONIA-AMBIENTAL.png","contentUrl":"https:\/\/patagoniambiental.com.ar\/info\/wp-content\/uploads\/2025\/05\/LOGO-PATAGONIA-AMBIENTAL.png","width":433,"height":250,"caption":"Patagonia Ambiental"},"image":{"@id":"https:\/\/patagoniambiental.com.ar\/info\/#\/schema\/logo\/image\/"},"sameAs":["https:\/\/www.facebook.com\/patagonia.ambiental","https:\/\/x.com\/PatAmb"]},{"@type":"Person","@id":"https:\/\/patagoniambiental.com.ar\/info\/#\/schema\/person\/db12bff64bbcbf6a253710bf0ea37b5d","name":"Patagonia Ambiental","description":"Andr\u00e9s Nievas T\u00e9cnico en manejo ambiental, consultor Ambiental y escritor para medios locales e internacionales sobre temas de geopolitica y medio ambiente.","sameAs":["http:\/\/www.patagoniambiental.com.ar","https:\/\/www.facebook.com\/share\/1C1V8Gv9BX\/?mibextid=qi2Omg","@patagoniambiental","https:\/\/youtube.com\/@patagoniaambiental2023?si=BLt58t0wuXquxlYZ"]}]}},"_links":{"self":[{"href":"https:\/\/patagoniambiental.com.ar\/info\/wp-json\/wp\/v2\/posts\/54480","targetHints":{"allow":["GET"]}}],"collection":[{"href":"https:\/\/patagoniambiental.com.ar\/info\/wp-json\/wp\/v2\/posts"}],"about":[{"href":"https:\/\/patagoniambiental.com.ar\/info\/wp-json\/wp\/v2\/types\/post"}],"author":[{"embeddable":true,"href":"https:\/\/patagoniambiental.com.ar\/info\/wp-json\/wp\/v2\/users\/2"}],"replies":[{"embeddable":true,"href":"https:\/\/patagoniambiental.com.ar\/info\/wp-json\/wp\/v2\/comments?post=54480"}],"version-history":[{"count":0,"href":"https:\/\/patagoniambiental.com.ar\/info\/wp-json\/wp\/v2\/posts\/54480\/revisions"}],"wp:featuredmedia":[{"embeddable":true,"href":"https:\/\/patagoniambiental.com.ar\/info\/wp-json\/wp\/v2\/media\/54481"}],"wp:attachment":[{"href":"https:\/\/patagoniambiental.com.ar\/info\/wp-json\/wp\/v2\/media?parent=54480"}],"wp:term":[{"taxonomy":"category","embeddable":true,"href":"https:\/\/patagoniambiental.com.ar\/info\/wp-json\/wp\/v2\/categories?post=54480"},{"taxonomy":"post_tag","embeddable":true,"href":"https:\/\/patagoniambiental.com.ar\/info\/wp-json\/wp\/v2\/tags?post=54480"}],"curies":[{"name":"wp","href":"https:\/\/api.w.org\/{rel}","templated":true}]}}