{"id":54843,"date":"2018-10-16T09:00:49","date_gmt":"2018-10-16T12:00:49","guid":{"rendered":"http:\/\/patagoniambiental.com.ar\/info\/?p=54843"},"modified":"2018-10-16T08:35:21","modified_gmt":"2018-10-16T11:35:21","slug":"ypf-irrumpe-en-el-negocio-de-la-energia-eolica-y-avanza-con-inversiones-por-us2-000-millones-en-renovables","status":"publish","type":"post","link":"https:\/\/patagoniambiental.com.ar\/info\/ypf-irrumpe-en-el-negocio-de-la-energia-eolica-y-avanza-con-inversiones-por-us2-000-millones-en-renovables\/","title":{"rendered":"YPF irrumpe en el negocio de la energ\u00eda e\u00f3lica y avanza con inversiones por u$s2.000 millones en renovables"},"content":{"rendered":"<article class=\"desarrollonota\">\n<div class=\"textonota\">\n<p>Con la puesta en marcha del parque Manantiales Behr, en Chubut, YPF desembarca en la generaci\u00f3n de energ\u00eda e\u00f3lica en el marco de un proyecto comercial en el que lleva invertidos u$s200 millones.<\/p>\n<p>La petrolera estatal inaugura este emprendimiento ubicado en la ciudad de Comodoro Rivadavia el lunes 15 de octubre. De esta forma, da el primer paso en materia de energ\u00edas renovables y con la visita del presidente Mauricio Macri y otros miembros del gabinete nacional.<\/p>\n<p>El emprendimiento est\u00e1 incluido en el plan estrat\u00e9gico 2018-2022 de YPF Luz, ex YPF Energ\u00eda El\u00e9ctrica, subsidiaria de la petrolera estatal.\u00a0En este marco se plantean inversiones por u$s2.000 millones para la producci\u00f3n de electricidad limpia, adem\u00e1s de duplicar la potencia instalada de 1.300 MW a trav\u00e9s de proyectos de energ\u00edas renovables y t\u00e9rmicos.<\/p>\n<p>En esta empresa, YPF ya tiene como socio al grupo norteamericano General Electric (GE), propietario de un 25% del capital y que pag\u00f3 u$s300 millones para quedarse con ese porcentaje. Y por estas horas negocia sumar a un fondo inversor \u00e1rabe con una porci\u00f3n similar, lo que le permitir\u00e1 incrementar fondos frescos para financiar sus proyectos.<\/p>\n<p>Desde hace ya m\u00e1s de cinco a\u00f1os que esta firma pone foco en tener presencia en el sector de energ\u00edas renovables.\u00a0El objetivo es perfilarse como un gran generador energ\u00e9tico de matriz diversificada, con proyectos tangibles de renovables funcionando en el mercado el\u00e9ctrico nacional.<\/p>\n<p>El emprendimiento operar\u00e1 bajo el esquema de la Compa\u00f1\u00eda Administradora del Mercado El\u00e9ctrico (CAMMESA), que le asigna prioridad de despacho de energ\u00eda el\u00e9ctrica a proyectos de este tipo, que se destinan para la venta a grandes usuarios.<\/p>\n<h3>Viento a favor<\/h3>\n<p>Manantiales Bher es el proyecto de energ\u00edas renovables m\u00e1s importante de YPF, con una superficie total de 6.000 metros cuadrados, 30 aerogeneradores, una l\u00ednea de 132kV y dos subestaciones transformadoras.<\/p>\n<div class=\"tepuedeinteresar\"><\/div>\n<p>De acuerdo a informaci\u00f3n provista por la firma, esa energ\u00eda durante un a\u00f1o equivaldr\u00eda al ahorro de 47.500 m\u00b3 de gasoil o 80 hm\u00b3 de\u00a0<a href=\"https:\/\/www.iprofesional.com\/negocios\/279608-gobierno-ente-nacional-regulador-enargas-Pelea-por-el-gas-distribuidoras-arremeten-contra-el-Gobierno-y-reclaman-mayores-aumentos\" target=\"_blank\" rel=\"noopener\">gas<\/a>\u00a0natural, que se traducen en 241.600 toneladas menos de emisiones de CO2.<\/p>\n<p>En una primera etapa, el parque entregar\u00e1 50 MW de potencia, lo que permitir\u00e1 abastecer parte del consumo de la compa\u00f1\u00eda en sus yacimientos y refiner\u00edas. Luego, generar\u00e1 hasta 100 MW, un consumo similar al que hoy tiene Comodoro Rivadavia. La energ\u00eda generada por la planta e\u00f3lica de Mantantiales Behr representa el 16% de la demanda el\u00e9ctrica de YPF en el Mercado El\u00e9ctrico Mayorista.<\/p>\n<p>Seg\u00fan fuentes de la compa\u00f1\u00eda, el objetivo a mediano plazo es lograr que toda la demanda de electricidad de la petrolera provenga de fuentes renovables, \u201clo que significar\u00e1 un gran aporte para la sustentabilidad del pa\u00eds\u201d.<\/p>\n<p>Las turbinas de los molinos fueron desarrolladas por Vestas, el mayor fabricante de aerogeneradores del mundo y dar\u00e1n energ\u00eda a un yacimiento como el Manantiales Behr que se encuentra en una de las \u00e1reas de mayores vientos de la Argentina.<\/p>\n<div class=\"tepuedeinteresar\"><\/div>\n<h3>Acuerdos en marcha<\/h3>\n<p>En la actualidad, la filial de la petrolera para este tipo de energ\u00edas renovables ya cuenta con una inversi\u00f3n de u$s600 millones. Con esta base est\u00e1 construyendo, adem\u00e1s del parque e\u00f3lico, tres plantas de generaci\u00f3n t\u00e9rmica \u2013una en Tucum\u00e1n y dos en Loma Campana\u2013, proyectos en los cuales el a\u00f1o pasado ya hab\u00eda iniciado negocios con General Electric, empresa que hoy cuenta con el 25% de sus activos.<\/p>\n<p>Con la asignaci\u00f3n de prioridad de despacho en Manantiales, la firma se posicionar\u00eda mejor para futuros negocios. Es decir, podr\u00e1 salir a comercializar energ\u00eda renovable a largo plazo con empresas de diversos rubros. Seg\u00fan declaran desde la firma, su principal objetivo es abastecer con fuentes renovables la demanda total de energ\u00eda el\u00e9ctrica que utiliza.<\/p>\n<p>De hecho, cerr\u00f3 en agosto pasado su primer contrato con una empresa privada que le permite abastecer con energ\u00eda renovable a las dos plantas que Coca-Cola FEMSA Argentina tiene en el \u00c1rea Metropolitana de Buenos Aires. Es decir, los predios de Alcorta de Capital Federal y el de la localidad bonaerense de Monte Grande.<\/p>\n<p>Durante el mismo per\u00edodo, cerr\u00f3 un acuerdo con la automotriz japonesa Toyota para proveerle de la energ\u00eda necesaria para las operaciones de la empresa en el pa\u00eds. Al igual que el caso de Coca-Cola, la tensi\u00f3n provendr\u00e1 de Manantiales Behr y del Parque E\u00f3lico Los Teros, ubicado en la localidad de Azul, cuya inauguraci\u00f3n se espera a fines de 2019.<\/p>\n<p>El contrato de provisi\u00f3n de energ\u00eda renovable tendr\u00e1 una primera etapa en la que Toyota sustentar\u00e1 su producci\u00f3n con un 25% de energ\u00eda renovable. En una segunda, a partir de 2020, el 100% de las necesidades energ\u00e9ticas de la automotriz, equivalente a 76.000 MWh\/a\u00f1o, provendr\u00e1n de fuentes renovables.<\/p>\n<p>Adem\u00e1s YPF est\u00e1 construyendo otro parque en Ca\u00f1ad\u00f3n Le\u00f3n (Santa Cruz), que una vez finalizado proveer\u00e1 240 MW de energ\u00eda renovable a clientes industriales.<\/p>\n<\/div>\n<\/article>\n<div class=\"objetosmedio\">\n<div class=\"massobreseccion animationIn\">\n<div class=\"notaschicas box\">\n<div class=\"notachica\">\n<div class=\"tiemposhare\"><\/div>\n<\/div>\n<\/div>\n<div class=\"notamediana box\">Fuente:\u00a0https:\/\/www.iprofesional.com\/negocios\/279616-electricidad-industria-local-YPF-irrumpe-en-el-negocio-de-la-energia-eolica-y-avanza-con-inversiones-por-us2000-millones-en-renovables<\/div>\n<\/div>\n<\/div>\n","protected":false},"excerpt":{"rendered":"<p>Con la puesta en marcha del parque Manantiales Behr, en Chubut, YPF desembarca en la generaci\u00f3n de energ\u00eda e\u00f3lica en [&hellip;]<\/p>\n","protected":false},"author":2,"featured_media":54844,"comment_status":"open","ping_status":"open","sticky":false,"template":"","format":"standard","meta":{"site-sidebar-layout":"default","site-content-layout":"","ast-site-content-layout":"default","site-content-style":"default","site-sidebar-style":"default","ast-global-header-display":"","ast-banner-title-visibility":"","ast-main-header-display":"","ast-hfb-above-header-display":"","ast-hfb-below-header-display":"","ast-hfb-mobile-header-display":"","site-post-title":"","ast-breadcrumbs-content":"","ast-featured-img":"","footer-sml-layout":"","ast-disable-related-posts":"","theme-transparent-header-meta":"","adv-header-id-meta":"","stick-header-meta":"","header-above-stick-meta":"","header-main-stick-meta":"","header-below-stick-meta":"","astra-migrate-meta-layouts":"default","ast-page-background-enabled":"default","ast-page-background-meta":{"desktop":{"background-color":"var(--ast-global-color-5)","background-image":"","background-repeat":"repeat","background-position":"center center","background-size":"auto","background-attachment":"scroll","background-type":"","background-media":"","overlay-type":"","overlay-color":"","overlay-opacity":"","overlay-gradient":""},"tablet":{"background-color":"","background-image":"","background-repeat":"repeat","background-position":"center center","background-size":"auto","background-attachment":"scroll","background-type":"","background-media":"","overlay-type":"","overlay-color":"","overlay-opacity":"","overlay-gradient":""},"mobile":{"background-color":"","background-image":"","background-repeat":"repeat","background-position":"center center","background-size":"auto","background-attachment":"scroll","background-type":"","background-media":"","overlay-type":"","overlay-color":"","overlay-opacity":"","overlay-gradient":""}},"ast-content-background-meta":{"desktop":{"background-color":"var(--ast-global-color-4)","background-image":"","background-repeat":"repeat","background-position":"center center","background-size":"auto","background-attachment":"scroll","background-type":"","background-media":"","overlay-type":"","overlay-color":"","overlay-opacity":"","overlay-gradient":""},"tablet":{"background-color":"var(--ast-global-color-4)","background-image":"","background-repeat":"repeat","background-position":"center center","background-size":"auto","background-attachment":"scroll","background-type":"","background-media":"","overlay-type":"","overlay-color":"","overlay-opacity":"","overlay-gradient":""},"mobile":{"background-color":"var(--ast-global-color-4)","background-image":"","background-repeat":"repeat","background-position":"center center","background-size":"auto","background-attachment":"scroll","background-type":"","background-media":"","overlay-type":"","overlay-color":"","overlay-opacity":"","overlay-gradient":""}},"footnotes":""},"categories":[11,19,1,10],"tags":[],"class_list":["post-54843","post","type-post","status-publish","format-standard","has-post-thumbnail","hentry","category-boletin","category-nacionales","category-noticias","category-rotador"],"yoast_head":"<!-- This site is optimized with the Yoast SEO Premium plugin v23.0 (Yoast SEO v27.5) - https:\/\/yoast.com\/product\/yoast-seo-premium-wordpress\/ -->\n<title>YPF irrumpe en el negocio de la energ\u00eda e\u00f3lica y avanza con inversiones por u$s2.000 millones en renovables<\/title>\n<meta name=\"robots\" content=\"index, follow, max-snippet:-1, max-image-preview:large, max-video-preview:-1\" \/>\n<link rel=\"canonical\" href=\"https:\/\/patagoniambiental.com.ar\/info\/ypf-irrumpe-en-el-negocio-de-la-energia-eolica-y-avanza-con-inversiones-por-us2-000-millones-en-renovables\/\" \/>\n<meta property=\"og:locale\" content=\"es_ES\" \/>\n<meta property=\"og:type\" content=\"article\" \/>\n<meta property=\"og:title\" content=\"YPF irrumpe en el negocio de la energ\u00eda e\u00f3lica y avanza con inversiones por u$s2.000 millones en renovables\" \/>\n<meta property=\"og:description\" content=\"Con la puesta en marcha del parque Manantiales Behr, en Chubut, YPF desembarca en la generaci\u00f3n de energ\u00eda e\u00f3lica en [&hellip;]\" \/>\n<meta property=\"og:url\" content=\"https:\/\/patagoniambiental.com.ar\/info\/ypf-irrumpe-en-el-negocio-de-la-energia-eolica-y-avanza-con-inversiones-por-us2-000-millones-en-renovables\/\" \/>\n<meta property=\"og:site_name\" content=\"Patagonia Ambiental\" \/>\n<meta property=\"article:publisher\" content=\"https:\/\/www.facebook.com\/patagonia.ambiental\" \/>\n<meta property=\"article:author\" content=\"https:\/\/www.facebook.com\/share\/1C1V8Gv9BX\/?mibextid=qi2Omg\" \/>\n<meta property=\"article:published_time\" content=\"2018-10-16T12:00:49+00:00\" \/>\n<meta property=\"og:image\" content=\"https:\/\/patagoniambiental.com.ar\/info\/wp-content\/uploads\/2018\/10\/ypf-molino1.jpg\" \/>\n\t<meta property=\"og:image:width\" content=\"640\" \/>\n\t<meta property=\"og:image:height\" content=\"360\" \/>\n\t<meta property=\"og:image:type\" content=\"image\/jpeg\" \/>\n<meta name=\"author\" content=\"Patagonia Ambiental\" \/>\n<meta name=\"twitter:card\" content=\"summary_large_image\" \/>\n<meta name=\"twitter:creator\" content=\"@PatAmb\" \/>\n<meta name=\"twitter:site\" content=\"@PatAmb\" \/>\n<script type=\"application\/ld+json\" class=\"yoast-schema-graph\">{\"@context\":\"https:\\\/\\\/schema.org\",\"@graph\":[{\"@type\":\"Article\",\"@id\":\"https:\\\/\\\/patagoniambiental.com.ar\\\/info\\\/ypf-irrumpe-en-el-negocio-de-la-energia-eolica-y-avanza-con-inversiones-por-us2-000-millones-en-renovables\\\/#article\",\"isPartOf\":{\"@id\":\"https:\\\/\\\/patagoniambiental.com.ar\\\/info\\\/ypf-irrumpe-en-el-negocio-de-la-energia-eolica-y-avanza-con-inversiones-por-us2-000-millones-en-renovables\\\/\"},\"author\":{\"name\":\"Patagonia Ambiental\",\"@id\":\"https:\\\/\\\/patagoniambiental.com.ar\\\/info\\\/#\\\/schema\\\/person\\\/db12bff64bbcbf6a253710bf0ea37b5d\"},\"headline\":\"YPF irrumpe en el negocio de la energ\u00eda e\u00f3lica y avanza con inversiones por u$s2.000 millones en renovables\",\"datePublished\":\"2018-10-16T12:00:49+00:00\",\"mainEntityOfPage\":{\"@id\":\"https:\\\/\\\/patagoniambiental.com.ar\\\/info\\\/ypf-irrumpe-en-el-negocio-de-la-energia-eolica-y-avanza-con-inversiones-por-us2-000-millones-en-renovables\\\/\"},\"wordCount\":880,\"commentCount\":0,\"publisher\":{\"@id\":\"https:\\\/\\\/patagoniambiental.com.ar\\\/info\\\/#organization\"},\"image\":{\"@id\":\"https:\\\/\\\/patagoniambiental.com.ar\\\/info\\\/ypf-irrumpe-en-el-negocio-de-la-energia-eolica-y-avanza-con-inversiones-por-us2-000-millones-en-renovables\\\/#primaryimage\"},\"thumbnailUrl\":\"https:\\\/\\\/patagoniambiental.com.ar\\\/info\\\/wp-content\\\/uploads\\\/2018\\\/10\\\/ypf-molino1.jpg\",\"articleSection\":[\"Bolet\u00edn\",\"Nacionales\",\"Noticias\",\"Rotador\"],\"inLanguage\":\"es\",\"potentialAction\":[{\"@type\":\"CommentAction\",\"name\":\"Comment\",\"target\":[\"https:\\\/\\\/patagoniambiental.com.ar\\\/info\\\/ypf-irrumpe-en-el-negocio-de-la-energia-eolica-y-avanza-con-inversiones-por-us2-000-millones-en-renovables\\\/#respond\"]}]},{\"@type\":\"WebPage\",\"@id\":\"https:\\\/\\\/patagoniambiental.com.ar\\\/info\\\/ypf-irrumpe-en-el-negocio-de-la-energia-eolica-y-avanza-con-inversiones-por-us2-000-millones-en-renovables\\\/\",\"url\":\"https:\\\/\\\/patagoniambiental.com.ar\\\/info\\\/ypf-irrumpe-en-el-negocio-de-la-energia-eolica-y-avanza-con-inversiones-por-us2-000-millones-en-renovables\\\/\",\"name\":\"YPF irrumpe en el negocio de la energ\u00eda e\u00f3lica y avanza con inversiones por u$s2.000 millones en renovables\",\"isPartOf\":{\"@id\":\"https:\\\/\\\/patagoniambiental.com.ar\\\/info\\\/#website\"},\"primaryImageOfPage\":{\"@id\":\"https:\\\/\\\/patagoniambiental.com.ar\\\/info\\\/ypf-irrumpe-en-el-negocio-de-la-energia-eolica-y-avanza-con-inversiones-por-us2-000-millones-en-renovables\\\/#primaryimage\"},\"image\":{\"@id\":\"https:\\\/\\\/patagoniambiental.com.ar\\\/info\\\/ypf-irrumpe-en-el-negocio-de-la-energia-eolica-y-avanza-con-inversiones-por-us2-000-millones-en-renovables\\\/#primaryimage\"},\"thumbnailUrl\":\"https:\\\/\\\/patagoniambiental.com.ar\\\/info\\\/wp-content\\\/uploads\\\/2018\\\/10\\\/ypf-molino1.jpg\",\"datePublished\":\"2018-10-16T12:00:49+00:00\",\"breadcrumb\":{\"@id\":\"https:\\\/\\\/patagoniambiental.com.ar\\\/info\\\/ypf-irrumpe-en-el-negocio-de-la-energia-eolica-y-avanza-con-inversiones-por-us2-000-millones-en-renovables\\\/#breadcrumb\"},\"inLanguage\":\"es\",\"potentialAction\":[{\"@type\":\"ReadAction\",\"target\":[\"https:\\\/\\\/patagoniambiental.com.ar\\\/info\\\/ypf-irrumpe-en-el-negocio-de-la-energia-eolica-y-avanza-con-inversiones-por-us2-000-millones-en-renovables\\\/\"]}]},{\"@type\":\"ImageObject\",\"inLanguage\":\"es\",\"@id\":\"https:\\\/\\\/patagoniambiental.com.ar\\\/info\\\/ypf-irrumpe-en-el-negocio-de-la-energia-eolica-y-avanza-con-inversiones-por-us2-000-millones-en-renovables\\\/#primaryimage\",\"url\":\"https:\\\/\\\/patagoniambiental.com.ar\\\/info\\\/wp-content\\\/uploads\\\/2018\\\/10\\\/ypf-molino1.jpg\",\"contentUrl\":\"https:\\\/\\\/patagoniambiental.com.ar\\\/info\\\/wp-content\\\/uploads\\\/2018\\\/10\\\/ypf-molino1.jpg\",\"width\":640,\"height\":360},{\"@type\":\"BreadcrumbList\",\"@id\":\"https:\\\/\\\/patagoniambiental.com.ar\\\/info\\\/ypf-irrumpe-en-el-negocio-de-la-energia-eolica-y-avanza-con-inversiones-por-us2-000-millones-en-renovables\\\/#breadcrumb\",\"itemListElement\":[{\"@type\":\"ListItem\",\"position\":1,\"name\":\"Inicio\",\"item\":\"https:\\\/\\\/patagoniambiental.com.ar\\\/info\\\/\"},{\"@type\":\"ListItem\",\"position\":2,\"name\":\"YPF irrumpe en el negocio de la energ\u00eda e\u00f3lica y avanza con inversiones por u$s2.000 millones en renovables\"}]},{\"@type\":\"WebSite\",\"@id\":\"https:\\\/\\\/patagoniambiental.com.ar\\\/info\\\/#website\",\"url\":\"https:\\\/\\\/patagoniambiental.com.ar\\\/info\\\/\",\"name\":\"Patagonia Ambiental\",\"description\":\"Monitoreo y an\u00e1lisis de la situaci\u00f3n geopol\u00edtica en el mundo y su implicancia en la Patagonia\",\"publisher\":{\"@id\":\"https:\\\/\\\/patagoniambiental.com.ar\\\/info\\\/#organization\"},\"potentialAction\":[{\"@type\":\"SearchAction\",\"target\":{\"@type\":\"EntryPoint\",\"urlTemplate\":\"https:\\\/\\\/patagoniambiental.com.ar\\\/info\\\/?s={search_term_string}\"},\"query-input\":{\"@type\":\"PropertyValueSpecification\",\"valueRequired\":true,\"valueName\":\"search_term_string\"}}],\"inLanguage\":\"es\"},{\"@type\":\"Organization\",\"@id\":\"https:\\\/\\\/patagoniambiental.com.ar\\\/info\\\/#organization\",\"name\":\"Patagonia Ambiental\",\"url\":\"https:\\\/\\\/patagoniambiental.com.ar\\\/info\\\/\",\"logo\":{\"@type\":\"ImageObject\",\"inLanguage\":\"es\",\"@id\":\"https:\\\/\\\/patagoniambiental.com.ar\\\/info\\\/#\\\/schema\\\/logo\\\/image\\\/\",\"url\":\"https:\\\/\\\/patagoniambiental.com.ar\\\/info\\\/wp-content\\\/uploads\\\/2025\\\/05\\\/LOGO-PATAGONIA-AMBIENTAL.png\",\"contentUrl\":\"https:\\\/\\\/patagoniambiental.com.ar\\\/info\\\/wp-content\\\/uploads\\\/2025\\\/05\\\/LOGO-PATAGONIA-AMBIENTAL.png\",\"width\":433,\"height\":250,\"caption\":\"Patagonia Ambiental\"},\"image\":{\"@id\":\"https:\\\/\\\/patagoniambiental.com.ar\\\/info\\\/#\\\/schema\\\/logo\\\/image\\\/\"},\"sameAs\":[\"https:\\\/\\\/www.facebook.com\\\/patagonia.ambiental\",\"https:\\\/\\\/x.com\\\/PatAmb\"]},{\"@type\":\"Person\",\"@id\":\"https:\\\/\\\/patagoniambiental.com.ar\\\/info\\\/#\\\/schema\\\/person\\\/db12bff64bbcbf6a253710bf0ea37b5d\",\"name\":\"Patagonia Ambiental\",\"description\":\"Andr\u00e9s Nievas T\u00e9cnico en manejo ambiental, consultor Ambiental y escritor para medios locales e internacionales sobre temas de geopolitica y medio ambiente.\",\"sameAs\":[\"http:\\\/\\\/www.patagoniambiental.com.ar\",\"https:\\\/\\\/www.facebook.com\\\/share\\\/1C1V8Gv9BX\\\/?mibextid=qi2Omg\",\"@patagoniambiental\",\"https:\\\/\\\/youtube.com\\\/@patagoniaambiental2023?si=BLt58t0wuXquxlYZ\"]}]}<\/script>\n<!-- \/ Yoast SEO Premium plugin. -->","yoast_head_json":{"title":"YPF irrumpe en el negocio de la energ\u00eda e\u00f3lica y avanza con inversiones por u$s2.000 millones en renovables","robots":{"index":"index","follow":"follow","max-snippet":"max-snippet:-1","max-image-preview":"max-image-preview:large","max-video-preview":"max-video-preview:-1"},"canonical":"https:\/\/patagoniambiental.com.ar\/info\/ypf-irrumpe-en-el-negocio-de-la-energia-eolica-y-avanza-con-inversiones-por-us2-000-millones-en-renovables\/","og_locale":"es_ES","og_type":"article","og_title":"YPF irrumpe en el negocio de la energ\u00eda e\u00f3lica y avanza con inversiones por u$s2.000 millones en renovables","og_description":"Con la puesta en marcha del parque Manantiales Behr, en Chubut, YPF desembarca en la generaci\u00f3n de energ\u00eda e\u00f3lica en [&hellip;]","og_url":"https:\/\/patagoniambiental.com.ar\/info\/ypf-irrumpe-en-el-negocio-de-la-energia-eolica-y-avanza-con-inversiones-por-us2-000-millones-en-renovables\/","og_site_name":"Patagonia Ambiental","article_publisher":"https:\/\/www.facebook.com\/patagonia.ambiental","article_author":"https:\/\/www.facebook.com\/share\/1C1V8Gv9BX\/?mibextid=qi2Omg","article_published_time":"2018-10-16T12:00:49+00:00","og_image":[{"width":640,"height":360,"url":"https:\/\/patagoniambiental.com.ar\/info\/wp-content\/uploads\/2018\/10\/ypf-molino1.jpg","type":"image\/jpeg"}],"author":"Patagonia Ambiental","twitter_card":"summary_large_image","twitter_creator":"@PatAmb","twitter_site":"@PatAmb","schema":{"@context":"https:\/\/schema.org","@graph":[{"@type":"Article","@id":"https:\/\/patagoniambiental.com.ar\/info\/ypf-irrumpe-en-el-negocio-de-la-energia-eolica-y-avanza-con-inversiones-por-us2-000-millones-en-renovables\/#article","isPartOf":{"@id":"https:\/\/patagoniambiental.com.ar\/info\/ypf-irrumpe-en-el-negocio-de-la-energia-eolica-y-avanza-con-inversiones-por-us2-000-millones-en-renovables\/"},"author":{"name":"Patagonia Ambiental","@id":"https:\/\/patagoniambiental.com.ar\/info\/#\/schema\/person\/db12bff64bbcbf6a253710bf0ea37b5d"},"headline":"YPF irrumpe en el negocio de la energ\u00eda e\u00f3lica y avanza con inversiones por u$s2.000 millones en renovables","datePublished":"2018-10-16T12:00:49+00:00","mainEntityOfPage":{"@id":"https:\/\/patagoniambiental.com.ar\/info\/ypf-irrumpe-en-el-negocio-de-la-energia-eolica-y-avanza-con-inversiones-por-us2-000-millones-en-renovables\/"},"wordCount":880,"commentCount":0,"publisher":{"@id":"https:\/\/patagoniambiental.com.ar\/info\/#organization"},"image":{"@id":"https:\/\/patagoniambiental.com.ar\/info\/ypf-irrumpe-en-el-negocio-de-la-energia-eolica-y-avanza-con-inversiones-por-us2-000-millones-en-renovables\/#primaryimage"},"thumbnailUrl":"https:\/\/patagoniambiental.com.ar\/info\/wp-content\/uploads\/2018\/10\/ypf-molino1.jpg","articleSection":["Bolet\u00edn","Nacionales","Noticias","Rotador"],"inLanguage":"es","potentialAction":[{"@type":"CommentAction","name":"Comment","target":["https:\/\/patagoniambiental.com.ar\/info\/ypf-irrumpe-en-el-negocio-de-la-energia-eolica-y-avanza-con-inversiones-por-us2-000-millones-en-renovables\/#respond"]}]},{"@type":"WebPage","@id":"https:\/\/patagoniambiental.com.ar\/info\/ypf-irrumpe-en-el-negocio-de-la-energia-eolica-y-avanza-con-inversiones-por-us2-000-millones-en-renovables\/","url":"https:\/\/patagoniambiental.com.ar\/info\/ypf-irrumpe-en-el-negocio-de-la-energia-eolica-y-avanza-con-inversiones-por-us2-000-millones-en-renovables\/","name":"YPF irrumpe en el negocio de la energ\u00eda e\u00f3lica y avanza con inversiones por u$s2.000 millones en renovables","isPartOf":{"@id":"https:\/\/patagoniambiental.com.ar\/info\/#website"},"primaryImageOfPage":{"@id":"https:\/\/patagoniambiental.com.ar\/info\/ypf-irrumpe-en-el-negocio-de-la-energia-eolica-y-avanza-con-inversiones-por-us2-000-millones-en-renovables\/#primaryimage"},"image":{"@id":"https:\/\/patagoniambiental.com.ar\/info\/ypf-irrumpe-en-el-negocio-de-la-energia-eolica-y-avanza-con-inversiones-por-us2-000-millones-en-renovables\/#primaryimage"},"thumbnailUrl":"https:\/\/patagoniambiental.com.ar\/info\/wp-content\/uploads\/2018\/10\/ypf-molino1.jpg","datePublished":"2018-10-16T12:00:49+00:00","breadcrumb":{"@id":"https:\/\/patagoniambiental.com.ar\/info\/ypf-irrumpe-en-el-negocio-de-la-energia-eolica-y-avanza-con-inversiones-por-us2-000-millones-en-renovables\/#breadcrumb"},"inLanguage":"es","potentialAction":[{"@type":"ReadAction","target":["https:\/\/patagoniambiental.com.ar\/info\/ypf-irrumpe-en-el-negocio-de-la-energia-eolica-y-avanza-con-inversiones-por-us2-000-millones-en-renovables\/"]}]},{"@type":"ImageObject","inLanguage":"es","@id":"https:\/\/patagoniambiental.com.ar\/info\/ypf-irrumpe-en-el-negocio-de-la-energia-eolica-y-avanza-con-inversiones-por-us2-000-millones-en-renovables\/#primaryimage","url":"https:\/\/patagoniambiental.com.ar\/info\/wp-content\/uploads\/2018\/10\/ypf-molino1.jpg","contentUrl":"https:\/\/patagoniambiental.com.ar\/info\/wp-content\/uploads\/2018\/10\/ypf-molino1.jpg","width":640,"height":360},{"@type":"BreadcrumbList","@id":"https:\/\/patagoniambiental.com.ar\/info\/ypf-irrumpe-en-el-negocio-de-la-energia-eolica-y-avanza-con-inversiones-por-us2-000-millones-en-renovables\/#breadcrumb","itemListElement":[{"@type":"ListItem","position":1,"name":"Inicio","item":"https:\/\/patagoniambiental.com.ar\/info\/"},{"@type":"ListItem","position":2,"name":"YPF irrumpe en el negocio de la energ\u00eda e\u00f3lica y avanza con inversiones por u$s2.000 millones en renovables"}]},{"@type":"WebSite","@id":"https:\/\/patagoniambiental.com.ar\/info\/#website","url":"https:\/\/patagoniambiental.com.ar\/info\/","name":"Patagonia Ambiental","description":"Monitoreo y an\u00e1lisis de la situaci\u00f3n geopol\u00edtica en el mundo y su implicancia en la Patagonia","publisher":{"@id":"https:\/\/patagoniambiental.com.ar\/info\/#organization"},"potentialAction":[{"@type":"SearchAction","target":{"@type":"EntryPoint","urlTemplate":"https:\/\/patagoniambiental.com.ar\/info\/?s={search_term_string}"},"query-input":{"@type":"PropertyValueSpecification","valueRequired":true,"valueName":"search_term_string"}}],"inLanguage":"es"},{"@type":"Organization","@id":"https:\/\/patagoniambiental.com.ar\/info\/#organization","name":"Patagonia Ambiental","url":"https:\/\/patagoniambiental.com.ar\/info\/","logo":{"@type":"ImageObject","inLanguage":"es","@id":"https:\/\/patagoniambiental.com.ar\/info\/#\/schema\/logo\/image\/","url":"https:\/\/patagoniambiental.com.ar\/info\/wp-content\/uploads\/2025\/05\/LOGO-PATAGONIA-AMBIENTAL.png","contentUrl":"https:\/\/patagoniambiental.com.ar\/info\/wp-content\/uploads\/2025\/05\/LOGO-PATAGONIA-AMBIENTAL.png","width":433,"height":250,"caption":"Patagonia Ambiental"},"image":{"@id":"https:\/\/patagoniambiental.com.ar\/info\/#\/schema\/logo\/image\/"},"sameAs":["https:\/\/www.facebook.com\/patagonia.ambiental","https:\/\/x.com\/PatAmb"]},{"@type":"Person","@id":"https:\/\/patagoniambiental.com.ar\/info\/#\/schema\/person\/db12bff64bbcbf6a253710bf0ea37b5d","name":"Patagonia Ambiental","description":"Andr\u00e9s Nievas T\u00e9cnico en manejo ambiental, consultor Ambiental y escritor para medios locales e internacionales sobre temas de geopolitica y medio ambiente.","sameAs":["http:\/\/www.patagoniambiental.com.ar","https:\/\/www.facebook.com\/share\/1C1V8Gv9BX\/?mibextid=qi2Omg","@patagoniambiental","https:\/\/youtube.com\/@patagoniaambiental2023?si=BLt58t0wuXquxlYZ"]}]}},"_links":{"self":[{"href":"https:\/\/patagoniambiental.com.ar\/info\/wp-json\/wp\/v2\/posts\/54843","targetHints":{"allow":["GET"]}}],"collection":[{"href":"https:\/\/patagoniambiental.com.ar\/info\/wp-json\/wp\/v2\/posts"}],"about":[{"href":"https:\/\/patagoniambiental.com.ar\/info\/wp-json\/wp\/v2\/types\/post"}],"author":[{"embeddable":true,"href":"https:\/\/patagoniambiental.com.ar\/info\/wp-json\/wp\/v2\/users\/2"}],"replies":[{"embeddable":true,"href":"https:\/\/patagoniambiental.com.ar\/info\/wp-json\/wp\/v2\/comments?post=54843"}],"version-history":[{"count":0,"href":"https:\/\/patagoniambiental.com.ar\/info\/wp-json\/wp\/v2\/posts\/54843\/revisions"}],"wp:featuredmedia":[{"embeddable":true,"href":"https:\/\/patagoniambiental.com.ar\/info\/wp-json\/wp\/v2\/media\/54844"}],"wp:attachment":[{"href":"https:\/\/patagoniambiental.com.ar\/info\/wp-json\/wp\/v2\/media?parent=54843"}],"wp:term":[{"taxonomy":"category","embeddable":true,"href":"https:\/\/patagoniambiental.com.ar\/info\/wp-json\/wp\/v2\/categories?post=54843"},{"taxonomy":"post_tag","embeddable":true,"href":"https:\/\/patagoniambiental.com.ar\/info\/wp-json\/wp\/v2\/tags?post=54843"}],"curies":[{"name":"wp","href":"https:\/\/api.w.org\/{rel}","templated":true}]}}